{"id":65622,"date":"2024-04-11T07:00:00","date_gmt":"2024-04-11T10:00:00","guid":{"rendered":"https:\/\/jornalrol.com.br\/?p=65622"},"modified":"2024-04-10T22:35:11","modified_gmt":"2024-04-11T01:35:11","slug":"jornal-cultural-rol-30-anos","status":"publish","type":"post","link":"https:\/\/jornalrol.com.br\/?p=65622","title":{"rendered":"Jornal Cultural ROL 30 anos"},"content":{"rendered":"<div class=\"pdfprnt-buttons pdfprnt-buttons-post pdfprnt-top-right\"><a href=\"https:\/\/jornalrol.com.br\/index.php?rest_route=%2Fwp%2Fv2%2Fposts%2F65622&print=pdf\" class=\"pdfprnt-button pdfprnt-button-pdf\" target=\"_blank\" ><\/a><a href=\"https:\/\/jornalrol.com.br\/index.php?rest_route=%2Fwp%2Fv2%2Fposts%2F65622&print=print\" class=\"pdfprnt-button pdfprnt-button-print\" target=\"_blank\" ><img decoding=\"async\" src=\"https:\/\/jornalrol.com.br\/wp-content\/plugins\/pdf-print\/images\/print.png\" alt=\"image_print\" title=\"Conte\u00fado de impress\u00e3o\" \/><\/a><\/div>\n<h2 class=\"wp-block-heading has-text-align-center\">Evani Rocha: &#8216;Jornal Cultural ROL 30 anos&#8217;<br><br><\/h2>\n\n\n<div class=\"wp-block-image\">\n<figure class=\"aligncenter size-full is-resized\"><img loading=\"lazy\" decoding=\"async\" width=\"1599\" height=\"1599\" data-attachment-id=\"65623\" data-permalink=\"https:\/\/jornalrol.com.br\/?attachment_id=65623\" data-orig-file=\"https:\/\/jornalrol.com.br\/wp-content\/uploads\/2024\/04\/4a5c3150-2246-4a23-8a73-b76285399445.jpg\" data-orig-size=\"1599,1599\" data-comments-opened=\"1\" data-image-meta=\"{&quot;aperture&quot;:&quot;0&quot;,&quot;credit&quot;:&quot;&quot;,&quot;camera&quot;:&quot;&quot;,&quot;caption&quot;:&quot;&quot;,&quot;created_timestamp&quot;:&quot;0&quot;,&quot;copyright&quot;:&quot;&quot;,&quot;focal_length&quot;:&quot;0&quot;,&quot;iso&quot;:&quot;0&quot;,&quot;shutter_speed&quot;:&quot;0&quot;,&quot;title&quot;:&quot;&quot;,&quot;orientation&quot;:&quot;0&quot;}\" data-image-title=\"4a5c3150-2246-4a23-8a73-b76285399445\" data-image-description=\"\" data-image-caption=\"\" data-large-file=\"https:\/\/jornalrol.com.br\/wp-content\/uploads\/2024\/04\/4a5c3150-2246-4a23-8a73-b76285399445.jpg\" src=\"https:\/\/jornalrol.com.br\/wp-content\/uploads\/2024\/04\/4a5c3150-2246-4a23-8a73-b76285399445.jpg\" alt=\"\" class=\"wp-image-65623\" style=\"width:296px;height:auto\" srcset=\"https:\/\/jornalrol.com.br\/wp-content\/uploads\/2024\/04\/4a5c3150-2246-4a23-8a73-b76285399445.jpg 1599w, https:\/\/jornalrol.com.br\/wp-content\/uploads\/2024\/04\/4a5c3150-2246-4a23-8a73-b76285399445-1200x1200.jpg 1200w, https:\/\/jornalrol.com.br\/wp-content\/uploads\/2024\/04\/4a5c3150-2246-4a23-8a73-b76285399445-600x600.jpg 600w, https:\/\/jornalrol.com.br\/wp-content\/uploads\/2024\/04\/4a5c3150-2246-4a23-8a73-b76285399445-768x768.jpg 768w, https:\/\/jornalrol.com.br\/wp-content\/uploads\/2024\/04\/4a5c3150-2246-4a23-8a73-b76285399445-1536x1536.jpg 1536w\" sizes=\"auto, (max-width: 1599px) 100vw, 1599px\" \/><figcaption class=\"wp-element-caption\"><em>Card Comemorativo dos 30 anos do Jornal ROL<\/em><br>Evani Rocha<\/figcaption><\/figure>\n<\/div>\n\n\n<p class=\"has-text-align-center\">Numa ciranda de letras<\/p>\n\n\n\n<p class=\"has-text-align-center\">E um tanto bom de amor<\/p>\n\n\n\n<p class=\"has-text-align-center\">Faz-se das palavras sonhos<\/p>\n\n\n\n<p class=\"has-text-align-center\">E dos sonhos, sonhadores.<\/p>\n\n\n\n<p class=\"has-text-align-center\">Poetas, artistas e escritores,<\/p>\n\n\n\n<p class=\"has-text-align-center\">de perto ou de longe,<\/p>\n\n\n\n<p class=\"has-text-align-center\">do outro lado do oceano<\/p>\n\n\n\n<p class=\"has-text-align-center\">N\u00e3o h\u00e1 barreiras f\u00edsicas<\/p>\n\n\n\n<p class=\"has-text-align-center\">Que quebram a uni\u00e3o da fam\u00edlia!<\/p>\n\n\n\n<p class=\"has-text-align-center\">\u00c9 uma voz que ecoa ao vento ou num simples toque digital.<\/p>\n\n\n\n<p class=\"has-text-align-center\">Est\u00e1 aqui, \u00e0 dist\u00e2ncia de um olhar,<\/p>\n\n\n\n<p class=\"has-text-align-center\">de um sorriso largo\u2026<\/p>\n\n\n\n<p class=\"has-text-align-center\">E os colaboradores v\u00e3o se agregando<\/p>\n\n\n\n<p class=\"has-text-align-center\">nessa corrente do bem.<\/p>\n\n\n\n<p class=\"has-text-align-center\">O tempo foi o solo f\u00e9rtil, o conte\u00fado, as sementes.<\/p>\n\n\n\n<p class=\"has-text-align-center\">hoje o p\u00fablico s\u00e3o as flores e os frutos<\/p>\n\n\n\n<p class=\"has-text-align-center\">dessa colheita preciosa,<\/p>\n\n\n\n<p class=\"has-text-align-center\">que tem nome e sobrenome:<\/p>\n\n\n\n<p class=\"has-text-align-center\">Jornal Cultural ROL!<\/p>\n\n\n\n<p class=\"has-text-align-center\"><strong>Evani Rocha<\/strong><\/p>\n\n\n\n<h2 class=\"wp-block-heading has-text-align-center\">Contatos com a autora<\/h2>\n\n\n\n<div class=\"wp-block-columns is-layout-flex wp-container-core-columns-is-layout-9d6595d7 wp-block-columns-is-layout-flex\">\n<div class=\"wp-block-column is-layout-flow wp-block-column-is-layout-flow\">\n<h4 class=\"wp-block-heading has-text-align-center has-blush-light-purple-gradient-background has-background\"><a href=\"https:\/\/www.facebook.com\/evani.rocha.58\" target=\"_blank\" rel=\"noopener\" title=\"Facebook\">Facebook<\/a><\/h4>\n<\/div>\n\n\n\n<div class=\"wp-block-column is-layout-flow wp-block-column-is-layout-flow\">\n<h4 class=\"wp-block-heading has-text-align-center has-blush-light-purple-gradient-background has-background\"><a href=\"https:\/\/www.instagram.com\/@evani_rocha\" title=\"Instagram\">Instagram<\/a><\/h4>\n<\/div>\n<\/div>\n\n\n\n<p><a href=\"Voltar:\">Voltar:<\/a> <\/p>\n\n\n\n<p> <a href=\"https:\/\/www.facebook.com\/JCulturalRol\/\" title=\"\">https:\/\/www.facebook.com\/JCulturalRol\/<\/a><\/p>\n","protected":false},"excerpt":{"rendered":"<p>Numa ciranda de letras e um tanto bom de amor, faz-se das palavras sonhos e dos sonhos, sonhadores. Poetas, artistas e escritores, de perto ou de longe, do&#8230;<\/p>\n","protected":false},"author":94,"featured_media":65623,"comment_status":"open","ping_status":"closed","sticky":false,"template":"","format":"standard","meta":{"_jetpack_newsletter_access":"","_jetpack_dont_email_post_to_subs":false,"_jetpack_newsletter_tier_id":0,"_jetpack_memberships_contains_paywalled_content":false,"_jetpack_memberships_contains_paid_content":false,"footnotes":""},"categories":[9285,58],"tags":[11687,3399,4849,10945,8700],"class_list":["post-65622","post","type-post","status-publish","format-standard","has-post-thumbnail","hentry","category-literatura","category-poesias","tag-ciranda","tag-escritores","tag-jornal-cultural-rol","tag-oceano","tag-vento"],"aioseo_notices":[],"views":474,"jetpack_featured_media_url":"https:\/\/jornalrol.com.br\/wp-content\/uploads\/2024\/04\/4a5c3150-2246-4a23-8a73-b76285399445.jpg","jetpack_sharing_enabled":true,"jetpack_likes_enabled":true,"jetpack-related-posts":[{"id":65582,"url":"https:\/\/jornalrol.com.br\/?p=65582","url_meta":{"origin":65622,"position":0},"title":"30 anos de Jornal ROL","author":"Irene da Rocha","date":"10 de abril de 2024","format":false,"excerpt":"No Jornal Rol, a cultura floresce, sementeira do conhecimento e dos saberes, H\u00e1 30 anos, labuta como guardi\u00e3o do saber a tecer. Cultivar a mente. Estamos...","rel":"","context":"Em &quot;Literatura&quot;","block_context":{"text":"Literatura","link":"https:\/\/jornalrol.com.br\/?cat=9285"},"img":{"alt_text":"Card Comemorativo dos 30 anos do JOrnal Cultural ROL - Irene Rocha","src":"https:\/\/i0.wp.com\/jornalrol.com.br\/wp-content\/uploads\/2024\/04\/58d7bc29-cb9b-4b5e-a2f6-64d1dccc0a41.jpg?resize=350%2C200&ssl=1","width":350,"height":200,"srcset":"https:\/\/i0.wp.com\/jornalrol.com.br\/wp-content\/uploads\/2024\/04\/58d7bc29-cb9b-4b5e-a2f6-64d1dccc0a41.jpg?resize=350%2C200&ssl=1 1x, https:\/\/i0.wp.com\/jornalrol.com.br\/wp-content\/uploads\/2024\/04\/58d7bc29-cb9b-4b5e-a2f6-64d1dccc0a41.jpg?resize=525%2C300&ssl=1 1.5x, https:\/\/i0.wp.com\/jornalrol.com.br\/wp-content\/uploads\/2024\/04\/58d7bc29-cb9b-4b5e-a2f6-64d1dccc0a41.jpg?resize=700%2C400&ssl=1 2x, https:\/\/i0.wp.com\/jornalrol.com.br\/wp-content\/uploads\/2024\/04\/58d7bc29-cb9b-4b5e-a2f6-64d1dccc0a41.jpg?resize=1050%2C600&ssl=1 3x, https:\/\/i0.wp.com\/jornalrol.com.br\/wp-content\/uploads\/2024\/04\/58d7bc29-cb9b-4b5e-a2f6-64d1dccc0a41.jpg?resize=1400%2C800&ssl=1 4x"},"classes":[]},{"id":65572,"url":"https:\/\/jornalrol.com.br\/?p=65572","url_meta":{"origin":65622,"position":1},"title":"Parab\u00e9ns Jornal Cultural ROL!","author":"Berenice Souza Miranda Ribeiro","date":"10 de abril de 2024","format":false,"excerpt":"De acordo o dicion\u00e1rio etimol\u00f3gico, a palavra cultura tem origem do latim e significa 'a\u00e7\u00e3o de tratar', 'cultivar' ou 'cultivar a mente e os conhecimentos'.","rel":"","context":"Em &quot;artigos&quot;","block_context":{"text":"artigos","link":"https:\/\/jornalrol.com.br\/?cat=9398"},"img":{"alt_text":"Card comemorativo dos 30 anos do Jornal ROL","src":"https:\/\/i0.wp.com\/jornalrol.com.br\/wp-content\/uploads\/2024\/04\/df94586f-461e-494d-90d5-e13c5e66f046.jpg?resize=350%2C200&ssl=1","width":350,"height":200,"srcset":"https:\/\/i0.wp.com\/jornalrol.com.br\/wp-content\/uploads\/2024\/04\/df94586f-461e-494d-90d5-e13c5e66f046.jpg?resize=350%2C200&ssl=1 1x, https:\/\/i0.wp.com\/jornalrol.com.br\/wp-content\/uploads\/2024\/04\/df94586f-461e-494d-90d5-e13c5e66f046.jpg?resize=525%2C300&ssl=1 1.5x, https:\/\/i0.wp.com\/jornalrol.com.br\/wp-content\/uploads\/2024\/04\/df94586f-461e-494d-90d5-e13c5e66f046.jpg?resize=700%2C400&ssl=1 2x, https:\/\/i0.wp.com\/jornalrol.com.br\/wp-content\/uploads\/2024\/04\/df94586f-461e-494d-90d5-e13c5e66f046.jpg?resize=1050%2C600&ssl=1 3x, https:\/\/i0.wp.com\/jornalrol.com.br\/wp-content\/uploads\/2024\/04\/df94586f-461e-494d-90d5-e13c5e66f046.jpg?resize=1400%2C800&ssl=1 4x"},"classes":[]},{"id":49635,"url":"https:\/\/jornalrol.com.br\/?p=49635","url_meta":{"origin":65622,"position":2},"title":"Irene da Rocha: &#039;Homenagem aos 28 anos de cria\u00e7\u00e3o do Jornal Cultural Rol&#039;","author":"Irene da Rocha","date":"9 de abril de 2022","format":false,"excerpt":"28 Anos do Jornal Cultural Rol Castro Alves poetou: \u201cOh! Bendito o que semeia Livros \u00e0 m\u00e3o-cheia... E manda o povo pensar!...\u201d \u00a0 Se gostamos de poetizar Jornal Cultural Rol \u00e9 um ve\u00edculo que veio pra nos apoiar Neste aniversario de 28 anos, queremos a ele homenagear. H\u00e9lio Rubens e\u2026","rel":"","context":"Em &quot;Poesia&quot;","block_context":{"text":"Poesia","link":"https:\/\/jornalrol.com.br\/?cat=58"},"img":{"alt_text":"","src":"https:\/\/i0.wp.com\/jornalrol.com.br\/wp-content\/uploads\/2022\/04\/d44b7e9b-cf6b-4950-8d0b-e4e6629c18c3.jpeg?resize=350%2C200","width":350,"height":200},"classes":[]},{"id":65579,"url":"https:\/\/jornalrol.com.br\/?p=65579","url_meta":{"origin":65622,"position":3},"title":"Celebrando 30 anos de cultura e paix\u00e3o","author":"Paulo Siuves","date":"10 de abril de 2024","format":false,"excerpt":"Em um mundo onde cada dia traz um novo desafio, h\u00e1 algo reconfortante na const\u00e2ncia de uma voz que celebra a cultura, a arte e as hist\u00f3rias que nos unem","rel":"","context":"Em &quot;Literatura&quot;","block_context":{"text":"Literatura","link":"https:\/\/jornalrol.com.br\/?cat=9285"},"img":{"alt_text":"Card comemorativo dos 30 anos do Jornal Cultural ROL","src":"https:\/\/i0.wp.com\/jornalrol.com.br\/wp-content\/uploads\/2024\/04\/91bddb5e-69f1-4c89-a830-5ead54be5b86.jpg?resize=350%2C200&ssl=1","width":350,"height":200,"srcset":"https:\/\/i0.wp.com\/jornalrol.com.br\/wp-content\/uploads\/2024\/04\/91bddb5e-69f1-4c89-a830-5ead54be5b86.jpg?resize=350%2C200&ssl=1 1x, https:\/\/i0.wp.com\/jornalrol.com.br\/wp-content\/uploads\/2024\/04\/91bddb5e-69f1-4c89-a830-5ead54be5b86.jpg?resize=525%2C300&ssl=1 1.5x, https:\/\/i0.wp.com\/jornalrol.com.br\/wp-content\/uploads\/2024\/04\/91bddb5e-69f1-4c89-a830-5ead54be5b86.jpg?resize=700%2C400&ssl=1 2x, https:\/\/i0.wp.com\/jornalrol.com.br\/wp-content\/uploads\/2024\/04\/91bddb5e-69f1-4c89-a830-5ead54be5b86.jpg?resize=1050%2C600&ssl=1 3x, https:\/\/i0.wp.com\/jornalrol.com.br\/wp-content\/uploads\/2024\/04\/91bddb5e-69f1-4c89-a830-5ead54be5b86.jpg?resize=1400%2C800&ssl=1 4x"},"classes":[]},{"id":65585,"url":"https:\/\/jornalrol.com.br\/?p=65585","url_meta":{"origin":65622,"position":4},"title":"Parab\u00e9ns pelos 30 Anos Jornal Cultural ROL!","author":"Joelson Mora da Silva","date":"10 de abril de 2024","format":false,"excerpt":"Quero expressar minha profunda gratid\u00e3o ao Jornal Cultural ROL por me acolher como colunista e por fazer parte da fam\u00edlia jornal\u00edstica. \u00c9 uma honra contribuir","rel":"","context":"Em &quot;Literatura&quot;","block_context":{"text":"Literatura","link":"https:\/\/jornalrol.com.br\/?cat=9285"},"img":{"alt_text":"Card comemorativo dos 30 anos do Jornal Cultural ROL Joelson Mora","src":"https:\/\/i0.wp.com\/jornalrol.com.br\/wp-content\/uploads\/2024\/04\/ab127225-0969-4200-994a-d19e1e5c4b30.jpg?resize=350%2C200&ssl=1","width":350,"height":200,"srcset":"https:\/\/i0.wp.com\/jornalrol.com.br\/wp-content\/uploads\/2024\/04\/ab127225-0969-4200-994a-d19e1e5c4b30.jpg?resize=350%2C200&ssl=1 1x, https:\/\/i0.wp.com\/jornalrol.com.br\/wp-content\/uploads\/2024\/04\/ab127225-0969-4200-994a-d19e1e5c4b30.jpg?resize=525%2C300&ssl=1 1.5x, https:\/\/i0.wp.com\/jornalrol.com.br\/wp-content\/uploads\/2024\/04\/ab127225-0969-4200-994a-d19e1e5c4b30.jpg?resize=700%2C400&ssl=1 2x, https:\/\/i0.wp.com\/jornalrol.com.br\/wp-content\/uploads\/2024\/04\/ab127225-0969-4200-994a-d19e1e5c4b30.jpg?resize=1050%2C600&ssl=1 3x, https:\/\/i0.wp.com\/jornalrol.com.br\/wp-content\/uploads\/2024\/04\/ab127225-0969-4200-994a-d19e1e5c4b30.jpg?resize=1400%2C800&ssl=1 4x"},"classes":[]},{"id":65634,"url":"https:\/\/jornalrol.com.br\/?p=65634","url_meta":{"origin":65622,"position":5},"title":"Minha eterna gratid\u00e3o","author":"Eliana Hoenhe Pereira","date":"14 de abril de 2024","format":false,"excerpt":"Jornal Cultural ROL, minha eterna Gratid\u00e3o! Aos que passaram por seus caminhos e deixaram marcas com carinho, pelas oportunidades, constantes aprendizados e...","rel":"","context":"Em &quot;Literatura&quot;","block_context":{"text":"Literatura","link":"https:\/\/jornalrol.com.br\/?cat=9285"},"img":{"alt_text":"Card comemorativo dos 30 anos do ROL - Eliana Hoenhe Pereira","src":"https:\/\/i0.wp.com\/jornalrol.com.br\/wp-content\/uploads\/2024\/04\/41fad4d7-0b43-4647-a1c5-9b621d1e7f4e.jpg?resize=350%2C200&ssl=1","width":350,"height":200,"srcset":"https:\/\/i0.wp.com\/jornalrol.com.br\/wp-content\/uploads\/2024\/04\/41fad4d7-0b43-4647-a1c5-9b621d1e7f4e.jpg?resize=350%2C200&ssl=1 1x, https:\/\/i0.wp.com\/jornalrol.com.br\/wp-content\/uploads\/2024\/04\/41fad4d7-0b43-4647-a1c5-9b621d1e7f4e.jpg?resize=525%2C300&ssl=1 1.5x, https:\/\/i0.wp.com\/jornalrol.com.br\/wp-content\/uploads\/2024\/04\/41fad4d7-0b43-4647-a1c5-9b621d1e7f4e.jpg?resize=700%2C400&ssl=1 2x, https:\/\/i0.wp.com\/jornalrol.com.br\/wp-content\/uploads\/2024\/04\/41fad4d7-0b43-4647-a1c5-9b621d1e7f4e.jpg?resize=1050%2C600&ssl=1 3x, https:\/\/i0.wp.com\/jornalrol.com.br\/wp-content\/uploads\/2024\/04\/41fad4d7-0b43-4647-a1c5-9b621d1e7f4e.jpg?resize=1400%2C800&ssl=1 4x"},"classes":[]}],"_links":{"self":[{"href":"https:\/\/jornalrol.com.br\/index.php?rest_route=\/wp\/v2\/posts\/65622","targetHints":{"allow":["GET"]}}],"collection":[{"href":"https:\/\/jornalrol.com.br\/index.php?rest_route=\/wp\/v2\/posts"}],"about":[{"href":"https:\/\/jornalrol.com.br\/index.php?rest_route=\/wp\/v2\/types\/post"}],"author":[{"embeddable":true,"href":"https:\/\/jornalrol.com.br\/index.php?rest_route=\/wp\/v2\/users\/94"}],"replies":[{"embeddable":true,"href":"https:\/\/jornalrol.com.br\/index.php?rest_route=%2Fwp%2Fv2%2Fcomments&post=65622"}],"version-history":[{"count":2,"href":"https:\/\/jornalrol.com.br\/index.php?rest_route=\/wp\/v2\/posts\/65622\/revisions"}],"predecessor-version":[{"id":65625,"href":"https:\/\/jornalrol.com.br\/index.php?rest_route=\/wp\/v2\/posts\/65622\/revisions\/65625"}],"wp:featuredmedia":[{"embeddable":true,"href":"https:\/\/jornalrol.com.br\/index.php?rest_route=\/wp\/v2\/media\/65623"}],"wp:attachment":[{"href":"https:\/\/jornalrol.com.br\/index.php?rest_route=%2Fwp%2Fv2%2Fmedia&parent=65622"}],"wp:term":[{"taxonomy":"category","embeddable":true,"href":"https:\/\/jornalrol.com.br\/index.php?rest_route=%2Fwp%2Fv2%2Fcategories&post=65622"},{"taxonomy":"post_tag","embeddable":true,"href":"https:\/\/jornalrol.com.br\/index.php?rest_route=%2Fwp%2Fv2%2Ftags&post=65622"}],"curies":[{"name":"wp","href":"https:\/\/api.w.org\/{rel}","templated":true}]}}