{"id":67555,"date":"2024-06-17T17:41:11","date_gmt":"2024-06-17T20:41:11","guid":{"rendered":"https:\/\/jornalrol.com.br\/?p=67555"},"modified":"2024-06-17T17:41:30","modified_gmt":"2024-06-17T20:41:30","slug":"a-harmonia-integrada-da-mente","status":"publish","type":"post","link":"https:\/\/jornalrol.com.br\/?p=67555","title":{"rendered":"A harmonia integrada da mente"},"content":{"rendered":"<div class=\"pdfprnt-buttons pdfprnt-buttons-post pdfprnt-top-right\"><a href=\"https:\/\/jornalrol.com.br\/index.php?rest_route=%2Fwp%2Fv2%2Fposts%2F67555&print=pdf\" class=\"pdfprnt-button pdfprnt-button-pdf\" target=\"_blank\" ><\/a><a href=\"https:\/\/jornalrol.com.br\/index.php?rest_route=%2Fwp%2Fv2%2Fposts%2F67555&print=print\" class=\"pdfprnt-button pdfprnt-button-print\" target=\"_blank\" ><img decoding=\"async\" src=\"https:\/\/jornalrol.com.br\/wp-content\/plugins\/pdf-print\/images\/print.png\" alt=\"image_print\" title=\"Conte\u00fado de impress\u00e3o\" \/><\/a><\/div>\n<h2 class=\"wp-block-heading has-text-align-center\">SA\u00daDE INTEGRAL<\/h2>\n\n\n\n<h2 class=\"wp-block-heading has-text-align-center\">Joelson Mora: &#8216;A harmonia integrada da mente&#8217;<br><br><\/h2>\n\n\n<div class=\"wp-block-image\">\n<figure class=\"aligncenter size-full is-resized\"><img loading=\"lazy\" decoding=\"async\" width=\"960\" height=\"955\" data-attachment-id=\"65158\" data-permalink=\"https:\/\/jornalrol.com.br\/?attachment_id=65158\" data-orig-file=\"https:\/\/jornalrol.com.br\/wp-content\/uploads\/2024\/03\/78d64274-3f32-49b2-840f-2da823db2060.jpg\" data-orig-size=\"960,955\" data-comments-opened=\"1\" data-image-meta=\"{&quot;aperture&quot;:&quot;0&quot;,&quot;credit&quot;:&quot;&quot;,&quot;camera&quot;:&quot;&quot;,&quot;caption&quot;:&quot;&quot;,&quot;created_timestamp&quot;:&quot;0&quot;,&quot;copyright&quot;:&quot;&quot;,&quot;focal_length&quot;:&quot;0&quot;,&quot;iso&quot;:&quot;0&quot;,&quot;shutter_speed&quot;:&quot;0&quot;,&quot;title&quot;:&quot;&quot;,&quot;orientation&quot;:&quot;0&quot;}\" data-image-title=\"78d64274-3f32-49b2-840f-2da823db2060\" data-image-description=\"&lt;p&gt;Joelson Mora&lt;\/p&gt;\n\" data-image-caption=\"&lt;p&gt;Joelson Mora&lt;\/p&gt;\n\" data-large-file=\"https:\/\/jornalrol.com.br\/wp-content\/uploads\/2024\/03\/78d64274-3f32-49b2-840f-2da823db2060.jpg\" src=\"http:\/\/jornalrol.com.br\/wp-content\/uploads\/2024\/03\/78d64274-3f32-49b2-840f-2da823db2060.jpg\" alt=\"Joelson Mora\" class=\"wp-image-65158\" style=\"width:144px;height:auto\" srcset=\"https:\/\/jornalrol.com.br\/wp-content\/uploads\/2024\/03\/78d64274-3f32-49b2-840f-2da823db2060.jpg 960w, https:\/\/jornalrol.com.br\/wp-content\/uploads\/2024\/03\/78d64274-3f32-49b2-840f-2da823db2060-768x764.jpg 768w\" sizes=\"auto, (max-width: 960px) 100vw, 960px\" \/><figcaption class=\"wp-element-caption\">Joelson Mora<\/figcaption><\/figure>\n<\/div>\n\n<div class=\"wp-block-image\">\n<figure class=\"aligncenter size-full is-resized\"><img loading=\"lazy\" decoding=\"async\" width=\"1024\" height=\"1024\" data-attachment-id=\"67556\" data-permalink=\"https:\/\/jornalrol.com.br\/?attachment_id=67556\" data-orig-file=\"https:\/\/jornalrol.com.br\/wp-content\/uploads\/2024\/06\/OIG3-2.jpeg\" data-orig-size=\"1024,1024\" data-comments-opened=\"1\" data-image-meta=\"{&quot;aperture&quot;:&quot;0&quot;,&quot;credit&quot;:&quot;&quot;,&quot;camera&quot;:&quot;&quot;,&quot;caption&quot;:&quot;&quot;,&quot;created_timestamp&quot;:&quot;0&quot;,&quot;copyright&quot;:&quot;&quot;,&quot;focal_length&quot;:&quot;0&quot;,&quot;iso&quot;:&quot;0&quot;,&quot;shutter_speed&quot;:&quot;0&quot;,&quot;title&quot;:&quot;&quot;,&quot;orientation&quot;:&quot;0&quot;}\" data-image-title=\"OIG3-2\" data-image-description=\"\" data-image-caption=\"\" data-large-file=\"https:\/\/jornalrol.com.br\/wp-content\/uploads\/2024\/06\/OIG3-2.jpeg\" src=\"https:\/\/jornalrol.com.br\/wp-content\/uploads\/2024\/06\/OIG3-2.jpeg\" alt=\"\" class=\"wp-image-67556\" style=\"width:394px;height:auto\" srcset=\"https:\/\/jornalrol.com.br\/wp-content\/uploads\/2024\/06\/OIG3-2.jpeg 1024w, https:\/\/jornalrol.com.br\/wp-content\/uploads\/2024\/06\/OIG3-2-600x600.jpeg 600w, https:\/\/jornalrol.com.br\/wp-content\/uploads\/2024\/06\/OIG3-2-768x768.jpeg 768w\" sizes=\"auto, (max-width: 1024px) 100vw, 1024px\" \/><figcaption class=\"wp-element-caption\"><em>Microsoft Bing. Imagem criada pelo Designer<\/em><\/figcaption><\/figure>\n<\/div>\n\n\n<p class=\"has-drop-cap\">A sa\u00fade integral \u00e9 uma abordagem hol\u00edstica que considera o bem-estar f\u00edsico, emocional, mental e espiritual do indiv\u00edduo. Trata-se de entender que a sa\u00fade n\u00e3o \u00e9 apenas a aus\u00eancia de doen\u00e7a, mas um estado de completo bem-estar que envolve diversos aspectos da vida. Quando n\u00e3o estamos bem, \u00e9 fundamental reconhecer e lidar com nossos sentimentos, emo\u00e7\u00f5es, pensamentos e sentidos, que s\u00e3o as janelas para est\u00edmulos e sensa\u00e7\u00f5es.&nbsp;<\/p>\n\n\n\n<p>Os sentimentos e as emo\u00e7\u00f5es s\u00e3o respostas internas a experi\u00eancias externas e internas. Sentimentos como tristeza, alegria, raiva e medo s\u00e3o naturais e desempenham um papel importantissimo na nossa sa\u00fade integral. Quando estamos em desequil\u00edbrio emocional, nosso corpo e mente sofrem.<\/p>\n\n\n\n<p>O primeiro passo para lidar com sentimentos e emo\u00e7\u00f5es \u00e9 reconhec\u00ea-los e aceit\u00e1-los. Ignorar ou suprimir emo\u00e7\u00f5es pode levar a problemas mais graves, como ansiedade e depress\u00e3o. Pr\u00e1ticas como <em>mindfulness <\/em>e medita\u00e7\u00e3o ajudam na conscientiza\u00e7\u00e3o emocional, permitindo que aceitemos nossas emo\u00e7\u00f5es sem julgamento.<\/p>\n\n\n\n<p>\u00c9 essencial expressar nossos sentimentos de maneira saud\u00e1vel. Conversar com amigos, familiares ou terapeutas pode proporcionar al\u00edvio e um resgate de identidade. A arte, a escrita e outras formas de express\u00e3o criativa tamb\u00e9m s\u00e3o poderosas ferramentas para processar emo\u00e7\u00f5es.<\/p>\n\n\n\n<p>Os pensamentos t\u00eam um impacto profundo no nosso bem-estar. Padr\u00f5es de pensamentos negativos, como rumina\u00e7\u00e3o e catastrofiza\u00e7\u00e3o, podem agravar o estresse e a ansiedade. A sa\u00fade integral envolve cultivar uma mentalidade positiva e resiliente.<\/p>\n\n\n\n<p>A reestrutura\u00e7\u00e3o cognitiva como t\u00e9cnica da terapia cognitivo-comportamental ajuda a identificar e alterar pensamentos distorcidos. Ao desafiar cren\u00e7as negativas e substitu\u00ed-las por pensamentos mais equilibrados, podemos melhorar nossa sa\u00fade mental.<\/p>\n\n\n\n<p>A pr\u00e1tica da aten\u00e7\u00e3o plena ou mindfulness nos ensina a observar nossos pensamentos sem nos apegarmos a eles. Isso pode reduzir o impacto de pensamentos negativos e aumentar a capacidade de foco e clareza mental.<\/p>\n\n\n\n<p>Nossos sentidos \u2013 vis\u00e3o, audi\u00e7\u00e3o, olfato, paladar e tato \u2013 s\u00e3o portas de entrada para est\u00edmulos e sensa\u00e7\u00f5es que podem afetar nosso bem-estar. Estimular positivamente nossos sentidos pode promover relaxamento e felicidade.<\/p>\n\n\n\n<p>Criar ambientes que estimulem positivamente nossos sentidos \u00e9 fundamental. Isso inclui espa\u00e7os limpos, organizados, com ilumina\u00e7\u00e3o adequada e sons agrad\u00e1veis. Aromaterapia, m\u00fasica relaxante e contato com a natureza s\u00e3o exemplos de como podemos utilizar nossos sentidos para promover bem-estar. Praticar a aten\u00e7\u00e3o plena aos est\u00edmulos sensoriais pode aumentar a nossa percep\u00e7\u00e3o e prazer nas experi\u00eancias di\u00e1rias. Saborear uma refei\u00e7\u00e3o, sentir a textura de um tecido ou ouvir atentamente uma melodia s\u00e3o formas de nos conectar com o presente e reduzir o estresse.<\/p>\n\n\n\n<p>O estado de bem-estar integral \u00e9 alcan\u00e7ado quando h\u00e1 uma harmonia entre corpo, mente e esp\u00edrito. Isso requer uma abordagem proativa e consciente em diversas \u00e1reas da vida.<\/p>\n\n\n\n<p>Autocuidado:Pr\u00e1ticas regulares de autocuidado, como alimenta\u00e7\u00e3o equilibrada, exerc\u00edcios f\u00edsicos, sono adequado e hobbies, s\u00e3o fundamentais. Autocuidado n\u00e3o \u00e9 ego\u00edsmo, mas uma necessidade para manter a sa\u00fade integral.<\/p>\n\n\n\n<p>Conex\u00f5es Sociais: Relacionamentos saud\u00e1veis e suporte social s\u00e3o essenciais. Sentir-se conectado aos outros promove sentimentos de pertencimento e seguran\u00e7a emocional.<\/p>\n\n\n\n<p>Prop\u00f3sito e Espiritualidade:Ter um senso de prop\u00f3sito e praticar a espiritualidade, seja por meio da f\u00e9, medita\u00e7\u00e3o ou outros meios, pode trazer um profundo senso de paz e realiza\u00e7\u00e3o.<\/p>\n\n\n\n<p>A sa\u00fade integral \u00e9 uma jornada cont\u00ednua de autoconhecimento e cuidado. Entender e gerenciar nossos sentimentos, emo\u00e7\u00f5es, pensamentos e sentidos s\u00e3o passos essenciais para viver uma vida equilibrada e satisfat\u00f3ria. Ao cultivar uma abordagem hol\u00edstica e proativa, podemos alcan\u00e7ar um estado de bem-estar completo, integrando corpo, mente e esp\u00edrito de forma harmoniosa.<\/p>\n\n\n\n<p class=\"has-text-align-center\"><br><strong>Joelson Mora<\/strong><\/p>\n\n\n\n<h3 class=\"wp-block-heading has-text-align-center\">Contatos com o autor<\/h3>\n\n\n\n<div class=\"wp-block-columns is-layout-flex wp-container-core-columns-is-layout-9d6595d7 wp-block-columns-is-layout-flex\">\n<div class=\"wp-block-column is-layout-flow wp-block-column-is-layout-flow\">\n<h4 class=\"wp-block-heading has-text-align-center has-pale-ocean-gradient-background has-background\"><a href=\"https:\/\/wa.me\/15991629676\" target=\"_blank\" rel=\"noopener\" title=\"WhatsApp\">WhatsApp<\/a><\/h4>\n<\/div>\n\n\n\n<div class=\"wp-block-column is-layout-flow wp-block-column-is-layout-flow\">\n<h4 class=\"wp-block-heading has-text-align-center has-pale-ocean-gradient-background has-background\"><a href=\"https:\/\/www.facebook.com\/joelson.mora\" title=\"Facebook\">Facebook<\/a><\/h4>\n<\/div>\n<\/div>\n\n\n\n<p><a href=\"https:\/\/jornalrol.com.br\/\" title=\"Voltar\">Voltar<\/a><\/p>\n","protected":false},"excerpt":{"rendered":"<p>A sa\u00fade integral \u00e9 uma abordagem hol\u00edstica que considera o bem-estar f\u00edsico, emocional, mental e espiritual do indiv\u00edduo. Trata-se de entender que a sa\u00fade&#8230; <\/p>\n","protected":false},"author":101,"featured_media":67556,"comment_status":"open","ping_status":"closed","sticky":false,"template":"","format":"standard","meta":{"_jetpack_newsletter_access":"","_jetpack_dont_email_post_to_subs":false,"_jetpack_newsletter_tier_id":0,"_jetpack_memberships_contains_paywalled_content":false,"_jetpack_memberships_contains_paid_content":false,"footnotes":""},"categories":[9398,9285],"tags":[942,1348,2688,3213,11592,7867],"class_list":["post-67555","post","type-post","status-publish","format-standard","has-post-thumbnail","hentry","category-artigos","category-literatura","tag-ansiedade","tag-bem-estar","tag-depressao","tag-emocoes","tag-saude-integral","tag-sentimentos"],"aioseo_notices":[],"views":904,"jetpack_featured_media_url":"https:\/\/jornalrol.com.br\/wp-content\/uploads\/2024\/06\/OIG3-2.jpeg","jetpack_sharing_enabled":true,"jetpack_likes_enabled":true,"jetpack-related-posts":[{"id":65708,"url":"https:\/\/jornalrol.com.br\/?p=65708","url_meta":{"origin":67555,"position":0},"title":"Sa\u00fade Integral: O pilar da sa\u00fade financeira","author":"Joelson Mora da Silva","date":"15 de abril de 2024","format":false,"excerpt":"A busca pela sa\u00fade integral vai al\u00e9m do f\u00edsico, abrangendo aspectos emocionais, mentais e financeiros. Venho aqui destacar a correla\u00e7\u00e3o entre sa\u00fade integral...","rel":"","context":"Em &quot;artigos&quot;","block_context":{"text":"artigos","link":"https:\/\/jornalrol.com.br\/?cat=9398"},"img":{"alt_text":"Sa\u00fade Integral: O pilar da sa\u00fade financeira","src":"https:\/\/i0.wp.com\/jornalrol.com.br\/wp-content\/uploads\/2024\/04\/OIG2.YKn_.jpg?resize=350%2C200&ssl=1","width":350,"height":200,"srcset":"https:\/\/i0.wp.com\/jornalrol.com.br\/wp-content\/uploads\/2024\/04\/OIG2.YKn_.jpg?resize=350%2C200&ssl=1 1x, https:\/\/i0.wp.com\/jornalrol.com.br\/wp-content\/uploads\/2024\/04\/OIG2.YKn_.jpg?resize=525%2C300&ssl=1 1.5x, https:\/\/i0.wp.com\/jornalrol.com.br\/wp-content\/uploads\/2024\/04\/OIG2.YKn_.jpg?resize=700%2C400&ssl=1 2x"},"classes":[]},{"id":67278,"url":"https:\/\/jornalrol.com.br\/?p=67278","url_meta":{"origin":67555,"position":1},"title":"O voo da \u00e1guia &#8211; Renova\u00e7\u00e3o","author":"Joelson Mora da Silva","date":"10 de junho de 2024","format":false,"excerpt":"A sa\u00fade integral busca um equil\u00edbrio harmonioso entre os elementos que constituem o ser humano. Neste contexto, o conceito de renova\u00e7\u00e3o e o s\u00edmbolo da \u00e1guia","rel":"","context":"Em &quot;artigos&quot;","block_context":{"text":"artigos","link":"https:\/\/jornalrol.com.br\/?cat=9398"},"img":{"alt_text":"O voo da \u00e1guia como s\u00edmbolo d renova\u00e7\u00e3o","src":"https:\/\/i0.wp.com\/jornalrol.com.br\/wp-content\/uploads\/2024\/06\/OIG4.jpeg?resize=350%2C200&ssl=1","width":350,"height":200,"srcset":"https:\/\/i0.wp.com\/jornalrol.com.br\/wp-content\/uploads\/2024\/06\/OIG4.jpeg?resize=350%2C200&ssl=1 1x, https:\/\/i0.wp.com\/jornalrol.com.br\/wp-content\/uploads\/2024\/06\/OIG4.jpeg?resize=525%2C300&ssl=1 1.5x, https:\/\/i0.wp.com\/jornalrol.com.br\/wp-content\/uploads\/2024\/06\/OIG4.jpeg?resize=700%2C400&ssl=1 2x"},"classes":[]},{"id":76557,"url":"https:\/\/jornalrol.com.br\/?p=76557","url_meta":{"origin":67555,"position":2},"title":"Renova\u00e7\u00e3o","author":"Joelson Mora da Silva","date":"4 de novembro de 2025","format":false,"excerpt":"H\u00e1 momentos em que o corpo pede pausa, a mente clama por sil\u00eancio e o cora\u00e7\u00e3o sussurra que \u00e9 hora de recome\u00e7ar. N\u00e3o se trata de fraqueza, desist\u00eancia ou...","rel":"","context":"Em &quot;artigos&quot;","block_context":{"text":"artigos","link":"https:\/\/jornalrol.com.br\/?cat=9398"},"img":{"alt_text":"Imagem criada por IA da Meta em 04 de novembro de 2025, \u00e0s 9:30 PM","src":"https:\/\/i0.wp.com\/jornalrol.com.br\/wp-content\/uploads\/2025\/11\/1000787881.jpg?resize=350%2C200&ssl=1","width":350,"height":200,"srcset":"https:\/\/i0.wp.com\/jornalrol.com.br\/wp-content\/uploads\/2025\/11\/1000787881.jpg?resize=350%2C200&ssl=1 1x, https:\/\/i0.wp.com\/jornalrol.com.br\/wp-content\/uploads\/2025\/11\/1000787881.jpg?resize=525%2C300&ssl=1 1.5x, https:\/\/i0.wp.com\/jornalrol.com.br\/wp-content\/uploads\/2025\/11\/1000787881.jpg?resize=700%2C400&ssl=1 2x"},"classes":[]},{"id":66359,"url":"https:\/\/jornalrol.com.br\/?p=66359","url_meta":{"origin":67555,"position":3},"title":"A energia na promo\u00e7\u00e3o da sa\u00fade integral","author":"Joelson Mora da Silva","date":"9 de maio de 2024","format":false,"excerpt":"A Energia \u00e9 um substantivo feminino que na F\u00edsica podemos definir como a capacidade que um corpo, uma subst\u00e2ncia ou um sistema f\u00edsico tem de realizar trabalho e","rel":"","context":"Em &quot;artigos&quot;","block_context":{"text":"artigos","link":"https:\/\/jornalrol.com.br\/?cat=9398"},"img":{"alt_text":"","src":"https:\/\/i0.wp.com\/jornalrol.com.br\/wp-content\/uploads\/2024\/05\/OIG4.J8X0Wd2AbqFLl7716.jpg?resize=350%2C200&ssl=1","width":350,"height":200},"classes":[]},{"id":67129,"url":"https:\/\/jornalrol.com.br\/?p=67129","url_meta":{"origin":67555,"position":4},"title":"O poder da amizade","author":"Joelson Mora da Silva","date":"3 de junho de 2024","format":false,"excerpt":"A sa\u00fade integral vai al\u00e9m da aus\u00eancia de doen\u00e7as, envolvendo aspectos f\u00edsicos, mentais\/emocionais e espirituais do ser humano. Nesse contexto, a import\u00e2ncia...","rel":"","context":"Em &quot;artigos&quot;","block_context":{"text":"artigos","link":"https:\/\/jornalrol.com.br\/?cat=9398"},"img":{"alt_text":"O poder da amizade e das trilhas na natureza ao nascer do Sol, arte digital'","src":"https:\/\/i0.wp.com\/jornalrol.com.br\/wp-content\/uploads\/2024\/06\/OIG2.jpeg?resize=350%2C200&ssl=1","width":350,"height":200,"srcset":"https:\/\/i0.wp.com\/jornalrol.com.br\/wp-content\/uploads\/2024\/06\/OIG2.jpeg?resize=350%2C200&ssl=1 1x, https:\/\/i0.wp.com\/jornalrol.com.br\/wp-content\/uploads\/2024\/06\/OIG2.jpeg?resize=525%2C300&ssl=1 1.5x, https:\/\/i0.wp.com\/jornalrol.com.br\/wp-content\/uploads\/2024\/06\/OIG2.jpeg?resize=700%2C400&ssl=1 2x"},"classes":[]},{"id":65559,"url":"https:\/\/jornalrol.com.br\/?p=65559","url_meta":{"origin":67555,"position":5},"title":"Comunica\u00e7\u00e3o, sa\u00fade integral e o papel da IA","author":"Joelson Mora da Silva","date":"9 de abril de 2024","format":false,"excerpt":"A comunica\u00e7\u00e3o desempenha um papel crucial na promo\u00e7\u00e3o da sa\u00fade integral, pois facilita a dissemina\u00e7\u00e3o de informa\u00e7\u00f5es, educa\u00e7\u00e3o e conscientiza\u00e7\u00e3o sobre...","rel":"","context":"Em &quot;Literatura&quot;","block_context":{"text":"Literatura","link":"https:\/\/jornalrol.com.br\/?cat=9285"},"img":{"alt_text":"'Comunica\u00e7\u00e3o, sa\u00fade integral e o papel da Intelig\u00eancia Artificial'","src":"https:\/\/i0.wp.com\/jornalrol.com.br\/wp-content\/uploads\/2024\/04\/OIG1-2.jpg?resize=350%2C200&ssl=1","width":350,"height":200},"classes":[]}],"_links":{"self":[{"href":"https:\/\/jornalrol.com.br\/index.php?rest_route=\/wp\/v2\/posts\/67555","targetHints":{"allow":["GET"]}}],"collection":[{"href":"https:\/\/jornalrol.com.br\/index.php?rest_route=\/wp\/v2\/posts"}],"about":[{"href":"https:\/\/jornalrol.com.br\/index.php?rest_route=\/wp\/v2\/types\/post"}],"author":[{"embeddable":true,"href":"https:\/\/jornalrol.com.br\/index.php?rest_route=\/wp\/v2\/users\/101"}],"replies":[{"embeddable":true,"href":"https:\/\/jornalrol.com.br\/index.php?rest_route=%2Fwp%2Fv2%2Fcomments&post=67555"}],"version-history":[{"count":1,"href":"https:\/\/jornalrol.com.br\/index.php?rest_route=\/wp\/v2\/posts\/67555\/revisions"}],"predecessor-version":[{"id":67557,"href":"https:\/\/jornalrol.com.br\/index.php?rest_route=\/wp\/v2\/posts\/67555\/revisions\/67557"}],"wp:featuredmedia":[{"embeddable":true,"href":"https:\/\/jornalrol.com.br\/index.php?rest_route=\/wp\/v2\/media\/67556"}],"wp:attachment":[{"href":"https:\/\/jornalrol.com.br\/index.php?rest_route=%2Fwp%2Fv2%2Fmedia&parent=67555"}],"wp:term":[{"taxonomy":"category","embeddable":true,"href":"https:\/\/jornalrol.com.br\/index.php?rest_route=%2Fwp%2Fv2%2Fcategories&post=67555"},{"taxonomy":"post_tag","embeddable":true,"href":"https:\/\/jornalrol.com.br\/index.php?rest_route=%2Fwp%2Fv2%2Ftags&post=67555"}],"curies":[{"name":"wp","href":"https:\/\/api.w.org\/{rel}","templated":true}]}}