{"id":67614,"date":"2024-06-28T23:13:08","date_gmt":"2024-06-29T02:13:08","guid":{"rendered":"https:\/\/jornalrol.com.br\/?p=67614"},"modified":"2024-06-29T21:27:20","modified_gmt":"2024-06-30T00:27:20","slug":"escola-de-arte-bico-de-pena-realiza-exposicao-de-arte-dos-alunos","status":"publish","type":"post","link":"https:\/\/jornalrol.com.br\/?p=67614","title":{"rendered":"Escola de Arte Bico de Pena realiza exposi\u00e7\u00e3o de arte dos alunos"},"content":{"rendered":"<div class=\"pdfprnt-buttons pdfprnt-buttons-post pdfprnt-top-right\"><a href=\"https:\/\/jornalrol.com.br\/index.php?rest_route=%2Fwp%2Fv2%2Fposts%2F67614&print=pdf\" class=\"pdfprnt-button pdfprnt-button-pdf\" target=\"_blank\" ><\/a><a href=\"https:\/\/jornalrol.com.br\/index.php?rest_route=%2Fwp%2Fv2%2Fposts%2F67614&print=print\" class=\"pdfprnt-button pdfprnt-button-print\" target=\"_blank\" ><img decoding=\"async\" src=\"https:\/\/jornalrol.com.br\/wp-content\/plugins\/pdf-print\/images\/print.png\" alt=\"image_print\" title=\"Conte\u00fado de impress\u00e3o\" \/><\/a><\/div>\n<h2 class=\"wp-block-heading has-text-align-center\">Convidada a conhecer o espa\u00e7o, Ver\u00f4nica Moreira teve a oportunidade de apreciar as obras do artista e professor de arte Elifas Levi de Souza<br><br><\/h2>\n\n\n<div class=\"wp-block-image\">\n<figure class=\"aligncenter size-full is-resized\"><img loading=\"lazy\" decoding=\"async\" width=\"1600\" height=\"720\" data-attachment-id=\"67621\" data-permalink=\"https:\/\/jornalrol.com.br\/?attachment_id=67621\" data-orig-file=\"https:\/\/jornalrol.com.br\/wp-content\/uploads\/2024\/06\/04c7f73c-218b-48dd-a2ad-72ae1d066402.jpg\" data-orig-size=\"1600,720\" data-comments-opened=\"1\" data-image-meta=\"{&quot;aperture&quot;:&quot;0&quot;,&quot;credit&quot;:&quot;&quot;,&quot;camera&quot;:&quot;&quot;,&quot;caption&quot;:&quot;&quot;,&quot;created_timestamp&quot;:&quot;0&quot;,&quot;copyright&quot;:&quot;&quot;,&quot;focal_length&quot;:&quot;0&quot;,&quot;iso&quot;:&quot;0&quot;,&quot;shutter_speed&quot;:&quot;0&quot;,&quot;title&quot;:&quot;&quot;,&quot;orientation&quot;:&quot;0&quot;}\" data-image-title=\"04c7f73c-218b-48dd-a2ad-72ae1d066402\" data-image-description=\"\" data-image-caption=\"\" data-large-file=\"https:\/\/jornalrol.com.br\/wp-content\/uploads\/2024\/06\/04c7f73c-218b-48dd-a2ad-72ae1d066402.jpg\" src=\"http:\/\/jornalrol.com.br\/wp-content\/uploads\/2024\/06\/04c7f73c-218b-48dd-a2ad-72ae1d066402.jpg\" alt=\"Uma das obras de Elifas Levi de Souza\" class=\"wp-image-67621\" style=\"width:790px;height:auto\" srcset=\"https:\/\/jornalrol.com.br\/wp-content\/uploads\/2024\/06\/04c7f73c-218b-48dd-a2ad-72ae1d066402.jpg 1600w, https:\/\/jornalrol.com.br\/wp-content\/uploads\/2024\/06\/04c7f73c-218b-48dd-a2ad-72ae1d066402-1200x540.jpg 1200w, https:\/\/jornalrol.com.br\/wp-content\/uploads\/2024\/06\/04c7f73c-218b-48dd-a2ad-72ae1d066402-768x346.jpg 768w, https:\/\/jornalrol.com.br\/wp-content\/uploads\/2024\/06\/04c7f73c-218b-48dd-a2ad-72ae1d066402-1536x691.jpg 1536w\" sizes=\"auto, (max-width: 1600px) 100vw, 1600px\" \/><figcaption class=\"wp-element-caption\">Obra em execu\u00e7\u00e3o. L\u00e1pis sobre a parede<\/figcaption><\/figure>\n<\/div>\n\n\n<p class=\"has-drop-cap has-text-align-left\">No dia 05 de junho de 2024, \u00e0s 19 horas, a escritora, poetisa e Editora Setorial de Eventos do ROL Ver\u00f4nica Moreira marcou presen\u00e7a na exposi\u00e7\u00e3o de artes da Escola de Artes, Bico de Pena, de Caratinga (MG). Convidada a conhecer o espa\u00e7o, Ver\u00f4nica teve a oportunidade de apreciar as obras do artista e professor de arte El\u00edfas Levi de Souza, a quem presenteou com um exemplar do Cat\u00e1logo VER-ARTE, agora parte do acervo da escola.<\/p>\n\n\n\n<p class=\"has-text-align-left\">A Escola de Arte Bico de Pena \u00e9 uma institui\u00e7\u00e3o dedicada ao ensino da pintura e do desenho, bem como \u00e0 dissemina\u00e7\u00e3o das mais diversas formas de arte e manifesta\u00e7\u00f5es culturais. Atualmente, a escola desenvolve uma s\u00e9rie de projetos voltados para a promo\u00e7\u00e3o e o desenvolvimento art\u00edstico<br>na comunidade de Caratinga e regi\u00e3o.<br><br>A escola de arte oferece cursos para diferentes n\u00edveis de habilidade, desde iniciantes at\u00e9 avan\u00e7ados. Uma iniciativa importante da escola \u00e9 o curso &#8216;A Arte Educa\u00e7\u00e3o como Base para um Lazer Saud\u00e1vel&#8217;, que atualmente beneficia 92 alunos de escolas p\u00fablicas de Caratinga e seus distritos. No curso, al\u00e9m de desenvolverem habilidades art\u00edsticas, os alunos aprendem sobre a import\u00e2ncia social da arte. Eles s\u00e3o incentivados a participar da produ\u00e7\u00e3o de eventos culturais, exposi\u00e7\u00f5es e outras iniciativas no campo da<br>experi\u00eancia art\u00edstica e est\u00e9tica.<\/p>\n\n\n<div class=\"wp-block-image\">\n<figure class=\"alignleft size-full is-resized\"><img loading=\"lazy\" decoding=\"async\" width=\"1080\" height=\"1080\" data-attachment-id=\"67616\" data-permalink=\"https:\/\/jornalrol.com.br\/?attachment_id=67616\" data-orig-file=\"https:\/\/jornalrol.com.br\/wp-content\/uploads\/2024\/06\/756a2f65-6f64-44e2-9678-e297a347e2ba.jpg\" data-orig-size=\"1080,1080\" data-comments-opened=\"1\" data-image-meta=\"{&quot;aperture&quot;:&quot;0&quot;,&quot;credit&quot;:&quot;&quot;,&quot;camera&quot;:&quot;&quot;,&quot;caption&quot;:&quot;&quot;,&quot;created_timestamp&quot;:&quot;0&quot;,&quot;copyright&quot;:&quot;&quot;,&quot;focal_length&quot;:&quot;0&quot;,&quot;iso&quot;:&quot;0&quot;,&quot;shutter_speed&quot;:&quot;0&quot;,&quot;title&quot;:&quot;&quot;,&quot;orientation&quot;:&quot;0&quot;}\" data-image-title=\"756a2f65-6f64-44e2-9678-e297a347e2ba\" data-image-description=\"\" data-image-caption=\"\" data-large-file=\"https:\/\/jornalrol.com.br\/wp-content\/uploads\/2024\/06\/756a2f65-6f64-44e2-9678-e297a347e2ba.jpg\" src=\"http:\/\/jornalrol.com.br\/wp-content\/uploads\/2024\/06\/756a2f65-6f64-44e2-9678-e297a347e2ba.jpg\" alt=\"Card do Cat\u00e1logo Ver-Arte\" class=\"wp-image-67616\" style=\"width:336px;height:auto\" srcset=\"https:\/\/jornalrol.com.br\/wp-content\/uploads\/2024\/06\/756a2f65-6f64-44e2-9678-e297a347e2ba.jpg 1080w, https:\/\/jornalrol.com.br\/wp-content\/uploads\/2024\/06\/756a2f65-6f64-44e2-9678-e297a347e2ba-600x600.jpg 600w, https:\/\/jornalrol.com.br\/wp-content\/uploads\/2024\/06\/756a2f65-6f64-44e2-9678-e297a347e2ba-768x768.jpg 768w\" sizes=\"auto, (max-width: 1080px) 100vw, 1080px\" \/><figcaption class=\"wp-element-caption\"><em>Card do Cat\u00e1logo Ver-Arte<\/em><\/figcaption><\/figure>\n<\/div>\n\n\n<p>Encantada com as produ\u00e7\u00f5es dos artistas expositores, Ver\u00f4nica convidou <strong>Cristian Alves<\/strong>, um dos alunos de desenhos realistas a participar do Cat\u00e1logo Literocultural Ver-Arte, um projeto por ela promovido com o apoio de diversas institui\u00e7\u00f5es acad\u00eamicas, incluindo o Jornal Cultural ROL.<\/p>\n\n\n\n<p>Sem d\u00favida, a contribui\u00e7\u00e3o de Cristian adicionar\u00e1 muito valor ao nosso projeto. Agrade\u00e7o \u00e0 Professora Laurinha Miranda por ter proporcionado este enriquecedor interc\u00e2mbio de experi\u00eancias inspiradoras.<\/p>\n\n\n\n<p>A Escritora e colunista do Jornal Cultural Rol Ver\u00f4nica Moreira relatou que foi uma imensa felicidade ter conhecido o ambiente estimulante da Escola de Arte Bico de Pena e ter tido o privil\u00e9gio de apreciar o talento de El\u00edfas Levi de Souza, que, junto com sua esposa, a acolheram com tamanha distin\u00e7\u00e3o e generosidade.<\/p>\n\n\n\n<p>Al\u00e9m disso teve a oportunidade de contemplar as obras de El\u00edfas Levi de Souza, que foram premiadas tanto no Brasil quanto no exterior.<\/p>\n\n\n\n<h2 class=\"wp-block-heading has-text-align-center\">Sobre o artista<br><\/h2>\n\n\n<div class=\"wp-block-image\">\n<figure class=\"alignleft size-full is-resized\"><img loading=\"lazy\" decoding=\"async\" width=\"792\" height=\"792\" data-attachment-id=\"67629\" data-permalink=\"https:\/\/jornalrol.com.br\/?attachment_id=67629\" data-orig-file=\"https:\/\/jornalrol.com.br\/wp-content\/uploads\/2024\/06\/77334164_1219732991555784_220107101005938688_n.jpg\" data-orig-size=\"792,792\" data-comments-opened=\"1\" data-image-meta=\"{&quot;aperture&quot;:&quot;0&quot;,&quot;credit&quot;:&quot;&quot;,&quot;camera&quot;:&quot;&quot;,&quot;caption&quot;:&quot;&quot;,&quot;created_timestamp&quot;:&quot;0&quot;,&quot;copyright&quot;:&quot;&quot;,&quot;focal_length&quot;:&quot;0&quot;,&quot;iso&quot;:&quot;0&quot;,&quot;shutter_speed&quot;:&quot;0&quot;,&quot;title&quot;:&quot;&quot;,&quot;orientation&quot;:&quot;0&quot;}\" data-image-title=\"77334164_1219732991555784_220107101005938688_n\" data-image-description=\"\" data-image-caption=\"\" data-large-file=\"https:\/\/jornalrol.com.br\/wp-content\/uploads\/2024\/06\/77334164_1219732991555784_220107101005938688_n.jpg\" src=\"https:\/\/jornalrol.com.br\/wp-content\/uploads\/2024\/06\/77334164_1219732991555784_220107101005938688_n.jpg\" alt=\"Elifas Levi de Souza\" class=\"wp-image-67629\" style=\"width:331px;height:auto\" srcset=\"https:\/\/jornalrol.com.br\/wp-content\/uploads\/2024\/06\/77334164_1219732991555784_220107101005938688_n.jpg 792w, https:\/\/jornalrol.com.br\/wp-content\/uploads\/2024\/06\/77334164_1219732991555784_220107101005938688_n-600x600.jpg 600w, https:\/\/jornalrol.com.br\/wp-content\/uploads\/2024\/06\/77334164_1219732991555784_220107101005938688_n-768x768.jpg 768w\" sizes=\"auto, (max-width: 792px) 100vw, 792px\" \/><figcaption class=\"wp-element-caption\">Elifas Levi de Souza<\/figcaption><\/figure>\n<\/div>\n\n\n<p><strong>Elifas Levi de Souza<\/strong>, nascido e residente em Caratinga-MG, \u00e9 desenhista, artista pl\u00e1stico e produtor cultural. Come\u00e7ou a desenhar aos 12 anos, construindo, desde ent\u00e3o, uma longa carreira nas artes pl\u00e1sticas. <br><br>Desenvolve atividades como ilustrador de livros e revistas, muralista, grafiteiro, desenhista, professor de desenho, pintor e tatuador. <br><br>Realizou trabalhos em Caratinga e no exterior, destacando-se suas exposi\u00e7\u00f5es em Portugal. <br><br>\u00c9 membro dos coletivos Cine Clube Gavi\u00f5es e Passarinhos e Amigos da Escola de Arte Bico de Pena, que iniciaram suas atividades nos anos de 2022 e 2021, respectivamente. <br><br>Atualmente, \u00e9 diretor e professor da Escola de Arte Bico de Pena, onde s\u00e3o desenvolvidos cursos e iniciativas voltadas ao ensino e \u00e0 dissemina\u00e7\u00e3o das artes, especialmente das artes pl\u00e1sticas. <br><br>Elifas \u00e9, indiscutivelmente, um not\u00e1vel artista que dedica seu trabalho incans\u00e1vel em prol da cultura e da arte, contribuindo para o desenvolvimento das novas gera\u00e7\u00f5es de crian\u00e7as interessadas em expressar sua criatividade atrav\u00e9s das artes.<\/p>\n\n\n\n<h2 class=\"wp-block-heading has-text-align-center\">Outras fotos<br><br><\/h2>\n\n\n\n<div class=\"wp-block-columns is-layout-flex wp-container-core-columns-is-layout-9d6595d7 wp-block-columns-is-layout-flex\">\n<div class=\"wp-block-column is-layout-flow wp-block-column-is-layout-flow\">\n<figure class=\"wp-block-image size-full is-resized\"><img loading=\"lazy\" decoding=\"async\" width=\"1425\" height=\"875\" data-attachment-id=\"67633\" data-permalink=\"https:\/\/jornalrol.com.br\/?attachment_id=67633\" data-orig-file=\"https:\/\/jornalrol.com.br\/wp-content\/uploads\/2024\/06\/2dc98f48-74d0-4a64-9723-6f44fff41838.jpeg\" data-orig-size=\"1425,875\" data-comments-opened=\"1\" data-image-meta=\"{&quot;aperture&quot;:&quot;0&quot;,&quot;credit&quot;:&quot;&quot;,&quot;camera&quot;:&quot;&quot;,&quot;caption&quot;:&quot;&quot;,&quot;created_timestamp&quot;:&quot;0&quot;,&quot;copyright&quot;:&quot;&quot;,&quot;focal_length&quot;:&quot;0&quot;,&quot;iso&quot;:&quot;0&quot;,&quot;shutter_speed&quot;:&quot;0&quot;,&quot;title&quot;:&quot;&quot;,&quot;orientation&quot;:&quot;0&quot;}\" data-image-title=\"2dc98f48-74d0-4a64-9723-6f44fff41838\" data-image-description=\"\" data-image-caption=\"\" data-large-file=\"https:\/\/jornalrol.com.br\/wp-content\/uploads\/2024\/06\/2dc98f48-74d0-4a64-9723-6f44fff41838.jpeg\" src=\"https:\/\/jornalrol.com.br\/wp-content\/uploads\/2024\/06\/2dc98f48-74d0-4a64-9723-6f44fff41838.jpeg\" alt=\"Laurinha, Fabiana,Ver\u00f4nica, Elifas\" class=\"wp-image-67633\" style=\"width:415px;height:auto\" srcset=\"https:\/\/jornalrol.com.br\/wp-content\/uploads\/2024\/06\/2dc98f48-74d0-4a64-9723-6f44fff41838.jpeg 1425w, https:\/\/jornalrol.com.br\/wp-content\/uploads\/2024\/06\/2dc98f48-74d0-4a64-9723-6f44fff41838-1200x737.jpeg 1200w, https:\/\/jornalrol.com.br\/wp-content\/uploads\/2024\/06\/2dc98f48-74d0-4a64-9723-6f44fff41838-768x472.jpeg 768w\" sizes=\"auto, (max-width: 1425px) 100vw, 1425px\" \/><figcaption class=\"wp-element-caption\">Laurinha, Fabiana,Ver\u00f4nica, Elifas<\/figcaption><\/figure>\n<\/div>\n\n\n\n<div class=\"wp-block-column is-layout-flow wp-block-column-is-layout-flow\">\n<figure class=\"wp-block-image size-full\"><img loading=\"lazy\" decoding=\"async\" width=\"1600\" height=\"1200\" data-attachment-id=\"67634\" data-permalink=\"https:\/\/jornalrol.com.br\/?attachment_id=67634\" data-orig-file=\"https:\/\/jornalrol.com.br\/wp-content\/uploads\/2024\/06\/960f0aaf-f868-45f6-9ec5-c8959eba8cf6.jpeg\" data-orig-size=\"1600,1200\" data-comments-opened=\"1\" data-image-meta=\"{&quot;aperture&quot;:&quot;0&quot;,&quot;credit&quot;:&quot;&quot;,&quot;camera&quot;:&quot;&quot;,&quot;caption&quot;:&quot;&quot;,&quot;created_timestamp&quot;:&quot;0&quot;,&quot;copyright&quot;:&quot;&quot;,&quot;focal_length&quot;:&quot;0&quot;,&quot;iso&quot;:&quot;0&quot;,&quot;shutter_speed&quot;:&quot;0&quot;,&quot;title&quot;:&quot;&quot;,&quot;orientation&quot;:&quot;0&quot;}\" data-image-title=\"960f0aaf-f868-45f6-9ec5-c8959eba8cf6\" data-image-description=\"\" data-image-caption=\"\" data-large-file=\"https:\/\/jornalrol.com.br\/wp-content\/uploads\/2024\/06\/960f0aaf-f868-45f6-9ec5-c8959eba8cf6.jpeg\" src=\"https:\/\/jornalrol.com.br\/wp-content\/uploads\/2024\/06\/960f0aaf-f868-45f6-9ec5-c8959eba8cf6.jpeg\" alt=\"Fabiana, Ver\u00f4nica, Cristian, Elifas\" class=\"wp-image-67634\" srcset=\"https:\/\/jornalrol.com.br\/wp-content\/uploads\/2024\/06\/960f0aaf-f868-45f6-9ec5-c8959eba8cf6.jpeg 1600w, https:\/\/jornalrol.com.br\/wp-content\/uploads\/2024\/06\/960f0aaf-f868-45f6-9ec5-c8959eba8cf6-1200x900.jpeg 1200w, https:\/\/jornalrol.com.br\/wp-content\/uploads\/2024\/06\/960f0aaf-f868-45f6-9ec5-c8959eba8cf6-768x576.jpeg 768w, https:\/\/jornalrol.com.br\/wp-content\/uploads\/2024\/06\/960f0aaf-f868-45f6-9ec5-c8959eba8cf6-1536x1152.jpeg 1536w\" sizes=\"auto, (max-width: 1600px) 100vw, 1600px\" \/><figcaption class=\"wp-element-caption\">Fabiana, Ver\u00f4nica, Cristian, Elifas<\/figcaption><\/figure>\n<\/div>\n<\/div>\n\n\n\n<div class=\"wp-block-columns is-layout-flex wp-container-core-columns-is-layout-9d6595d7 wp-block-columns-is-layout-flex\">\n<div class=\"wp-block-column is-layout-flow wp-block-column-is-layout-flow\"><div class=\"wp-block-image\">\n<figure class=\"aligncenter size-full is-resized\"><img loading=\"lazy\" decoding=\"async\" width=\"1200\" height=\"1600\" data-attachment-id=\"67636\" data-permalink=\"https:\/\/jornalrol.com.br\/?attachment_id=67636\" data-orig-file=\"https:\/\/jornalrol.com.br\/wp-content\/uploads\/2024\/06\/cd72c5a7-3607-45ab-a6e6-040ee853e85b.jpeg\" data-orig-size=\"1200,1600\" data-comments-opened=\"1\" data-image-meta=\"{&quot;aperture&quot;:&quot;0&quot;,&quot;credit&quot;:&quot;&quot;,&quot;camera&quot;:&quot;&quot;,&quot;caption&quot;:&quot;&quot;,&quot;created_timestamp&quot;:&quot;0&quot;,&quot;copyright&quot;:&quot;&quot;,&quot;focal_length&quot;:&quot;0&quot;,&quot;iso&quot;:&quot;0&quot;,&quot;shutter_speed&quot;:&quot;0&quot;,&quot;title&quot;:&quot;&quot;,&quot;orientation&quot;:&quot;0&quot;}\" data-image-title=\"cd72c5a7-3607-45ab-a6e6-040ee853e85b\" data-image-description=\"\" data-image-caption=\"\" data-large-file=\"https:\/\/jornalrol.com.br\/wp-content\/uploads\/2024\/06\/cd72c5a7-3607-45ab-a6e6-040ee853e85b.jpeg\" src=\"http:\/\/jornalrol.com.br\/wp-content\/uploads\/2024\/06\/cd72c5a7-3607-45ab-a6e6-040ee853e85b.jpeg\" alt=\"Ver\u00f4nica Moreira, Elifas Levi\" class=\"wp-image-67636\" style=\"width:376px;height:auto\" srcset=\"https:\/\/jornalrol.com.br\/wp-content\/uploads\/2024\/06\/cd72c5a7-3607-45ab-a6e6-040ee853e85b.jpeg 1200w, https:\/\/jornalrol.com.br\/wp-content\/uploads\/2024\/06\/cd72c5a7-3607-45ab-a6e6-040ee853e85b-900x1200.jpeg 900w, https:\/\/jornalrol.com.br\/wp-content\/uploads\/2024\/06\/cd72c5a7-3607-45ab-a6e6-040ee853e85b-768x1024.jpeg 768w, https:\/\/jornalrol.com.br\/wp-content\/uploads\/2024\/06\/cd72c5a7-3607-45ab-a6e6-040ee853e85b-1152x1536.jpeg 1152w\" sizes=\"auto, (max-width: 1200px) 100vw, 1200px\" \/><figcaption class=\"wp-element-caption\">Ver\u00f4nica Moreira, Elifas Levi<\/figcaption><\/figure>\n<\/div><\/div>\n<\/div>\n\n\n\n<div class=\"wp-block-columns is-layout-flex wp-container-core-columns-is-layout-9d6595d7 wp-block-columns-is-layout-flex\">\n<div class=\"wp-block-column is-layout-flow wp-block-column-is-layout-flow\">\n<figure class=\"wp-block-image size-full is-resized\"><img loading=\"lazy\" decoding=\"async\" width=\"1600\" height=\"720\" data-attachment-id=\"67639\" data-permalink=\"https:\/\/jornalrol.com.br\/?attachment_id=67639\" data-orig-file=\"https:\/\/jornalrol.com.br\/wp-content\/uploads\/2024\/06\/cdb512e6-8deb-44ab-b601-1b8f3d34cf10.jpeg\" data-orig-size=\"1600,720\" data-comments-opened=\"1\" data-image-meta=\"{&quot;aperture&quot;:&quot;0&quot;,&quot;credit&quot;:&quot;&quot;,&quot;camera&quot;:&quot;&quot;,&quot;caption&quot;:&quot;&quot;,&quot;created_timestamp&quot;:&quot;0&quot;,&quot;copyright&quot;:&quot;&quot;,&quot;focal_length&quot;:&quot;0&quot;,&quot;iso&quot;:&quot;0&quot;,&quot;shutter_speed&quot;:&quot;0&quot;,&quot;title&quot;:&quot;&quot;,&quot;orientation&quot;:&quot;0&quot;}\" data-image-title=\"cdb512e6-8deb-44ab-b601-1b8f3d34cf10\" data-image-description=\"\" data-image-caption=\"\" data-large-file=\"https:\/\/jornalrol.com.br\/wp-content\/uploads\/2024\/06\/cdb512e6-8deb-44ab-b601-1b8f3d34cf10.jpeg\" src=\"https:\/\/jornalrol.com.br\/wp-content\/uploads\/2024\/06\/cdb512e6-8deb-44ab-b601-1b8f3d34cf10.jpeg\" alt=\"Est\u00fadio de Tatuagem do artista Elifas Levi\" class=\"wp-image-67639\" style=\"width:840px;height:auto\" srcset=\"https:\/\/jornalrol.com.br\/wp-content\/uploads\/2024\/06\/cdb512e6-8deb-44ab-b601-1b8f3d34cf10.jpeg 1600w, https:\/\/jornalrol.com.br\/wp-content\/uploads\/2024\/06\/cdb512e6-8deb-44ab-b601-1b8f3d34cf10-1200x540.jpeg 1200w, https:\/\/jornalrol.com.br\/wp-content\/uploads\/2024\/06\/cdb512e6-8deb-44ab-b601-1b8f3d34cf10-768x346.jpeg 768w, https:\/\/jornalrol.com.br\/wp-content\/uploads\/2024\/06\/cdb512e6-8deb-44ab-b601-1b8f3d34cf10-1536x691.jpeg 1536w\" sizes=\"auto, (max-width: 1600px) 100vw, 1600px\" \/><figcaption class=\"wp-element-caption\">Est\u00fadio de Tatuagem do artista Elifas Levi<\/figcaption><\/figure>\n\n\n\n<p>Al\u00e9m de ser um grande artista e ser premiado no exterior, Elifas \u00e9 um grande mestre em tatuagens. Ele possui seu pr\u00f3prio Est\u00fadio de Tatuagem no centro da cidade de Caratinga. Conhe\u00e7am o espa\u00e7o e fa\u00e7a sua tatuagem dos sonhos com um artista qualificado.<\/p>\n<\/div>\n<\/div>\n\n\n\n<div class=\"wp-block-columns is-layout-flex wp-container-core-columns-is-layout-9d6595d7 wp-block-columns-is-layout-flex\">\n<div class=\"wp-block-column is-layout-flow wp-block-column-is-layout-flow\">\n<div class=\"wp-block-columns is-layout-flex wp-container-core-columns-is-layout-9d6595d7 wp-block-columns-is-layout-flex\">\n<div class=\"wp-block-column is-layout-flow wp-block-column-is-layout-flow\" style=\"flex-basis:100%\"><div class=\"wp-block-image\">\n<figure class=\"aligncenter size-full\"><img loading=\"lazy\" decoding=\"async\" width=\"390\" height=\"520\" data-attachment-id=\"67743\" data-permalink=\"https:\/\/jornalrol.com.br\/?attachment_id=67743\" data-orig-file=\"https:\/\/jornalrol.com.br\/wp-content\/uploads\/2024\/06\/colo.jpg\" data-orig-size=\"390,520\" data-comments-opened=\"1\" data-image-meta=\"{&quot;aperture&quot;:&quot;0&quot;,&quot;credit&quot;:&quot;&quot;,&quot;camera&quot;:&quot;&quot;,&quot;caption&quot;:&quot;&quot;,&quot;created_timestamp&quot;:&quot;0&quot;,&quot;copyright&quot;:&quot;&quot;,&quot;focal_length&quot;:&quot;0&quot;,&quot;iso&quot;:&quot;0&quot;,&quot;shutter_speed&quot;:&quot;0&quot;,&quot;title&quot;:&quot;&quot;,&quot;orientation&quot;:&quot;0&quot;}\" data-image-title=\"colo\" data-image-description=\"\" data-image-caption=\"\" data-large-file=\"https:\/\/jornalrol.com.br\/wp-content\/uploads\/2024\/06\/colo.jpg\" src=\"http:\/\/jornalrol.com.br\/wp-content\/uploads\/2024\/06\/colo.jpg\" alt=\" T\u00edtulo: Prote\u00e7\u00e3o 02-12-2023\" class=\"wp-image-67743\"\/><figcaption class=\"wp-element-caption\"> <a href=\"http:\/\/Prote\u00e7\u00e3o 02-12-2023\" target=\"_blank\" rel=\"noopener\" title=\"\">T\u00edtulo: Prote\u00e7\u00e3o 02-12-2023<\/a><\/figcaption><\/figure>\n<\/div><\/div>\n<\/div>\n<\/div>\n<\/div>\n\n\n<div class=\"wp-block-image\">\n<figure class=\"aligncenter size-large\"><img loading=\"lazy\" decoding=\"async\" width=\"520\" height=\"390\" data-attachment-id=\"67744\" data-permalink=\"https:\/\/jornalrol.com.br\/?attachment_id=67744\" data-orig-file=\"https:\/\/jornalrol.com.br\/wp-content\/uploads\/2024\/06\/IMG-20240620-WA0074-2.jpg\" data-orig-size=\"520,390\" data-comments-opened=\"1\" data-image-meta=\"{&quot;aperture&quot;:&quot;0&quot;,&quot;credit&quot;:&quot;&quot;,&quot;camera&quot;:&quot;&quot;,&quot;caption&quot;:&quot;&quot;,&quot;created_timestamp&quot;:&quot;0&quot;,&quot;copyright&quot;:&quot;&quot;,&quot;focal_length&quot;:&quot;0&quot;,&quot;iso&quot;:&quot;0&quot;,&quot;shutter_speed&quot;:&quot;0&quot;,&quot;title&quot;:&quot;&quot;,&quot;orientation&quot;:&quot;0&quot;}\" data-image-title=\"IMG-20240620-WA0074 (2)\" data-image-description=\"\" data-image-caption=\"&lt;p&gt;Titulo: Ouro preto 12-01-2024  T\u00e9cnica Bico de Pena&lt;\/p&gt;\n\" data-large-file=\"https:\/\/jornalrol.com.br\/wp-content\/uploads\/2024\/06\/IMG-20240620-WA0074-2.jpg\" src=\"https:\/\/jornalrol.com.br\/wp-content\/uploads\/2024\/06\/IMG-20240620-WA0074-2.jpg\" alt=\"Titulo: Ouro Preto 12-01-2024\" class=\"wp-image-67744\"\/><figcaption class=\"wp-element-caption\"><a href=\"Ouro Preto 12-01-2024\" target=\"_blank\" rel=\"noopener\" title=\"\">Titulo: Ouro Preto 12-01-2024<\/a><\/figcaption><\/figure>\n<\/div>\n\n\n<div class=\"wp-block-columns are-vertically-aligned-center is-layout-flex wp-container-core-columns-is-layout-9d6595d7 wp-block-columns-is-layout-flex\">\n<div class=\"wp-block-column is-vertically-aligned-center is-layout-flow wp-block-column-is-layout-flow\">\n<figure class=\"wp-block-gallery has-nested-images columns-default is-cropped wp-block-gallery-1 is-layout-flex wp-block-gallery-is-layout-flex\">\n<figure class=\"wp-block-image size-large\"><img loading=\"lazy\" decoding=\"async\" width=\"780\" height=\"1040\" data-attachment-id=\"67822\" data-permalink=\"https:\/\/jornalrol.com.br\/?attachment_id=67822\" data-orig-file=\"https:\/\/jornalrol.com.br\/wp-content\/uploads\/2024\/06\/aerte2-1.jpg\" data-orig-size=\"780,1040\" data-comments-opened=\"1\" data-image-meta=\"{&quot;aperture&quot;:&quot;0&quot;,&quot;credit&quot;:&quot;&quot;,&quot;camera&quot;:&quot;&quot;,&quot;caption&quot;:&quot;&quot;,&quot;created_timestamp&quot;:&quot;0&quot;,&quot;copyright&quot;:&quot;&quot;,&quot;focal_length&quot;:&quot;0&quot;,&quot;iso&quot;:&quot;0&quot;,&quot;shutter_speed&quot;:&quot;0&quot;,&quot;title&quot;:&quot;&quot;,&quot;orientation&quot;:&quot;0&quot;}\" data-image-title=\"aerte2\" data-image-description=\"\" data-image-caption=\"\" data-large-file=\"https:\/\/jornalrol.com.br\/wp-content\/uploads\/2024\/06\/aerte2-1.jpg\" data-id=\"67822\" src=\"https:\/\/jornalrol.com.br\/wp-content\/uploads\/2024\/06\/aerte2-1.jpg\" alt=\"\" class=\"wp-image-67822\" srcset=\"https:\/\/jornalrol.com.br\/wp-content\/uploads\/2024\/06\/aerte2-1.jpg 780w, https:\/\/jornalrol.com.br\/wp-content\/uploads\/2024\/06\/aerte2-1-768x1024.jpg 768w\" sizes=\"auto, (max-width: 780px) 100vw, 780px\" \/><figcaption class=\"wp-element-caption\"><a href=\"Evolu\u00e7\u00e3o 15-01-2021\" target=\"_blank\" rel=\"noopener\" title=\"\">Titulo: Evolu\u00e7\u00e3o 15-01-2021<\/a><\/figcaption><\/figure>\n<\/figure>\n<\/div>\n\n\n\n<div class=\"wp-block-column is-vertically-aligned-center is-layout-flow wp-block-column-is-layout-flow\">\n<figure class=\"wp-block-image size-full is-resized\"><img loading=\"lazy\" decoding=\"async\" width=\"520\" height=\"390\" data-attachment-id=\"67745\" data-permalink=\"https:\/\/jornalrol.com.br\/?attachment_id=67745\" data-orig-file=\"https:\/\/jornalrol.com.br\/wp-content\/uploads\/2024\/06\/IMG-20240620-WA0076-1.jpg\" data-orig-size=\"520,390\" data-comments-opened=\"1\" data-image-meta=\"{&quot;aperture&quot;:&quot;0&quot;,&quot;credit&quot;:&quot;&quot;,&quot;camera&quot;:&quot;&quot;,&quot;caption&quot;:&quot;&quot;,&quot;created_timestamp&quot;:&quot;0&quot;,&quot;copyright&quot;:&quot;&quot;,&quot;focal_length&quot;:&quot;0&quot;,&quot;iso&quot;:&quot;0&quot;,&quot;shutter_speed&quot;:&quot;0&quot;,&quot;title&quot;:&quot;&quot;,&quot;orientation&quot;:&quot;0&quot;}\" data-image-title=\"IMG-20240620-WA0076 (1)\" data-image-description=\"\" data-image-caption=\"\" data-large-file=\"https:\/\/jornalrol.com.br\/wp-content\/uploads\/2024\/06\/IMG-20240620-WA0076-1.jpg\" src=\"http:\/\/jornalrol.com.br\/wp-content\/uploads\/2024\/06\/IMG-20240620-WA0076-1.jpg\" alt=\"\" class=\"wp-image-67745\" style=\"width:399px;height:auto\"\/><figcaption class=\"wp-element-caption\"><a href=\"http:\/\/obra  em execu\u00e7\u00e3o, l\u00e1pis sobre parede\" target=\"_blank\" rel=\"noopener\" title=\"\">Obra  em execu\u00e7\u00e3o, l\u00e1pis sobre parede<\/a><\/figcaption><\/figure>\n<\/div>\n<\/div>\n\n\n\n<p class=\"has-text-align-center\"><a href=\"https:\/\/globoplay.globo.com\/v\/12631867\">https:\/\/globoplay.globo.com\/v\/12631867<\/a><\/p>\n\n\n\n<div class=\"wp-block-columns is-layout-flex wp-container-core-columns-is-layout-9d6595d7 wp-block-columns-is-layout-flex\">\n<div class=\"wp-block-column is-layout-flow wp-block-column-is-layout-flow\"><\/div>\n<\/div>\n\n\n\n<p><br><a href=\"https:\/\/jornalrol.com.br\/\" title=\"Voltar\">Voltar<\/a><\/p>\n\n\n\n<p><a href=\"https:\/\/www.facebook.com\/JCulturalrol\/\" title=\"Facebook\">Facebook<\/a><\/p>\n\n\n\n<div class=\"wp-block-columns is-layout-flex wp-container-core-columns-is-layout-9d6595d7 wp-block-columns-is-layout-flex\">\n<div class=\"wp-block-column is-layout-flow wp-block-column-is-layout-flow\"><\/div>\n<\/div>\n\n\n\n<div class=\"wp-block-columns is-layout-flex wp-container-core-columns-is-layout-9d6595d7 wp-block-columns-is-layout-flex\">\n<div class=\"wp-block-column is-layout-flow wp-block-column-is-layout-flow\"><\/div>\n<\/div>\n\n\n\n<div class=\"wp-block-columns is-layout-flex wp-container-core-columns-is-layout-9d6595d7 wp-block-columns-is-layout-flex\">\n<div class=\"wp-block-column is-layout-flow wp-block-column-is-layout-flow\"><\/div>\n\n\n\n<div class=\"wp-block-column is-layout-flow wp-block-column-is-layout-flow\"><\/div>\n\n\n\n<div class=\"wp-block-column is-layout-flow wp-block-column-is-layout-flow\"><\/div>\n<\/div>\n\n\n\n<p><\/p>\n\n\n\n<p><\/p>\n","protected":false},"excerpt":{"rendered":"<p>A Escola de Arte Bico de Pena \u00e9 uma institui\u00e7\u00e3o dedicada ao ensino da pintura e do desenho, bem como \u00e0 dissemina\u00e7\u00e3o das mais diversas formas de arte e manifesta\u00e7\u00f5es culturais.<\/p>\n","protected":false},"author":34,"featured_media":67745,"comment_status":"open","ping_status":"closed","sticky":false,"template":"","format":"standard","meta":{"_jetpack_newsletter_access":"","_jetpack_dont_email_post_to_subs":false,"_jetpack_newsletter_tier_id":0,"_jetpack_memberships_contains_paywalled_content":false,"_jetpack_memberships_contains_paid_content":false,"footnotes":""},"categories":[9286,9274,11,9523,9583,11532],"tags":[1085,12360,3613,4225],"class_list":["post-67614","post","type-post","status-publish","format-standard","has-post-thumbnail","hentry","category-arte","category-arteplastica","category-cultura","category-exposicao","category-grafite","category-pintura","tag-artes-plasticas","tag-elifas-levi-de-souza","tag-exposicao-de-artes","tag-grafite-de-alunos"],"aioseo_notices":[],"views":2544,"jetpack_featured_media_url":"https:\/\/jornalrol.com.br\/wp-content\/uploads\/2024\/06\/IMG-20240620-WA0076-1.jpg","jetpack_sharing_enabled":true,"jetpack_likes_enabled":true,"jetpack-related-posts":[{"id":43957,"url":"https:\/\/jornalrol.com.br\/?p=43957","url_meta":{"origin":67614,"position":0},"title":"Muros com Arte chega a Sorocaba","author":"Veronica Moreira","date":"16 de agosto de 2021","format":false,"excerpt":"Projeto promove grafite de alunos de escolas p\u00fablicas inspirado em alimenta\u00e7\u00e3o saud\u00e1vel Nos pr\u00f3ximos dias 17,18 e 19 de agosto, o projeto\u00a0Muros com Arte\u00a0chega \u00e0 cidade de Sorocaba\/SP. A iniciativa da Horizonte Educa\u00e7\u00e3o e Comunica\u00e7\u00e3o, em parceria com a Diretoria de Ensino Regi\u00e3o de Sorocaba e patroc\u00ednio da @portalcoop e\u2026","rel":"","context":"Em &quot;Comunica\u00e7\u00e3o&quot;","block_context":{"text":"Comunica\u00e7\u00e3o","link":"https:\/\/jornalrol.com.br\/?cat=7"},"img":{"alt_text":"","src":"https:\/\/i0.wp.com\/jornalrol.com.br\/wp-content\/uploads\/2021\/08\/muros-com-arte.jpg?resize=350%2C200&ssl=1","width":350,"height":200,"srcset":"https:\/\/i0.wp.com\/jornalrol.com.br\/wp-content\/uploads\/2021\/08\/muros-com-arte.jpg?resize=350%2C200&ssl=1 1x, https:\/\/i0.wp.com\/jornalrol.com.br\/wp-content\/uploads\/2021\/08\/muros-com-arte.jpg?resize=525%2C300&ssl=1 1.5x, https:\/\/i0.wp.com\/jornalrol.com.br\/wp-content\/uploads\/2021\/08\/muros-com-arte.jpg?resize=700%2C400&ssl=1 2x, https:\/\/i0.wp.com\/jornalrol.com.br\/wp-content\/uploads\/2021\/08\/muros-com-arte.jpg?resize=1050%2C600&ssl=1 3x"},"classes":[]},{"id":54451,"url":"https:\/\/jornalrol.com.br\/?p=54451","url_meta":{"origin":67614,"position":1},"title":"Gleice Moreira realiza exposi\u00e7\u00e3o no Casar\u00e3o das Artes, em Caratinga-MG","author":"Veronica Moreira","date":"3 de abril de 2023","format":false,"excerpt":"A exposi\u00e7\u00e3o aconteceu no evento de\u00a0lan\u00e7amento da colet\u00e2nea Tributo aos Grandes nomes da Literatura Universal, bem como outorgas de T\u00edtulos, Comendas e Medalhas pela FEBACLA No dia 25 de mar\u00e7o de 2023, a artes\u00e3 e artista pl\u00e1stica Cleice Moreira realizou exposi\u00e7\u00e3o de suas obras no Casar\u00e3o das Artes de Caratinga,\u00a0\u2026","rel":"","context":"Em &quot;Comunica\u00e7\u00e3o&quot;","block_context":{"text":"Comunica\u00e7\u00e3o","link":"https:\/\/jornalrol.com.br\/?cat=7"},"img":{"alt_text":"","src":"https:\/\/i0.wp.com\/jornalrol.com.br\/wp-content\/uploads\/2023\/04\/gleice-kelly.jpg?resize=350%2C200&ssl=1","width":350,"height":200,"srcset":"https:\/\/i0.wp.com\/jornalrol.com.br\/wp-content\/uploads\/2023\/04\/gleice-kelly.jpg?resize=350%2C200&ssl=1 1x, https:\/\/i0.wp.com\/jornalrol.com.br\/wp-content\/uploads\/2023\/04\/gleice-kelly.jpg?resize=525%2C300&ssl=1 1.5x"},"classes":[]},{"id":68209,"url":"https:\/\/jornalrol.com.br\/?p=68209","url_meta":{"origin":67614,"position":2},"title":"Exposi\u00e7\u00e3o de Artes Visuais","author":"Sergio Diniz da Costa","date":"21 de julho de 2024","format":false,"excerpt":"No dia 20 de julho de 2024, o Instituto Welfarah realizou a Exposi\u00e7\u00e3o dos Alunos do Curso de Desenho, celebrando o final de semestre. O evento foi um sucesso.","rel":"","context":"Em &quot;Arte&quot;","block_context":{"text":"Arte","link":"https:\/\/jornalrol.com.br\/?cat=9286"},"img":{"alt_text":"Exposi\u00e7\u00e3o de Artes Visuais dos alunos do Instituto Welfarah","src":"https:\/\/i0.wp.com\/jornalrol.com.br\/wp-content\/uploads\/2024\/07\/b9b5ff6f-3f07-4f0f-8f22-543975523ce3.jpeg?resize=350%2C200&ssl=1","width":350,"height":200,"srcset":"https:\/\/i0.wp.com\/jornalrol.com.br\/wp-content\/uploads\/2024\/07\/b9b5ff6f-3f07-4f0f-8f22-543975523ce3.jpeg?resize=350%2C200&ssl=1 1x, https:\/\/i0.wp.com\/jornalrol.com.br\/wp-content\/uploads\/2024\/07\/b9b5ff6f-3f07-4f0f-8f22-543975523ce3.jpeg?resize=525%2C300&ssl=1 1.5x, https:\/\/i0.wp.com\/jornalrol.com.br\/wp-content\/uploads\/2024\/07\/b9b5ff6f-3f07-4f0f-8f22-543975523ce3.jpeg?resize=700%2C400&ssl=1 2x, https:\/\/i0.wp.com\/jornalrol.com.br\/wp-content\/uploads\/2024\/07\/b9b5ff6f-3f07-4f0f-8f22-543975523ce3.jpeg?resize=1050%2C600&ssl=1 3x"},"classes":[]},{"id":49301,"url":"https:\/\/jornalrol.com.br\/?p=49301","url_meta":{"origin":67614,"position":3},"title":"Exposi\u00e7\u00e3o de arte gratuita celebra os 63 anos da PUCPR","author":"Veronica Moreira","date":"25 de mar\u00e7o de 2022","format":false,"excerpt":"Centro Cultural da institui\u00e7\u00e3o reuniu obras de professores da Universidade; visita\u00e7\u00e3o estar\u00e1 aberta at\u00e9 o dia 17 de junho No m\u00eas em que completa 63 anos, a Pontif\u00edcia Universidade Cat\u00f3lica do Paran\u00e1 (PUCPR) reuniu mais de 20 obras de professores da institui\u00e7\u00e3o em exposi\u00e7\u00e3o que ser\u00e1 inaugurada nessa quinta-feira (17),\u2026","rel":"","context":"Em &quot;Comunica\u00e7\u00e3o&quot;","block_context":{"text":"Comunica\u00e7\u00e3o","link":"https:\/\/jornalrol.com.br\/?cat=7"},"img":{"alt_text":"","src":"https:\/\/i0.wp.com\/www.jornalrol.com.br\/wp-content\/uploads\/2022\/03\/Exposicao-PUCPR-300x300.jpg?resize=350%2C200","width":350,"height":200},"classes":[]},{"id":63531,"url":"https:\/\/jornalrol.com.br\/?p=63531","url_meta":{"origin":67614,"position":4},"title":"Projeto Voltando \u00e0 Escola","author":"Sergio Diniz da Costa","date":"4 de dezembro de 2023","format":false,"excerpt":"As seis escolas receber\u00e3o cerca de 30 artistas do Projeto Voltando \u00e0 Escola para revitaliza\u00e7\u00e3o de salas de aula e espa\u00e7os comuns por meio da arte urbana.","rel":"","context":"Em &quot;Arte&quot;","block_context":{"text":"Arte","link":"https:\/\/jornalrol.com.br\/?cat=9286"},"img":{"alt_text":"Projeto Voltando \u00e0 Escola","src":"https:\/\/i0.wp.com\/jornalrol.com.br\/wp-content\/uploads\/2023\/12\/unnamed.jpg?resize=350%2C200&ssl=1","width":350,"height":200,"srcset":"https:\/\/i0.wp.com\/jornalrol.com.br\/wp-content\/uploads\/2023\/12\/unnamed.jpg?resize=350%2C200&ssl=1 1x, https:\/\/i0.wp.com\/jornalrol.com.br\/wp-content\/uploads\/2023\/12\/unnamed.jpg?resize=525%2C300&ssl=1 1.5x, https:\/\/i0.wp.com\/jornalrol.com.br\/wp-content\/uploads\/2023\/12\/unnamed.jpg?resize=700%2C400&ssl=1 2x"},"classes":[]},{"id":6781,"url":"https:\/\/jornalrol.com.br\/?p=6781","url_meta":{"origin":67614,"position":5},"title":"Centro Cultural  de Itapetininga recebe mais uma exposi\u00e7\u00e3o","author":"Helio Rubens","date":"9 de novembro de 2016","format":false,"excerpt":"Obras s\u00e3o de diversos estilos, feitas pelo professor e seus alunos \u00a0 O Centro Cultural e Hist\u00f3rico \u2018Bras\u00edlio Ayres de Aguirre\u2019 recebe mais uma exposi\u00e7\u00e3o de artes pl\u00e1sticas. O Ateli\u00ea Arte da Vida, do artista e professor Juraci Fernandes, que tem mais de 30 anos de experi\u00eancia com aulas e\u2026","rel":"","context":"Em &quot;Comunica\u00e7\u00e3o&quot;","block_context":{"text":"Comunica\u00e7\u00e3o","link":"https:\/\/jornalrol.com.br\/?cat=7"},"img":{"alt_text":"wp_20161108_001-reduzida","src":"https:\/\/i0.wp.com\/www.jornalrol.com.br\/wp-content\/uploads\/2016\/11\/WP_20161108_001-reduzida-300x157.jpg?resize=350%2C200","width":350,"height":200},"classes":[]}],"_links":{"self":[{"href":"https:\/\/jornalrol.com.br\/index.php?rest_route=\/wp\/v2\/posts\/67614","targetHints":{"allow":["GET"]}}],"collection":[{"href":"https:\/\/jornalrol.com.br\/index.php?rest_route=\/wp\/v2\/posts"}],"about":[{"href":"https:\/\/jornalrol.com.br\/index.php?rest_route=\/wp\/v2\/types\/post"}],"author":[{"embeddable":true,"href":"https:\/\/jornalrol.com.br\/index.php?rest_route=\/wp\/v2\/users\/34"}],"replies":[{"embeddable":true,"href":"https:\/\/jornalrol.com.br\/index.php?rest_route=%2Fwp%2Fv2%2Fcomments&post=67614"}],"version-history":[{"count":16,"href":"https:\/\/jornalrol.com.br\/index.php?rest_route=\/wp\/v2\/posts\/67614\/revisions"}],"predecessor-version":[{"id":67834,"href":"https:\/\/jornalrol.com.br\/index.php?rest_route=\/wp\/v2\/posts\/67614\/revisions\/67834"}],"wp:featuredmedia":[{"embeddable":true,"href":"https:\/\/jornalrol.com.br\/index.php?rest_route=\/wp\/v2\/media\/67745"}],"wp:attachment":[{"href":"https:\/\/jornalrol.com.br\/index.php?rest_route=%2Fwp%2Fv2%2Fmedia&parent=67614"}],"wp:term":[{"taxonomy":"category","embeddable":true,"href":"https:\/\/jornalrol.com.br\/index.php?rest_route=%2Fwp%2Fv2%2Fcategories&post=67614"},{"taxonomy":"post_tag","embeddable":true,"href":"https:\/\/jornalrol.com.br\/index.php?rest_route=%2Fwp%2Fv2%2Ftags&post=67614"}],"curies":[{"name":"wp","href":"https:\/\/api.w.org\/{rel}","templated":true}]}}