{"id":67698,"date":"2024-06-23T07:00:00","date_gmt":"2024-06-23T10:00:00","guid":{"rendered":"https:\/\/jornalrol.com.br\/?p=67698"},"modified":"2024-06-24T10:57:41","modified_gmt":"2024-06-24T13:57:41","slug":"titulo-imortal-grandeza-academica","status":"publish","type":"post","link":"https:\/\/jornalrol.com.br\/?p=67698","title":{"rendered":"T\u00edtulo Imortal Grandeza Acad\u00eamica"},"content":{"rendered":"<div class=\"pdfprnt-buttons pdfprnt-buttons-post pdfprnt-top-right\"><a href=\"https:\/\/jornalrol.com.br\/index.php?rest_route=%2Fwp%2Fv2%2Fposts%2F67698&print=pdf\" class=\"pdfprnt-button pdfprnt-button-pdf\" target=\"_blank\" ><\/a><a href=\"https:\/\/jornalrol.com.br\/index.php?rest_route=%2Fwp%2Fv2%2Fposts%2F67698&print=print\" class=\"pdfprnt-button pdfprnt-button-print\" target=\"_blank\" ><img decoding=\"async\" src=\"https:\/\/jornalrol.com.br\/wp-content\/plugins\/pdf-print\/images\/print.png\" alt=\"image_print\" title=\"Conte\u00fado de impress\u00e3o\" \/><\/a><\/div>\n<h2 class=\"wp-block-heading has-text-align-center\">O T\u00edtulo Imortal Grandeza Acad\u00eamica | Em celebra\u00e7\u00e3o &#8216;Aos Caminhos de Darwin&#8217;, e a Aldeia concedem a Grandeza Acad\u00eamica em sua Edi\u00e7\u00e3o Pegadas na Aldeia<br><br><\/h2>\n\n\n\n<div class=\"wp-block-columns is-layout-flex wp-container-core-columns-is-layout-9d6595d7 wp-block-columns-is-layout-flex\">\n<div class=\"wp-block-column is-layout-flow wp-block-column-is-layout-flow\"><div class=\"wp-block-image\">\n<figure class=\"alignleft size-full\"><img loading=\"lazy\" decoding=\"async\" width=\"1080\" height=\"1080\" data-attachment-id=\"67702\" data-permalink=\"https:\/\/jornalrol.com.br\/?attachment_id=67702\" data-orig-file=\"https:\/\/jornalrol.com.br\/wp-content\/uploads\/2024\/06\/448904209_469822815635343_6739463174544903256_n-1.jpg\" data-orig-size=\"1080,1080\" data-comments-opened=\"1\" data-image-meta=\"{&quot;aperture&quot;:&quot;0&quot;,&quot;credit&quot;:&quot;&quot;,&quot;camera&quot;:&quot;&quot;,&quot;caption&quot;:&quot;&quot;,&quot;created_timestamp&quot;:&quot;0&quot;,&quot;copyright&quot;:&quot;&quot;,&quot;focal_length&quot;:&quot;0&quot;,&quot;iso&quot;:&quot;0&quot;,&quot;shutter_speed&quot;:&quot;0&quot;,&quot;title&quot;:&quot;&quot;,&quot;orientation&quot;:&quot;0&quot;}\" data-image-title=\"448904209_469822815635343_6739463174544903256_n-1\" data-image-description=\"\" data-image-caption=\"\" data-large-file=\"https:\/\/jornalrol.com.br\/wp-content\/uploads\/2024\/06\/448904209_469822815635343_6739463174544903256_n-1.jpg\" src=\"http:\/\/jornalrol.com.br\/wp-content\/uploads\/2024\/06\/448904209_469822815635343_6739463174544903256_n-1.jpg\" alt=\"Caminhos de Darwin\" class=\"wp-image-67702\" srcset=\"https:\/\/jornalrol.com.br\/wp-content\/uploads\/2024\/06\/448904209_469822815635343_6739463174544903256_n-1.jpg 1080w, https:\/\/jornalrol.com.br\/wp-content\/uploads\/2024\/06\/448904209_469822815635343_6739463174544903256_n-1-600x600.jpg 600w, https:\/\/jornalrol.com.br\/wp-content\/uploads\/2024\/06\/448904209_469822815635343_6739463174544903256_n-1-768x768.jpg 768w\" sizes=\"auto, (max-width: 1080px) 100vw, 1080px\" \/><figcaption class=\"wp-element-caption\">Caminhos de Darwin<\/figcaption><\/figure>\n<\/div><\/div>\n\n\n\n<div class=\"wp-block-column is-layout-flow wp-block-column-is-layout-flow\"><div class=\"wp-block-image\">\n<figure class=\"alignleft size-full\"><img loading=\"lazy\" decoding=\"async\" width=\"1080\" height=\"1080\" data-attachment-id=\"67700\" data-permalink=\"https:\/\/jornalrol.com.br\/?attachment_id=67700\" data-orig-file=\"https:\/\/jornalrol.com.br\/wp-content\/uploads\/2024\/06\/448900072_469833518967606_55999898626888628_n.jpg\" data-orig-size=\"1080,1080\" data-comments-opened=\"1\" data-image-meta=\"{&quot;aperture&quot;:&quot;0&quot;,&quot;credit&quot;:&quot;&quot;,&quot;camera&quot;:&quot;&quot;,&quot;caption&quot;:&quot;&quot;,&quot;created_timestamp&quot;:&quot;0&quot;,&quot;copyright&quot;:&quot;&quot;,&quot;focal_length&quot;:&quot;0&quot;,&quot;iso&quot;:&quot;0&quot;,&quot;shutter_speed&quot;:&quot;0&quot;,&quot;title&quot;:&quot;&quot;,&quot;orientation&quot;:&quot;0&quot;}\" data-image-title=\"448900072_469833518967606_55999898626888628_n\" data-image-description=\"\" data-image-caption=\"\" data-large-file=\"https:\/\/jornalrol.com.br\/wp-content\/uploads\/2024\/06\/448900072_469833518967606_55999898626888628_n.jpg\" src=\"http:\/\/jornalrol.com.br\/wp-content\/uploads\/2024\/06\/448900072_469833518967606_55999898626888628_n.jpg\" alt=\"Caminhos de Darwin\" class=\"wp-image-67700\" srcset=\"https:\/\/jornalrol.com.br\/wp-content\/uploads\/2024\/06\/448900072_469833518967606_55999898626888628_n.jpg 1080w, https:\/\/jornalrol.com.br\/wp-content\/uploads\/2024\/06\/448900072_469833518967606_55999898626888628_n-600x600.jpg 600w, https:\/\/jornalrol.com.br\/wp-content\/uploads\/2024\/06\/448900072_469833518967606_55999898626888628_n-768x768.jpg 768w\" sizes=\"auto, (max-width: 1080px) 100vw, 1080px\" \/><figcaption class=\"wp-element-caption\">Pegadas na Aldeia<\/figcaption><\/figure>\n<\/div><\/div>\n<\/div>\n\n\n\n<div class=\"wp-block-columns is-layout-flex wp-container-core-columns-is-layout-9d6595d7 wp-block-columns-is-layout-flex\">\n<div class=\"wp-block-column is-layout-flow wp-block-column-is-layout-flow\"><\/div>\n\n\n\n<div class=\"wp-block-column is-layout-flow wp-block-column-is-layout-flow\"><\/div>\n<\/div>\n\n\n\n<p class=\"has-drop-cap\">APENAS 20 PREMIADOS!<\/p>\n\n\n\n<p>O T\u00edtulo Imortal Grandeza Acad\u00eamica | Em celebra\u00e7\u00e3o &#8220;Aos Caminhos de Darwin&#8221;, e a Aldeia concede a Grandeza Acad\u00eamica em sua Edi\u00e7\u00e3o Pegadas na Aldeia.<\/p>\n\n\n\n<p>A Comemora\u00e7\u00e3o ser\u00e1 dividida em tr\u00eas partes. A outorga de 20 Titula\u00e7\u00f5es \u00danicas do T\u00edtulo Grandeza Acad\u00eamica e reconhecimento Honoris Causa, 15 Comemdas Charles Darwin de Alt\u00edssimos Saberes e a &#8220;Colet\u00e2nea Digital Internacional Caminhos de Darwin, Pegadas na Aldeia&#8221;.<\/p>\n\n\n\n<p>Nesta premia\u00e7\u00e3o que n\u00e3o ter\u00e1 uma segunda edi\u00e7\u00e3o apenas 20 artistas nacionais ser\u00e3o outorgados por seus m\u00e9ritos art\u00edsticos, Acad\u00eamicos e Cient\u00edficos.<\/p>\n\n\n\n<p>\u2022<strong> Sobre os Caminhos de Darwin<\/strong><\/p>\n\n\n\n<p>\u2022 1832 | Depois de deixar a Inglaterra em 27 de dezembro de 1831, o Beagle, barco no qual viajava Charles Darwin, chegou ao Brasil em fevereiro de 1832. Antes de aportar em Salvador, fez uma passagem r\u00e1pida pelo arquip\u00e9lago de Fernando de Noronha e, em 29 de fevereiro, chegou \u00e0 capital baiana, onde ficou at\u00e9 18 de mar\u00e7o.<\/p>\n\n\n\n<p>Em 5 de abril, chegou ao Rio de Janeiro. Neste ponto da viagem, Darwin ficou no Rio, pois o Beagle teve que retornar \u00e0 Bahia para refazer algumas medi\u00e7\u00f5es cartogr\u00e1ficas. Darwin residiu, ent\u00e3o, em Botafogo e fez pequenas expedi\u00e7\u00f5es pela Floresta da Tijuca, Jardim Bot\u00e2nico, Penha e G\u00e1vea. Subiu o Corcovado e foi ca\u00e7ar na Fazenda dos Macacos.<\/p>\n\n\n\n<p>\u2022 1832 | Darwin viajou pelo norte fluminense subindo a serra da Tiririca, em Niter\u00f3i; passou por Maric\u00e1, Saquarema, Araruama, S\u00e3o Pedro da Aldeia, Cabo Frio, Barra de S\u00e3o Jo\u00e3o, Maca\u00e9, Concei\u00e7\u00e3o de Macabu, Rio Bonito e Itabora\u00ed.<\/p>\n\n\n\n<p>&#8220;Partimos animados antes que clareasse, mas \u00e0s 15 milhas [24km] de areia pesada antes de tomarmos o caf\u00e9 da manh\u00e3 em Aldeia de S\u00e3o Pedro praticamente destru\u00edram os bons modos do nosso grupo.&#8221; &#8211; Charles Darwin<\/p>\n\n\n\n<p>\u2022 D\u00daVIDAS DE COMO SER UM DOS 20 PREMIADOS NESTA EDI\u00c7\u00c3O \u00daNICA!<\/p>\n\n\n\n<p>WhatsApp: <a href=\"https:\/\/wa.me\/message\/JHL6OCC5EHNUF1\">https:\/\/wa.me\/message\/JHL6OCC5EHNUF1<\/a><\/p>\n\n\n\n<p><a href=\"https:\/\/jornalrol.com.br\/\" title=\"Voltar\">Voltar<\/a><\/p>\n\n\n\n<p><a href=\"https:\/\/www.facebook.com\/JCulturalrol\/\" title=\"Facebook\">Facebook<\/a><\/p>\n","protected":false},"excerpt":{"rendered":"<p>O T\u00edtulo Imortal Grandeza Acad\u00eamica | Em celebra\u00e7\u00e3o &#8220;Aos Caminhos de Darwin&#8221;, e a Aldeia concede a Grandeza Acad\u00eamica em sua Edi\u00e7\u00e3o Pegadas na Aldeia.<\/p>\n","protected":false},"author":6,"featured_media":67702,"comment_status":"open","ping_status":"closed","sticky":false,"template":"","format":"standard","meta":{"_jetpack_newsletter_access":"","_jetpack_dont_email_post_to_subs":false,"_jetpack_newsletter_tier_id":0,"_jetpack_memberships_contains_paywalled_content":false,"_jetpack_memberships_contains_paid_content":false,"footnotes":""},"categories":[9391,7],"tags":[781,12319,12318,12317],"class_list":["post-67698","post","type-post","status-publish","format-standard","has-post-thumbnail","hentry","category-academiasefederacoes","category-comunicacao","tag-alspa","tag-aos-caminhos-de-darwin","tag-edicao-pegadas-na-aldeia","tag-titulo-imortal-grandeza-academica"],"aioseo_notices":[],"views":808,"jetpack_featured_media_url":"https:\/\/jornalrol.com.br\/wp-content\/uploads\/2024\/06\/448904209_469822815635343_6739463174544903256_n-1.jpg","jetpack_sharing_enabled":true,"jetpack_likes_enabled":true,"jetpack-related-posts":[{"id":76026,"url":"https:\/\/jornalrol.com.br\/?p=76026","url_meta":{"origin":67698,"position":0},"title":"Patrim\u00f4nio Cultural Brasileiro","author":"Sergio Diniz da Costa","date":"6 de outubro de 2025","format":false,"excerpt":"Ser um Patrim\u00f4nio Cultural \u00e9 ser um representante da riqueza cultural e art\u00edstica de um pa\u00eds, um s\u00edmbolo de inspira\u00e7\u00e3o e refer\u00eancia para as gera\u00e7\u00f5es futuras.","rel":"","context":"Em &quot;Academias e Federa\u00e7\u00f5es de Artes&quot;","block_context":{"text":"Academias e Federa\u00e7\u00f5es de Artes","link":"https:\/\/jornalrol.com.br\/?cat=9391"},"img":{"alt_text":"T\u00edtulo Imortal Gr\u00e3o Acad\u00eamico | Patrim\u00f4nio Cultural Brasileiro","src":"https:\/\/i0.wp.com\/jornalrol.com.br\/wp-content\/uploads\/2025\/10\/557663552_803123625638592_3543515688344982968_n.jpg?resize=350%2C200&ssl=1","width":350,"height":200,"srcset":"https:\/\/i0.wp.com\/jornalrol.com.br\/wp-content\/uploads\/2025\/10\/557663552_803123625638592_3543515688344982968_n.jpg?resize=350%2C200&ssl=1 1x, https:\/\/i0.wp.com\/jornalrol.com.br\/wp-content\/uploads\/2025\/10\/557663552_803123625638592_3543515688344982968_n.jpg?resize=525%2C300&ssl=1 1.5x"},"classes":[]},{"id":78426,"url":"https:\/\/jornalrol.com.br\/?p=78426","url_meta":{"origin":67698,"position":1},"title":"Comenda Princesa das Cam\u00e9lias","author":"Sergio Diniz da Costa","date":"11 de fevereiro de 2026","format":false,"excerpt":"A ALSPA, em comemora\u00e7\u00e3o ao seu anivers\u00e1rio, apresenta a nova edi\u00e7\u00e3o do mais prestigioso t\u00edtulo da ALSPA, Comenda Princesa das Cam\u00e9lias, destinado a...","rel":"","context":"Em &quot;Academias e Federa\u00e7\u00f5es de Artes&quot;","block_context":{"text":"Academias e Federa\u00e7\u00f5es de Artes","link":"https:\/\/jornalrol.com.br\/?cat=9391"},"img":{"alt_text":"Comenda Princesa das C\u00e1m\u00e9lias - Imortal Munumento Cultural Imperial","src":"https:\/\/i0.wp.com\/jornalrol.com.br\/wp-content\/uploads\/2026\/02\/8817c828-a3ec-4e0c-9853-ccb07e1b9b3b-1.jpg?resize=350%2C200&ssl=1","width":350,"height":200,"srcset":"https:\/\/i0.wp.com\/jornalrol.com.br\/wp-content\/uploads\/2026\/02\/8817c828-a3ec-4e0c-9853-ccb07e1b9b3b-1.jpg?resize=350%2C200&ssl=1 1x, https:\/\/i0.wp.com\/jornalrol.com.br\/wp-content\/uploads\/2026\/02\/8817c828-a3ec-4e0c-9853-ccb07e1b9b3b-1.jpg?resize=525%2C300&ssl=1 1.5x, https:\/\/i0.wp.com\/jornalrol.com.br\/wp-content\/uploads\/2026\/02\/8817c828-a3ec-4e0c-9853-ccb07e1b9b3b-1.jpg?resize=700%2C400&ssl=1 2x, https:\/\/i0.wp.com\/jornalrol.com.br\/wp-content\/uploads\/2026\/02\/8817c828-a3ec-4e0c-9853-ccb07e1b9b3b-1.jpg?resize=1050%2C600&ssl=1 3x"},"classes":[]},{"id":65961,"url":"https:\/\/jornalrol.com.br\/?p=65961","url_meta":{"origin":67698,"position":2},"title":"ALSPA inicia processo de sele\u00e7\u00e3o para neoacad\u00eamicos imortais","author":"Sergio Diniz da Costa","date":"27 de abril de 2024","format":false,"excerpt":"A Academia de Letras S\u00e3o Pedro da Aldeia | ALSPA convida os interessados para participarem do processo de sele\u00e7\u00e3o dos neoacad\u00eamicos(as) imortais.","rel":"","context":"Em &quot;Academias e Federa\u00e7\u00f5es de Artes&quot;","block_context":{"text":"Academias e Federa\u00e7\u00f5es de Artes","link":"https:\/\/jornalrol.com.br\/?cat=9391"},"img":{"alt_text":"Logo da ALSPA - Academia de Letras de S\u00e3o Pedro da Aldeia","src":"https:\/\/i0.wp.com\/jornalrol.com.br\/wp-content\/uploads\/2024\/04\/18426765-425c-4450-912c-3d9743303902.jpg?resize=350%2C200&ssl=1","width":350,"height":200,"srcset":"https:\/\/i0.wp.com\/jornalrol.com.br\/wp-content\/uploads\/2024\/04\/18426765-425c-4450-912c-3d9743303902.jpg?resize=350%2C200&ssl=1 1x, https:\/\/i0.wp.com\/jornalrol.com.br\/wp-content\/uploads\/2024\/04\/18426765-425c-4450-912c-3d9743303902.jpg?resize=525%2C300&ssl=1 1.5x, https:\/\/i0.wp.com\/jornalrol.com.br\/wp-content\/uploads\/2024\/04\/18426765-425c-4450-912c-3d9743303902.jpg?resize=700%2C400&ssl=1 2x, https:\/\/i0.wp.com\/jornalrol.com.br\/wp-content\/uploads\/2024\/04\/18426765-425c-4450-912c-3d9743303902.jpg?resize=1050%2C600&ssl=1 3x"},"classes":[]},{"id":65461,"url":"https:\/\/jornalrol.com.br\/?p=65461","url_meta":{"origin":67698,"position":3},"title":"ALSPA outorga t\u00edtulo honor\u00edfico de Gr\u00e3o-Mestre das Artes","author":"Sergio Diniz da Costa","date":"3 de abril de 2024","format":false,"excerpt":"A Academia de Letras de S\u00e3o Pedro da Aldeia | ALSPA, institui a outorga do t\u00edtulo honor\u00edfico de GR\u00c3O-MESTRE DAS ARTES com o intuito de destacar a...","rel":"","context":"Em &quot;Literatura&quot;","block_context":{"text":"Literatura","link":"https:\/\/jornalrol.com.br\/?cat=9285"},"img":{"alt_text":"Logo do t\u00edtulo honor\u00edfico Gr\u00e3o-Mestre das Artes","src":"https:\/\/i0.wp.com\/jornalrol.com.br\/wp-content\/uploads\/2024\/04\/d04ae6a3-3abf-46fa-9ee5-b1858f00d5d9.jpg?resize=350%2C200&ssl=1","width":350,"height":200,"srcset":"https:\/\/i0.wp.com\/jornalrol.com.br\/wp-content\/uploads\/2024\/04\/d04ae6a3-3abf-46fa-9ee5-b1858f00d5d9.jpg?resize=350%2C200&ssl=1 1x, https:\/\/i0.wp.com\/jornalrol.com.br\/wp-content\/uploads\/2024\/04\/d04ae6a3-3abf-46fa-9ee5-b1858f00d5d9.jpg?resize=525%2C300&ssl=1 1.5x, https:\/\/i0.wp.com\/jornalrol.com.br\/wp-content\/uploads\/2024\/04\/d04ae6a3-3abf-46fa-9ee5-b1858f00d5d9.jpg?resize=700%2C400&ssl=1 2x, https:\/\/i0.wp.com\/jornalrol.com.br\/wp-content\/uploads\/2024\/04\/d04ae6a3-3abf-46fa-9ee5-b1858f00d5d9.jpg?resize=1050%2C600&ssl=1 3x"},"classes":[]},{"id":70673,"url":"https:\/\/jornalrol.com.br\/?p=70673","url_meta":{"origin":67698,"position":4},"title":"Solenidade de posse dos novos membros da ALSPA","author":"Sergio Diniz da Costa","date":"11 de novembro de 2024","format":false,"excerpt":"No dia 8 de novembro, na hist\u00f3rica Casa dos Azulejos, ocorreu a solenidade de posse dos novos membros da ALSPA, marcando um momento hist\u00f3rico para a...","rel":"","context":"Em &quot;Academias e Federa\u00e7\u00f5es de Artes&quot;","block_context":{"text":"Academias e Federa\u00e7\u00f5es de Artes","link":"https:\/\/jornalrol.com.br\/?cat=9391"},"img":{"alt_text":"Solenidade de Posse de Novos Membros da Academia de Letras de S\u00e3o Pedro da Aldeia","src":"https:\/\/i0.wp.com\/jornalrol.com.br\/wp-content\/uploads\/2024\/11\/efeb220a-5a54-4ddc-8578-ce2c29b6f5c2.jpeg?resize=350%2C200&ssl=1","width":350,"height":200,"srcset":"https:\/\/i0.wp.com\/jornalrol.com.br\/wp-content\/uploads\/2024\/11\/efeb220a-5a54-4ddc-8578-ce2c29b6f5c2.jpeg?resize=350%2C200&ssl=1 1x, https:\/\/i0.wp.com\/jornalrol.com.br\/wp-content\/uploads\/2024\/11\/efeb220a-5a54-4ddc-8578-ce2c29b6f5c2.jpeg?resize=525%2C300&ssl=1 1.5x, https:\/\/i0.wp.com\/jornalrol.com.br\/wp-content\/uploads\/2024\/11\/efeb220a-5a54-4ddc-8578-ce2c29b6f5c2.jpeg?resize=700%2C400&ssl=1 2x, https:\/\/i0.wp.com\/jornalrol.com.br\/wp-content\/uploads\/2024\/11\/efeb220a-5a54-4ddc-8578-ce2c29b6f5c2.jpeg?resize=1050%2C600&ssl=1 3x"},"classes":[]},{"id":45295,"url":"https:\/\/jornalrol.com.br\/?p=45295","url_meta":{"origin":67698,"position":5},"title":"FLISPA &#8211; Feira Liter\u00e1ria de S\u00e3o Pedro da Aldeia anuncia as datas de sua 1\u00aa edi\u00e7\u00e3o","author":"Sergio Diniz da Costa","date":"4 de outubro de 2021","format":false,"excerpt":"Com a tem\u00e1tica 'Talento Local',\u00a0O evento vai acontecer do dia 15 a 29 de outubro, na Casa de Cultura de S\u00e3o Pedro da Aldeia FLISPA - Feira Liter\u00e1ria de S\u00e3o Pedro da Aldeia anuncia as datas de sua 1\u00aa edi\u00e7\u00e3o. O evento vai acontecer do dia 15 a 29 de\u2026","rel":"","context":"Em &quot;Comunica\u00e7\u00e3o&quot;","block_context":{"text":"Comunica\u00e7\u00e3o","link":"https:\/\/jornalrol.com.br\/?cat=7"},"img":{"alt_text":"","src":"https:\/\/i0.wp.com\/jornalrol.com.br\/wp-content\/uploads\/2021\/10\/5a843cc4-d187-486a-98ca-b1da725f8987.jpg?resize=350%2C200&ssl=1","width":350,"height":200,"srcset":"https:\/\/i0.wp.com\/jornalrol.com.br\/wp-content\/uploads\/2021\/10\/5a843cc4-d187-486a-98ca-b1da725f8987.jpg?resize=350%2C200&ssl=1 1x, https:\/\/i0.wp.com\/jornalrol.com.br\/wp-content\/uploads\/2021\/10\/5a843cc4-d187-486a-98ca-b1da725f8987.jpg?resize=525%2C300&ssl=1 1.5x, https:\/\/i0.wp.com\/jornalrol.com.br\/wp-content\/uploads\/2021\/10\/5a843cc4-d187-486a-98ca-b1da725f8987.jpg?resize=700%2C400&ssl=1 2x"},"classes":[]}],"_links":{"self":[{"href":"https:\/\/jornalrol.com.br\/index.php?rest_route=\/wp\/v2\/posts\/67698","targetHints":{"allow":["GET"]}}],"collection":[{"href":"https:\/\/jornalrol.com.br\/index.php?rest_route=\/wp\/v2\/posts"}],"about":[{"href":"https:\/\/jornalrol.com.br\/index.php?rest_route=\/wp\/v2\/types\/post"}],"author":[{"embeddable":true,"href":"https:\/\/jornalrol.com.br\/index.php?rest_route=\/wp\/v2\/users\/6"}],"replies":[{"embeddable":true,"href":"https:\/\/jornalrol.com.br\/index.php?rest_route=%2Fwp%2Fv2%2Fcomments&post=67698"}],"version-history":[{"count":4,"href":"https:\/\/jornalrol.com.br\/index.php?rest_route=\/wp\/v2\/posts\/67698\/revisions"}],"predecessor-version":[{"id":67705,"href":"https:\/\/jornalrol.com.br\/index.php?rest_route=\/wp\/v2\/posts\/67698\/revisions\/67705"}],"wp:featuredmedia":[{"embeddable":true,"href":"https:\/\/jornalrol.com.br\/index.php?rest_route=\/wp\/v2\/media\/67702"}],"wp:attachment":[{"href":"https:\/\/jornalrol.com.br\/index.php?rest_route=%2Fwp%2Fv2%2Fmedia&parent=67698"}],"wp:term":[{"taxonomy":"category","embeddable":true,"href":"https:\/\/jornalrol.com.br\/index.php?rest_route=%2Fwp%2Fv2%2Fcategories&post=67698"},{"taxonomy":"post_tag","embeddable":true,"href":"https:\/\/jornalrol.com.br\/index.php?rest_route=%2Fwp%2Fv2%2Ftags&post=67698"}],"curies":[{"name":"wp","href":"https:\/\/api.w.org\/{rel}","templated":true}]}}