{"id":68223,"date":"2024-07-22T21:45:31","date_gmt":"2024-07-23T00:45:31","guid":{"rendered":"https:\/\/jornalrol.com.br\/?p=68223"},"modified":"2024-07-22T21:45:51","modified_gmt":"2024-07-23T00:45:51","slug":"dentro-de-mim","status":"publish","type":"post","link":"https:\/\/jornalrol.com.br\/?p=68223","title":{"rendered":"Dentro de mim"},"content":{"rendered":"<div class=\"pdfprnt-buttons pdfprnt-buttons-post pdfprnt-top-right\"><a href=\"https:\/\/jornalrol.com.br\/index.php?rest_route=%2Fwp%2Fv2%2Fposts%2F68223&print=pdf\" class=\"pdfprnt-button pdfprnt-button-pdf\" target=\"_blank\" ><\/a><a href=\"https:\/\/jornalrol.com.br\/index.php?rest_route=%2Fwp%2Fv2%2Fposts%2F68223&print=print\" class=\"pdfprnt-button pdfprnt-button-print\" target=\"_blank\" ><img decoding=\"async\" src=\"https:\/\/jornalrol.com.br\/wp-content\/plugins\/pdf-print\/images\/print.png\" alt=\"image_print\" title=\"Conte\u00fado de impress\u00e3o\" \/><\/a><\/div>\n<h2 class=\"wp-block-heading has-text-align-center\">Ver\u00f4nica Moreira: Poema &#8216;Dentro de Mim&#8217;<br><br><\/h2>\n\n\n<div class=\"wp-block-image is-style-rounded\">\n<figure class=\"aligncenter is-resized\"><img loading=\"lazy\" decoding=\"async\" width=\"1280\" height=\"1600\" data-attachment-id=\"66919\" data-permalink=\"https:\/\/jornalrol.com.br\/?attachment_id=66919\" data-orig-file=\"https:\/\/jornalrol.com.br\/wp-content\/uploads\/2024\/05\/2ed3efa2-e49b-4316-aee4-362a2f1d03b2-2.jpg\" data-orig-size=\"1280,1600\" data-comments-opened=\"1\" data-image-meta=\"{&quot;aperture&quot;:&quot;0&quot;,&quot;credit&quot;:&quot;&quot;,&quot;camera&quot;:&quot;&quot;,&quot;caption&quot;:&quot;&quot;,&quot;created_timestamp&quot;:&quot;0&quot;,&quot;copyright&quot;:&quot;&quot;,&quot;focal_length&quot;:&quot;0&quot;,&quot;iso&quot;:&quot;0&quot;,&quot;shutter_speed&quot;:&quot;0&quot;,&quot;title&quot;:&quot;&quot;,&quot;orientation&quot;:&quot;0&quot;}\" data-image-title=\"2ed3efa2-e49b-4316-aee4-362a2f1d03b2-2\" data-image-description=\"&lt;p&gt;Ver\u00f4nica Moreira&lt;\/p&gt;\n\" data-image-caption=\"&lt;p&gt;Ver\u00f4nica Moreira&lt;\/p&gt;\n\" data-large-file=\"https:\/\/jornalrol.com.br\/wp-content\/uploads\/2024\/05\/2ed3efa2-e49b-4316-aee4-362a2f1d03b2-2.jpg\" src=\"https:\/\/jornalrol.com.br\/wp-content\/uploads\/2024\/05\/2ed3efa2-e49b-4316-aee4-362a2f1d03b2-2.jpg\" alt=\"Ver\u00f4nica Moreira\" class=\"wp-image-66919\" style=\"width:121px;height:auto\" srcset=\"https:\/\/jornalrol.com.br\/wp-content\/uploads\/2024\/05\/2ed3efa2-e49b-4316-aee4-362a2f1d03b2-2.jpg 1280w, https:\/\/jornalrol.com.br\/wp-content\/uploads\/2024\/05\/2ed3efa2-e49b-4316-aee4-362a2f1d03b2-2-960x1200.jpg 960w, https:\/\/jornalrol.com.br\/wp-content\/uploads\/2024\/05\/2ed3efa2-e49b-4316-aee4-362a2f1d03b2-2-768x960.jpg 768w, https:\/\/jornalrol.com.br\/wp-content\/uploads\/2024\/05\/2ed3efa2-e49b-4316-aee4-362a2f1d03b2-2-1229x1536.jpg 1229w\" sizes=\"auto, (max-width: 1280px) 100vw, 1280px\" \/><figcaption class=\"wp-element-caption\">Ver\u00f4nica Moreira<\/figcaption><\/figure>\n<\/div>\n\n<div class=\"wp-block-image\">\n<figure class=\"aligncenter size-full is-resized\"><img loading=\"lazy\" decoding=\"async\" width=\"512\" height=\"512\" data-attachment-id=\"68225\" data-permalink=\"https:\/\/jornalrol.com.br\/?attachment_id=68225\" data-orig-file=\"https:\/\/jornalrol.com.br\/wp-content\/uploads\/2024\/07\/b2d3e2a8-e22d-4c85-9b1d-12247cf66b59-1.jpg\" data-orig-size=\"512,512\" data-comments-opened=\"1\" data-image-meta=\"{&quot;aperture&quot;:&quot;0&quot;,&quot;credit&quot;:&quot;&quot;,&quot;camera&quot;:&quot;&quot;,&quot;caption&quot;:&quot;&quot;,&quot;created_timestamp&quot;:&quot;0&quot;,&quot;copyright&quot;:&quot;&quot;,&quot;focal_length&quot;:&quot;0&quot;,&quot;iso&quot;:&quot;0&quot;,&quot;shutter_speed&quot;:&quot;0&quot;,&quot;title&quot;:&quot;&quot;,&quot;orientation&quot;:&quot;0&quot;}\" data-image-title=\"b2d3e2a8-e22d-4c85-9b1d-12247cf66b59\" data-image-description=\"\" data-image-caption=\"\" data-large-file=\"https:\/\/jornalrol.com.br\/wp-content\/uploads\/2024\/07\/b2d3e2a8-e22d-4c85-9b1d-12247cf66b59-1.jpg\" src=\"http:\/\/jornalrol.com.br\/wp-content\/uploads\/2024\/07\/b2d3e2a8-e22d-4c85-9b1d-12247cf66b59-1.jpg\" alt=\"Dentro de mim\" class=\"wp-image-68225\" style=\"width:354px;height:auto\"\/><figcaption class=\"wp-element-caption\">Imagem criada pela IA do Bing<\/figcaption><\/figure>\n<\/div>\n\n\n<p class=\"has-text-align-center\">O vento fez a curva<br>Na quina da varanda<br>Eu, no balan\u00e7o do vento<br>Dancei em teus bra\u00e7os<\/p>\n\n\n\n<p class=\"has-text-align-center\">Meu amor veio com o vento<br>Dan\u00e7ar no meu pensamento<br>Rompendo o desalento<br>De um forte querer de dentro<\/p>\n\n\n\n<p class=\"has-text-align-center\">Querer que insiste em ter novamente<br>O toque mais envolvente<br>A saudade mais ardente <\/p>\n\n\n\n<p class=\"has-text-align-center\">Aquela que arde frequente<br>Que acaricia, mas tamb\u00e9m machuca.<br>Uma presen\u00e7a insistente<br>Que bagun\u00e7a por dentro da gente.<\/p>\n\n\n\n<p class=\"has-text-align-center\">Ah, que vida de del\u00edcias e amargura!<br>Que amor \u00e9 esse que n\u00e3o cura<br>Que faz c\u00f3cegas no cora\u00e7\u00e3o<br>Mas, que n\u00e3o permite express\u00f5es aparentes&#8230;<\/p>\n\n\n\n<p class=\"has-text-align-center\">Deixo comigo guardado<br>No sil\u00eancio da casa externa<br>Nos ru\u00eddos da casa interna<br>No descompassar do cora\u00e7\u00e3o.<\/p>\n\n\n\n<p class=\"has-text-align-center\">Deixo aqui sufocado<br>No sorriso que marcou<br>Nas p\u00e1ginas em branco que ficou<\/p>\n\n\n\n<p class=\"has-text-align-center\">Nas que escrevi ap\u00f3s a nossa despedida<\/p>\n\n\n\n<p class=\"has-text-align-center\">T\u00e1 tudo aqui\u2026<br>Dentro de mim.<\/p>\n\n\n\n<p class=\"has-text-align-center\"><br><strong>Ver\u00f4nica Moreira<\/strong><\/p>\n\n\n\n<p class=\"has-text-align-center\">22 de Julho de 2024<\/p>\n\n\n\n<p class=\"has-text-align-center\"><br><strong>Contatos com a autora<\/strong><\/p>\n\n\n\n<div class=\"wp-block-columns is-layout-flex wp-container-core-columns-is-layout-9d6595d7 wp-block-columns-is-layout-flex\">\n<div class=\"wp-block-column is-layout-flow wp-block-column-is-layout-flow\">\n<h4 class=\"wp-block-heading has-text-align-center has-blush-light-purple-gradient-background has-background\"><a href=\"https:\/\/www.facebook.com\/profile.php?id=100013839554942\" target=\"_blank\" rel=\"noopener\" title=\"\">Facebook<\/a><\/h4>\n<\/div>\n\n\n\n<div class=\"wp-block-column is-layout-flow wp-block-column-is-layout-flow\">\n<h4 class=\"wp-block-heading has-text-align-center has-blush-light-purple-gradient-background has-background\"><a href=\"https:\/\/www.instagram.com\/baronesa.veronicamoreira?igsh=MW9oNWlrZ2Nnc3Fldg==\" target=\"_blank\" rel=\"noopener\" title=\"\">Instagram<\/a><\/h4>\n<\/div>\n<\/div>\n\n\n\n<div class=\"wp-block-columns is-layout-flex wp-container-core-columns-is-layout-9d6595d7 wp-block-columns-is-layout-flex\">\n<div class=\"wp-block-column is-layout-flow wp-block-column-is-layout-flow\">\n<p class=\"has-text-align-center\"><\/p>\n\n\n\n<p><a href=\"https:\/\/jornalrol.com.br\/\" title=\"Voltar\">Voltar<\/a><\/p>\n\n\n\n<p><a href=\"https:\/\/www.facebook.com\/JCulturalRol\/\" title=\"Facebook\">Facebook<\/a><\/p>\n<\/div>\n\n\n\n<div class=\"wp-block-column is-layout-flow wp-block-column-is-layout-flow\"><\/div>\n<\/div>\n","protected":false},"excerpt":{"rendered":"<p>O vento fez a curva na quina da varanda. Eu, no balan\u00e7o do vento, dancei em teus bra\u00e7os. Meu amor veio com o vento dan\u00e7ar no meu pensamento, rompendo o&#8230;<\/p>\n","protected":false},"author":34,"featured_media":68225,"comment_status":"open","ping_status":"closed","sticky":false,"template":"","format":"standard","meta":{"_jetpack_newsletter_access":"","_jetpack_dont_email_post_to_subs":false,"_jetpack_newsletter_tier_id":0,"_jetpack_memberships_contains_paywalled_content":false,"_jetpack_memberships_contains_paid_content":false,"footnotes":""},"categories":[9285,58,9575],"tags":[12472,9035,10968,7747,12473,8700],"class_list":["post-68223","post","type-post","status-publish","format-standard","has-post-thumbnail","hentry","category-literatura","category-poesias","category-romance","tag-curva","tag-desalento","tag-pensamento","tag-saudade","tag-varanda","tag-vento"],"aioseo_notices":[],"views":1519,"jetpack_featured_media_url":"https:\/\/jornalrol.com.br\/wp-content\/uploads\/2024\/07\/b2d3e2a8-e22d-4c85-9b1d-12247cf66b59-1.jpg","jetpack_sharing_enabled":true,"jetpack_likes_enabled":true,"jetpack-related-posts":[{"id":34623,"url":"https:\/\/jornalrol.com.br\/?p=34623","url_meta":{"origin":68223,"position":0},"title":"Ver\u00f4nica Moreira: &#039;Inquietude&#039;","author":"Veronica Moreira","date":"23 de outubro de 2020","format":false,"excerpt":"Inquietude Vago pelas ruas em pensamentos, procuro e nada encontro, apenas vejo casas, pr\u00e9dios e carros parados, mas nada mais vejo. As luzes amareladas, l\u00e2mpadas velhas, vielas desertas e um deserto de esperan\u00e7a dentro de mim. N\u00e3o quero retroceder, devo continuar a passos lentos ou devo voltar para tr\u00e1s? \u00c9\u2026","rel":"","context":"Em &quot;Comunica\u00e7\u00e3o&quot;","block_context":{"text":"Comunica\u00e7\u00e3o","link":"https:\/\/jornalrol.com.br\/?cat=7"},"img":{"alt_text":"","src":"https:\/\/i0.wp.com\/jornalrol.com.br\/wp-content\/uploads\/2020\/10\/InShot_20201022_234932724.jpg?resize=350%2C200&ssl=1","width":350,"height":200},"classes":[]},{"id":51807,"url":"https:\/\/jornalrol.com.br\/?p=51807","url_meta":{"origin":68223,"position":1},"title":"Ver\u00f4nica Moreira: &#039;Novamente Mulher&#039;","author":"Veronica Moreira","date":"2 de setembro de 2022","format":false,"excerpt":"Novamente Mulher Eu desisto, claro que desisto!! S\u00f3 hoje eu j\u00e1 desisti umas dez vezes. Desisti, quando me senti sozinha, quando olhei as quatro paredes ao redor de mim e me senti como uma daquelas paredes. Sim, eu me senti fria, dura e \u00e1spera. Vi a mim sem cor, sem\u2026","rel":"","context":"Em &quot;Poesia&quot;","block_context":{"text":"Poesia","link":"https:\/\/jornalrol.com.br\/?cat=58"},"img":{"alt_text":"","src":"https:\/\/i0.wp.com\/www.jornalrol.com.br\/wp-content\/uploads\/2020\/10\/Screenshot_20201012-215223-1.jpg?resize=350%2C200","width":350,"height":200},"classes":[]},{"id":58602,"url":"https:\/\/jornalrol.com.br\/?p=58602","url_meta":{"origin":68223,"position":2},"title":"Um lugar fora de mim","author":"Sergio Diniz da Costa","date":"11 de julho de 2023","format":false,"excerpt":"No momento, s\u00f3 quero uma casa grande na montanha. Aconchegar-me numa rede de barbantes. Pendur\u00e1-la na varanda, deitar, dormir e sonhar. Eu quero uma varanda...","rel":"","context":"Em &quot;Cr\u00f4nicas&quot;","block_context":{"text":"Cr\u00f4nicas","link":"https:\/\/jornalrol.com.br\/?cat=9392"},"img":{"alt_text":"","src":"https:\/\/i0.wp.com\/www.jornalrol.com.br\/wp-content\/uploads\/2023\/05\/Veronica-Moreira-1.jpg?resize=350%2C200&ssl=1","width":350,"height":200},"classes":[]},{"id":67371,"url":"https:\/\/jornalrol.com.br\/?p=67371","url_meta":{"origin":68223,"position":3},"title":"Dan\u00e7ando ao ritmo da poesia","author":"Veronica Moreira","date":"11 de junho de 2024","format":false,"excerpt":"Estou me movimentando conforme a melodia, sincronizada com a reciprocidade, e, atrav\u00e9s dela, abra\u00e7o novamente a exist\u00eancia sem aguardar seu t\u00e9rmino, mesmo...","rel":"","context":"Em &quot;Cr\u00f4nicas&quot;","block_context":{"text":"Cr\u00f4nicas","link":"https:\/\/jornalrol.com.br\/?cat=9392"},"img":{"alt_text":"\"Estou me movimentando conforme a melodia, sincronizada com a reciprocidade, e atrav\u00e9s dela, abra\u00e7o novamente a exist\u00eancia...\"","src":"https:\/\/i0.wp.com\/jornalrol.com.br\/wp-content\/uploads\/2024\/06\/OIG4-1.jpeg?resize=350%2C200&ssl=1","width":350,"height":200,"srcset":"https:\/\/i0.wp.com\/jornalrol.com.br\/wp-content\/uploads\/2024\/06\/OIG4-1.jpeg?resize=350%2C200&ssl=1 1x, https:\/\/i0.wp.com\/jornalrol.com.br\/wp-content\/uploads\/2024\/06\/OIG4-1.jpeg?resize=525%2C300&ssl=1 1.5x, https:\/\/i0.wp.com\/jornalrol.com.br\/wp-content\/uploads\/2024\/06\/OIG4-1.jpeg?resize=700%2C400&ssl=1 2x"},"classes":[]},{"id":37757,"url":"https:\/\/jornalrol.com.br\/?p=37757","url_meta":{"origin":68223,"position":4},"title":"Ver\u00f4nica Moreira: &#039;Faz sentido sim!&#039;","author":"Veronica Moreira","date":"14 de fevereiro de 2021","format":false,"excerpt":"Faz sentido estar perdida e sentir-se encontrada? \u00a0 Assim me sinto! Perdida, na realidade da vida. Encontrada, na fantasia de um sonho po\u00e9tico e febril. \u00a0 Encontro-me perdida em minhas escolhas e escondo-me onde n\u00e3o me encontre a realidade... \u00a0 Faz sentido estar perdida, pois somente assim encontro-me, entre versos\u2026","rel":"","context":"Em &quot;Comunica\u00e7\u00e3o&quot;","block_context":{"text":"Comunica\u00e7\u00e3o","link":"https:\/\/jornalrol.com.br\/?cat=7"},"img":{"alt_text":"","src":"https:\/\/i0.wp.com\/www.jornalrol.com.br\/wp-content\/uploads\/2020\/10\/Screenshot_20201012-215223-1-150x150.jpg?resize=350%2C200","width":350,"height":200},"classes":[]},{"id":66338,"url":"https:\/\/jornalrol.com.br\/?p=66338","url_meta":{"origin":68223,"position":5},"title":"Vejo flores em teus olhos","author":"Veronica Moreira","date":"8 de maio de 2024","format":false,"excerpt":"Sinto-me leve como uma pluma a flutuar quando teus olhos, de repente, cruzam os meus. Pois sou cativa do teu olhar. Pena que, \u00e0s vezes, seja dualidade.","rel":"","context":"Em &quot;Literatura&quot;","block_context":{"text":"Literatura","link":"https:\/\/jornalrol.com.br\/?cat=9285"},"img":{"alt_text":"Sinto-me leve como uma pluma a flutuar quando teus olhos, de repente, cruzam os meus. Pois sou cativa do teu olhar. Pena que, \u00e0s vezes, seja dualidade.","src":"https:\/\/i0.wp.com\/jornalrol.com.br\/wp-content\/uploads\/2024\/05\/OIG3.9Sq8RWQ.jpg?resize=350%2C200&ssl=1","width":350,"height":200,"srcset":"https:\/\/i0.wp.com\/jornalrol.com.br\/wp-content\/uploads\/2024\/05\/OIG3.9Sq8RWQ.jpg?resize=350%2C200&ssl=1 1x, https:\/\/i0.wp.com\/jornalrol.com.br\/wp-content\/uploads\/2024\/05\/OIG3.9Sq8RWQ.jpg?resize=525%2C300&ssl=1 1.5x, https:\/\/i0.wp.com\/jornalrol.com.br\/wp-content\/uploads\/2024\/05\/OIG3.9Sq8RWQ.jpg?resize=700%2C400&ssl=1 2x"},"classes":[]}],"_links":{"self":[{"href":"https:\/\/jornalrol.com.br\/index.php?rest_route=\/wp\/v2\/posts\/68223","targetHints":{"allow":["GET"]}}],"collection":[{"href":"https:\/\/jornalrol.com.br\/index.php?rest_route=\/wp\/v2\/posts"}],"about":[{"href":"https:\/\/jornalrol.com.br\/index.php?rest_route=\/wp\/v2\/types\/post"}],"author":[{"embeddable":true,"href":"https:\/\/jornalrol.com.br\/index.php?rest_route=\/wp\/v2\/users\/34"}],"replies":[{"embeddable":true,"href":"https:\/\/jornalrol.com.br\/index.php?rest_route=%2Fwp%2Fv2%2Fcomments&post=68223"}],"version-history":[{"count":2,"href":"https:\/\/jornalrol.com.br\/index.php?rest_route=\/wp\/v2\/posts\/68223\/revisions"}],"predecessor-version":[{"id":68244,"href":"https:\/\/jornalrol.com.br\/index.php?rest_route=\/wp\/v2\/posts\/68223\/revisions\/68244"}],"wp:featuredmedia":[{"embeddable":true,"href":"https:\/\/jornalrol.com.br\/index.php?rest_route=\/wp\/v2\/media\/68225"}],"wp:attachment":[{"href":"https:\/\/jornalrol.com.br\/index.php?rest_route=%2Fwp%2Fv2%2Fmedia&parent=68223"}],"wp:term":[{"taxonomy":"category","embeddable":true,"href":"https:\/\/jornalrol.com.br\/index.php?rest_route=%2Fwp%2Fv2%2Fcategories&post=68223"},{"taxonomy":"post_tag","embeddable":true,"href":"https:\/\/jornalrol.com.br\/index.php?rest_route=%2Fwp%2Fv2%2Ftags&post=68223"}],"curies":[{"name":"wp","href":"https:\/\/api.w.org\/{rel}","templated":true}]}}