{"id":69566,"date":"2024-10-04T10:00:00","date_gmt":"2024-10-04T13:00:00","guid":{"rendered":"https:\/\/jornalrol.com.br\/?p=69566"},"modified":"2024-10-04T17:21:50","modified_gmt":"2024-10-04T20:21:50","slug":"meta-linguagem","status":"publish","type":"post","link":"https:\/\/jornalrol.com.br\/?p=69566","title":{"rendered":"Meta &#8211; Linguagem"},"content":{"rendered":"<div class=\"pdfprnt-buttons pdfprnt-buttons-post pdfprnt-top-right\"><a href=\"https:\/\/jornalrol.com.br\/index.php?rest_route=%2Fwp%2Fv2%2Fposts%2F69566&print=pdf\" class=\"pdfprnt-button pdfprnt-button-pdf\" target=\"_blank\" ><\/a><a href=\"https:\/\/jornalrol.com.br\/index.php?rest_route=%2Fwp%2Fv2%2Fposts%2F69566&print=print\" class=\"pdfprnt-button pdfprnt-button-print\" target=\"_blank\" ><img decoding=\"async\" src=\"https:\/\/jornalrol.com.br\/wp-content\/plugins\/pdf-print\/images\/print.png\" alt=\"image_print\" title=\"Conte\u00fado de impress\u00e3o\" \/><\/a><\/div>\n<h2 class=\"wp-block-heading has-text-align-center\">Resenha do livro &#8216;Meta &#8211; Linguagem&#8217;, de Lihra, pela Editora Uiclap<\/h2>\n\n\n\n<p><\/p>\n\n\n<div class=\"wp-block-image\">\n<figure class=\"aligncenter size-full is-resized\"><img loading=\"lazy\" decoding=\"async\" width=\"1241\" height=\"1825\" data-attachment-id=\"69567\" data-permalink=\"https:\/\/jornalrol.com.br\/?attachment_id=69567\" data-orig-file=\"https:\/\/jornalrol.com.br\/wp-content\/uploads\/2024\/09\/20240711_115821-1.jpg\" data-orig-size=\"1241,1825\" data-comments-opened=\"1\" data-image-meta=\"{&quot;aperture&quot;:&quot;1.8&quot;,&quot;credit&quot;:&quot;&quot;,&quot;camera&quot;:&quot;Galaxy A54 5G&quot;,&quot;caption&quot;:&quot;&quot;,&quot;created_timestamp&quot;:&quot;1720699101&quot;,&quot;copyright&quot;:&quot;&quot;,&quot;focal_length&quot;:&quot;5.54&quot;,&quot;iso&quot;:&quot;400&quot;,&quot;shutter_speed&quot;:&quot;0.05&quot;,&quot;title&quot;:&quot;&quot;,&quot;orientation&quot;:&quot;1&quot;}\" data-image-title=\"20240711_115821 (1)\" data-image-description=\"\" data-image-caption=\"\" data-large-file=\"https:\/\/jornalrol.com.br\/wp-content\/uploads\/2024\/09\/20240711_115821-1.jpg\" src=\"https:\/\/jornalrol.com.br\/wp-content\/uploads\/2024\/09\/20240711_115821-1.jpg\" alt=\"Capa do livro 'Meta: Linguagem', de Lihra, pela Editora Uiclap\" class=\"wp-image-69567\" style=\"width:398px;height:auto\" srcset=\"https:\/\/jornalrol.com.br\/wp-content\/uploads\/2024\/09\/20240711_115821-1.jpg 1241w, https:\/\/jornalrol.com.br\/wp-content\/uploads\/2024\/09\/20240711_115821-1-816x1200.jpg 816w, https:\/\/jornalrol.com.br\/wp-content\/uploads\/2024\/09\/20240711_115821-1-768x1129.jpg 768w, https:\/\/jornalrol.com.br\/wp-content\/uploads\/2024\/09\/20240711_115821-1-1044x1536.jpg 1044w\" sizes=\"auto, (max-width: 1241px) 100vw, 1241px\" \/><figcaption class=\"wp-element-caption\">Capa do livro &#8216;Meta: Linguagem&#8217;, de Lihra<\/figcaption><\/figure>\n<\/div>\n\n\n<p><\/p>\n\n\n\n<h2 class=\"wp-block-heading has-text-align-center\">RESENHA<\/h2>\n\n\n\n<p class=\"has-drop-cap\">Um livro repleto de sentimentos e dualidade.<\/p>\n\n\n\n<p>O mundo gira entre amor e \u00f3dio, tristeza e felicidade, alegria e tristeza em cada caminho de nossa vida.<\/p>\n\n\n\n<p>Um livro com poemas fortes, por\u00e9m com palavras simples e fluidas.<\/p>\n\n\n\n<p>Arrebatador!!<\/p>\n\n\n\n<p>Amei!!<\/p>\n\n\n\n<p><\/p>\n\n\n\n<h2 class=\"wp-block-heading has-text-align-center\">Assista \u00e0 resenha do canal @oqueli no Youtube<\/h2>\n\n\n\n<figure class=\"wp-block-embed is-type-video is-provider-youtube wp-block-embed-youtube wp-embed-aspect-16-9 wp-has-aspect-ratio\"><div class=\"wp-block-embed__wrapper\">\n<iframe loading=\"lazy\" title=\"Resenha do livro &quot;Meta- Linguagem&quot;, de Lihra, pela Editora Uiclap.\" width=\"640\" height=\"360\" src=\"https:\/\/www.youtube.com\/embed\/wUE9ags0cZU?feature=oembed\" frameborder=\"0\" allow=\"accelerometer; autoplay; clipboard-write; encrypted-media; gyroscope; picture-in-picture; web-share\" referrerpolicy=\"strict-origin-when-cross-origin\" allowfullscreen><\/iframe>\n<\/div><\/figure>\n\n\n\n<p><\/p>\n\n\n\n<h3 class=\"wp-block-heading has-text-align-center\">SINOPSE<\/h3>\n\n\n\n<p class=\"has-drop-cap\">Da simplicidade das situa\u00e7\u00f5es cotidianas aos mist\u00e9rios da origem do universo; da profundidade dos sentimentos \u00e0 superficialidade da mat\u00e9ria; de uma simples viagem de \u00f4nibus a uma excurs\u00e3o interplanet\u00e1ria; do mundo em que voc\u00ea vive para o mundo que vive dentro de voc\u00ea.<\/p>\n\n\n\n<p>Essa \u00e9 a proposta de <strong>Meta: Linguagem<\/strong>, livro que re\u00fane 21 poesias sobre assuntos diversos, para rir, se emocionar e questionar a vida a partir da pr\u00f3pria viv\u00eancia.<\/p>\n\n\n\n<p><\/p>\n\n\n\n<h2 class=\"wp-block-heading has-text-align-center\">SOBRE A OBRA<\/h2>\n\n\n\n<p>Sua primeira obra foi \u2018<strong>Textos que eu Deveria ter Rasgado<\/strong>\u2019, pela Editora Versiprosa.<\/p>\n\n\n\n<p>Ela nos conta que este livro foi escrito em um momento muito dif\u00edcil, em que tentava se curar de um relacionamento complicado que a deixou com depend\u00eancia emocional.<\/p>\n\n\n\n<p>Foi escrito em plena pandemia. Tem um significado importante para Lihra, mas n\u00e3o a define como escritora.<\/p>\n\n\n\n<p>O <strong>Meta: Linguagem<\/strong> foi onde encontrou sua pr\u00f3pria voz na poesia, j\u00e1 com uma escrita mais madura, com temas que se sente mais segura em falar. Nele, ela sente que responde \u00e0 pergunta de &#8220;por que eu me tornei escritora?&#8221;.<\/p>\n\n\n\n<p>Ele foi lan\u00e7ado de maneira independente na Uiclap, cuidando, ela mesma, de todo o processo.<\/p>\n\n\n\n<p>Lihra compareceu a 27\u00aa Bienal do Livro de S\u00e3o Paulo\/2024, onde exp\u00f4s este livro.<\/p>\n\n\n\n<p>Est\u00e1 em fase de produ\u00e7\u00e3o do terceiro livro, at\u00e9 ent\u00e3o intitulado \u2018<strong>Me Chame de Lola<\/strong>\u2019, que ser\u00e1 em fluxo de consci\u00eancia e centrado numa personagem \u00fanica, mais focado em autoconhecimento.<\/p>\n\n\n\n<hr class=\"wp-block-separator has-alpha-channel-opacity is-style-wide\"\/>\n\n\n\n<p class=\"has-text-align-center\"><strong><em>Esse livro foi nascendo a partir das perguntas que eu me fazia desde crian\u00e7a.<\/em><\/strong><\/p>\n\n\n\n<p class=\"has-text-align-center\"><em><strong>O<\/strong><\/em><strong><em> t\u00edtulo foi um jogo com as palavras, a meta como algo que se pretende alcan\u00e7ar, e como eu sou de Letras, a linguagem \u00e9 esse &#8220;algo&#8221;. <\/em><\/strong><\/p>\n\n\n\n<p class=\"has-text-align-center\"><strong><em>Mas tamb\u00e9m &#8220;meta&#8221; \u00e9 algo que est\u00e1 al\u00e9m de, ent\u00e3o tem o mundo al\u00e9m da linguagem, que s\u00f3 se alcan\u00e7a atrav\u00e9s das pr\u00f3prias palavras (como a fun\u00e7\u00e3o metalingu\u00edstica que usa o c\u00f3digo pra explicar o c\u00f3digo. <\/em><\/strong><\/p>\n\n\n\n<p class=\"has-text-align-center\"><strong><em>Ent\u00e3o, assim como palavras explicam as palavras, s\u00f3 a vida explica a pr\u00f3pria vida<\/em><\/strong><\/p>\n\n\n\n<p class=\"has-text-align-right\"><strong><em>Lihra<\/em><\/strong><\/p>\n\n\n\n<hr class=\"wp-block-separator has-alpha-channel-opacity is-style-wide\"\/>\n\n\n\n<p><\/p>\n\n\n\n<h2 class=\"wp-block-heading has-text-align-center\">SOBRE A AUTORA<\/h2>\n\n\n\n<p>Lihra tem 25 anos, nasceu e cresceu no Rio de Janeiro.<\/p>\n\n\n\n<p>Recentemente se mudou para S\u00e3o Paulo, para fazer o mestrado em Estudos Lingu\u00edsticos.<\/p>\n\n\n\n<p>Al\u00e9m de escritora, Lihra \u00e9 bruxa e tar\u00f3loga e sempre traz uma ponta da espiritualidade para seus textos.<\/p>\n\n\n<div class=\"wp-block-image\">\n<figure class=\"alignright size-full is-resized\"><img loading=\"lazy\" decoding=\"async\" width=\"960\" height=\"1280\" data-attachment-id=\"69912\" data-permalink=\"https:\/\/jornalrol.com.br\/?attachment_id=69912\" data-orig-file=\"https:\/\/jornalrol.com.br\/wp-content\/uploads\/2024\/10\/20240703_002051-Lorena-Varela_Easy-Resize.com_.jpg\" data-orig-size=\"960,1280\" data-comments-opened=\"1\" data-image-meta=\"{&quot;aperture&quot;:&quot;0&quot;,&quot;credit&quot;:&quot;&quot;,&quot;camera&quot;:&quot;&quot;,&quot;caption&quot;:&quot;&quot;,&quot;created_timestamp&quot;:&quot;0&quot;,&quot;copyright&quot;:&quot;&quot;,&quot;focal_length&quot;:&quot;0&quot;,&quot;iso&quot;:&quot;0&quot;,&quot;shutter_speed&quot;:&quot;0&quot;,&quot;title&quot;:&quot;&quot;,&quot;orientation&quot;:&quot;0&quot;}\" data-image-title=\"20240703_002051 &amp;#8211; Lorena Varela_Easy-Resize.com\" data-image-description=\"\" data-image-caption=\"\" data-large-file=\"https:\/\/jornalrol.com.br\/wp-content\/uploads\/2024\/10\/20240703_002051-Lorena-Varela_Easy-Resize.com_.jpg\" src=\"https:\/\/jornalrol.com.br\/wp-content\/uploads\/2024\/10\/20240703_002051-Lorena-Varela_Easy-Resize.com_.jpg\" alt=\"Imagem de Lihra\" class=\"wp-image-69912\" style=\"width:237px;height:auto\" srcset=\"https:\/\/jornalrol.com.br\/wp-content\/uploads\/2024\/10\/20240703_002051-Lorena-Varela_Easy-Resize.com_.jpg 960w, https:\/\/jornalrol.com.br\/wp-content\/uploads\/2024\/10\/20240703_002051-Lorena-Varela_Easy-Resize.com_-900x1200.jpg 900w, https:\/\/jornalrol.com.br\/wp-content\/uploads\/2024\/10\/20240703_002051-Lorena-Varela_Easy-Resize.com_-768x1024.jpg 768w\" sizes=\"auto, (max-width: 960px) 100vw, 960px\" \/><\/figure>\n<\/div>\n\n\n<p>Come\u00e7ou a escrever bem pequena, ainda no ensino fundamental, nas \u00faltimas p\u00e1ginas dos cadernos de escola, mas era como um di\u00e1rio.<\/p>\n\n\n\n<p>Ela n\u00e3o entendia que toda sua escrita era arte, e demorou a assumir o papel de escritora enquanto identidade.<\/p>\n\n\n\n<p><strong>Meta: Linguagem<\/strong> foi uma resposta \u00e0quela crian\u00e7a que s\u00f3 queria entender o significado das coisas e o seu lugar no mundo das palavras.<\/p>\n\n\n\n<p>Tem como sua maior inspira\u00e7\u00e3o Clarice Lispector, ent\u00e3o traz bastante em seus poemas o fluxo de pensamento e a introspec\u00e7\u00e3o.<\/p>\n\n\n\n<p>Lihra sempre foi muito curiosa, de forma geral, e sempre se perguntava o significado das coisas, da vida, dos sentimentos, e percebeu que escrevendo conseguia organizar as ideias.<\/p>\n\n\n\n<p>Sempre se inspirou em situa\u00e7\u00f5es cotidianas, um passeio de \u00f4nibus, eventos da natureza etc., mas sempre querendo dizer o que sentia em rela\u00e7\u00e3o \u00e0quela coisa.<\/p>\n\n\n\n<div class=\"wp-block-columns is-layout-flex wp-container-core-columns-is-layout-9d6595d7 wp-block-columns-is-layout-flex\">\n<div class=\"wp-block-column is-layout-flow wp-block-column-is-layout-flow\">\n<h2 class=\"wp-block-heading has-text-align-center has-light-green-cyan-background-color has-background\"><a href=\"https:\/\/www.instagram.com\/lihracomh\/\" target=\"_blank\" rel=\"noopener\" title=\"\">INSTAGRAM<\/a><\/h2>\n<\/div>\n<\/div>\n\n\n\n<p><\/p>\n\n\n\n<h3 class=\"wp-block-heading has-text-align-center\">OBRAS DA AUTORA<\/h3>\n\n\n\n<p><\/p>\n\n\n\n<div class=\"wp-block-columns is-layout-flex wp-container-core-columns-is-layout-9d6595d7 wp-block-columns-is-layout-flex\">\n<div class=\"wp-block-column is-layout-flow wp-block-column-is-layout-flow\">\n<figure class=\"wp-block-image size-full is-resized\"><img loading=\"lazy\" decoding=\"async\" width=\"325\" height=\"496\" data-attachment-id=\"69915\" data-permalink=\"https:\/\/jornalrol.com.br\/?attachment_id=69915\" data-orig-file=\"https:\/\/jornalrol.com.br\/wp-content\/uploads\/2024\/10\/WhatsApp-Image-2024-10-04-at-09.00.10.jpeg\" data-orig-size=\"325,496\" data-comments-opened=\"1\" data-image-meta=\"{&quot;aperture&quot;:&quot;0&quot;,&quot;credit&quot;:&quot;&quot;,&quot;camera&quot;:&quot;&quot;,&quot;caption&quot;:&quot;&quot;,&quot;created_timestamp&quot;:&quot;0&quot;,&quot;copyright&quot;:&quot;&quot;,&quot;focal_length&quot;:&quot;0&quot;,&quot;iso&quot;:&quot;0&quot;,&quot;shutter_speed&quot;:&quot;0&quot;,&quot;title&quot;:&quot;&quot;,&quot;orientation&quot;:&quot;0&quot;}\" data-image-title=\"WhatsApp Image 2024-10-04 at 09.00.10\" data-image-description=\"\" data-image-caption=\"\" data-large-file=\"https:\/\/jornalrol.com.br\/wp-content\/uploads\/2024\/10\/WhatsApp-Image-2024-10-04-at-09.00.10.jpeg\" src=\"http:\/\/jornalrol.com.br\/wp-content\/uploads\/2024\/10\/WhatsApp-Image-2024-10-04-at-09.00.10.jpeg\" alt=\"capa do livro 'Textos que eu deveria ter rasgado' de Lihra\" class=\"wp-image-69915\" style=\"width:254px;height:auto\"\/><figcaption class=\"wp-element-caption\">Textos que eu deveria ter rasgado<\/figcaption><\/figure>\n<\/div>\n\n\n\n<div class=\"wp-block-column is-layout-flow wp-block-column-is-layout-flow\">\n<figure class=\"wp-block-image size-full is-resized\"><img loading=\"lazy\" decoding=\"async\" width=\"456\" height=\"649\" data-attachment-id=\"69913\" data-permalink=\"https:\/\/jornalrol.com.br\/?attachment_id=69913\" data-orig-file=\"https:\/\/jornalrol.com.br\/wp-content\/uploads\/2024\/10\/WhatsApp-Image-2024-10-04-at-08.48.59.jpeg\" data-orig-size=\"456,649\" data-comments-opened=\"1\" data-image-meta=\"{&quot;aperture&quot;:&quot;0&quot;,&quot;credit&quot;:&quot;&quot;,&quot;camera&quot;:&quot;&quot;,&quot;caption&quot;:&quot;&quot;,&quot;created_timestamp&quot;:&quot;0&quot;,&quot;copyright&quot;:&quot;&quot;,&quot;focal_length&quot;:&quot;0&quot;,&quot;iso&quot;:&quot;0&quot;,&quot;shutter_speed&quot;:&quot;0&quot;,&quot;title&quot;:&quot;&quot;,&quot;orientation&quot;:&quot;0&quot;}\" data-image-title=\"WhatsApp Image 2024-10-04 at 08.48.59\" data-image-description=\"\" data-image-caption=\"\" data-large-file=\"https:\/\/jornalrol.com.br\/wp-content\/uploads\/2024\/10\/WhatsApp-Image-2024-10-04-at-08.48.59.jpeg\" src=\"http:\/\/jornalrol.com.br\/wp-content\/uploads\/2024\/10\/WhatsApp-Image-2024-10-04-at-08.48.59.jpeg\" alt=\"Capa do livro Meta: Linguagem\" class=\"wp-image-69913\" style=\"width:274px;height:auto\"\/><figcaption class=\"wp-element-caption\">Meta: Linguagem<\/figcaption><\/figure>\n<\/div>\n\n\n\n<div class=\"wp-block-column is-layout-flow wp-block-column-is-layout-flow\">\n<figure class=\"wp-block-image size-full is-resized\"><img loading=\"lazy\" decoding=\"async\" width=\"454\" height=\"653\" data-attachment-id=\"69914\" data-permalink=\"https:\/\/jornalrol.com.br\/?attachment_id=69914\" data-orig-file=\"https:\/\/jornalrol.com.br\/wp-content\/uploads\/2024\/10\/WhatsApp-Image-2024-10-04-at-08.48.59-1.jpeg\" data-orig-size=\"454,653\" data-comments-opened=\"1\" data-image-meta=\"{&quot;aperture&quot;:&quot;0&quot;,&quot;credit&quot;:&quot;&quot;,&quot;camera&quot;:&quot;&quot;,&quot;caption&quot;:&quot;&quot;,&quot;created_timestamp&quot;:&quot;0&quot;,&quot;copyright&quot;:&quot;&quot;,&quot;focal_length&quot;:&quot;0&quot;,&quot;iso&quot;:&quot;0&quot;,&quot;shutter_speed&quot;:&quot;0&quot;,&quot;title&quot;:&quot;&quot;,&quot;orientation&quot;:&quot;0&quot;}\" data-image-title=\"WhatsApp Image 2024-10-04 at 08.48.59 (1)\" data-image-description=\"\" data-image-caption=\"\" data-large-file=\"https:\/\/jornalrol.com.br\/wp-content\/uploads\/2024\/10\/WhatsApp-Image-2024-10-04-at-08.48.59-1.jpeg\" src=\"http:\/\/jornalrol.com.br\/wp-content\/uploads\/2024\/10\/WhatsApp-Image-2024-10-04-at-08.48.59-1.jpeg\" alt=\"Capa do livro 'Me chame de Lola',de Lihra\" class=\"wp-image-69914\" style=\"width:270px;height:auto\"\/><figcaption class=\"wp-element-caption\">Me chame de Lola<\/figcaption><\/figure>\n<\/div>\n<\/div>\n\n\n\n<p><\/p>\n\n\n\n<h2 class=\"wp-block-heading has-text-align-center\">ONDE ENCONTRAR<\/h2>\n\n\n\n<p><\/p>\n\n\n\n<div class=\"wp-block-columns is-layout-flex wp-container-core-columns-is-layout-9d6595d7 wp-block-columns-is-layout-flex\">\n<div class=\"wp-block-column is-layout-flow wp-block-column-is-layout-flow\">\n<h3 class=\"wp-block-heading has-text-align-center has-light-green-cyan-background-color has-background\"><a href=\"https:\/\/www.editoraversiprosa.com.br\/produtos\/textos-que-eu-deveria-ter-rasgado\/\" target=\"_blank\" rel=\"noopener\" title=\"\">VERSIPROSA<\/a><\/h3>\n<\/div>\n\n\n\n<div class=\"wp-block-column is-layout-flow wp-block-column-is-layout-flow\">\n<h3 class=\"wp-block-heading has-text-align-center has-light-green-cyan-background-color has-background\"><a href=\"https:\/\/loja.uiclap.com\/titulo\/ua42415\/\" target=\"_blank\" rel=\"noopener\" title=\"\">UICLAP<\/a><\/h3>\n<\/div>\n\n\n\n<div class=\"wp-block-column is-layout-flow wp-block-column-is-layout-flow\">\n<h3 class=\"wp-block-heading has-text-align-center has-light-green-cyan-background-color has-background\"><a href=\"https:\/\/www.amazon.com.br\/Meta-Linguagem-Lihra-ebook\/dp\/B0CLBWDWZT\/ref=sr_1_1?__mk_pt_BR=%C3%85M%C3%85%C5%BD%C3%95%C3%91&amp;crid=324FVROWHCGNL&amp;dib=eyJ2IjoiMSJ9.7LtEcqsHRneACB2iqWXQIaxMnLdCqA-3AEAVvaowNSRuAs5Wavi0wZf9lfl6NKD9blb0_KxOptSHysCbx8LNds4-6sUGLobc6kiLC-pE-LUXPWftli2pW2CMDlHf41TgfGRhT21wzePBC2F6jFSkYMknlRJy4m1Gk2G4DCY7u-HY0FWoJrFfKQml7RD90U7GIhzLFzWutxcndj_jQ6wSboZ2HjvHcrs21bPu5xrGBpoCMPWdYh68EBMiNkNT4a3sT70nZJKqQJMAbmXCXZkw2YP4qeeInFLRcDmdTLgd99c.VyW-x2bvM7yAqulq2qUuRfnpagvoOLR9R_GEcBATrUc&amp;dib_tag=se&amp;keywords=meta+linguagem&amp;qid=1727985974&amp;sprefix=meta+linguagem%2Caps%2C1066&amp;sr=8-1\" target=\"_blank\" rel=\"noopener\" title=\"\">AMAZON<\/a><\/h3>\n<\/div>\n<\/div>\n\n\n\n<hr class=\"wp-block-separator has-alpha-channel-opacity is-style-wide\"\/>\n\n\n\n<p><a href=\"https:\/\/jornalrol.com.br\/\">P\u00e1gina Inicial<\/a><\/p>\n\n\n\n<p><strong><a href=\"https:\/\/www.jornalrol.com.br\/?author=73\">Resenhas da colunista Lee Oliveira<\/a><\/strong><\/p>\n","protected":false},"excerpt":{"rendered":"<p>Resenha do livro &#8216;Meta &#8211; Linguagem&#8217;, de Lihra, pela Editora Uiclap RESENHA Um livro repleto de sentimentos e dualidade. O mundo gira entre amor e \u00f3dio, tristeza e felicidade, alegria e tristeza em cada caminho de nossa vida. Um livro com poemas<\/p>\n<p class=\"link-more\"><a class=\"myButt \" href=\"https:\/\/jornalrol.com.br\/?p=69566\">Read More<\/a><\/p>\n","protected":false},"author":73,"featured_media":69567,"comment_status":"open","ping_status":"closed","sticky":false,"template":"","format":"standard","meta":{"_jetpack_newsletter_access":"","_jetpack_dont_email_post_to_subs":false,"_jetpack_newsletter_tier_id":0,"_jetpack_memberships_contains_paywalled_content":false,"_jetpack_memberships_contains_paid_content":false,"footnotes":""},"categories":[9552,9285,12355,58,9259],"tags":[13028,10100,9434,6851,7484],"class_list":["post-69566","post","type-post","status-publish","format-standard","has-post-thumbnail","hentry","category-jovens-talentos","category-literatura","category-livro","category-poesias","category-resenha","tag-lihra","tag-linguagem","tag-oqueli","tag-poemas","tag-resenha"],"aioseo_notices":[],"views":1134,"jetpack_featured_media_url":"https:\/\/jornalrol.com.br\/wp-content\/uploads\/2024\/09\/20240711_115821-1.jpg","jetpack_sharing_enabled":true,"jetpack_likes_enabled":true,"jetpack-related-posts":[{"id":76296,"url":"https:\/\/jornalrol.com.br\/?p=76296","url_meta":{"origin":69566,"position":0},"title":"A Guerra da Aten\u00e7\u00e3o Discursiva","author":"Lee Oliveira","date":"21 de outubro de 2025","format":false,"excerpt":"\u00a0Jos\u00e9 Pessoni tem se destacado por sua forma singular de unir saberes e provocar reflex\u00f5es profundas sobre algo que est\u00e1 em todos aspectos da vida: a linguagem.","rel":"","context":"Em &quot;Filosofia&quot;","block_context":{"text":"Filosofia","link":"https:\/\/jornalrol.com.br\/?cat=15314"},"img":{"alt_text":"A guerra da aten\u00e7\u00e3o discursiva.","src":"https:\/\/i0.wp.com\/jornalrol.com.br\/wp-content\/uploads\/2025\/10\/41EYfZGgOcL-1.jpg?resize=350%2C200&ssl=1","width":350,"height":200,"srcset":"https:\/\/i0.wp.com\/jornalrol.com.br\/wp-content\/uploads\/2025\/10\/41EYfZGgOcL-1.jpg?resize=350%2C200&ssl=1 1x, https:\/\/i0.wp.com\/jornalrol.com.br\/wp-content\/uploads\/2025\/10\/41EYfZGgOcL-1.jpg?resize=525%2C300&ssl=1 1.5x"},"classes":[]},{"id":69010,"url":"https:\/\/jornalrol.com.br\/?p=69010","url_meta":{"origin":69566,"position":1},"title":"As cores de cada hist\u00f3ria","author":"Lee Oliveira","date":"30 de agosto de 2024","format":false,"excerpt":"Resenha do livro 'As cores de cada hist\u00f3ria. Um voo nas narrativas de professores', de Carla Conto e Michely Gomes Avelar, pela Editora Scotti Capa do livro 'As cores de cada hist\u00f3ria...' RESENHA Um livro inspirador que conta a hist\u00f3ria de doze professores, seus sonhos, suas lutas e suas vit\u00f3rias,\u2026","rel":"","context":"Em &quot;Literatura&quot;","block_context":{"text":"Literatura","link":"https:\/\/jornalrol.com.br\/?cat=9285"},"img":{"alt_text":"Capa do livro As cores de Cada Hist\u00f3ria de Carla Conto e Michely Gomes Avelar","src":"https:\/\/i0.wp.com\/jornalrol.com.br\/wp-content\/uploads\/2024\/08\/WhatsApp-Image-2024-05-08-at-15.43.15.jpeg?resize=350%2C200&ssl=1","width":350,"height":200,"srcset":"https:\/\/i0.wp.com\/jornalrol.com.br\/wp-content\/uploads\/2024\/08\/WhatsApp-Image-2024-05-08-at-15.43.15.jpeg?resize=350%2C200&ssl=1 1x, https:\/\/i0.wp.com\/jornalrol.com.br\/wp-content\/uploads\/2024\/08\/WhatsApp-Image-2024-05-08-at-15.43.15.jpeg?resize=525%2C300&ssl=1 1.5x, https:\/\/i0.wp.com\/jornalrol.com.br\/wp-content\/uploads\/2024\/08\/WhatsApp-Image-2024-05-08-at-15.43.15.jpeg?resize=700%2C400&ssl=1 2x"},"classes":[]},{"id":75821,"url":"https:\/\/jornalrol.com.br\/?p=75821","url_meta":{"origin":69566,"position":2},"title":"Aprendendo a amar os seus Drag\u00f5es","author":"Lee Oliveira","date":"25 de setembro de 2025","format":false,"excerpt":"\u00a0Uma obra que mostra que conversar sobre sentimentos pode ser simples, divertido e cheio de significado. Dispon\u00edvel em portugu\u00eas e ingl\u00eas, livro f\u00edsico e ebbok.","rel":"","context":"Em &quot;Literatura&quot;","block_context":{"text":"Literatura","link":"https:\/\/jornalrol.com.br\/?cat=9285"},"img":{"alt_text":"Aprendendo a amar seus drag\u00f5es","src":"https:\/\/i0.wp.com\/jornalrol.com.br\/wp-content\/uploads\/2025\/09\/511U2rySt4L.jpg?resize=350%2C200&ssl=1","width":350,"height":200,"srcset":"https:\/\/i0.wp.com\/jornalrol.com.br\/wp-content\/uploads\/2025\/09\/511U2rySt4L.jpg?resize=350%2C200&ssl=1 1x, https:\/\/i0.wp.com\/jornalrol.com.br\/wp-content\/uploads\/2025\/09\/511U2rySt4L.jpg?resize=525%2C300&ssl=1 1.5x"},"classes":[]},{"id":77129,"url":"https:\/\/jornalrol.com.br\/?p=77129","url_meta":{"origin":69566,"position":3},"title":"Eu, o livro","author":"Lee Oliveira","date":"15 de dezembro de 2025","format":false,"excerpt":"\u00a0Foi ouvindo as crian\u00e7as, suas perguntas improv\u00e1veis e seus sil\u00eancios cheios de significado, que ele encontrou o caminho para sua primeira obra: \"Eu, o livro\"...","rel":"","context":"Em &quot;Literatura&quot;","block_context":{"text":"Literatura","link":"https:\/\/jornalrol.com.br\/?cat=9285"},"img":{"alt_text":"EU, O LIVRO","src":"https:\/\/i0.wp.com\/jornalrol.com.br\/wp-content\/uploads\/2025\/12\/inbound6558932242311692711-Eduardo-Inacio-Palhari_Easy-Resize.com_.jpg?resize=350%2C200&ssl=1","width":350,"height":200,"srcset":"https:\/\/i0.wp.com\/jornalrol.com.br\/wp-content\/uploads\/2025\/12\/inbound6558932242311692711-Eduardo-Inacio-Palhari_Easy-Resize.com_.jpg?resize=350%2C200&ssl=1 1x, https:\/\/i0.wp.com\/jornalrol.com.br\/wp-content\/uploads\/2025\/12\/inbound6558932242311692711-Eduardo-Inacio-Palhari_Easy-Resize.com_.jpg?resize=525%2C300&ssl=1 1.5x, https:\/\/i0.wp.com\/jornalrol.com.br\/wp-content\/uploads\/2025\/12\/inbound6558932242311692711-Eduardo-Inacio-Palhari_Easy-Resize.com_.jpg?resize=700%2C400&ssl=1 2x"},"classes":[]},{"id":66036,"url":"https:\/\/jornalrol.com.br\/?p=66036","url_meta":{"origin":69566,"position":4},"title":"Caminho de coragem","author":"Lee Oliveira","date":"30 de abril de 2024","format":false,"excerpt":"Um livro sobre lideran\u00e7a. E como a autora mudou seus pensamentos \u00e0 partir do momento em que se viu desmotivada e decidiu fazer caminhadas de longo percurso e se reconectou consigo mesma.","rel":"","context":"Em &quot;Literatura&quot;","block_context":{"text":"Literatura","link":"https:\/\/jornalrol.com.br\/?cat=9285"},"img":{"alt_text":"Capa do livro \"Caminho de Coragem\", de Carla Conti.","src":"https:\/\/i0.wp.com\/jornalrol.com.br\/wp-content\/uploads\/2024\/04\/20240327_143603-1.jpg?resize=350%2C200&ssl=1","width":350,"height":200,"srcset":"https:\/\/i0.wp.com\/jornalrol.com.br\/wp-content\/uploads\/2024\/04\/20240327_143603-1.jpg?resize=350%2C200&ssl=1 1x, https:\/\/i0.wp.com\/jornalrol.com.br\/wp-content\/uploads\/2024\/04\/20240327_143603-1.jpg?resize=525%2C300&ssl=1 1.5x, https:\/\/i0.wp.com\/jornalrol.com.br\/wp-content\/uploads\/2024\/04\/20240327_143603-1.jpg?resize=700%2C400&ssl=1 2x, https:\/\/i0.wp.com\/jornalrol.com.br\/wp-content\/uploads\/2024\/04\/20240327_143603-1.jpg?resize=1050%2C600&ssl=1 3x"},"classes":[]},{"id":73054,"url":"https:\/\/jornalrol.com.br\/?p=73054","url_meta":{"origin":69566,"position":5},"title":"Renascendo das cinzas","author":"Lee Oliveira","date":"2 de maio de 2025","format":false,"excerpt":"H\u00e1 livros que acariciam. Outros que chacoalham. E h\u00e1 aqueles raros que fazem as duas coisas ao mesmo tempo. Renascendo das Cinzas, de Bruno Vieira, \u00e9 um desses.","rel":"","context":"Em &quot;autoajuda&quot;","block_context":{"text":"autoajuda","link":"https:\/\/jornalrol.com.br\/?cat=13458"},"img":{"alt_text":"Renascendo das cinzas","src":"https:\/\/i0.wp.com\/jornalrol.com.br\/wp-content\/uploads\/2025\/04\/ua78470.jpg?resize=350%2C200&ssl=1","width":350,"height":200,"srcset":"https:\/\/i0.wp.com\/jornalrol.com.br\/wp-content\/uploads\/2025\/04\/ua78470.jpg?resize=350%2C200&ssl=1 1x, https:\/\/i0.wp.com\/jornalrol.com.br\/wp-content\/uploads\/2025\/04\/ua78470.jpg?resize=525%2C300&ssl=1 1.5x"},"classes":[]}],"_links":{"self":[{"href":"https:\/\/jornalrol.com.br\/index.php?rest_route=\/wp\/v2\/posts\/69566","targetHints":{"allow":["GET"]}}],"collection":[{"href":"https:\/\/jornalrol.com.br\/index.php?rest_route=\/wp\/v2\/posts"}],"about":[{"href":"https:\/\/jornalrol.com.br\/index.php?rest_route=\/wp\/v2\/types\/post"}],"author":[{"embeddable":true,"href":"https:\/\/jornalrol.com.br\/index.php?rest_route=\/wp\/v2\/users\/73"}],"replies":[{"embeddable":true,"href":"https:\/\/jornalrol.com.br\/index.php?rest_route=%2Fwp%2Fv2%2Fcomments&post=69566"}],"version-history":[{"count":14,"href":"https:\/\/jornalrol.com.br\/index.php?rest_route=\/wp\/v2\/posts\/69566\/revisions"}],"predecessor-version":[{"id":69943,"href":"https:\/\/jornalrol.com.br\/index.php?rest_route=\/wp\/v2\/posts\/69566\/revisions\/69943"}],"wp:featuredmedia":[{"embeddable":true,"href":"https:\/\/jornalrol.com.br\/index.php?rest_route=\/wp\/v2\/media\/69567"}],"wp:attachment":[{"href":"https:\/\/jornalrol.com.br\/index.php?rest_route=%2Fwp%2Fv2%2Fmedia&parent=69566"}],"wp:term":[{"taxonomy":"category","embeddable":true,"href":"https:\/\/jornalrol.com.br\/index.php?rest_route=%2Fwp%2Fv2%2Fcategories&post=69566"},{"taxonomy":"post_tag","embeddable":true,"href":"https:\/\/jornalrol.com.br\/index.php?rest_route=%2Fwp%2Fv2%2Ftags&post=69566"}],"curies":[{"name":"wp","href":"https:\/\/api.w.org\/{rel}","templated":true}]}}