{"id":69608,"date":"2024-09-24T11:34:15","date_gmt":"2024-09-24T14:34:15","guid":{"rendered":"https:\/\/jornalrol.com.br\/?p=69608"},"modified":"2024-09-24T11:34:27","modified_gmt":"2024-09-24T14:34:27","slug":"4a-flispa-feira-literaria-de-sao-pedro-da-aldeia","status":"publish","type":"post","link":"https:\/\/jornalrol.com.br\/?p=69608","title":{"rendered":"4\u00aa FLISPA \u2013 Feira Liter\u00e1ria de S\u00e3o Pedro da Aldeia"},"content":{"rendered":"<div class=\"pdfprnt-buttons pdfprnt-buttons-post pdfprnt-top-right\"><a href=\"https:\/\/jornalrol.com.br\/index.php?rest_route=%2Fwp%2Fv2%2Fposts%2F69608&print=pdf\" class=\"pdfprnt-button pdfprnt-button-pdf\" target=\"_blank\" ><\/a><a href=\"https:\/\/jornalrol.com.br\/index.php?rest_route=%2Fwp%2Fv2%2Fposts%2F69608&print=print\" class=\"pdfprnt-button pdfprnt-button-print\" target=\"_blank\" ><img decoding=\"async\" src=\"https:\/\/jornalrol.com.br\/wp-content\/plugins\/pdf-print\/images\/print.png\" alt=\"image_print\" title=\"Conte\u00fado de impress\u00e3o\" \/><\/a><\/div>\n<h2 class=\"wp-block-heading has-text-align-center\">A 4\u00aa FLISPA ser\u00e1 realizada nos dias 7 e 8 de novembro de 2024, na hist\u00f3rica Casa dos Azulejos, localizada no centro da cidade<br><br><\/h2>\n\n\n<div class=\"wp-block-image\">\n<figure class=\"aligncenter size-full is-resized\"><img loading=\"lazy\" decoding=\"async\" width=\"1080\" height=\"1080\" data-attachment-id=\"69609\" data-permalink=\"https:\/\/jornalrol.com.br\/?attachment_id=69609\" data-orig-file=\"https:\/\/jornalrol.com.br\/wp-content\/uploads\/2024\/09\/461250269_528562096428081_294088388640349329_n.jpg\" data-orig-size=\"1080,1080\" data-comments-opened=\"1\" data-image-meta=\"{&quot;aperture&quot;:&quot;0&quot;,&quot;credit&quot;:&quot;&quot;,&quot;camera&quot;:&quot;&quot;,&quot;caption&quot;:&quot;&quot;,&quot;created_timestamp&quot;:&quot;0&quot;,&quot;copyright&quot;:&quot;&quot;,&quot;focal_length&quot;:&quot;0&quot;,&quot;iso&quot;:&quot;0&quot;,&quot;shutter_speed&quot;:&quot;0&quot;,&quot;title&quot;:&quot;&quot;,&quot;orientation&quot;:&quot;0&quot;}\" data-image-title=\"461250269_528562096428081_294088388640349329_n\" data-image-description=\"\" data-image-caption=\"\" data-large-file=\"https:\/\/jornalrol.com.br\/wp-content\/uploads\/2024\/09\/461250269_528562096428081_294088388640349329_n.jpg\" src=\"https:\/\/jornalrol.com.br\/wp-content\/uploads\/2024\/09\/461250269_528562096428081_294088388640349329_n.jpg\" alt=\"Card da 4\u00aa FLISPA\" class=\"wp-image-69609\" style=\"width:352px;height:auto\" srcset=\"https:\/\/jornalrol.com.br\/wp-content\/uploads\/2024\/09\/461250269_528562096428081_294088388640349329_n.jpg 1080w, https:\/\/jornalrol.com.br\/wp-content\/uploads\/2024\/09\/461250269_528562096428081_294088388640349329_n-600x600.jpg 600w, https:\/\/jornalrol.com.br\/wp-content\/uploads\/2024\/09\/461250269_528562096428081_294088388640349329_n-768x768.jpg 768w\" sizes=\"auto, (max-width: 1080px) 100vw, 1080px\" \/><figcaption class=\"wp-element-caption\"><em>Card da 4\u00aa FLISPA<\/em><\/figcaption><\/figure>\n<\/div>\n\n\n<p class=\"has-drop-cap\">A <strong>Aldeia Editora<\/strong> acaba de anunciar as datas para a 4\u00aa edi\u00e7\u00e3o da <strong>FLISPA \u2013 Feira Liter\u00e1ria de S\u00e3o Pedro da Aldeia<\/strong>. O evento ser\u00e1 realizado nos dias 7 e 8 de novembro de 2024, na hist\u00f3rica <a href=\"https:\/\/pt.wikipedia.org\/wiki\/Casa_dos_Azulejos_(S%C3%A3o_Pedro_da_Aldeia)\" title=\"Casa dos Azulejos\">Casa dos Azulejos<\/a>, localizada no centro da cidade.<\/p>\n\n\n\n<p>Reconhecida por ser um marco no cen\u00e1rio liter\u00e1rio da Regi\u00e3o dos Lagos, a FLISPA promete um formato renovado, com barracas para expositores e uma programa\u00e7\u00e3o cultural rica e diversificada, oferecendo uma experi\u00eancia imersiva tanto para os amantes da literatura quanto para os estudantes.<\/p>\n\n\n\n<p>Organizada pela <strong>Aldeia Editora<\/strong> e <strong>Not\u00edcias de S\u00e3o Pedro da Aldeia<\/strong>, em parceria com a <strong>Academia de Letras de S\u00e3o Pedro da Aldeia (ALSPA)<\/strong> e com o apoio da <strong>Secretaria Municipal de Turismo e Cultura<\/strong>, a feira contar\u00e1 com mais de 20 barracas de escritores locais. Ser\u00e3o mais de 500 obras liter\u00e1rias \u00e0 venda, destacando autores da regi\u00e3o que ter\u00e3o a oportunidade de compartilhar suas cria\u00e7\u00f5es com o p\u00fablico. Al\u00e9m disso, os visitantes poder\u00e3o participar de visitas guiadas \u00e0 Casa dos Azulejos, apreciando tanto a arquitetura quanto o acervo cultural do local.<\/p>\n\n\n\n<p>A programa\u00e7\u00e3o cultural da 4\u00aa FLISPA inclui atra\u00e7\u00f5es musicais, o lan\u00e7amento da Antologia \u2018<strong>A Aldeia de Pedro \u2013 Belezas Naturais e Seus Encantos<\/strong>\u2019, apresenta\u00e7\u00f5es teatrais, marionetes e um sarau, tudo pensado para envolver a comunidade e os visitantes, transformando o evento em um ponto de encontro de arte, literatura e cultura.<\/p>\n\n\n\n<p><a href=\"https:\/\/jornalrol.com.br\/\" title=\"Voltar\">Voltar<\/a><\/p>\n\n\n\n<p><a href=\"https:\/\/www.facebook.com\/JCulturalrol\/\" title=\"Facebook\">Facebook<\/a><\/p>\n","protected":false},"excerpt":{"rendered":"<p>A Aldeia Editora acaba de anunciar as datas para a 4\u00aa edi\u00e7\u00e3o da FLISPA. O evento ser\u00e1 realizado nos dias 7 e 8 de novembro de 2024, na Casa dos Azulejos<\/p>\n","protected":false},"author":6,"featured_media":69609,"comment_status":"open","ping_status":"closed","sticky":false,"template":"","format":"standard","meta":{"_jetpack_newsletter_access":"","_jetpack_dont_email_post_to_subs":false,"_jetpack_newsletter_tier_id":0,"_jetpack_memberships_contains_paywalled_content":false,"_jetpack_memberships_contains_paid_content":false,"footnotes":""},"categories":[10922,9285],"tags":[12945,10622,12947,12946,11907],"class_list":["post-69608","post","type-post","status-publish","format-standard","has-post-thumbnail","hentry","category-feira-literaria","category-literatura","tag-4a-flispa","tag-aldeia-editora","tag-casa-dos-azulejos","tag-datas-do-evento","tag-sao-pedro-da-aldeia"],"aioseo_notices":[],"views":783,"jetpack_featured_media_url":"https:\/\/jornalrol.com.br\/wp-content\/uploads\/2024\/09\/461250269_528562096428081_294088388640349329_n.jpg","jetpack_sharing_enabled":true,"jetpack_likes_enabled":true,"jetpack-related-posts":[{"id":70673,"url":"https:\/\/jornalrol.com.br\/?p=70673","url_meta":{"origin":69608,"position":0},"title":"Solenidade de posse dos novos membros da ALSPA","author":"Sergio Diniz da Costa","date":"11 de novembro de 2024","format":false,"excerpt":"No dia 8 de novembro, na hist\u00f3rica Casa dos Azulejos, ocorreu a solenidade de posse dos novos membros da ALSPA, marcando um momento hist\u00f3rico para a...","rel":"","context":"Em &quot;Academias e Federa\u00e7\u00f5es de Artes&quot;","block_context":{"text":"Academias e Federa\u00e7\u00f5es de Artes","link":"https:\/\/jornalrol.com.br\/?cat=9391"},"img":{"alt_text":"Solenidade de Posse de Novos Membros da Academia de Letras de S\u00e3o Pedro da Aldeia","src":"https:\/\/i0.wp.com\/jornalrol.com.br\/wp-content\/uploads\/2024\/11\/efeb220a-5a54-4ddc-8578-ce2c29b6f5c2.jpeg?resize=350%2C200&ssl=1","width":350,"height":200,"srcset":"https:\/\/i0.wp.com\/jornalrol.com.br\/wp-content\/uploads\/2024\/11\/efeb220a-5a54-4ddc-8578-ce2c29b6f5c2.jpeg?resize=350%2C200&ssl=1 1x, https:\/\/i0.wp.com\/jornalrol.com.br\/wp-content\/uploads\/2024\/11\/efeb220a-5a54-4ddc-8578-ce2c29b6f5c2.jpeg?resize=525%2C300&ssl=1 1.5x, https:\/\/i0.wp.com\/jornalrol.com.br\/wp-content\/uploads\/2024\/11\/efeb220a-5a54-4ddc-8578-ce2c29b6f5c2.jpeg?resize=700%2C400&ssl=1 2x, https:\/\/i0.wp.com\/jornalrol.com.br\/wp-content\/uploads\/2024\/11\/efeb220a-5a54-4ddc-8578-ce2c29b6f5c2.jpeg?resize=1050%2C600&ssl=1 3x"},"classes":[]},{"id":61995,"url":"https:\/\/jornalrol.com.br\/?p=61995","url_meta":{"origin":69608,"position":1},"title":"Aldeia Editora lan\u00e7a a antologia &#8216;A Aldeia de Pedro &#8211; Poemas, Contos e Personalidades&#8217;","author":"Sergio Diniz da Costa","date":"10 de outubro de 2023","format":false,"excerpt":"Lan\u00e7amento da antologia 'A Aldeia de Pedro - Poemas, Contos e Personalidades' no dia 16 de outubro de 2023, \u00e0s 19h, na Casa de Cultura de S\u00e3o Pedro da Aldeia.","rel":"","context":"Em &quot;Antologia&quot;","block_context":{"text":"Antologia","link":"https:\/\/jornalrol.com.br\/?cat=9282"},"img":{"alt_text":"Banner sobre o lan\u00e7amento da antologia 'A Aldeia de Pedro - Poemas, Contos e Personalidades',","src":"https:\/\/i0.wp.com\/jornalrol.com.br\/wp-content\/uploads\/2023\/10\/faff43cc-9d59-4460-845c-15b7dafe144a.jpg?resize=350%2C200&ssl=1","width":350,"height":200,"srcset":"https:\/\/i0.wp.com\/jornalrol.com.br\/wp-content\/uploads\/2023\/10\/faff43cc-9d59-4460-845c-15b7dafe144a.jpg?resize=350%2C200&ssl=1 1x, https:\/\/i0.wp.com\/jornalrol.com.br\/wp-content\/uploads\/2023\/10\/faff43cc-9d59-4460-845c-15b7dafe144a.jpg?resize=525%2C300&ssl=1 1.5x"},"classes":[]},{"id":45295,"url":"https:\/\/jornalrol.com.br\/?p=45295","url_meta":{"origin":69608,"position":2},"title":"FLISPA &#8211; Feira Liter\u00e1ria de S\u00e3o Pedro da Aldeia anuncia as datas de sua 1\u00aa edi\u00e7\u00e3o","author":"Sergio Diniz da Costa","date":"4 de outubro de 2021","format":false,"excerpt":"Com a tem\u00e1tica 'Talento Local',\u00a0O evento vai acontecer do dia 15 a 29 de outubro, na Casa de Cultura de S\u00e3o Pedro da Aldeia FLISPA - Feira Liter\u00e1ria de S\u00e3o Pedro da Aldeia anuncia as datas de sua 1\u00aa edi\u00e7\u00e3o. O evento vai acontecer do dia 15 a 29 de\u2026","rel":"","context":"Em &quot;Comunica\u00e7\u00e3o&quot;","block_context":{"text":"Comunica\u00e7\u00e3o","link":"https:\/\/jornalrol.com.br\/?cat=7"},"img":{"alt_text":"","src":"https:\/\/i0.wp.com\/jornalrol.com.br\/wp-content\/uploads\/2021\/10\/5a843cc4-d187-486a-98ca-b1da725f8987.jpg?resize=350%2C200&ssl=1","width":350,"height":200,"srcset":"https:\/\/i0.wp.com\/jornalrol.com.br\/wp-content\/uploads\/2021\/10\/5a843cc4-d187-486a-98ca-b1da725f8987.jpg?resize=350%2C200&ssl=1 1x, https:\/\/i0.wp.com\/jornalrol.com.br\/wp-content\/uploads\/2021\/10\/5a843cc4-d187-486a-98ca-b1da725f8987.jpg?resize=525%2C300&ssl=1 1.5x, https:\/\/i0.wp.com\/jornalrol.com.br\/wp-content\/uploads\/2021\/10\/5a843cc4-d187-486a-98ca-b1da725f8987.jpg?resize=700%2C400&ssl=1 2x"},"classes":[]},{"id":49376,"url":"https:\/\/jornalrol.com.br\/?p=49376","url_meta":{"origin":69608,"position":3},"title":"Editora Baronesa e ALSPA promovem a Expo-Placas Centen\u00e1rio da Semana de Arte Moderna","author":"Sergio Diniz da Costa","date":"28 de mar\u00e7o de 2022","format":false,"excerpt":"A exposi\u00e7\u00e3o ocorreu nos dias 25, 26 e 27 de mar\u00e7o em Cabo Frio\/RJ, durante a XXXI Semana de Teixeira e Sousa e acontecer\u00e1 nos dias\u00a020 e 21 de maio em S\u00e3o Pedro da Aldeia, nas comemora\u00e7\u00f5es de anivers\u00e1rio da ALSPA A Editora Baronesa, em parceria com a Academia de\u2026","rel":"","context":"Em &quot;Comunica\u00e7\u00e3o&quot;","block_context":{"text":"Comunica\u00e7\u00e3o","link":"https:\/\/jornalrol.com.br\/?cat=7"},"img":{"alt_text":"","src":"https:\/\/i0.wp.com\/jornalrol.com.br\/wp-content\/uploads\/2022\/03\/276292308_136533785556447_7881560625937346362_n.jpg?resize=350%2C200&ssl=1","width":350,"height":200,"srcset":"https:\/\/i0.wp.com\/jornalrol.com.br\/wp-content\/uploads\/2022\/03\/276292308_136533785556447_7881560625937346362_n.jpg?resize=350%2C200&ssl=1 1x, https:\/\/i0.wp.com\/jornalrol.com.br\/wp-content\/uploads\/2022\/03\/276292308_136533785556447_7881560625937346362_n.jpg?resize=525%2C300&ssl=1 1.5x, https:\/\/i0.wp.com\/jornalrol.com.br\/wp-content\/uploads\/2022\/03\/276292308_136533785556447_7881560625937346362_n.jpg?resize=700%2C400&ssl=1 2x, https:\/\/i0.wp.com\/jornalrol.com.br\/wp-content\/uploads\/2022\/03\/276292308_136533785556447_7881560625937346362_n.jpg?resize=1050%2C600&ssl=1 3x, https:\/\/i0.wp.com\/jornalrol.com.br\/wp-content\/uploads\/2022\/03\/276292308_136533785556447_7881560625937346362_n.jpg?resize=1400%2C800&ssl=1 4x"},"classes":[]},{"id":51886,"url":"https:\/\/jornalrol.com.br\/?p=51886","url_meta":{"origin":69608,"position":4},"title":"ALSPA e a Editora Baronesa  realizar\u00e3o evento de m\u00faltiplas atividades culturais para homenagear o Bicenten\u00e1rio da Independ\u00eancia do Brasil","author":"Sergio Diniz da Costa","date":"7 de setembro de 2022","format":false,"excerpt":"Na programa\u00e7\u00e3o da homenagem ao Bicenten\u00e1rio da Independ\u00eancia do Brasil, a realiza\u00e7\u00e3o de sarau cultural, expo-placas e colet\u00e2nea digital Em 2022 acontecer\u00e1 o Bicenten\u00e1rio da Proclama\u00e7\u00e3o da Independ\u00eancia. A ALSPA - Academia de Letras de S\u00e3o Pedro da Aldeia e a Editora Baronesa em 22 de setembro de 2022, realizar\u00e3o\u2026","rel":"","context":"Em &quot;Comunica\u00e7\u00e3o&quot;","block_context":{"text":"Comunica\u00e7\u00e3o","link":"https:\/\/jornalrol.com.br\/?cat=7"},"img":{"alt_text":"","src":"https:\/\/i0.wp.com\/jornalrol.com.br\/wp-content\/uploads\/2022\/09\/facebook_1662585960962_6973390946406987558.jpg?resize=350%2C200&ssl=1","width":350,"height":200,"srcset":"https:\/\/i0.wp.com\/jornalrol.com.br\/wp-content\/uploads\/2022\/09\/facebook_1662585960962_6973390946406987558.jpg?resize=350%2C200&ssl=1 1x, https:\/\/i0.wp.com\/jornalrol.com.br\/wp-content\/uploads\/2022\/09\/facebook_1662585960962_6973390946406987558.jpg?resize=525%2C300&ssl=1 1.5x, https:\/\/i0.wp.com\/jornalrol.com.br\/wp-content\/uploads\/2022\/09\/facebook_1662585960962_6973390946406987558.jpg?resize=700%2C400&ssl=1 2x"},"classes":[]},{"id":47749,"url":"https:\/\/jornalrol.com.br\/?p=47749","url_meta":{"origin":69608,"position":5},"title":"Editora  Baronesa realizar\u00e1 evento comemorativo do Centen\u00e1rio da Semana de Arte Moderna","author":"Sergio Diniz da Costa","date":"6 de janeiro de 2022","format":false,"excerpt":"De 20 a 22 maio de 2022, em S\u00e3o Pedro da Aldeia-RJ a Editora Baronesa realizar\u00e1 um evento de m\u00faltiplas atividades culturais para homenagear esse momento hist\u00f3rico Em 2022 acontecer\u00e1 o Centen\u00e1rio da Semana de Arte Moderna evento que reuniu personalidades como Di Cavalcanti, Mario de Andrade, Oswald de Andrade\u2026","rel":"","context":"Em &quot;Comunica\u00e7\u00e3o&quot;","block_context":{"text":"Comunica\u00e7\u00e3o","link":"https:\/\/jornalrol.com.br\/?cat=7"},"img":{"alt_text":"","src":"https:\/\/i0.wp.com\/jornalrol.com.br\/wp-content\/uploads\/2022\/01\/271590617_116339150909244_7083707055169587117_n.jpg?resize=350%2C200&ssl=1","width":350,"height":200,"srcset":"https:\/\/i0.wp.com\/jornalrol.com.br\/wp-content\/uploads\/2022\/01\/271590617_116339150909244_7083707055169587117_n.jpg?resize=350%2C200&ssl=1 1x, https:\/\/i0.wp.com\/jornalrol.com.br\/wp-content\/uploads\/2022\/01\/271590617_116339150909244_7083707055169587117_n.jpg?resize=525%2C300&ssl=1 1.5x, https:\/\/i0.wp.com\/jornalrol.com.br\/wp-content\/uploads\/2022\/01\/271590617_116339150909244_7083707055169587117_n.jpg?resize=700%2C400&ssl=1 2x"},"classes":[]}],"_links":{"self":[{"href":"https:\/\/jornalrol.com.br\/index.php?rest_route=\/wp\/v2\/posts\/69608","targetHints":{"allow":["GET"]}}],"collection":[{"href":"https:\/\/jornalrol.com.br\/index.php?rest_route=\/wp\/v2\/posts"}],"about":[{"href":"https:\/\/jornalrol.com.br\/index.php?rest_route=\/wp\/v2\/types\/post"}],"author":[{"embeddable":true,"href":"https:\/\/jornalrol.com.br\/index.php?rest_route=\/wp\/v2\/users\/6"}],"replies":[{"embeddable":true,"href":"https:\/\/jornalrol.com.br\/index.php?rest_route=%2Fwp%2Fv2%2Fcomments&post=69608"}],"version-history":[{"count":2,"href":"https:\/\/jornalrol.com.br\/index.php?rest_route=\/wp\/v2\/posts\/69608\/revisions"}],"predecessor-version":[{"id":69611,"href":"https:\/\/jornalrol.com.br\/index.php?rest_route=\/wp\/v2\/posts\/69608\/revisions\/69611"}],"wp:featuredmedia":[{"embeddable":true,"href":"https:\/\/jornalrol.com.br\/index.php?rest_route=\/wp\/v2\/media\/69609"}],"wp:attachment":[{"href":"https:\/\/jornalrol.com.br\/index.php?rest_route=%2Fwp%2Fv2%2Fmedia&parent=69608"}],"wp:term":[{"taxonomy":"category","embeddable":true,"href":"https:\/\/jornalrol.com.br\/index.php?rest_route=%2Fwp%2Fv2%2Fcategories&post=69608"},{"taxonomy":"post_tag","embeddable":true,"href":"https:\/\/jornalrol.com.br\/index.php?rest_route=%2Fwp%2Fv2%2Ftags&post=69608"}],"curies":[{"name":"wp","href":"https:\/\/api.w.org\/{rel}","templated":true}]}}