{"id":69702,"date":"2024-09-28T14:15:22","date_gmt":"2024-09-28T17:15:22","guid":{"rendered":"https:\/\/jornalrol.com.br\/?p=69702"},"modified":"2024-09-28T14:18:33","modified_gmt":"2024-09-28T17:18:33","slug":"la-rencontre-de-la-brume-et-la-brise","status":"publish","type":"post","link":"https:\/\/jornalrol.com.br\/?p=69702","title":{"rendered":"La rencontre de la brume et la brise\u00a0"},"content":{"rendered":"<div class=\"pdfprnt-buttons pdfprnt-buttons-post pdfprnt-top-right\"><a href=\"https:\/\/jornalrol.com.br\/index.php?rest_route=%2Fwp%2Fv2%2Fposts%2F69702&print=pdf\" class=\"pdfprnt-button pdfprnt-button-pdf\" target=\"_blank\" ><\/a><a href=\"https:\/\/jornalrol.com.br\/index.php?rest_route=%2Fwp%2Fv2%2Fposts%2F69702&print=print\" class=\"pdfprnt-button pdfprnt-button-print\" target=\"_blank\" ><img decoding=\"async\" src=\"https:\/\/jornalrol.com.br\/wp-content\/plugins\/pdf-print\/images\/print.png\" alt=\"image_print\" title=\"Conte\u00fado de impress\u00e3o\" \/><\/a><\/div>\n<h2 class=\"wp-block-heading has-text-align-center\">Ella Dominici: &#8216;La rencontre de la brume et la brise&#8217; <br><br>Ella Dominici: &#8216;Encontro n\u00e9voa e brisa&#8217;&nbsp;<br><br><\/h2>\n\n\n\n<p class=\"has-text-align-center\"><\/p>\n\n\n<div class=\"wp-block-image is-style-rounded\">\n<figure class=\"aligncenter size-full is-resized\"><img loading=\"lazy\" decoding=\"async\" width=\"720\" height=\"720\" data-attachment-id=\"63406\" data-permalink=\"https:\/\/jornalrol.com.br\/?attachment_id=63406\" data-orig-file=\"https:\/\/jornalrol.com.br\/wp-content\/uploads\/2023\/11\/WhatsApp-Image-2023-11-26-at-17.47.55.jpeg\" data-orig-size=\"720,720\" data-comments-opened=\"0\" data-image-meta=\"{&quot;aperture&quot;:&quot;0&quot;,&quot;credit&quot;:&quot;&quot;,&quot;camera&quot;:&quot;&quot;,&quot;caption&quot;:&quot;&quot;,&quot;created_timestamp&quot;:&quot;0&quot;,&quot;copyright&quot;:&quot;&quot;,&quot;focal_length&quot;:&quot;0&quot;,&quot;iso&quot;:&quot;0&quot;,&quot;shutter_speed&quot;:&quot;0&quot;,&quot;title&quot;:&quot;&quot;,&quot;orientation&quot;:&quot;0&quot;}\" data-image-title=\"WhatsApp-Image-2023-11-26-at-17.47.55\" data-image-description=\"&lt;p&gt;Ella Dominici&lt;\/p&gt;\n\" data-image-caption=\"&lt;p&gt;Ella Dominici&lt;\/p&gt;\n\" data-large-file=\"https:\/\/jornalrol.com.br\/wp-content\/uploads\/2023\/11\/WhatsApp-Image-2023-11-26-at-17.47.55.jpeg\" src=\"http:\/\/jornalrol.com.br\/wp-content\/uploads\/2023\/11\/WhatsApp-Image-2023-11-26-at-17.47.55.jpeg\" alt=\"Ella Dominici\" class=\"wp-image-63406\" style=\"width:144px;height:auto\"\/><figcaption class=\"wp-element-caption\">Ella Dominici<\/figcaption><\/figure>\n<\/div>\n\n<div class=\"wp-block-image\">\n<figure class=\"aligncenter size-full is-resized\"><img loading=\"lazy\" decoding=\"async\" width=\"1024\" height=\"1024\" data-attachment-id=\"69703\" data-permalink=\"https:\/\/jornalrol.com.br\/?attachment_id=69703\" data-orig-file=\"https:\/\/jornalrol.com.br\/wp-content\/uploads\/2024\/09\/OIG3-7.jpeg\" data-orig-size=\"1024,1024\" data-comments-opened=\"1\" data-image-meta=\"{&quot;aperture&quot;:&quot;0&quot;,&quot;credit&quot;:&quot;&quot;,&quot;camera&quot;:&quot;&quot;,&quot;caption&quot;:&quot;&quot;,&quot;created_timestamp&quot;:&quot;0&quot;,&quot;copyright&quot;:&quot;&quot;,&quot;focal_length&quot;:&quot;0&quot;,&quot;iso&quot;:&quot;0&quot;,&quot;shutter_speed&quot;:&quot;0&quot;,&quot;title&quot;:&quot;&quot;,&quot;orientation&quot;:&quot;0&quot;}\" data-image-title=\"OIG3\" data-image-description=\"\" data-image-caption=\"\" data-large-file=\"https:\/\/jornalrol.com.br\/wp-content\/uploads\/2024\/09\/OIG3-7.jpeg\" src=\"https:\/\/jornalrol.com.br\/wp-content\/uploads\/2024\/09\/OIG3-7.jpeg\" alt=\"Imagem gerada com IA do Bing\u00a0\u2219 28 de setembro de 2024 \u00e0s 8:01 AM\" class=\"wp-image-69703\" style=\"width:416px;height:auto\" srcset=\"https:\/\/jornalrol.com.br\/wp-content\/uploads\/2024\/09\/OIG3-7.jpeg 1024w, https:\/\/jornalrol.com.br\/wp-content\/uploads\/2024\/09\/OIG3-7-600x600.jpeg 600w, https:\/\/jornalrol.com.br\/wp-content\/uploads\/2024\/09\/OIG3-7-768x768.jpeg 768w\" sizes=\"auto, (max-width: 1024px) 100vw, 1024px\" \/><figcaption class=\"wp-element-caption\"><em>Imagem gerada com IA do Bing&nbsp;\u2219 28 de setembro de 2024 \u00e0s 8:01 AM<\/em><\/figcaption><\/figure>\n<\/div>\n\n\n<p class=\"has-text-align-center\">Quands me jours seront gris peints par des brumes<\/p>\n\n\n\n<p class=\"has-text-align-center\">Mes yeux couverts de bateaux blancs<\/p>\n\n\n\n<p class=\"has-text-align-center\">des nates qui nagent sur une tasse au lait<\/p>\n\n\n\n<p class=\"has-text-align-center\">Je rencontrerai sur la m\u00e8r larmes d&#8217; \u00e9cumes<\/p>\n\n\n\n<p class=\"has-text-align-center\"><\/p>\n\n\n\n<p class=\"has-text-align-center\"><br>Quands mes langues seront fatigu\u00e9es de saveurs<\/p>\n\n\n\n<p class=\"has-text-align-center\">Ma t\u00eate angoiss\u00e9e en ayant plus des pleurs<\/p>\n\n\n\n<p class=\"has-text-align-center\">L&#8217; espoir de te revoir en r\u00eave s&#8217;\u00e9vanouie<\/p>\n\n\n\n<p class=\"has-text-align-center\">Je ferai semblant de te croire,s&#8217;\u00e9panouit<\/p>\n\n\n\n<p class=\"has-text-align-center\">\u00c0 me plaire<\/p>\n\n\n\n<p class=\"has-text-align-center\"><\/p>\n\n\n\n<p class=\"has-text-align-center\"><br>Quands le soleil de ma croyance soit couch\u00e9<\/p>\n\n\n\n<p class=\"has-text-align-center\">Et presque des t\u00e9n\u00e8bres d&#8217;ins\u00e9curit\u00e9<\/p>\n\n\n\n<p class=\"has-text-align-center\">Me prendront le coeur ,les jambes et le ventre<\/p>\n\n\n\n<p class=\"has-text-align-center\">Vivront encore mes d\u00e9sirs de tes anches<\/p>\n\n\n\n<p class=\"has-text-align-center\">branches de mon arbre assoiff\u00e9s de ton feu.<\/p>\n\n\n\n<p><\/p>\n\n\n\n<p class=\"has-text-align-center\"><br>Le soulagement des mes souvenirs qui souffrent tant<\/p>\n\n\n\n<p class=\"has-text-align-center\">Vient par la brise, sont des l\u00e9g\u00e8res vents qui me soufflent et adoucissent ces moments<\/p>\n\n\n\n<p class=\"has-text-align-center\">La brise femelle m&#8217; avalle le cerveau<\/p>\n\n\n\n<p class=\"has-text-align-center\">Me couvre comme un couvercle manteau<\/p>\n\n\n\n<p class=\"has-text-align-center\">La pens\u00e9e te voit, te d\u00e9sire,te touche<\/p>\n\n\n\n<p class=\"has-text-align-center\">Le vent doux enl\u00e8ve vers le haut l&#8217;amoureux vers.<\/p>\n\n\n\n<p class=\"has-text-align-center\"><br><strong>Ella Dominici<\/strong><\/p>\n\n\n\n<p><\/p>\n\n\n\n<p class=\"has-text-align-center\"><\/p>\n\n\n\n<h3 class=\"wp-block-heading has-text-align-center\"><br>Encontro n\u00e9voa e brisa<br><\/h3>\n\n\n\n<p class=\"has-text-align-center\">Quando meus dias ser\u00e3o cinza pintados por n\u00e9voas<\/p>\n\n\n\n<p class=\"has-text-align-center\">Meus olhos cobertos de barcos brancos<\/p>\n\n\n\n<p class=\"has-text-align-center\">natas nadando em um copo de leite<\/p>\n\n\n\n<p class=\"has-text-align-center\">Encontrarei l\u00e1grimas de espuma no mar<\/p>\n\n\n\n<p><\/p>\n\n\n\n<p><\/p>\n\n\n\n<p class=\"has-text-align-center\"><br>Quando minhas l\u00ednguas estiverem cansadas de sabores<\/p>\n\n\n\n<p class=\"has-text-align-center\">Minha cabe\u00e7a angustiada sem mais l\u00e1grimas<\/p>\n\n\n\n<p class=\"has-text-align-center\">esperan\u00e7a de ver voc\u00ea novamente em um sonho desaparecendo<\/p>\n\n\n\n<p class=\"has-text-align-center\">vou fingir que acredito em voc\u00ea aparecer, florescer<\/p>\n\n\n\n<p class=\"has-text-align-center\">para me agradar<\/p>\n\n\n\n<p class=\"has-text-align-center\"><\/p>\n\n\n\n<p><\/p>\n\n\n\n<p class=\"has-text-align-center\"><br>quando o sol da minha cren\u00e7a se puser<\/p>\n\n\n\n<p class=\"has-text-align-center\">quase uma escurid\u00e3o de inseguran\u00e7a<\/p>\n\n\n\n<p class=\"has-text-align-center\">levar\u00e1 meu cora\u00e7\u00e3o, pernas e ventre<\/p>\n\n\n\n<p class=\"has-text-align-center\">saberia que mesmo que meus l\u00e1bios fluam<\/p>\n\n\n\n<p class=\"has-text-align-center\">ainda viverei meus desejos de seus juncos<\/p>\n\n\n\n<p class=\"has-text-align-center\">galhos da minha \u00e1rvore sedentos pelo seu fogo.<\/p>\n\n\n\n<p class=\"has-text-align-center\"><\/p>\n\n\n\n<p><\/p>\n\n\n\n<p class=\"has-text-align-center\"><br>Al\u00edvio das minhas mem\u00f3rias dolorosas<\/p>\n\n\n\n<p class=\"has-text-align-center\">vem pela brisa, s\u00e3o ventos leves<\/p>\n\n\n\n<p class=\"has-text-align-center\">que me sopram e suavizam esses momentos<\/p>\n\n\n\n<p class=\"has-text-align-center\">brisa feminina engole meu c\u00e9rebro<\/p>\n\n\n\n<p class=\"has-text-align-center\">me cobre como uma capa de casaco<\/p>\n\n\n\n<p class=\"has-text-align-center\">pensamento te v\u00ea, te deseja, te toca<\/p>\n\n\n\n<p class=\"has-text-align-center\">vento suave sopra o amante para o<\/p>\n\n\n\n<p class=\"has-text-align-center\">alto em  amorosos versos<\/p>\n\n\n\n<p class=\"has-text-align-center\"><br><strong>Ella Dominici<\/strong><\/p>\n\n\n\n<div class=\"wp-block-columns is-layout-flex wp-container-core-columns-is-layout-9d6595d7 wp-block-columns-is-layout-flex\">\n<div class=\"wp-block-column is-layout-flow wp-block-column-is-layout-flow\">\n<h4 class=\"wp-block-heading has-text-align-center has-blush-light-purple-gradient-background has-background\"><a href=\"https:\/\/www.facebook.com\/profile.php?id=100081093275132&amp;locale=pt_BR\" target=\"_blank\" rel=\"noopener\" title=\"Facebook\">Facebook<\/a><\/h4>\n<\/div>\n\n\n\n<div class=\"wp-block-column is-layout-flow wp-block-column-is-layout-flow\">\n<h4 class=\"wp-block-heading has-text-align-center has-blush-light-purple-gradient-background has-background\"><a href=\"https:\/\/www.instagram.com\/ruteelladominici\/\" title=\"Instagram\">Instagram<\/a><\/h4>\n<\/div>\n<\/div>\n\n\n\n<p><a href=\"https:\/\/jornalrol.com.br\/\" title=\"Voltar\">Voltar<\/a><\/p>\n\n\n\n<p><a href=\"https:\/\/www.facebook.com\/JCulturalrol\/\" title=\"Facebook\">Facebook<\/a><\/p>\n\n\n\n<pre class=\"wp-block-code\"><code>                         <\/code><\/pre>\n\n\n\n<p class=\"has-text-align-center\"><\/p>\n","protected":false},"excerpt":{"rendered":"<p>Quando meus dias ser\u00e3o cinza pintados por n\u00e9voas meus olhos cobertos de barcos brancos natas nadando em um copo de leite encontrarei l\u00e1grimas de espuma no mar.<\/p>\n","protected":false},"author":90,"featured_media":69703,"comment_status":"open","ping_status":"closed","sticky":false,"template":"","format":"standard","meta":{"_jetpack_newsletter_access":"","_jetpack_dont_email_post_to_subs":false,"_jetpack_newsletter_tier_id":0,"_jetpack_memberships_contains_paywalled_content":false,"_jetpack_memberships_contains_paid_content":false,"footnotes":""},"categories":[9285,58],"tags":[1483,12975,3433,12976,10961,11254,6349],"class_list":["post-69702","post","type-post","status-publish","format-standard","has-post-thumbnail","hentry","category-literatura","category-poesias","tag-brisa","tag-copo-de-leite","tag-esperanca","tag-espumas","tag-lagrimas","tag-nevoa","tag-olhos"],"aioseo_notices":[],"views":796,"jetpack_featured_media_url":"https:\/\/jornalrol.com.br\/wp-content\/uploads\/2024\/09\/OIG3-7.jpeg","jetpack_sharing_enabled":true,"jetpack_likes_enabled":true,"jetpack-related-posts":[{"id":78641,"url":"https:\/\/jornalrol.com.br\/?p=78641","url_meta":{"origin":69702,"position":0},"title":"La rencontre de la brume et la brise","author":"Rute Ella Dominici","date":"20 de fevereiro de 2026","format":false,"excerpt":"Quands me jours seront gris peints par des brumes, Mes yeux couverts de bateaux blancs des nates qui nagent sur une tasse au lait Je rencontrerai sur la m\u00e8r\u2026","rel":"","context":"Em &quot;Literatura&quot;","block_context":{"text":"Literatura","link":"https:\/\/jornalrol.com.br\/?cat=9285"},"img":{"alt_text":"Imagem criada por IA do ChatGPT - https:\/\/chatgpt.com\/s\/m_69987f2861608191ab43275348db148b","src":"https:\/\/i0.wp.com\/jornalrol.com.br\/wp-content\/uploads\/2026\/02\/2d937f42-7762-4cbd-a1e3-6635467e5047.jpg?resize=350%2C200&ssl=1","width":350,"height":200,"srcset":"https:\/\/i0.wp.com\/jornalrol.com.br\/wp-content\/uploads\/2026\/02\/2d937f42-7762-4cbd-a1e3-6635467e5047.jpg?resize=350%2C200&ssl=1 1x, https:\/\/i0.wp.com\/jornalrol.com.br\/wp-content\/uploads\/2026\/02\/2d937f42-7762-4cbd-a1e3-6635467e5047.jpg?resize=525%2C300&ssl=1 1.5x, https:\/\/i0.wp.com\/jornalrol.com.br\/wp-content\/uploads\/2026\/02\/2d937f42-7762-4cbd-a1e3-6635467e5047.jpg?resize=700%2C400&ssl=1 2x"},"classes":[]},{"id":63625,"url":"https:\/\/jornalrol.com.br\/?p=63625","url_meta":{"origin":69702,"position":1},"title":"Garganta cristalina em cascata","author":"Rute Ella Dominici","date":"8 de dezembro de 2023","format":false,"excerpt":"as vozes visitavam os azuis vagavam no vasto vazio e vislumbravam \u00e0 vistas onde l\u00e1 moravam encostadas em v\u00e3os que vinham e iam como cristais pendentes.","rel":"","context":"Em &quot;Literatura&quot;","block_context":{"text":"Literatura","link":"https:\/\/jornalrol.com.br\/?cat=9285"},"img":{"alt_text":"\"\u00e1guas agudas s\u00e3o tonalidades elevam o v\u00e3o aos c\u00e9us dos c\u00e9us vestem-se de anjos as \u00e1guas celestes\"","src":"https:\/\/i0.wp.com\/jornalrol.com.br\/wp-content\/uploads\/2023\/12\/706c9aa4-3040-4a65-9e7e-248cbe4b457a.jpeg?resize=350%2C200&ssl=1","width":350,"height":200,"srcset":"https:\/\/i0.wp.com\/jornalrol.com.br\/wp-content\/uploads\/2023\/12\/706c9aa4-3040-4a65-9e7e-248cbe4b457a.jpeg?resize=350%2C200&ssl=1 1x, https:\/\/i0.wp.com\/jornalrol.com.br\/wp-content\/uploads\/2023\/12\/706c9aa4-3040-4a65-9e7e-248cbe4b457a.jpeg?resize=525%2C300&ssl=1 1.5x, https:\/\/i0.wp.com\/jornalrol.com.br\/wp-content\/uploads\/2023\/12\/706c9aa4-3040-4a65-9e7e-248cbe4b457a.jpeg?resize=700%2C400&ssl=1 2x"},"classes":[]},{"id":74998,"url":"https:\/\/jornalrol.com.br\/?p=74998","url_meta":{"origin":69702,"position":2},"title":"Imperativo","author":"Rute Ella Dominici","date":"22 de agosto de 2025","format":false,"excerpt":"Acode-me do ex\u00edlio das manh\u00e3s, d\u00ea-me leite mel e mais rom\u00e3s. O al\u00e9m da estrada \u00e9 portal do l\u00e1 em casa l\u00e1 h\u00e1 o sentir correndo de meu peito ao avoante-fugaz...","rel":"","context":"Em &quot;Literatura&quot;","block_context":{"text":"Literatura","link":"https:\/\/jornalrol.com.br\/?cat=9285"},"img":{"alt_text":"Imagem criada por IA da Meta - 21 de agosto de 2025, \u00e0s13:47 PM","src":"https:\/\/i0.wp.com\/jornalrol.com.br\/wp-content\/uploads\/2025\/08\/d5f3afb8-ee63-494b-9a75-e24d5e939fbb.jpeg?resize=350%2C200&ssl=1","width":350,"height":200,"srcset":"https:\/\/i0.wp.com\/jornalrol.com.br\/wp-content\/uploads\/2025\/08\/d5f3afb8-ee63-494b-9a75-e24d5e939fbb.jpeg?resize=350%2C200&ssl=1 1x, https:\/\/i0.wp.com\/jornalrol.com.br\/wp-content\/uploads\/2025\/08\/d5f3afb8-ee63-494b-9a75-e24d5e939fbb.jpeg?resize=525%2C300&ssl=1 1.5x, https:\/\/i0.wp.com\/jornalrol.com.br\/wp-content\/uploads\/2025\/08\/d5f3afb8-ee63-494b-9a75-e24d5e939fbb.jpeg?resize=700%2C400&ssl=1 2x, https:\/\/i0.wp.com\/jornalrol.com.br\/wp-content\/uploads\/2025\/08\/d5f3afb8-ee63-494b-9a75-e24d5e939fbb.jpeg?resize=1050%2C600&ssl=1 3x"},"classes":[]},{"id":63512,"url":"https:\/\/jornalrol.com.br\/?p=63512","url_meta":{"origin":69702,"position":3},"title":"Uma l\u00e1grima e riso solto","author":"Rute Ella Dominici","date":"2 de dezembro de 2023","format":false,"excerpt":"sabedoria abre olhos aos enigmas aqueles s\u00f3 decifrados por quem os alcan\u00e7a no interior das conchas guardadora do oriundo e profundo espa\u00e7o leito sorridente...","rel":"","context":"Em &quot;Literatura&quot;","block_context":{"text":"Literatura","link":"https:\/\/jornalrol.com.br\/?cat=9285"},"img":{"alt_text":"\"Me fiz \u00edntima da sabedoria gerada p\u00e9rola no sil\u00eancio ensurdecedor do vasto Mar\"","src":"https:\/\/i0.wp.com\/jornalrol.com.br\/wp-content\/uploads\/2023\/12\/OIG.ZrGhDl7qhEZgTgmS.jpg?resize=350%2C200&ssl=1","width":350,"height":200,"srcset":"https:\/\/i0.wp.com\/jornalrol.com.br\/wp-content\/uploads\/2023\/12\/OIG.ZrGhDl7qhEZgTgmS.jpg?resize=350%2C200&ssl=1 1x, https:\/\/i0.wp.com\/jornalrol.com.br\/wp-content\/uploads\/2023\/12\/OIG.ZrGhDl7qhEZgTgmS.jpg?resize=525%2C300&ssl=1 1.5x, https:\/\/i0.wp.com\/jornalrol.com.br\/wp-content\/uploads\/2023\/12\/OIG.ZrGhDl7qhEZgTgmS.jpg?resize=700%2C400&ssl=1 2x"},"classes":[]},{"id":68109,"url":"https:\/\/jornalrol.com.br\/?p=68109","url_meta":{"origin":69702,"position":4},"title":"Maturidade no amor","author":"Rute Ella Dominici","date":"17 de julho de 2024","format":false,"excerpt":"amor n\u00e3o \u00e9 para seres imaturos que confundem gr\u00e3os de areia que s\u00e3o leves parecem iguais, mas refletem prismas cores nuances nos gr\u00e3os infinitos","rel":"","context":"Em &quot;Literatura&quot;","block_context":{"text":"Literatura","link":"https:\/\/jornalrol.com.br\/?cat=9285"},"img":{"alt_text":"\"O mor se absorve no \u00e2mago do perfume marinho d'oceano sem perder prazer nas \u00e1guas","src":"https:\/\/i0.wp.com\/jornalrol.com.br\/wp-content\/uploads\/2024\/07\/OIG1-2.jpeg?resize=350%2C200&ssl=1","width":350,"height":200,"srcset":"https:\/\/i0.wp.com\/jornalrol.com.br\/wp-content\/uploads\/2024\/07\/OIG1-2.jpeg?resize=350%2C200&ssl=1 1x, https:\/\/i0.wp.com\/jornalrol.com.br\/wp-content\/uploads\/2024\/07\/OIG1-2.jpeg?resize=525%2C300&ssl=1 1.5x, https:\/\/i0.wp.com\/jornalrol.com.br\/wp-content\/uploads\/2024\/07\/OIG1-2.jpeg?resize=700%2C400&ssl=1 2x"},"classes":[]},{"id":64247,"url":"https:\/\/jornalrol.com.br\/?p=64247","url_meta":{"origin":69702,"position":5},"title":"Anatomia das vivas ondas","author":"Rute Ella Dominici","date":"12 de janeiro de 2024","format":false,"excerpt":"Ella Dominici: Poema 'Anatomia das vivas ondas' Ella Dominici Anatomia de vivas ondasMicrosoft Bing - Imagem criada pelo Designer Anatomia das vivas ondas! I- De um ex\u00edlio entre o mar e o c\u00e9u sendo o pisar em estrela, mar\u00e9 de areia, do outro lado, ilha ensolarada em v\u00e9us do nada\u2026","rel":"","context":"Em &quot;Literatura&quot;","block_context":{"text":"Literatura","link":"https:\/\/jornalrol.com.br\/?cat=9285"},"img":{"alt_text":"Anatomia de vivas ondas","src":"https:\/\/i0.wp.com\/jornalrol.com.br\/wp-content\/uploads\/2024\/01\/68a5a459-10cd-4f0e-96f0-c976ba0f4ea2.jpeg?resize=350%2C200&ssl=1","width":350,"height":200,"srcset":"https:\/\/i0.wp.com\/jornalrol.com.br\/wp-content\/uploads\/2024\/01\/68a5a459-10cd-4f0e-96f0-c976ba0f4ea2.jpeg?resize=350%2C200&ssl=1 1x, https:\/\/i0.wp.com\/jornalrol.com.br\/wp-content\/uploads\/2024\/01\/68a5a459-10cd-4f0e-96f0-c976ba0f4ea2.jpeg?resize=525%2C300&ssl=1 1.5x, https:\/\/i0.wp.com\/jornalrol.com.br\/wp-content\/uploads\/2024\/01\/68a5a459-10cd-4f0e-96f0-c976ba0f4ea2.jpeg?resize=700%2C400&ssl=1 2x"},"classes":[]}],"_links":{"self":[{"href":"https:\/\/jornalrol.com.br\/index.php?rest_route=\/wp\/v2\/posts\/69702","targetHints":{"allow":["GET"]}}],"collection":[{"href":"https:\/\/jornalrol.com.br\/index.php?rest_route=\/wp\/v2\/posts"}],"about":[{"href":"https:\/\/jornalrol.com.br\/index.php?rest_route=\/wp\/v2\/types\/post"}],"author":[{"embeddable":true,"href":"https:\/\/jornalrol.com.br\/index.php?rest_route=\/wp\/v2\/users\/90"}],"replies":[{"embeddable":true,"href":"https:\/\/jornalrol.com.br\/index.php?rest_route=%2Fwp%2Fv2%2Fcomments&post=69702"}],"version-history":[{"count":11,"href":"https:\/\/jornalrol.com.br\/index.php?rest_route=\/wp\/v2\/posts\/69702\/revisions"}],"predecessor-version":[{"id":69719,"href":"https:\/\/jornalrol.com.br\/index.php?rest_route=\/wp\/v2\/posts\/69702\/revisions\/69719"}],"wp:featuredmedia":[{"embeddable":true,"href":"https:\/\/jornalrol.com.br\/index.php?rest_route=\/wp\/v2\/media\/69703"}],"wp:attachment":[{"href":"https:\/\/jornalrol.com.br\/index.php?rest_route=%2Fwp%2Fv2%2Fmedia&parent=69702"}],"wp:term":[{"taxonomy":"category","embeddable":true,"href":"https:\/\/jornalrol.com.br\/index.php?rest_route=%2Fwp%2Fv2%2Fcategories&post=69702"},{"taxonomy":"post_tag","embeddable":true,"href":"https:\/\/jornalrol.com.br\/index.php?rest_route=%2Fwp%2Fv2%2Ftags&post=69702"}],"curies":[{"name":"wp","href":"https:\/\/api.w.org\/{rel}","templated":true}]}}