{"id":70289,"date":"2024-10-25T10:00:00","date_gmt":"2024-10-25T13:00:00","guid":{"rendered":"https:\/\/jornalrol.com.br\/?p=70289"},"modified":"2024-10-24T19:32:46","modified_gmt":"2024-10-24T22:32:46","slug":"a-tragetoria-de-cybele-meyer","status":"publish","type":"post","link":"https:\/\/jornalrol.com.br\/?p=70289","title":{"rendered":"A trajet\u00f3ria de Cybele Meyer"},"content":{"rendered":"<div class=\"pdfprnt-buttons pdfprnt-buttons-post pdfprnt-top-right\"><a href=\"https:\/\/jornalrol.com.br\/index.php?rest_route=%2Fwp%2Fv2%2Fposts%2F70289&print=pdf\" class=\"pdfprnt-button pdfprnt-button-pdf\" target=\"_blank\" ><\/a><a href=\"https:\/\/jornalrol.com.br\/index.php?rest_route=%2Fwp%2Fv2%2Fposts%2F70289&print=print\" class=\"pdfprnt-button pdfprnt-button-print\" target=\"_blank\" ><img decoding=\"async\" src=\"https:\/\/jornalrol.com.br\/wp-content\/plugins\/pdf-print\/images\/print.png\" alt=\"image_print\" title=\"Conte\u00fado de impress\u00e3o\" \/><\/a><\/div>\n<h2 class=\"wp-block-heading has-text-align-center\">Cybele Meyer, uma paulistana que carrega a paix\u00e3o pela educa\u00e7\u00e3o e pela escrita em cada passo de sua jornada<\/h2>\n\n\n\n<p><br><\/p>\n\n\n<div class=\"wp-block-image\">\n<figure class=\"aligncenter size-full is-resized\"><img loading=\"lazy\" decoding=\"async\" width=\"1080\" height=\"1080\" data-attachment-id=\"70290\" data-permalink=\"https:\/\/jornalrol.com.br\/?attachment_id=70290\" data-orig-file=\"https:\/\/jornalrol.com.br\/wp-content\/uploads\/2024\/10\/Perfil-Cybele-Meyer.png\" data-orig-size=\"1080,1080\" data-comments-opened=\"1\" data-image-meta=\"{&quot;aperture&quot;:&quot;0&quot;,&quot;credit&quot;:&quot;&quot;,&quot;camera&quot;:&quot;&quot;,&quot;caption&quot;:&quot;&quot;,&quot;created_timestamp&quot;:&quot;0&quot;,&quot;copyright&quot;:&quot;&quot;,&quot;focal_length&quot;:&quot;0&quot;,&quot;iso&quot;:&quot;0&quot;,&quot;shutter_speed&quot;:&quot;0&quot;,&quot;title&quot;:&quot;&quot;,&quot;orientation&quot;:&quot;0&quot;}\" data-image-title=\"Perfil &amp;#8211; Cybele Meyer\" data-image-description=\"\" data-image-caption=\"\" data-large-file=\"https:\/\/jornalrol.com.br\/wp-content\/uploads\/2024\/10\/Perfil-Cybele-Meyer.png\" src=\"https:\/\/jornalrol.com.br\/wp-content\/uploads\/2024\/10\/Perfil-Cybele-Meyer.png\" alt=\"Foto de Cybele Meyer\" class=\"wp-image-70290\" style=\"width:374px;height:auto\" srcset=\"https:\/\/jornalrol.com.br\/wp-content\/uploads\/2024\/10\/Perfil-Cybele-Meyer.png 1080w, https:\/\/jornalrol.com.br\/wp-content\/uploads\/2024\/10\/Perfil-Cybele-Meyer-600x600.png 600w, https:\/\/jornalrol.com.br\/wp-content\/uploads\/2024\/10\/Perfil-Cybele-Meyer-768x768.png 768w\" sizes=\"auto, (max-width: 1080px) 100vw, 1080px\" \/><figcaption class=\"wp-element-caption\">Cybele Meyer<\/figcaption><\/figure>\n<\/div>\n\n\n<p><br><\/p>\n\n\n\n<h3 class=\"wp-block-heading has-text-align-center\">SUA HIST\u00d3RIA<\/h3>\n\n\n\n<p class=\"has-drop-cap\">Cybele Meyer Corr\u00eaa, m\u00e3e de tr\u00eas filhos, av\u00f3 de tr\u00eas netos e madrinha de tr\u00eas afilhados, ela acredita que o amor em suas diferentes formas \u00e9 a base para qualquer constru\u00e7\u00e3o, seja familiar, educacional ou liter\u00e1ria.<\/p>\n\n\n\n<p>Sua forma\u00e7\u00e3o acad\u00eamica come\u00e7ou no Direito, mas logo ela se encantou e se encontrou na Pedagogia, nas Artes Pl\u00e1sticas e, mais recentemente, na Filosofia.<\/p>\n\n\n\n<p>Ao longo de sua carreira, foi desenhando um caminho que unia a pr\u00e1tica educativa \u00e0 reflex\u00e3o constante, algo que se tornou o alicerce de suas obras.<\/p>\n\n\n\n<p><br><\/p>\n\n\n\n<hr class=\"wp-block-separator has-alpha-channel-opacity is-style-wide\"\/>\n\n\n\n<p class=\"has-text-align-center\"><strong><em>Minha experi\u00eancia de mais de 30 anos como educadora abrangeu todos os n\u00edveis de ensino, da Educa\u00e7\u00e3o Infantil \u00e0 Gradua\u00e7\u00e3o em Pedagogia, o que me motivou a cursar a P\u00f3s-gradua\u00e7\u00e3o em Psicopedagogia Cl\u00ednica e Institucional e Gest\u00e3o do Trabalho Pedag\u00f3gico, tamb\u00e9m me proporcionou uma vis\u00e3o integradora, que se reflete em cada livro que escrevo<\/em><\/strong>.<\/p>\n\n\n\n<p class=\"has-text-align-right\"><br><strong>Cybele Meyer<\/strong><\/p>\n\n\n\n<hr class=\"wp-block-separator has-alpha-channel-opacity is-style-wide\"\/>\n\n\n\n<p><br><\/p>\n\n\n\n<h3 class=\"wp-block-heading has-text-align-center\">SEUS PR\u00caMIOS LITER\u00c1RIOS<\/h3>\n\n\n\n<ul class=\"wp-block-list\">\n<li>Escritores de Bragan\u00e7a Paulista<\/li>\n\n\n\n<li>Historiador Francisco C\u00e9sar Palma de Ara\u00fajo<\/li>\n\n\n\n<li>Men\u00e7\u00e3o honrosa \u201cCom a palavra os professores do Brasil\u201d Antologia Liter\u00e1ria<\/li>\n\n\n\n<li>Autora convidada para a Antologia Pr\u00eamio Padre Jo\u00e3o Batista Zecchin<\/li>\n\n\n\n<li>\u201dVencedora do Concurso Nacional \u201cEra Uma vez \u2013 Especial Dia do Professor\u201d da Revista Nova Escola (2009) &#8211; conto \u201cO Sucesso da Mala\u201d<\/li>\n<\/ul>\n\n\n\n<p><br><\/p>\n\n\n\n<h3 class=\"wp-block-heading has-text-align-center\">Educadora Transforma Experi\u00eancias em Livros que Promovem Seguran\u00e7a Digital e Valores Humanos<\/h3>\n\n\n\n<p>A trajet\u00f3ria de uma educadora comprometida com a transforma\u00e7\u00e3o social por meio da educa\u00e7\u00e3o levou \u00e0 cria\u00e7\u00e3o de uma s\u00e9rie de livros que abordam temas essenciais para crian\u00e7as, jovens, pais e educadores. <\/p>\n\n\n\n<p>Com o objetivo de conscientizar sobre a seguran\u00e7a on-line e promover valores humanos fundamentais, cada obra foi concebida para ser uma ferramenta educativa e envolvente, utilizando a literatura como um caminho para a reflex\u00e3o e o di\u00e1logo.<\/p>\n\n\n\n<p>A educadora explica que sua viv\u00eancia em sala de aula revelou a necessidade urgente de oferecer ferramentas que ajudem pais e educadores a compreender e lidar com os perigos do mundo digital. <\/p>\n\n\n\n<p>Essa motiva\u00e7\u00e3o deu origem ao livro &#8220;N\u00e3o Fale com Estranhos \u2013 Cuidado com a Bola Cativante&#8221;, que aborda a seguran\u00e7a infantil na internet. \u201cQueria que o livro fosse mais do que um alerta. <\/p>\n\n\n\n<p>Busquei uma narrativa que cativasse as crian\u00e7as, sem deixar de transmitir a mensagem essencial sobre a import\u00e2ncia da orienta\u00e7\u00e3o dos pais e da escola\u201d, explica. Para isso, criou os personagens Cati-Bola e Tuti-Fruti, que transformam um assunto s\u00e9rio em uma narrativa l\u00fadica e educativa.<\/p>\n\n\n\n<p>Outra preocupa\u00e7\u00e3o da autora \u00e9 a educa\u00e7\u00e3o voltada para o desenvolvimento das m\u00faltiplas intelig\u00eancias dos alunos. <\/p>\n\n\n\n<p>Em &#8220;Intelig\u00eancias na Pr\u00e1tica Educativa&#8221;, ela se inspira nos princ\u00edpios de Howard Gardner para oferecer estrat\u00e9gias que ajudem os professores a reconhecerem e estimularem as diversas intelig\u00eancias presentes nas salas de aula. \u201cEsse livro \u00e9 um convite para educadores redescobrirem a ess\u00eancia humana da pr\u00e1tica educativa, compreendendo que cada aluno tem talentos \u00fanicos a serem valorizados\u201d, ressalta.<\/p>\n\n\n\n<p>Na obra &#8220;Plantando Sementes de Valores com a Menina Flor&#8221;, a autora traz uma reflex\u00e3o profunda sobre a aceita\u00e7\u00e3o e a diversidade, temas fundamentais para a constru\u00e7\u00e3o de uma sociedade mais emp\u00e1tica e solid\u00e1ria. <\/p>\n\n\n\n<p>A personagem Menina Flor, inspirada em suas experi\u00eancias com valores humanos, se torna um s\u00edmbolo de respeito e conviv\u00eancia pac\u00edfica. \u201cAssim como no grande jardim da vida, cada um de n\u00f3s tem seu espa\u00e7o \u00fanico e essencial\u201d, reflete.<\/p>\n\n\n\n<p>Com um toque de fantasia e criatividade, o livro &#8220;Pedol\u00e2ndia&#8221; apresenta uma cidade m\u00e1gica onde a linguagem dos p\u00e9s revela caminhos e escolhas que ensinam li\u00e7\u00f5es valiosas para as crian\u00e7as. <\/p>\n\n\n\n<p>A narrativa refor\u00e7a que, assim como as crian\u00e7as podem encontrar novas dire\u00e7\u00f5es em momentos dif\u00edceis, cada pessoa tem a chance de trilhar um novo caminho educativo e significativo.<\/p>\n\n\n\n<p>Voltada para o p\u00fablico adolescente, a educadora tamb\u00e9m publicou obras como &#8220;Mingau de Sonhos&#8221; e &#8220;O Di\u00e1rio de Juliana&#8221;, que exploram as complexidades da juventude e a import\u00e2ncia do apoio emocional. \u201cEsses livros nasceram da minha intera\u00e7\u00e3o constante com estudantes e da percep\u00e7\u00e3o de que escutar e compreender as emo\u00e7\u00f5es dos jovens \u00e9 essencial para que eles se sintam acolhidos em todas as fases da vida\u201d, destaca.<\/p>\n\n\n\n<p>Cada obra reflete a miss\u00e3o da autora de transformar a educa\u00e7\u00e3o em um processo vivo e significativo, abordando com sensibilidade temas que perpassam a inf\u00e2ncia, a adolesc\u00eancia e as novas demandas da era digital. <\/p>\n\n\n\n<p>Com um olhar atento para o desenvolvimento integral do ser humano, seus livros se consolidam como recursos valiosos para o di\u00e1logo aberto entre pais, filhos e educadores, promovendo a constru\u00e7\u00e3o de um futuro mais consciente e humano.<\/p>\n\n\n\n<p><\/p>\n\n\n\n<h3 class=\"wp-block-heading has-text-align-center\">REDES SOCIAS DA AUTORA<\/h3>\n\n\n\n<div class=\"wp-block-columns is-layout-flex wp-container-core-columns-is-layout-9d6595d7 wp-block-columns-is-layout-flex\">\n<div class=\"wp-block-column is-layout-flow wp-block-column-is-layout-flow\">\n<h3 class=\"wp-block-heading has-text-align-center has-pale-cyan-blue-background-color has-background\"><a href=\"https:\/\/www.instagram.com\/cybelemeyer\/\" title=\"\">INSTAGRAM<\/a><\/h3>\n<\/div>\n\n\n\n<div class=\"wp-block-column is-layout-flow wp-block-column-is-layout-flow\">\n<h3 class=\"wp-block-heading has-text-align-center has-pale-cyan-blue-background-color has-background\"><a href=\"https:\/\/www.facebook.com\/palestrantecybelemeyer?locale=pt_BR\" target=\"_blank\" rel=\"noopener\" title=\"\">FACEBOOK<\/a><\/h3>\n<\/div>\n<\/div>\n\n\n\n<div class=\"wp-block-columns is-layout-flex wp-container-core-columns-is-layout-9d6595d7 wp-block-columns-is-layout-flex\">\n<div class=\"wp-block-column is-layout-flow wp-block-column-is-layout-flow\">\n<h3 class=\"wp-block-heading has-text-align-center has-pale-cyan-blue-background-color has-background\"><a href=\"https:\/\/www.youtube.com\/@CybeleMeyer\" target=\"_blank\" rel=\"noopener\" title=\"\">YOUTUBE<\/a><\/h3>\n<\/div>\n\n\n\n<div class=\"wp-block-column is-layout-flow wp-block-column-is-layout-flow\">\n<h3 class=\"wp-block-heading has-text-align-center has-pale-cyan-blue-background-color has-background\"><a href=\"https:\/\/www.tiktok.com\/@cybelemeyer01\" target=\"_blank\" rel=\"noopener\" title=\"\">TIKTOK<\/a><\/h3>\n<\/div>\n<\/div>\n\n\n\n<h3 class=\"wp-block-heading has-text-align-center\">SUAS OBRAS<\/h3>\n\n\n\n<p><\/p>\n\n\n<div class=\"wp-block-image\">\n<figure class=\"aligncenter size-full\"><img loading=\"lazy\" decoding=\"async\" width=\"502\" height=\"484\" data-attachment-id=\"70299\" data-permalink=\"https:\/\/jornalrol.com.br\/?attachment_id=70299\" data-orig-file=\"https:\/\/jornalrol.com.br\/wp-content\/uploads\/2024\/10\/Nao-fale-com-estranhos-Cybele-Meyer.png\" data-orig-size=\"502,484\" data-comments-opened=\"1\" data-image-meta=\"{&quot;aperture&quot;:&quot;0&quot;,&quot;credit&quot;:&quot;&quot;,&quot;camera&quot;:&quot;&quot;,&quot;caption&quot;:&quot;&quot;,&quot;created_timestamp&quot;:&quot;0&quot;,&quot;copyright&quot;:&quot;&quot;,&quot;focal_length&quot;:&quot;0&quot;,&quot;iso&quot;:&quot;0&quot;,&quot;shutter_speed&quot;:&quot;0&quot;,&quot;title&quot;:&quot;&quot;,&quot;orientation&quot;:&quot;0&quot;}\" data-image-title=\"N\u00e3o fale com estranhos &amp;#8211; Cybele Meyer\" data-image-description=\"\" data-image-caption=\"\" data-large-file=\"https:\/\/jornalrol.com.br\/wp-content\/uploads\/2024\/10\/Nao-fale-com-estranhos-Cybele-Meyer.png\" src=\"https:\/\/jornalrol.com.br\/wp-content\/uploads\/2024\/10\/Nao-fale-com-estranhos-Cybele-Meyer.png\" alt=\"Livro, &quot; N\u00e3o fale com estranhos. Cuidado com a Bola Cativante\" class=\"wp-image-70299\"\/><figcaption class=\"wp-element-caption\">N\u00e3o fale com estranho. Cuidado com a bola cativante.<\/figcaption><\/figure>\n<\/div>\n\n\n<h3 class=\"wp-block-heading has-text-align-center\">RESENHA<\/h3>\n\n\n\n<p>Este livro muito bem elaborado conta tr\u00eas hist\u00f3rias diferentes que alertam para os perigos de falar com estranhos, principalmente no ambiente virtual.<\/p>\n\n\n\n<p>Um livro importante por sua tem\u00e1tica e informa\u00e7\u00f5es.<\/p>\n\n\n\n<p>Super recomendo!!<\/p>\n\n\n\n<p>Leiam!<\/p>\n\n\n\n<h3 class=\"wp-block-heading has-text-align-center\">Assista \u00e0 resenha do canal @oqueli no Youtube<\/h3>\n\n\n\n<figure class=\"wp-block-embed is-type-video is-provider-youtube wp-block-embed-youtube wp-embed-aspect-16-9 wp-has-aspect-ratio\"><div class=\"wp-block-embed__wrapper\">\n<iframe loading=\"lazy\" title=\"Resenha do livro &#039;N\u00e3o fale com estranhos  Cuidado com a bola cativante&#039;.\" width=\"640\" height=\"360\" src=\"https:\/\/www.youtube.com\/embed\/Or1xuk42hJA?feature=oembed\" frameborder=\"0\" allow=\"accelerometer; autoplay; clipboard-write; encrypted-media; gyroscope; picture-in-picture; web-share\" referrerpolicy=\"strict-origin-when-cross-origin\" allowfullscreen><\/iframe>\n<\/div><\/figure>\n\n\n\n<p><\/p>\n\n\n\n<div class=\"wp-block-columns is-layout-flex wp-container-core-columns-is-layout-9d6595d7 wp-block-columns-is-layout-flex\">\n<div class=\"wp-block-column is-layout-flow wp-block-column-is-layout-flow\">\n<figure class=\"wp-block-image size-full\"><img loading=\"lazy\" decoding=\"async\" width=\"1022\" height=\"1500\" data-attachment-id=\"70300\" data-permalink=\"https:\/\/jornalrol.com.br\/?attachment_id=70300\" data-orig-file=\"https:\/\/jornalrol.com.br\/wp-content\/uploads\/2024\/10\/Inteligencias-Cybele-Meyer.jpg\" data-orig-size=\"1022,1500\" data-comments-opened=\"1\" data-image-meta=\"{&quot;aperture&quot;:&quot;0&quot;,&quot;credit&quot;:&quot;&quot;,&quot;camera&quot;:&quot;&quot;,&quot;caption&quot;:&quot;&quot;,&quot;created_timestamp&quot;:&quot;0&quot;,&quot;copyright&quot;:&quot;&quot;,&quot;focal_length&quot;:&quot;0&quot;,&quot;iso&quot;:&quot;0&quot;,&quot;shutter_speed&quot;:&quot;0&quot;,&quot;title&quot;:&quot;&quot;,&quot;orientation&quot;:&quot;0&quot;}\" data-image-title=\"Intelig\u00eancias &amp;#8211; Cybele Meyer\" data-image-description=\"\" data-image-caption=\"\" data-large-file=\"https:\/\/jornalrol.com.br\/wp-content\/uploads\/2024\/10\/Inteligencias-Cybele-Meyer.jpg\" src=\"https:\/\/jornalrol.com.br\/wp-content\/uploads\/2024\/10\/Inteligencias-Cybele-Meyer.jpg\" alt=\"Livro Intelig\u00eancias na pr\u00e1tica educativa, de Cybele Meyer\" class=\"wp-image-70300\" srcset=\"https:\/\/jornalrol.com.br\/wp-content\/uploads\/2024\/10\/Inteligencias-Cybele-Meyer.jpg 1022w, https:\/\/jornalrol.com.br\/wp-content\/uploads\/2024\/10\/Inteligencias-Cybele-Meyer-818x1200.jpg 818w, https:\/\/jornalrol.com.br\/wp-content\/uploads\/2024\/10\/Inteligencias-Cybele-Meyer-768x1127.jpg 768w\" sizes=\"auto, (max-width: 1022px) 100vw, 1022px\" \/><figcaption class=\"wp-element-caption\">Intelig\u00eancia na pr\u00e1tica educativa.<\/figcaption><\/figure>\n<\/div>\n\n\n\n<div class=\"wp-block-column is-layout-flow wp-block-column-is-layout-flow\">\n<figure class=\"wp-block-image size-full is-resized\"><img loading=\"lazy\" decoding=\"async\" width=\"1110\" height=\"1500\" data-attachment-id=\"70301\" data-permalink=\"https:\/\/jornalrol.com.br\/?attachment_id=70301\" data-orig-file=\"https:\/\/jornalrol.com.br\/wp-content\/uploads\/2024\/10\/Mingau-de-sonhos-Cybele-Meyer.jpg\" data-orig-size=\"1110,1500\" data-comments-opened=\"1\" data-image-meta=\"{&quot;aperture&quot;:&quot;0&quot;,&quot;credit&quot;:&quot;&quot;,&quot;camera&quot;:&quot;&quot;,&quot;caption&quot;:&quot;&quot;,&quot;created_timestamp&quot;:&quot;0&quot;,&quot;copyright&quot;:&quot;&quot;,&quot;focal_length&quot;:&quot;0&quot;,&quot;iso&quot;:&quot;0&quot;,&quot;shutter_speed&quot;:&quot;0&quot;,&quot;title&quot;:&quot;&quot;,&quot;orientation&quot;:&quot;0&quot;}\" data-image-title=\"Mingau de sonhos &amp;#8211; Cybele Meyer\" data-image-description=\"\" data-image-caption=\"\" data-large-file=\"https:\/\/jornalrol.com.br\/wp-content\/uploads\/2024\/10\/Mingau-de-sonhos-Cybele-Meyer.jpg\" src=\"https:\/\/jornalrol.com.br\/wp-content\/uploads\/2024\/10\/Mingau-de-sonhos-Cybele-Meyer.jpg\" alt=\"Livro Mingau dos Sonhos, de Cybele Meyer\" class=\"wp-image-70301\" style=\"width:298px;height:auto\" srcset=\"https:\/\/jornalrol.com.br\/wp-content\/uploads\/2024\/10\/Mingau-de-sonhos-Cybele-Meyer.jpg 1110w, https:\/\/jornalrol.com.br\/wp-content\/uploads\/2024\/10\/Mingau-de-sonhos-Cybele-Meyer-888x1200.jpg 888w, https:\/\/jornalrol.com.br\/wp-content\/uploads\/2024\/10\/Mingau-de-sonhos-Cybele-Meyer-768x1038.jpg 768w\" sizes=\"auto, (max-width: 1110px) 100vw, 1110px\" \/><figcaption class=\"wp-element-caption\">Mingau dos sonhos<\/figcaption><\/figure>\n<\/div>\n\n\n\n<div class=\"wp-block-column is-layout-flow wp-block-column-is-layout-flow\"><div class=\"wp-block-image\">\n<figure class=\"alignright size-full is-resized\"><img loading=\"lazy\" decoding=\"async\" width=\"850\" height=\"850\" data-attachment-id=\"70302\" data-permalink=\"https:\/\/jornalrol.com.br\/?attachment_id=70302\" data-orig-file=\"https:\/\/jornalrol.com.br\/wp-content\/uploads\/2024\/10\/Menina-Flor-Cybele-Meyer.jpg\" data-orig-size=\"850,850\" data-comments-opened=\"1\" data-image-meta=\"{&quot;aperture&quot;:&quot;0&quot;,&quot;credit&quot;:&quot;&quot;,&quot;camera&quot;:&quot;&quot;,&quot;caption&quot;:&quot;&quot;,&quot;created_timestamp&quot;:&quot;0&quot;,&quot;copyright&quot;:&quot;&quot;,&quot;focal_length&quot;:&quot;0&quot;,&quot;iso&quot;:&quot;0&quot;,&quot;shutter_speed&quot;:&quot;0&quot;,&quot;title&quot;:&quot;&quot;,&quot;orientation&quot;:&quot;0&quot;}\" data-image-title=\"Menina Flor &amp;#8211; Cybele Meyer\" data-image-description=\"\" data-image-caption=\"\" data-large-file=\"https:\/\/jornalrol.com.br\/wp-content\/uploads\/2024\/10\/Menina-Flor-Cybele-Meyer.jpg\" src=\"https:\/\/jornalrol.com.br\/wp-content\/uploads\/2024\/10\/Menina-Flor-Cybele-Meyer.jpg\" alt=\"|Livro Menina Flor, de Cybele Meyer\" class=\"wp-image-70302\" style=\"width:251px;height:auto\" srcset=\"https:\/\/jornalrol.com.br\/wp-content\/uploads\/2024\/10\/Menina-Flor-Cybele-Meyer.jpg 850w, https:\/\/jornalrol.com.br\/wp-content\/uploads\/2024\/10\/Menina-Flor-Cybele-Meyer-600x600.jpg 600w, https:\/\/jornalrol.com.br\/wp-content\/uploads\/2024\/10\/Menina-Flor-Cybele-Meyer-768x768.jpg 768w\" sizes=\"auto, (max-width: 850px) 100vw, 850px\" \/><figcaption class=\"wp-element-caption\">Menina Flor<\/figcaption><\/figure>\n<\/div><\/div>\n<\/div>\n\n\n\n<p><\/p>\n\n\n\n<h3 class=\"wp-block-heading has-text-align-center\">ONDE ENCONTRAR OS LIVROS<\/h3>\n\n\n\n<div class=\"wp-block-columns is-layout-flex wp-container-core-columns-is-layout-9d6595d7 wp-block-columns-is-layout-flex\">\n<div class=\"wp-block-column is-layout-flow wp-block-column-is-layout-flow\">\n<h4 class=\"wp-block-heading has-text-align-center has-pale-cyan-blue-background-color has-background\"><a href=\"https:\/\/www.amazon.com.br\/Intelig%C3%AAncias-pr%C3%A1tica-educativa-Cybele-Meyer\/dp\/8582121938\" target=\"_blank\" rel=\"noopener\" title=\"\">AMAZON<\/a><\/h4>\n<\/div>\n\n\n\n<div class=\"wp-block-column is-layout-flow wp-block-column-is-layout-flow\">\n<h4 class=\"wp-block-heading has-text-align-center has-pale-cyan-blue-background-color has-background\"><a href=\"https:\/\/www.amazon.com.br\/s?k=Mingau+de+sonhos+-+livro+Cybele+Meyer&amp;i=stripbooks&amp;__mk_pt_BR=%C3%85M%C3%85%C5%BD%C3%95%C3%91&amp;ref=nb_sb_noss\" target=\"_blank\" rel=\"noopener\" title=\"\">AMAZON<\/a><\/h4>\n<\/div>\n\n\n\n<div class=\"wp-block-column is-layout-flow wp-block-column-is-layout-flow\">\n<h4 class=\"wp-block-heading has-text-align-center has-pale-cyan-blue-background-color has-background\"><a href=\"https:\/\/www.amazon.com.br\/Di%C3%A1rio-Juliana-retorno-%C3%A9poca-incerto-ebook\/dp\/B0B5YJHVXY\/ref=monarch_sidesheet_title\" target=\"_blank\" rel=\"noopener\" title=\"\">AMAZON<\/a><\/h4>\n<\/div>\n<\/div>\n\n\n\n<div class=\"wp-block-columns is-layout-flex wp-container-core-columns-is-layout-9d6595d7 wp-block-columns-is-layout-flex\">\n<div class=\"wp-block-column is-layout-flow wp-block-column-is-layout-flow\">\n<h4 class=\"wp-block-heading has-text-align-center has-pale-cyan-blue-background-color has-background\"><a href=\"https:\/\/loja.umlivro.com.br\/nao-fale-com-estranhos--cuidado-com-a-bola-cativante-6965952\/p Casas Bahia - https:\/\/www.casasbahia.com.br\/nao-fale-com-estranhos-cuidado-com-a-bola-cativante\/p\/1565391529 Amazon: https:\/\/www.amazon.com.br\/Intelig%C3%AAncias-pr%C3%A1tica-educativa-Cybele-Meyer\/dp\/8582121938V\" target=\"_blank\" rel=\"noopener\" title=\"\">UM LIVRO<\/a><\/h4>\n<\/div>\n\n\n\n<div class=\"wp-block-column is-layout-flow wp-block-column-is-layout-flow\">\n<h4 class=\"wp-block-heading has-text-align-center has-pale-cyan-blue-background-color has-background\"><a href=\"https:\/\/www.livrariaipedasletras.com\/pd-96cbc3-plantando-sementes-de-valores-com-a-menina-flor-cybele-meyer.html\" target=\"_blank\" rel=\"noopener\" title=\"\">IP\u00ca DAS LETRAS<\/a><\/h4>\n<\/div>\n<\/div>\n\n\n\n<hr class=\"wp-block-separator has-alpha-channel-opacity is-style-wide\"\/>\n\n\n\n<p><a href=\"https:\/\/jornalrol.com.br\/\">P\u00e1gina Inicial<\/a><\/p>\n\n\n\n<p><strong><a href=\"https:\/\/www.jornalrol.com.br\/?author=73\">Resenhas da colunista Lee Oliveira<\/a><\/strong><\/p>\n\n\n\n<p><\/p>\n","protected":false},"excerpt":{"rendered":"<p>Cybele Meyer, uma paulistana que carrega a paix\u00e3o pela educa\u00e7\u00e3o e pela escrita em cada passo de sua jornada.<\/p>\n","protected":false},"author":73,"featured_media":70290,"comment_status":"open","ping_status":"closed","sticky":false,"template":"","format":"standard","meta":{"_jetpack_newsletter_access":"","_jetpack_dont_email_post_to_subs":false,"_jetpack_newsletter_tier_id":0,"_jetpack_memberships_contains_paywalled_content":false,"_jetpack_memberships_contains_paid_content":false,"footnotes":""},"categories":[9552,9285,12355,13030,9259],"tags":[9994,13169,11996,12004,9434],"class_list":["post-70289","post","type-post","status-publish","format-standard","has-post-thumbnail","hentry","category-jovens-talentos","category-literatura","category-livro","category-livro-infantil","category-resenha","tag-resenha-2","tag-cybelemeyer","tag-literaturanacional","tag-livroinfantil","tag-oqueli"],"aioseo_notices":[],"views":814,"jetpack_featured_media_url":"https:\/\/jornalrol.com.br\/wp-content\/uploads\/2024\/10\/Perfil-Cybele-Meyer.png","jetpack_sharing_enabled":true,"jetpack_likes_enabled":true,"jetpack-related-posts":[{"id":72190,"url":"https:\/\/jornalrol.com.br\/?p=72190","url_meta":{"origin":70289,"position":0},"title":"Cybele Meyer","author":"Lee Oliveira","date":"24 de fevereiro de 2025","format":false,"excerpt":"Cybele Meyer, paulistana de cora\u00e7\u00e3o, \u00e9 uma educadora e escritora apaixonada pela transforma\u00e7\u00e3o social por meio do ensino e da literatura. Tem a vida dedicada...","rel":"","context":"Em &quot;Literatura&quot;","block_context":{"text":"Literatura","link":"https:\/\/jornalrol.com.br\/?cat=9285"},"img":{"alt_text":"Cybele Meyer","src":"https:\/\/i0.wp.com\/jornalrol.com.br\/wp-content\/uploads\/2025\/02\/perfil-2-Cybele-Meyer.png?resize=350%2C200&ssl=1","width":350,"height":200,"srcset":"https:\/\/i0.wp.com\/jornalrol.com.br\/wp-content\/uploads\/2025\/02\/perfil-2-Cybele-Meyer.png?resize=350%2C200&ssl=1 1x, https:\/\/i0.wp.com\/jornalrol.com.br\/wp-content\/uploads\/2025\/02\/perfil-2-Cybele-Meyer.png?resize=525%2C300&ssl=1 1.5x, https:\/\/i0.wp.com\/jornalrol.com.br\/wp-content\/uploads\/2025\/02\/perfil-2-Cybele-Meyer.png?resize=700%2C400&ssl=1 2x, https:\/\/i0.wp.com\/jornalrol.com.br\/wp-content\/uploads\/2025\/02\/perfil-2-Cybele-Meyer.png?resize=1050%2C600&ssl=1 3x"},"classes":[]},{"id":58483,"url":"https:\/\/jornalrol.com.br\/?p=58483","url_meta":{"origin":70289,"position":1},"title":"Cyb\u00e8le Varela, artista brasileira vanguardista da d\u00e9cada de 60, traz exposi\u00e7\u00e3o in\u00e9dita para S\u00e3o Paulo","author":"Sergio Diniz da Costa","date":"8 de julho de 2023","format":false,"excerpt":"Uma das grandes artistas vanguardistas da d\u00e9cada de 60 - Cyb\u00e8le Varela est\u00e1 com uma nova exposi\u00e7\u00e3o na cidade de S\u00e3o Paulo - Cyb\u00e8le Varela. Imagin\u00e1rios Pop","rel":"","context":"Em &quot;Arte&quot;","block_context":{"text":"Arte","link":"https:\/\/jornalrol.com.br\/?cat=9286"},"img":{"alt_text":"","src":"https:\/\/i0.wp.com\/jornalrol.com.br\/wp-content\/uploads\/2023\/07\/Cybele-Varela-retrato-2018-retrospectiva-Basel.jpg?resize=350%2C200&ssl=1","width":350,"height":200,"srcset":"https:\/\/i0.wp.com\/jornalrol.com.br\/wp-content\/uploads\/2023\/07\/Cybele-Varela-retrato-2018-retrospectiva-Basel.jpg?resize=350%2C200&ssl=1 1x, https:\/\/i0.wp.com\/jornalrol.com.br\/wp-content\/uploads\/2023\/07\/Cybele-Varela-retrato-2018-retrospectiva-Basel.jpg?resize=525%2C300&ssl=1 1.5x, https:\/\/i0.wp.com\/jornalrol.com.br\/wp-content\/uploads\/2023\/07\/Cybele-Varela-retrato-2018-retrospectiva-Basel.jpg?resize=700%2C400&ssl=1 2x, https:\/\/i0.wp.com\/jornalrol.com.br\/wp-content\/uploads\/2023\/07\/Cybele-Varela-retrato-2018-retrospectiva-Basel.jpg?resize=1050%2C600&ssl=1 3x"},"classes":[]},{"id":76661,"url":"https:\/\/jornalrol.com.br\/?p=76661","url_meta":{"origin":70289,"position":2},"title":"Samuel Wincheski Garcia","author":"Lee Oliveira","date":"12 de novembro de 2025","format":false,"excerpt":"Com escrita envolvente e sens\u00edvel, Samuel representa uma nova gera\u00e7\u00e3o de autores brasileiros: criadores que sonham grande, mas com os p\u00e9s firmes no ch\u00e3o. \u00d3timo!","rel":"","context":"Em &quot;Fantasia&quot;","block_context":{"text":"Fantasia","link":"https:\/\/jornalrol.com.br\/?cat=15447"},"img":{"alt_text":"Samuel Wincheski Garcia","src":"https:\/\/i0.wp.com\/jornalrol.com.br\/wp-content\/uploads\/2025\/11\/Imagem-do-WhatsApp-de-2025-05-31-as-08.15.02_20b262b8-Samuel-Wincheski-Garcia-scaled.jpg?resize=350%2C200&ssl=1","width":350,"height":200,"srcset":"https:\/\/i0.wp.com\/jornalrol.com.br\/wp-content\/uploads\/2025\/11\/Imagem-do-WhatsApp-de-2025-05-31-as-08.15.02_20b262b8-Samuel-Wincheski-Garcia-scaled.jpg?resize=350%2C200&ssl=1 1x, https:\/\/i0.wp.com\/jornalrol.com.br\/wp-content\/uploads\/2025\/11\/Imagem-do-WhatsApp-de-2025-05-31-as-08.15.02_20b262b8-Samuel-Wincheski-Garcia-scaled.jpg?resize=525%2C300&ssl=1 1.5x, https:\/\/i0.wp.com\/jornalrol.com.br\/wp-content\/uploads\/2025\/11\/Imagem-do-WhatsApp-de-2025-05-31-as-08.15.02_20b262b8-Samuel-Wincheski-Garcia-scaled.jpg?resize=700%2C400&ssl=1 2x, https:\/\/i0.wp.com\/jornalrol.com.br\/wp-content\/uploads\/2025\/11\/Imagem-do-WhatsApp-de-2025-05-31-as-08.15.02_20b262b8-Samuel-Wincheski-Garcia-scaled.jpg?resize=1050%2C600&ssl=1 3x, https:\/\/i0.wp.com\/jornalrol.com.br\/wp-content\/uploads\/2025\/11\/Imagem-do-WhatsApp-de-2025-05-31-as-08.15.02_20b262b8-Samuel-Wincheski-Garcia-scaled.jpg?resize=1400%2C800&ssl=1 4x"},"classes":[]},{"id":75219,"url":"https:\/\/jornalrol.com.br\/?p=75219","url_meta":{"origin":70289,"position":3},"title":"Ethan Blake","author":"Lee Oliveira","date":"29 de agosto de 2025","format":false,"excerpt":"\u00a0De Porto Alegre para o mundo, o escritor transforma sua paix\u00e3o pelas palavras em hist\u00f3rias que emocionam, divertem e educam. Ele une sonho e literatura infantil","rel":"","context":"Em &quot;Contos&quot;","block_context":{"text":"Contos","link":"https:\/\/jornalrol.com.br\/?cat=9607"},"img":{"alt_text":"Ethan Blake","src":"https:\/\/i0.wp.com\/jornalrol.com.br\/wp-content\/uploads\/2025\/08\/WhatsApp-Image-2025-06-30-at-17.50.10.jpeg?resize=350%2C200&ssl=1","width":350,"height":200,"srcset":"https:\/\/i0.wp.com\/jornalrol.com.br\/wp-content\/uploads\/2025\/08\/WhatsApp-Image-2025-06-30-at-17.50.10.jpeg?resize=350%2C200&ssl=1 1x, https:\/\/i0.wp.com\/jornalrol.com.br\/wp-content\/uploads\/2025\/08\/WhatsApp-Image-2025-06-30-at-17.50.10.jpeg?resize=525%2C300&ssl=1 1.5x, https:\/\/i0.wp.com\/jornalrol.com.br\/wp-content\/uploads\/2025\/08\/WhatsApp-Image-2025-06-30-at-17.50.10.jpeg?resize=700%2C400&ssl=1 2x, https:\/\/i0.wp.com\/jornalrol.com.br\/wp-content\/uploads\/2025\/08\/WhatsApp-Image-2025-06-30-at-17.50.10.jpeg?resize=1050%2C600&ssl=1 3x"},"classes":[]},{"id":62091,"url":"https:\/\/jornalrol.com.br\/?p=62091","url_meta":{"origin":70289,"position":4},"title":"Nas chamas da Paix\u00e3o","author":"Lee Oliveira","date":"16 de outubro de 2023","format":false,"excerpt":"Livro \"Nas chamas da Paix\u00e3o\" de Sol Karyme, pela Editora Uiclap. Um livro que conta a hist\u00f3ria de Emma, uma grande empres\u00e1ria que tem de retornar a Nova Veneza para fechar um neg\u00f3cio e ficar\u00e1 de frente com um passado que quer esquecer.","rel":"","context":"Em &quot;Literatura&quot;","block_context":{"text":"Literatura","link":"https:\/\/jornalrol.com.br\/?cat=9285"},"img":{"alt_text":"Capa do livro de Sol Karyme \"Nas chamas da paix\u00e3o\" pela Editora Uiclap","src":"https:\/\/i0.wp.com\/jornalrol.com.br\/wp-content\/uploads\/2023\/10\/Capa-Sol-Karyme.png?resize=350%2C200&ssl=1","width":350,"height":200},"classes":[]},{"id":77718,"url":"https:\/\/jornalrol.com.br\/?p=77718","url_meta":{"origin":70289,"position":5},"title":"Amor em Forma de Crian\u00e7a","author":"Lee Oliveira","date":"8 de janeiro de 2026","format":false,"excerpt":"\u00a0Ao decidir public\u00e1-los, Vivian amplia esse gesto \u00edntimo e convida outras fam\u00edlias a refletirem sobre a luz que as crian\u00e7as trazem. Um livro realmente encantador","rel":"","context":"Em &quot;Literatura&quot;","block_context":{"text":"Literatura","link":"https:\/\/jornalrol.com.br\/?cat=9285"},"img":{"alt_text":"Amor em forma de crian\u00e7a","src":"https:\/\/i0.wp.com\/jornalrol.com.br\/wp-content\/uploads\/2026\/01\/WhatsApp-Image-2026-01-07-at-16.14.24-1.jpeg?resize=350%2C200&ssl=1","width":350,"height":200,"srcset":"https:\/\/i0.wp.com\/jornalrol.com.br\/wp-content\/uploads\/2026\/01\/WhatsApp-Image-2026-01-07-at-16.14.24-1.jpeg?resize=350%2C200&ssl=1 1x, https:\/\/i0.wp.com\/jornalrol.com.br\/wp-content\/uploads\/2026\/01\/WhatsApp-Image-2026-01-07-at-16.14.24-1.jpeg?resize=525%2C300&ssl=1 1.5x, https:\/\/i0.wp.com\/jornalrol.com.br\/wp-content\/uploads\/2026\/01\/WhatsApp-Image-2026-01-07-at-16.14.24-1.jpeg?resize=700%2C400&ssl=1 2x"},"classes":[]}],"_links":{"self":[{"href":"https:\/\/jornalrol.com.br\/index.php?rest_route=\/wp\/v2\/posts\/70289","targetHints":{"allow":["GET"]}}],"collection":[{"href":"https:\/\/jornalrol.com.br\/index.php?rest_route=\/wp\/v2\/posts"}],"about":[{"href":"https:\/\/jornalrol.com.br\/index.php?rest_route=\/wp\/v2\/types\/post"}],"author":[{"embeddable":true,"href":"https:\/\/jornalrol.com.br\/index.php?rest_route=\/wp\/v2\/users\/73"}],"replies":[{"embeddable":true,"href":"https:\/\/jornalrol.com.br\/index.php?rest_route=%2Fwp%2Fv2%2Fcomments&post=70289"}],"version-history":[{"count":8,"href":"https:\/\/jornalrol.com.br\/index.php?rest_route=\/wp\/v2\/posts\/70289\/revisions"}],"predecessor-version":[{"id":70315,"href":"https:\/\/jornalrol.com.br\/index.php?rest_route=\/wp\/v2\/posts\/70289\/revisions\/70315"}],"wp:featuredmedia":[{"embeddable":true,"href":"https:\/\/jornalrol.com.br\/index.php?rest_route=\/wp\/v2\/media\/70290"}],"wp:attachment":[{"href":"https:\/\/jornalrol.com.br\/index.php?rest_route=%2Fwp%2Fv2%2Fmedia&parent=70289"}],"wp:term":[{"taxonomy":"category","embeddable":true,"href":"https:\/\/jornalrol.com.br\/index.php?rest_route=%2Fwp%2Fv2%2Fcategories&post=70289"},{"taxonomy":"post_tag","embeddable":true,"href":"https:\/\/jornalrol.com.br\/index.php?rest_route=%2Fwp%2Fv2%2Ftags&post=70289"}],"curies":[{"name":"wp","href":"https:\/\/api.w.org\/{rel}","templated":true}]}}