{"id":70350,"date":"2024-10-26T07:30:00","date_gmt":"2024-10-26T10:30:00","guid":{"rendered":"https:\/\/jornalrol.com.br\/?p=70350"},"modified":"2024-10-26T08:23:42","modified_gmt":"2024-10-26T11:23:42","slug":"1a-feira-literaria-nho-bentico-e-teddy-vieira","status":"publish","type":"post","link":"https:\/\/jornalrol.com.br\/?p=70350","title":{"rendered":"1\u00aa Feira Liter\u00e1ria &#8216;Nh\u00f4 Bentico&#8217; e &#8216;Teddy Vieira&#8217;"},"content":{"rendered":"<div class=\"pdfprnt-buttons pdfprnt-buttons-post pdfprnt-top-right\"><a href=\"https:\/\/jornalrol.com.br\/index.php?rest_route=%2Fwp%2Fv2%2Fposts%2F70350&print=pdf\" class=\"pdfprnt-button pdfprnt-button-pdf\" target=\"_blank\" ><\/a><a href=\"https:\/\/jornalrol.com.br\/index.php?rest_route=%2Fwp%2Fv2%2Fposts%2F70350&print=print\" class=\"pdfprnt-button pdfprnt-button-print\" target=\"_blank\" ><img decoding=\"async\" src=\"https:\/\/jornalrol.com.br\/wp-content\/plugins\/pdf-print\/images\/print.png\" alt=\"image_print\" title=\"Conte\u00fado de impress\u00e3o\" \/><\/a><\/div>\n<h2 class=\"wp-block-heading has-text-align-center\">O evento acontecer\u00e1 na Casa Kennedy, dia 9 de novembro de 2024, das 10h \u00e0s 19h<br><br><\/h2>\n\n\n<div class=\"wp-block-image\">\n<figure class=\"aligncenter size-full is-resized\"><img loading=\"lazy\" decoding=\"async\" width=\"1080\" height=\"1080\" data-attachment-id=\"70351\" data-permalink=\"https:\/\/jornalrol.com.br\/?attachment_id=70351\" data-orig-file=\"https:\/\/jornalrol.com.br\/wp-content\/uploads\/2024\/10\/2552e429-3a68-4ef5-aad7-4906d7579512.jpeg\" data-orig-size=\"1080,1080\" data-comments-opened=\"1\" data-image-meta=\"{&quot;aperture&quot;:&quot;0&quot;,&quot;credit&quot;:&quot;&quot;,&quot;camera&quot;:&quot;&quot;,&quot;caption&quot;:&quot;&quot;,&quot;created_timestamp&quot;:&quot;0&quot;,&quot;copyright&quot;:&quot;&quot;,&quot;focal_length&quot;:&quot;0&quot;,&quot;iso&quot;:&quot;0&quot;,&quot;shutter_speed&quot;:&quot;0&quot;,&quot;title&quot;:&quot;&quot;,&quot;orientation&quot;:&quot;0&quot;}\" data-image-title=\"2552e429-3a68-4ef5-aad7-4906d7579512\" data-image-description=\"\" data-image-caption=\"\" data-large-file=\"https:\/\/jornalrol.com.br\/wp-content\/uploads\/2024\/10\/2552e429-3a68-4ef5-aad7-4906d7579512.jpeg\" src=\"https:\/\/jornalrol.com.br\/wp-content\/uploads\/2024\/10\/2552e429-3a68-4ef5-aad7-4906d7579512.jpeg\" alt=\"Cartaz da 1\u00aa Feira Liter\u00e1ria 'Nh\u00f4 Bentico' e 'Teddy Vieira'\" class=\"wp-image-70351\" style=\"width:400px;height:auto\" srcset=\"https:\/\/jornalrol.com.br\/wp-content\/uploads\/2024\/10\/2552e429-3a68-4ef5-aad7-4906d7579512.jpeg 1080w, https:\/\/jornalrol.com.br\/wp-content\/uploads\/2024\/10\/2552e429-3a68-4ef5-aad7-4906d7579512-600x600.jpeg 600w, https:\/\/jornalrol.com.br\/wp-content\/uploads\/2024\/10\/2552e429-3a68-4ef5-aad7-4906d7579512-768x768.jpeg 768w\" sizes=\"auto, (max-width: 1080px) 100vw, 1080px\" \/><figcaption class=\"wp-element-caption\"><em>Cartaz da 1\u00aa Feira Liter\u00e1ria &#8216;Nh\u00f4 Bentico&#8217; e &#8216;Teddy Vieira&#8217;<\/em><\/figcaption><\/figure>\n<\/div>\n\n\n<p class=\"has-drop-cap\">No dia 9 de novembro de 2024, das 10h \u00e0s 19h, no Centro Cultural Brasil  Estados Unidos &#8211; Casa Kennedy, acontecer\u00e1 a 1\u00aa Feira Liter\u00e1ria &#8216;Nh\u00f4 Bentico&#8217; e &#8216;Teddy Vieira&#8217;.<\/p>\n\n\n\n<p>A abertura oficial se dar\u00e1 \u00e0s 10h e a entrada \u00e9 franca.<\/p>\n\n\n\n<p>A Casa Kennedy est\u00e1 sediada na Rua Prudente de Morais, 716 &#8211; Centro &#8211; Itapetininga (SP)<\/p>\n\n\n\n<p>Em todo o espa\u00e7o da casa Kennedy, os escritores ser\u00e3o distribu\u00eddos os escritores em acomoda\u00e7\u00f5es com mesas e cadeiras, como se fossem stands, local onde todos ficar\u00e3o livres para comercializar suas obras, fazer explica\u00e7\u00f5es sobre o livro a pequenos grupos que por ali passarem e, at\u00e9 mesmo, reflex\u00f5es a respeito dessas obras.<\/p>\n\n\n\n<p>Ser\u00e1 franqueado levar banners, material fotogr\u00e1fico, livros etc. <\/p>\n\n\n\n<p>A Programa\u00e7\u00e3o contar\u00e1 com Exposi\u00e7\u00e3o de Letras e Bordados, apresenta\u00e7\u00e3o de Arte de Rua, Apresenta\u00e7\u00e3o Hip Hop e&#8230; muito mais!<\/p>\n\n\n\n<p>A Casa Kennedy solicita que o evento seja divulgado ao m\u00e1ximo, contando com a presen\u00e7a de amigos e familiares para prestigiar este evento de relevante import\u00e2ncia cultural.<\/p>\n\n\n\n<h1 class=\"wp-block-heading has-text-align-center\"><br>Programa\u00e7\u00e3o<br><br><\/h1>\n\n\n<div class=\"wp-block-image\">\n<figure class=\"aligncenter size-full is-resized\"><img loading=\"lazy\" decoding=\"async\" width=\"1131\" height=\"1600\" data-attachment-id=\"70352\" data-permalink=\"https:\/\/jornalrol.com.br\/?attachment_id=70352\" data-orig-file=\"https:\/\/jornalrol.com.br\/wp-content\/uploads\/2024\/10\/8e2b9d90-ebf5-4644-9412-bd30a9b316ca.jpeg\" data-orig-size=\"1131,1600\" data-comments-opened=\"1\" data-image-meta=\"{&quot;aperture&quot;:&quot;0&quot;,&quot;credit&quot;:&quot;&quot;,&quot;camera&quot;:&quot;&quot;,&quot;caption&quot;:&quot;&quot;,&quot;created_timestamp&quot;:&quot;0&quot;,&quot;copyright&quot;:&quot;&quot;,&quot;focal_length&quot;:&quot;0&quot;,&quot;iso&quot;:&quot;0&quot;,&quot;shutter_speed&quot;:&quot;0&quot;,&quot;title&quot;:&quot;&quot;,&quot;orientation&quot;:&quot;0&quot;}\" data-image-title=\"8e2b9d90-ebf5-4644-9412-bd30a9b316ca\" data-image-description=\"\" data-image-caption=\"\" data-large-file=\"https:\/\/jornalrol.com.br\/wp-content\/uploads\/2024\/10\/8e2b9d90-ebf5-4644-9412-bd30a9b316ca.jpeg\" src=\"https:\/\/jornalrol.com.br\/wp-content\/uploads\/2024\/10\/8e2b9d90-ebf5-4644-9412-bd30a9b316ca.jpeg\" alt=\"\" class=\"wp-image-70352\" style=\"width:481px;height:auto\" srcset=\"https:\/\/jornalrol.com.br\/wp-content\/uploads\/2024\/10\/8e2b9d90-ebf5-4644-9412-bd30a9b316ca.jpeg 1131w, https:\/\/jornalrol.com.br\/wp-content\/uploads\/2024\/10\/8e2b9d90-ebf5-4644-9412-bd30a9b316ca-848x1200.jpeg 848w, https:\/\/jornalrol.com.br\/wp-content\/uploads\/2024\/10\/8e2b9d90-ebf5-4644-9412-bd30a9b316ca-768x1086.jpeg 768w, https:\/\/jornalrol.com.br\/wp-content\/uploads\/2024\/10\/8e2b9d90-ebf5-4644-9412-bd30a9b316ca-1086x1536.jpeg 1086w\" sizes=\"auto, (max-width: 1131px) 100vw, 1131px\" \/><\/figure>\n<\/div>\n\n\n<p><a href=\"https:\/\/jornalrol.com.br\/\" title=\"Voltar\">Voltar<\/a><\/p>\n\n\n\n<p><a href=\"https:\/\/www.facebook.com\/JCulturalrol\/\" title=\"Facebook\">Facebook<\/a><\/p>\n","protected":false},"excerpt":{"rendered":"<p>Dia 9 de novembro de 2024, das 10h \u00e0s 19h, no Centro Cultural Brasil Estados Unidos &#8211; Casa Kennedy, acontecer\u00e1 a 1\u00aa Feira Liter\u00e1ria Nh\u00f4 Bentico e Teddy Vieira<\/p>\n","protected":false},"author":6,"featured_media":70351,"comment_status":"open","ping_status":"closed","sticky":false,"template":"","format":"standard","meta":{"_jetpack_newsletter_access":"","_jetpack_dont_email_post_to_subs":false,"_jetpack_newsletter_tier_id":0,"_jetpack_memberships_contains_paywalled_content":false,"_jetpack_memberships_contains_paid_content":false,"footnotes":""},"categories":[9286,9275,9523,10922,9270,9285,12355],"tags":[13189],"class_list":["post-70350","post","type-post","status-publish","format-standard","has-post-thumbnail","hentry","category-arte","category-artesanato","category-exposicao","category-feira-literaria","category-fotografia","category-literatura","category-livro","tag-1a-feira-literaria-nho-bentico-e-teddy-vieira"],"aioseo_notices":[],"views":1445,"jetpack_featured_media_url":"https:\/\/jornalrol.com.br\/wp-content\/uploads\/2024\/10\/2552e429-3a68-4ef5-aad7-4906d7579512.jpeg","jetpack_sharing_enabled":true,"jetpack_likes_enabled":true,"jetpack-related-posts":[{"id":1770,"url":"https:\/\/jornalrol.com.br\/?p=1770","url_meta":{"origin":70350,"position":0},"title":"MIS DE ITAPETININGA VAI COLOCAR EST\u00c1TUA DE TEDDY VIEIRA NO LARGO DOS AMORES DIA 17","author":"Helio Rubens","date":"9 de maio de 2015","format":false,"excerpt":"Homanegam ser\u00e1 dia 17, domingo, \u00e0s 15 horas, no Largo dos Amores Com a presen\u00e7a do cantor-deputado federal Sergio Reis, dos familiares do Teddy Vieira, do coral 'Menino da Porteira' do CEPREVI, da Orquestra de Viola do cantor e compositor Bob Vieira e das meninas do Lar das Crian\u00e7as, o\u2026","rel":"","context":"Em &quot;Comunica\u00e7\u00e3o&quot;","block_context":{"text":"Comunica\u00e7\u00e3o","link":"https:\/\/jornalrol.com.br\/?cat=7"},"img":{"alt_text":"Est\u00e1tua de Teddy Vieira ficar\u00e1 exposta em pra\u00e7a (Foto: Divulga\u00e7\u00e3o\/ MIS e Arquivo Pessoal\/ Teddy Vieira Filho)","src":"https:\/\/i0.wp.com\/s2.glbimg.com\/MksedEtf55jvxf9of17PGeLP-Z4%3D\/s.glbimg.com\/jo\/g1\/f\/original\/2015\/05\/08\/montagem.jpg?resize=350%2C200","width":350,"height":200,"srcset":"https:\/\/i0.wp.com\/s2.glbimg.com\/MksedEtf55jvxf9of17PGeLP-Z4%3D\/s.glbimg.com\/jo\/g1\/f\/original\/2015\/05\/08\/montagem.jpg?resize=350%2C200 1x, https:\/\/i0.wp.com\/s2.glbimg.com\/MksedEtf55jvxf9of17PGeLP-Z4%3D\/s.glbimg.com\/jo\/g1\/f\/original\/2015\/05\/08\/montagem.jpg?resize=525%2C300 1.5x"},"classes":[]},{"id":4001,"url":"https:\/\/jornalrol.com.br\/?p=4001","url_meta":{"origin":70350,"position":1},"title":"Saiu na TV Tem: est\u00e1tua de Teddy Vieira \u00e9 alvo novamente de vandalos","author":"Helio Rubens","date":"2 de janeiro de 2016","format":false,"excerpt":"Est\u00e1tua de Teddy Vieira \u00e9 vandalizada pela terceira vez em Itapetininga Um dos dedos da escultura foi arrancado junto com as cordas da viola.\u00a0Pe\u00e7a fica em pra\u00e7a no Centro e foi inaugurada em maio deste ano. Do G1 Itapetininga e Regi\u00e3o Dedo da est\u00e1tua foi retirado em a\u00e7\u00e3o de vandalismo\u2026","rel":"","context":"Em &quot;Comunica\u00e7\u00e3o&quot;","block_context":{"text":"Comunica\u00e7\u00e3o","link":"https:\/\/jornalrol.com.br\/?cat=7"},"img":{"alt_text":"Dedo da est\u00e1tua foi retirado em a\u00e7\u00e3o de vandalismo (Foto: Anderson Peres\/ TV TEM)","src":"https:\/\/i0.wp.com\/s2.glbimg.com\/2ccFW6CC85YwFo5BlFTC6_uAqPk%3D\/s.glbimg.com\/jo\/g1\/f\/original\/2015\/12\/30\/5b62ab2b-42f2-4ca7-b0b0-c3315e08ce5d.jpg?resize=350%2C200","width":350,"height":200,"srcset":"https:\/\/i0.wp.com\/s2.glbimg.com\/2ccFW6CC85YwFo5BlFTC6_uAqPk%3D\/s.glbimg.com\/jo\/g1\/f\/original\/2015\/12\/30\/5b62ab2b-42f2-4ca7-b0b0-c3315e08ce5d.jpg?resize=350%2C200 1x, https:\/\/i0.wp.com\/s2.glbimg.com\/2ccFW6CC85YwFo5BlFTC6_uAqPk%3D\/s.glbimg.com\/jo\/g1\/f\/original\/2015\/12\/30\/5b62ab2b-42f2-4ca7-b0b0-c3315e08ce5d.jpg?resize=525%2C300 1.5x"},"classes":[]},{"id":4795,"url":"https:\/\/jornalrol.com.br\/?p=4795","url_meta":{"origin":70350,"position":2},"title":"Est\u00e1tua de Teddy Vieira em Itapetininga ser\u00e1 restaurada pelo MIS","author":"Helio Rubens","date":"1 de maio de 2016","format":false,"excerpt":"O vandalismo e a falta de vigil\u00e2ncia custam caro, mas \u00a0o MIS n\u00e3o desiste Gra\u00e7as \u00e0 iniciativa do MIS - Museu da Imagem e do Som de Itapetininga e o apoio de empres\u00e1rios locais, Itapetininga j\u00e1 conseguiu colocar em pra\u00e7a p\u00fablica duas est\u00e1tuas de personalidades nascida na cidade: a da\u2026","rel":"","context":"Em &quot;Comunica\u00e7\u00e3o&quot;","block_context":{"text":"Comunica\u00e7\u00e3o","link":"https:\/\/jornalrol.com.br\/?cat=7"},"img":{"alt_text":"foto da estatua em Itapetininga (Copy)","src":"https:\/\/i0.wp.com\/www.jornalrol.com.br\/wp-content\/uploads\/2016\/05\/foto-da-estatua-em-Itapetininga-Copy-199x300.jpg?resize=350%2C200","width":350,"height":200},"classes":[]},{"id":7818,"url":"https:\/\/jornalrol.com.br\/?p=7818","url_meta":{"origin":70350,"position":3},"title":"Finalmente deve ser restaurada a est\u00e1tua de Teddy Vieira em Itapetininga","author":"Helio Rubens","date":"25 de janeiro de 2017","format":false,"excerpt":"A prefeita Simone Marquetto e o secret\u00e1rio da Cultura Beto Hungria est\u00e3o empenhados na restaura\u00e7\u00e3o A informa\u00e7\u00e3o veio do presidente do MIS - Museu da Imagem e do Som de Itapetininga, Roberto Soares Hungria. \"A prefeita Simone e o secret\u00e1rio Beto est\u00e3o realmente empenhados em recuperar a est\u00e1tua do compositor\u2026","rel":"","context":"Em &quot;Comunica\u00e7\u00e3o&quot;","block_context":{"text":"Comunica\u00e7\u00e3o","link":"https:\/\/jornalrol.com.br\/?cat=7"},"img":{"alt_text":"","src":"https:\/\/i0.wp.com\/www.jornalrol.com.br\/wp-content\/uploads\/2017\/01\/Foto-Teddy-Vieira-de-terno-e-gravata-300x225.jpg?resize=350%2C200","width":350,"height":200},"classes":[]},{"id":68010,"url":"https:\/\/jornalrol.com.br\/?p=68010","url_meta":{"origin":70350,"position":4},"title":"Academia Itapetiningana de Letras celebra 21 anos de hist\u00f3ria","author":"Sergio Diniz da Costa","date":"12 de julho de 2024","format":false,"excerpt":"No ano de 2024, completam-se 21 anos de cria\u00e7\u00e3o da AIL, institui\u00e7\u00e3o que tem como fim prec\u00edpuo o resguardo e a cultura do vern\u00e1culo e da literatura.","rel":"","context":"Em &quot;Academias e Federa\u00e7\u00f5es de Artes&quot;","block_context":{"text":"Academias e Federa\u00e7\u00f5es de Artes","link":"https:\/\/jornalrol.com.br\/?cat=9391"},"img":{"alt_text":"Logo da Academia Itapetiningana de Letras","src":"https:\/\/i0.wp.com\/jornalrol.com.br\/wp-content\/uploads\/2024\/07\/AIL_-_Academia_Itapetiningana_de_Letras.png?resize=350%2C200&ssl=1","width":350,"height":200},"classes":[]},{"id":26095,"url":"https:\/\/jornalrol.com.br\/?p=26095","url_meta":{"origin":70350,"position":5},"title":"Feira liter\u00e1ria de Itapetininga foi um grande sucesso","author":"Helio Rubens","date":"14 de abril de 2019","format":false,"excerpt":"O evento cultural foi prestigiado pelos inelectuais \u00a0 Organizado pelo professor Jo\u00e3o Francisco Lopes, com apoio do presidente da Casa Kennedy, Jorge Paunovic, a 1\u00aa Exposi\u00e7\u00e3o Liter\u00e1ria Itapetiningana atingiu seus objetivos, levando bom p\u00fablico para observar e adquirir livros e obras de arte. A parte art\u00edstica contou com a organiza\u00e7\u00e3o\u2026","rel":"","context":"Em &quot;Comunica\u00e7\u00e3o&quot;","block_context":{"text":"Comunica\u00e7\u00e3o","link":"https:\/\/jornalrol.com.br\/?cat=7"},"img":{"alt_text":"","src":"https:\/\/i0.wp.com\/jornalrol.com.br\/wp-content\/uploads\/2019\/04\/WhatsApp-Image-2019-04-14-at-01.41.39-4.jpeg?resize=350%2C200&ssl=1","width":350,"height":200,"srcset":"https:\/\/i0.wp.com\/jornalrol.com.br\/wp-content\/uploads\/2019\/04\/WhatsApp-Image-2019-04-14-at-01.41.39-4.jpeg?resize=350%2C200&ssl=1 1x, https:\/\/i0.wp.com\/jornalrol.com.br\/wp-content\/uploads\/2019\/04\/WhatsApp-Image-2019-04-14-at-01.41.39-4.jpeg?resize=525%2C300&ssl=1 1.5x, https:\/\/i0.wp.com\/jornalrol.com.br\/wp-content\/uploads\/2019\/04\/WhatsApp-Image-2019-04-14-at-01.41.39-4.jpeg?resize=700%2C400&ssl=1 2x, https:\/\/i0.wp.com\/jornalrol.com.br\/wp-content\/uploads\/2019\/04\/WhatsApp-Image-2019-04-14-at-01.41.39-4.jpeg?resize=1050%2C600&ssl=1 3x"},"classes":[]}],"_links":{"self":[{"href":"https:\/\/jornalrol.com.br\/index.php?rest_route=\/wp\/v2\/posts\/70350","targetHints":{"allow":["GET"]}}],"collection":[{"href":"https:\/\/jornalrol.com.br\/index.php?rest_route=\/wp\/v2\/posts"}],"about":[{"href":"https:\/\/jornalrol.com.br\/index.php?rest_route=\/wp\/v2\/types\/post"}],"author":[{"embeddable":true,"href":"https:\/\/jornalrol.com.br\/index.php?rest_route=\/wp\/v2\/users\/6"}],"replies":[{"embeddable":true,"href":"https:\/\/jornalrol.com.br\/index.php?rest_route=%2Fwp%2Fv2%2Fcomments&post=70350"}],"version-history":[{"count":2,"href":"https:\/\/jornalrol.com.br\/index.php?rest_route=\/wp\/v2\/posts\/70350\/revisions"}],"predecessor-version":[{"id":70354,"href":"https:\/\/jornalrol.com.br\/index.php?rest_route=\/wp\/v2\/posts\/70350\/revisions\/70354"}],"wp:featuredmedia":[{"embeddable":true,"href":"https:\/\/jornalrol.com.br\/index.php?rest_route=\/wp\/v2\/media\/70351"}],"wp:attachment":[{"href":"https:\/\/jornalrol.com.br\/index.php?rest_route=%2Fwp%2Fv2%2Fmedia&parent=70350"}],"wp:term":[{"taxonomy":"category","embeddable":true,"href":"https:\/\/jornalrol.com.br\/index.php?rest_route=%2Fwp%2Fv2%2Fcategories&post=70350"},{"taxonomy":"post_tag","embeddable":true,"href":"https:\/\/jornalrol.com.br\/index.php?rest_route=%2Fwp%2Fv2%2Ftags&post=70350"}],"curies":[{"name":"wp","href":"https:\/\/api.w.org\/{rel}","templated":true}]}}