{"id":70673,"date":"2024-11-11T13:53:40","date_gmt":"2024-11-11T16:53:40","guid":{"rendered":"https:\/\/jornalrol.com.br\/?p=70673"},"modified":"2024-11-11T13:58:24","modified_gmt":"2024-11-11T16:58:24","slug":"solenidade-de-posse-dos-novos-membros-da-alspa","status":"publish","type":"post","link":"https:\/\/jornalrol.com.br\/?p=70673","title":{"rendered":"Solenidade de posse dos novos membros da ALSPA"},"content":{"rendered":"<div class=\"pdfprnt-buttons pdfprnt-buttons-post pdfprnt-top-right\"><a href=\"https:\/\/jornalrol.com.br\/index.php?rest_route=%2Fwp%2Fv2%2Fposts%2F70673&print=pdf\" class=\"pdfprnt-button pdfprnt-button-pdf\" target=\"_blank\" ><\/a><a href=\"https:\/\/jornalrol.com.br\/index.php?rest_route=%2Fwp%2Fv2%2Fposts%2F70673&print=print\" class=\"pdfprnt-button pdfprnt-button-print\" target=\"_blank\" ><img decoding=\"async\" src=\"https:\/\/jornalrol.com.br\/wp-content\/plugins\/pdf-print\/images\/print.png\" alt=\"image_print\" title=\"Conte\u00fado de impress\u00e3o\" \/><\/a><\/div>\n<h2 class=\"wp-block-heading has-text-align-center\">O evento celebrou a inclus\u00e3o, diversidade e a rica tradi\u00e7\u00e3o liter\u00e1ria brasileira, consolidando a Academia de Letras de S\u00e3o Pedro da Aldeia como um espa\u00e7o vibrante e representativo da cultura nacional<br><br><\/h2>\n\n\n\n<figure class=\"wp-block-image size-full\"><img loading=\"lazy\" decoding=\"async\" width=\"1080\" height=\"486\" data-attachment-id=\"70674\" data-permalink=\"https:\/\/jornalrol.com.br\/?attachment_id=70674\" data-orig-file=\"https:\/\/jornalrol.com.br\/wp-content\/uploads\/2024\/11\/efeb220a-5a54-4ddc-8578-ce2c29b6f5c2.jpeg\" data-orig-size=\"1080,486\" data-comments-opened=\"1\" data-image-meta=\"{&quot;aperture&quot;:&quot;0&quot;,&quot;credit&quot;:&quot;&quot;,&quot;camera&quot;:&quot;&quot;,&quot;caption&quot;:&quot;&quot;,&quot;created_timestamp&quot;:&quot;0&quot;,&quot;copyright&quot;:&quot;&quot;,&quot;focal_length&quot;:&quot;0&quot;,&quot;iso&quot;:&quot;0&quot;,&quot;shutter_speed&quot;:&quot;0&quot;,&quot;title&quot;:&quot;&quot;,&quot;orientation&quot;:&quot;0&quot;}\" data-image-title=\"efeb220a-5a54-4ddc-8578-ce2c29b6f5c2\" data-image-description=\"\" data-image-caption=\"\" data-large-file=\"https:\/\/jornalrol.com.br\/wp-content\/uploads\/2024\/11\/efeb220a-5a54-4ddc-8578-ce2c29b6f5c2.jpeg\" src=\"https:\/\/jornalrol.com.br\/wp-content\/uploads\/2024\/11\/efeb220a-5a54-4ddc-8578-ce2c29b6f5c2.jpeg\" alt=\"Solenidade de Posse de Novos Membros da Academia de Letras de S\u00e3o Pedro da Aldeia\" class=\"wp-image-70674\" srcset=\"https:\/\/jornalrol.com.br\/wp-content\/uploads\/2024\/11\/efeb220a-5a54-4ddc-8578-ce2c29b6f5c2.jpeg 1080w, https:\/\/jornalrol.com.br\/wp-content\/uploads\/2024\/11\/efeb220a-5a54-4ddc-8578-ce2c29b6f5c2-768x346.jpeg 768w\" sizes=\"auto, (max-width: 1080px) 100vw, 1080px\" \/><figcaption class=\"wp-element-caption\"><em>Solenidade de Posse de Novos Membros da Academia de Letras de S\u00e3o Pedro da Aldeia<\/em><br><br><\/figcaption><\/figure>\n\n\n\n<p class=\"has-drop-cap\">No dia 8 de novembro, na hist\u00f3rica <strong>Casa dos Azulejos<\/strong>, ocorreu a solenidade de posse dos novos membros da Academia de Letras de S\u00e3o Pedro da Aldeia (ALSPA), marcando um momento hist\u00f3rico para a literatura local.<\/p>\n\n\n\n<p>Destaque especial para a posse dos escritores <strong>Davi Cardmen<\/strong> e <strong>Robertha Tulio<\/strong>, portadores do espectro autista, que simbolizam a necess\u00e1ria inclus\u00e3o e diversidade no meio liter\u00e1rio.<\/p>\n\n\n\n<p>A inclus\u00e3o \u00e9 fundamental para construir uma sociedade justa e igualit\u00e1ria, n\u00e3o apenas no meio liter\u00e1rio, mas em todos os segmentos da sociedade. Ela permite que todos, independentemente de suas diferen\u00e7as, tenham voz e oportunidades.<\/p>\n\n\n\n<p>A inclus\u00e3o valoriza a diversidade e promove a participa\u00e7\u00e3o ativa de todos. No meio liter\u00e1rio, a inclus\u00e3o abre espa\u00e7o para novas perspectivas e talentos. \u00c9 atrav\u00e9s da inclus\u00e3o que podemos quebrar barreiras e construir um futuro mais justo.<\/p>\n\n\n\n<p>Durante o evento, a presen\u00e7a de <strong>Zuleica Tani<\/strong>, tataraneta do ilustre escritor<strong> Monteiro Lobato<\/strong>, e <strong>Jana\u00edna Cunha<\/strong>, bisneta de <strong>Euclydes da Cunha<\/strong>, ressaltou a import\u00e2ncia de manter vivo o legado dos cl\u00e1ssicos.<\/p>\n\n\n\n<p>O evento de posse, realizado durante a <strong>4\u00aa Edi\u00e7\u00e3o da FLISPA<\/strong> (<strong>Feira Liter\u00e1ria de S\u00e3o Pedro da Aldeia<\/strong>), organizada pelo escritor Renato Fulgoni, contou com a participa\u00e7\u00e3o do <strong>Grupo Ciganeando Por A\u00ed<\/strong>, que encantou com dan\u00e7as ciganas, as apresenta\u00e7\u00f5es musicais da talentosa <strong>Emilene Suzana <\/strong>e uma incr\u00edvel jornada multicultural.<\/p>\n\n\n\n<p>Artistas de cinco estados visitaram S\u00e3o Pedro da Aldeia exclusivamente para o evento, demonstrando o alcance e relev\u00e2ncia da ALSPA e FLISPA.<\/p>\n\n\n\n<p>A presen\u00e7a de personalidades ilustres, como Zuleica Tani e Jana\u00edna Cunha, \u00e9 fruto do trabalho e parcerias realizadas pelo presidente da ALSPA, Rogerio Veiga.<\/p>\n\n\n\n<p>Este evento celebra a inclus\u00e3o, diversidade e a rica tradi\u00e7\u00e3o liter\u00e1ria brasileira, consolidando a Academia de Letras de S\u00e3o Pedro da Aldeia como um espa\u00e7o vibrante e representativo da cultura nacional.<\/p>\n\n\n\n<p>Parab\u00e9ns a todos os novos membros, ao escritor <strong>Renato Fulgoni<\/strong> por sua brilhante iniciativa e ao presidente <strong>Rogerio Veiga<\/strong> pela realiza\u00e7\u00e3o desse evento memor\u00e1vel!<br><\/p>\n\n\n\n<h2 class=\"wp-block-heading has-text-align-center\"><br>FOTOS DA SOLENIDADE<\/h2>\n\n\n\n<h2 class=\"wp-block-heading has-text-align-center\">Durante a 4\u00aa Edi\u00e7\u00e3o da FLISPA e com a participa\u00e7\u00e3o do<br> Grupo Ciganeando Por A\u00ed<\/h2>\n\n\n\n<p class=\"has-text-align-center\"><br><\/p>\n\n\n\n<div class=\"wp-block-columns is-layout-flex wp-container-core-columns-is-layout-9d6595d7 wp-block-columns-is-layout-flex\">\n<div class=\"wp-block-column is-layout-flow wp-block-column-is-layout-flow\">\n<figure class=\"wp-block-image size-full\"><img loading=\"lazy\" decoding=\"async\" width=\"1080\" height=\"486\" data-attachment-id=\"70677\" data-permalink=\"https:\/\/jornalrol.com.br\/?attachment_id=70677\" data-orig-file=\"https:\/\/jornalrol.com.br\/wp-content\/uploads\/2024\/11\/cd7a27f0-1862-437c-bc70-1fdcde447fc2.jpeg\" data-orig-size=\"1080,486\" data-comments-opened=\"1\" data-image-meta=\"{&quot;aperture&quot;:&quot;0&quot;,&quot;credit&quot;:&quot;&quot;,&quot;camera&quot;:&quot;&quot;,&quot;caption&quot;:&quot;&quot;,&quot;created_timestamp&quot;:&quot;0&quot;,&quot;copyright&quot;:&quot;&quot;,&quot;focal_length&quot;:&quot;0&quot;,&quot;iso&quot;:&quot;0&quot;,&quot;shutter_speed&quot;:&quot;0&quot;,&quot;title&quot;:&quot;&quot;,&quot;orientation&quot;:&quot;0&quot;}\" data-image-title=\"cd7a27f0-1862-437c-bc70-1fdcde447fc2\" data-image-description=\"\" data-image-caption=\"\" data-large-file=\"https:\/\/jornalrol.com.br\/wp-content\/uploads\/2024\/11\/cd7a27f0-1862-437c-bc70-1fdcde447fc2.jpeg\" src=\"https:\/\/jornalrol.com.br\/wp-content\/uploads\/2024\/11\/cd7a27f0-1862-437c-bc70-1fdcde447fc2.jpeg\" alt=\"Momentos da Solenidade de Posse dos novos Acad\u00eamicos da ALSPA\" class=\"wp-image-70677\" srcset=\"https:\/\/jornalrol.com.br\/wp-content\/uploads\/2024\/11\/cd7a27f0-1862-437c-bc70-1fdcde447fc2.jpeg 1080w, https:\/\/jornalrol.com.br\/wp-content\/uploads\/2024\/11\/cd7a27f0-1862-437c-bc70-1fdcde447fc2-768x346.jpeg 768w\" sizes=\"auto, (max-width: 1080px) 100vw, 1080px\" \/><figcaption class=\"wp-element-caption\"><em>Momento da Solenidade de Posse dos novos Acad\u00eamicos da ALSPA<\/em><\/figcaption><\/figure>\n<\/div>\n<\/div>\n\n\n\n<div class=\"wp-block-columns is-layout-flex wp-container-core-columns-is-layout-9d6595d7 wp-block-columns-is-layout-flex\">\n<div class=\"wp-block-column is-layout-flow wp-block-column-is-layout-flow\">\n<figure class=\"wp-block-image size-full\"><img loading=\"lazy\" decoding=\"async\" width=\"1080\" height=\"486\" data-attachment-id=\"70678\" data-permalink=\"https:\/\/jornalrol.com.br\/?attachment_id=70678\" data-orig-file=\"https:\/\/jornalrol.com.br\/wp-content\/uploads\/2024\/11\/360afcb6-d30e-4f03-a393-dcaf0ad5a1a1.jpeg\" data-orig-size=\"1080,486\" data-comments-opened=\"1\" data-image-meta=\"{&quot;aperture&quot;:&quot;0&quot;,&quot;credit&quot;:&quot;&quot;,&quot;camera&quot;:&quot;&quot;,&quot;caption&quot;:&quot;&quot;,&quot;created_timestamp&quot;:&quot;0&quot;,&quot;copyright&quot;:&quot;&quot;,&quot;focal_length&quot;:&quot;0&quot;,&quot;iso&quot;:&quot;0&quot;,&quot;shutter_speed&quot;:&quot;0&quot;,&quot;title&quot;:&quot;&quot;,&quot;orientation&quot;:&quot;0&quot;}\" data-image-title=\"360afcb6-d30e-4f03-a393-dcaf0ad5a1a1\" data-image-description=\"\" data-image-caption=\"\" data-large-file=\"https:\/\/jornalrol.com.br\/wp-content\/uploads\/2024\/11\/360afcb6-d30e-4f03-a393-dcaf0ad5a1a1.jpeg\" src=\"https:\/\/jornalrol.com.br\/wp-content\/uploads\/2024\/11\/360afcb6-d30e-4f03-a393-dcaf0ad5a1a1.jpeg\" alt=\"Momentos da Solenidade de Posse dos novos Acad\u00eamicos da ALSPA\" class=\"wp-image-70678\" srcset=\"https:\/\/jornalrol.com.br\/wp-content\/uploads\/2024\/11\/360afcb6-d30e-4f03-a393-dcaf0ad5a1a1.jpeg 1080w, https:\/\/jornalrol.com.br\/wp-content\/uploads\/2024\/11\/360afcb6-d30e-4f03-a393-dcaf0ad5a1a1-768x346.jpeg 768w\" sizes=\"auto, (max-width: 1080px) 100vw, 1080px\" \/><figcaption class=\"wp-element-caption\"><em><em>Momento da Solenidade de Posse dos novos Acad\u00eamicos da ALSPA<\/em><\/em><\/figcaption><\/figure>\n<\/div>\n<\/div>\n\n\n\n<div class=\"wp-block-columns is-layout-flex wp-container-core-columns-is-layout-9d6595d7 wp-block-columns-is-layout-flex\">\n<div class=\"wp-block-column is-layout-flow wp-block-column-is-layout-flow\">\n<figure class=\"wp-block-image size-full\"><img loading=\"lazy\" decoding=\"async\" width=\"1080\" height=\"486\" data-attachment-id=\"70679\" data-permalink=\"https:\/\/jornalrol.com.br\/?attachment_id=70679\" data-orig-file=\"https:\/\/jornalrol.com.br\/wp-content\/uploads\/2024\/11\/7d7bc479-95fc-472b-a5d0-302cf4c17e14.jpeg\" data-orig-size=\"1080,486\" data-comments-opened=\"1\" data-image-meta=\"{&quot;aperture&quot;:&quot;0&quot;,&quot;credit&quot;:&quot;&quot;,&quot;camera&quot;:&quot;&quot;,&quot;caption&quot;:&quot;&quot;,&quot;created_timestamp&quot;:&quot;0&quot;,&quot;copyright&quot;:&quot;&quot;,&quot;focal_length&quot;:&quot;0&quot;,&quot;iso&quot;:&quot;0&quot;,&quot;shutter_speed&quot;:&quot;0&quot;,&quot;title&quot;:&quot;&quot;,&quot;orientation&quot;:&quot;0&quot;}\" data-image-title=\"7d7bc479-95fc-472b-a5d0-302cf4c17e14\" data-image-description=\"\" data-image-caption=\"\" data-large-file=\"https:\/\/jornalrol.com.br\/wp-content\/uploads\/2024\/11\/7d7bc479-95fc-472b-a5d0-302cf4c17e14.jpeg\" src=\"https:\/\/jornalrol.com.br\/wp-content\/uploads\/2024\/11\/7d7bc479-95fc-472b-a5d0-302cf4c17e14.jpeg\" alt=\"Momento da 4\u00aa edi\u00e7\u00e3o da FLISPA\" class=\"wp-image-70679\" srcset=\"https:\/\/jornalrol.com.br\/wp-content\/uploads\/2024\/11\/7d7bc479-95fc-472b-a5d0-302cf4c17e14.jpeg 1080w, https:\/\/jornalrol.com.br\/wp-content\/uploads\/2024\/11\/7d7bc479-95fc-472b-a5d0-302cf4c17e14-768x346.jpeg 768w\" sizes=\"auto, (max-width: 1080px) 100vw, 1080px\" \/><figcaption class=\"wp-element-caption\">Momento da 4\u00aa edi\u00e7\u00e3o da FLISPA<\/figcaption><\/figure>\n<\/div>\n<\/div>\n\n\n\n<figure class=\"wp-block-image size-full\"><img loading=\"lazy\" decoding=\"async\" width=\"1080\" height=\"486\" data-attachment-id=\"70680\" data-permalink=\"https:\/\/jornalrol.com.br\/?attachment_id=70680\" data-orig-file=\"https:\/\/jornalrol.com.br\/wp-content\/uploads\/2024\/11\/9b5339de-bf80-4ab6-a9e7-d8592fb83111.jpeg\" data-orig-size=\"1080,486\" data-comments-opened=\"1\" data-image-meta=\"{&quot;aperture&quot;:&quot;0&quot;,&quot;credit&quot;:&quot;&quot;,&quot;camera&quot;:&quot;&quot;,&quot;caption&quot;:&quot;&quot;,&quot;created_timestamp&quot;:&quot;0&quot;,&quot;copyright&quot;:&quot;&quot;,&quot;focal_length&quot;:&quot;0&quot;,&quot;iso&quot;:&quot;0&quot;,&quot;shutter_speed&quot;:&quot;0&quot;,&quot;title&quot;:&quot;&quot;,&quot;orientation&quot;:&quot;0&quot;}\" data-image-title=\"9b5339de-bf80-4ab6-a9e7-d8592fb83111\" data-image-description=\"\" data-image-caption=\"\" data-large-file=\"https:\/\/jornalrol.com.br\/wp-content\/uploads\/2024\/11\/9b5339de-bf80-4ab6-a9e7-d8592fb83111.jpeg\" src=\"https:\/\/jornalrol.com.br\/wp-content\/uploads\/2024\/11\/9b5339de-bf80-4ab6-a9e7-d8592fb83111.jpeg\" alt=\"Momento da 4\u00aa edi\u00e7\u00e3o da FLISPA\" class=\"wp-image-70680\" srcset=\"https:\/\/jornalrol.com.br\/wp-content\/uploads\/2024\/11\/9b5339de-bf80-4ab6-a9e7-d8592fb83111.jpeg 1080w, https:\/\/jornalrol.com.br\/wp-content\/uploads\/2024\/11\/9b5339de-bf80-4ab6-a9e7-d8592fb83111-768x346.jpeg 768w\" sizes=\"auto, (max-width: 1080px) 100vw, 1080px\" \/><figcaption class=\"wp-element-caption\"><em><em>Momento da 4\u00aa edi\u00e7\u00e3o da FLISPA<\/em><\/em><\/figcaption><\/figure>\n\n\n\n<div class=\"wp-block-columns is-layout-flex wp-container-core-columns-is-layout-9d6595d7 wp-block-columns-is-layout-flex\">\n<div class=\"wp-block-column is-layout-flow wp-block-column-is-layout-flow\">\n<figure class=\"wp-block-image size-full\"><img loading=\"lazy\" decoding=\"async\" width=\"1080\" height=\"606\" data-attachment-id=\"70681\" data-permalink=\"https:\/\/jornalrol.com.br\/?attachment_id=70681\" data-orig-file=\"https:\/\/jornalrol.com.br\/wp-content\/uploads\/2024\/11\/58099350-4178-4cec-b55b-aa4a4aee5842.jpeg\" data-orig-size=\"1080,606\" data-comments-opened=\"1\" data-image-meta=\"{&quot;aperture&quot;:&quot;0&quot;,&quot;credit&quot;:&quot;&quot;,&quot;camera&quot;:&quot;&quot;,&quot;caption&quot;:&quot;&quot;,&quot;created_timestamp&quot;:&quot;0&quot;,&quot;copyright&quot;:&quot;&quot;,&quot;focal_length&quot;:&quot;0&quot;,&quot;iso&quot;:&quot;0&quot;,&quot;shutter_speed&quot;:&quot;0&quot;,&quot;title&quot;:&quot;&quot;,&quot;orientation&quot;:&quot;0&quot;}\" data-image-title=\"58099350-4178-4cec-b55b-aa4a4aee5842\" data-image-description=\"\" data-image-caption=\"\" data-large-file=\"https:\/\/jornalrol.com.br\/wp-content\/uploads\/2024\/11\/58099350-4178-4cec-b55b-aa4a4aee5842.jpeg\" src=\"https:\/\/jornalrol.com.br\/wp-content\/uploads\/2024\/11\/58099350-4178-4cec-b55b-aa4a4aee5842.jpeg\" alt=\"Momento da 4\u00aa edi\u00e7\u00e3o da FLISPA\" class=\"wp-image-70681\" srcset=\"https:\/\/jornalrol.com.br\/wp-content\/uploads\/2024\/11\/58099350-4178-4cec-b55b-aa4a4aee5842.jpeg 1080w, https:\/\/jornalrol.com.br\/wp-content\/uploads\/2024\/11\/58099350-4178-4cec-b55b-aa4a4aee5842-768x431.jpeg 768w\" sizes=\"auto, (max-width: 1080px) 100vw, 1080px\" \/><figcaption class=\"wp-element-caption\"><em><em>Momento da 4\u00aa edi\u00e7\u00e3o da FLISP<\/em>A<\/em><\/figcaption><\/figure>\n<\/div>\n<\/div>\n\n\n\n<div class=\"wp-block-columns is-layout-flex wp-container-core-columns-is-layout-9d6595d7 wp-block-columns-is-layout-flex\">\n<div class=\"wp-block-column is-layout-flow wp-block-column-is-layout-flow\">\n<figure class=\"wp-block-image size-full\"><img loading=\"lazy\" decoding=\"async\" width=\"1080\" height=\"810\" data-attachment-id=\"70676\" data-permalink=\"https:\/\/jornalrol.com.br\/?attachment_id=70676\" data-orig-file=\"https:\/\/jornalrol.com.br\/wp-content\/uploads\/2024\/11\/38bc0263-71d6-45fe-ab82-a3e1700534a8.jpeg\" data-orig-size=\"1080,810\" data-comments-opened=\"1\" data-image-meta=\"{&quot;aperture&quot;:&quot;0&quot;,&quot;credit&quot;:&quot;&quot;,&quot;camera&quot;:&quot;&quot;,&quot;caption&quot;:&quot;&quot;,&quot;created_timestamp&quot;:&quot;0&quot;,&quot;copyright&quot;:&quot;&quot;,&quot;focal_length&quot;:&quot;0&quot;,&quot;iso&quot;:&quot;0&quot;,&quot;shutter_speed&quot;:&quot;0&quot;,&quot;title&quot;:&quot;&quot;,&quot;orientation&quot;:&quot;0&quot;}\" data-image-title=\"38bc0263-71d6-45fe-ab82-a3e1700534a8\" data-image-description=\"\" data-image-caption=\"\" data-large-file=\"https:\/\/jornalrol.com.br\/wp-content\/uploads\/2024\/11\/38bc0263-71d6-45fe-ab82-a3e1700534a8.jpeg\" src=\"http:\/\/jornalrol.com.br\/wp-content\/uploads\/2024\/11\/38bc0263-71d6-45fe-ab82-a3e1700534a8.jpeg\" alt=\"Momentos da Solenidade de Posse dos novos Acad\u00eamicos da ALSPA\" class=\"wp-image-70676\" srcset=\"https:\/\/jornalrol.com.br\/wp-content\/uploads\/2024\/11\/38bc0263-71d6-45fe-ab82-a3e1700534a8.jpeg 1080w, https:\/\/jornalrol.com.br\/wp-content\/uploads\/2024\/11\/38bc0263-71d6-45fe-ab82-a3e1700534a8-768x576.jpeg 768w\" sizes=\"auto, (max-width: 1080px) 100vw, 1080px\" \/><figcaption class=\"wp-element-caption\"><em><em>Momento da Solenidade de Posse dos novos Acad\u00eamicos da ALSPA<\/em><\/em><\/figcaption><\/figure>\n<\/div>\n\n\n\n<div class=\"wp-block-column is-layout-flow wp-block-column-is-layout-flow\">\n<figure class=\"wp-block-image size-full\"><img loading=\"lazy\" decoding=\"async\" width=\"1080\" height=\"810\" data-attachment-id=\"70675\" data-permalink=\"https:\/\/jornalrol.com.br\/?attachment_id=70675\" data-orig-file=\"https:\/\/jornalrol.com.br\/wp-content\/uploads\/2024\/11\/6aa60846-0971-428d-8482-227b49963087.jpeg\" data-orig-size=\"1080,810\" data-comments-opened=\"1\" data-image-meta=\"{&quot;aperture&quot;:&quot;0&quot;,&quot;credit&quot;:&quot;&quot;,&quot;camera&quot;:&quot;&quot;,&quot;caption&quot;:&quot;&quot;,&quot;created_timestamp&quot;:&quot;0&quot;,&quot;copyright&quot;:&quot;&quot;,&quot;focal_length&quot;:&quot;0&quot;,&quot;iso&quot;:&quot;0&quot;,&quot;shutter_speed&quot;:&quot;0&quot;,&quot;title&quot;:&quot;&quot;,&quot;orientation&quot;:&quot;0&quot;}\" data-image-title=\"6aa60846-0971-428d-8482-227b49963087\" data-image-description=\"\" data-image-caption=\"\" data-large-file=\"https:\/\/jornalrol.com.br\/wp-content\/uploads\/2024\/11\/6aa60846-0971-428d-8482-227b49963087.jpeg\" src=\"http:\/\/jornalrol.com.br\/wp-content\/uploads\/2024\/11\/6aa60846-0971-428d-8482-227b49963087.jpeg\" alt=\"Momentos da Solenidade de Posse dos novos Acad\u00eamicos da ALSPA\" class=\"wp-image-70675\" srcset=\"https:\/\/jornalrol.com.br\/wp-content\/uploads\/2024\/11\/6aa60846-0971-428d-8482-227b49963087.jpeg 1080w, https:\/\/jornalrol.com.br\/wp-content\/uploads\/2024\/11\/6aa60846-0971-428d-8482-227b49963087-768x576.jpeg 768w\" sizes=\"auto, (max-width: 1080px) 100vw, 1080px\" \/><figcaption class=\"wp-element-caption\"><em><em>Momento da Solenidade de Posse dos novos Acad\u00eamicos da ALSPA<\/em><\/em><\/figcaption><\/figure>\n<\/div>\n<\/div>\n\n\n\n<div class=\"wp-block-columns is-layout-flex wp-container-core-columns-is-layout-9d6595d7 wp-block-columns-is-layout-flex\">\n<div class=\"wp-block-column is-layout-flow wp-block-column-is-layout-flow\">\n<figure class=\"wp-block-image size-full\"><img loading=\"lazy\" decoding=\"async\" width=\"1080\" height=\"1440\" data-attachment-id=\"70685\" data-permalink=\"https:\/\/jornalrol.com.br\/?attachment_id=70685\" data-orig-file=\"https:\/\/jornalrol.com.br\/wp-content\/uploads\/2024\/11\/ba618f49-c1e1-4850-97a3-da803bdba7bc-1.jpeg\" data-orig-size=\"1080,1440\" data-comments-opened=\"1\" data-image-meta=\"{&quot;aperture&quot;:&quot;0&quot;,&quot;credit&quot;:&quot;&quot;,&quot;camera&quot;:&quot;&quot;,&quot;caption&quot;:&quot;&quot;,&quot;created_timestamp&quot;:&quot;0&quot;,&quot;copyright&quot;:&quot;&quot;,&quot;focal_length&quot;:&quot;0&quot;,&quot;iso&quot;:&quot;0&quot;,&quot;shutter_speed&quot;:&quot;0&quot;,&quot;title&quot;:&quot;&quot;,&quot;orientation&quot;:&quot;0&quot;}\" data-image-title=\"ba618f49-c1e1-4850-97a3-da803bdba7bc\" data-image-description=\"\" data-image-caption=\"\" data-large-file=\"https:\/\/jornalrol.com.br\/wp-content\/uploads\/2024\/11\/ba618f49-c1e1-4850-97a3-da803bdba7bc-1.jpeg\" src=\"http:\/\/jornalrol.com.br\/wp-content\/uploads\/2024\/11\/ba618f49-c1e1-4850-97a3-da803bdba7bc-1.jpeg\" alt=\"Momento da Solenidade de Posse dos novos Acad\u00eamicos da ALSPA\" class=\"wp-image-70685\" srcset=\"https:\/\/jornalrol.com.br\/wp-content\/uploads\/2024\/11\/ba618f49-c1e1-4850-97a3-da803bdba7bc-1.jpeg 1080w, https:\/\/jornalrol.com.br\/wp-content\/uploads\/2024\/11\/ba618f49-c1e1-4850-97a3-da803bdba7bc-1-900x1200.jpeg 900w, https:\/\/jornalrol.com.br\/wp-content\/uploads\/2024\/11\/ba618f49-c1e1-4850-97a3-da803bdba7bc-1-768x1024.jpeg 768w\" sizes=\"auto, (max-width: 1080px) 100vw, 1080px\" \/><figcaption class=\"wp-element-caption\"><em><em><em>Momento da Solenidade de Posse dos novos Acad\u00eamicos da ALSPA<\/em><\/em><\/em><\/figcaption><\/figure>\n<\/div>\n\n\n\n<div class=\"wp-block-column is-layout-flow wp-block-column-is-layout-flow\">\n<figure class=\"wp-block-image size-full\"><img loading=\"lazy\" decoding=\"async\" width=\"1080\" height=\"1440\" data-attachment-id=\"70687\" data-permalink=\"https:\/\/jornalrol.com.br\/?attachment_id=70687\" data-orig-file=\"https:\/\/jornalrol.com.br\/wp-content\/uploads\/2024\/11\/7b43d83a-8396-4ffe-9e72-63e8c33ad32e.jpeg\" data-orig-size=\"1080,1440\" data-comments-opened=\"1\" data-image-meta=\"{&quot;aperture&quot;:&quot;0&quot;,&quot;credit&quot;:&quot;&quot;,&quot;camera&quot;:&quot;&quot;,&quot;caption&quot;:&quot;&quot;,&quot;created_timestamp&quot;:&quot;0&quot;,&quot;copyright&quot;:&quot;&quot;,&quot;focal_length&quot;:&quot;0&quot;,&quot;iso&quot;:&quot;0&quot;,&quot;shutter_speed&quot;:&quot;0&quot;,&quot;title&quot;:&quot;&quot;,&quot;orientation&quot;:&quot;0&quot;}\" data-image-title=\"7b43d83a-8396-4ffe-9e72-63e8c33ad32e\" data-image-description=\"\" data-image-caption=\"\" data-large-file=\"https:\/\/jornalrol.com.br\/wp-content\/uploads\/2024\/11\/7b43d83a-8396-4ffe-9e72-63e8c33ad32e.jpeg\" src=\"http:\/\/jornalrol.com.br\/wp-content\/uploads\/2024\/11\/7b43d83a-8396-4ffe-9e72-63e8c33ad32e.jpeg\" alt=\"Momento da Solenidade de Posse dos novos Acad\u00eamicos da ALSPA\" class=\"wp-image-70687\" srcset=\"https:\/\/jornalrol.com.br\/wp-content\/uploads\/2024\/11\/7b43d83a-8396-4ffe-9e72-63e8c33ad32e.jpeg 1080w, https:\/\/jornalrol.com.br\/wp-content\/uploads\/2024\/11\/7b43d83a-8396-4ffe-9e72-63e8c33ad32e-900x1200.jpeg 900w, https:\/\/jornalrol.com.br\/wp-content\/uploads\/2024\/11\/7b43d83a-8396-4ffe-9e72-63e8c33ad32e-768x1024.jpeg 768w\" sizes=\"auto, (max-width: 1080px) 100vw, 1080px\" \/><figcaption class=\"wp-element-caption\"><em><em><em>Momento da Solenidade de Posse dos novos Acad\u00eamicos da ALSPA<\/em><\/em><\/em><\/figcaption><\/figure>\n<\/div>\n<\/div>\n\n\n\n<div class=\"wp-block-columns is-layout-flex wp-container-core-columns-is-layout-9d6595d7 wp-block-columns-is-layout-flex\">\n<div class=\"wp-block-column is-layout-flow wp-block-column-is-layout-flow\">\n<figure class=\"wp-block-image size-full\"><img loading=\"lazy\" decoding=\"async\" width=\"576\" height=\"1280\" data-attachment-id=\"70682\" data-permalink=\"https:\/\/jornalrol.com.br\/?attachment_id=70682\" data-orig-file=\"https:\/\/jornalrol.com.br\/wp-content\/uploads\/2024\/11\/4ce07063-6b19-45bf-8d4f-4140f8a83cc6.jpeg\" data-orig-size=\"576,1280\" data-comments-opened=\"1\" data-image-meta=\"{&quot;aperture&quot;:&quot;0&quot;,&quot;credit&quot;:&quot;&quot;,&quot;camera&quot;:&quot;&quot;,&quot;caption&quot;:&quot;&quot;,&quot;created_timestamp&quot;:&quot;0&quot;,&quot;copyright&quot;:&quot;&quot;,&quot;focal_length&quot;:&quot;0&quot;,&quot;iso&quot;:&quot;0&quot;,&quot;shutter_speed&quot;:&quot;0&quot;,&quot;title&quot;:&quot;&quot;,&quot;orientation&quot;:&quot;0&quot;}\" data-image-title=\"4ce07063-6b19-45bf-8d4f-4140f8a83cc6\" data-image-description=\"\" data-image-caption=\"\" data-large-file=\"https:\/\/jornalrol.com.br\/wp-content\/uploads\/2024\/11\/4ce07063-6b19-45bf-8d4f-4140f8a83cc6.jpeg\" src=\"https:\/\/jornalrol.com.br\/wp-content\/uploads\/2024\/11\/4ce07063-6b19-45bf-8d4f-4140f8a83cc6.jpeg\" alt=\"Momento da 4\u00aa edi\u00e7\u00e3o da FLISPA\" class=\"wp-image-70682\" srcset=\"https:\/\/jornalrol.com.br\/wp-content\/uploads\/2024\/11\/4ce07063-6b19-45bf-8d4f-4140f8a83cc6.jpeg 576w, https:\/\/jornalrol.com.br\/wp-content\/uploads\/2024\/11\/4ce07063-6b19-45bf-8d4f-4140f8a83cc6-540x1200.jpeg 540w\" sizes=\"auto, (max-width: 576px) 100vw, 576px\" \/><figcaption class=\"wp-element-caption\"><em><em>Momento da 4\u00aa edi\u00e7\u00e3o da FLISPA<\/em><\/em><\/figcaption><\/figure>\n<\/div>\n\n\n\n<div class=\"wp-block-column is-layout-flow wp-block-column-is-layout-flow\">\n<figure class=\"wp-block-image size-full\"><img loading=\"lazy\" decoding=\"async\" width=\"576\" height=\"1280\" data-attachment-id=\"70686\" data-permalink=\"https:\/\/jornalrol.com.br\/?attachment_id=70686\" data-orig-file=\"https:\/\/jornalrol.com.br\/wp-content\/uploads\/2024\/11\/6be4312a-ceb1-4028-9b92-5e4da199469d.jpeg\" data-orig-size=\"576,1280\" data-comments-opened=\"1\" data-image-meta=\"{&quot;aperture&quot;:&quot;0&quot;,&quot;credit&quot;:&quot;&quot;,&quot;camera&quot;:&quot;&quot;,&quot;caption&quot;:&quot;&quot;,&quot;created_timestamp&quot;:&quot;0&quot;,&quot;copyright&quot;:&quot;&quot;,&quot;focal_length&quot;:&quot;0&quot;,&quot;iso&quot;:&quot;0&quot;,&quot;shutter_speed&quot;:&quot;0&quot;,&quot;title&quot;:&quot;&quot;,&quot;orientation&quot;:&quot;0&quot;}\" data-image-title=\"6be4312a-ceb1-4028-9b92-5e4da199469d\" data-image-description=\"\" data-image-caption=\"\" data-large-file=\"https:\/\/jornalrol.com.br\/wp-content\/uploads\/2024\/11\/6be4312a-ceb1-4028-9b92-5e4da199469d.jpeg\" src=\"https:\/\/jornalrol.com.br\/wp-content\/uploads\/2024\/11\/6be4312a-ceb1-4028-9b92-5e4da199469d.jpeg\" alt=\"Momento da 4\u00aa edi\u00e7\u00e3o da FLISPA\" class=\"wp-image-70686\" srcset=\"https:\/\/jornalrol.com.br\/wp-content\/uploads\/2024\/11\/6be4312a-ceb1-4028-9b92-5e4da199469d.jpeg 576w, https:\/\/jornalrol.com.br\/wp-content\/uploads\/2024\/11\/6be4312a-ceb1-4028-9b92-5e4da199469d-540x1200.jpeg 540w\" sizes=\"auto, (max-width: 576px) 100vw, 576px\" \/><figcaption class=\"wp-element-caption\"><em><em>Momento da 4\u00aa edi\u00e7\u00e3o da FLISPA<\/em><\/em><\/figcaption><\/figure>\n<\/div>\n\n\n\n<div class=\"wp-block-column is-layout-flow wp-block-column-is-layout-flow\">\n<figure class=\"wp-block-image size-full\"><img loading=\"lazy\" decoding=\"async\" width=\"720\" height=\"1600\" data-attachment-id=\"70683\" data-permalink=\"https:\/\/jornalrol.com.br\/?attachment_id=70683\" data-orig-file=\"https:\/\/jornalrol.com.br\/wp-content\/uploads\/2024\/11\/5ea0ef65-5822-4e35-825a-e3eab51fe9da.jpeg\" data-orig-size=\"720,1600\" data-comments-opened=\"1\" data-image-meta=\"{&quot;aperture&quot;:&quot;0&quot;,&quot;credit&quot;:&quot;&quot;,&quot;camera&quot;:&quot;&quot;,&quot;caption&quot;:&quot;&quot;,&quot;created_timestamp&quot;:&quot;0&quot;,&quot;copyright&quot;:&quot;&quot;,&quot;focal_length&quot;:&quot;0&quot;,&quot;iso&quot;:&quot;0&quot;,&quot;shutter_speed&quot;:&quot;0&quot;,&quot;title&quot;:&quot;&quot;,&quot;orientation&quot;:&quot;0&quot;}\" data-image-title=\"5ea0ef65-5822-4e35-825a-e3eab51fe9da\" data-image-description=\"\" data-image-caption=\"\" data-large-file=\"https:\/\/jornalrol.com.br\/wp-content\/uploads\/2024\/11\/5ea0ef65-5822-4e35-825a-e3eab51fe9da.jpeg\" src=\"http:\/\/jornalrol.com.br\/wp-content\/uploads\/2024\/11\/5ea0ef65-5822-4e35-825a-e3eab51fe9da.jpeg\" alt=\"Momento da 4\u00aa edi\u00e7\u00e3o da FLISPA\" class=\"wp-image-70683\" srcset=\"https:\/\/jornalrol.com.br\/wp-content\/uploads\/2024\/11\/5ea0ef65-5822-4e35-825a-e3eab51fe9da.jpeg 720w, https:\/\/jornalrol.com.br\/wp-content\/uploads\/2024\/11\/5ea0ef65-5822-4e35-825a-e3eab51fe9da-540x1200.jpeg 540w, https:\/\/jornalrol.com.br\/wp-content\/uploads\/2024\/11\/5ea0ef65-5822-4e35-825a-e3eab51fe9da-691x1536.jpeg 691w\" sizes=\"auto, (max-width: 720px) 100vw, 720px\" \/><figcaption class=\"wp-element-caption\"><em><em>Momento da 4\u00aaedi\u00e7\u00e3o da  FLISP<\/em>A<\/em><\/figcaption><\/figure>\n<\/div>\n<\/div>\n\n\n\n<p><a href=\"https:\/\/jornalrol.com.br\/\" title=\"Voltar\">Voltar<\/a><\/p>\n\n\n\n<p><a href=\"https:\/\/www.facebook.com\/joelson.mora\" title=\"Facebook\">Facebook<\/a><\/p>\n\n\n\n<div class=\"wp-block-columns is-layout-flex wp-container-core-columns-is-layout-9d6595d7 wp-block-columns-is-layout-flex\">\n<div class=\"wp-block-column is-layout-flow wp-block-column-is-layout-flow\"><\/div>\n\n\n\n<div class=\"wp-block-column is-layout-flow wp-block-column-is-layout-flow\"><\/div>\n<\/div>\n","protected":false},"excerpt":{"rendered":"<p>No dia 8 de novembro, na hist\u00f3rica Casa dos Azulejos, ocorreu a solenidade de posse dos novos membros da ALSPA, marcando um momento hist\u00f3rico para a&#8230; <\/p>\n","protected":false},"author":6,"featured_media":70674,"comment_status":"open","ping_status":"closed","sticky":false,"template":"","format":"standard","meta":{"_jetpack_newsletter_access":"","_jetpack_dont_email_post_to_subs":false,"_jetpack_newsletter_tier_id":0,"_jetpack_memberships_contains_paywalled_content":false,"_jetpack_memberships_contains_paid_content":false,"footnotes":""},"categories":[9391,9286,10922,9285],"tags":[13303,781,13301,13302],"class_list":["post-70673","post","type-post","status-publish","format-standard","has-post-thumbnail","hentry","category-academiasefederacoes","category-arte","category-feira-literaria","category-literatura","tag-4a-edicao-da-flispa","tag-alspa","tag-grupo-ciganeando-por-ai","tag-posse-de-academicos"],"aioseo_notices":[],"views":1291,"jetpack_featured_media_url":"https:\/\/jornalrol.com.br\/wp-content\/uploads\/2024\/11\/efeb220a-5a54-4ddc-8578-ce2c29b6f5c2.jpeg","jetpack_sharing_enabled":true,"jetpack_likes_enabled":true,"jetpack-related-posts":[{"id":47718,"url":"https:\/\/jornalrol.com.br\/?p=47718","url_meta":{"origin":70673,"position":0},"title":"Academia de Letras S\u00e3o Pedro da Aldeia &#8211; ALSPA  abre processo de sele\u00e7\u00e3o para Neo-acad\u00eamicos(as) imortais","author":"Sergio Diniz da Costa","date":"5 de janeiro de 2022","format":false,"excerpt":"O prazo para a ades\u00e3o se encerrar\u00e1 no dia 29 de fevereiro e a posse ocorrer\u00e1 no dia 20 de maio de 2022 A Academia de Letras de S\u00e3o Pedro da Aldeia - ALSPA est\u00e1 abrindo processo de sele\u00e7\u00e3o de Neo-Acad\u00eamicos nacionais e internacionais, cujo prazo de ades\u00e3o encerrar-se-\u00e1 no\u2026","rel":"","context":"Em &quot;Comunica\u00e7\u00e3o&quot;","block_context":{"text":"Comunica\u00e7\u00e3o","link":"https:\/\/jornalrol.com.br\/?cat=7"},"img":{"alt_text":"","src":"https:\/\/i0.wp.com\/jornalrol.com.br\/wp-content\/uploads\/2022\/01\/3089b053-16b7-427b-824b-319145dd118c.jpg?resize=350%2C200&ssl=1","width":350,"height":200,"srcset":"https:\/\/i0.wp.com\/jornalrol.com.br\/wp-content\/uploads\/2022\/01\/3089b053-16b7-427b-824b-319145dd118c.jpg?resize=350%2C200&ssl=1 1x, https:\/\/i0.wp.com\/jornalrol.com.br\/wp-content\/uploads\/2022\/01\/3089b053-16b7-427b-824b-319145dd118c.jpg?resize=525%2C300&ssl=1 1.5x, https:\/\/i0.wp.com\/jornalrol.com.br\/wp-content\/uploads\/2022\/01\/3089b053-16b7-427b-824b-319145dd118c.jpg?resize=700%2C400&ssl=1 2x, https:\/\/i0.wp.com\/jornalrol.com.br\/wp-content\/uploads\/2022\/01\/3089b053-16b7-427b-824b-319145dd118c.jpg?resize=1050%2C600&ssl=1 3x"},"classes":[]},{"id":65961,"url":"https:\/\/jornalrol.com.br\/?p=65961","url_meta":{"origin":70673,"position":1},"title":"ALSPA inicia processo de sele\u00e7\u00e3o para neoacad\u00eamicos imortais","author":"Sergio Diniz da Costa","date":"27 de abril de 2024","format":false,"excerpt":"A Academia de Letras S\u00e3o Pedro da Aldeia | ALSPA convida os interessados para participarem do processo de sele\u00e7\u00e3o dos neoacad\u00eamicos(as) imortais.","rel":"","context":"Em &quot;Academias e Federa\u00e7\u00f5es de Artes&quot;","block_context":{"text":"Academias e Federa\u00e7\u00f5es de Artes","link":"https:\/\/jornalrol.com.br\/?cat=9391"},"img":{"alt_text":"Logo da ALSPA - Academia de Letras de S\u00e3o Pedro da Aldeia","src":"https:\/\/i0.wp.com\/jornalrol.com.br\/wp-content\/uploads\/2024\/04\/18426765-425c-4450-912c-3d9743303902.jpg?resize=350%2C200&ssl=1","width":350,"height":200,"srcset":"https:\/\/i0.wp.com\/jornalrol.com.br\/wp-content\/uploads\/2024\/04\/18426765-425c-4450-912c-3d9743303902.jpg?resize=350%2C200&ssl=1 1x, https:\/\/i0.wp.com\/jornalrol.com.br\/wp-content\/uploads\/2024\/04\/18426765-425c-4450-912c-3d9743303902.jpg?resize=525%2C300&ssl=1 1.5x, https:\/\/i0.wp.com\/jornalrol.com.br\/wp-content\/uploads\/2024\/04\/18426765-425c-4450-912c-3d9743303902.jpg?resize=700%2C400&ssl=1 2x, https:\/\/i0.wp.com\/jornalrol.com.br\/wp-content\/uploads\/2024\/04\/18426765-425c-4450-912c-3d9743303902.jpg?resize=1050%2C600&ssl=1 3x"},"classes":[]},{"id":49376,"url":"https:\/\/jornalrol.com.br\/?p=49376","url_meta":{"origin":70673,"position":2},"title":"Editora Baronesa e ALSPA promovem a Expo-Placas Centen\u00e1rio da Semana de Arte Moderna","author":"Sergio Diniz da Costa","date":"28 de mar\u00e7o de 2022","format":false,"excerpt":"A exposi\u00e7\u00e3o ocorreu nos dias 25, 26 e 27 de mar\u00e7o em Cabo Frio\/RJ, durante a XXXI Semana de Teixeira e Sousa e acontecer\u00e1 nos dias\u00a020 e 21 de maio em S\u00e3o Pedro da Aldeia, nas comemora\u00e7\u00f5es de anivers\u00e1rio da ALSPA A Editora Baronesa, em parceria com a Academia de\u2026","rel":"","context":"Em &quot;Comunica\u00e7\u00e3o&quot;","block_context":{"text":"Comunica\u00e7\u00e3o","link":"https:\/\/jornalrol.com.br\/?cat=7"},"img":{"alt_text":"","src":"https:\/\/i0.wp.com\/jornalrol.com.br\/wp-content\/uploads\/2022\/03\/276292308_136533785556447_7881560625937346362_n.jpg?resize=350%2C200&ssl=1","width":350,"height":200,"srcset":"https:\/\/i0.wp.com\/jornalrol.com.br\/wp-content\/uploads\/2022\/03\/276292308_136533785556447_7881560625937346362_n.jpg?resize=350%2C200&ssl=1 1x, https:\/\/i0.wp.com\/jornalrol.com.br\/wp-content\/uploads\/2022\/03\/276292308_136533785556447_7881560625937346362_n.jpg?resize=525%2C300&ssl=1 1.5x, https:\/\/i0.wp.com\/jornalrol.com.br\/wp-content\/uploads\/2022\/03\/276292308_136533785556447_7881560625937346362_n.jpg?resize=700%2C400&ssl=1 2x, https:\/\/i0.wp.com\/jornalrol.com.br\/wp-content\/uploads\/2022\/03\/276292308_136533785556447_7881560625937346362_n.jpg?resize=1050%2C600&ssl=1 3x, https:\/\/i0.wp.com\/jornalrol.com.br\/wp-content\/uploads\/2022\/03\/276292308_136533785556447_7881560625937346362_n.jpg?resize=1400%2C800&ssl=1 4x"},"classes":[]},{"id":69608,"url":"https:\/\/jornalrol.com.br\/?p=69608","url_meta":{"origin":70673,"position":3},"title":"4\u00aa FLISPA \u2013 Feira Liter\u00e1ria de S\u00e3o Pedro da Aldeia","author":"Sergio Diniz da Costa","date":"24 de setembro de 2024","format":false,"excerpt":"A Aldeia Editora acaba de anunciar as datas para a 4\u00aa edi\u00e7\u00e3o da FLISPA. O evento ser\u00e1 realizado nos dias 7 e 8 de novembro de 2024, na Casa dos Azulejos","rel":"","context":"Em &quot;Feira Liter\u00e1ria&quot;","block_context":{"text":"Feira Liter\u00e1ria","link":"https:\/\/jornalrol.com.br\/?cat=10922"},"img":{"alt_text":"Card da 4\u00aa FLISPA","src":"https:\/\/i0.wp.com\/jornalrol.com.br\/wp-content\/uploads\/2024\/09\/461250269_528562096428081_294088388640349329_n.jpg?resize=350%2C200&ssl=1","width":350,"height":200,"srcset":"https:\/\/i0.wp.com\/jornalrol.com.br\/wp-content\/uploads\/2024\/09\/461250269_528562096428081_294088388640349329_n.jpg?resize=350%2C200&ssl=1 1x, https:\/\/i0.wp.com\/jornalrol.com.br\/wp-content\/uploads\/2024\/09\/461250269_528562096428081_294088388640349329_n.jpg?resize=525%2C300&ssl=1 1.5x, https:\/\/i0.wp.com\/jornalrol.com.br\/wp-content\/uploads\/2024\/09\/461250269_528562096428081_294088388640349329_n.jpg?resize=700%2C400&ssl=1 2x, https:\/\/i0.wp.com\/jornalrol.com.br\/wp-content\/uploads\/2024\/09\/461250269_528562096428081_294088388640349329_n.jpg?resize=1050%2C600&ssl=1 3x"},"classes":[]},{"id":54958,"url":"https:\/\/jornalrol.com.br\/?p=54958","url_meta":{"origin":70673,"position":4},"title":"ALTAS &#124; CABO VERDE \u00c1FRICA e o NALLA divulgam convite para interessados em participar do processo de sele\u00e7\u00e3o para Correspondentes Internacionais e Fundadores Imortais","author":"Sergio Diniz da Costa","date":"15 de maio de 2023","format":false,"excerpt":"Os Fundadores e Correspondentes ser\u00e3o diplomados no evento de final de ano da Baronesa e ALSPA, na ocasi\u00e3o das festividades de 2023 Dentro das festividades da Funda\u00e7\u00e3o da Embaixada Cultural Brasil \u00c1frica e o ano da \u00c1frica na Editora Baronesa e ALSPA - Academia de Letras\u00a0 de S\u00e3o Pedro da\u2026","rel":"","context":"Em &quot;Comunica\u00e7\u00e3o&quot;","block_context":{"text":"Comunica\u00e7\u00e3o","link":"https:\/\/jornalrol.com.br\/?cat=7"},"img":{"alt_text":"","src":"https:\/\/i0.wp.com\/www.jornalrol.com.br\/wp-content\/uploads\/2023\/05\/b21aef6c-4d64-403c-9c9a-292f4d57a5d1.jpg?resize=350%2C200","width":350,"height":200},"classes":[]},{"id":78426,"url":"https:\/\/jornalrol.com.br\/?p=78426","url_meta":{"origin":70673,"position":5},"title":"Comenda Princesa das Cam\u00e9lias","author":"Sergio Diniz da Costa","date":"11 de fevereiro de 2026","format":false,"excerpt":"A ALSPA, em comemora\u00e7\u00e3o ao seu anivers\u00e1rio, apresenta a nova edi\u00e7\u00e3o do mais prestigioso t\u00edtulo da ALSPA, Comenda Princesa das Cam\u00e9lias, destinado a...","rel":"","context":"Em &quot;Academias e Federa\u00e7\u00f5es de Artes&quot;","block_context":{"text":"Academias e Federa\u00e7\u00f5es de Artes","link":"https:\/\/jornalrol.com.br\/?cat=9391"},"img":{"alt_text":"Comenda Princesa das C\u00e1m\u00e9lias - Imortal Munumento Cultural Imperial","src":"https:\/\/i0.wp.com\/jornalrol.com.br\/wp-content\/uploads\/2026\/02\/8817c828-a3ec-4e0c-9853-ccb07e1b9b3b-1.jpg?resize=350%2C200&ssl=1","width":350,"height":200,"srcset":"https:\/\/i0.wp.com\/jornalrol.com.br\/wp-content\/uploads\/2026\/02\/8817c828-a3ec-4e0c-9853-ccb07e1b9b3b-1.jpg?resize=350%2C200&ssl=1 1x, https:\/\/i0.wp.com\/jornalrol.com.br\/wp-content\/uploads\/2026\/02\/8817c828-a3ec-4e0c-9853-ccb07e1b9b3b-1.jpg?resize=525%2C300&ssl=1 1.5x, https:\/\/i0.wp.com\/jornalrol.com.br\/wp-content\/uploads\/2026\/02\/8817c828-a3ec-4e0c-9853-ccb07e1b9b3b-1.jpg?resize=700%2C400&ssl=1 2x, https:\/\/i0.wp.com\/jornalrol.com.br\/wp-content\/uploads\/2026\/02\/8817c828-a3ec-4e0c-9853-ccb07e1b9b3b-1.jpg?resize=1050%2C600&ssl=1 3x"},"classes":[]}],"_links":{"self":[{"href":"https:\/\/jornalrol.com.br\/index.php?rest_route=\/wp\/v2\/posts\/70673","targetHints":{"allow":["GET"]}}],"collection":[{"href":"https:\/\/jornalrol.com.br\/index.php?rest_route=\/wp\/v2\/posts"}],"about":[{"href":"https:\/\/jornalrol.com.br\/index.php?rest_route=\/wp\/v2\/types\/post"}],"author":[{"embeddable":true,"href":"https:\/\/jornalrol.com.br\/index.php?rest_route=\/wp\/v2\/users\/6"}],"replies":[{"embeddable":true,"href":"https:\/\/jornalrol.com.br\/index.php?rest_route=%2Fwp%2Fv2%2Fcomments&post=70673"}],"version-history":[{"count":6,"href":"https:\/\/jornalrol.com.br\/index.php?rest_route=\/wp\/v2\/posts\/70673\/revisions"}],"predecessor-version":[{"id":70693,"href":"https:\/\/jornalrol.com.br\/index.php?rest_route=\/wp\/v2\/posts\/70673\/revisions\/70693"}],"wp:featuredmedia":[{"embeddable":true,"href":"https:\/\/jornalrol.com.br\/index.php?rest_route=\/wp\/v2\/media\/70674"}],"wp:attachment":[{"href":"https:\/\/jornalrol.com.br\/index.php?rest_route=%2Fwp%2Fv2%2Fmedia&parent=70673"}],"wp:term":[{"taxonomy":"category","embeddable":true,"href":"https:\/\/jornalrol.com.br\/index.php?rest_route=%2Fwp%2Fv2%2Fcategories&post=70673"},{"taxonomy":"post_tag","embeddable":true,"href":"https:\/\/jornalrol.com.br\/index.php?rest_route=%2Fwp%2Fv2%2Ftags&post=70673"}],"curies":[{"name":"wp","href":"https:\/\/api.w.org\/{rel}","templated":true}]}}