{"id":70987,"date":"2024-11-27T10:44:34","date_gmt":"2024-11-27T13:44:34","guid":{"rendered":"https:\/\/jornalrol.com.br\/?p=70987"},"modified":"2024-11-27T10:44:50","modified_gmt":"2024-11-27T13:44:50","slug":"paz-ao-poetizar","status":"publish","type":"post","link":"https:\/\/jornalrol.com.br\/?p=70987","title":{"rendered":"Paz ao poetizar"},"content":{"rendered":"<div class=\"pdfprnt-buttons pdfprnt-buttons-post pdfprnt-top-right\"><a href=\"https:\/\/jornalrol.com.br\/index.php?rest_route=%2Fwp%2Fv2%2Fposts%2F70987&print=pdf\" class=\"pdfprnt-button pdfprnt-button-pdf\" target=\"_blank\" ><\/a><a href=\"https:\/\/jornalrol.com.br\/index.php?rest_route=%2Fwp%2Fv2%2Fposts%2F70987&print=print\" class=\"pdfprnt-button pdfprnt-button-print\" target=\"_blank\" ><img decoding=\"async\" src=\"https:\/\/jornalrol.com.br\/wp-content\/plugins\/pdf-print\/images\/print.png\" alt=\"image_print\" title=\"Conte\u00fado de impress\u00e3o\" \/><\/a><\/div>\n<h2 class=\"wp-block-heading has-text-align-center\">Denise Canova: Poema &#8216;Paz ao poetizar&#8217;<br><br><\/h2>\n\n\n<div class=\"wp-block-image is-style-rounded\">\n<figure class=\"aligncenter size-full is-resized\"><img loading=\"lazy\" decoding=\"async\" width=\"158\" height=\"280\" data-attachment-id=\"67383\" data-permalink=\"https:\/\/jornalrol.com.br\/?attachment_id=67383\" data-orig-file=\"https:\/\/jornalrol.com.br\/wp-content\/uploads\/2024\/06\/316840357_3394405074163808_4468982500104071071_n.jpg\" data-orig-size=\"158,280\" data-comments-opened=\"1\" data-image-meta=\"{&quot;aperture&quot;:&quot;0&quot;,&quot;credit&quot;:&quot;&quot;,&quot;camera&quot;:&quot;&quot;,&quot;caption&quot;:&quot;&quot;,&quot;created_timestamp&quot;:&quot;0&quot;,&quot;copyright&quot;:&quot;&quot;,&quot;focal_length&quot;:&quot;0&quot;,&quot;iso&quot;:&quot;0&quot;,&quot;shutter_speed&quot;:&quot;0&quot;,&quot;title&quot;:&quot;&quot;,&quot;orientation&quot;:&quot;0&quot;}\" data-image-title=\"316840357_3394405074163808_4468982500104071071_n\" data-image-description=\"&lt;p&gt;Denise Canova&lt;\/p&gt;\n\" data-image-caption=\"&lt;p&gt;Denise Canova&lt;\/p&gt;\n\" data-large-file=\"https:\/\/jornalrol.com.br\/wp-content\/uploads\/2024\/06\/316840357_3394405074163808_4468982500104071071_n.jpg\" src=\"http:\/\/jornalrol.com.br\/wp-content\/uploads\/2024\/06\/316840357_3394405074163808_4468982500104071071_n.jpg\" alt=\"Denise Canova\" class=\"wp-image-67383\" style=\"width:94px;height:auto\"\/><figcaption class=\"wp-element-caption\">Denise Canova<\/figcaption><\/figure>\n<\/div>\n\n<div class=\"wp-block-image\">\n<figure class=\"aligncenter size-full is-resized\"><img loading=\"lazy\" decoding=\"async\" width=\"1024\" height=\"1024\" data-attachment-id=\"70988\" data-permalink=\"https:\/\/jornalrol.com.br\/?attachment_id=70988\" data-orig-file=\"https:\/\/jornalrol.com.br\/wp-content\/uploads\/2024\/11\/OIG1-7.jpeg\" data-orig-size=\"1024,1024\" data-comments-opened=\"1\" data-image-meta=\"{&quot;aperture&quot;:&quot;0&quot;,&quot;credit&quot;:&quot;&quot;,&quot;camera&quot;:&quot;&quot;,&quot;caption&quot;:&quot;&quot;,&quot;created_timestamp&quot;:&quot;0&quot;,&quot;copyright&quot;:&quot;&quot;,&quot;focal_length&quot;:&quot;0&quot;,&quot;iso&quot;:&quot;0&quot;,&quot;shutter_speed&quot;:&quot;0&quot;,&quot;title&quot;:&quot;&quot;,&quot;orientation&quot;:&quot;0&quot;}\" data-image-title=\"OIG1\" data-image-description=\"\" data-image-caption=\"\" data-large-file=\"https:\/\/jornalrol.com.br\/wp-content\/uploads\/2024\/11\/OIG1-7.jpeg\" src=\"https:\/\/jornalrol.com.br\/wp-content\/uploads\/2024\/11\/OIG1-7.jpeg\" alt=\"\" class=\"wp-image-70988\" style=\"width:384px;height:auto\" srcset=\"https:\/\/jornalrol.com.br\/wp-content\/uploads\/2024\/11\/OIG1-7.jpeg 1024w, https:\/\/jornalrol.com.br\/wp-content\/uploads\/2024\/11\/OIG1-7-600x600.jpeg 600w, https:\/\/jornalrol.com.br\/wp-content\/uploads\/2024\/11\/OIG1-7-768x768.jpeg 768w\" sizes=\"auto, (max-width: 1024px) 100vw, 1024px\" \/><figcaption class=\"wp-element-caption\"><em>Imagem gerada com IA do Bing\u00a0\u2219 27 de novembro de 2024 <\/em><br><em>\u00e0s 9:58 AM<\/em><\/figcaption><\/figure>\n<\/div>\n\n\n<p class=\"has-text-align-center\">Paz ao poetizar<\/p>\n\n\n\n<p class=\"has-text-align-center\">Paz a versejar<\/p>\n\n\n\n<p class=\"has-text-align-center\">Sobre amor, f\u00e9 ou vida<\/p>\n\n\n\n<p class=\"has-text-align-center\">Poetizar \u00e9 cura para a alma<\/p>\n\n\n\n<p class=\"has-text-align-center\">E a minha alma agradece<\/p>\n\n\n\n<p class=\"has-text-align-center\"><br><strong>Dama da Poesia<\/strong><\/p>\n\n\n\n<div class=\"wp-block-columns is-layout-flex wp-container-core-columns-is-layout-9d6595d7 wp-block-columns-is-layout-flex\">\n<div class=\"wp-block-column is-layout-flow wp-block-column-is-layout-flow\">\n<h4 class=\"wp-block-heading has-text-align-center has-luminous-vivid-amber-to-luminous-vivid-orange-gradient-background has-background\"><a href=\"https:\/\/www.facebook.com\/denisecanova.denisecanova\" title=\"FACEBOOK\">FACEBOOK<\/a><\/h4>\n<\/div>\n<\/div>\n\n\n\n<p><a href=\"https:\/\/jornalrol.com.br\/\" title=\"Voltar\">Voltar<\/a><\/p>\n\n\n\n<p><a href=\"https:\/\/www.facebook.com\/JCulturalrol\/\" title=\"Facebook\">Facebook<\/a><\/p>\n","protected":false},"excerpt":{"rendered":"<p>Paz ao poetizar, paz a versejar sobre amor, f\u00e9 ou vida. Poetizar \u00e9 cura para a alma e a minha alma agradece.  Poema \u2018Paz ao poetizar\u2019, de Denise Canova&#8230;<\/p>\n","protected":false},"author":56,"featured_media":70988,"comment_status":"open","ping_status":"closed","sticky":false,"template":"","format":"standard","meta":{"_jetpack_newsletter_access":"","_jetpack_dont_email_post_to_subs":false,"_jetpack_newsletter_tier_id":0,"_jetpack_memberships_contains_paywalled_content":false,"_jetpack_memberships_contains_paid_content":false,"footnotes":""},"categories":[9285,58],"tags":[683,771,3750,13429,8760],"class_list":["post-70987","post","type-post","status-publish","format-standard","has-post-thumbnail","hentry","category-literatura","category-poesias","tag-agradecimento","tag-alma","tag-fe","tag-paz-ao-poetizar","tag-vida"],"aioseo_notices":[],"views":517,"jetpack_featured_media_url":"https:\/\/jornalrol.com.br\/wp-content\/uploads\/2024\/11\/OIG1-7.jpeg","jetpack_sharing_enabled":true,"jetpack_likes_enabled":true,"jetpack-related-posts":[{"id":65630,"url":"https:\/\/jornalrol.com.br\/?p=65630","url_meta":{"origin":70987,"position":0},"title":"Poetizar \u00e9 a minha vida","author":"Denise Canova","date":"11 de abril de 2024","format":false,"excerpt":"Poetizar \u00e9 a minha vida. Amo poesia. Fa\u00e7o algu\u00e9m sorrir. Poetizar \u00e9 a minha vida. Denise Canova (Dama da Poesia). Poema minimalista \u2018Poetizar \u00e9 a minha vida\u2019","rel":"","context":"Em &quot;Literatura&quot;","block_context":{"text":"Literatura","link":"https:\/\/jornalrol.com.br\/?cat=9285"},"img":{"alt_text":"Microsoft Bing. Imagem criada pelo Designer","src":"https:\/\/i0.wp.com\/jornalrol.com.br\/wp-content\/uploads\/2024\/04\/OIG2.jpg?resize=350%2C200&ssl=1","width":350,"height":200,"srcset":"https:\/\/i0.wp.com\/jornalrol.com.br\/wp-content\/uploads\/2024\/04\/OIG2.jpg?resize=350%2C200&ssl=1 1x, https:\/\/i0.wp.com\/jornalrol.com.br\/wp-content\/uploads\/2024\/04\/OIG2.jpg?resize=525%2C300&ssl=1 1.5x, https:\/\/i0.wp.com\/jornalrol.com.br\/wp-content\/uploads\/2024\/04\/OIG2.jpg?resize=700%2C400&ssl=1 2x"},"classes":[]},{"id":71507,"url":"https:\/\/jornalrol.com.br\/?p=71507","url_meta":{"origin":70987,"position":1},"title":"Dia do Fot\u00f3grafo","author":"Denise Canova","date":"9 de janeiro de 2025","format":false,"excerpt":"Dia do Fot\u00f3grafo. Ele poetiza atrav\u00e9s de sua lente. Amo essa poesia, Poesia minimalista de Denise Canova, a Dama da Poesia","rel":"","context":"Em &quot;Literatura&quot;","block_context":{"text":"Literatura","link":"https:\/\/jornalrol.com.br\/?cat=9285"},"img":{"alt_text":"Foto do arquivo pessoal de Denise Canova","src":"https:\/\/i0.wp.com\/jornalrol.com.br\/wp-content\/uploads\/2025\/01\/472986907_953907136695932_8082311435450296342_n.jpg?resize=350%2C200&ssl=1","width":350,"height":200,"srcset":"https:\/\/i0.wp.com\/jornalrol.com.br\/wp-content\/uploads\/2025\/01\/472986907_953907136695932_8082311435450296342_n.jpg?resize=350%2C200&ssl=1 1x, https:\/\/i0.wp.com\/jornalrol.com.br\/wp-content\/uploads\/2025\/01\/472986907_953907136695932_8082311435450296342_n.jpg?resize=525%2C300&ssl=1 1.5x, https:\/\/i0.wp.com\/jornalrol.com.br\/wp-content\/uploads\/2025\/01\/472986907_953907136695932_8082311435450296342_n.jpg?resize=700%2C400&ssl=1 2x, https:\/\/i0.wp.com\/jornalrol.com.br\/wp-content\/uploads\/2025\/01\/472986907_953907136695932_8082311435450296342_n.jpg?resize=1050%2C600&ssl=1 3x"},"classes":[]},{"id":77919,"url":"https:\/\/jornalrol.com.br\/?p=77919","url_meta":{"origin":70987,"position":2},"title":"Dia de poetizar","author":"Denise Canova","date":"19 de janeiro de 2026","format":false,"excerpt":"Dia de poetizar. Alegre e grata. Poesia faz bem. Meu rem\u00e9dio di\u00e1rio. Dia po\u00e9tico","rel":"","context":"Em &quot;Literatura&quot;","block_context":{"text":"Literatura","link":"https:\/\/jornalrol.com.br\/?cat=9285"},"img":{"alt_text":"Imagem criada por IA da Meta - 19 de janeiro de 2026, \u00e0s 08:27 PM","src":"https:\/\/i0.wp.com\/jornalrol.com.br\/wp-content\/uploads\/2026\/01\/b72a5c53-4501-491b-9d6d-7579c4659ff8.jpg?resize=350%2C200&ssl=1","width":350,"height":200,"srcset":"https:\/\/i0.wp.com\/jornalrol.com.br\/wp-content\/uploads\/2026\/01\/b72a5c53-4501-491b-9d6d-7579c4659ff8.jpg?resize=350%2C200&ssl=1 1x, https:\/\/i0.wp.com\/jornalrol.com.br\/wp-content\/uploads\/2026\/01\/b72a5c53-4501-491b-9d6d-7579c4659ff8.jpg?resize=525%2C300&ssl=1 1.5x, https:\/\/i0.wp.com\/jornalrol.com.br\/wp-content\/uploads\/2026\/01\/b72a5c53-4501-491b-9d6d-7579c4659ff8.jpg?resize=700%2C400&ssl=1 2x, https:\/\/i0.wp.com\/jornalrol.com.br\/wp-content\/uploads\/2026\/01\/b72a5c53-4501-491b-9d6d-7579c4659ff8.jpg?resize=1050%2C600&ssl=1 3x"},"classes":[]},{"id":68282,"url":"https:\/\/jornalrol.com.br\/?p=68282","url_meta":{"origin":70987,"position":3},"title":"As f\u00e9rias","author":"Denise Canova","date":"24 de julho de 2024","format":false,"excerpt":"Nas f\u00e9rias ajudei a mam\u00e3e, estudei, vi a vov\u00f3, tamb\u00e9m vi a tia Ana, aprendi a poetizar e amei. Foram f\u00e9rias legais. Poema de Denise Canova, a Dama da Poesia.","rel":"","context":"Em &quot;Literatura&quot;","block_context":{"text":"Literatura","link":"https:\/\/jornalrol.com.br\/?cat=9285"},"img":{"alt_text":"Imagem criada pela IA do Bing","src":"https:\/\/i0.wp.com\/jornalrol.com.br\/wp-content\/uploads\/2024\/07\/OIG4.2t_IEPS.jpeg?resize=350%2C200&ssl=1","width":350,"height":200,"srcset":"https:\/\/i0.wp.com\/jornalrol.com.br\/wp-content\/uploads\/2024\/07\/OIG4.2t_IEPS.jpeg?resize=350%2C200&ssl=1 1x, https:\/\/i0.wp.com\/jornalrol.com.br\/wp-content\/uploads\/2024\/07\/OIG4.2t_IEPS.jpeg?resize=525%2C300&ssl=1 1.5x, https:\/\/i0.wp.com\/jornalrol.com.br\/wp-content\/uploads\/2024\/07\/OIG4.2t_IEPS.jpeg?resize=700%2C400&ssl=1 2x"},"classes":[]},{"id":76286,"url":"https:\/\/jornalrol.com.br\/?p=76286","url_meta":{"origin":70987,"position":4},"title":"Dia do Poeta","author":"Sergio Diniz da Costa","date":"20 de outubro de 2025","format":false,"excerpt":"Dia do Poeta. Poeta n\u00e3o para de poetizar. Seu dom, dom precioso. Meu, seu e nosso dom. Parab\u00e9ns para n\u00f3s. Dama da Poesia","rel":"","context":"Em &quot;Sem categoria&quot;","block_context":{"text":"Sem categoria","link":"https:\/\/jornalrol.com.br\/?cat=1"},"img":{"alt_text":"Imagem criada por IA do Grok","src":"https:\/\/i0.wp.com\/jornalrol.com.br\/wp-content\/uploads\/2025\/10\/download-6.jpeg?resize=350%2C200&ssl=1","width":350,"height":200,"srcset":"https:\/\/i0.wp.com\/jornalrol.com.br\/wp-content\/uploads\/2025\/10\/download-6.jpeg?resize=350%2C200&ssl=1 1x, https:\/\/i0.wp.com\/jornalrol.com.br\/wp-content\/uploads\/2025\/10\/download-6.jpeg?resize=525%2C300&ssl=1 1.5x, https:\/\/i0.wp.com\/jornalrol.com.br\/wp-content\/uploads\/2025\/10\/download-6.jpeg?resize=700%2C400&ssl=1 2x"},"classes":[]},{"id":64172,"url":"https:\/\/jornalrol.com.br\/?p=64172","url_meta":{"origin":70987,"position":5},"title":"Janeiro de paz","author":"Denise Canova","date":"7 de janeiro de 2024","format":false,"excerpt":"Janeiro de paz, para um ano branco. Janeiro de 2024. Paz. Denise Canova (Dama da Poesia), com o poema minimalista \u2018Janeiro de paz\u2019.","rel":"","context":"Em &quot;Poesia&quot;","block_context":{"text":"Poesia","link":"https:\/\/jornalrol.com.br\/?cat=58"},"img":{"alt_text":"\"Janeiro de paz, para um ano branco\"","src":"https:\/\/i0.wp.com\/jornalrol.com.br\/wp-content\/uploads\/2024\/01\/OIG-2.jpg?resize=350%2C200&ssl=1","width":350,"height":200,"srcset":"https:\/\/i0.wp.com\/jornalrol.com.br\/wp-content\/uploads\/2024\/01\/OIG-2.jpg?resize=350%2C200&ssl=1 1x, https:\/\/i0.wp.com\/jornalrol.com.br\/wp-content\/uploads\/2024\/01\/OIG-2.jpg?resize=525%2C300&ssl=1 1.5x, https:\/\/i0.wp.com\/jornalrol.com.br\/wp-content\/uploads\/2024\/01\/OIG-2.jpg?resize=700%2C400&ssl=1 2x"},"classes":[]}],"_links":{"self":[{"href":"https:\/\/jornalrol.com.br\/index.php?rest_route=\/wp\/v2\/posts\/70987","targetHints":{"allow":["GET"]}}],"collection":[{"href":"https:\/\/jornalrol.com.br\/index.php?rest_route=\/wp\/v2\/posts"}],"about":[{"href":"https:\/\/jornalrol.com.br\/index.php?rest_route=\/wp\/v2\/types\/post"}],"author":[{"embeddable":true,"href":"https:\/\/jornalrol.com.br\/index.php?rest_route=\/wp\/v2\/users\/56"}],"replies":[{"embeddable":true,"href":"https:\/\/jornalrol.com.br\/index.php?rest_route=%2Fwp%2Fv2%2Fcomments&post=70987"}],"version-history":[{"count":1,"href":"https:\/\/jornalrol.com.br\/index.php?rest_route=\/wp\/v2\/posts\/70987\/revisions"}],"predecessor-version":[{"id":70989,"href":"https:\/\/jornalrol.com.br\/index.php?rest_route=\/wp\/v2\/posts\/70987\/revisions\/70989"}],"wp:featuredmedia":[{"embeddable":true,"href":"https:\/\/jornalrol.com.br\/index.php?rest_route=\/wp\/v2\/media\/70988"}],"wp:attachment":[{"href":"https:\/\/jornalrol.com.br\/index.php?rest_route=%2Fwp%2Fv2%2Fmedia&parent=70987"}],"wp:term":[{"taxonomy":"category","embeddable":true,"href":"https:\/\/jornalrol.com.br\/index.php?rest_route=%2Fwp%2Fv2%2Fcategories&post=70987"},{"taxonomy":"post_tag","embeddable":true,"href":"https:\/\/jornalrol.com.br\/index.php?rest_route=%2Fwp%2Fv2%2Ftags&post=70987"}],"curies":[{"name":"wp","href":"https:\/\/api.w.org\/{rel}","templated":true}]}}