{"id":71103,"date":"2024-12-04T13:35:55","date_gmt":"2024-12-04T16:35:55","guid":{"rendered":"https:\/\/jornalrol.com.br\/?p=71103"},"modified":"2024-12-04T13:51:22","modified_gmt":"2024-12-04T16:51:22","slug":"flaus-chega-a-sua-oitava-edicao","status":"publish","type":"post","link":"https:\/\/jornalrol.com.br\/?p=71103","title":{"rendered":"FLAUS chega a sua oitava edi\u00e7\u00e3o"},"content":{"rendered":"<div class=\"pdfprnt-buttons pdfprnt-buttons-post pdfprnt-top-right\"><a href=\"https:\/\/jornalrol.com.br\/index.php?rest_route=%2Fwp%2Fv2%2Fposts%2F71103&print=pdf\" class=\"pdfprnt-button pdfprnt-button-pdf\" target=\"_blank\" ><\/a><a href=\"https:\/\/jornalrol.com.br\/index.php?rest_route=%2Fwp%2Fv2%2Fposts%2F71103&print=print\" class=\"pdfprnt-button pdfprnt-button-print\" target=\"_blank\" ><img decoding=\"async\" src=\"https:\/\/jornalrol.com.br\/wp-content\/plugins\/pdf-print\/images\/print.png\" alt=\"image_print\" title=\"Conte\u00fado de impress\u00e3o\" \/><\/a><\/div>\n<h2 class=\"wp-block-heading has-text-align-center\">Feira do Livro e Autores Sorocabanos se consolida como evento cultural da cidade. No dia 21, a FLAUS contar\u00e1 com a presen\u00e7a de Paulo Betti<br><br><\/h2>\n\n\n<div class=\"wp-block-image\">\n<figure class=\"aligncenter size-full is-resized\"><img loading=\"lazy\" decoding=\"async\" width=\"1536\" height=\"1154\" data-attachment-id=\"71106\" data-permalink=\"https:\/\/jornalrol.com.br\/?attachment_id=71106\" data-orig-file=\"https:\/\/jornalrol.com.br\/wp-content\/uploads\/2024\/12\/9f902599-b734-48a6-96c5-53fcb4d48961-1536x1154-1.jpeg\" data-orig-size=\"1536,1154\" data-comments-opened=\"1\" data-image-meta=\"{&quot;aperture&quot;:&quot;0&quot;,&quot;credit&quot;:&quot;&quot;,&quot;camera&quot;:&quot;&quot;,&quot;caption&quot;:&quot;&quot;,&quot;created_timestamp&quot;:&quot;0&quot;,&quot;copyright&quot;:&quot;&quot;,&quot;focal_length&quot;:&quot;0&quot;,&quot;iso&quot;:&quot;0&quot;,&quot;shutter_speed&quot;:&quot;0&quot;,&quot;title&quot;:&quot;&quot;,&quot;orientation&quot;:&quot;0&quot;}\" data-image-title=\"9f902599-b734-48a6-96c5-53fcb4d48961-1536&amp;#215;1154\" data-image-description=\"\" data-image-caption=\"\" data-large-file=\"https:\/\/jornalrol.com.br\/wp-content\/uploads\/2024\/12\/9f902599-b734-48a6-96c5-53fcb4d48961-1536x1154-1.jpeg\" src=\"https:\/\/jornalrol.com.br\/wp-content\/uploads\/2024\/12\/9f902599-b734-48a6-96c5-53fcb4d48961-1536x1154-1.jpeg\" alt=\"\" class=\"wp-image-71106\" style=\"width:344px;height:auto\" srcset=\"https:\/\/jornalrol.com.br\/wp-content\/uploads\/2024\/12\/9f902599-b734-48a6-96c5-53fcb4d48961-1536x1154-1.jpeg 1536w, https:\/\/jornalrol.com.br\/wp-content\/uploads\/2024\/12\/9f902599-b734-48a6-96c5-53fcb4d48961-1536x1154-1-1200x902.jpeg 1200w, https:\/\/jornalrol.com.br\/wp-content\/uploads\/2024\/12\/9f902599-b734-48a6-96c5-53fcb4d48961-1536x1154-1-768x577.jpeg 768w\" sizes=\"auto, (max-width: 1536px) 100vw, 1536px\" \/><figcaption class=\"wp-element-caption\"><em>Logo da FLAUS<\/em><\/figcaption><\/figure>\n<\/div>\n\n\n<p class=\"has-drop-cap\">A FLAUS \u2013 Feira do Livro e Autores Sorocabanos alcan\u00e7a este ano a sua oitava edi\u00e7\u00e3o, se consolidando como evento cultural da cidade e Regi\u00e3o Metropolitana de Sorocaba. Surgida em 2017, sob a idealiza\u00e7\u00e3o do escritor e historiador Carlos Carvalho Cavalheiro, a FLAUS (Feira do Livro e Autores Sorocabanos) \u00e9 uma a\u00e7\u00e3o cultural realizada na cidade de Sorocaba por iniciativa de autores independentes, com o intuito de dar visibilidade aos escritores da cidade e da regi\u00e3o. Trata-se de uma a\u00e7\u00e3o coletiva, independente e horizontalizada (sem hierarquia).<br><br><\/p>\n\n\n<div class=\"wp-block-image\">\n<figure class=\"aligncenter size-full is-resized\"><img loading=\"lazy\" decoding=\"async\" width=\"630\" height=\"430\" data-attachment-id=\"71108\" data-permalink=\"https:\/\/jornalrol.com.br\/?attachment_id=71108\" data-orig-file=\"https:\/\/jornalrol.com.br\/wp-content\/uploads\/2024\/12\/dfa523f6-7b14-49ee-a8ba-a207d71bca97-1.jpg\" data-orig-size=\"630,430\" data-comments-opened=\"1\" data-image-meta=\"{&quot;aperture&quot;:&quot;0&quot;,&quot;credit&quot;:&quot;&quot;,&quot;camera&quot;:&quot;&quot;,&quot;caption&quot;:&quot;&quot;,&quot;created_timestamp&quot;:&quot;0&quot;,&quot;copyright&quot;:&quot;&quot;,&quot;focal_length&quot;:&quot;0&quot;,&quot;iso&quot;:&quot;0&quot;,&quot;shutter_speed&quot;:&quot;0&quot;,&quot;title&quot;:&quot;&quot;,&quot;orientation&quot;:&quot;0&quot;}\" data-image-title=\"dfa523f6-7b14-49ee-a8ba-a207d71bca97 (1)\" data-image-description=\"\" data-image-caption=\"\" data-large-file=\"https:\/\/jornalrol.com.br\/wp-content\/uploads\/2024\/12\/dfa523f6-7b14-49ee-a8ba-a207d71bca97-1.jpg\" src=\"https:\/\/jornalrol.com.br\/wp-content\/uploads\/2024\/12\/dfa523f6-7b14-49ee-a8ba-a207d71bca97-1.jpg\" alt=\"Exposi\u00e7\u00e3o e venda de livros da FLAUS na Pra\u00e7a Cel. Fernando Prestes\" class=\"wp-image-71108\" style=\"width:592px;height:auto\"\/><figcaption class=\"wp-element-caption\">Exposi\u00e7\u00e3o e venda de livros da FLAUS na Pra\u00e7a Cel. Fernando Prestes<\/figcaption><\/figure>\n<\/div>\n\n\n<p>\u201cMuita gente acha que o nome se refere a uma exclusividade: s\u00f3 podem participar escritores e escritoras de Sorocaba. N\u00e3o se trata disso, mas sim de que a organiza\u00e7\u00e3o \u00e9 toda realizada de maneira independente pelos escritores. J\u00e1 tivemos a presen\u00e7a na Feira de escritores de Botucatu, S\u00e3o Miguel Arcanjo, S\u00e3o Roque, Porto Feliz, Votorantim, Mairinque, Piedade, Pilar do Sul e mesmo de outros Estados\u201d, comenta o idealizador da FLAUS, Carlos Carvalheiro. Com isso, a FLAUS \u00e9 aberta a participa\u00e7\u00e3o de toda e qualquer pessoa que trabalhe com a arte das letras e aceite as diretrizes da Feira.<br><br><\/p>\n\n\n<div class=\"wp-block-image\">\n<figure class=\"aligncenter size-full is-resized\"><img loading=\"lazy\" decoding=\"async\" width=\"480\" height=\"360\" data-attachment-id=\"71114\" data-permalink=\"https:\/\/jornalrol.com.br\/?attachment_id=71114\" data-orig-file=\"https:\/\/jornalrol.com.br\/wp-content\/uploads\/2024\/12\/926802d5-2d57-4f41-bc2e-b844643d0b1c.jpg\" data-orig-size=\"480,360\" data-comments-opened=\"1\" data-image-meta=\"{&quot;aperture&quot;:&quot;0&quot;,&quot;credit&quot;:&quot;&quot;,&quot;camera&quot;:&quot;&quot;,&quot;caption&quot;:&quot;&quot;,&quot;created_timestamp&quot;:&quot;0&quot;,&quot;copyright&quot;:&quot;&quot;,&quot;focal_length&quot;:&quot;0&quot;,&quot;iso&quot;:&quot;0&quot;,&quot;shutter_speed&quot;:&quot;0&quot;,&quot;title&quot;:&quot;&quot;,&quot;orientation&quot;:&quot;0&quot;}\" data-image-title=\"926802d5-2d57-4f41-bc2e-b844643d0b1c\" data-image-description=\"\" data-image-caption=\"\" data-large-file=\"https:\/\/jornalrol.com.br\/wp-content\/uploads\/2024\/12\/926802d5-2d57-4f41-bc2e-b844643d0b1c.jpg\" src=\"https:\/\/jornalrol.com.br\/wp-content\/uploads\/2024\/12\/926802d5-2d57-4f41-bc2e-b844643d0b1c.jpg\" alt=\"Exposi\u00e7\u00e3o e venda de livros da FLAUS no Sesc Sorocaba\" class=\"wp-image-71114\" style=\"width:591px;height:auto\"\/><figcaption class=\"wp-element-caption\"><em>Exposi\u00e7\u00e3o e venda de livros da FLAUS<\/em> no Sesc Sorocaba<\/figcaption><\/figure>\n<\/div>\n\n\n<p>Dentre as diretrizes est\u00e1 a ajuda m\u00fatua e o trabalho volunt\u00e1rio na organiza\u00e7\u00e3o, montagem e desmontagem da Feira. Um diferencial da FLAUS \u00e9 que todos os escritores dividem o mesmo balc\u00e3o de exposi\u00e7\u00e3o de livros, mantendo assim o esp\u00edrito de horizontalidade e de comunidade entre os artistas das letras. \u201cTodo mundo, voluntariamente, ajuda em tudo. Inclusive na venda dos livros. N\u00e3o somente os de sua autoria, mas de todos os que participam da Feira\u201d, garante Carlos Carvalho Cavalheiro.<br><br><\/p>\n\n\n\n<figure class=\"wp-block-image size-full\"><img loading=\"lazy\" decoding=\"async\" width=\"1200\" height=\"630\" data-attachment-id=\"71115\" data-permalink=\"https:\/\/jornalrol.com.br\/?attachment_id=71115\" data-orig-file=\"https:\/\/jornalrol.com.br\/wp-content\/uploads\/2024\/12\/48a9a806-b0db-4365-bc86-d96b987a5243.jpg\" data-orig-size=\"1200,630\" data-comments-opened=\"1\" data-image-meta=\"{&quot;aperture&quot;:&quot;0&quot;,&quot;credit&quot;:&quot;&quot;,&quot;camera&quot;:&quot;&quot;,&quot;caption&quot;:&quot;&quot;,&quot;created_timestamp&quot;:&quot;0&quot;,&quot;copyright&quot;:&quot;&quot;,&quot;focal_length&quot;:&quot;0&quot;,&quot;iso&quot;:&quot;0&quot;,&quot;shutter_speed&quot;:&quot;0&quot;,&quot;title&quot;:&quot;&quot;,&quot;orientation&quot;:&quot;0&quot;}\" data-image-title=\"48a9a806-b0db-4365-bc86-d96b987a5243\" data-image-description=\"\" data-image-caption=\"\" data-large-file=\"https:\/\/jornalrol.com.br\/wp-content\/uploads\/2024\/12\/48a9a806-b0db-4365-bc86-d96b987a5243.jpg\" src=\"https:\/\/jornalrol.com.br\/wp-content\/uploads\/2024\/12\/48a9a806-b0db-4365-bc86-d96b987a5243.jpg\" alt=\"Expositores de livros da FLAUS no Sesc Sorocaba\" class=\"wp-image-71115\" srcset=\"https:\/\/jornalrol.com.br\/wp-content\/uploads\/2024\/12\/48a9a806-b0db-4365-bc86-d96b987a5243.jpg 1200w, https:\/\/jornalrol.com.br\/wp-content\/uploads\/2024\/12\/48a9a806-b0db-4365-bc86-d96b987a5243-768x403.jpg 768w\" sizes=\"auto, (max-width: 1200px) 100vw, 1200px\" \/><figcaption class=\"wp-element-caption\"><em>Expositores de livros da FLAUS no Sesc Sorocaba<\/em><\/figcaption><\/figure>\n\n\n\n<p>Este ano a FLAUS ser\u00e1 realizada nos dias 13, 14 e 15 de dezembro no SESC Sorocaba e no dia 21 na Pra\u00e7a Coronel Fernando Prestes. Al\u00e9m da venda de livros a FLAUS est\u00e1 recheada de atra\u00e7\u00f5es como o Sarau Literomusical (que ocorrer\u00e1 no SESC e no Sorocaba Clube), palestras, mesa de debates, oficinas e apresenta\u00e7\u00f5es musicais.<br><br><\/p>\n\n\n<div class=\"wp-block-image\">\n<figure class=\"aligncenter size-full is-resized\"><img loading=\"lazy\" decoding=\"async\" width=\"318\" height=\"204\" data-attachment-id=\"71107\" data-permalink=\"https:\/\/jornalrol.com.br\/?attachment_id=71107\" data-orig-file=\"https:\/\/jornalrol.com.br\/wp-content\/uploads\/2024\/12\/0ac16c42-9741-4c28-9ecd-39bca18277ae.jpg\" data-orig-size=\"318,204\" data-comments-opened=\"1\" data-image-meta=\"{&quot;aperture&quot;:&quot;0&quot;,&quot;credit&quot;:&quot;&quot;,&quot;camera&quot;:&quot;&quot;,&quot;caption&quot;:&quot;&quot;,&quot;created_timestamp&quot;:&quot;0&quot;,&quot;copyright&quot;:&quot;&quot;,&quot;focal_length&quot;:&quot;0&quot;,&quot;iso&quot;:&quot;0&quot;,&quot;shutter_speed&quot;:&quot;0&quot;,&quot;title&quot;:&quot;&quot;,&quot;orientation&quot;:&quot;0&quot;}\" data-image-title=\"0ac16c42-9741-4c28-9ecd-39bca18277ae\" data-image-description=\"\" data-image-caption=\"\" data-large-file=\"https:\/\/jornalrol.com.br\/wp-content\/uploads\/2024\/12\/0ac16c42-9741-4c28-9ecd-39bca18277ae.jpg\" src=\"http:\/\/jornalrol.com.br\/wp-content\/uploads\/2024\/12\/0ac16c42-9741-4c28-9ecd-39bca18277ae.jpg\" alt=\"Paulo Betti\" class=\"wp-image-71107\" style=\"width:452px;height:auto\"\/><figcaption class=\"wp-element-caption\"><em>Paulo Betti<\/em><\/figcaption><\/figure>\n<\/div>\n\n\n<p>Dentre os destaques est\u00e3o o pocket-show com lan\u00e7amento de livro da escritora, cantora e compositora Jacque Falchetti, no dia 14 no SESC Sorocaba; e o lan\u00e7amento do livro \u201cAutobiografia Autorizada\u201d do ator e escritor Paulo Betti, no dia 21 na Pra\u00e7a Coronel Fernando Prestes.<\/p>\n\n\n\n<p>Para este ano se inscreveram para participar da FLAUS cerca de 90 escritores e escritoras. Com um perfil bastante diversificado, a FLAUS tornou-se uma vitrina da produ\u00e7\u00e3o liter\u00e1ria de Sorocaba e Regi\u00e3o, abarcando as mais diversas pautas e g\u00eaneros liter\u00e1rios.<br><br><\/p>\n\n\n<div class=\"wp-block-image\">\n<figure class=\"aligncenter size-full is-resized\"><img loading=\"lazy\" decoding=\"async\" width=\"980\" height=\"589\" data-attachment-id=\"71109\" data-permalink=\"https:\/\/jornalrol.com.br\/?attachment_id=71109\" data-orig-file=\"https:\/\/jornalrol.com.br\/wp-content\/uploads\/2024\/12\/c31a79bf-7512-4531-8a84-72c407758639-1.jpg\" data-orig-size=\"980,589\" data-comments-opened=\"1\" data-image-meta=\"{&quot;aperture&quot;:&quot;0&quot;,&quot;credit&quot;:&quot;&quot;,&quot;camera&quot;:&quot;&quot;,&quot;caption&quot;:&quot;&quot;,&quot;created_timestamp&quot;:&quot;0&quot;,&quot;copyright&quot;:&quot;&quot;,&quot;focal_length&quot;:&quot;0&quot;,&quot;iso&quot;:&quot;0&quot;,&quot;shutter_speed&quot;:&quot;0&quot;,&quot;title&quot;:&quot;&quot;,&quot;orientation&quot;:&quot;0&quot;}\" data-image-title=\"c31a79bf-7512-4531-8a84-72c407758639 (1)\" data-image-description=\"\" data-image-caption=\"\" data-large-file=\"https:\/\/jornalrol.com.br\/wp-content\/uploads\/2024\/12\/c31a79bf-7512-4531-8a84-72c407758639-1.jpg\" src=\"http:\/\/jornalrol.com.br\/wp-content\/uploads\/2024\/12\/c31a79bf-7512-4531-8a84-72c407758639-1.jpg\" alt=\"Livros \u00e0 venda da FLAUS na Pra\u00e7a Cel. Fernando Prestes\" class=\"wp-image-71109\" style=\"width:598px;height:auto\" srcset=\"https:\/\/jornalrol.com.br\/wp-content\/uploads\/2024\/12\/c31a79bf-7512-4531-8a84-72c407758639-1.jpg 980w, https:\/\/jornalrol.com.br\/wp-content\/uploads\/2024\/12\/c31a79bf-7512-4531-8a84-72c407758639-1-768x462.jpg 768w\" sizes=\"auto, (max-width: 980px) 100vw, 980px\" \/><figcaption class=\"wp-element-caption\"><em><em>Livros \u00e0 venda da FLAUS na Pra\u00e7a Cel. Fernando Prestes<\/em><\/em><\/figcaption><\/figure>\n<\/div>\n\n\n<p>Al\u00e9m da parte presencial, a FLAUS conta com uma programa\u00e7\u00e3o virtual com entrevistas, bate-papos, palestras. Entre os inscritos est\u00e1 o jornalista Fernando Guelengue, de Angola. A FLAUS virtual pode ser apreciada nas redes sociais da Feira.<\/p>\n\n\n\n<p>Para quem quiser acompanhar a extensa programa\u00e7\u00e3o da FLAUS, seguem as atividades programadas:<\/p>\n\n\n\n<h3 class=\"wp-block-heading has-text-align-center\"><br><strong>Programa\u00e7\u00e3o da FLAUS 2024 no SESC Sorocaba<\/strong><\/h3>\n\n\n\n<p><strong>Sexta, 13<\/strong><\/p>\n\n\n\n<p>14 h \u2013 Abertura com entrega de trof\u00e9us e lan\u00e7amento da Colet\u00e2nea do IV Concurso Liter\u00e1rio da FLAUS, livro &#8220;Destaques do Concurso Liter\u00e1rio da FLAUS&#8221; com Juliete Vasconcelos. Entrega da placa ao homenageado da FLAUS do ano 2024, escritor S\u00e9rgio Coelho de Oliveira (Sala de Oficinas).<\/p>\n\n\n\n<p>15 h \u2013 Oficina de Macram\u00e9 com Gismara Capellari (Sala de Oficinas).<\/p>\n\n\n\n<p>15h30 \u2013 Lan\u00e7amento de livros: Estela Oliveira com o livro &#8220;Puricica&#8221; e Elaine Perez com o livro &#8220;Prosas Crianceiras\u201d, &#8220;Floral&#8221;, &#8220;Arvoredo&#8221; e &#8220;Sabores que alumiam a alma&#8221; (Sala de Oficinas)<\/p>\n\n\n\n<p>16 h \u2013 Projeto Ecopoesia (Conceito de Ecopoesia e contextualiza\u00e7\u00e3o do processo criativo das obras Floral e Arvoredo), com Elaine Perez (Sala de Oficinas).<\/p>\n\n\n\n<p>17 h \u2013 Conta\u00e7\u00e3o de Hist\u00f3ria com Jhonatan Cardim (Sala de Oficinas).<\/p>\n\n\n\n<p>18 h \u2013 Palestra: \u201cA culin\u00e1ria \u00edtalo-caipira\u201d, com Heyttor Barsalini e Isamara Gouv\u00eaa (Sala de Oficinas).<\/p>\n\n\n\n<p>19 h \u2013 Lan\u00e7amento de livros: Rodrigo Barchi com os livros: &#8220;Cole\u00e7\u00e3o: Ecologias Infernais&#8221; e &#8220;M\u00fasica Extrema em Deba(r)te: saberes e pr\u00e1ticas marginais&#8221;; e Adriana Rocha Leite com o livro \u201cDiztonia\u201d (Sala de Oficinas).<\/p>\n\n\n\n<p>19h30 &#8211; Lan\u00e7amento de livros: Th\u00edfani Postali com o livro &#8220;Livro Document\u00e1rio de \u00c9tica Dial\u00f3gica&#8221; e Tania Orsi com o livro &#8220;Chiado no Div\u00e3&#8221; (Sala de Oficinas).<\/p>\n\n\n\n<p><strong>S\u00e1bado, 14<\/strong><\/p>\n\n\n\n<p>10h30 \u2013 Oficina de Pintura em pedras e garrafas com Eliane Di Santi (Sala de Oficinas).<\/p>\n\n\n\n<p>10h30 \u2013 12h30 \u2013 Sarau L\u00edteromusical da FLAUS (Espa\u00e7o Conviv\u00eancia).<\/p>\n\n\n\n<p>11 h \u2013 Oficina de confec\u00e7\u00e3o de livros \u201cMeu Livro\u201d (para crian\u00e7as a partir dos 6 anos), com Ang\u00e9lica Santos Lima (Sala de Oficinas).<\/p>\n\n\n\n<p>12 h \u2013 Mesa de Debates com o tema: &#8220;Trauma, memoria e sonho&#8221;, com Matheus Rolim, autor de &#8220;Cora\u00e7\u00e3o-de-bicho&#8221; e Pedro Carvalho, editor da Cubile Editorial (Sala de Oficinas).<\/p>\n\n\n\n<p>13 h \u2013 Lan\u00e7amento de livros: Luiz Eduardo de Carvalho com os livros \u201cOs primeiros m\u00fasicos\u201d e &#8220;Bicho-da-Seda&#8221;; e Vinicius Lima Costa com o livro &#8220;A queda de um Her\u00f3i&#8221;<br>e Rakel Pinho com o livro &#8220;Meu eu&#8221; (Sala de Oficinas).<\/p>\n\n\n\n<p>13h30 \u2013 Lan\u00e7amento de livros: Eliane Wagner Thom\u00e9 e Carlos Carvalho Cavalheiro com o livro \u201cUm drag\u00e3o no mundo da lua\u201d; Lan\u00e7amento de livros: Estela Oliveira com o livro &#8220;As aventuras de BOTUM&#8221;; e Carlos Carvalho Cavalheiro com os livros \u201cNh\u00f4 Jo\u00e3o de Camargo \u2013 Hist\u00f3ria e Lendas\u201d e \u201cAndr\u00e9 e os guerreiros da Hist\u00f3ria\u201d (Sala de Oficinas).<\/p>\n\n\n\n<p>14 h \u2013 Bate-papo: \u201cO fazer liter\u00e1rio\u201d, com Jos\u00e9 Ant\u00f4nio Rosa (Sala de Oficinas).<\/p>\n\n\n\n<p>15 h \u2013 Oficina de confec\u00e7\u00e3o de cubos m\u00e1gicos com tema as 17 ODS, com Rakel Pinho (Kel Pinho) &#8211; (Sala de Oficinas).<\/p>\n\n\n\n<p>16 h &#8211; Oficina de confec\u00e7\u00e3o de filtro dos sonhos, com Cristiane Janaine Correa Alves (Sala de Oficinas).<\/p>\n\n\n\n<p>16h30 \u2013 Lan\u00e7amento de livros: Ant\u00f4nio Pontes e Jos\u00e9 Osmir Fiorelli com o livro &#8220;Tropeirismo &#8211; A Saga que Transformou o Brasil&#8221; e Guilherme de Assis Pinto com o livro &#8220;As Crias de Babalon &#8211; Contos das Abomina\u00e7\u00f5es&#8221; (Sala de Oficinas).<\/p>\n\n\n\n<p>17h \u2013 Mesa de debate sobre o livro \u201cPensar e Repensar Sorocaba\u201d, com os organizadores da obra, Bruna Bengozi, C\u00edcero Santos e Pedro Carvalho (Sala de Oficinas).<\/p>\n\n\n\n<p>18 h \u2013 Pocket Show e lan\u00e7amento do livro \u201cCrua\u201d, com Jacque Falcheti (Sala de Oficinas).<\/p>\n\n\n\n<p><strong>Domingo, 15<\/strong><\/p>\n\n\n\n<p>10h30 \u2013 Oficina \u201cComo escrever e publicar um livro infantil\u201d, com Maur\u00edcio Dell\u2019Osso (Sala de Oficinas).<\/p>\n\n\n\n<p>12 h \u2013 Lan\u00e7amento de livros: Eric Barioni e Guilherme Profeta com &#8220;O Livro das Intoxica\u00e7\u00f5es: educa\u00e7\u00e3o para a preven\u00e7\u00e3o de acidentes&#8221;, Ang\u00e9lica Santos Lima com o livro &#8220;Niel comeu amora&#8221; (Sala de Oficinas).<\/p>\n\n\n\n<p>13h \u2013 Mesa de debate &#8220;Exist\u00eancias e insurg\u00eancias LGBTs na poesia contempor\u00e2nea&#8221;, com Lucas Leandro e Hellen Franco (Sala de Oficinas).<\/p>\n\n\n\n<p>14 h \u2013 Conta\u00e7\u00e3o de Hist\u00f3rias, com Bruna Barros (Sala de Oficinas).<\/p>\n\n\n\n<p>14h30 \u2013 Lan\u00e7amento de livros: \u00c9lder Bonnaneti com o livro &#8220;O Malungo pensante e as necessidades da viv\u00eancia&#8221; e \u00c9lcio M\u00e1rio Pinto com o livro &#8220;Nh\u00f4 Bosco&#8221; (Sala de Oficinas).<\/p>\n\n\n\n<p>15 h \u2013 Oficina com jogo de or\u00e1culo sobre as princesas das Disney, com Alessandra Rodrigues (Sala de Oficinas).<\/p>\n\n\n\n<h3 class=\"wp-block-heading has-text-align-center\"><br><strong>Programa\u00e7\u00e3o da FLAUS na Pra\u00e7a Cel. Fernando Prestes, dia 21<\/strong><\/h3>\n\n\n\n<p>9 h \u2013 Abertura da Feira com exposi\u00e7\u00e3o e venda de livros<\/p>\n\n\n\n<p>9h30 \u2013 Exposi\u00e7\u00e3o de fotografias &#8220;Po\u00e9ticas do cotidiano&#8221; e roda de conversa com a professora Rosalina Burgos (Tenda de atividades)<\/p>\n\n\n\n<p>9h30 \u2013 12h30 \u2013 Sarau Literomusical da FLAUS (no Sorocaba Clube)<\/p>\n\n\n\n<p>10h \u2013 Lan\u00e7amento de Livro: Roberto das Flores com o livro \u201c30 anos de Esperan\u00e7a\u201d (Colet\u00e2nea)<\/p>\n\n\n\n<p>10h30 \u2013 Lan\u00e7amento de Livro: Jorge Facury com o livro \u201cVida de Rhand\u201d (Tenda de Atividades)<\/p>\n\n\n\n<p>13h \u2013 Lan\u00e7amento de Livro: Paulo Betti, com o livro \u201cAutobiografia Autorizada\u201d (Tenda de Atividades).<\/p>\n\n\n\n<pre class=\"wp-block-code\"><code>Durante a realiza\u00e7\u00e3o da FLAUS na Pra\u00e7a haver\u00e1 tamb\u00e9m exposi\u00e7\u00e3o e venda de artesanatos.<\/code><\/pre>\n\n\n\n<h3 class=\"wp-block-heading\"><strong>Servi\u00e7o:<\/strong><\/h3>\n\n\n\n<p>O SESC Sorocaba est\u00e1 localizado na rua Bar\u00e3o de Piratininga, 555 \u2013 Jd. Vergueiro \u2013 Sorocaba \/ SP. Telefone: (15) 3332-9933.<\/p>\n\n\n\n<p>A Pra\u00e7a Coronel Fernando Prestes est\u00e1 localizada no Centro de Sorocaba.<\/p>\n\n\n\n<p>A entrada do evento \u00e9 gratuita.<\/p>\n","protected":false},"excerpt":{"rendered":"<p>A FLAUS \u2013 Feira do Livro e Autores Sorocabanos \u00e9 uma a\u00e7\u00e3o cultural realizada na cidade de Sorocaba por iniciativa de autores independentes, com o intuito de&#8230; <\/p>\n","protected":false},"author":6,"featured_media":71106,"comment_status":"open","ping_status":"closed","sticky":false,"template":"","format":"standard","meta":{"_jetpack_newsletter_access":"","_jetpack_dont_email_post_to_subs":false,"_jetpack_newsletter_tier_id":0,"_jetpack_memberships_contains_paywalled_content":false,"_jetpack_memberships_contains_paid_content":false,"footnotes":""},"categories":[12354,10922,9285],"tags":[3978,13485],"class_list":["post-71103","post","type-post","status-publish","format-standard","has-post-thumbnail","hentry","category-eventos-literarios","category-feira-literaria","category-literatura","tag-flaus","tag-programacao-2024"],"aioseo_notices":[],"views":640,"jetpack_featured_media_url":"https:\/\/jornalrol.com.br\/wp-content\/uploads\/2024\/12\/9f902599-b734-48a6-96c5-53fcb4d48961-1536x1154-1.jpeg","jetpack_sharing_enabled":true,"jetpack_likes_enabled":true,"jetpack-related-posts":[{"id":69970,"url":"https:\/\/jornalrol.com.br\/?p=69970","url_meta":{"origin":71103,"position":0},"title":"Vem a\u00ed a 8\u00aa edi\u00e7\u00e3o da FLAUS!","author":"Sergio Diniz da Costa","date":"7 de outubro de 2024","format":false,"excerpt":"A 8\u00aa edi\u00e7\u00e3o da FLAUS (Feira do Livro e Autores Sorocabanos) j\u00e1 tem data marcada e as inscri\u00e7\u00f5es para participa\u00e7\u00e3o est\u00e3o abertas!","rel":"","context":"Em &quot;Arte&quot;","block_context":{"text":"Arte","link":"https:\/\/jornalrol.com.br\/?cat=9286"},"img":{"alt_text":"A 8\u00aa edi\u00e7\u00e3o da FLAUS (Feira do Livro e Autores Sorocabanos) j\u00e1 tem data marcada e as inscri\u00e7\u00f5es para participa\u00e7\u00e3o est\u00e3o abertas!","src":"https:\/\/i0.wp.com\/jornalrol.com.br\/wp-content\/uploads\/2024\/10\/9f902599-b734-48a6-96c5-53fcb4d48961.jpeg?resize=350%2C200&ssl=1","width":350,"height":200,"srcset":"https:\/\/i0.wp.com\/jornalrol.com.br\/wp-content\/uploads\/2024\/10\/9f902599-b734-48a6-96c5-53fcb4d48961.jpeg?resize=350%2C200&ssl=1 1x, https:\/\/i0.wp.com\/jornalrol.com.br\/wp-content\/uploads\/2024\/10\/9f902599-b734-48a6-96c5-53fcb4d48961.jpeg?resize=525%2C300&ssl=1 1.5x, https:\/\/i0.wp.com\/jornalrol.com.br\/wp-content\/uploads\/2024\/10\/9f902599-b734-48a6-96c5-53fcb4d48961.jpeg?resize=700%2C400&ssl=1 2x, https:\/\/i0.wp.com\/jornalrol.com.br\/wp-content\/uploads\/2024\/10\/9f902599-b734-48a6-96c5-53fcb4d48961.jpeg?resize=1050%2C600&ssl=1 3x, https:\/\/i0.wp.com\/jornalrol.com.br\/wp-content\/uploads\/2024\/10\/9f902599-b734-48a6-96c5-53fcb4d48961.jpeg?resize=1400%2C800&ssl=1 4x"},"classes":[]},{"id":63196,"url":"https:\/\/jornalrol.com.br\/?p=63196","url_meta":{"origin":71103,"position":1},"title":"SESC Sorocaba recebe a FLAUS em dezembro","author":"Sergio Diniz da Costa","date":"20 de novembro de 2023","format":false,"excerpt":"A FLAUS \u2013 Feira do Livro e Autores Sorocabanos ter\u00e1 uma edi\u00e7\u00e3o especial este ano de 2023, dentro de uma cess\u00e3o de espa\u00e7o do SESC Sorocaba. Em sua 7\u00aa edi\u00e7\u00e3o...","rel":"","context":"Em &quot;Feira Liter\u00e1ria&quot;","block_context":{"text":"Feira Liter\u00e1ria","link":"https:\/\/jornalrol.com.br\/?cat=10922"},"img":{"alt_text":"FLAUS - Feira do Livro de autores Sorocabanos","src":"https:\/\/i0.wp.com\/jornalrol.com.br\/wp-content\/uploads\/2023\/11\/d2c7f3a5-b076-4e59-bd78-5c6ccca639e8.jpg?resize=350%2C200&ssl=1","width":350,"height":200,"srcset":"https:\/\/i0.wp.com\/jornalrol.com.br\/wp-content\/uploads\/2023\/11\/d2c7f3a5-b076-4e59-bd78-5c6ccca639e8.jpg?resize=350%2C200&ssl=1 1x, https:\/\/i0.wp.com\/jornalrol.com.br\/wp-content\/uploads\/2023\/11\/d2c7f3a5-b076-4e59-bd78-5c6ccca639e8.jpg?resize=525%2C300&ssl=1 1.5x, https:\/\/i0.wp.com\/jornalrol.com.br\/wp-content\/uploads\/2023\/11\/d2c7f3a5-b076-4e59-bd78-5c6ccca639e8.jpg?resize=700%2C400&ssl=1 2x"},"classes":[]},{"id":52613,"url":"https:\/\/jornalrol.com.br\/?p=52613","url_meta":{"origin":71103,"position":2},"title":"VI Edi\u00e7\u00e3o da FLAUS j\u00e1 tem data marcada e as inscri\u00e7\u00f5es para participa\u00e7\u00e3o est\u00e3o abertas!","author":"Sergio Diniz da Costa","date":"13 de novembro de 2022","format":false,"excerpt":"\u00a0 A FLAUS - Feira do Livro e Autores Sorocabanos - est\u00e1 na VI edi\u00e7\u00e3o e est\u00e1 aberta a escritores e demais artistas de Sorocaba e regi\u00e3o, que queiram expor e vender durante o evento A Feira do Livro e Autores Sorocabanos (FLAUS) acontece desde 2017, por iniciativa do autor\u2026","rel":"","context":"Em &quot;Comunica\u00e7\u00e3o&quot;","block_context":{"text":"Comunica\u00e7\u00e3o","link":"https:\/\/jornalrol.com.br\/?cat=7"},"img":{"alt_text":"","src":"https:\/\/i0.wp.com\/jornalrol.com.br\/wp-content\/uploads\/2022\/11\/logo-flaus-oficial-2-300x300.png?resize=350%2C200","width":350,"height":200},"classes":[]},{"id":77174,"url":"https:\/\/jornalrol.com.br\/?p=77174","url_meta":{"origin":71103,"position":3},"title":"Paj\u00e9 Pitot\u00f3","author":"Sergio Diniz da Costa","date":"8 de dezembro de 2025","format":false,"excerpt":"O paj\u00e9 Pitot\u00f3 estar\u00e1 presente na 9\u00aa edi\u00e7\u00e3o da FLAUS \u2013 Feira do Livro e Autores Sorocabanos, que acontece de 12 a 14 de dezembro, no SESC Sorocaba.","rel":"","context":"Em &quot;Sem categoria&quot;","block_context":{"text":"Sem categoria","link":"https:\/\/jornalrol.com.br\/?cat=1"},"img":{"alt_text":"Paj\u00e9 Pitot\u00f3 - Divulga\u00e7\u00e3o","src":"https:\/\/i0.wp.com\/jornalrol.com.br\/wp-content\/uploads\/2025\/12\/2d002691-2f36-4960-a79d-150379416498.jpg?resize=350%2C200&ssl=1","width":350,"height":200,"srcset":"https:\/\/i0.wp.com\/jornalrol.com.br\/wp-content\/uploads\/2025\/12\/2d002691-2f36-4960-a79d-150379416498.jpg?resize=350%2C200&ssl=1 1x, https:\/\/i0.wp.com\/jornalrol.com.br\/wp-content\/uploads\/2025\/12\/2d002691-2f36-4960-a79d-150379416498.jpg?resize=525%2C300&ssl=1 1.5x"},"classes":[]},{"id":46519,"url":"https:\/\/jornalrol.com.br\/?p=46519","url_meta":{"origin":71103,"position":4},"title":"5\u00aa Edi\u00e7\u00e3o da FLAUS est\u00e1 com as inscri\u00e7\u00f5es abertas para participa\u00e7\u00e3o","author":"Sergio Diniz da Costa","date":"18 de novembro de 2021","format":false,"excerpt":"A\u00a0 5\u00aa edi\u00e7\u00e3o da FLAUS - Feira do Livro e Autores Sorocabanos j\u00e1 tem data marcada e as\u00a0inscri\u00e7\u00f5es para a participa\u00e7\u00e3o\u00a0v\u00e3o at\u00e9 o dia 23 de novembro A 5\u00aa edi\u00e7\u00e3o da FLAUS - Feira do Livro e Autores Sorocabanos, realizada pelo Grupo de Autores Sorocabanos,\u00a0 j\u00e1 tem data marcada e\u2026","rel":"","context":"Em &quot;Comunica\u00e7\u00e3o&quot;","block_context":{"text":"Comunica\u00e7\u00e3o","link":"https:\/\/jornalrol.com.br\/?cat=7"},"img":{"alt_text":"","src":"https:\/\/i0.wp.com\/jornalrol.com.br\/wp-content\/uploads\/2021\/11\/6c3b582d-fac0-4d0a-b693-0ef9f7c57e7f.jpg?resize=350%2C200&ssl=1","width":350,"height":200,"srcset":"https:\/\/i0.wp.com\/jornalrol.com.br\/wp-content\/uploads\/2021\/11\/6c3b582d-fac0-4d0a-b693-0ef9f7c57e7f.jpg?resize=350%2C200&ssl=1 1x, https:\/\/i0.wp.com\/jornalrol.com.br\/wp-content\/uploads\/2021\/11\/6c3b582d-fac0-4d0a-b693-0ef9f7c57e7f.jpg?resize=525%2C300&ssl=1 1.5x, https:\/\/i0.wp.com\/jornalrol.com.br\/wp-content\/uploads\/2021\/11\/6c3b582d-fac0-4d0a-b693-0ef9f7c57e7f.jpg?resize=700%2C400&ssl=1 2x, https:\/\/i0.wp.com\/jornalrol.com.br\/wp-content\/uploads\/2021\/11\/6c3b582d-fac0-4d0a-b693-0ef9f7c57e7f.jpg?resize=1050%2C600&ssl=1 3x"},"classes":[]},{"id":75867,"url":"https:\/\/jornalrol.com.br\/?p=75867","url_meta":{"origin":71103,"position":5},"title":"9\u00aa edi\u00e7\u00e3o da FLAUS","author":"Sergio Diniz da Costa","date":"26 de setembro de 2025","format":false,"excerpt":"\u00c9 escritor independente? Inscreva-se na FLAUS! Al\u00e9m de vender seus livros, voc\u00ea pode participar de: lan\u00e7amentos, sess\u00e3o de aut\u00f3grafos, rodas de conversa...","rel":"","context":"Em &quot;Feira Liter\u00e1ria&quot;","block_context":{"text":"Feira Liter\u00e1ria","link":"https:\/\/jornalrol.com.br\/?cat=10922"},"img":{"alt_text":"Logo da FLAUS","src":"https:\/\/i0.wp.com\/jornalrol.com.br\/wp-content\/uploads\/2024\/07\/IV-Concurso-Literario-FLAUS-Sorocaba-1.jpg?resize=350%2C200&ssl=1","width":350,"height":200,"srcset":"https:\/\/i0.wp.com\/jornalrol.com.br\/wp-content\/uploads\/2024\/07\/IV-Concurso-Literario-FLAUS-Sorocaba-1.jpg?resize=350%2C200&ssl=1 1x, https:\/\/i0.wp.com\/jornalrol.com.br\/wp-content\/uploads\/2024\/07\/IV-Concurso-Literario-FLAUS-Sorocaba-1.jpg?resize=525%2C300&ssl=1 1.5x, https:\/\/i0.wp.com\/jornalrol.com.br\/wp-content\/uploads\/2024\/07\/IV-Concurso-Literario-FLAUS-Sorocaba-1.jpg?resize=700%2C400&ssl=1 2x"},"classes":[]}],"_links":{"self":[{"href":"https:\/\/jornalrol.com.br\/index.php?rest_route=\/wp\/v2\/posts\/71103","targetHints":{"allow":["GET"]}}],"collection":[{"href":"https:\/\/jornalrol.com.br\/index.php?rest_route=\/wp\/v2\/posts"}],"about":[{"href":"https:\/\/jornalrol.com.br\/index.php?rest_route=\/wp\/v2\/types\/post"}],"author":[{"embeddable":true,"href":"https:\/\/jornalrol.com.br\/index.php?rest_route=\/wp\/v2\/users\/6"}],"replies":[{"embeddable":true,"href":"https:\/\/jornalrol.com.br\/index.php?rest_route=%2Fwp%2Fv2%2Fcomments&post=71103"}],"version-history":[{"count":7,"href":"https:\/\/jornalrol.com.br\/index.php?rest_route=\/wp\/v2\/posts\/71103\/revisions"}],"predecessor-version":[{"id":71117,"href":"https:\/\/jornalrol.com.br\/index.php?rest_route=\/wp\/v2\/posts\/71103\/revisions\/71117"}],"wp:featuredmedia":[{"embeddable":true,"href":"https:\/\/jornalrol.com.br\/index.php?rest_route=\/wp\/v2\/media\/71106"}],"wp:attachment":[{"href":"https:\/\/jornalrol.com.br\/index.php?rest_route=%2Fwp%2Fv2%2Fmedia&parent=71103"}],"wp:term":[{"taxonomy":"category","embeddable":true,"href":"https:\/\/jornalrol.com.br\/index.php?rest_route=%2Fwp%2Fv2%2Fcategories&post=71103"},{"taxonomy":"post_tag","embeddable":true,"href":"https:\/\/jornalrol.com.br\/index.php?rest_route=%2Fwp%2Fv2%2Ftags&post=71103"}],"curies":[{"name":"wp","href":"https:\/\/api.w.org\/{rel}","templated":true}]}}