{"id":71444,"date":"2025-01-06T09:33:00","date_gmt":"2025-01-06T12:33:00","guid":{"rendered":"https:\/\/jornalrol.com.br\/?p=71444"},"modified":"2025-01-06T08:33:38","modified_gmt":"2025-01-06T11:33:38","slug":"premio-laurel-verbum-de-literatura-de-entretenimento","status":"publish","type":"post","link":"https:\/\/jornalrol.com.br\/?p=71444","title":{"rendered":"Pr\u00eamio Laurel\u00a0Verbum de Literatura de Entretenimento"},"content":{"rendered":"<div class=\"pdfprnt-buttons pdfprnt-buttons-post pdfprnt-top-right\"><a href=\"https:\/\/jornalrol.com.br\/index.php?rest_route=%2Fwp%2Fv2%2Fposts%2F71444&print=pdf\" class=\"pdfprnt-button pdfprnt-button-pdf\" target=\"_blank\" ><\/a><a href=\"https:\/\/jornalrol.com.br\/index.php?rest_route=%2Fwp%2Fv2%2Fposts%2F71444&print=print\" class=\"pdfprnt-button pdfprnt-button-print\" target=\"_blank\" ><img decoding=\"async\" src=\"https:\/\/jornalrol.com.br\/wp-content\/plugins\/pdf-print\/images\/print.png\" alt=\"image_print\" title=\"Conte\u00fado de impress\u00e3o\" \/><\/a><\/div>\n<h2 class=\"wp-block-heading has-text-align-center\">As inscri\u00e7\u00f5es para o <em>Pr\u00eamio Laurel Verbum Literatura de Entretenimento 2025<\/em> est\u00e3o abertas at\u00e9 o dia 31 de janeiro de 2025<br><br><\/h2>\n\n\n<div class=\"wp-block-image\">\n<figure class=\"aligncenter size-full is-resized\"><img loading=\"lazy\" decoding=\"async\" width=\"526\" height=\"526\" data-attachment-id=\"71445\" data-permalink=\"https:\/\/jornalrol.com.br\/?attachment_id=71445\" data-orig-file=\"https:\/\/jornalrol.com.br\/wp-content\/uploads\/2025\/01\/472163252_3443165709147797_7451479283973758719_n.jpg\" data-orig-size=\"526,526\" data-comments-opened=\"1\" data-image-meta=\"{&quot;aperture&quot;:&quot;0&quot;,&quot;credit&quot;:&quot;&quot;,&quot;camera&quot;:&quot;&quot;,&quot;caption&quot;:&quot;&quot;,&quot;created_timestamp&quot;:&quot;0&quot;,&quot;copyright&quot;:&quot;&quot;,&quot;focal_length&quot;:&quot;0&quot;,&quot;iso&quot;:&quot;0&quot;,&quot;shutter_speed&quot;:&quot;0&quot;,&quot;title&quot;:&quot;&quot;,&quot;orientation&quot;:&quot;0&quot;}\" data-image-title=\"472163252_3443165709147797_7451479283973758719_n\" data-image-description=\"\" data-image-caption=\"\" data-large-file=\"https:\/\/jornalrol.com.br\/wp-content\/uploads\/2025\/01\/472163252_3443165709147797_7451479283973758719_n.jpg\" src=\"https:\/\/jornalrol.com.br\/wp-content\/uploads\/2025\/01\/472163252_3443165709147797_7451479283973758719_n.jpg\" alt=\"Card do Pr\u00eamio Laurel Verbum Literatura de Entreterimento\" class=\"wp-image-71445\" style=\"width:386px;height:auto\"\/><figcaption class=\"wp-element-caption\"><em>Card do Pr\u00eamio Laurel Verbum Literatura de Entretenimento<\/em><\/figcaption><\/figure>\n<\/div>\n\n\n<p>O <strong>Pr\u00eamio Laurel Verbum de\u00a0Literatura de Entretenimento<\/strong> \u00e9 uma iniciativa que visa reconhecer e celebrar novos talentos de obras liter\u00e1rias que iluminam a sociedade, inspiram reflex\u00e3o e promovem mudan\u00e7as positivas.<\/p>\n\n\n\n<p>A miss\u00e3o do pr\u00eamio \u00e9 descobrir e reconhecer escritores que, atrav\u00e9s de suas palavras, contribuem para uma sociedade mais justa, igualit\u00e1ria e compassiva. O objetivo \u00e9 incentivar a cria\u00e7\u00e3o liter\u00e1ria que desafia os leitores a pensar criticamente sobre os desafios do mundo contempor\u00e2neo e que inspira a\u00e7\u00f5es concretas para melhorar a vida das pessoas e do planeta. <\/p>\n\n\n\n<p><strong>O Pr\u00eamio tem os seguintes objetivos:<\/strong><br><br>1. Reconhecer e premiar obras liter\u00e1rias que abordam temas sociais relevantes, como justi\u00e7a, igualdade, direitos humanos, meio ambiente e diversidade.<br><br>2. Incentivar a cria\u00e7\u00e3o liter\u00e1ria que promova a reflex\u00e3o cr\u00edtica e a a\u00e7\u00e3o positiva.<br><br>3. Fomentar o di\u00e1logo entre escritores, leitores e a sociedade em geral sobre quest\u00f5es sociais importantes.<br><br>4. Descobrir e apoiar novos talentos liter\u00e1rios que contribuam para a renova\u00e7\u00e3o da literatura contempor\u00e2nea.<\/p>\n\n\n\n<p><strong>CATEGORIAS PREMIADAS<\/strong><\/p>\n\n\n\n<p>1. &nbsp;<strong>Romance de Entretenimento (rom\u00e2ntico, chick-lit, er\u00f3tico, romance de \u00e9poca e subg\u00eaneros)<\/strong>: Esta categoria celebra hist\u00f3rias envolventes que exploram o amor e as rela\u00e7\u00f5es humanas em suas diversas formas, indo do rom\u00e2ntico ao chick-lit, do er\u00f3tico ao romance de \u00e9poca, com tramas leves, emocionantes e irresist\u00edveis.<br><br>2. &nbsp;<strong>Fantasia e Fic\u00e7\u00e3o Cient\u00edfica (distopias, romantasias, fantasia urbana e subg\u00eaneros)<\/strong>: obras que desafiam a realidade, explorando mundos m\u00e1gicos, futuros dist\u00f3picos, romances fant\u00e1sticos e universos urbanos repletos de mist\u00e9rio e imagina\u00e7\u00e3o. Narrativas onde o imposs\u00edvel ganha vida.<br><br>3. &nbsp;<strong>Suspense (policial, horror, thriller, detetivesco, body horror, horror c\u00f3smico e subg\u00eaneros)<\/strong>: que prendem a respira\u00e7\u00e3o e aceleram o cora\u00e7\u00e3o, explorando mist\u00e9rios, crimes, terrores e amea\u00e7as sobrenaturais\/ou reais&nbsp; com reviravoltas surpreendentes e tens\u00e3o constante. <br><br>4. &nbsp;<strong>Literatura Infanto-juvenil de Entretenimento<\/strong>: obras criativas e envolventes que capturam a imagina\u00e7\u00e3o, oferecendo divers\u00e3o, aventuras inesquec\u00edveis e li\u00e7\u00f5es cativantes de forma leve e empolgante para crian\u00e7as e jovens, direcionada \u00e0 faixa et\u00e1ria de 8 a 13 anos. \u200b<\/p>\n\n\n\n<p>5. &nbsp;<strong>Jornalismo de Entretenimento<\/strong>: obras que informam e encantam, unindo criatividade e precis\u00e3o para destacar o melhor da cultura, artes e entretenimento. \u200b<\/p>\n\n\n\n<p>6. &nbsp;<strong>Aventura de Entretenimento (a\u00e7\u00e3o, romances hist\u00f3ricos, guerra, fic\u00e7\u00e3o crist\u00e3, fic\u00e7\u00e3o religiosa)<\/strong>: obras eletrizantes que transportam o leitor para jornadas cheias de desafios, descobertas e a\u00e7\u00e3o. Uma celebra\u00e7\u00e3o do esp\u00edrito de explora\u00e7\u00e3o e coragem.<\/p>\n\n\n\n<p>\u2705 <strong>Quem pode participar?<\/strong><br>Autores que tenham obras publicadas ou F\u00edsica ou Virtual no g\u00eanero de entretenimento.<\/p>\n\n\n\n<p>\ud83d\udcc5 Inscri\u00e7\u00f5es abertas at\u00e9: 31\/01\/2015.<\/p>\n\n\n\n<p>\ud83c\udfc6 <strong>Por que participar?<\/strong><\/p>\n\n\n\n<p>Premia\u00e7\u00e3o especial no Teatro UMC.<br><br>Reconhecimento no cen\u00e1rio liter\u00e1rio.<br><br>Uma oportunidade de dar destaque \u00e0 sua obra!<br><br>\ud83d\udccc <strong>Como se inscrever?<\/strong><br><br>Acesse o link na bio e envie sua inscri\u00e7\u00e3o agora mesmo. N\u00e3o perca essa oportunidade de fazer sua hist\u00f3ria brilhar!<\/p>\n\n\n\n<p>\ud83d\udcd6 Venha fazer parte desse grande momento para a literatura!<\/p>\n\n\n\n<p><a href=\"http:\/\/laurelverbum.com\" title=\"laurelverbum.com\">laurelverbum.com<\/a><\/p>\n\n\n\n<p><br><a href=\"https:\/\/jornalrol.com.br\/\" title=\"Voltar\">Voltar<\/a><\/p>\n\n\n\n<p><a href=\"https:\/\/www.facebook.com\/JCulturalRol\/\" title=\"Facebook\">Facebook<\/a><\/p>\n\n\n\n<p>\u200b<br><br><\/p>\n\n\n\n<p><\/p>\n\n\n\n<h2 class=\"wp-block-heading\"><br><br><br><br><\/h2>\n","protected":false},"excerpt":{"rendered":"<p>O 1\u00ba Pr\u00eamio Laurel Verbum de Literatura de Entretenimento \u00e9 uma iniciativa que visa reconhecer novos talentos de obras liter\u00e1rias que iluminam a sociedade&#8230;<\/p>\n","protected":false},"author":6,"featured_media":71445,"comment_status":"open","ping_status":"closed","sticky":false,"template":"","format":"standard","meta":{"_jetpack_newsletter_access":"","_jetpack_dont_email_post_to_subs":false,"_jetpack_newsletter_tier_id":0,"_jetpack_memberships_contains_paywalled_content":false,"_jetpack_memberships_contains_paid_content":false,"footnotes":""},"categories":[9285,11794],"tags":[13568,4594],"class_list":["post-71444","post","type-post","status-publish","format-standard","has-post-thumbnail","hentry","category-literatura","category-premio","tag-1o-premio-laurel-verbum-de-literatura-de-entretenimento","tag-inscricoes"],"aioseo_notices":[],"views":1798,"jetpack_featured_media_url":"https:\/\/jornalrol.com.br\/wp-content\/uploads\/2025\/01\/472163252_3443165709147797_7451479283973758719_n.jpg","jetpack_sharing_enabled":true,"jetpack_likes_enabled":true,"jetpack-related-posts":[{"id":78161,"url":"https:\/\/jornalrol.com.br\/?p=78161","url_meta":{"origin":71444,"position":0},"title":"II Pr\u00eamio Laurel de Literatura","author":"Sergio Diniz da Costa","date":"30 de janeiro de 2026","format":false,"excerpt":"O Pr\u00eamio Laurel Verbum de Literatura de Entretenimento \u00e9 uma iniciativa dedicada a descobrir e consagrar talentos liter\u00e1rios, celebrando obras que cativam...","rel":"","context":"Em &quot;Antologia&quot;","block_context":{"text":"Antologia","link":"https:\/\/jornalrol.com.br\/?cat=9282"},"img":{"alt_text":"Card do II Pr\u00eamio Laurel Verbum de Literatura de Entretenimento","src":"https:\/\/i0.wp.com\/jornalrol.com.br\/wp-content\/uploads\/2026\/01\/a8e9e85f-317d-4104-b84d-c56ec112a838.jpg?resize=350%2C200&ssl=1","width":350,"height":200,"srcset":"https:\/\/i0.wp.com\/jornalrol.com.br\/wp-content\/uploads\/2026\/01\/a8e9e85f-317d-4104-b84d-c56ec112a838.jpg?resize=350%2C200&ssl=1 1x, https:\/\/i0.wp.com\/jornalrol.com.br\/wp-content\/uploads\/2026\/01\/a8e9e85f-317d-4104-b84d-c56ec112a838.jpg?resize=525%2C300&ssl=1 1.5x, https:\/\/i0.wp.com\/jornalrol.com.br\/wp-content\/uploads\/2026\/01\/a8e9e85f-317d-4104-b84d-c56ec112a838.jpg?resize=700%2C400&ssl=1 2x, https:\/\/i0.wp.com\/jornalrol.com.br\/wp-content\/uploads\/2026\/01\/a8e9e85f-317d-4104-b84d-c56ec112a838.jpg?resize=1050%2C600&ssl=1 3x"},"classes":[]},{"id":68019,"url":"https:\/\/jornalrol.com.br\/?p=68019","url_meta":{"origin":71444,"position":1},"title":"Pr\u00eamio Caminhos da Literatura\u00a0","author":"Sergio Diniz da Costa","date":"12 de julho de 2024","format":false,"excerpt":"O Pr\u00eamio Caminhos da Literatura representa uma iniciativa inovadora e inspiradora no cen\u00e1rio liter\u00e1rio brasileiro. O pr\u00eamio busca identificar, publicar e...","rel":"","context":"Em &quot;Literatura&quot;","block_context":{"text":"Literatura","link":"https:\/\/jornalrol.com.br\/?cat=9285"},"img":{"alt_text":"Pr\u00eamio Caminhos da Literatura","src":"https:\/\/i0.wp.com\/jornalrol.com.br\/wp-content\/uploads\/2024\/07\/premio-caminhos-de-literatura.jpg?resize=350%2C200&ssl=1","width":350,"height":200,"srcset":"https:\/\/i0.wp.com\/jornalrol.com.br\/wp-content\/uploads\/2024\/07\/premio-caminhos-de-literatura.jpg?resize=350%2C200&ssl=1 1x, https:\/\/i0.wp.com\/jornalrol.com.br\/wp-content\/uploads\/2024\/07\/premio-caminhos-de-literatura.jpg?resize=525%2C300&ssl=1 1.5x, https:\/\/i0.wp.com\/jornalrol.com.br\/wp-content\/uploads\/2024\/07\/premio-caminhos-de-literatura.jpg?resize=700%2C400&ssl=1 2x, https:\/\/i0.wp.com\/jornalrol.com.br\/wp-content\/uploads\/2024\/07\/premio-caminhos-de-literatura.jpg?resize=1050%2C600&ssl=1 3x"},"classes":[]},{"id":75812,"url":"https:\/\/jornalrol.com.br\/?p=75812","url_meta":{"origin":71444,"position":2},"title":"Pr\u00e9mio\u00a0de Literatura Juvenil Ferreira de Castro","author":"Sergio Diniz da Costa","date":"24 de setembro de 2025","format":false,"excerpt":"Est\u00e3o abertas at\u00e9 02-12-2025 as inscri\u00e7\u00f5es para Pr\u00e9mio Nacional de Literatura Juvenil Ferreira Castro - 44\u00aa Edi\u00e7\u00e3o, uma iniciativa liter\u00e1ria organizada por...","rel":"","context":"Em &quot;Concurso liter\u00e1rio&quot;","block_context":{"text":"Concurso liter\u00e1rio","link":"https:\/\/jornalrol.com.br\/?cat=10683"},"img":{"alt_text":"Pr\u00e9mio\u00a0de Literatura Juvenil Ferreira de Castro","src":"https:\/\/i0.wp.com\/jornalrol.com.br\/wp-content\/uploads\/2025\/09\/44a-Edicao-do-Premio-Nacional-de-Literatura-Juvenil-Ferreira.webp?resize=350%2C200&ssl=1","width":350,"height":200,"srcset":"https:\/\/i0.wp.com\/jornalrol.com.br\/wp-content\/uploads\/2025\/09\/44a-Edicao-do-Premio-Nacional-de-Literatura-Juvenil-Ferreira.webp?resize=350%2C200&ssl=1 1x, https:\/\/i0.wp.com\/jornalrol.com.br\/wp-content\/uploads\/2025\/09\/44a-Edicao-do-Premio-Nacional-de-Literatura-Juvenil-Ferreira.webp?resize=525%2C300&ssl=1 1.5x, https:\/\/i0.wp.com\/jornalrol.com.br\/wp-content\/uploads\/2025\/09\/44a-Edicao-do-Premio-Nacional-de-Literatura-Juvenil-Ferreira.webp?resize=700%2C400&ssl=1 2x"},"classes":[]},{"id":18286,"url":"https:\/\/jornalrol.com.br\/?p=18286","url_meta":{"origin":71444,"position":3},"title":"FlinkSampa prorroga prazo de inscri\u00e7\u00e3o para Pr\u00eamio Jovem Negro de Literatura","author":"Sergio Diniz da Costa","date":"12 de maio de 2018","format":false,"excerpt":"A FlinkSampa \u00a0comunica a prorroga\u00e7\u00e3o do per\u00edodo de inscri\u00e7\u00f5es para o Pr\u00eamio Jovem Negro de Literatura 2018. As inscri\u00e7\u00f5es dever\u00e3o ser realizadas at\u00e9 o dia 30 de junho de 2018 \u00a0 A FlinkSampa \u00a0comunica a prorroga\u00e7\u00e3o do per\u00edodo de inscri\u00e7\u00f5es para o Pr\u00eamio Jovem Negro de Literatura 2018. As inscri\u00e7\u00f5es\u2026","rel":"","context":"Em &quot;Comunica\u00e7\u00e3o&quot;","block_context":{"text":"Comunica\u00e7\u00e3o","link":"https:\/\/jornalrol.com.br\/?cat=7"},"img":{"alt_text":"","src":"https:\/\/i0.wp.com\/www.jornalrol.com.br\/wp-content\/uploads\/2018\/05\/unnamed-1-300x147.png?resize=350%2C200","width":350,"height":200},"classes":[]},{"id":77869,"url":"https:\/\/jornalrol.com.br\/?p=77869","url_meta":{"origin":71444,"position":4},"title":"II Pr\u00eamio Personalidades Liter\u00e1rias e Culturais do Ano 2025","author":"Sergio Diniz da Costa","date":"15 de janeiro de 2026","format":false,"excerpt":"A escritora, poeta, professora e consultora liter\u00e1ria Priscila Mancussi foi uma das vencedoras do II Pr\u00eamio Personalidades Liter\u00e1rias e Culturais do Ano 2025","rel":"","context":"Em &quot;Concurso liter\u00e1rio&quot;","block_context":{"text":"Concurso liter\u00e1rio","link":"https:\/\/jornalrol.com.br\/?cat=10683"},"img":{"alt_text":"II Pr\u00eamio Personalidades Liter\u00e1rias e Culturais do Ano 2025 - Foto divulga\u00e7\u00e3o Editora Holandas","src":"https:\/\/i0.wp.com\/jornalrol.com.br\/wp-content\/uploads\/2026\/01\/e28d9e10-fdb0-4048-b0d8-71453a43f836.jpg?resize=350%2C200&ssl=1","width":350,"height":200,"srcset":"https:\/\/i0.wp.com\/jornalrol.com.br\/wp-content\/uploads\/2026\/01\/e28d9e10-fdb0-4048-b0d8-71453a43f836.jpg?resize=350%2C200&ssl=1 1x, https:\/\/i0.wp.com\/jornalrol.com.br\/wp-content\/uploads\/2026\/01\/e28d9e10-fdb0-4048-b0d8-71453a43f836.jpg?resize=525%2C300&ssl=1 1.5x, https:\/\/i0.wp.com\/jornalrol.com.br\/wp-content\/uploads\/2026\/01\/e28d9e10-fdb0-4048-b0d8-71453a43f836.jpg?resize=700%2C400&ssl=1 2x"},"classes":[]},{"id":18205,"url":"https:\/\/jornalrol.com.br\/?p=18205","url_meta":{"origin":71444,"position":5},"title":"Pr\u00eamio Jovem Negro de Literatura","author":"Helio Rubens","date":"11 de maio de 2018","format":false,"excerpt":"FlinkSampa prorroga prazo de inscri\u00e7\u00e3o para Pr\u00eamio Jovem Negro de Literatura \u00a0 A FlinkSampa \u00a0comunica a prorroga\u00e7\u00e3o do per\u00edodo de inscri\u00e7\u00f5es para o Pr\u00eamio Jovem Negro de Literatura 2018. As inscri\u00e7\u00f5es podem ser realizadas at\u00e9 o dia 30 de junho de 2018. O Pr\u00eamio Jovem Negro de Literatura promovido pela\u2026","rel":"","context":"Em &quot;Comunica\u00e7\u00e3o&quot;","block_context":{"text":"Comunica\u00e7\u00e3o","link":"https:\/\/jornalrol.com.br\/?cat=7"},"img":{"alt_text":"","src":"","width":0,"height":0},"classes":[]}],"_links":{"self":[{"href":"https:\/\/jornalrol.com.br\/index.php?rest_route=\/wp\/v2\/posts\/71444","targetHints":{"allow":["GET"]}}],"collection":[{"href":"https:\/\/jornalrol.com.br\/index.php?rest_route=\/wp\/v2\/posts"}],"about":[{"href":"https:\/\/jornalrol.com.br\/index.php?rest_route=\/wp\/v2\/types\/post"}],"author":[{"embeddable":true,"href":"https:\/\/jornalrol.com.br\/index.php?rest_route=\/wp\/v2\/users\/6"}],"replies":[{"embeddable":true,"href":"https:\/\/jornalrol.com.br\/index.php?rest_route=%2Fwp%2Fv2%2Fcomments&post=71444"}],"version-history":[{"count":3,"href":"https:\/\/jornalrol.com.br\/index.php?rest_route=\/wp\/v2\/posts\/71444\/revisions"}],"predecessor-version":[{"id":71448,"href":"https:\/\/jornalrol.com.br\/index.php?rest_route=\/wp\/v2\/posts\/71444\/revisions\/71448"}],"wp:featuredmedia":[{"embeddable":true,"href":"https:\/\/jornalrol.com.br\/index.php?rest_route=\/wp\/v2\/media\/71445"}],"wp:attachment":[{"href":"https:\/\/jornalrol.com.br\/index.php?rest_route=%2Fwp%2Fv2%2Fmedia&parent=71444"}],"wp:term":[{"taxonomy":"category","embeddable":true,"href":"https:\/\/jornalrol.com.br\/index.php?rest_route=%2Fwp%2Fv2%2Fcategories&post=71444"},{"taxonomy":"post_tag","embeddable":true,"href":"https:\/\/jornalrol.com.br\/index.php?rest_route=%2Fwp%2Fv2%2Ftags&post=71444"}],"curies":[{"name":"wp","href":"https:\/\/api.w.org\/{rel}","templated":true}]}}