{"id":71531,"date":"2025-01-13T10:19:32","date_gmt":"2025-01-13T13:19:32","guid":{"rendered":"https:\/\/jornalrol.com.br\/?p=71531"},"modified":"2025-01-13T10:19:49","modified_gmt":"2025-01-13T13:19:49","slug":"doce-amora","status":"publish","type":"post","link":"https:\/\/jornalrol.com.br\/?p=71531","title":{"rendered":"Doce Amora"},"content":{"rendered":"<div class=\"pdfprnt-buttons pdfprnt-buttons-post pdfprnt-top-right\"><a href=\"https:\/\/jornalrol.com.br\/index.php?rest_route=%2Fwp%2Fv2%2Fposts%2F71531&print=pdf\" class=\"pdfprnt-button pdfprnt-button-pdf\" target=\"_blank\" ><\/a><a href=\"https:\/\/jornalrol.com.br\/index.php?rest_route=%2Fwp%2Fv2%2Fposts%2F71531&print=print\" class=\"pdfprnt-button pdfprnt-button-print\" target=\"_blank\" ><img decoding=\"async\" src=\"https:\/\/jornalrol.com.br\/wp-content\/plugins\/pdf-print\/images\/print.png\" alt=\"image_print\" title=\"Conte\u00fado de impress\u00e3o\" \/><\/a><\/div>\n<h2 class=\"wp-block-heading has-text-align-center\">Virg\u00ednia Assun\u00e7\u00e3o: Poema &#8216;Doce Amora&#8217;<br><br><\/h2>\n\n\n<div class=\"wp-block-image is-style-rounded\">\n<figure class=\"aligncenter size-full is-resized\"><img decoding=\"async\" data-attachment-id=\"65872\" data-permalink=\"https:\/\/jornalrol.com.br\/?attachment_id=65872\" data-orig-file=\"https:\/\/jornalrol.com.br\/wp-content\/uploads\/2024\/04\/05545343-2bc1-40e2-99c2-60e4098679e9-e1750110085724.jpg\" data-orig-size=\"500,662\" data-comments-opened=\"1\" data-image-meta=\"{&quot;aperture&quot;:&quot;0&quot;,&quot;credit&quot;:&quot;&quot;,&quot;camera&quot;:&quot;&quot;,&quot;caption&quot;:&quot;&quot;,&quot;created_timestamp&quot;:&quot;0&quot;,&quot;copyright&quot;:&quot;&quot;,&quot;focal_length&quot;:&quot;0&quot;,&quot;iso&quot;:&quot;0&quot;,&quot;shutter_speed&quot;:&quot;0&quot;,&quot;title&quot;:&quot;&quot;,&quot;orientation&quot;:&quot;0&quot;}\" data-image-title=\"05545343-2bc1-40e2-99c2-60e4098679e9\" data-image-description=\"&lt;p&gt;Virg\u00ednia Assun\u00e7\u00e3o&lt;\/p&gt;\n\" data-image-caption=\"&lt;p&gt;Virg\u00ednia Assun\u00e7\u00e3o&lt;\/p&gt;\n\" data-large-file=\"https:\/\/jornalrol.com.br\/wp-content\/uploads\/2024\/04\/05545343-2bc1-40e2-99c2-60e4098679e9-e1750110085724.jpg\" src=\"http:\/\/jornalrol.com.br\/wp-content\/uploads\/2024\/04\/05545343-2bc1-40e2-99c2-60e4098679e9.jpg\" alt=\"Virg\u00ednia Assun\u00e7\u00e3o\" class=\"wp-image-65872\" style=\"width:112px;height:auto\"\/><figcaption class=\"wp-element-caption\">Virg\u00ednia Assun\u00e7\u00e3o<\/figcaption><\/figure>\n<\/div>\n\n<div class=\"wp-block-image\">\n<figure class=\"aligncenter size-full is-resized\"><img loading=\"lazy\" decoding=\"async\" width=\"888\" height=\"1397\" data-attachment-id=\"71532\" data-permalink=\"https:\/\/jornalrol.com.br\/?attachment_id=71532\" data-orig-file=\"https:\/\/jornalrol.com.br\/wp-content\/uploads\/2025\/01\/fc218817-6d6e-47b2-b329-3410d50b9490.jpeg\" data-orig-size=\"888,1397\" data-comments-opened=\"1\" data-image-meta=\"{&quot;aperture&quot;:&quot;0&quot;,&quot;credit&quot;:&quot;&quot;,&quot;camera&quot;:&quot;&quot;,&quot;caption&quot;:&quot;&quot;,&quot;created_timestamp&quot;:&quot;0&quot;,&quot;copyright&quot;:&quot;&quot;,&quot;focal_length&quot;:&quot;0&quot;,&quot;iso&quot;:&quot;0&quot;,&quot;shutter_speed&quot;:&quot;0&quot;,&quot;title&quot;:&quot;&quot;,&quot;orientation&quot;:&quot;0&quot;}\" data-image-title=\"fc218817-6d6e-47b2-b329-3410d50b9490\" data-image-description=\"\" data-image-caption=\"\" data-large-file=\"https:\/\/jornalrol.com.br\/wp-content\/uploads\/2025\/01\/fc218817-6d6e-47b2-b329-3410d50b9490.jpeg\" src=\"https:\/\/jornalrol.com.br\/wp-content\/uploads\/2025\/01\/fc218817-6d6e-47b2-b329-3410d50b9490.jpeg\" alt=\"\" class=\"wp-image-71532\" style=\"width:202px;height:auto\" srcset=\"https:\/\/jornalrol.com.br\/wp-content\/uploads\/2025\/01\/fc218817-6d6e-47b2-b329-3410d50b9490.jpeg 888w, https:\/\/jornalrol.com.br\/wp-content\/uploads\/2025\/01\/fc218817-6d6e-47b2-b329-3410d50b9490-763x1200.jpeg 763w, https:\/\/jornalrol.com.br\/wp-content\/uploads\/2025\/01\/fc218817-6d6e-47b2-b329-3410d50b9490-768x1208.jpeg 768w\" sizes=\"auto, (max-width: 888px) 100vw, 888px\" \/><figcaption class=\"wp-element-caption\"><em>Amora. Foto por Virg\u00ednia Assun\u00e7\u00e3o<\/em><\/figcaption><\/figure>\n<\/div>\n\n\n<p class=\"has-text-align-center\">Amora, doce menina que encanta como o brotar de uma flor<br>Teu sorriso ilumina, sejam dias de chuva ou ver\u00e3o.<br>Tens nos olhos a terna meiguice e na face de anjo, o dul\u00e7or<br>\u00c9s amor que floresce no jardim do nosso cora\u00e7\u00e3o.<\/p>\n\n\n\n<p class=\"has-text-align-center\">Tua risada \u00e9 melodia, uma can\u00e7\u00e3o a nos envolver,<br>Teu abra\u00e7o, t\u00e3o quentinho, afetuoso a nos afagar<br>\u00c9s pequenina, por\u00e9m imensur\u00e1vel universo a crescer,<br>Cada instante contigo, \u00e9 o aprendizado do que \u00e9 amar.<\/p>\n\n\n\n<p class=\"has-text-align-center\">Tua ess\u00eancia \u00e9 do\u00e7ura, tuas m\u00e3ozinhas, aconchego.<br>Amora, que a todos cativa, \u00e9s infinita primavera.<br>Que a vida te guarde em caminhos de luz, paz e sossego<br>Menina amada, protagonista desta linda quimera.<\/p>\n\n\n\n<p class=\"has-text-align-center\">Que nosso Deus sopre b\u00ean\u00e7\u00e3os em tua dire\u00e7\u00e3o,<br>\u00c9s o presente do criador, nosso tesouro, nossa Amora.<br>Pequena estrela que ao c\u00e9u empresta o brilho em profus\u00e3o,<br>E as mais lindas e vibrantes cores, ao nascer da aurora.<\/p>\n\n\n\n<p class=\"has-text-align-center\"><\/p>\n\n\n\n<p class=\"has-text-align-center\"><strong>Virg\u00ednia Assun\u00e7\u00e3o<\/strong><\/p>\n\n\n\n<div class=\"wp-block-columns is-layout-flex wp-container-core-columns-is-layout-9d6595d7 wp-block-columns-is-layout-flex\">\n<div class=\"wp-block-column is-layout-flow wp-block-column-is-layout-flow\">\n<h4 class=\"wp-block-heading has-text-align-center has-luminous-vivid-amber-to-luminous-vivid-orange-gradient-background has-background\"><a href=\"https:\/\/wa.me\/79991599790\" target=\"_blank\" rel=\"noopener\" title=\"WHATSAPP\">WHATSAPP<\/a><\/h4>\n<\/div>\n\n\n\n<div class=\"wp-block-column is-layout-flow wp-block-column-is-layout-flow\">\n<h4 class=\"wp-block-heading has-text-align-center has-luminous-vivid-amber-to-luminous-vivid-orange-gradient-background has-background\"><a href=\"https:\/\/www.instagram.com\/virginiaassuncao_\/\" title=\"INSTAGRAM\">INSTAGRAM<\/a><\/h4>\n<\/div>\n<\/div>\n\n\n\n<p><a href=\"https:\/\/jornalrol.com.br\/\" title=\"Voltar\">Voltar<\/a><\/p>\n\n\n\n<p><a href=\"https:\/\/www.facebook.com\/JCulturalRol\/\" title=\"Facebook\">Facebook<\/a><\/p>\n","protected":false},"excerpt":{"rendered":"<p>Amora, doce menina que encanta como o brotar de uma flor. Teu sorriso ilumina, sejam dias de chuva ou ver\u00e3o. Tens nos olhos a terna meiguice e na face&#8230;<\/p>\n","protected":false},"author":57,"featured_media":71532,"comment_status":"open","ping_status":"closed","sticky":false,"template":"","format":"standard","meta":{"_jetpack_newsletter_access":"","_jetpack_dont_email_post_to_subs":false,"_jetpack_newsletter_tier_id":0,"_jetpack_memberships_contains_paywalled_content":false,"_jetpack_memberships_contains_paid_content":false,"footnotes":""},"categories":[9285,58],"tags":[11391,1886,2340,13603,4002,11265,13602],"class_list":["post-71531","post","type-post","status-publish","format-standard","has-post-thumbnail","hentry","category-literatura","category-poesias","tag-amora","tag-chuva","tag-coracao","tag-face-de-anjo","tag-flor","tag-jardim","tag-meiguice"],"aioseo_notices":[],"views":554,"jetpack_featured_media_url":"https:\/\/jornalrol.com.br\/wp-content\/uploads\/2025\/01\/fc218817-6d6e-47b2-b329-3410d50b9490.jpeg","jetpack_sharing_enabled":true,"jetpack_likes_enabled":true,"jetpack-related-posts":[{"id":64718,"url":"https:\/\/jornalrol.com.br\/?p=64718","url_meta":{"origin":71531,"position":0},"title":"Amora","author":"Virginia Assuncao","date":"29 de fevereiro de 2024","format":false,"excerpt":"Valiosa como um tesouro imensur\u00e1vel no amanhecer da alma, eis que surge a aurora. Raios fulgurantes, entre sonhos floridos, traz o amor adornando seu nome...","rel":"","context":"Em &quot;Literatura&quot;","block_context":{"text":"Literatura","link":"https:\/\/jornalrol.com.br\/?cat=9285"},"img":{"alt_text":"Foto encaminhada por Cl\u00e1udia Paix\u00e3o, nora da autora Virg\u00ednia Assun\u00e7\u00e3o.","src":"https:\/\/i0.wp.com\/jornalrol.com.br\/wp-content\/uploads\/2024\/02\/2cc67d84-356c-4f2d-a7e1-f8ff19ea6cbc.jpg?resize=350%2C200&ssl=1","width":350,"height":200,"srcset":"https:\/\/i0.wp.com\/jornalrol.com.br\/wp-content\/uploads\/2024\/02\/2cc67d84-356c-4f2d-a7e1-f8ff19ea6cbc.jpg?resize=350%2C200&ssl=1 1x, https:\/\/i0.wp.com\/jornalrol.com.br\/wp-content\/uploads\/2024\/02\/2cc67d84-356c-4f2d-a7e1-f8ff19ea6cbc.jpg?resize=525%2C300&ssl=1 1.5x, https:\/\/i0.wp.com\/jornalrol.com.br\/wp-content\/uploads\/2024\/02\/2cc67d84-356c-4f2d-a7e1-f8ff19ea6cbc.jpg?resize=700%2C400&ssl=1 2x"},"classes":[]},{"id":49578,"url":"https:\/\/jornalrol.com.br\/?p=49578","url_meta":{"origin":71531,"position":1},"title":"Virg\u00ednia Assun\u00e7\u00e3o: &#039;As esta\u00e7\u00f5es em n\u00f3s&#039;","author":"Virginia Assuncao","date":"5 de abril de 2022","format":false,"excerpt":"As esta\u00e7\u00f5es em n\u00f3s Todo sonho \u00e9 como a primavera,\u00a0 Florido, colorido, uma doce confus\u00e3o de perfumes\u00a0 Exalados por uma diversidade de flores,\u00a0 E uma festa de pequenos seres\u00a0 Que brindam a vida com um c\u00e1lice de mel.\u00a0 Aguardam, avidamente, pelo fulgurante e radiante ver\u00e3o\u00a0 Que vem sempre acompanhado de\u2026","rel":"","context":"Em &quot;Comunica\u00e7\u00e3o&quot;","block_context":{"text":"Comunica\u00e7\u00e3o","link":"https:\/\/jornalrol.com.br\/?cat=7"},"img":{"alt_text":"","src":"https:\/\/i0.wp.com\/jornalrol.com.br\/wp-content\/uploads\/2022\/02\/197f363b-ed31-4502-9b1f-c10c33748b1d-150x150.jpg?resize=350%2C200","width":350,"height":200},"classes":[]},{"id":52134,"url":"https:\/\/jornalrol.com.br\/?p=52134","url_meta":{"origin":71531,"position":2},"title":"Virg\u00ednia Assun\u00e7\u00e3o: &#039;O poeta que a encontrou&#039;","author":"Virginia Assuncao","date":"4 de outubro de 2022","format":false,"excerpt":"O poeta que a encontrou Lendo com os olhos do cora\u00e7\u00e3o Seus poemas t\u00e3o cheios de emo\u00e7\u00e3o, Questionou-se, querendo saber, Por que a mim ele foi escolher? Percebeu fascinada, com felicidade Suas palavras plenas de amor e lealdade. Durante a sua vida inteira Procurou fazer o bem e ser verdadeira.\u2026","rel":"","context":"Em &quot;Comunica\u00e7\u00e3o&quot;","block_context":{"text":"Comunica\u00e7\u00e3o","link":"https:\/\/jornalrol.com.br\/?cat=7"},"img":{"alt_text":"","src":"https:\/\/i0.wp.com\/jornalrol.com.br\/wp-content\/uploads\/2022\/02\/197f363b-ed31-4502-9b1f-c10c33748b1d-150x150.jpg?resize=350%2C200","width":350,"height":200},"classes":[]},{"id":56731,"url":"https:\/\/jornalrol.com.br\/?p=56731","url_meta":{"origin":71531,"position":3},"title":"A violinista","author":"Virginia Assuncao","date":"2 de junho de 2023","format":false,"excerpt":"Virg\u00ednia Assun\u00e7\u00e3o: Poema 'A violinista' Virg\u00ednia Assun\u00e7\u00e3o De olhos fechados e face ditosa Na delicadeza daquele momento Absorta, a violinista toca e levemente sorri Entoa do seu instrumento as quatro notas Sol..r\u00e9...l\u00e1...mi.... A linda dama ergue o seu arco Friccionando as cordas do seu violino Sua pr\u00f3pria ess\u00eancia dedilha o\u2026","rel":"","context":"Em &quot;Musica&quot;","block_context":{"text":"Musica","link":"https:\/\/jornalrol.com.br\/?cat=9266"},"img":{"alt_text":"","src":"https:\/\/i0.wp.com\/jornalrol.com.br\/wp-content\/uploads\/2023\/01\/381c43b1-1b77-4da5-aaa0-c8e51dde05dd-1.jpg?resize=350%2C200&ssl=1","width":350,"height":200,"srcset":"https:\/\/i0.wp.com\/jornalrol.com.br\/wp-content\/uploads\/2023\/01\/381c43b1-1b77-4da5-aaa0-c8e51dde05dd-1.jpg?resize=350%2C200&ssl=1 1x, https:\/\/i0.wp.com\/jornalrol.com.br\/wp-content\/uploads\/2023\/01\/381c43b1-1b77-4da5-aaa0-c8e51dde05dd-1.jpg?resize=525%2C300&ssl=1 1.5x, https:\/\/i0.wp.com\/jornalrol.com.br\/wp-content\/uploads\/2023\/01\/381c43b1-1b77-4da5-aaa0-c8e51dde05dd-1.jpg?resize=700%2C400&ssl=1 2x, https:\/\/i0.wp.com\/jornalrol.com.br\/wp-content\/uploads\/2023\/01\/381c43b1-1b77-4da5-aaa0-c8e51dde05dd-1.jpg?resize=1050%2C600&ssl=1 3x"},"classes":[]},{"id":71878,"url":"https:\/\/jornalrol.com.br\/?p=71878","url_meta":{"origin":71531,"position":4},"title":"Acr\u00f3stico ao meu filho amado","author":"Virginia Assuncao","date":"4 de fevereiro de 2025","format":false,"excerpt":"Deus, nesse dia especial, agraciou-me poderosamente. Vida e alegria me trouxeram imensa foi a felicidade deu-me voc\u00ea de presente. Maravilhoso, encantador...","rel":"","context":"Em &quot;Literatura&quot;","block_context":{"text":"Literatura","link":"https:\/\/jornalrol.com.br\/?cat=9285"},"img":{"alt_text":"Davi e sua m\u00e3e, Virg\u00ednia Assun\u00e7\u00e3o","src":"https:\/\/i0.wp.com\/jornalrol.com.br\/wp-content\/uploads\/2025\/02\/7a6b5be6-61db-4776-8904-0012bf301f65.jpeg?resize=350%2C200&ssl=1","width":350,"height":200,"srcset":"https:\/\/i0.wp.com\/jornalrol.com.br\/wp-content\/uploads\/2025\/02\/7a6b5be6-61db-4776-8904-0012bf301f65.jpeg?resize=350%2C200&ssl=1 1x, https:\/\/i0.wp.com\/jornalrol.com.br\/wp-content\/uploads\/2025\/02\/7a6b5be6-61db-4776-8904-0012bf301f65.jpeg?resize=525%2C300&ssl=1 1.5x, https:\/\/i0.wp.com\/jornalrol.com.br\/wp-content\/uploads\/2025\/02\/7a6b5be6-61db-4776-8904-0012bf301f65.jpeg?resize=700%2C400&ssl=1 2x, https:\/\/i0.wp.com\/jornalrol.com.br\/wp-content\/uploads\/2025\/02\/7a6b5be6-61db-4776-8904-0012bf301f65.jpeg?resize=1050%2C600&ssl=1 3x"},"classes":[]},{"id":69093,"url":"https:\/\/jornalrol.com.br\/?p=69093","url_meta":{"origin":71531,"position":5},"title":"Soneto para Paulo","author":"Virginia Assuncao","date":"30 de agosto de 2024","format":false,"excerpt":"Paulo, amado amigo e t\u00e3o querido, neste dia, meu cora\u00e7\u00e3o declama este poema, pois celebra contigo mais um ano da tua bela trama. Nossa amizade em n\u00f3s se fez...","rel":"","context":"Em &quot;Literatura&quot;","block_context":{"text":"Literatura","link":"https:\/\/jornalrol.com.br\/?cat=9285"},"img":{"alt_text":"O m\u00e9dico, acad\u00eamico e querido amigo Paulo Amado Oliveira","src":"https:\/\/i0.wp.com\/jornalrol.com.br\/wp-content\/uploads\/2024\/08\/1dc6ed87-7591-44e4-b0b7-95d57e9ffd98.jpeg?resize=350%2C200&ssl=1","width":350,"height":200,"srcset":"https:\/\/i0.wp.com\/jornalrol.com.br\/wp-content\/uploads\/2024\/08\/1dc6ed87-7591-44e4-b0b7-95d57e9ffd98.jpeg?resize=350%2C200&ssl=1 1x, https:\/\/i0.wp.com\/jornalrol.com.br\/wp-content\/uploads\/2024\/08\/1dc6ed87-7591-44e4-b0b7-95d57e9ffd98.jpeg?resize=525%2C300&ssl=1 1.5x, https:\/\/i0.wp.com\/jornalrol.com.br\/wp-content\/uploads\/2024\/08\/1dc6ed87-7591-44e4-b0b7-95d57e9ffd98.jpeg?resize=700%2C400&ssl=1 2x, https:\/\/i0.wp.com\/jornalrol.com.br\/wp-content\/uploads\/2024\/08\/1dc6ed87-7591-44e4-b0b7-95d57e9ffd98.jpeg?resize=1050%2C600&ssl=1 3x"},"classes":[]}],"_links":{"self":[{"href":"https:\/\/jornalrol.com.br\/index.php?rest_route=\/wp\/v2\/posts\/71531","targetHints":{"allow":["GET"]}}],"collection":[{"href":"https:\/\/jornalrol.com.br\/index.php?rest_route=\/wp\/v2\/posts"}],"about":[{"href":"https:\/\/jornalrol.com.br\/index.php?rest_route=\/wp\/v2\/types\/post"}],"author":[{"embeddable":true,"href":"https:\/\/jornalrol.com.br\/index.php?rest_route=\/wp\/v2\/users\/57"}],"replies":[{"embeddable":true,"href":"https:\/\/jornalrol.com.br\/index.php?rest_route=%2Fwp%2Fv2%2Fcomments&post=71531"}],"version-history":[{"count":1,"href":"https:\/\/jornalrol.com.br\/index.php?rest_route=\/wp\/v2\/posts\/71531\/revisions"}],"predecessor-version":[{"id":71533,"href":"https:\/\/jornalrol.com.br\/index.php?rest_route=\/wp\/v2\/posts\/71531\/revisions\/71533"}],"wp:featuredmedia":[{"embeddable":true,"href":"https:\/\/jornalrol.com.br\/index.php?rest_route=\/wp\/v2\/media\/71532"}],"wp:attachment":[{"href":"https:\/\/jornalrol.com.br\/index.php?rest_route=%2Fwp%2Fv2%2Fmedia&parent=71531"}],"wp:term":[{"taxonomy":"category","embeddable":true,"href":"https:\/\/jornalrol.com.br\/index.php?rest_route=%2Fwp%2Fv2%2Fcategories&post=71531"},{"taxonomy":"post_tag","embeddable":true,"href":"https:\/\/jornalrol.com.br\/index.php?rest_route=%2Fwp%2Fv2%2Ftags&post=71531"}],"curies":[{"name":"wp","href":"https:\/\/api.w.org\/{rel}","templated":true}]}}