{"id":71631,"date":"2025-01-23T12:04:52","date_gmt":"2025-01-23T15:04:52","guid":{"rendered":"https:\/\/jornalrol.com.br\/?p=71631"},"modified":"2025-01-23T12:05:01","modified_gmt":"2025-01-23T15:05:01","slug":"o-desafio-da-educacao","status":"publish","type":"post","link":"https:\/\/jornalrol.com.br\/?p=71631","title":{"rendered":"O desafio da educa\u00e7\u00e3o"},"content":{"rendered":"<div class=\"pdfprnt-buttons pdfprnt-buttons-post pdfprnt-top-right\"><a href=\"https:\/\/jornalrol.com.br\/index.php?rest_route=%2Fwp%2Fv2%2Fposts%2F71631&print=pdf\" class=\"pdfprnt-button pdfprnt-button-pdf\" target=\"_blank\" ><\/a><a href=\"https:\/\/jornalrol.com.br\/index.php?rest_route=%2Fwp%2Fv2%2Fposts%2F71631&print=print\" class=\"pdfprnt-button pdfprnt-button-print\" target=\"_blank\" ><img decoding=\"async\" src=\"https:\/\/jornalrol.com.br\/wp-content\/plugins\/pdf-print\/images\/print.png\" alt=\"image_print\" title=\"Conte\u00fado de impress\u00e3o\" \/><\/a><\/div>\n<h2 class=\"wp-block-heading has-text-align-center\">Fidel Fernando: &#8216;O desafio da educa\u00e7\u00e3o: A indisciplina como sintoma, n\u00e3o como problema&#8217;<br><br><\/h2>\n\n\n<div class=\"wp-block-image\">\n<figure class=\"aligncenter size-full is-resized\"><img loading=\"lazy\" decoding=\"async\" width=\"691\" height=\"671\" data-attachment-id=\"69528\" data-permalink=\"https:\/\/jornalrol.com.br\/?attachment_id=69528\" data-orig-file=\"https:\/\/jornalrol.com.br\/wp-content\/uploads\/2024\/09\/MG_9598-copiar-1.jpg\" data-orig-size=\"691,671\" data-comments-opened=\"1\" data-image-meta=\"{&quot;aperture&quot;:&quot;11&quot;,&quot;credit&quot;:&quot;&quot;,&quot;camera&quot;:&quot;Canon EOS 1200D&quot;,&quot;caption&quot;:&quot;&quot;,&quot;created_timestamp&quot;:&quot;1726747767&quot;,&quot;copyright&quot;:&quot;&quot;,&quot;focal_length&quot;:&quot;50&quot;,&quot;iso&quot;:&quot;800&quot;,&quot;shutter_speed&quot;:&quot;0.01&quot;,&quot;title&quot;:&quot;&quot;,&quot;orientation&quot;:&quot;1&quot;}\" data-image-title=\"_MG_9598 copiar (1)\" data-image-description=\"&lt;p&gt;Fidel Fernando&lt;\/p&gt;\n\" data-image-caption=\"&lt;p&gt;Fidel Fernando&lt;\/p&gt;\n\" data-large-file=\"https:\/\/jornalrol.com.br\/wp-content\/uploads\/2024\/09\/MG_9598-copiar-1.jpg\" src=\"http:\/\/jornalrol.com.br\/wp-content\/uploads\/2024\/09\/MG_9598-copiar-1.jpg\" alt=\"Fidel Fernando\" class=\"wp-image-69528\" style=\"width:139px;height:auto\"\/><figcaption class=\"wp-element-caption\">Fidel Fernando<\/figcaption><\/figure>\n<\/div>\n\n<div class=\"wp-block-image\">\n<figure class=\"aligncenter size-full is-resized\"><img loading=\"lazy\" decoding=\"async\" width=\"1024\" height=\"1024\" data-attachment-id=\"71634\" data-permalink=\"https:\/\/jornalrol.com.br\/?attachment_id=71634\" data-orig-file=\"https:\/\/jornalrol.com.br\/wp-content\/uploads\/2025\/01\/OIG4-1.jpeg\" data-orig-size=\"1024,1024\" data-comments-opened=\"1\" data-image-meta=\"{&quot;aperture&quot;:&quot;0&quot;,&quot;credit&quot;:&quot;&quot;,&quot;camera&quot;:&quot;&quot;,&quot;caption&quot;:&quot;&quot;,&quot;created_timestamp&quot;:&quot;0&quot;,&quot;copyright&quot;:&quot;&quot;,&quot;focal_length&quot;:&quot;0&quot;,&quot;iso&quot;:&quot;0&quot;,&quot;shutter_speed&quot;:&quot;0&quot;,&quot;title&quot;:&quot;&quot;,&quot;orientation&quot;:&quot;0&quot;}\" data-image-title=\"OIG4\" data-image-description=\"\" data-image-caption=\"\" data-large-file=\"https:\/\/jornalrol.com.br\/wp-content\/uploads\/2025\/01\/OIG4-1.jpeg\" src=\"https:\/\/jornalrol.com.br\/wp-content\/uploads\/2025\/01\/OIG4-1.jpeg\" alt=\"\" class=\"wp-image-71634\" style=\"width:374px;height:auto\" srcset=\"https:\/\/jornalrol.com.br\/wp-content\/uploads\/2025\/01\/OIG4-1.jpeg 1024w, https:\/\/jornalrol.com.br\/wp-content\/uploads\/2025\/01\/OIG4-1-600x600.jpeg 600w, https:\/\/jornalrol.com.br\/wp-content\/uploads\/2025\/01\/OIG4-1-768x768.jpeg 768w\" sizes=\"auto, (max-width: 1024px) 100vw, 1024px\" \/><figcaption class=\"wp-element-caption\"><em>Criador de Imagens por IA do Bing &#8211; 23 de janeiro de 2025,<\/em><br><em> \u00e0s 12h01<\/em><\/figcaption><\/figure>\n<\/div>\n\n\n<p class=\"has-drop-cap\">Nas salas de aula, \u00e9 cada vez mais comum testemunharmos alunos a rasgar provas, reclamando veementemente, ou at\u00e9 mesmo a chorar diante de uma nota negativa. Alguns chegam a apelar \u00e0 direc\u00e7\u00e3o escolar, alegando injusti\u00e7as, mesmo quando a prova foi previamente revisada pela coordena\u00e7\u00e3o pedag\u00f3gica. Essas atitudes revelam algo preocupante: parece que a miss\u00e3o do professor est\u00e1 a ser confundida com o desejo de agradar aos alunos a qualquer custo, muitas vezes para evitar confrontos ou descontentamentos. No entanto, o verdadeiro <a href=\"https:\/\/revistaft.com.br\/a-indisciplina-no-ambiente-escolar-possiveis-causas-desafios-e-solucoes\/\">papel do professor<\/a> vai muito al\u00e9m de ceder a caprichos.<\/p>\n\n\n\n<p>Leandro Karnal, em suas reflex\u00f5es, lembra-nos que o aluno deve ser o centro do processo de ensino. Contudo, \u00e9 crucial entender que o aluno n\u00e3o \u00e9 o problema em si, mas, sim, o comportamento que ele adopta. Assim como um m\u00e9dico n\u00e3o considera o paciente como um problema, mas, sim, a doen\u00e7a que o aflige, n\u00f3s (os educadores) devemos distinguir entre o aluno e a sua <a href=\"https:\/\/revistaft.com.br\/a-indisciplina-no-ambiente-escolar-possiveis-causas-desafios-e-solucoes\/\">indisciplina<\/a>. O desafio que enfrentamos n\u00e3o reside na figura do aluno, mas na forma como ele se comporta dentro do ambiente escolar. Neste sentido, \u00e9 fundamental &#8216;amar o pecador e odiar o pecado&#8217;, como nos ensinam os crist\u00e3os. Essa \u00e9 uma li\u00e7\u00e3o que tamb\u00e9m ecoa no trabalho pedag\u00f3gico: o foco n\u00e3o \u00e9 o aluno, mas o comportamento dele que atrapalha o ambiente de ensino e aprendizagem.<\/p>\n\n\n\n<p>Infelizmente, a quest\u00e3o da indisciplina n\u00e3o se limita a pequenos actos de rebeldia. Muitos professores relatam, com frequ\u00eancia, situa\u00e7\u00f5es em que s\u00e3o desrespeitados, desafiados e, em alguns casos extremos, at\u00e9 mesmo agredidos. Esse fen\u00f3meno demonstra que h\u00e1 algo de errado na forma como o papel do professor \u00e9 percebido hoje e, possivelmente, como as normas e os limites est\u00e3o a ser estabelecidos e aceites. A doc\u00eancia n\u00e3o se resume, de maneira alguma, em satisfazer as vontades dos alunos, tampouco ao \u02bboba-oba\u02bc. Pelo contr\u00e1rio, exige autoridade e firmeza.<\/p>\n\n\n\n<p><a href=\"https:\/\/pt.wikipedia.org\/wiki\/I%C3%A7ami_Tiba\">I\u00e7ami Tiba<\/a>, em suas reflex\u00f5es sobre educa\u00e7\u00e3o e disciplina, enfatiza a import\u00e2ncia de ensinar os jovens a lidar com frustra\u00e7\u00f5es e a respeitar os processos de avalia\u00e7\u00e3o. A escola n\u00e3o \u00e9 um ambiente onde se aplaude tudo que o aluno faz, mas, sim, onde ele \u00e9 desafiado a reconhecer o esfor\u00e7o que envolve cada tarefa, cada exame e cada correc\u00e7\u00e3o feita com rigor.<\/p>\n\n\n\n<p>Assim, como educadores, temos a miss\u00e3o de reverter esse paradigma: (i) que valoriza mais o \u02bbprazer\u02bc dos alunos do que o aprendizado real; (ii) que regista, muitas vezes, invers\u00e3o de valores, colocando o educador em uma posi\u00e7\u00e3o de subservi\u00eancia em rela\u00e7\u00e3o aos caprichos dos alunos. Precisamos trabalhar para que eles compreendam a import\u00e2ncia da responsabilidade e da disciplina. A verdadeira vit\u00f3ria na educa\u00e7\u00e3o n\u00e3o \u00e9 ver alunos felizes com notas f\u00e1ceis, mas v\u00ea-los orgulhosos de cada conquista, conscientes dos valores de respeito e empenho. Em \u00faltima an\u00e1lise, essa transforma\u00e7\u00e3o baseia-se na constru\u00e7\u00e3o de um ambiente onde a correc\u00e7\u00e3o de um erro seja vista n\u00e3o como uma afronta, mas como uma oportunidade de crescimento.<\/p>\n\n\n\n<p>Que possamos, assim, seguir na miss\u00e3o de educar, firmes em nossa postura, sem temer o desagrado tempor\u00e1rio dos alunos, pois, a exemplo dos grandes pensadores da educa\u00e7\u00e3o, \u00e9 fundamental amar o aluno, mas nunca apoiar comportamentos que n\u00e3o v\u00e3o ao encontro ao prop\u00f3sito maior da educa\u00e7\u00e3o: a forma\u00e7\u00e3o de cidad\u00e3os conscientes, respons\u00e1veis e, sobretudo, humanos.<\/p>\n\n\n\n<p class=\"has-text-align-center\"><br><strong>Fidel Fernando<\/strong><\/p>\n\n\n\n<div class=\"wp-block-columns is-layout-flex wp-container-core-columns-is-layout-9d6595d7 wp-block-columns-is-layout-flex\">\n<div class=\"wp-block-column is-layout-flow wp-block-column-is-layout-flow\">\n<h4 class=\"wp-block-heading has-text-align-center has-electric-grass-gradient-background has-background\"><a href=\"https:\/\/www.facebook.com\/fidel fernando\" target=\"_blank\" rel=\"noopener\" title=\"FACEBOOK\">FACEBOOK<\/a><\/h4>\n<\/div>\n\n\n\n<div class=\"wp-block-column is-layout-flow wp-block-column-is-layout-flow\">\n<h4 class=\"wp-block-heading has-text-align-center has-electric-grass-gradient-background has-background\"><a href=\"https:\/\/www.instagram.com\/fidel1225\" title=\"INSTAGRAM\">INSTAGRAM<\/a><\/h4>\n<\/div>\n<\/div>\n\n\n\n<p><a href=\"https:\/\/jornalrol.com.br\/\" title=\"Voltar\">Voltar<\/a><\/p>\n\n\n\n<p><a href=\"https:\/\/www.facebook.com\/JCulturalrol\/\" title=\"Facebook\">Facebook<\/a><\/p>\n","protected":false},"excerpt":{"rendered":"<p>Nas salas de aula, \u00e9 cada vez mais comum testemunharmos alunos a rasgar provas, reclamando veementemente, ou at\u00e9 mesmo a chorar diante de uma nota negativa. <\/p>\n","protected":false},"author":118,"featured_media":71634,"comment_status":"open","ping_status":"closed","sticky":false,"template":"","format":"standard","meta":{"_jetpack_newsletter_access":"","_jetpack_dont_email_post_to_subs":false,"_jetpack_newsletter_tier_id":0,"_jetpack_memberships_contains_paywalled_content":false,"_jetpack_memberships_contains_paid_content":false,"footnotes":""},"categories":[9398,9285],"tags":[13192,13663,13662,13665,13664],"class_list":["post-71631","post","type-post","status-publish","format-standard","has-post-thumbnail","hentry","category-artigos","category-literatura","tag-alunos","tag-indisciplina","tag-o-desafio-da-educacao","tag-sala-de-aula","tag-sintoma"],"aioseo_notices":[],"views":852,"jetpack_featured_media_url":"https:\/\/jornalrol.com.br\/wp-content\/uploads\/2025\/01\/OIG4-1.jpeg","jetpack_sharing_enabled":true,"jetpack_likes_enabled":true,"jetpack-related-posts":[{"id":70716,"url":"https:\/\/jornalrol.com.br\/?p=70716","url_meta":{"origin":71631,"position":0},"title":"A leitura e a forma\u00e7\u00e3o de professores leitores","author":"Fidel Fernando","date":"12 de novembro de 2024","format":false,"excerpt":"Em nossas salas de aula, a frase \u201c\u00c9 importante ler\u201d ecoa, muitas vezes, como um mantra repetido por professores que se tornam, para seus alunos, meros...","rel":"","context":"Em &quot;artigos&quot;","block_context":{"text":"artigos","link":"https:\/\/jornalrol.com.br\/?cat=9398"},"img":{"alt_text":"A leitura e a forma\u00e7\u00e3o de professores leitores Imagem gerada por IA do Bing - 12 de novembro de 2024 \u00e0s 8:03 AM","src":"https:\/\/i0.wp.com\/jornalrol.com.br\/wp-content\/uploads\/2024\/11\/OIG3.gx60ZO15N.jpeg?resize=350%2C200&ssl=1","width":350,"height":200,"srcset":"https:\/\/i0.wp.com\/jornalrol.com.br\/wp-content\/uploads\/2024\/11\/OIG3.gx60ZO15N.jpeg?resize=350%2C200&ssl=1 1x, https:\/\/i0.wp.com\/jornalrol.com.br\/wp-content\/uploads\/2024\/11\/OIG3.gx60ZO15N.jpeg?resize=525%2C300&ssl=1 1.5x, https:\/\/i0.wp.com\/jornalrol.com.br\/wp-content\/uploads\/2024\/11\/OIG3.gx60ZO15N.jpeg?resize=700%2C400&ssl=1 2x"},"classes":[]},{"id":70261,"url":"https:\/\/jornalrol.com.br\/?p=70261","url_meta":{"origin":71631,"position":1},"title":"Ensinar \u00e9 adaptar-se","author":"Fidel Fernando","date":"21 de outubro de 2024","format":false,"excerpt":"No processo de ensino, uma verdade inquestion\u00e1vel \u00e9 citada pelo educador Ignacio Estrada:\u201cSe um aluno n\u00e3o aprende do jeito que ensinamos, temos que ensinar...","rel":"","context":"Em &quot;artigos&quot;","block_context":{"text":"artigos","link":"https:\/\/jornalrol.com.br\/?cat=9398"},"img":{"alt_text":"Imagem gerada por IA do Bing - 21 de outubro de 2024 \u00e0s 9:55 AM","src":"https:\/\/i0.wp.com\/jornalrol.com.br\/wp-content\/uploads\/2024\/10\/OIG1-7.jpeg?resize=350%2C200&ssl=1","width":350,"height":200,"srcset":"https:\/\/i0.wp.com\/jornalrol.com.br\/wp-content\/uploads\/2024\/10\/OIG1-7.jpeg?resize=350%2C200&ssl=1 1x, https:\/\/i0.wp.com\/jornalrol.com.br\/wp-content\/uploads\/2024\/10\/OIG1-7.jpeg?resize=525%2C300&ssl=1 1.5x, https:\/\/i0.wp.com\/jornalrol.com.br\/wp-content\/uploads\/2024\/10\/OIG1-7.jpeg?resize=700%2C400&ssl=1 2x"},"classes":[]},{"id":72615,"url":"https:\/\/jornalrol.com.br\/?p=72615","url_meta":{"origin":71631,"position":2},"title":"Inclus\u00e3o ou exclus\u00e3o?","author":"Fidel Fernando","date":"28 de mar\u00e7o de 2025","format":false,"excerpt":"Nos \u00faltimos anos, a inclus\u00e3o escolar tornou-se um lema nas institui\u00e7\u00f5es de ensino. Contudo, a realidade em muitas dessas escolas apresenta um paradoxo...","rel":"","context":"Em &quot;artigos&quot;","block_context":{"text":"artigos","link":"https:\/\/jornalrol.com.br\/?cat=9398"},"img":{"alt_text":"Imagem criada por IA no Bing. 28 de mar\u00e7o de 2025, \u00e0s 11:32 AM","src":"https:\/\/i0.wp.com\/jornalrol.com.br\/wp-content\/uploads\/2025\/03\/7cdd6678-17b3-475d-905b-8305597be956.jpg?resize=350%2C200&ssl=1","width":350,"height":200,"srcset":"https:\/\/i0.wp.com\/jornalrol.com.br\/wp-content\/uploads\/2025\/03\/7cdd6678-17b3-475d-905b-8305597be956.jpg?resize=350%2C200&ssl=1 1x, https:\/\/i0.wp.com\/jornalrol.com.br\/wp-content\/uploads\/2025\/03\/7cdd6678-17b3-475d-905b-8305597be956.jpg?resize=525%2C300&ssl=1 1.5x, https:\/\/i0.wp.com\/jornalrol.com.br\/wp-content\/uploads\/2025\/03\/7cdd6678-17b3-475d-905b-8305597be956.jpg?resize=700%2C400&ssl=1 2x"},"classes":[]},{"id":69527,"url":"https:\/\/jornalrol.com.br\/?p=69527","url_meta":{"origin":71631,"position":3},"title":"De Luanda (Angola) para o Jornal ROL, Fidel Fernando!","author":"Sergio Diniz da Costa","date":"21 de setembro de 2024","format":false,"excerpt":"Fidel Fernando \u00e9 licenciado em Ci\u00eancias da Educa\u00e7\u00e3o, no curso de Ensino da L\u00edngua Portuguesa, pelo Instituto Superior de Ci\u00eancias de Educa\u00e7\u00e3o (ISCED\/Luanda)","rel":"","context":"Em &quot;Sem categoria&quot;","block_context":{"text":"Sem categoria","link":"https:\/\/jornalrol.com.br\/?cat=1"},"img":{"alt_text":"Fidel Fernando","src":"https:\/\/i0.wp.com\/jornalrol.com.br\/wp-content\/uploads\/2024\/09\/MG_9598-copiar-1.jpg?resize=350%2C200&ssl=1","width":350,"height":200,"srcset":"https:\/\/i0.wp.com\/jornalrol.com.br\/wp-content\/uploads\/2024\/09\/MG_9598-copiar-1.jpg?resize=350%2C200&ssl=1 1x, https:\/\/i0.wp.com\/jornalrol.com.br\/wp-content\/uploads\/2024\/09\/MG_9598-copiar-1.jpg?resize=525%2C300&ssl=1 1.5x"},"classes":[]},{"id":74433,"url":"https:\/\/jornalrol.com.br\/?p=74433","url_meta":{"origin":71631,"position":4},"title":"A desuni\u00e3o na classe dos professores","author":"Fidel Fernando","date":"18 de julho de 2025","format":false,"excerpt":"A desvaloriza\u00e7\u00e3o da classe docente \u00e9 um problema amplamente discutido, mas um aspecto menos explorado \u00e9 a desuni\u00e3o entre os pr\u00f3prios professores, que...","rel":"","context":"Em &quot;artigos&quot;","block_context":{"text":"artigos","link":"https:\/\/jornalrol.com.br\/?cat=9398"},"img":{"alt_text":"Imagem gerada por IA do Bing \u2013 17 de Julho de 2025, \u00e0s 16:38 AM","src":"https:\/\/i0.wp.com\/jornalrol.com.br\/wp-content\/uploads\/2025\/07\/a2485a88-85e5-4cb0-9792-55350ee09b0a.jpg?resize=350%2C200&ssl=1","width":350,"height":200,"srcset":"https:\/\/i0.wp.com\/jornalrol.com.br\/wp-content\/uploads\/2025\/07\/a2485a88-85e5-4cb0-9792-55350ee09b0a.jpg?resize=350%2C200&ssl=1 1x, https:\/\/i0.wp.com\/jornalrol.com.br\/wp-content\/uploads\/2025\/07\/a2485a88-85e5-4cb0-9792-55350ee09b0a.jpg?resize=525%2C300&ssl=1 1.5x, https:\/\/i0.wp.com\/jornalrol.com.br\/wp-content\/uploads\/2025\/07\/a2485a88-85e5-4cb0-9792-55350ee09b0a.jpg?resize=700%2C400&ssl=1 2x"},"classes":[]},{"id":70473,"url":"https:\/\/jornalrol.com.br\/?p=70473","url_meta":{"origin":71631,"position":5},"title":"Leitura e escrita","author":"Fidel Fernando","date":"4 de novembro de 2024","format":false,"excerpt":"As actividades de leitura e escrita s\u00e3o, sem d\u00favida, pilares fundamentais no processo de ensino e aprendizagem nas salas de aula. No entanto, \u00e9 alarmante...","rel":"","context":"Em &quot;artigos&quot;","block_context":{"text":"artigos","link":"https:\/\/jornalrol.com.br\/?cat=9398"},"img":{"alt_text":"Leitura e escrita","src":"https:\/\/i0.wp.com\/jornalrol.com.br\/wp-content\/uploads\/2024\/11\/OIG2.jpeg?resize=350%2C200&ssl=1","width":350,"height":200,"srcset":"https:\/\/i0.wp.com\/jornalrol.com.br\/wp-content\/uploads\/2024\/11\/OIG2.jpeg?resize=350%2C200&ssl=1 1x, https:\/\/i0.wp.com\/jornalrol.com.br\/wp-content\/uploads\/2024\/11\/OIG2.jpeg?resize=525%2C300&ssl=1 1.5x, https:\/\/i0.wp.com\/jornalrol.com.br\/wp-content\/uploads\/2024\/11\/OIG2.jpeg?resize=700%2C400&ssl=1 2x"},"classes":[]}],"_links":{"self":[{"href":"https:\/\/jornalrol.com.br\/index.php?rest_route=\/wp\/v2\/posts\/71631","targetHints":{"allow":["GET"]}}],"collection":[{"href":"https:\/\/jornalrol.com.br\/index.php?rest_route=\/wp\/v2\/posts"}],"about":[{"href":"https:\/\/jornalrol.com.br\/index.php?rest_route=\/wp\/v2\/types\/post"}],"author":[{"embeddable":true,"href":"https:\/\/jornalrol.com.br\/index.php?rest_route=\/wp\/v2\/users\/118"}],"replies":[{"embeddable":true,"href":"https:\/\/jornalrol.com.br\/index.php?rest_route=%2Fwp%2Fv2%2Fcomments&post=71631"}],"version-history":[{"count":1,"href":"https:\/\/jornalrol.com.br\/index.php?rest_route=\/wp\/v2\/posts\/71631\/revisions"}],"predecessor-version":[{"id":71635,"href":"https:\/\/jornalrol.com.br\/index.php?rest_route=\/wp\/v2\/posts\/71631\/revisions\/71635"}],"wp:featuredmedia":[{"embeddable":true,"href":"https:\/\/jornalrol.com.br\/index.php?rest_route=\/wp\/v2\/media\/71634"}],"wp:attachment":[{"href":"https:\/\/jornalrol.com.br\/index.php?rest_route=%2Fwp%2Fv2%2Fmedia&parent=71631"}],"wp:term":[{"taxonomy":"category","embeddable":true,"href":"https:\/\/jornalrol.com.br\/index.php?rest_route=%2Fwp%2Fv2%2Fcategories&post=71631"},{"taxonomy":"post_tag","embeddable":true,"href":"https:\/\/jornalrol.com.br\/index.php?rest_route=%2Fwp%2Fv2%2Ftags&post=71631"}],"curies":[{"name":"wp","href":"https:\/\/api.w.org\/{rel}","templated":true}]}}