{"id":71783,"date":"2025-01-31T08:00:00","date_gmt":"2025-01-31T11:00:00","guid":{"rendered":"https:\/\/jornalrol.com.br\/?p=71783"},"modified":"2025-01-30T16:52:04","modified_gmt":"2025-01-30T19:52:04","slug":"toca-me","status":"publish","type":"post","link":"https:\/\/jornalrol.com.br\/?p=71783","title":{"rendered":"Toca-me!"},"content":{"rendered":"<div class=\"pdfprnt-buttons pdfprnt-buttons-post pdfprnt-top-right\"><a href=\"https:\/\/jornalrol.com.br\/index.php?rest_route=%2Fwp%2Fv2%2Fposts%2F71783&print=pdf\" class=\"pdfprnt-button pdfprnt-button-pdf\" target=\"_blank\" ><\/a><a href=\"https:\/\/jornalrol.com.br\/index.php?rest_route=%2Fwp%2Fv2%2Fposts%2F71783&print=print\" class=\"pdfprnt-button pdfprnt-button-print\" target=\"_blank\" ><img decoding=\"async\" src=\"https:\/\/jornalrol.com.br\/wp-content\/plugins\/pdf-print\/images\/print.png\" alt=\"image_print\" title=\"Conte\u00fado de impress\u00e3o\" \/><\/a><\/div>\n<h2 class=\"wp-block-heading has-text-align-center\">Sandra Albuquerque: Poema &#8216;Toca-me!&#8217;<br><br><\/h2>\n\n\n<div class=\"wp-block-image is-style-rounded\">\n<figure class=\"aligncenter size-full is-resized\"><img loading=\"lazy\" decoding=\"async\" width=\"832\" height=\"1216\" data-attachment-id=\"71651\" data-permalink=\"https:\/\/jornalrol.com.br\/?attachment_id=71651\" data-orig-file=\"https:\/\/jornalrol.com.br\/wp-content\/uploads\/2025\/01\/9cd8ed7f-1e5f-44bd-83b9-dc0faea57b7e.jpeg\" data-orig-size=\"832,1216\" data-comments-opened=\"1\" data-image-meta=\"{&quot;aperture&quot;:&quot;0&quot;,&quot;credit&quot;:&quot;&quot;,&quot;camera&quot;:&quot;&quot;,&quot;caption&quot;:&quot;&quot;,&quot;created_timestamp&quot;:&quot;0&quot;,&quot;copyright&quot;:&quot;&quot;,&quot;focal_length&quot;:&quot;0&quot;,&quot;iso&quot;:&quot;0&quot;,&quot;shutter_speed&quot;:&quot;0&quot;,&quot;title&quot;:&quot;&quot;,&quot;orientation&quot;:&quot;0&quot;}\" data-image-title=\"9cd8ed7f-1e5f-44bd-83b9-dc0faea57b7e\" data-image-description=\"&lt;p&gt;Sandra Albuquerque&lt;\/p&gt;\n\" data-image-caption=\"&lt;p&gt;Sandra Albuquerque&lt;\/p&gt;\n\" data-large-file=\"https:\/\/jornalrol.com.br\/wp-content\/uploads\/2025\/01\/9cd8ed7f-1e5f-44bd-83b9-dc0faea57b7e.jpeg\" src=\"http:\/\/jornalrol.com.br\/wp-content\/uploads\/2025\/01\/9cd8ed7f-1e5f-44bd-83b9-dc0faea57b7e.jpeg\" alt=\"Sandra Albuquerque\" class=\"wp-image-71651\" style=\"width:160px;height:auto\" srcset=\"https:\/\/jornalrol.com.br\/wp-content\/uploads\/2025\/01\/9cd8ed7f-1e5f-44bd-83b9-dc0faea57b7e.jpeg 832w, https:\/\/jornalrol.com.br\/wp-content\/uploads\/2025\/01\/9cd8ed7f-1e5f-44bd-83b9-dc0faea57b7e-821x1200.jpeg 821w, https:\/\/jornalrol.com.br\/wp-content\/uploads\/2025\/01\/9cd8ed7f-1e5f-44bd-83b9-dc0faea57b7e-768x1122.jpeg 768w\" sizes=\"auto, (max-width: 832px) 100vw, 832px\" \/><figcaption class=\"wp-element-caption\">Sandra Albuquerque<\/figcaption><\/figure>\n<\/div>\n\n<div class=\"wp-block-image\">\n<figure class=\"aligncenter size-full is-resized\"><img loading=\"lazy\" decoding=\"async\" width=\"484\" height=\"484\" data-attachment-id=\"71784\" data-permalink=\"https:\/\/jornalrol.com.br\/?attachment_id=71784\" data-orig-file=\"https:\/\/jornalrol.com.br\/wp-content\/uploads\/2025\/01\/1b051bb5-1ba8-4917-ad3b-7d3a5a3fa000.jpeg\" data-orig-size=\"484,484\" data-comments-opened=\"1\" data-image-meta=\"{&quot;aperture&quot;:&quot;0&quot;,&quot;credit&quot;:&quot;&quot;,&quot;camera&quot;:&quot;&quot;,&quot;caption&quot;:&quot;&quot;,&quot;created_timestamp&quot;:&quot;0&quot;,&quot;copyright&quot;:&quot;&quot;,&quot;focal_length&quot;:&quot;0&quot;,&quot;iso&quot;:&quot;0&quot;,&quot;shutter_speed&quot;:&quot;0&quot;,&quot;title&quot;:&quot;&quot;,&quot;orientation&quot;:&quot;0&quot;}\" data-image-title=\"1b051bb5-1ba8-4917-ad3b-7d3a5a3fa000\" data-image-description=\"\" data-image-caption=\"\" data-large-file=\"https:\/\/jornalrol.com.br\/wp-content\/uploads\/2025\/01\/1b051bb5-1ba8-4917-ad3b-7d3a5a3fa000.jpeg\" src=\"https:\/\/jornalrol.com.br\/wp-content\/uploads\/2025\/01\/1b051bb5-1ba8-4917-ad3b-7d3a5a3fa000.jpeg\" alt=\"Imagem criada por IA do Bing - 30 de janeiro de 2024, 16:00 PM\" class=\"wp-image-71784\" style=\"width:380px;height:auto\"\/><figcaption class=\"wp-element-caption\"><em>Imagem criada por IA do Bing &#8211; 30 de janeiro de 2024, 16:00 PM<\/em><\/figcaption><\/figure>\n<\/div>\n\n\n<p class=\"has-text-align-center\">Toca-me!<br>N\u00e3o com os dedos das m\u00e3os.<br>E sim, com os dedos da alma!<br>T\u00e3o certo como h\u00e1 sempre um novo amanhecer<br>\u00c9 deste jeito que o meu ser<br>sentir-se-\u00e1 acalentado.<br>Diversos sentimentos surgir\u00e3o<br>Dar\u00e3o lugar aos sorrisos<br>Esquecer\u00e1 as d\u00favidas<br>E os porqu\u00eas ser\u00e3o emba\u00e7ados<br>com a neblina no vazio da escurid\u00e3o<br>Pois a luz ofuscar\u00e1 toda a estrada da solid\u00e3o<br>Nascer\u00e1 \u00e0 esperan\u00e7a e, tamb\u00e9m,a alegria de um novo tempo.<br>De uma nova jornada.<br>E um inspirar fundo surgir\u00e1, ouvindo o compasso do meu cora\u00e7\u00e3o.<br>E os meus olhos continuar\u00e3o fechados<br>Pois\u2026<br>Meu ser tamb\u00e9m precisa de um abra\u00e7o<br>Me abra\u00e7a, n\u00e3o com bra\u00e7os carnais, enganosos<br>Mas\u2026<br>Com os bra\u00e7os da alma.<br>Ah, como \u00e9 confortante!<br>Um acalento para a minha exist\u00eancia.<br>Arrepia a pele com a brisa que passa.<br>\u00c9 como se do alto de uma pedra<br>contemplasse a imensid\u00e3o azul com o verde das \u00e1guas que se misturam e parecem um s\u00f3.<br>\u00c9 como eu visse as gaivotas pairando no ar para o seu leve descanso.<br>Um toque, um abra\u00e7o\u2026<br>E agora me resta ouvir.<br>N\u00e3o uma sonata ou uma serenata<br>Mas\u2026<br>A voz de meu sil\u00eancio<br>Pois s\u00f3 assim<br>Poderei me encontrar<br>Em meio a um <em>d\u00e9j\u00e0-vu<\/em>.<br><br><br><strong>Comendadora Poetisa Sandra Albuquerque<\/strong><br>Rio de Janeiro, 31 de janeiro de 2025<\/p>\n\n\n\n<div class=\"wp-block-columns is-layout-flex wp-container-core-columns-is-layout-9d6595d7 wp-block-columns-is-layout-flex\">\n<div class=\"wp-block-column is-layout-flow wp-block-column-is-layout-flow\">\n<h4 class=\"wp-block-heading has-text-align-center has-luminous-vivid-amber-to-luminous-vivid-orange-gradient-background has-background\"><a href=\"https:\/\/www.tiktok.com\/@poetisasandraalbu\" target=\"_blank\" rel=\"noopener\" title=\"TIKTOK\">TIKTOK<\/a><\/h4>\n<\/div>\n\n\n\n<div class=\"wp-block-column is-layout-flow wp-block-column-is-layout-flow\">\n<h4 class=\"wp-block-heading has-text-align-center has-luminous-vivid-amber-to-luminous-vivid-orange-gradient-background has-background\"><a href=\"https:\/\/www.instagram.com\/comendadora_poetisa_sandra\/\" target=\"_blank\" rel=\"noopener\" title=\"INSTAGRAM\">INSTAGRAM<\/a><\/h4>\n<\/div>\n\n\n\n<div class=\"wp-block-column is-layout-flow wp-block-column-is-layout-flow\">\n<h4 class=\"wp-block-heading has-text-align-center has-luminous-vivid-amber-to-luminous-vivid-orange-gradient-background has-background\"><a href=\"https:\/\/www.youtube.com\/channel\/UCeOgzABWNUfAMlZ5Y-0Pnyw\/videos\" title=\"YOUTUBE\">YOUTUBE<\/a><\/h4>\n<\/div>\n<\/div>\n\n\n\n<p><a href=\"https:\/\/jornalrol.com.br\/\" title=\"Voltar\">Voltar<\/a><\/p>\n\n\n\n<p><a href=\"https:\/\/www.facebook.com\/JCulturalrol\/\" title=\"Facebook\">Facebook<\/a><\/p>\n","protected":false},"excerpt":{"rendered":"<p> Toca-me! N\u00e3o com os dedos das m\u00e3os. E sim, com os dedos da alma! T\u00e3o certo como h\u00e1 sempre um novo amanhecer, \u00e9 deste jeito que o meu ser sentir-se-\u00e1&#8230;<\/p>\n","protected":false},"author":11,"featured_media":71784,"comment_status":"open","ping_status":"closed","sticky":false,"template":"","format":"standard","meta":{"_jetpack_newsletter_access":"","_jetpack_dont_email_post_to_subs":false,"_jetpack_newsletter_tier_id":0,"_jetpack_memberships_contains_paywalled_content":false,"_jetpack_memberships_contains_paid_content":false,"footnotes":""},"categories":[9285,58],"tags":[13709,13707,13710,13708,10930,13711],"class_list":["post-71783","post","type-post","status-publish","format-standard","has-post-thumbnail","hentry","category-literatura","category-poesias","tag-acalento","tag-dedos-da-alma","tag-esquecimento-das-duvidas","tag-novo-amanhecer","tag-sorrisos","tag-vazio-da-escuridao"],"aioseo_notices":[],"views":563,"jetpack_featured_media_url":"https:\/\/jornalrol.com.br\/wp-content\/uploads\/2025\/01\/1b051bb5-1ba8-4917-ad3b-7d3a5a3fa000.jpeg","jetpack_sharing_enabled":true,"jetpack_likes_enabled":true,"jetpack-related-posts":[{"id":46785,"url":"https:\/\/jornalrol.com.br\/?p=46785","url_meta":{"origin":71783,"position":0},"title":"Sandra Albuquerque: &#039;Do alto do monte&#039;","author":"Sandra Albuquerque","date":"26 de novembro de 2021","format":false,"excerpt":"Do alto do monte Do alto do monte eu posso ver. Toda a natureza ao meu redor. O azul que se mistura com as espessas nuvens O sol que brilha forte E o verde que ao longe se enegrece. Os p\u00e1ssaros gorjeiam um lindo c\u00e2ntico E as folhas das \u00e1rvores\u2026","rel":"","context":"Em &quot;Comunica\u00e7\u00e3o&quot;","block_context":{"text":"Comunica\u00e7\u00e3o","link":"https:\/\/jornalrol.com.br\/?cat=7"},"img":{"alt_text":"","src":"https:\/\/i0.wp.com\/www.jornalrol.com.br\/wp-content\/uploads\/2020\/06\/9f6225c2-19e8-4a60-ba2c-0f4b619632d7-296x300.jpg?resize=350%2C200","width":350,"height":200},"classes":[]},{"id":36958,"url":"https:\/\/jornalrol.com.br\/?p=36958","url_meta":{"origin":71783,"position":1},"title":"Sandra Albuquerque: &#039;Amor locura\/ Loucuras de amor&#039;","author":"Sandra Albuquerque","date":"22 de janeiro de 2021","format":false,"excerpt":"Amor locura\/ Loucura de amor Amor locura Quiero sentir El dulce sabor de tus besos Mi cuerpo anhela deseos Y la frescura de tu piel Junto a mi estancia. En nuestros cuerpos calientes El placer se hace presente Somos amantes a la luz de la luna llena. Y en una\u2026","rel":"","context":"Em &quot;Comunica\u00e7\u00e3o&quot;","block_context":{"text":"Comunica\u00e7\u00e3o","link":"https:\/\/jornalrol.com.br\/?cat=7"},"img":{"alt_text":"","src":"https:\/\/i0.wp.com\/jornalrol.com.br\/wp-content\/uploads\/2021\/01\/78ba7035-7f76-4f08-9444-3feb05fd7554-1.jpg?resize=350%2C200&ssl=1","width":350,"height":200,"srcset":"https:\/\/i0.wp.com\/jornalrol.com.br\/wp-content\/uploads\/2021\/01\/78ba7035-7f76-4f08-9444-3feb05fd7554-1.jpg?resize=350%2C200&ssl=1 1x, https:\/\/i0.wp.com\/jornalrol.com.br\/wp-content\/uploads\/2021\/01\/78ba7035-7f76-4f08-9444-3feb05fd7554-1.jpg?resize=525%2C300&ssl=1 1.5x, https:\/\/i0.wp.com\/jornalrol.com.br\/wp-content\/uploads\/2021\/01\/78ba7035-7f76-4f08-9444-3feb05fd7554-1.jpg?resize=700%2C400&ssl=1 2x, https:\/\/i0.wp.com\/jornalrol.com.br\/wp-content\/uploads\/2021\/01\/78ba7035-7f76-4f08-9444-3feb05fd7554-1.jpg?resize=1050%2C600&ssl=1 3x"},"classes":[]},{"id":37682,"url":"https:\/\/jornalrol.com.br\/?p=37682","url_meta":{"origin":71783,"position":2},"title":"Sandra Albuquerque: &#039;Minhas m\u00e3os, meu retrato de vida&#039;","author":"Sandra Albuquerque","date":"12 de fevereiro de 2021","format":false,"excerpt":"Minhas m\u00e3os, meu retrato de vida Olhe para elas Veja o tempo demarcado: O corpo sofrido O cora\u00e7\u00e3o tristonho A luta da sobreviv\u00eancia O olhar perdido. A fome como alimento A incerteza do amanh\u00e3 O querer privado O descaso presente Questionamentos castrados Os sonhos interrompidos. O desamor atrevido A v\u00e9rtice\u2026","rel":"","context":"Em &quot;Comunica\u00e7\u00e3o&quot;","block_context":{"text":"Comunica\u00e7\u00e3o","link":"https:\/\/jornalrol.com.br\/?cat=7"},"img":{"alt_text":"","src":"https:\/\/i0.wp.com\/jornalrol.com.br\/wp-content\/uploads\/2021\/02\/331292f3-1751-40e6-8c96-b40fb6eadb8b.jpg?resize=350%2C200&ssl=1","width":350,"height":200},"classes":[]},{"id":31959,"url":"https:\/\/jornalrol.com.br\/?p=31959","url_meta":{"origin":71783,"position":3},"title":"No Quadro de Colunistas e Correspondentes do ROL, a sensibilidade da poetisa Sandra Albuquerque!","author":"Sergio Diniz da Costa","date":"13 de junho de 2020","format":false,"excerpt":"Poesias, pensamentos, reflex\u00f5es, cr\u00f4nicas, mon\u00f3logos e pe\u00e7as teatrais: a multi artista Sandra Albuquerque \u00e9 a mais nova colunista do ROL! Sandra Regina de Almeida Gomes Cavalcante de Albuquerque, mais conhecida como Sandra Albuquerque, \u00e9 natural de Duque de Caxias (RJ). Atualmente aposentada, foi funcion\u00e1ria das Secretarias\u00a0Municipal e Estadual de Educa\u00e7\u00e3o\u00a0e\u2026","rel":"","context":"Em &quot;Comunica\u00e7\u00e3o&quot;","block_context":{"text":"Comunica\u00e7\u00e3o","link":"https:\/\/jornalrol.com.br\/?cat=7"},"img":{"alt_text":"Sandra Albuquerque","src":"https:\/\/i0.wp.com\/jornalrol.com.br\/wp-content\/uploads\/2020\/06\/9f6225c2-19e8-4a60-ba2c-0f4b619632d7.jpg?resize=350%2C200&ssl=1","width":350,"height":200,"srcset":"https:\/\/i0.wp.com\/jornalrol.com.br\/wp-content\/uploads\/2020\/06\/9f6225c2-19e8-4a60-ba2c-0f4b619632d7.jpg?resize=350%2C200&ssl=1 1x, https:\/\/i0.wp.com\/jornalrol.com.br\/wp-content\/uploads\/2020\/06\/9f6225c2-19e8-4a60-ba2c-0f4b619632d7.jpg?resize=525%2C300&ssl=1 1.5x, https:\/\/i0.wp.com\/jornalrol.com.br\/wp-content\/uploads\/2020\/06\/9f6225c2-19e8-4a60-ba2c-0f4b619632d7.jpg?resize=700%2C400&ssl=1 2x, https:\/\/i0.wp.com\/jornalrol.com.br\/wp-content\/uploads\/2020\/06\/9f6225c2-19e8-4a60-ba2c-0f4b619632d7.jpg?resize=1050%2C600&ssl=1 3x"},"classes":[]},{"id":69669,"url":"https:\/\/jornalrol.com.br\/?p=69669","url_meta":{"origin":71783,"position":4},"title":"O amor sem preconceito","author":"Sandra Albuquerque","date":"27 de setembro de 2024","format":false,"excerpt":"O amor n\u00e3o tem cor. O amor n\u00e3o tem idade. O amor \u00e9 sem raz\u00e3o E traz felicidade. O amor n\u00e3o \u00e9 inerte. O amor \u00e9 colorido. No amor n\u00e3o h\u00e1 transtornos. O amor...","rel":"","context":"Em &quot;Literatura&quot;","block_context":{"text":"Literatura","link":"https:\/\/jornalrol.com.br\/?cat=9285"},"img":{"alt_text":"Imagem gerada com IA do Bing - 25 de setembro de 2024 \u00e0s 10:26 PM","src":"https:\/\/i0.wp.com\/jornalrol.com.br\/wp-content\/uploads\/2024\/09\/71d64033-ef82-464f-be24-d0274e6c9700.jpeg?resize=350%2C200&ssl=1","width":350,"height":200,"srcset":"https:\/\/i0.wp.com\/jornalrol.com.br\/wp-content\/uploads\/2024\/09\/71d64033-ef82-464f-be24-d0274e6c9700.jpeg?resize=350%2C200&ssl=1 1x, https:\/\/i0.wp.com\/jornalrol.com.br\/wp-content\/uploads\/2024\/09\/71d64033-ef82-464f-be24-d0274e6c9700.jpeg?resize=525%2C300&ssl=1 1.5x, https:\/\/i0.wp.com\/jornalrol.com.br\/wp-content\/uploads\/2024\/09\/71d64033-ef82-464f-be24-d0274e6c9700.jpeg?resize=700%2C400&ssl=1 2x"},"classes":[]},{"id":46192,"url":"https:\/\/jornalrol.com.br\/?p=46192","url_meta":{"origin":71783,"position":5},"title":"Sandra Albuquerque: &#039;As cortinas do palco na m\u00fasica se fecham&#039;","author":"Sandra Albuquerque","date":"5 de novembro de 2021","format":false,"excerpt":"As cortinas do palco na m\u00fasica se fecham Hoje*, o mundo da m\u00fasica chora. O mo\u00e7o m\u00fasico e pianista encerrou, aqui, sua brilhante jornada.\u00a0Ju\u00e1, Rio de Janeiro, jamais ser\u00e1 a mesma. Se ouvir\u00e1, sim, os c\u00e2nticos dos p\u00e1ssaros, mas n\u00e3o mais ecoar\u00e3o\u00a0os sons de Beethoven, Mozart, Chopin, Bach e outros\u2026","rel":"","context":"Em &quot;Comunica\u00e7\u00e3o&quot;","block_context":{"text":"Comunica\u00e7\u00e3o","link":"https:\/\/jornalrol.com.br\/?cat=7"},"img":{"alt_text":"","src":"https:\/\/i0.wp.com\/www.jornalrol.com.br\/wp-content\/uploads\/2020\/06\/9f6225c2-19e8-4a60-ba2c-0f4b619632d7-296x300.jpg?resize=350%2C200","width":350,"height":200},"classes":[]}],"_links":{"self":[{"href":"https:\/\/jornalrol.com.br\/index.php?rest_route=\/wp\/v2\/posts\/71783","targetHints":{"allow":["GET"]}}],"collection":[{"href":"https:\/\/jornalrol.com.br\/index.php?rest_route=\/wp\/v2\/posts"}],"about":[{"href":"https:\/\/jornalrol.com.br\/index.php?rest_route=\/wp\/v2\/types\/post"}],"author":[{"embeddable":true,"href":"https:\/\/jornalrol.com.br\/index.php?rest_route=\/wp\/v2\/users\/11"}],"replies":[{"embeddable":true,"href":"https:\/\/jornalrol.com.br\/index.php?rest_route=%2Fwp%2Fv2%2Fcomments&post=71783"}],"version-history":[{"count":1,"href":"https:\/\/jornalrol.com.br\/index.php?rest_route=\/wp\/v2\/posts\/71783\/revisions"}],"predecessor-version":[{"id":71785,"href":"https:\/\/jornalrol.com.br\/index.php?rest_route=\/wp\/v2\/posts\/71783\/revisions\/71785"}],"wp:featuredmedia":[{"embeddable":true,"href":"https:\/\/jornalrol.com.br\/index.php?rest_route=\/wp\/v2\/media\/71784"}],"wp:attachment":[{"href":"https:\/\/jornalrol.com.br\/index.php?rest_route=%2Fwp%2Fv2%2Fmedia&parent=71783"}],"wp:term":[{"taxonomy":"category","embeddable":true,"href":"https:\/\/jornalrol.com.br\/index.php?rest_route=%2Fwp%2Fv2%2Fcategories&post=71783"},{"taxonomy":"post_tag","embeddable":true,"href":"https:\/\/jornalrol.com.br\/index.php?rest_route=%2Fwp%2Fv2%2Ftags&post=71783"}],"curies":[{"name":"wp","href":"https:\/\/api.w.org\/{rel}","templated":true}]}}