{"id":72056,"date":"2025-02-17T10:22:41","date_gmt":"2025-02-17T13:22:41","guid":{"rendered":"http:\/\/jornalrol.com.br\/?p=72056"},"modified":"2025-02-17T10:22:57","modified_gmt":"2025-02-17T13:22:57","slug":"lucio-borges-e-joao-batista-entrevistados-pelo-jornal-rol","status":"publish","type":"post","link":"https:\/\/jornalrol.com.br\/?p=72056","title":{"rendered":"L\u00facio Borges e Jo\u00e3o Batista entrevistados pelo Jornal ROL"},"content":{"rendered":"<div class=\"pdfprnt-buttons pdfprnt-buttons-post pdfprnt-top-right\"><a href=\"https:\/\/jornalrol.com.br\/index.php?rest_route=%2Fwp%2Fv2%2Fposts%2F72056&print=pdf\" class=\"pdfprnt-button pdfprnt-button-pdf\" target=\"_blank\" ><\/a><a href=\"https:\/\/jornalrol.com.br\/index.php?rest_route=%2Fwp%2Fv2%2Fposts%2F72056&print=print\" class=\"pdfprnt-button pdfprnt-button-print\" target=\"_blank\" ><img decoding=\"async\" src=\"https:\/\/jornalrol.com.br\/wp-content\/plugins\/pdf-print\/images\/print.png\" alt=\"image_print\" title=\"Conte\u00fado de impress\u00e3o\" \/><\/a><\/div>\n<h2 class=\"wp-block-heading has-text-align-center\">Uma entrevista com dois \u00edcones da m\u00fasica sertaneja!<br><br><\/h2>\n\n\n<div class=\"wp-block-image\">\n<figure class=\"aligncenter size-full is-resized\"><img loading=\"lazy\" decoding=\"async\" width=\"1175\" height=\"1305\" data-attachment-id=\"72059\" data-permalink=\"https:\/\/jornalrol.com.br\/?attachment_id=72059\" data-orig-file=\"https:\/\/jornalrol.com.br\/wp-content\/uploads\/2025\/02\/Entrevistas-Rol.jpg\" data-orig-size=\"1175,1305\" data-comments-opened=\"1\" data-image-meta=\"{&quot;aperture&quot;:&quot;0&quot;,&quot;credit&quot;:&quot;&quot;,&quot;camera&quot;:&quot;&quot;,&quot;caption&quot;:&quot;&quot;,&quot;created_timestamp&quot;:&quot;1684312287&quot;,&quot;copyright&quot;:&quot;&quot;,&quot;focal_length&quot;:&quot;0&quot;,&quot;iso&quot;:&quot;0&quot;,&quot;shutter_speed&quot;:&quot;0&quot;,&quot;title&quot;:&quot;&quot;,&quot;orientation&quot;:&quot;1&quot;}\" data-image-title=\"Entrevistas-Rol\" data-image-description=\"\" data-image-caption=\"\" data-large-file=\"https:\/\/jornalrol.com.br\/wp-content\/uploads\/2025\/02\/Entrevistas-Rol.jpg\" src=\"http:\/\/jornalrol.com.br\/wp-content\/uploads\/2025\/02\/Entrevistas-Rol.jpg\" alt=\"\" class=\"wp-image-72059\" style=\"width:308px;height:auto\" srcset=\"https:\/\/jornalrol.com.br\/wp-content\/uploads\/2025\/02\/Entrevistas-Rol.jpg 1175w, https:\/\/jornalrol.com.br\/wp-content\/uploads\/2025\/02\/Entrevistas-Rol-1080x1200.jpg 1080w, https:\/\/jornalrol.com.br\/wp-content\/uploads\/2025\/02\/Entrevistas-Rol-768x853.jpg 768w\" sizes=\"auto, (max-width: 1175px) 100vw, 1175px\" \/><figcaption class=\"wp-element-caption\"><em>Logo da se\u00e7\u00e3o Entrevistas ROLianas!<\/em><\/figcaption><\/figure>\n<\/div>\n\n\n<p><strong>MA-Conte nos como a m\u00fasica surgiu na vida de voc\u00eas e em que ano.<\/strong><\/p>\n\n\n\n<p><strong>Jo\u00e3o Batista: <\/strong>desde os meus primeiros anos (1964) meu pai e familiares j\u00e1 faziam suas reuni\u00f5es com interpreta\u00e7\u00f5es de m\u00fasica da \u00e9poca. Participavam de folias de Reis o que me inseriu na m\u00fasica de forma natural. Mas o que me fez querer tocar e cantar foi um momento numa ocasi\u00e3o em que eu estava trabalhando perto de onde estava acontecendo uma cantoria e quando desocupei de minhas atividades, me aproximei dos cantores e pedi para cantar uma m\u00fasica. Um deles me respondeu que aquela m\u00fasica eles j\u00e1 tinham cantado e n\u00e3o iriam repetir.&nbsp;<\/p>\n\n\n\n<p>Assim eu tomei a decis\u00e3o de comprar um viol\u00e3o e aprender a cantar e tocar com a promessa de que atenderia os pedidos mesmo que fossem repetidos e para nossa felicidade hoje podemos cantar m\u00fasicas que fazem parte da nossa hist\u00f3ria, da nossa cultura e que agradam os amigos que nos d\u00e1 o prazer de presenciar nossas apresenta\u00e7\u00f5es.<\/p>\n\n\n\n<p><strong>L\u00facio Borges:<\/strong> minha inf\u00e2ncia se inicia na fazenda, nos 1971, ao lado de meus av\u00f3s e tios que sempre tiveram tino para m\u00fasica cantando, tocando viol\u00f5es e acordeom. Meu av\u00f4 por parte de m\u00e3e brincava com a sanfona no entardecer no alpendre tendo no audit\u00f3rio os filhos e netos que um a um de um jeito diferente foi engajando nesse prazer que \u00e9 ver o brilho nos olhos de quem canta e de quem ouve as can\u00e7\u00f5es.<\/p>\n\n\n<div class=\"wp-block-image\">\n<figure class=\"alignright size-full is-resized\"><img loading=\"lazy\" decoding=\"async\" width=\"1080\" height=\"1080\" data-attachment-id=\"72057\" data-permalink=\"https:\/\/jornalrol.com.br\/?attachment_id=72057\" data-orig-file=\"https:\/\/jornalrol.com.br\/wp-content\/uploads\/2025\/02\/lbjb02-4.jpg\" data-orig-size=\"1080,1080\" data-comments-opened=\"1\" data-image-meta=\"{&quot;aperture&quot;:&quot;0&quot;,&quot;credit&quot;:&quot;&quot;,&quot;camera&quot;:&quot;&quot;,&quot;caption&quot;:&quot;&quot;,&quot;created_timestamp&quot;:&quot;0&quot;,&quot;copyright&quot;:&quot;&quot;,&quot;focal_length&quot;:&quot;0&quot;,&quot;iso&quot;:&quot;0&quot;,&quot;shutter_speed&quot;:&quot;0&quot;,&quot;title&quot;:&quot;&quot;,&quot;orientation&quot;:&quot;0&quot;}\" data-image-title=\"lbjb02 (4)\" data-image-description=\"\" data-image-caption=\"\" data-large-file=\"https:\/\/jornalrol.com.br\/wp-content\/uploads\/2025\/02\/lbjb02-4.jpg\" src=\"http:\/\/jornalrol.com.br\/wp-content\/uploads\/2025\/02\/lbjb02-4.jpg\" alt=\"Jo\u00e3o Batista e L\u00facio Borges\" class=\"wp-image-72057\" style=\"width:406px;height:auto\" srcset=\"https:\/\/jornalrol.com.br\/wp-content\/uploads\/2025\/02\/lbjb02-4.jpg 1080w, https:\/\/jornalrol.com.br\/wp-content\/uploads\/2025\/02\/lbjb02-4-600x600.jpg 600w, https:\/\/jornalrol.com.br\/wp-content\/uploads\/2025\/02\/lbjb02-4-768x768.jpg 768w\" sizes=\"auto, (max-width: 1080px) 100vw, 1080px\" \/><figcaption class=\"wp-element-caption\"><em>Banner do show de Jo\u00e3o Batista &amp; L\u00facio Borges<\/em><\/figcaption><\/figure>\n<\/div>\n\n\n<p><strong>MA- Conte-nos um pouco sobre a inf\u00e2ncia, adolesc\u00eancia e fam\u00edlia de voc\u00eas.&nbsp;<\/strong><\/p>\n\n\n\n<p><strong>Jo\u00e3o Batista:<\/strong> minha inf\u00e2ncia foi de muita luta e junto com minha m\u00e3e e irm\u00e3o para sustentar a fam\u00edlia, o que realizamos unidos e perseverantes com f\u00e9 e dedica\u00e7\u00e3o de quem fazia o melhor de cada um para colher os melhores resultados de nosso trabalho. Hoje colhemos os frutos de nossa luta o que nos enche de orgulho e felicidade ver todos bem e encaminhados seja cantando, tocando, ensinando e ouvindo, todos t\u00eam alguma liga\u00e7\u00e3o com a m\u00fasica.<\/p>\n\n\n\n<p><strong>L\u00facio Borges:<\/strong> o inicio de minha inf\u00e2ncia foi na fazenda do meu av\u00f4 materno que como j\u00e1 disse, ele era sanfoneiro, contador de causos e muita luta para sustentar a fam\u00edlia. Isso faz parte de nossa cultura. Reunir a fam\u00edlia e falarmos de nossas alegrias e tristezas, al\u00e9m das labutas da vida.&nbsp;<\/p>\n\n\n\n<p>Logo na idade de iniciar na escola mudamos para cidade e ali convivendo no meio religioso em que a fam\u00edlia foi formada, logo aos 7 anos comecei a tocar viol\u00e3o nas novenas e reuni\u00f5es familiares. J\u00e1 aos 15 anos recebi meu primeiro convite para cantar numa banda de nossa cidade de Uberaba-MG (Rudi Banda Show) onde nos apresent\u00e1vamos numa casa de noturna e tamb\u00e9m em shows regionais interpretando m\u00fasicas de sucessos passados e atuais daquele momento (1986). Nos anos 90, dedicado ao trabalho e estudos, tocava e cantava na igreja e outros estilos em reuni\u00f5es da fam\u00edlia e amigos, quando em 1994 foi convidado a tocar contrabaixo numa banda de pagode. Isso foi \u00f3timo, uma grande evolu\u00e7\u00e3o musical. Mas sempre envolvido com o sertanejo foi convidado a tocar contrabaixo para uma dupla de amigos, Jo\u00e3o Batista e Paulo Cesar o que tamb\u00e9m foi um grande aprendizado e prazer, pois interpretavam m\u00fasicas sertanejas que contam hist\u00f3rias.&nbsp;<\/p>\n\n\n\n<p>Depois de 6 anos como contrabaixista dessa dupla eu foi me aventurar pelo mundo da sonoriza\u00e7\u00e3o de eventos. Outro aprendizado que agrade\u00e7o a muito amigos que foram orientadores para o conhecimento naquela \u00e9poca.<\/p>\n\n\n\n<p>Sempre participando de eventos de amigos cantores, fazia participa\u00e7\u00f5es interpretando algumas m\u00fasicas. E por fim foi convidado a formar dupla com o Jo\u00e3o Batista com muito prazer e com quem temos a parceria at\u00e9 hoje.<\/p>\n\n\n\n<p><strong>MA-A trajet\u00f3ria do trabalho de voc\u00eas \u00e9 inspirada em algum cantor? Qual?<\/strong><\/p>\n\n\n\n<p>A m\u00fasica de uma forma geral nos ensina muito, mas sempre temos nossas preferencias.<\/p>\n\n\n\n<p>Em todos os estilos existem exemplos que aprendemos um pouco, mas a hist\u00f3ria da boa m\u00fasica sertaneja se inicia em nossas vidas tendo como bons exemplos a dupla Tonico e Tinoco em sua lindas can\u00e7\u00f5es e interpreta\u00e7\u00f5es, Milion\u00e1rio e Jos\u00e9 Rico com belas can\u00e7\u00f5es e vozes destacadas como algumas das melhores para nosso gosto entre tantos outros grandes nomes da m\u00fasica que s\u00e3o refer\u00eancia para nosso trabalho.<\/p>\n\n\n\n<p>Muito obrigada!<\/p>\n\n\n\n<p><\/p>\n\n\n\n<p class=\"has-text-align-center\"><strong>Magna Asp\u00e1sia Fontenelle<\/strong><\/p>\n\n\n\n<div class=\"wp-block-columns is-layout-flex wp-container-core-columns-is-layout-9d6595d7 wp-block-columns-is-layout-flex\">\n<div class=\"wp-block-column is-layout-flow wp-block-column-is-layout-flow\">\n<h4 class=\"wp-block-heading has-text-align-center has-luminous-vivid-amber-to-luminous-vivid-orange-gradient-background has-background\"><a href=\"https:\/\/www.facebook.com\/magna.fontenelle\" target=\"_blank\" rel=\"noopener\" title=\"FACEBOOK\">FACEBOOK<\/a><\/h4>\n<\/div>\n\n\n\n<div class=\"wp-block-column is-layout-flow wp-block-column-is-layout-flow\">\n<h4 class=\"wp-block-heading has-text-align-center has-luminous-vivid-amber-to-luminous-vivid-orange-gradient-background has-background\"><a href=\"https:\/\/www.instagram.com\/fontenellemagna\/?locale=pl\" title=\"INSTAGRAM\">INSTAGRAM<\/a><\/h4>\n<\/div>\n<\/div>\n\n\n\n<div class=\"wp-block-columns is-layout-flex wp-container-core-columns-is-layout-9d6595d7 wp-block-columns-is-layout-flex\">\n<div class=\"wp-block-column is-layout-flow wp-block-column-is-layout-flow\"><\/div>\n\n\n\n<div class=\"wp-block-column is-layout-flow wp-block-column-is-layout-flow\"><\/div>\n<\/div>\n\n\n\n<p><a href=\"https:\/\/jornalrol.com.br\/\" title=\"Voltar\">Voltar<\/a><\/p>\n\n\n\n<p><a href=\"https:\/\/www.facebook.com\/JCulturalrol\/\" title=\"Facebook\">Facebook<\/a><\/p>\n\n\n\n<p><\/p>\n","protected":false},"excerpt":{"rendered":"<p>Magna Asp\u00e1sia Fontenelle entrevista  L\u00facio Borges e Jo\u00e3o Batista, dois \u00edcones da m\u00fasica sertaneja!<\/p>\n","protected":false},"author":14,"featured_media":72058,"comment_status":"open","ping_status":"closed","sticky":false,"template":"","format":"standard","meta":{"_jetpack_newsletter_access":"","_jetpack_dont_email_post_to_subs":false,"_jetpack_newsletter_tier_id":0,"_jetpack_memberships_contains_paywalled_content":false,"_jetpack_memberships_contains_paid_content":false,"footnotes":""},"categories":[9286,9266],"tags":[3314,13823,13822,5912],"class_list":["post-72056","post","type-post","status-publish","format-standard","has-post-thumbnail","hentry","category-arte","category-musica","tag-entrevistas-rolianas","tag-joao-batista","tag-lucio-borges","tag-musica-sertaneja"],"aioseo_notices":[],"views":830,"jetpack_featured_media_url":"https:\/\/jornalrol.com.br\/wp-content\/uploads\/2025\/02\/lbjbatista.jpg","jetpack_sharing_enabled":true,"jetpack_likes_enabled":true,"jetpack-related-posts":[{"id":3923,"url":"https:\/\/jornalrol.com.br\/?p=3923","url_meta":{"origin":72056,"position":0},"title":"Personalidades do mundo art\u00edstico de Itapetininga ser\u00e3o homenageadas","author":"Helio Rubens","date":"18 de dezembro de 2015","format":false,"excerpt":"Sess\u00e3o \u00a0da C\u00e2mara homenagear\u00e1, \u00a0dia 22, personalidades do mundo cultural e art\u00edstico de Itapetininga \u00a0 \u00a0 Nesta pr\u00f3xima ter\u00e7a-feira, 22, acontecer\u00e1 no Plen\u00e1rio Humberto Pellegrini, da C\u00e2mara Municipal de Itapetininga, a partir das 19h30, a sess\u00e3o solene de entrega da Medalha de M\u00e9rito Teddy Vieira a integrantes do mundo cultural\u2026","rel":"","context":"Em &quot;Comunica\u00e7\u00e3o&quot;","block_context":{"text":"Comunica\u00e7\u00e3o","link":"https:\/\/jornalrol.com.br\/?cat=7"},"img":{"alt_text":"","src":"","width":0,"height":0},"classes":[]},{"id":3384,"url":"https:\/\/jornalrol.com.br\/?p=3384","url_meta":{"origin":72056,"position":1},"title":"Pedraco \u00e9 alvo de mat\u00e9ria da TV Tem de Itapetininga","author":"Helio Rubens","date":"3 de outubro de 2015","format":false,"excerpt":"'M\u00fasica \u00e9 minha vida', diz idoso de 78 anos que dividiu palco com Mazzaropi Ex-cantor, Jo\u00e3o Vicente se apresenta h\u00e1 30 anos em feira em Itapetininga. 'N\u00e3o tem mais artistas como antes. Hoje em dia \u00e9 s\u00f3 'sertanojo', diz m\u00fasico. Do G1 Itapetininga e Regi\u00e3o Idoso mostra com orgulho caderno\u2026","rel":"","context":"Em &quot;Comunica\u00e7\u00e3o&quot;","block_context":{"text":"Comunica\u00e7\u00e3o","link":"https:\/\/jornalrol.com.br\/?cat=7"},"img":{"alt_text":"Idoso mostra com orgulho caderno com m\u00fasicas que cantava (Foto: Caio Gomes Silveira\/ G1)","src":"https:\/\/i0.wp.com\/s2.glbimg.com\/Im88ZWE0LO2Tz2YSMa3vl8_nE5M%3D\/s.glbimg.com\/jo\/g1\/f\/original\/2015\/09\/30\/imagem_182.jpg?resize=350%2C200","width":350,"height":200,"srcset":"https:\/\/i0.wp.com\/s2.glbimg.com\/Im88ZWE0LO2Tz2YSMa3vl8_nE5M%3D\/s.glbimg.com\/jo\/g1\/f\/original\/2015\/09\/30\/imagem_182.jpg?resize=350%2C200 1x, https:\/\/i0.wp.com\/s2.glbimg.com\/Im88ZWE0LO2Tz2YSMa3vl8_nE5M%3D\/s.glbimg.com\/jo\/g1\/f\/original\/2015\/09\/30\/imagem_182.jpg?resize=525%2C300 1.5x"},"classes":[]},{"id":77318,"url":"https:\/\/jornalrol.com.br\/?p=77318","url_meta":{"origin":72056,"position":2},"title":"Ra\u00edzes 2 \u2013 Religiosidade","author":"Veronica Moreira","date":"13 de dezembro de 2025","format":false,"excerpt":"Nesta segunda-feira (15), \u00e0s 20h, o YouTube recebe a estreia do document\u00e1rio 'Ra\u00edzes 2 \u2013 Religiosidade', idealizado e dirigido pelo m\u00fasico e jornalista...","rel":"","context":"Em &quot;Arte&quot;","block_context":{"text":"Arte","link":"https:\/\/jornalrol.com.br\/?cat=9286"},"img":{"alt_text":"Document\u00e1rio 'Ra\u00edzes 2 \u2013 Religiosidade', de Nathan Vieira","src":"https:\/\/i0.wp.com\/jornalrol.com.br\/wp-content\/uploads\/2025\/12\/25f667ff-f7de-4a16-b0aa-2292b421797e.jpg?resize=350%2C200&ssl=1","width":350,"height":200,"srcset":"https:\/\/i0.wp.com\/jornalrol.com.br\/wp-content\/uploads\/2025\/12\/25f667ff-f7de-4a16-b0aa-2292b421797e.jpg?resize=350%2C200&ssl=1 1x, https:\/\/i0.wp.com\/jornalrol.com.br\/wp-content\/uploads\/2025\/12\/25f667ff-f7de-4a16-b0aa-2292b421797e.jpg?resize=525%2C300&ssl=1 1.5x, https:\/\/i0.wp.com\/jornalrol.com.br\/wp-content\/uploads\/2025\/12\/25f667ff-f7de-4a16-b0aa-2292b421797e.jpg?resize=700%2C400&ssl=1 2x, https:\/\/i0.wp.com\/jornalrol.com.br\/wp-content\/uploads\/2025\/12\/25f667ff-f7de-4a16-b0aa-2292b421797e.jpg?resize=1050%2C600&ssl=1 3x, https:\/\/i0.wp.com\/jornalrol.com.br\/wp-content\/uploads\/2025\/12\/25f667ff-f7de-4a16-b0aa-2292b421797e.jpg?resize=1400%2C800&ssl=1 4x"},"classes":[]},{"id":44708,"url":"https:\/\/jornalrol.com.br\/?p=44708","url_meta":{"origin":72056,"position":3},"title":"Parque em homenagem ao Maranhense do S\u00e9culo XX, Jo\u00e3o do Vale \u00e9 inaugurado em Pedreiras-MA.","author":"Veronica Moreira","date":"11 de setembro de 2021","format":false,"excerpt":"\u00a0Em homenagem ao grande artista, eleito o Maranhense do s\u00e9culo XX, \u00a0foi inaugurado no \u00faltimo dia 04\/09 o Parque Jo\u00e3o do Vale, local destinado ao lazer, pr\u00e1ticas esportivas e culturais De origem humilde, nascido no interior do Maranh\u00e3o, na cidade de Pedreiras, esse era Jo\u00e3o Batista do Vale, nacionalmente conhecido\u2026","rel":"","context":"Em &quot;Comunica\u00e7\u00e3o&quot;","block_context":{"text":"Comunica\u00e7\u00e3o","link":"https:\/\/jornalrol.com.br\/?cat=7"},"img":{"alt_text":"","src":"https:\/\/i0.wp.com\/jornalrol.com.br\/wp-content\/uploads\/2021\/09\/parque.jpg?resize=350%2C200&ssl=1","width":350,"height":200,"srcset":"https:\/\/i0.wp.com\/jornalrol.com.br\/wp-content\/uploads\/2021\/09\/parque.jpg?resize=350%2C200&ssl=1 1x, https:\/\/i0.wp.com\/jornalrol.com.br\/wp-content\/uploads\/2021\/09\/parque.jpg?resize=525%2C300&ssl=1 1.5x, https:\/\/i0.wp.com\/jornalrol.com.br\/wp-content\/uploads\/2021\/09\/parque.jpg?resize=700%2C400&ssl=1 2x"},"classes":[]},{"id":44510,"url":"https:\/\/jornalrol.com.br\/?p=44510","url_meta":{"origin":72056,"position":4},"title":"Marcus Krause: &#039;Parque Jo\u00e3o do Vale&#039;","author":"Marcus Periks Barbosa Krause","date":"6 de setembro de 2021","format":false,"excerpt":"Parque Jo\u00e3o do Vale Parque em homenagem ao Maranhense do S\u00e9culo XX, Jo\u00e3o do Vale, \u00e9 inaugurado em Pedreiras-MA. De origem humilde, nascido no interior do Maranh\u00e3o, na cidade de Pedreiras, esse era Jo\u00e3o Batista do Vale, nacionalmente conhecido como Jo\u00e3o do Vale, cantor e compositor, falecido no ano de\u2026","rel":"","context":"Em &quot;Comunica\u00e7\u00e3o&quot;","block_context":{"text":"Comunica\u00e7\u00e3o","link":"https:\/\/jornalrol.com.br\/?cat=7"},"img":{"alt_text":"","src":"https:\/\/i0.wp.com\/jornalrol.com.br\/wp-content\/uploads\/2021\/09\/PicsArt_09-06-08.41.14-150x150.jpg?resize=350%2C200","width":350,"height":200},"classes":[]},{"id":10183,"url":"https:\/\/jornalrol.com.br\/?p=10183","url_meta":{"origin":72056,"position":5},"title":"Na programa\u00e7\u00e3o de maio da Sectur de Votorantim, hoje, 09 de maio, duas atra\u00e7\u00f5es imperd\u00edveis: &#039;O 14.\u00aa Encontro de Carros Antigos&#039; e a &#039;Ter\u00e7a da Viola&#039;","author":"Sergio Diniz da Costa","date":"9 de maio de 2017","format":false,"excerpt":"Na programa\u00e7\u00e3o de maio da Sectur de Votorantim, hoje, 09 de maio, duas atra\u00e7\u00f5es imperd\u00edveis: 'O 14.\u00aa Encontro de Carros Antigos' e a 'Ter\u00e7a da Viola' Hoje, 09 de maio, a Secretaria de \u00a0Cultura, Turismo e Lazer de Votorantim promover\u00e1 dois eventos para os amantes de carros antigos e da\u2026","rel":"","context":"Em &quot;Comunica\u00e7\u00e3o&quot;","block_context":{"text":"Comunica\u00e7\u00e3o","link":"https:\/\/jornalrol.com.br\/?cat=7"},"img":{"alt_text":"","src":"https:\/\/i0.wp.com\/www.jornalrol.com.br\/wp-content\/uploads\/2017\/05\/13782095_850747925070273_1774099246209583468_n-300x169.jpg?resize=350%2C200","width":350,"height":200},"classes":[]}],"_links":{"self":[{"href":"https:\/\/jornalrol.com.br\/index.php?rest_route=\/wp\/v2\/posts\/72056","targetHints":{"allow":["GET"]}}],"collection":[{"href":"https:\/\/jornalrol.com.br\/index.php?rest_route=\/wp\/v2\/posts"}],"about":[{"href":"https:\/\/jornalrol.com.br\/index.php?rest_route=\/wp\/v2\/types\/post"}],"author":[{"embeddable":true,"href":"https:\/\/jornalrol.com.br\/index.php?rest_route=\/wp\/v2\/users\/14"}],"replies":[{"embeddable":true,"href":"https:\/\/jornalrol.com.br\/index.php?rest_route=%2Fwp%2Fv2%2Fcomments&post=72056"}],"version-history":[{"count":4,"href":"https:\/\/jornalrol.com.br\/index.php?rest_route=\/wp\/v2\/posts\/72056\/revisions"}],"predecessor-version":[{"id":72083,"href":"https:\/\/jornalrol.com.br\/index.php?rest_route=\/wp\/v2\/posts\/72056\/revisions\/72083"}],"wp:featuredmedia":[{"embeddable":true,"href":"https:\/\/jornalrol.com.br\/index.php?rest_route=\/wp\/v2\/media\/72058"}],"wp:attachment":[{"href":"https:\/\/jornalrol.com.br\/index.php?rest_route=%2Fwp%2Fv2%2Fmedia&parent=72056"}],"wp:term":[{"taxonomy":"category","embeddable":true,"href":"https:\/\/jornalrol.com.br\/index.php?rest_route=%2Fwp%2Fv2%2Fcategories&post=72056"},{"taxonomy":"post_tag","embeddable":true,"href":"https:\/\/jornalrol.com.br\/index.php?rest_route=%2Fwp%2Fv2%2Ftags&post=72056"}],"curies":[{"name":"wp","href":"https:\/\/api.w.org\/{rel}","templated":true}]}}