{"id":72376,"date":"2025-03-11T11:19:27","date_gmt":"2025-03-11T14:19:27","guid":{"rendered":"https:\/\/jornalrol.com.br\/?p=72376"},"modified":"2025-03-11T11:19:40","modified_gmt":"2025-03-11T14:19:40","slug":"ainda-penso-em-voce","status":"publish","type":"post","link":"https:\/\/jornalrol.com.br\/?p=72376","title":{"rendered":"Ainda penso em voc\u00ea"},"content":{"rendered":"<div class=\"pdfprnt-buttons pdfprnt-buttons-post pdfprnt-top-right\"><a href=\"https:\/\/jornalrol.com.br\/index.php?rest_route=%2Fwp%2Fv2%2Fposts%2F72376&print=pdf\" class=\"pdfprnt-button pdfprnt-button-pdf\" target=\"_blank\" ><\/a><a href=\"https:\/\/jornalrol.com.br\/index.php?rest_route=%2Fwp%2Fv2%2Fposts%2F72376&print=print\" class=\"pdfprnt-button pdfprnt-button-print\" target=\"_blank\" ><img decoding=\"async\" src=\"https:\/\/jornalrol.com.br\/wp-content\/plugins\/pdf-print\/images\/print.png\" alt=\"image_print\" title=\"Conte\u00fado de impress\u00e3o\" \/><\/a><\/div>\n<h2 class=\"wp-block-heading has-text-align-center\">Paulo Siuves: Poema &#8216;Ainda penso em voc\u00ea&#8217;<br><br><\/h2>\n\n\n<div class=\"wp-block-image\">\n<figure class=\"aligncenter size-full\"><img loading=\"lazy\" decoding=\"async\" width=\"120\" height=\"120\" data-attachment-id=\"55657\" data-permalink=\"https:\/\/jornalrol.com.br\/?attachment_id=55657\" data-orig-file=\"https:\/\/jornalrol.com.br\/wp-content\/uploads\/2023\/05\/Paulo-Siuves.jpg\" data-orig-size=\"120,120\" data-comments-opened=\"1\" data-image-meta=\"{&quot;aperture&quot;:&quot;0&quot;,&quot;credit&quot;:&quot;&quot;,&quot;camera&quot;:&quot;&quot;,&quot;caption&quot;:&quot;&quot;,&quot;created_timestamp&quot;:&quot;0&quot;,&quot;copyright&quot;:&quot;&quot;,&quot;focal_length&quot;:&quot;0&quot;,&quot;iso&quot;:&quot;0&quot;,&quot;shutter_speed&quot;:&quot;0&quot;,&quot;title&quot;:&quot;&quot;,&quot;orientation&quot;:&quot;0&quot;}\" data-image-title=\"Paulo-Siuves\" data-image-description=\"&lt;p&gt;Paulo Siuves&lt;\/p&gt;\n\" data-image-caption=\"&lt;p&gt;Paulo Siuves&lt;\/p&gt;\n\" data-large-file=\"https:\/\/jornalrol.com.br\/wp-content\/uploads\/2023\/05\/Paulo-Siuves.jpg\" src=\"http:\/\/jornalrol.com.br\/wp-content\/uploads\/2023\/05\/Paulo-Siuves.jpg\" alt=\"Paulo Siuves\" class=\"wp-image-55657\"\/><figcaption class=\"wp-element-caption\">Paulo Siuves<\/figcaption><\/figure>\n<\/div>\n\n<div class=\"wp-block-image\">\n<figure class=\"aligncenter size-full is-resized\"><img loading=\"lazy\" decoding=\"async\" width=\"1024\" height=\"1024\" data-attachment-id=\"72377\" data-permalink=\"https:\/\/jornalrol.com.br\/?attachment_id=72377\" data-orig-file=\"https:\/\/jornalrol.com.br\/wp-content\/uploads\/2025\/03\/DALL\u00b7E-2025-03-06-08.37.05-A-poetic-and-melancholic-scene-featuring-a-person-sitting-alone-by-a-window-at-night-gazing-at-the-moon.-The-wind-moves-the-curtains-gently-and-a-fa-2.webp\" data-orig-size=\"1024,1024\" data-comments-opened=\"1\" data-image-meta=\"{&quot;aperture&quot;:&quot;0&quot;,&quot;credit&quot;:&quot;&quot;,&quot;camera&quot;:&quot;&quot;,&quot;caption&quot;:&quot;&quot;,&quot;created_timestamp&quot;:&quot;0&quot;,&quot;copyright&quot;:&quot;&quot;,&quot;focal_length&quot;:&quot;0&quot;,&quot;iso&quot;:&quot;0&quot;,&quot;shutter_speed&quot;:&quot;0&quot;,&quot;title&quot;:&quot;&quot;,&quot;orientation&quot;:&quot;0&quot;}\" data-image-title=\"DALL\u00b7E 2025-03-06 08.37.05 &amp;#8211; A poetic and melancholic scene featuring a person sitting alone by a window at night, gazing at the moon. The wind moves the curtains gently, and a fa (2)\" data-image-description=\"\" data-image-caption=\"\" data-large-file=\"https:\/\/jornalrol.com.br\/wp-content\/uploads\/2025\/03\/DALL\u00b7E-2025-03-06-08.37.05-A-poetic-and-melancholic-scene-featuring-a-person-sitting-alone-by-a-window-at-night-gazing-at-the-moon.-The-wind-moves-the-curtains-gently-and-a-fa-2.webp\" src=\"https:\/\/jornalrol.com.br\/wp-content\/uploads\/2025\/03\/DALL\u00b7E-2025-03-06-08.37.05-A-poetic-and-melancholic-scene-featuring-a-person-sitting-alone-by-a-window-at-night-gazing-at-the-moon.-The-wind-moves-the-curtains-gently-and-a-fa-2.webp\" alt=\"\" class=\"wp-image-72377\" style=\"width:358px;height:auto\" srcset=\"https:\/\/jornalrol.com.br\/wp-content\/uploads\/2025\/03\/DALL\u00b7E-2025-03-06-08.37.05-A-poetic-and-melancholic-scene-featuring-a-person-sitting-alone-by-a-window-at-night-gazing-at-the-moon.-The-wind-moves-the-curtains-gently-and-a-fa-2.webp 1024w, https:\/\/jornalrol.com.br\/wp-content\/uploads\/2025\/03\/DALL\u00b7E-2025-03-06-08.37.05-A-poetic-and-melancholic-scene-featuring-a-person-sitting-alone-by-a-window-at-night-gazing-at-the-moon.-The-wind-moves-the-curtains-gently-and-a-fa-2-600x600.webp 600w, https:\/\/jornalrol.com.br\/wp-content\/uploads\/2025\/03\/DALL\u00b7E-2025-03-06-08.37.05-A-poetic-and-melancholic-scene-featuring-a-person-sitting-alone-by-a-window-at-night-gazing-at-the-moon.-The-wind-moves-the-curtains-gently-and-a-fa-2-768x768.webp 768w\" sizes=\"auto, (max-width: 1024px) 100vw, 1024px\" \/><figcaption class=\"wp-element-caption\"><em>Imagem criada por IA no Bing &#8211; 10 de mar\u00e7o de 2025,<\/em><br><em> \u00e0s 10:09 PM<\/em><\/figcaption><\/figure>\n<\/div>\n\n\n<p class=\"has-text-align-center\">N\u00e3o h\u00e1 um s\u00f3 dia que eu esque\u00e7a,<br>seu nome ecoa nos meus pensamentos,<br>por todo lado, eu vejo voc\u00ea,<br>no brilho dos desejos, nas sombras do vento.<\/p>\n\n\n\n<p class=\"has-text-align-center\">Sinto saudades&#8230;<br>nas festas de fam\u00edlia,<br>nas m\u00fasicas que canto,<br>nas entrelinhas do tempo,<br>no sil\u00eancio do meu travesseiro.<br>E eu sigo sem um sinal seu.<\/p>\n\n\n\n<p class=\"has-text-align-center\">Por todo lado, eu vejo voc\u00ea,<br>nas melodias que cantam sozinhas,<br>no vento que insiste em trazer<br>o perfume dos nossos momentos.<\/p>\n\n\n\n<p class=\"has-text-align-center\">Sinto saudades&#8230;<br>um vazio que s\u00f3 voc\u00ea preenche,<br>sua doce voz chamando por mim&#8230;<br>Mas o tempo passa sem voc\u00ea aqui,<br>como se ele tamb\u00e9m parasse sem voc\u00ea.<br>E eu sigo sem um sinal seu.<\/p>\n\n\n\n<p><\/p>\n\n\n\n<p class=\"has-text-align-center\"><strong>Paulo Siuves<\/strong><\/p>\n\n\n\n<p class=\"has-text-align-center\"><\/p>\n\n\n\n<p class=\"has-text-align-center\"><\/p>\n\n\n\n<p><\/p>\n\n\n\n<div class=\"wp-block-columns is-layout-flex wp-container-core-columns-is-layout-9d6595d7 wp-block-columns-is-layout-flex\">\n<div class=\"wp-block-column is-layout-flow wp-block-column-is-layout-flow\">\n<h4 class=\"wp-block-heading has-text-align-center has-electric-grass-gradient-background has-background\"><a href=\"https:\/\/jornalrol.com.br\/?page_id=55655\" target=\"_blank\" rel=\"noopener\" title=\"Paulo Siuves\">FACEBOOK<\/a><\/h4>\n<\/div>\n\n\n\n<div class=\"wp-block-column is-layout-flow wp-block-column-is-layout-flow\">\n<h4 class=\"wp-block-heading has-text-align-center has-electric-grass-gradient-background has-background\"><a href=\"https:\/\/www.tiktok.com\/@PauloSiuves\" target=\"_blank\" rel=\"noopener\" title=\"X\">X<\/a><\/h4>\n<\/div>\n\n\n\n<div class=\"wp-block-column is-layout-flow wp-block-column-is-layout-flow\">\n<h4 class=\"wp-block-heading has-text-align-center has-electric-grass-gradient-background has-background\"><a href=\"https:\/\/jornalrol.com.br\/?page_id=55655\" title=\"Paulo Siuves\">POESIAS<\/a><\/h4>\n<\/div>\n\n\n\n<div class=\"wp-block-column is-layout-flow wp-block-column-is-layout-flow\">\n<h4 class=\"wp-block-heading has-text-align-center has-electric-grass-gradient-background has-background\"><a href=\"https:\/\/jornalrol.com.br\/?page_id=55655\" title=\"Paulo Siuves\">BLOG<\/a><\/h4>\n<\/div>\n<\/div>\n\n\n\n<p><a href=\"https:\/\/jornalrol.com.br\/\" title=\"Voltar\">Voltar<\/a><\/p>\n\n\n\n<p><a href=\"https:\/\/www.facebook.com\/JCulturalrol\/\" title=\"Facebook\">Facebook<\/a><\/p>\n\n\n\n<p class=\"has-text-align-center\"><\/p>\n\n\n\n<p class=\"has-text-align-center\"><\/p>\n","protected":false},"excerpt":{"rendered":"<p>N\u00e3o h\u00e1 um s\u00f3 dia que eu esque\u00e7a,<br \/>\nseu nome ecoa nos meus pensamentos,<br \/>\npor todo lado, eu vejo voc\u00ea,<br \/>\nno brilho dos desejos, nas sombras do vento.<\/p>\n","protected":false},"author":38,"featured_media":72377,"comment_status":"open","ping_status":"closed","sticky":false,"template":"","format":"standard","meta":{"_jetpack_newsletter_access":"","_jetpack_dont_email_post_to_subs":false,"_jetpack_newsletter_tier_id":0,"_jetpack_memberships_contains_paywalled_content":false,"_jetpack_memberships_contains_paid_content":false,"footnotes":""},"categories":[9285,58],"tags":[13972,13974,6700,7748,13973],"class_list":["post-72376","post","type-post","status-publish","format-standard","has-post-thumbnail","hentry","category-literatura","category-poesias","tag-brilho-dos-desejos","tag-entrelinhas-do-tempo","tag-pensamentos","tag-saudades","tag-sombras-do-vento"],"aioseo_notices":[],"views":675,"jetpack_featured_media_url":"https:\/\/jornalrol.com.br\/wp-content\/uploads\/2025\/03\/DALL\u00b7E-2025-03-06-08.37.05-A-poetic-and-melancholic-scene-featuring-a-person-sitting-alone-by-a-window-at-night-gazing-at-the-moon.-The-wind-moves-the-curtains-gently-and-a-fa-2.webp","jetpack_sharing_enabled":true,"jetpack_likes_enabled":true,"jetpack-related-posts":[{"id":60398,"url":"https:\/\/jornalrol.com.br\/?p=60398","url_meta":{"origin":72376,"position":0},"title":"Aferindo o amorz\u00f4metro por voc\u00ea","author":"Paulo Siuves","date":"24 de agosto de 2023","format":false,"excerpt":"Se eu pudesse calcular e a velocidade e se desse mais breve que o piscar de olhos\u2026 Se eu pudesse medir e a medida n\u00e3o passasse de meio gr\u00e3o de ervilha\u2026","rel":"","context":"Em &quot;Literatura&quot;","block_context":{"text":"Literatura","link":"https:\/\/jornalrol.com.br\/?cat=9285"},"img":{"alt_text":"Paulo Siuves","src":"https:\/\/i0.wp.com\/www.jornalrol.com.br\/wp-content\/uploads\/2023\/05\/Paulo-Siuves.jpg?resize=350%2C200&ssl=1","width":350,"height":200},"classes":[]},{"id":66451,"url":"https:\/\/jornalrol.com.br\/?p=66451","url_meta":{"origin":72376,"position":1},"title":"Dan\u00e7a insone entre a mente e o repouso","author":"Paulo Siuves","date":"13 de maio de 2024","format":false,"excerpt":"No sil\u00eancio da noite, minha mente desperta, enquanto o mundo se perde nos bra\u00e7os do sono. As sombras dan\u00e7am, enigmas na escurid\u00e3o. Enquanto o rel\u00f3gio sussurra","rel":"","context":"Em &quot;Literatura&quot;","block_context":{"text":"Literatura","link":"https:\/\/jornalrol.com.br\/?cat=9285"},"img":{"alt_text":"\"Dan\u00e7a insone entre a mente e o repouso\"","src":"https:\/\/i0.wp.com\/jornalrol.com.br\/wp-content\/uploads\/2024\/05\/OIG2.nGL_.jpg?resize=350%2C200&ssl=1","width":350,"height":200,"srcset":"https:\/\/i0.wp.com\/jornalrol.com.br\/wp-content\/uploads\/2024\/05\/OIG2.nGL_.jpg?resize=350%2C200&ssl=1 1x, https:\/\/i0.wp.com\/jornalrol.com.br\/wp-content\/uploads\/2024\/05\/OIG2.nGL_.jpg?resize=525%2C300&ssl=1 1.5x, https:\/\/i0.wp.com\/jornalrol.com.br\/wp-content\/uploads\/2024\/05\/OIG2.nGL_.jpg?resize=700%2C400&ssl=1 2x"},"classes":[]},{"id":62369,"url":"https:\/\/jornalrol.com.br\/?p=62369","url_meta":{"origin":72376,"position":2},"title":"Voo ao sabor da ins\u00f4nia","author":"Paulo Siuves","date":"21 de outubro de 2023","format":false,"excerpt":"No sil\u00eancio da noite, minha mente desperta, enquanto o mundo se perde nos bra\u00e7os do sono. As sombras dan\u00e7am, enigmas na escurid\u00e3o, enquanto o rel\u00f3gio...","rel":"","context":"Em &quot;Literatura&quot;","block_context":{"text":"Literatura","link":"https:\/\/jornalrol.com.br\/?cat=9285"},"img":{"alt_text":"O rel\u00f3gio sussurra as horas, uma a uma","src":"https:\/\/i0.wp.com\/jornalrol.com.br\/wp-content\/uploads\/2023\/10\/OIG-2-1.jpg?resize=350%2C200&ssl=1","width":350,"height":200,"srcset":"https:\/\/i0.wp.com\/jornalrol.com.br\/wp-content\/uploads\/2023\/10\/OIG-2-1.jpg?resize=350%2C200&ssl=1 1x, https:\/\/i0.wp.com\/jornalrol.com.br\/wp-content\/uploads\/2023\/10\/OIG-2-1.jpg?resize=525%2C300&ssl=1 1.5x, https:\/\/i0.wp.com\/jornalrol.com.br\/wp-content\/uploads\/2023\/10\/OIG-2-1.jpg?resize=700%2C400&ssl=1 2x"},"classes":[]},{"id":59497,"url":"https:\/\/jornalrol.com.br\/?p=59497","url_meta":{"origin":72376,"position":3},"title":"No sil\u00eancio da ins\u00f4nia","author":"Paulo Siuves","date":"30 de julho de 2023","format":false,"excerpt":"S\u00e3o nas horas insones que os pensamentos ganham vida pr\u00f3pria, dan\u00e7ando em meio \u00e0s estrelas e sussurrando mist\u00e9rios ao vento. As preocupa\u00e7\u00f5es do dia se...","rel":"","context":"Em &quot;Cr\u00f4nicas&quot;","block_context":{"text":"Cr\u00f4nicas","link":"https:\/\/jornalrol.com.br\/?cat=9392"},"img":{"alt_text":"Foto do autor da cr\u00f4nica, o colunista Paulo Siuves","src":"https:\/\/i0.wp.com\/www.jornalrol.com.br\/wp-content\/uploads\/2023\/05\/Paulo-Siuves.jpg?resize=350%2C200&ssl=1","width":350,"height":200},"classes":[]},{"id":46504,"url":"https:\/\/jornalrol.com.br\/?p=46504","url_meta":{"origin":72376,"position":4},"title":"Paulo Siuves: &#039;Refr\u00e3o de um lamento&#039;","author":"Paulo Siuves","date":"16 de novembro de 2021","format":false,"excerpt":"Refr\u00e3o de um lamento Sinto o vibrar das cordas do meu viol\u00e3o Fa\u00e7o acordes ao l\u00e9u, velhos riffs somente. Nem uma s\u00f3 palavra me vem a mente Para compor uma nova can\u00e7\u00e3o Mas quando me lembro das cenas De tudo que juntos pudemos viver Sorrio triste, chego a estremecer. A\u00ed,\u2026","rel":"","context":"Em &quot;Comunica\u00e7\u00e3o&quot;","block_context":{"text":"Comunica\u00e7\u00e3o","link":"https:\/\/jornalrol.com.br\/?cat=7"},"img":{"alt_text":"","src":"https:\/\/i0.wp.com\/www.jornalrol.com.br\/wp-content\/uploads\/2021\/05\/IMG-20201015-WA00891-150x150.jpg?resize=350%2C200","width":350,"height":200},"classes":[]},{"id":51052,"url":"https:\/\/jornalrol.com.br\/?p=51052","url_meta":{"origin":72376,"position":5},"title":"Paulo Siuves: &#039;Continuar sonhando&#039;","author":"Paulo Siuves","date":"10 de julho de 2022","format":false,"excerpt":"Continuar sonhando Acordei. Lembro-me do sonho; aquele olhar meigo, desajeitado, quando me recebeu nos bra\u00e7os. \u00a0 Cabelos exalando perfume de sedu\u00e7\u00e3o; andando manhosa em minha dire\u00e7\u00e3o... e um sorriso ing\u00eanuo completava o quadro. \u00a0 Voc\u00ea recebeu-me assim, aconchegou-se ao meu peito e sussurrou qualquer coisa ao me envolver, abra\u00e7ando-me. \u00a0\u2026","rel":"","context":"Em &quot;Comunica\u00e7\u00e3o&quot;","block_context":{"text":"Comunica\u00e7\u00e3o","link":"https:\/\/jornalrol.com.br\/?cat=7"},"img":{"alt_text":"","src":"https:\/\/i0.wp.com\/www.jornalrol.com.br\/wp-content\/uploads\/2021\/05\/IMG-20201015-WA00891-128x300.jpg?resize=350%2C200","width":350,"height":200},"classes":[]}],"_links":{"self":[{"href":"https:\/\/jornalrol.com.br\/index.php?rest_route=\/wp\/v2\/posts\/72376","targetHints":{"allow":["GET"]}}],"collection":[{"href":"https:\/\/jornalrol.com.br\/index.php?rest_route=\/wp\/v2\/posts"}],"about":[{"href":"https:\/\/jornalrol.com.br\/index.php?rest_route=\/wp\/v2\/types\/post"}],"author":[{"embeddable":true,"href":"https:\/\/jornalrol.com.br\/index.php?rest_route=\/wp\/v2\/users\/38"}],"replies":[{"embeddable":true,"href":"https:\/\/jornalrol.com.br\/index.php?rest_route=%2Fwp%2Fv2%2Fcomments&post=72376"}],"version-history":[{"count":1,"href":"https:\/\/jornalrol.com.br\/index.php?rest_route=\/wp\/v2\/posts\/72376\/revisions"}],"predecessor-version":[{"id":72378,"href":"https:\/\/jornalrol.com.br\/index.php?rest_route=\/wp\/v2\/posts\/72376\/revisions\/72378"}],"wp:featuredmedia":[{"embeddable":true,"href":"https:\/\/jornalrol.com.br\/index.php?rest_route=\/wp\/v2\/media\/72377"}],"wp:attachment":[{"href":"https:\/\/jornalrol.com.br\/index.php?rest_route=%2Fwp%2Fv2%2Fmedia&parent=72376"}],"wp:term":[{"taxonomy":"category","embeddable":true,"href":"https:\/\/jornalrol.com.br\/index.php?rest_route=%2Fwp%2Fv2%2Fcategories&post=72376"},{"taxonomy":"post_tag","embeddable":true,"href":"https:\/\/jornalrol.com.br\/index.php?rest_route=%2Fwp%2Fv2%2Ftags&post=72376"}],"curies":[{"name":"wp","href":"https:\/\/api.w.org\/{rel}","templated":true}]}}