{"id":72862,"date":"2025-04-10T09:52:19","date_gmt":"2025-04-10T12:52:19","guid":{"rendered":"https:\/\/jornalrol.com.br\/?p=72862"},"modified":"2025-04-10T20:14:05","modified_gmt":"2025-04-10T23:14:05","slug":"desaprendi","status":"publish","type":"post","link":"https:\/\/jornalrol.com.br\/?p=72862","title":{"rendered":"Desaprendi"},"content":{"rendered":"<div class=\"pdfprnt-buttons pdfprnt-buttons-post pdfprnt-top-right\"><a href=\"https:\/\/jornalrol.com.br\/index.php?rest_route=%2Fwp%2Fv2%2Fposts%2F72862&print=pdf\" class=\"pdfprnt-button pdfprnt-button-pdf\" target=\"_blank\" ><\/a><a href=\"https:\/\/jornalrol.com.br\/index.php?rest_route=%2Fwp%2Fv2%2Fposts%2F72862&print=print\" class=\"pdfprnt-button pdfprnt-button-print\" target=\"_blank\" ><img decoding=\"async\" src=\"https:\/\/jornalrol.com.br\/wp-content\/plugins\/pdf-print\/images\/print.png\" alt=\"image_print\" title=\"Conte\u00fado de impress\u00e3o\" \/><\/a><\/div>\n<h2 class=\"wp-block-heading has-text-align-center\">Loide Afonso: Poema &#8216;Desaprendi&#8217;<br><br><\/h2>\n\n\n<div class=\"wp-block-image is-style-rounded\">\n<figure class=\"aligncenter size-full is-resized\"><img loading=\"lazy\" decoding=\"async\" width=\"960\" height=\"1280\" data-attachment-id=\"69135\" data-permalink=\"https:\/\/jornalrol.com.br\/?attachment_id=69135\" data-orig-file=\"https:\/\/jornalrol.com.br\/wp-content\/uploads\/2024\/09\/WhatsApp-Image-2024-08-21-at-13.34.23-1.jpeg\" data-orig-size=\"960,1280\" data-comments-opened=\"1\" data-image-meta=\"{&quot;aperture&quot;:&quot;0&quot;,&quot;credit&quot;:&quot;&quot;,&quot;camera&quot;:&quot;&quot;,&quot;caption&quot;:&quot;&quot;,&quot;created_timestamp&quot;:&quot;0&quot;,&quot;copyright&quot;:&quot;&quot;,&quot;focal_length&quot;:&quot;0&quot;,&quot;iso&quot;:&quot;0&quot;,&quot;shutter_speed&quot;:&quot;0&quot;,&quot;title&quot;:&quot;&quot;,&quot;orientation&quot;:&quot;0&quot;}\" data-image-title=\"WhatsApp Image 2024-08-21 at 13.34.23 (1)\" data-image-description=\"&lt;p&gt;Loid Portugal&lt;\/p&gt;\n\" data-image-caption=\"&lt;p&gt;Loid Portugal&lt;\/p&gt;\n\" data-large-file=\"https:\/\/jornalrol.com.br\/wp-content\/uploads\/2024\/09\/WhatsApp-Image-2024-08-21-at-13.34.23-1.jpeg\" src=\"http:\/\/jornalrol.com.br\/wp-content\/uploads\/2024\/09\/WhatsApp-Image-2024-08-21-at-13.34.23-1.jpeg\" alt=\"Loid Portugal\" class=\"wp-image-69135\" style=\"width:124px;height:auto\" srcset=\"https:\/\/jornalrol.com.br\/wp-content\/uploads\/2024\/09\/WhatsApp-Image-2024-08-21-at-13.34.23-1.jpeg 960w, https:\/\/jornalrol.com.br\/wp-content\/uploads\/2024\/09\/WhatsApp-Image-2024-08-21-at-13.34.23-1-900x1200.jpeg 900w, https:\/\/jornalrol.com.br\/wp-content\/uploads\/2024\/09\/WhatsApp-Image-2024-08-21-at-13.34.23-1-768x1024.jpeg 768w\" sizes=\"auto, (max-width: 960px) 100vw, 960px\" \/><figcaption class=\"wp-element-caption\">Loid Portugal<\/figcaption><\/figure>\n<\/div>\n\n<div class=\"wp-block-image\">\n<figure class=\"aligncenter size-full is-resized\"><img loading=\"lazy\" decoding=\"async\" width=\"1024\" height=\"1024\" data-attachment-id=\"72863\" data-permalink=\"https:\/\/jornalrol.com.br\/?attachment_id=72863\" data-orig-file=\"https:\/\/jornalrol.com.br\/wp-content\/uploads\/2025\/04\/OIG4.QzINFl.jpg\" data-orig-size=\"1024,1024\" data-comments-opened=\"1\" data-image-meta=\"{&quot;aperture&quot;:&quot;0&quot;,&quot;credit&quot;:&quot;&quot;,&quot;camera&quot;:&quot;&quot;,&quot;caption&quot;:&quot;&quot;,&quot;created_timestamp&quot;:&quot;0&quot;,&quot;copyright&quot;:&quot;&quot;,&quot;focal_length&quot;:&quot;0&quot;,&quot;iso&quot;:&quot;0&quot;,&quot;shutter_speed&quot;:&quot;0&quot;,&quot;title&quot;:&quot;&quot;,&quot;orientation&quot;:&quot;0&quot;}\" data-image-title=\"OIG4.QzINFl\" data-image-description=\"\" data-image-caption=\"\" data-large-file=\"https:\/\/jornalrol.com.br\/wp-content\/uploads\/2025\/04\/OIG4.QzINFl.jpg\" src=\"https:\/\/jornalrol.com.br\/wp-content\/uploads\/2025\/04\/OIG4.QzINFl.jpg\" alt=\"\" class=\"wp-image-72863\" style=\"width:328px;height:auto\" srcset=\"https:\/\/jornalrol.com.br\/wp-content\/uploads\/2025\/04\/OIG4.QzINFl.jpg 1024w, https:\/\/jornalrol.com.br\/wp-content\/uploads\/2025\/04\/OIG4.QzINFl-600x600.jpg 600w, https:\/\/jornalrol.com.br\/wp-content\/uploads\/2025\/04\/OIG4.QzINFl-768x768.jpg 768w\" sizes=\"auto, (max-width: 1024px) 100vw, 1024px\" \/><figcaption class=\"wp-element-caption\"><em>Imagem criada por Ia no Bing &#8211; 10 de abril de 2025,<\/em><br><em> \u00e0s 09:49 PM<\/em><\/figcaption><\/figure>\n<\/div>\n\n\n<p class=\"has-text-align-center\">Se eu soubesse<br>Como te apagar<br>Da mente<br>J\u00e1 faria<\/p>\n\n\n\n<p class=\"has-text-align-center\">Compraria uma borracha<br>Do tamanho da decep\u00e7\u00e3o<\/p>\n\n\n\n<p class=\"has-text-align-center\">E desilus\u00e3o que estou<br>Sentindo<br>Da altura do carinho<br>Que te dei<br>Que partilhei<\/p>\n\n\n\n<p class=\"has-text-align-center\">Se eu soubesse, j\u00e1 faria<\/p>\n\n\n\n<p class=\"has-text-align-center\">Casaria com outra pessoa<br>Ou fugiria<br>Corria<\/p>\n\n\n\n<p class=\"has-text-align-center\">Mais eu n\u00e3o sei como<\/p>\n\n\n\n<p class=\"has-text-align-center\">Desaprendi a viver<br>A respirar<br>Andar<br>Cantar<\/p>\n\n\n\n<p class=\"has-text-align-center\">Desaprendi a rir<br>Nem sei mais chorar<br>Eu n\u00e3o sei mais, n\u00e3o sei!<\/p>\n\n\n\n<p class=\"has-text-align-center\"><br><strong>Loid Portugal<\/strong><\/p>\n\n\n\n<div class=\"wp-block-columns is-layout-flex wp-container-core-columns-is-layout-9d6595d7 wp-block-columns-is-layout-flex\">\n<div class=\"wp-block-column is-layout-flow wp-block-column-is-layout-flow\">\n<h4 class=\"wp-block-heading has-text-align-center has-luminous-vivid-amber-to-luminous-vivid-orange-gradient-background has-background\"><a href=\"https:\/\/www.facebook.com\/people\/Loid-Portugal\/61550084790156\/?locale=pt_BR\" target=\"_blank\" rel=\"noopener\" title=\"FACEBOOK\">FACEBOOK<\/a><\/h4>\n<\/div>\n\n\n\n<div class=\"wp-block-column is-layout-flow wp-block-column-is-layout-flow\">\n<h4 class=\"wp-block-heading has-text-align-center has-luminous-vivid-amber-to-luminous-vivid-orange-gradient-background has-background\"><a href=\"https:\/\/www.instagram.com\/loidlap\/\" title=\"INSTAGRAM\">INSTAGRAM<\/a><\/h4>\n<\/div>\n<\/div>\n\n\n\n<p><a href=\"https:\/\/jornalrol.com.br\/\" title=\"Voltar\">Voltar<\/a><\/p>\n\n\n\n<p><a href=\"https:\/\/www.facebook.com\/JCulturalrol.com\/\" title=\"Facebook\">Facebook<\/a><\/p>\n","protected":false},"excerpt":{"rendered":"<p>Se eu soubesse como te apagar da mente, j\u00e1 faria. Compraria uma borracha do tamanho da decep\u00e7\u00e3o e desilus\u00e3o que estou sentindo; da altura do carinho que te&#8230;<\/p>\n","protected":false},"author":114,"featured_media":72863,"comment_status":"open","ping_status":"closed","sticky":false,"template":"","format":"standard","meta":{"_jetpack_newsletter_access":"","_jetpack_dont_email_post_to_subs":false,"_jetpack_newsletter_tier_id":0,"_jetpack_memberships_contains_paywalled_content":false,"_jetpack_memberships_contains_paid_content":false,"footnotes":""},"categories":[9285,58],"tags":[11345,2655,2728],"class_list":["post-72862","post","type-post","status-publish","format-standard","has-post-thumbnail","hentry","category-literatura","category-poesias","tag-carinho","tag-decepcao","tag-desilusao"],"aioseo_notices":[],"views":631,"jetpack_featured_media_url":"https:\/\/jornalrol.com.br\/wp-content\/uploads\/2025\/04\/OIG4.QzINFl.jpg","jetpack_sharing_enabled":true,"jetpack_likes_enabled":true,"jetpack-related-posts":[{"id":76946,"url":"https:\/\/jornalrol.com.br\/?p=76946","url_meta":{"origin":72862,"position":0},"title":"Dia feio","author":"Loide Afonso","date":"26 de novembro de 2025","format":false,"excerpt":"Foram passos largos e r\u00e1pidos, batimentos card\u00edacos sem velocidade definida, corpo suando, adrenalina a mil, olhos emba\u00e7ados, m\u00fasica alta do vinil.","rel":"","context":"Em &quot;Sem categoria&quot;","block_context":{"text":"Sem categoria","link":"https:\/\/jornalrol.com.br\/?cat=1"},"img":{"alt_text":"Imagem criada por IA da Meta","src":"https:\/\/i0.wp.com\/jornalrol.com.br\/wp-content\/uploads\/2025\/11\/6cac92ec-c8b7-4916-b814-9149d916ddfa.jpg?resize=350%2C200&ssl=1","width":350,"height":200,"srcset":"https:\/\/i0.wp.com\/jornalrol.com.br\/wp-content\/uploads\/2025\/11\/6cac92ec-c8b7-4916-b814-9149d916ddfa.jpg?resize=350%2C200&ssl=1 1x, https:\/\/i0.wp.com\/jornalrol.com.br\/wp-content\/uploads\/2025\/11\/6cac92ec-c8b7-4916-b814-9149d916ddfa.jpg?resize=525%2C300&ssl=1 1.5x, https:\/\/i0.wp.com\/jornalrol.com.br\/wp-content\/uploads\/2025\/11\/6cac92ec-c8b7-4916-b814-9149d916ddfa.jpg?resize=700%2C400&ssl=1 2x"},"classes":[]},{"id":40064,"url":"https:\/\/jornalrol.com.br\/?p=40064","url_meta":{"origin":72862,"position":1},"title":"Ant\u00f4nio Fernandes do R\u00eago: &#039;Desilus\u00e3o&#039;","author":"Sergio Diniz da Costa","date":"25 de abril de 2021","format":false,"excerpt":"Desilus\u00e3o Singrei os turbilh\u00f5es dos oceanos, Comi p\u00f3 e carv\u00e3o na turva estrada, Trago a minha alma em sonhos fatigada, Cruzei \u00e0 remo o mar dos desenganos. \u00a0 Deslindando das grutas os arcanos, Fui \u00e1guia e agora ao fim de mil jornadas Foi-se as penas das asas espalmadas Na escalada\u2026","rel":"","context":"Em &quot;Comunica\u00e7\u00e3o&quot;","block_context":{"text":"Comunica\u00e7\u00e3o","link":"https:\/\/jornalrol.com.br\/?cat=7"},"img":{"alt_text":"","src":"https:\/\/i0.wp.com\/www.jornalrol.com.br\/wp-content\/uploads\/2020\/07\/Foto-Pessoal-de-AFR-150x150.jpg?resize=350%2C200","width":350,"height":200},"classes":[]},{"id":71497,"url":"https:\/\/jornalrol.com.br\/?p=71497","url_meta":{"origin":72862,"position":2},"title":"Cheguei","author":"Loide Afonso","date":"9 de janeiro de 2025","format":false,"excerpt":"Uma vez sonhei que estava andando lentamente numa estrada longa, distante, fria e o meu cad\u00e1ver andante estava j\u00e1 cansado. Parei, olhei ao redor, sentei e...","rel":"","context":"Em &quot;Literatura&quot;","block_context":{"text":"Literatura","link":"https:\/\/jornalrol.com.br\/?cat=9285"},"img":{"alt_text":"Loid Portugal","src":"https:\/\/i0.wp.com\/jornalrol.com.br\/wp-content\/uploads\/2024\/09\/WhatsApp-Image-2024-08-21-at-13.34.23-1.jpeg?resize=350%2C200&ssl=1","width":350,"height":200,"srcset":"https:\/\/i0.wp.com\/jornalrol.com.br\/wp-content\/uploads\/2024\/09\/WhatsApp-Image-2024-08-21-at-13.34.23-1.jpeg?resize=350%2C200&ssl=1 1x, https:\/\/i0.wp.com\/jornalrol.com.br\/wp-content\/uploads\/2024\/09\/WhatsApp-Image-2024-08-21-at-13.34.23-1.jpeg?resize=525%2C300&ssl=1 1.5x, https:\/\/i0.wp.com\/jornalrol.com.br\/wp-content\/uploads\/2024\/09\/WhatsApp-Image-2024-08-21-at-13.34.23-1.jpeg?resize=700%2C400&ssl=1 2x"},"classes":[]},{"id":68803,"url":"https:\/\/jornalrol.com.br\/?p=68803","url_meta":{"origin":72862,"position":3},"title":"No Jornal ROL, a juventude art\u00edstica e liter\u00e1ria de Loid Portugal!","author":"Sergio Diniz da Costa","date":"19 de agosto de 2024","format":false,"excerpt":"Loide Afonso, 26, mais conhecida no meio liter\u00e1rio como Loid Portugal, \u00e9 natural de Conda, prov\u00edncia do Cuanza Sul, Angola, e atualmente reside em Windhoek...","rel":"","context":"Em &quot;Sem categoria&quot;","block_context":{"text":"Sem categoria","link":"https:\/\/jornalrol.com.br\/?cat=1"},"img":{"alt_text":"Loid Portugal","src":"https:\/\/i0.wp.com\/jornalrol.com.br\/wp-content\/uploads\/2024\/08\/2bb7793a-b301-4c9c-b1c9-1965153cb8a1.jpeg?resize=350%2C200&ssl=1","width":350,"height":200,"srcset":"https:\/\/i0.wp.com\/jornalrol.com.br\/wp-content\/uploads\/2024\/08\/2bb7793a-b301-4c9c-b1c9-1965153cb8a1.jpeg?resize=350%2C200&ssl=1 1x, https:\/\/i0.wp.com\/jornalrol.com.br\/wp-content\/uploads\/2024\/08\/2bb7793a-b301-4c9c-b1c9-1965153cb8a1.jpeg?resize=525%2C300&ssl=1 1.5x, https:\/\/i0.wp.com\/jornalrol.com.br\/wp-content\/uploads\/2024\/08\/2bb7793a-b301-4c9c-b1c9-1965153cb8a1.jpeg?resize=700%2C400&ssl=1 2x"},"classes":[]},{"id":74476,"url":"https:\/\/jornalrol.com.br\/?p=74476","url_meta":{"origin":72862,"position":4},"title":"Cabe\u00e7a e terra","author":"Loide Afonso","date":"21 de julho de 2025","format":false,"excerpt":"Loide Afonso: Poema 'Cabe\u00e7a e terra' Loid Portugal Imagem criaa por IA da Meta. 21 de julho de 2025, \u00e0s 09:23 PM No princ\u00edpioS\u00e3o migalhasTrechosPalavras soltas Que flutuamGiramNas ondasTamb\u00e9m Vibram Os l\u00e1bios trememQuando as palavras gritamE as cordas vocais As cordas, s\u00e3o longas. Depois de horasAs grades abriramAs correntes ca\u00edramE\u2026","rel":"","context":"Em &quot;Literatura&quot;","block_context":{"text":"Literatura","link":"https:\/\/jornalrol.com.br\/?cat=9285"},"img":{"alt_text":"Imagem criaa por IA da Meta. 21 de julho de 2025, \u00e0s 09:23 PM","src":"https:\/\/i0.wp.com\/jornalrol.com.br\/wp-content\/uploads\/2025\/07\/1c7cc9ff-0ff1-4d55-81dd-97f840a43359.jpg?resize=350%2C200&ssl=1","width":350,"height":200,"srcset":"https:\/\/i0.wp.com\/jornalrol.com.br\/wp-content\/uploads\/2025\/07\/1c7cc9ff-0ff1-4d55-81dd-97f840a43359.jpg?resize=350%2C200&ssl=1 1x, https:\/\/i0.wp.com\/jornalrol.com.br\/wp-content\/uploads\/2025\/07\/1c7cc9ff-0ff1-4d55-81dd-97f840a43359.jpg?resize=525%2C300&ssl=1 1.5x, https:\/\/i0.wp.com\/jornalrol.com.br\/wp-content\/uploads\/2025\/07\/1c7cc9ff-0ff1-4d55-81dd-97f840a43359.jpg?resize=700%2C400&ssl=1 2x, https:\/\/i0.wp.com\/jornalrol.com.br\/wp-content\/uploads\/2025\/07\/1c7cc9ff-0ff1-4d55-81dd-97f840a43359.jpg?resize=1050%2C600&ssl=1 3x"},"classes":[]},{"id":78240,"url":"https:\/\/jornalrol.com.br\/?p=78240","url_meta":{"origin":72862,"position":5},"title":"Tenho saudades","author":"Loide Afonso","date":"3 de fevereiro de 2026","format":false,"excerpt":"Eu gostava de n\u00f3s quando na areia pul\u00e1vamos em frente ao Sol. Gostava de mim tamb\u00e9m Quando morria de sorrir ao te ouvir quando, com a noite, discutia...","rel":"","context":"Em &quot;Literatura&quot;","block_context":{"text":"Literatura","link":"https:\/\/jornalrol.com.br\/?cat=9285"},"img":{"alt_text":"","src":"https:\/\/i0.wp.com\/jornalrol.com.br\/wp-content\/uploads\/2026\/02\/AQNrwg1O1691InfLusvyPEYwehKYWCjLqlccp7mSk7rBGHGfm_n1mHVuvhxU0kPCBeT3Kp_B_5qiTWDZxYxZDz9OFntbIoBeHu3_E5llHrWSSbEx1rks4UMQPDGt08GbGfpKYkgEjDjYSVzt8bctJLBpzJlX2g.jpeg?resize=350%2C200&ssl=1","width":350,"height":200,"srcset":"https:\/\/i0.wp.com\/jornalrol.com.br\/wp-content\/uploads\/2026\/02\/AQNrwg1O1691InfLusvyPEYwehKYWCjLqlccp7mSk7rBGHGfm_n1mHVuvhxU0kPCBeT3Kp_B_5qiTWDZxYxZDz9OFntbIoBeHu3_E5llHrWSSbEx1rks4UMQPDGt08GbGfpKYkgEjDjYSVzt8bctJLBpzJlX2g.jpeg?resize=350%2C200&ssl=1 1x, https:\/\/i0.wp.com\/jornalrol.com.br\/wp-content\/uploads\/2026\/02\/AQNrwg1O1691InfLusvyPEYwehKYWCjLqlccp7mSk7rBGHGfm_n1mHVuvhxU0kPCBeT3Kp_B_5qiTWDZxYxZDz9OFntbIoBeHu3_E5llHrWSSbEx1rks4UMQPDGt08GbGfpKYkgEjDjYSVzt8bctJLBpzJlX2g.jpeg?resize=525%2C300&ssl=1 1.5x, https:\/\/i0.wp.com\/jornalrol.com.br\/wp-content\/uploads\/2026\/02\/AQNrwg1O1691InfLusvyPEYwehKYWCjLqlccp7mSk7rBGHGfm_n1mHVuvhxU0kPCBeT3Kp_B_5qiTWDZxYxZDz9OFntbIoBeHu3_E5llHrWSSbEx1rks4UMQPDGt08GbGfpKYkgEjDjYSVzt8bctJLBpzJlX2g.jpeg?resize=700%2C400&ssl=1 2x"},"classes":[]}],"_links":{"self":[{"href":"https:\/\/jornalrol.com.br\/index.php?rest_route=\/wp\/v2\/posts\/72862","targetHints":{"allow":["GET"]}}],"collection":[{"href":"https:\/\/jornalrol.com.br\/index.php?rest_route=\/wp\/v2\/posts"}],"about":[{"href":"https:\/\/jornalrol.com.br\/index.php?rest_route=\/wp\/v2\/types\/post"}],"author":[{"embeddable":true,"href":"https:\/\/jornalrol.com.br\/index.php?rest_route=\/wp\/v2\/users\/114"}],"replies":[{"embeddable":true,"href":"https:\/\/jornalrol.com.br\/index.php?rest_route=%2Fwp%2Fv2%2Fcomments&post=72862"}],"version-history":[{"count":3,"href":"https:\/\/jornalrol.com.br\/index.php?rest_route=\/wp\/v2\/posts\/72862\/revisions"}],"predecessor-version":[{"id":72873,"href":"https:\/\/jornalrol.com.br\/index.php?rest_route=\/wp\/v2\/posts\/72862\/revisions\/72873"}],"wp:featuredmedia":[{"embeddable":true,"href":"https:\/\/jornalrol.com.br\/index.php?rest_route=\/wp\/v2\/media\/72863"}],"wp:attachment":[{"href":"https:\/\/jornalrol.com.br\/index.php?rest_route=%2Fwp%2Fv2%2Fmedia&parent=72862"}],"wp:term":[{"taxonomy":"category","embeddable":true,"href":"https:\/\/jornalrol.com.br\/index.php?rest_route=%2Fwp%2Fv2%2Fcategories&post=72862"},{"taxonomy":"post_tag","embeddable":true,"href":"https:\/\/jornalrol.com.br\/index.php?rest_route=%2Fwp%2Fv2%2Ftags&post=72862"}],"curies":[{"name":"wp","href":"https:\/\/api.w.org\/{rel}","templated":true}]}}