{"id":73213,"date":"2025-05-15T12:06:22","date_gmt":"2025-05-15T15:06:22","guid":{"rendered":"https:\/\/jornalrol.com.br\/?p=73213"},"modified":"2025-05-15T21:08:54","modified_gmt":"2025-05-16T00:08:54","slug":"academia-de-letras-de-indaiatuba-ali","status":"publish","type":"post","link":"https:\/\/jornalrol.com.br\/?p=73213","title":{"rendered":"Academia de Letras de Indaiatuba (ALI)"},"content":{"rendered":"<div class=\"pdfprnt-buttons pdfprnt-buttons-post pdfprnt-top-right\"><a href=\"https:\/\/jornalrol.com.br\/index.php?rest_route=%2Fwp%2Fv2%2Fposts%2F73213&print=pdf\" class=\"pdfprnt-button pdfprnt-button-pdf\" target=\"_blank\" ><\/a><a href=\"https:\/\/jornalrol.com.br\/index.php?rest_route=%2Fwp%2Fv2%2Fposts%2F73213&print=print\" class=\"pdfprnt-button pdfprnt-button-print\" target=\"_blank\" ><img decoding=\"async\" src=\"https:\/\/jornalrol.com.br\/wp-content\/plugins\/pdf-print\/images\/print.png\" alt=\"image_print\" title=\"Conte\u00fado de impress\u00e3o\" \/><\/a><\/div>\n<h2 class=\"wp-block-heading has-text-align-center\">Indaiatuba (SP) ganha academia e fortalece a cultura liter\u00e1ria<br><br><\/h2>\n\n\n<div class=\"wp-block-image\">\n<figure class=\"aligncenter size-full is-resized\"><img loading=\"lazy\" decoding=\"async\" width=\"2560\" height=\"2560\" data-attachment-id=\"73214\" data-permalink=\"https:\/\/jornalrol.com.br\/?attachment_id=73214\" data-orig-file=\"https:\/\/jornalrol.com.br\/wp-content\/uploads\/2025\/05\/logo-ALI-fbranco-02-compactado-scaled.png\" data-orig-size=\"2560,2560\" data-comments-opened=\"1\" data-image-meta=\"{&quot;aperture&quot;:&quot;0&quot;,&quot;credit&quot;:&quot;&quot;,&quot;camera&quot;:&quot;&quot;,&quot;caption&quot;:&quot;&quot;,&quot;created_timestamp&quot;:&quot;0&quot;,&quot;copyright&quot;:&quot;&quot;,&quot;focal_length&quot;:&quot;0&quot;,&quot;iso&quot;:&quot;0&quot;,&quot;shutter_speed&quot;:&quot;0&quot;,&quot;title&quot;:&quot;&quot;,&quot;orientation&quot;:&quot;0&quot;}\" data-image-title=\"logo-ALI-fbranco-02-compactado\" data-image-description=\"\" data-image-caption=\"\" data-large-file=\"https:\/\/jornalrol.com.br\/wp-content\/uploads\/2025\/05\/logo-ALI-fbranco-02-compactado-scaled.png\" src=\"https:\/\/jornalrol.com.br\/wp-content\/uploads\/2025\/05\/logo-ALI-fbranco-02-compactado-scaled.png\" alt=\"Logo da Academia de Letras de Indaiatuba\" class=\"wp-image-73214\" style=\"width:331px;height:auto\" srcset=\"https:\/\/jornalrol.com.br\/wp-content\/uploads\/2025\/05\/logo-ALI-fbranco-02-compactado-scaled.png 2560w, https:\/\/jornalrol.com.br\/wp-content\/uploads\/2025\/05\/logo-ALI-fbranco-02-compactado-1200x1200.png 1200w, https:\/\/jornalrol.com.br\/wp-content\/uploads\/2025\/05\/logo-ALI-fbranco-02-compactado-600x600.png 600w, https:\/\/jornalrol.com.br\/wp-content\/uploads\/2025\/05\/logo-ALI-fbranco-02-compactado-768x768.png 768w, https:\/\/jornalrol.com.br\/wp-content\/uploads\/2025\/05\/logo-ALI-fbranco-02-compactado-1536x1536.png 1536w, https:\/\/jornalrol.com.br\/wp-content\/uploads\/2025\/05\/logo-ALI-fbranco-02-compactado-2048x2048.png 2048w\" sizes=\"auto, (max-width: 2560px) 100vw, 2560px\" \/><figcaption class=\"wp-element-caption\"><em>Logo da Academia de Letras de Indaiatuba<\/em><\/figcaption><\/figure>\n<\/div>\n\n\n<h3 class=\"wp-block-heading has-text-align-center\"><em>A institui\u00e7\u00e3o, fundada por 17 escritores, promete valorizar a produ\u00e7\u00e3o liter\u00e1ria da cidade e homenagear grandes nomes da literatura brasileira<\/em><\/h3>\n\n\n\n<p><br><strong>Indaiatuba, maio de 2025<\/strong> \u2013 A cidade de Indaiatuba acaba de escrever um novo cap\u00edtulo em sua hist\u00f3ria cultural com a funda\u00e7\u00e3o da <strong>Academia de Letras de Indaiatuba (ALI)<\/strong>, oficializada no \u00faltimo m\u00eas de mar\u00e7o. A iniciativa, idealizada pela escritora <strong>Jacimara Martins Siqueira de Miranda<\/strong> em 2024, surgiu da percep\u00e7\u00e3o da necessidade de um espa\u00e7o institucional que promovesse e valorizasse a literatura local.<\/p>\n\n\n\n<p>Com o apoio da escritora <strong>Mariane Gomes Sievert Naschenweng<\/strong>, Jacimara reuniu um grupo de 17 escritores engajados, que trabalharam na elabora\u00e7\u00e3o do <strong>Estatuto e do Regimento<\/strong> da nova entidade. Ap\u00f3s meses de planejamento, os documentos foram aprovados em 18 de mar\u00e7o de 2025, marcando a cria\u00e7\u00e3o oficial da ALI.<\/p>\n\n\n\n<h3 class=\"wp-block-heading\"><br><br><strong>Primeira Diretoria Eleita<\/strong><\/h3>\n\n\n\n<p>No dia <strong>3 de maio de 2025<\/strong>, a Academia realizou a elei\u00e7\u00e3o de sua primeira diretoria, que ser\u00e1 presidida por <strong>Jos\u00e9 Henriques Martins<\/strong>, tendo <strong>Jacimara Martins Siqueira de Miranda<\/strong> como vice-presidente. A equipe administrativa tamb\u00e9m conta com:<\/p>\n\n\n\n<ul class=\"wp-block-list\">\n<li><strong>Secret\u00e1rias<\/strong>: Analma Queiroz Moura e Adriana Silva Barbosa<br><br><\/li>\n\n\n\n<li><strong>Tesoureiros<\/strong>: Marcelo Castro e Maria Jos\u00e9 Amgarten Rodolfo Gonella<br><br><\/li>\n\n\n\n<li><strong>Comiss\u00e3o Fiscal<\/strong>: Sueli de S\u00e1 Giovani, Darcio Calligaris e Cintia Henriques<\/li>\n<\/ul>\n\n\n\n<p><\/p>\n\n\n\n<h3 class=\"wp-block-heading\"><br><strong>Membros Fundadores e Suas Cadeiras<\/strong><\/h3>\n\n\n\n<p>A ALI \u00e9 composta por <strong>17 cadeiras<\/strong>, cada uma ocupada por um escritor fundador e dedicada a um patrono de destaque na literatura brasileira. A escolha dos homenageados reflete a diversidade e a riqueza da produ\u00e7\u00e3o liter\u00e1ria nacional, incluindo nomes como <strong>Machado de Assis, Cora Coralina, Clarice Lispector e Guimar\u00e3es Rosa<\/strong>.<\/p>\n\n\n\n<h3 class=\"wp-block-heading has-text-align-center\"><br>PATRONO DA ACADEMIA<br> Escritor e advogado Rubens de Campos Penteado<br><br><\/h3>\n\n\n\n<figure class=\"wp-block-image size-full\"><img loading=\"lazy\" decoding=\"async\" width=\"600\" height=\"376\" data-attachment-id=\"73257\" data-permalink=\"https:\/\/jornalrol.com.br\/?attachment_id=73257\" data-orig-file=\"https:\/\/jornalrol.com.br\/wp-content\/uploads\/2025\/05\/image-2.png\" data-orig-size=\"600,376\" data-comments-opened=\"1\" data-image-meta=\"{&quot;aperture&quot;:&quot;0&quot;,&quot;credit&quot;:&quot;&quot;,&quot;camera&quot;:&quot;&quot;,&quot;caption&quot;:&quot;&quot;,&quot;created_timestamp&quot;:&quot;0&quot;,&quot;copyright&quot;:&quot;&quot;,&quot;focal_length&quot;:&quot;0&quot;,&quot;iso&quot;:&quot;0&quot;,&quot;shutter_speed&quot;:&quot;0&quot;,&quot;title&quot;:&quot;&quot;,&quot;orientation&quot;:&quot;0&quot;}\" data-image-title=\"image\" data-image-description=\"\" data-image-caption=\"\" data-large-file=\"https:\/\/jornalrol.com.br\/wp-content\/uploads\/2025\/05\/image-2.png\" src=\"https:\/\/jornalrol.com.br\/wp-content\/uploads\/2025\/05\/image-2.png\" alt=\"lista dos membros fundadores, sua cadeira e patrono\" class=\"wp-image-73257\"\/><\/figure>\n\n\n\n<p class=\"has-text-align-center\"><\/p>\n\n\n\n<h3 class=\"wp-block-heading\"><strong>Um Marco para a Cultura de Indaiatuba<\/strong><\/h3>\n\n\n\n<p>A cria\u00e7\u00e3o da ALI representa um avan\u00e7o significativo para a cena liter\u00e1ria da cidade, oferecendo um espa\u00e7o de reconhecimento, debate e incentivo \u00e0 escrita local.<\/p>\n\n\n\n<p>A Academia planeja promover eventos, palestras e publica\u00e7\u00f5es que fortale\u00e7am o di\u00e1logo entre autores e a comunidade.<\/p>\n\n\n\n<p>Para o presidente <strong>Jos\u00e9 Henriques Martins<\/strong>, a institui\u00e7\u00e3o \u00e9 um sonho realizado: <\/p>\n\n\n\n<p class=\"has-text-align-center\"><em>&#8220;A ALI nasce com a miss\u00e3o de preservar e difundir a literatura, <\/em><br><em>inspirando novas gera\u00e7\u00f5es de escritores e leitores em Indaiatuba.&#8221;<\/em><\/p>\n\n\n\n<p>A expectativa \u00e9 que, nos pr\u00f3ximos anos, a Academia se consolide como um <strong>polo cultural ativo<\/strong>, contribuindo para o enriquecimento art\u00edstico e educacional da regi\u00e3o.<\/p>\n\n\n\n<h3 class=\"wp-block-heading\"><strong>Servi\u00e7o:<\/strong><\/h3>\n\n\n\n<ul class=\"wp-block-list\">\n<li><strong>Contato<\/strong><\/li>\n\n\n\n<li>E-meio:<a href=\"mailto: academiadeletrasdeindaiatuba@gmail.com\" title=\" academiadeletrasdeindaiatuba@gmail.com\"> academiadeletrasdeindaiatuba@gmail.com<\/a><br><\/li>\n\n\n\n<li><strong>Rede social<\/strong>:<\/li>\n\n\n\n<li>Instagram: <a href=\"https:\/\/www.instagram.com\/academiadeletrasdeindaiatuba\/\" target=\"_blank\" rel=\"noopener\" title=\"\">https:\/\/www.instagram.com\/academiadeletrasdeindaiatuba\/<\/a><\/li>\n<\/ul>\n\n\n\n<h2 class=\"wp-block-heading has-text-align-center\">Fotos<br><\/h2>\n\n\n\n<figure class=\"wp-block-gallery has-nested-images columns-default is-cropped wp-block-gallery-1 is-layout-flex wp-block-gallery-is-layout-flex\">\n<figure class=\"wp-block-image size-large\"><img loading=\"lazy\" decoding=\"async\" width=\"1200\" height=\"1600\" data-attachment-id=\"73219\" data-permalink=\"https:\/\/jornalrol.com.br\/?attachment_id=73219\" data-orig-file=\"https:\/\/jornalrol.com.br\/wp-content\/uploads\/2025\/05\/20204-11-23-Foto-001.jpeg\" data-orig-size=\"1200,1600\" data-comments-opened=\"1\" data-image-meta=\"{&quot;aperture&quot;:&quot;0&quot;,&quot;credit&quot;:&quot;&quot;,&quot;camera&quot;:&quot;&quot;,&quot;caption&quot;:&quot;&quot;,&quot;created_timestamp&quot;:&quot;0&quot;,&quot;copyright&quot;:&quot;&quot;,&quot;focal_length&quot;:&quot;0&quot;,&quot;iso&quot;:&quot;0&quot;,&quot;shutter_speed&quot;:&quot;0&quot;,&quot;title&quot;:&quot;&quot;,&quot;orientation&quot;:&quot;0&quot;}\" data-image-title=\"20204-11-23-Foto-001\" data-image-description=\"\" data-image-caption=\"\" data-large-file=\"https:\/\/jornalrol.com.br\/wp-content\/uploads\/2025\/05\/20204-11-23-Foto-001.jpeg\" data-id=\"73219\" src=\"https:\/\/jornalrol.com.br\/wp-content\/uploads\/2025\/05\/20204-11-23-Foto-001.jpeg\" alt=\"Grupo de escritores Trabalhando para a cria\u00e7\u00e3o do estatuto \" class=\"wp-image-73219\" srcset=\"https:\/\/jornalrol.com.br\/wp-content\/uploads\/2025\/05\/20204-11-23-Foto-001.jpeg 1200w, https:\/\/jornalrol.com.br\/wp-content\/uploads\/2025\/05\/20204-11-23-Foto-001-900x1200.jpeg 900w, https:\/\/jornalrol.com.br\/wp-content\/uploads\/2025\/05\/20204-11-23-Foto-001-768x1024.jpeg 768w, https:\/\/jornalrol.com.br\/wp-content\/uploads\/2025\/05\/20204-11-23-Foto-001-1152x1536.jpeg 1152w\" sizes=\"auto, (max-width: 1200px) 100vw, 1200px\" \/><\/figure>\n\n\n\n<figure class=\"wp-block-image size-large\"><img loading=\"lazy\" decoding=\"async\" width=\"1600\" height=\"1197\" data-attachment-id=\"73215\" data-permalink=\"https:\/\/jornalrol.com.br\/?attachment_id=73215\" data-orig-file=\"https:\/\/jornalrol.com.br\/wp-content\/uploads\/2025\/05\/20204-11-23-Foto-002.jpeg\" data-orig-size=\"1600,1197\" data-comments-opened=\"1\" data-image-meta=\"{&quot;aperture&quot;:&quot;0&quot;,&quot;credit&quot;:&quot;&quot;,&quot;camera&quot;:&quot;&quot;,&quot;caption&quot;:&quot;&quot;,&quot;created_timestamp&quot;:&quot;0&quot;,&quot;copyright&quot;:&quot;&quot;,&quot;focal_length&quot;:&quot;0&quot;,&quot;iso&quot;:&quot;0&quot;,&quot;shutter_speed&quot;:&quot;0&quot;,&quot;title&quot;:&quot;&quot;,&quot;orientation&quot;:&quot;0&quot;}\" data-image-title=\"20204-11-23-Foto-002\" data-image-description=\"\" data-image-caption=\"\" data-large-file=\"https:\/\/jornalrol.com.br\/wp-content\/uploads\/2025\/05\/20204-11-23-Foto-002.jpeg\" data-id=\"73215\" src=\"https:\/\/jornalrol.com.br\/wp-content\/uploads\/2025\/05\/20204-11-23-Foto-002.jpeg\" alt=\"Grupo de escritores Trabalhando para a cria\u00e7\u00e3o do estatuto \" class=\"wp-image-73215\" srcset=\"https:\/\/jornalrol.com.br\/wp-content\/uploads\/2025\/05\/20204-11-23-Foto-002.jpeg 1600w, https:\/\/jornalrol.com.br\/wp-content\/uploads\/2025\/05\/20204-11-23-Foto-002-1200x898.jpeg 1200w, https:\/\/jornalrol.com.br\/wp-content\/uploads\/2025\/05\/20204-11-23-Foto-002-768x575.jpeg 768w, https:\/\/jornalrol.com.br\/wp-content\/uploads\/2025\/05\/20204-11-23-Foto-002-1536x1149.jpeg 1536w\" sizes=\"auto, (max-width: 1600px) 100vw, 1600px\" \/><\/figure>\n\n\n\n<figure class=\"wp-block-image size-large\"><img loading=\"lazy\" decoding=\"async\" width=\"1197\" height=\"1600\" data-attachment-id=\"73216\" data-permalink=\"https:\/\/jornalrol.com.br\/?attachment_id=73216\" data-orig-file=\"https:\/\/jornalrol.com.br\/wp-content\/uploads\/2025\/05\/20204-11-23-Foto-003.jpeg\" data-orig-size=\"1197,1600\" data-comments-opened=\"1\" data-image-meta=\"{&quot;aperture&quot;:&quot;0&quot;,&quot;credit&quot;:&quot;&quot;,&quot;camera&quot;:&quot;&quot;,&quot;caption&quot;:&quot;&quot;,&quot;created_timestamp&quot;:&quot;0&quot;,&quot;copyright&quot;:&quot;&quot;,&quot;focal_length&quot;:&quot;0&quot;,&quot;iso&quot;:&quot;0&quot;,&quot;shutter_speed&quot;:&quot;0&quot;,&quot;title&quot;:&quot;&quot;,&quot;orientation&quot;:&quot;0&quot;}\" data-image-title=\"20204-11-23-Foto-003\" data-image-description=\"\" data-image-caption=\"\" data-large-file=\"https:\/\/jornalrol.com.br\/wp-content\/uploads\/2025\/05\/20204-11-23-Foto-003.jpeg\" data-id=\"73216\" src=\"https:\/\/jornalrol.com.br\/wp-content\/uploads\/2025\/05\/20204-11-23-Foto-003.jpeg\" alt=\"Grupo de escritores Trabalhando para a cria\u00e7\u00e3o do estatuto \" class=\"wp-image-73216\" srcset=\"https:\/\/jornalrol.com.br\/wp-content\/uploads\/2025\/05\/20204-11-23-Foto-003.jpeg 1197w, https:\/\/jornalrol.com.br\/wp-content\/uploads\/2025\/05\/20204-11-23-Foto-003-898x1200.jpeg 898w, https:\/\/jornalrol.com.br\/wp-content\/uploads\/2025\/05\/20204-11-23-Foto-003-768x1027.jpeg 768w, https:\/\/jornalrol.com.br\/wp-content\/uploads\/2025\/05\/20204-11-23-Foto-003-1149x1536.jpeg 1149w\" sizes=\"auto, (max-width: 1197px) 100vw, 1197px\" \/><\/figure>\n\n\n\n<figure class=\"wp-block-image size-large\"><img loading=\"lazy\" decoding=\"async\" width=\"1600\" height=\"1200\" data-attachment-id=\"73218\" data-permalink=\"https:\/\/jornalrol.com.br\/?attachment_id=73218\" data-orig-file=\"https:\/\/jornalrol.com.br\/wp-content\/uploads\/2025\/05\/20204-11-23-Foto-004.jpeg\" data-orig-size=\"1600,1200\" data-comments-opened=\"1\" data-image-meta=\"{&quot;aperture&quot;:&quot;0&quot;,&quot;credit&quot;:&quot;&quot;,&quot;camera&quot;:&quot;&quot;,&quot;caption&quot;:&quot;&quot;,&quot;created_timestamp&quot;:&quot;0&quot;,&quot;copyright&quot;:&quot;&quot;,&quot;focal_length&quot;:&quot;0&quot;,&quot;iso&quot;:&quot;0&quot;,&quot;shutter_speed&quot;:&quot;0&quot;,&quot;title&quot;:&quot;&quot;,&quot;orientation&quot;:&quot;0&quot;}\" data-image-title=\"20204-11-23-Foto-004\" data-image-description=\"\" data-image-caption=\"\" data-large-file=\"https:\/\/jornalrol.com.br\/wp-content\/uploads\/2025\/05\/20204-11-23-Foto-004.jpeg\" data-id=\"73218\" src=\"https:\/\/jornalrol.com.br\/wp-content\/uploads\/2025\/05\/20204-11-23-Foto-004.jpeg\" alt=\"Grupo de escritores Trabalhando para a cria\u00e7\u00e3o do estatuto \" class=\"wp-image-73218\" srcset=\"https:\/\/jornalrol.com.br\/wp-content\/uploads\/2025\/05\/20204-11-23-Foto-004.jpeg 1600w, https:\/\/jornalrol.com.br\/wp-content\/uploads\/2025\/05\/20204-11-23-Foto-004-1200x900.jpeg 1200w, https:\/\/jornalrol.com.br\/wp-content\/uploads\/2025\/05\/20204-11-23-Foto-004-768x576.jpeg 768w, https:\/\/jornalrol.com.br\/wp-content\/uploads\/2025\/05\/20204-11-23-Foto-004-1536x1152.jpeg 1536w\" sizes=\"auto, (max-width: 1600px) 100vw, 1600px\" \/><\/figure>\n\n\n\n<figure class=\"wp-block-image size-large\"><img loading=\"lazy\" decoding=\"async\" width=\"1600\" height=\"1200\" data-attachment-id=\"73220\" data-permalink=\"https:\/\/jornalrol.com.br\/?attachment_id=73220\" data-orig-file=\"https:\/\/jornalrol.com.br\/wp-content\/uploads\/2025\/05\/20204-11-23-Foto-005.jpeg\" data-orig-size=\"1600,1200\" data-comments-opened=\"1\" data-image-meta=\"{&quot;aperture&quot;:&quot;0&quot;,&quot;credit&quot;:&quot;&quot;,&quot;camera&quot;:&quot;&quot;,&quot;caption&quot;:&quot;&quot;,&quot;created_timestamp&quot;:&quot;0&quot;,&quot;copyright&quot;:&quot;&quot;,&quot;focal_length&quot;:&quot;0&quot;,&quot;iso&quot;:&quot;0&quot;,&quot;shutter_speed&quot;:&quot;0&quot;,&quot;title&quot;:&quot;&quot;,&quot;orientation&quot;:&quot;0&quot;}\" data-image-title=\"20204-11-23-Foto-005\" data-image-description=\"\" data-image-caption=\"\" data-large-file=\"https:\/\/jornalrol.com.br\/wp-content\/uploads\/2025\/05\/20204-11-23-Foto-005.jpeg\" data-id=\"73220\" src=\"https:\/\/jornalrol.com.br\/wp-content\/uploads\/2025\/05\/20204-11-23-Foto-005.jpeg\" alt=\"Grupo de escritores Trabalhando para a cria\u00e7\u00e3o do estatuto \" class=\"wp-image-73220\" srcset=\"https:\/\/jornalrol.com.br\/wp-content\/uploads\/2025\/05\/20204-11-23-Foto-005.jpeg 1600w, https:\/\/jornalrol.com.br\/wp-content\/uploads\/2025\/05\/20204-11-23-Foto-005-1200x900.jpeg 1200w, https:\/\/jornalrol.com.br\/wp-content\/uploads\/2025\/05\/20204-11-23-Foto-005-768x576.jpeg 768w, https:\/\/jornalrol.com.br\/wp-content\/uploads\/2025\/05\/20204-11-23-Foto-005-1536x1152.jpeg 1536w\" sizes=\"auto, (max-width: 1600px) 100vw, 1600px\" \/><\/figure>\n\n\n\n<figure class=\"wp-block-image size-large\"><img loading=\"lazy\" decoding=\"async\" width=\"1600\" height=\"1200\" data-attachment-id=\"73217\" data-permalink=\"https:\/\/jornalrol.com.br\/?attachment_id=73217\" data-orig-file=\"https:\/\/jornalrol.com.br\/wp-content\/uploads\/2025\/05\/20204-11-23-Foto-006.jpeg\" data-orig-size=\"1600,1200\" data-comments-opened=\"1\" data-image-meta=\"{&quot;aperture&quot;:&quot;0&quot;,&quot;credit&quot;:&quot;&quot;,&quot;camera&quot;:&quot;&quot;,&quot;caption&quot;:&quot;&quot;,&quot;created_timestamp&quot;:&quot;0&quot;,&quot;copyright&quot;:&quot;&quot;,&quot;focal_length&quot;:&quot;0&quot;,&quot;iso&quot;:&quot;0&quot;,&quot;shutter_speed&quot;:&quot;0&quot;,&quot;title&quot;:&quot;&quot;,&quot;orientation&quot;:&quot;0&quot;}\" data-image-title=\"20204-11-23-Foto-006\" data-image-description=\"\" data-image-caption=\"\" data-large-file=\"https:\/\/jornalrol.com.br\/wp-content\/uploads\/2025\/05\/20204-11-23-Foto-006.jpeg\" data-id=\"73217\" src=\"https:\/\/jornalrol.com.br\/wp-content\/uploads\/2025\/05\/20204-11-23-Foto-006.jpeg\" alt=\"Grupo de escritores Trabalhando para a cria\u00e7\u00e3o do estatuto \" class=\"wp-image-73217\" srcset=\"https:\/\/jornalrol.com.br\/wp-content\/uploads\/2025\/05\/20204-11-23-Foto-006.jpeg 1600w, https:\/\/jornalrol.com.br\/wp-content\/uploads\/2025\/05\/20204-11-23-Foto-006-1200x900.jpeg 1200w, https:\/\/jornalrol.com.br\/wp-content\/uploads\/2025\/05\/20204-11-23-Foto-006-768x576.jpeg 768w, https:\/\/jornalrol.com.br\/wp-content\/uploads\/2025\/05\/20204-11-23-Foto-006-1536x1152.jpeg 1536w\" sizes=\"auto, (max-width: 1600px) 100vw, 1600px\" \/><\/figure>\n\n\n\n<figure class=\"wp-block-image size-large\"><img loading=\"lazy\" decoding=\"async\" width=\"1269\" height=\"545\" data-attachment-id=\"73221\" data-permalink=\"https:\/\/jornalrol.com.br\/?attachment_id=73221\" data-orig-file=\"https:\/\/jornalrol.com.br\/wp-content\/uploads\/2025\/05\/Captura-de-tela-2024-12-14-124712.png\" data-orig-size=\"1269,545\" data-comments-opened=\"1\" data-image-meta=\"{&quot;aperture&quot;:&quot;0&quot;,&quot;credit&quot;:&quot;&quot;,&quot;camera&quot;:&quot;&quot;,&quot;caption&quot;:&quot;&quot;,&quot;created_timestamp&quot;:&quot;0&quot;,&quot;copyright&quot;:&quot;&quot;,&quot;focal_length&quot;:&quot;0&quot;,&quot;iso&quot;:&quot;0&quot;,&quot;shutter_speed&quot;:&quot;0&quot;,&quot;title&quot;:&quot;&quot;,&quot;orientation&quot;:&quot;0&quot;}\" data-image-title=\"Captura de tela 2024-12-14 124712\" data-image-description=\"\" data-image-caption=\"\" data-large-file=\"https:\/\/jornalrol.com.br\/wp-content\/uploads\/2025\/05\/Captura-de-tela-2024-12-14-124712.png\" data-id=\"73221\" src=\"https:\/\/jornalrol.com.br\/wp-content\/uploads\/2025\/05\/Captura-de-tela-2024-12-14-124712.png\" alt=\"Grupo de escritores Trabalhando para a cria\u00e7\u00e3o do Regimento\" class=\"wp-image-73221\" srcset=\"https:\/\/jornalrol.com.br\/wp-content\/uploads\/2025\/05\/Captura-de-tela-2024-12-14-124712.png 1269w, https:\/\/jornalrol.com.br\/wp-content\/uploads\/2025\/05\/Captura-de-tela-2024-12-14-124712-1200x515.png 1200w, https:\/\/jornalrol.com.br\/wp-content\/uploads\/2025\/05\/Captura-de-tela-2024-12-14-124712-768x330.png 768w\" sizes=\"auto, (max-width: 1269px) 100vw, 1269px\" \/><\/figure>\n\n\n\n<figure class=\"wp-block-image size-large\"><img loading=\"lazy\" decoding=\"async\" width=\"1275\" height=\"566\" data-attachment-id=\"73222\" data-permalink=\"https:\/\/jornalrol.com.br\/?attachment_id=73222\" data-orig-file=\"https:\/\/jornalrol.com.br\/wp-content\/uploads\/2025\/05\/Foto-da-segunda-reuniao.png\" data-orig-size=\"1275,566\" data-comments-opened=\"1\" data-image-meta=\"{&quot;aperture&quot;:&quot;0&quot;,&quot;credit&quot;:&quot;&quot;,&quot;camera&quot;:&quot;&quot;,&quot;caption&quot;:&quot;&quot;,&quot;created_timestamp&quot;:&quot;0&quot;,&quot;copyright&quot;:&quot;&quot;,&quot;focal_length&quot;:&quot;0&quot;,&quot;iso&quot;:&quot;0&quot;,&quot;shutter_speed&quot;:&quot;0&quot;,&quot;title&quot;:&quot;&quot;,&quot;orientation&quot;:&quot;0&quot;}\" data-image-title=\"Foto da segunda reuni\u00e3o\" data-image-description=\"\" data-image-caption=\"\" data-large-file=\"https:\/\/jornalrol.com.br\/wp-content\/uploads\/2025\/05\/Foto-da-segunda-reuniao.png\" data-id=\"73222\" src=\"https:\/\/jornalrol.com.br\/wp-content\/uploads\/2025\/05\/Foto-da-segunda-reuniao.png\" alt=\"Grupo de escritores Trabalhando para a cria\u00e7\u00e3o do estatuto \" class=\"wp-image-73222\" srcset=\"https:\/\/jornalrol.com.br\/wp-content\/uploads\/2025\/05\/Foto-da-segunda-reuniao.png 1275w, https:\/\/jornalrol.com.br\/wp-content\/uploads\/2025\/05\/Foto-da-segunda-reuniao-1200x533.png 1200w, https:\/\/jornalrol.com.br\/wp-content\/uploads\/2025\/05\/Foto-da-segunda-reuniao-768x341.png 768w\" sizes=\"auto, (max-width: 1275px) 100vw, 1275px\" \/><\/figure>\n\n\n\n<figure class=\"wp-block-image size-large\"><img loading=\"lazy\" decoding=\"async\" width=\"1888\" height=\"730\" data-attachment-id=\"73223\" data-permalink=\"https:\/\/jornalrol.com.br\/?attachment_id=73223\" data-orig-file=\"https:\/\/jornalrol.com.br\/wp-content\/uploads\/2025\/05\/Foto-Reuniao-2025-02-20-221055.png\" data-orig-size=\"1888,730\" data-comments-opened=\"1\" data-image-meta=\"{&quot;aperture&quot;:&quot;0&quot;,&quot;credit&quot;:&quot;&quot;,&quot;camera&quot;:&quot;&quot;,&quot;caption&quot;:&quot;&quot;,&quot;created_timestamp&quot;:&quot;0&quot;,&quot;copyright&quot;:&quot;&quot;,&quot;focal_length&quot;:&quot;0&quot;,&quot;iso&quot;:&quot;0&quot;,&quot;shutter_speed&quot;:&quot;0&quot;,&quot;title&quot;:&quot;&quot;,&quot;orientation&quot;:&quot;0&quot;}\" data-image-title=\"Foto-Reuni\u00e3o-2025-02-20 221055\" data-image-description=\"\" data-image-caption=\"\" data-large-file=\"https:\/\/jornalrol.com.br\/wp-content\/uploads\/2025\/05\/Foto-Reuniao-2025-02-20-221055.png\" data-id=\"73223\" src=\"https:\/\/jornalrol.com.br\/wp-content\/uploads\/2025\/05\/Foto-Reuniao-2025-02-20-221055.png\" alt=\"Grupo de escritores Trabalhando para a cria\u00e7\u00e3o do estatuto \" class=\"wp-image-73223\" srcset=\"https:\/\/jornalrol.com.br\/wp-content\/uploads\/2025\/05\/Foto-Reuniao-2025-02-20-221055.png 1888w, https:\/\/jornalrol.com.br\/wp-content\/uploads\/2025\/05\/Foto-Reuniao-2025-02-20-221055-1200x464.png 1200w, https:\/\/jornalrol.com.br\/wp-content\/uploads\/2025\/05\/Foto-Reuniao-2025-02-20-221055-768x297.png 768w, https:\/\/jornalrol.com.br\/wp-content\/uploads\/2025\/05\/Foto-Reuniao-2025-02-20-221055-1536x594.png 1536w\" sizes=\"auto, (max-width: 1888px) 100vw, 1888px\" \/><\/figure>\n\n\n\n<figure class=\"wp-block-image size-large\"><img loading=\"lazy\" decoding=\"async\" width=\"1079\" height=\"1297\" data-attachment-id=\"73224\" data-permalink=\"https:\/\/jornalrol.com.br\/?attachment_id=73224\" data-orig-file=\"https:\/\/jornalrol.com.br\/wp-content\/uploads\/2025\/05\/Screenshot_20250504_124235_Instagram.jpg\" data-orig-size=\"1079,1297\" data-comments-opened=\"1\" data-image-meta=\"{&quot;aperture&quot;:&quot;0&quot;,&quot;credit&quot;:&quot;&quot;,&quot;camera&quot;:&quot;&quot;,&quot;caption&quot;:&quot;&quot;,&quot;created_timestamp&quot;:&quot;0&quot;,&quot;copyright&quot;:&quot;&quot;,&quot;focal_length&quot;:&quot;0&quot;,&quot;iso&quot;:&quot;0&quot;,&quot;shutter_speed&quot;:&quot;0&quot;,&quot;title&quot;:&quot;&quot;,&quot;orientation&quot;:&quot;0&quot;}\" data-image-title=\"Screenshot_20250504_124235_Instagram\" data-image-description=\"\" data-image-caption=\"\" data-large-file=\"https:\/\/jornalrol.com.br\/wp-content\/uploads\/2025\/05\/Screenshot_20250504_124235_Instagram.jpg\" data-id=\"73224\" src=\"https:\/\/jornalrol.com.br\/wp-content\/uploads\/2025\/05\/Screenshot_20250504_124235_Instagram.jpg\" alt=\"Foto ap\u00f3s vota\u00e7\u00e3o da primeira elei\u00e7\u00e3o da academia e a cria\u00e7\u00e3o das cadeiras e patronos.\" class=\"wp-image-73224\" srcset=\"https:\/\/jornalrol.com.br\/wp-content\/uploads\/2025\/05\/Screenshot_20250504_124235_Instagram.jpg 1079w, https:\/\/jornalrol.com.br\/wp-content\/uploads\/2025\/05\/Screenshot_20250504_124235_Instagram-998x1200.jpg 998w, https:\/\/jornalrol.com.br\/wp-content\/uploads\/2025\/05\/Screenshot_20250504_124235_Instagram-768x923.jpg 768w\" sizes=\"auto, (max-width: 1079px) 100vw, 1079px\" \/><\/figure>\n<\/figure>\n\n\n\n<p><br><\/p>\n\n\n\n<hr class=\"wp-block-separator has-alpha-channel-opacity is-style-wide\"\/>\n\n\n\n<p><a href=\"https:\/\/jornalrol.com.br\/\" title=\"\">Home<\/a><\/p>\n\n\n\n<p><a href=\"https:\/\/jornalrol.com.br\/\" title=\"Facebook\">Facebook<\/a><\/p>\n","protected":false},"excerpt":{"rendered":"<p>Academia de Letras de Indaiatuba \u00e9 fundada por 17 escritores para fortalecer cultura liter\u00e1ria na cidade, com cadeiras dedicadas a autores consagrados.<\/p>\n","protected":false},"author":6,"featured_media":73214,"comment_status":"open","ping_status":"closed","sticky":false,"template":"","format":"standard","meta":{"_jetpack_newsletter_access":"","_jetpack_dont_email_post_to_subs":false,"_jetpack_newsletter_tier_id":0,"_jetpack_memberships_contains_paywalled_content":false,"_jetpack_memberships_contains_paid_content":false,"footnotes":""},"categories":[1],"tags":[14276,14275,752,4093],"class_list":["post-73213","post","type-post","status-publish","format-standard","has-post-thumbnail","hentry","category-sem-categoria","tag-academia-de-letras","tag-academia-de-letras-de-indaiatuba","tag-ali","tag-fundacao"],"aioseo_notices":[],"views":948,"jetpack_featured_media_url":"https:\/\/jornalrol.com.br\/wp-content\/uploads\/2025\/05\/logo-ALI-fbranco-02-compactado-scaled.png","jetpack_sharing_enabled":true,"jetpack_likes_enabled":true,"jetpack-related-posts":[{"id":76330,"url":"https:\/\/jornalrol.com.br\/?p=76330","url_meta":{"origin":73213,"position":0},"title":"Academia de Letras marca nova era cultural em Indaiatuba","author":"Sergio Diniz da Costa","date":"22 de outubro de 2025","format":false,"excerpt":"Solenidade marca a posse dos membros da Academia de Letras de Indaiatuba, celebrando a cultura e o fortalecimento da literatura na cidade. Leia e saiba mais...","rel":"","context":"Em &quot;Academias e Federa\u00e7\u00f5es de Artes&quot;","block_context":{"text":"Academias e Federa\u00e7\u00f5es de Artes","link":"https:\/\/jornalrol.com.br\/?cat=9391"},"img":{"alt_text":"","src":"https:\/\/i0.wp.com\/jornalrol.com.br\/wp-content\/uploads\/2025\/10\/Logo-ALI.png?resize=350%2C200&ssl=1","width":350,"height":200,"srcset":"https:\/\/i0.wp.com\/jornalrol.com.br\/wp-content\/uploads\/2025\/10\/Logo-ALI.png?resize=350%2C200&ssl=1 1x, https:\/\/i0.wp.com\/jornalrol.com.br\/wp-content\/uploads\/2025\/10\/Logo-ALI.png?resize=525%2C300&ssl=1 1.5x, https:\/\/i0.wp.com\/jornalrol.com.br\/wp-content\/uploads\/2025\/10\/Logo-ALI.png?resize=700%2C400&ssl=1 2x"},"classes":[]},{"id":73508,"url":"https:\/\/jornalrol.com.br\/?p=73508","url_meta":{"origin":73213,"position":1},"title":"Academia de Letras de Indaiatuba abre inscri\u00e7\u00f5es para novos membros","author":"Jose Henriques Martins","date":"3 de junho de 2025","format":false,"excerpt":"A Academia de Letras de Indaiatuba abre vagas para membros efetivos e correspondentes. Participe e fortale\u00e7a a literatura na cidade! Inscri\u00e7\u00f5es abertas.","rel":"","context":"Em &quot;Sem categoria&quot;","block_context":{"text":"Sem categoria","link":"https:\/\/jornalrol.com.br\/?cat=1"},"img":{"alt_text":"","src":"https:\/\/i0.wp.com\/jornalrol.com.br\/wp-content\/uploads\/2025\/06\/Logo-ALI-Transp-e-sem-caule-mais-cheio.png?resize=350%2C200&ssl=1","width":350,"height":200,"srcset":"https:\/\/i0.wp.com\/jornalrol.com.br\/wp-content\/uploads\/2025\/06\/Logo-ALI-Transp-e-sem-caule-mais-cheio.png?resize=350%2C200&ssl=1 1x, https:\/\/i0.wp.com\/jornalrol.com.br\/wp-content\/uploads\/2025\/06\/Logo-ALI-Transp-e-sem-caule-mais-cheio.png?resize=525%2C300&ssl=1 1.5x, https:\/\/i0.wp.com\/jornalrol.com.br\/wp-content\/uploads\/2025\/06\/Logo-ALI-Transp-e-sem-caule-mais-cheio.png?resize=700%2C400&ssl=1 2x"},"classes":[]},{"id":79055,"url":"https:\/\/jornalrol.com.br\/?p=79055","url_meta":{"origin":73213,"position":2},"title":"J.H. Martins lan\u00e7a dois livros em Indaiatuba","author":"Lee Oliveira","date":"10 de mar\u00e7o de 2026","format":false,"excerpt":"J.H. Martins lan\u00e7ou os livros \u201cLib\u00e9lula da Esperan\u00e7a\u201d e \u201cN\u00e9voa Fatal\u201d na Academia de Letras de Indaiatuba e levar\u00e1 as obras \u00e0 Bienal do Livro de S\u00e3o Paulo.","rel":"","context":"Em &quot;lan\u00e7amentos&quot;","block_context":{"text":"lan\u00e7amentos","link":"https:\/\/jornalrol.com.br\/?cat=9462"},"img":{"alt_text":"N\u00e9voa Fatal - J. H. Martins - Editora UICLAP","src":"https:\/\/i0.wp.com\/jornalrol.com.br\/wp-content\/uploads\/2026\/03\/capa-nevoa-fatal-frontal.png?resize=350%2C200&ssl=1","width":350,"height":200},"classes":[]},{"id":56226,"url":"https:\/\/jornalrol.com.br\/?p=56226","url_meta":{"origin":73213,"position":3},"title":"J. H. Martins Lan\u00e7a o livro de poesias &#039;Fragmentos Peda\u00e7os de Mim&#039;","author":"Veronica Moreira","date":"30 de mar\u00e7o de 2023","format":false,"excerpt":"O lan\u00e7amento\u00a0 aconteceu no dia 18 de mar\u00e7o, no espa\u00e7o\u00a0 GRAND CRU, em Indaiatuba-SP O escritor e poeta Jos\u00e9 Henriques Martins (J. H. Martins), no dia 18 de mar\u00e7o, no espa\u00e7o\u00a0GRANDE CRU, em Indaiatuba-SP,\u00a0lan\u00e7ou o livro de poesias\u00a0Fragmentos - Peda\u00e7os de Mim, pela Editora UICLAP.\u00a0No mesmo espa\u00e7o e hor\u00e1rio lan\u00e7ou,\u2026","rel":"","context":"Em &quot;Poesia&quot;","block_context":{"text":"Poesia","link":"https:\/\/jornalrol.com.br\/?cat=58"},"img":{"alt_text":"","src":"https:\/\/i0.wp.com\/jornalrol.com.br\/wp-content\/uploads\/2023\/03\/jhmartins.jpg?resize=350%2C200&ssl=1","width":350,"height":200,"srcset":"https:\/\/i0.wp.com\/jornalrol.com.br\/wp-content\/uploads\/2023\/03\/jhmartins.jpg?resize=350%2C200&ssl=1 1x, https:\/\/i0.wp.com\/jornalrol.com.br\/wp-content\/uploads\/2023\/03\/jhmartins.jpg?resize=525%2C300&ssl=1 1.5x, https:\/\/i0.wp.com\/jornalrol.com.br\/wp-content\/uploads\/2023\/03\/jhmartins.jpg?resize=700%2C400&ssl=1 2x"},"classes":[]},{"id":51978,"url":"https:\/\/jornalrol.com.br\/?p=51978","url_meta":{"origin":73213,"position":4},"title":"No Quadro de Colunistas do ROL, as letras acad\u00eamicas de Jos\u00e9 Henriques Martins","author":"Sergio Diniz da Costa","date":"21 de setembro de 2022","format":false,"excerpt":"\u00a0 Jos\u00e9 Henriques Martins Jos\u00e9 Henriques Martins \u00e9 um consultor de TI que faz das letras seu software de sensibilidade! Jos\u00e9 Henriques Martins,\u00a0natural de Indaiatuba (SP), \u00e9 consultor de Tecnologia da Informa\u00e7\u00e3o (TI), com forma\u00e7\u00e3o em Engenharia de Software. Na \u00e1rea das letras, \u00e9 escritor, Acad\u00eamico Internacional da Federa\u00e7\u00e3o Brasileira\u2026","rel":"","context":"Em &quot;Poesia&quot;","block_context":{"text":"Poesia","link":"https:\/\/jornalrol.com.br\/?cat=58"},"img":{"alt_text":"","src":"https:\/\/i0.wp.com\/jornalrol.com.br\/wp-content\/uploads\/2022\/09\/8543a4eb-dfc0-4b3d-b65c-4856cc9662d8-5.jpg?resize=350%2C200&ssl=1","width":350,"height":200,"srcset":"https:\/\/i0.wp.com\/jornalrol.com.br\/wp-content\/uploads\/2022\/09\/8543a4eb-dfc0-4b3d-b65c-4856cc9662d8-5.jpg?resize=350%2C200&ssl=1 1x, https:\/\/i0.wp.com\/jornalrol.com.br\/wp-content\/uploads\/2022\/09\/8543a4eb-dfc0-4b3d-b65c-4856cc9662d8-5.jpg?resize=525%2C300&ssl=1 1.5x"},"classes":[]},{"id":64975,"url":"https:\/\/jornalrol.com.br\/?p=64975","url_meta":{"origin":73213,"position":5},"title":"Mozart e Beethoven abrem temporada da Sinf\u00f4nica de Indaiatuba","author":"Sergio Diniz da Costa","date":"12 de mar\u00e7o de 2024","format":false,"excerpt":"A Orquestra Sinf\u00f4nica de Indaiatuba, que est\u00e1 celebrando 10 anos de exist\u00eancia, abre oficialmente a Temporada 2024 neste s\u00e1bado, 16, \u00e0s 20h, com um...","rel":"","context":"Em &quot;Arte&quot;","block_context":{"text":"Arte","link":"https:\/\/jornalrol.com.br\/?cat=9286"},"img":{"alt_text":"Sob reg\u00eancia do maestro Paulo de Paula, concerto re\u00fane obras de Mozart e Beethoven CR\u00c9DITO FOTO: FELIPE GOMES","src":"https:\/\/i0.wp.com\/jornalrol.com.br\/wp-content\/uploads\/2024\/03\/orquestra-sinfonica-de-indaiatuba-temporada-2024.jpg?resize=350%2C200&ssl=1","width":350,"height":200,"srcset":"https:\/\/i0.wp.com\/jornalrol.com.br\/wp-content\/uploads\/2024\/03\/orquestra-sinfonica-de-indaiatuba-temporada-2024.jpg?resize=350%2C200&ssl=1 1x, https:\/\/i0.wp.com\/jornalrol.com.br\/wp-content\/uploads\/2024\/03\/orquestra-sinfonica-de-indaiatuba-temporada-2024.jpg?resize=525%2C300&ssl=1 1.5x"},"classes":[]}],"_links":{"self":[{"href":"https:\/\/jornalrol.com.br\/index.php?rest_route=\/wp\/v2\/posts\/73213","targetHints":{"allow":["GET"]}}],"collection":[{"href":"https:\/\/jornalrol.com.br\/index.php?rest_route=\/wp\/v2\/posts"}],"about":[{"href":"https:\/\/jornalrol.com.br\/index.php?rest_route=\/wp\/v2\/types\/post"}],"author":[{"embeddable":true,"href":"https:\/\/jornalrol.com.br\/index.php?rest_route=\/wp\/v2\/users\/6"}],"replies":[{"embeddable":true,"href":"https:\/\/jornalrol.com.br\/index.php?rest_route=%2Fwp%2Fv2%2Fcomments&post=73213"}],"version-history":[{"count":9,"href":"https:\/\/jornalrol.com.br\/index.php?rest_route=\/wp\/v2\/posts\/73213\/revisions"}],"predecessor-version":[{"id":73258,"href":"https:\/\/jornalrol.com.br\/index.php?rest_route=\/wp\/v2\/posts\/73213\/revisions\/73258"}],"wp:featuredmedia":[{"embeddable":true,"href":"https:\/\/jornalrol.com.br\/index.php?rest_route=\/wp\/v2\/media\/73214"}],"wp:attachment":[{"href":"https:\/\/jornalrol.com.br\/index.php?rest_route=%2Fwp%2Fv2%2Fmedia&parent=73213"}],"wp:term":[{"taxonomy":"category","embeddable":true,"href":"https:\/\/jornalrol.com.br\/index.php?rest_route=%2Fwp%2Fv2%2Fcategories&post=73213"},{"taxonomy":"post_tag","embeddable":true,"href":"https:\/\/jornalrol.com.br\/index.php?rest_route=%2Fwp%2Fv2%2Ftags&post=73213"}],"curies":[{"name":"wp","href":"https:\/\/api.w.org\/{rel}","templated":true}]}}