{"id":73508,"date":"2025-06-03T15:01:23","date_gmt":"2025-06-03T18:01:23","guid":{"rendered":"https:\/\/jornalrol.com.br\/?p=73508"},"modified":"2025-06-03T18:38:33","modified_gmt":"2025-06-03T21:38:33","slug":"academia-de-letras-de-indaiatuba-abre-inscricoes-para-novos-membros","status":"publish","type":"post","link":"https:\/\/jornalrol.com.br\/?p=73508","title":{"rendered":"Academia de Letras de Indaiatuba abre inscri\u00e7\u00f5es para novos membros"},"content":{"rendered":"<div class=\"pdfprnt-buttons pdfprnt-buttons-post pdfprnt-top-right\"><a href=\"https:\/\/jornalrol.com.br\/index.php?rest_route=%2Fwp%2Fv2%2Fposts%2F73508&print=pdf\" class=\"pdfprnt-button pdfprnt-button-pdf\" target=\"_blank\" ><\/a><a href=\"https:\/\/jornalrol.com.br\/index.php?rest_route=%2Fwp%2Fv2%2Fposts%2F73508&print=print\" class=\"pdfprnt-button pdfprnt-button-print\" target=\"_blank\" ><img decoding=\"async\" src=\"https:\/\/jornalrol.com.br\/wp-content\/plugins\/pdf-print\/images\/print.png\" alt=\"image_print\" title=\"Conte\u00fado de impress\u00e3o\" \/><\/a><\/div><div class=\"wp-block-image\">\n<figure class=\"aligncenter size-full is-resized\"><img loading=\"lazy\" decoding=\"async\" width=\"1024\" height=\"1024\" data-attachment-id=\"73511\" data-permalink=\"https:\/\/jornalrol.com.br\/?attachment_id=73511\" data-orig-file=\"https:\/\/jornalrol.com.br\/wp-content\/uploads\/2025\/06\/Logo-ALI-Transp-e-sem-caule-mais-cheio.png\" data-orig-size=\"1024,1024\" data-comments-opened=\"1\" data-image-meta=\"{&quot;aperture&quot;:&quot;0&quot;,&quot;credit&quot;:&quot;&quot;,&quot;camera&quot;:&quot;&quot;,&quot;caption&quot;:&quot;&quot;,&quot;created_timestamp&quot;:&quot;0&quot;,&quot;copyright&quot;:&quot;&quot;,&quot;focal_length&quot;:&quot;0&quot;,&quot;iso&quot;:&quot;0&quot;,&quot;shutter_speed&quot;:&quot;0&quot;,&quot;title&quot;:&quot;&quot;,&quot;orientation&quot;:&quot;0&quot;}\" data-image-title=\"Logo ALI-Transp e sem caule mais cheio\" data-image-description=\"\" data-image-caption=\"\" data-large-file=\"https:\/\/jornalrol.com.br\/wp-content\/uploads\/2025\/06\/Logo-ALI-Transp-e-sem-caule-mais-cheio.png\" src=\"http:\/\/jornalrol.com.br\/wp-content\/uploads\/2025\/06\/Logo-ALI-Transp-e-sem-caule-mais-cheio.png\" alt=\"Bras\u00e3o da Academia de Letras de Indaiatuba\" class=\"wp-image-73511\" style=\"width:341px;height:auto\" srcset=\"https:\/\/jornalrol.com.br\/wp-content\/uploads\/2025\/06\/Logo-ALI-Transp-e-sem-caule-mais-cheio.png 1024w, https:\/\/jornalrol.com.br\/wp-content\/uploads\/2025\/06\/Logo-ALI-Transp-e-sem-caule-mais-cheio-600x600.png 600w, https:\/\/jornalrol.com.br\/wp-content\/uploads\/2025\/06\/Logo-ALI-Transp-e-sem-caule-mais-cheio-768x768.png 768w\" sizes=\"auto, (max-width: 1024px) 100vw, 1024px\" \/><\/figure>\n<\/div>\n\n\n<p><\/p>\n\n\n\n<p>Indaiatuba, conhecida por sua qualidade de vida, desenvolvimento econ\u00f4mico e rica tradi\u00e7\u00e3o cultural, est\u00e1 com uma oportunidade imperd\u00edvel para amantes da literatura. <\/p>\n\n\n\n<p>A\u00a0<strong>Academia de Letras de Indaiatuba (A.L.I.)<\/strong>\u00a0abriu seus editais de convoca\u00e7\u00e3o para novos membros, com vagas para\u00a0<strong>membros efetivos<\/strong>\u00a0e\u00a0<strong>correspondentes<\/strong>, refor\u00e7ando o compromisso com a valoriza\u00e7\u00e3o da cultura e da escrita no munic\u00edpio e al\u00e9m de suas fronteiras.<\/p>\n\n\n\n<p><br><\/p>\n\n\n\n<h2 class=\"wp-block-heading\">Uma cidade que inspira<\/h2>\n\n\n\n<p>Localizada no interior de S\u00e3o Paulo, Indaiatuba se destaca n\u00e3o apenas por sua infraestrutura moderna e polo industrial, mas tamb\u00e9m por seu cen\u00e1rio cultural vibrante. <\/p>\n\n\n\n<p>Com eventos liter\u00e1rios, bibliotecas p\u00fablicas, saraus e projetos educacionais, a cidade tem se tornado um celeiro de talentos nas artes e na literatura. A A.L.I. desempenha um papel fundamental nesse cen\u00e1rio, promovendo a produ\u00e7\u00e3o liter\u00e1ria local e conectando escritores, poetas e entusiastas das letras.<\/p>\n\n\n\n<p><br><\/p>\n\n\n\n<h2 class=\"wp-block-heading\"><strong>Vagas abertas: fa\u00e7a parte dessa hist\u00f3ria<\/strong><\/h2>\n\n\n\n<p>A Academia est\u00e1 com\u00a0<strong>5 vagas para membros efetivos<\/strong>, destinadas a moradores de Indaiatuba que desejam contribuir ativamente com o desenvolvimento liter\u00e1rio da cidade. <\/p>\n\n\n\n<p>Al\u00e9m disso, h\u00e1 oportunidades para\u00a0<strong>membros correspondentes<\/strong>, voltadas a interessados de outras cidades que queiram divulgar e participar das atividades da A.L.I., fortalecendo uma rede de interc\u00e2mbio cultural.<\/p>\n\n\n\n<p><strong>Por que se inscrever?<\/strong><\/p>\n\n\n\n<ul class=\"wp-block-list\">\n<li><strong>Integrar um seleto grupo<\/strong>\u00a0de escritores e intelectuais comprometidos com a literatura.<\/li>\n\n\n\n<li><strong>Participar de eventos<\/strong>, publica\u00e7\u00f5es e projetos que promovem a cultura local.<\/li>\n\n\n\n<li><strong>Representar Indaiatuba<\/strong>\u00a0ou sua pr\u00f3pria cidade, levando a literatura para novos espa\u00e7os.<\/li>\n\n\n\n<li><strong>Contribuir para o legado cultural<\/strong>\u00a0de uma das cidades mais din\u00e2micas do interior paulista.<\/li>\n<\/ul>\n\n\n\n<p><br><\/p>\n\n\n\n<h3 class=\"wp-block-heading\"><strong>Como participar<\/strong><\/h3>\n\n\n\n<p>Os editais est\u00e3o dispon\u00edveis no site da A.L.I. ou podem ser solicitados pelo e-mail [inserir contato]. As inscri\u00e7\u00f5es est\u00e3o abertas at\u00e9 [inserir data], e n\u00e3o \u00e9 necess\u00e1rio ser um autor publicado \u2014 basta ter paix\u00e3o pelas letras e vontade de fazer a diferen\u00e7a.<\/p>\n\n\n\n<p><strong>N\u00e3o perca essa chance!<\/strong>&nbsp;Seja voc\u00ea um escritor experiente ou um entusiasta da literatura, a Academia de Letras de Indaiatuba espera por voc\u00ea. Participe, inscreva-se e ajude a escrever os pr\u00f3ximos cap\u00edtulos da cultura em nossa cidade.<\/p>\n\n\n\n<p><em>&#8220;A literatura \u00e9 a express\u00e3o da alma de um povo. Em Indaiatuba, ela tem voz, espa\u00e7o e futuro.&#8221;<\/em><\/p>\n\n\n\n<p><strong>Servi\u00e7o:<\/strong><\/p>\n\n\n\n<ul class=\"wp-block-list\">\n<li><strong>Edital de convoca\u00e7\u00e3o:<\/strong>\u00a0<a href=\"https:\/\/drive.google.com\/file\/d\/1EFYlvVZMXO_PsGMeDLDAu0cw6Xeu3cfH\/view?usp=drive_link\" target=\"_blank\" rel=\"noopener\" title=\"\">Clique aqui<\/a> para baixar o Edital para <strong>Membros Efetivos<\/strong><\/li>\n\n\n\n<li><strong>Edital de Convoca\u00e7\u00e3o<\/strong>: <a href=\"https:\/\/drive.google.com\/file\/d\/180xrqpWpQpnnu2YQbS0ekDzZsD-GcQAW\/view?usp=drive_link\" target=\"_blank\" rel=\"noopener\" title=\"\">Clique aqui<\/a> para baixar o Edital para <strong>Membros Correspondentes<\/strong><\/li>\n\n\n\n<li><strong>Prazo de inscri\u00e7\u00e3o:<\/strong>\u00a0<strong>15\/07\/2025<\/strong><\/li>\n\n\n\n<li><strong>Mais informa\u00e7\u00f5es:<\/strong>\u00a0academiadeletrasdeindaiatuba@gmail.com<\/li>\n<\/ul>\n\n\n\n<hr class=\"wp-block-separator has-alpha-channel-opacity is-style-wide\"\/>\n\n\n\n<p><a href=\"https:\/\/jornalrol.com.br\/\" title=\"\">Home<\/a><\/p>\n\n\n\n<p><\/p>\n","protected":false},"excerpt":{"rendered":"<p>A Academia de Letras de Indaiatuba abre vagas para membros efetivos e correspondentes. Participe e fortale\u00e7a a literatura na cidade! Inscri\u00e7\u00f5es abertas. <\/p>\n","protected":false},"author":64,"featured_media":73511,"comment_status":"open","ping_status":"closed","sticky":false,"template":"","format":"standard","meta":{"_jetpack_newsletter_access":"","_jetpack_dont_email_post_to_subs":false,"_jetpack_newsletter_tier_id":0,"_jetpack_memberships_contains_paywalled_content":false,"_jetpack_memberships_contains_paid_content":false,"footnotes":""},"categories":[1],"tags":[14275,3070],"class_list":["post-73508","post","type-post","status-publish","format-standard","has-post-thumbnail","hentry","category-sem-categoria","tag-academia-de-letras-de-indaiatuba","tag-edital"],"aioseo_notices":[],"views":987,"jetpack_featured_media_url":"https:\/\/jornalrol.com.br\/wp-content\/uploads\/2025\/06\/Logo-ALI-Transp-e-sem-caule-mais-cheio.png","jetpack_sharing_enabled":true,"jetpack_likes_enabled":true,"jetpack-related-posts":[{"id":76330,"url":"https:\/\/jornalrol.com.br\/?p=76330","url_meta":{"origin":73508,"position":0},"title":"Academia de Letras marca nova era cultural em Indaiatuba","author":"Sergio Diniz da Costa","date":"22 de outubro de 2025","format":false,"excerpt":"Solenidade marca a posse dos membros da Academia de Letras de Indaiatuba, celebrando a cultura e o fortalecimento da literatura na cidade. Leia e saiba mais...","rel":"","context":"Em &quot;Academias e Federa\u00e7\u00f5es de Artes&quot;","block_context":{"text":"Academias e Federa\u00e7\u00f5es de Artes","link":"https:\/\/jornalrol.com.br\/?cat=9391"},"img":{"alt_text":"","src":"https:\/\/i0.wp.com\/jornalrol.com.br\/wp-content\/uploads\/2025\/10\/Logo-ALI.png?resize=350%2C200&ssl=1","width":350,"height":200,"srcset":"https:\/\/i0.wp.com\/jornalrol.com.br\/wp-content\/uploads\/2025\/10\/Logo-ALI.png?resize=350%2C200&ssl=1 1x, https:\/\/i0.wp.com\/jornalrol.com.br\/wp-content\/uploads\/2025\/10\/Logo-ALI.png?resize=525%2C300&ssl=1 1.5x, https:\/\/i0.wp.com\/jornalrol.com.br\/wp-content\/uploads\/2025\/10\/Logo-ALI.png?resize=700%2C400&ssl=1 2x"},"classes":[]},{"id":73213,"url":"https:\/\/jornalrol.com.br\/?p=73213","url_meta":{"origin":73508,"position":1},"title":"Academia de Letras de Indaiatuba (ALI)","author":"Sergio Diniz da Costa","date":"15 de maio de 2025","format":false,"excerpt":"Academia de Letras de Indaiatuba \u00e9 fundada por 17 escritores para fortalecer cultura liter\u00e1ria na cidade, com cadeiras dedicadas a autores consagrados.","rel":"","context":"Em &quot;Sem categoria&quot;","block_context":{"text":"Sem categoria","link":"https:\/\/jornalrol.com.br\/?cat=1"},"img":{"alt_text":"","src":"https:\/\/i0.wp.com\/jornalrol.com.br\/wp-content\/uploads\/2025\/05\/logo-ALI-fbranco-02-compactado-scaled.png?resize=350%2C200&ssl=1","width":350,"height":200,"srcset":"https:\/\/i0.wp.com\/jornalrol.com.br\/wp-content\/uploads\/2025\/05\/logo-ALI-fbranco-02-compactado-scaled.png?resize=350%2C200&ssl=1 1x, https:\/\/i0.wp.com\/jornalrol.com.br\/wp-content\/uploads\/2025\/05\/logo-ALI-fbranco-02-compactado-scaled.png?resize=525%2C300&ssl=1 1.5x, https:\/\/i0.wp.com\/jornalrol.com.br\/wp-content\/uploads\/2025\/05\/logo-ALI-fbranco-02-compactado-scaled.png?resize=700%2C400&ssl=1 2x, https:\/\/i0.wp.com\/jornalrol.com.br\/wp-content\/uploads\/2025\/05\/logo-ALI-fbranco-02-compactado-scaled.png?resize=1050%2C600&ssl=1 3x, https:\/\/i0.wp.com\/jornalrol.com.br\/wp-content\/uploads\/2025\/05\/logo-ALI-fbranco-02-compactado-scaled.png?resize=1400%2C800&ssl=1 4x"},"classes":[]},{"id":79055,"url":"https:\/\/jornalrol.com.br\/?p=79055","url_meta":{"origin":73508,"position":2},"title":"J.H. Martins lan\u00e7a dois livros em Indaiatuba","author":"Lee Oliveira","date":"10 de mar\u00e7o de 2026","format":false,"excerpt":"J.H. Martins lan\u00e7ou os livros \u201cLib\u00e9lula da Esperan\u00e7a\u201d e \u201cN\u00e9voa Fatal\u201d na Academia de Letras de Indaiatuba e levar\u00e1 as obras \u00e0 Bienal do Livro de S\u00e3o Paulo.","rel":"","context":"Em &quot;lan\u00e7amentos&quot;","block_context":{"text":"lan\u00e7amentos","link":"https:\/\/jornalrol.com.br\/?cat=9462"},"img":{"alt_text":"N\u00e9voa Fatal - J. H. Martins - Editora UICLAP","src":"https:\/\/i0.wp.com\/jornalrol.com.br\/wp-content\/uploads\/2026\/03\/capa-nevoa-fatal-frontal.png?resize=350%2C200&ssl=1","width":350,"height":200},"classes":[]},{"id":51978,"url":"https:\/\/jornalrol.com.br\/?p=51978","url_meta":{"origin":73508,"position":3},"title":"No Quadro de Colunistas do ROL, as letras acad\u00eamicas de Jos\u00e9 Henriques Martins","author":"Sergio Diniz da Costa","date":"21 de setembro de 2022","format":false,"excerpt":"\u00a0 Jos\u00e9 Henriques Martins Jos\u00e9 Henriques Martins \u00e9 um consultor de TI que faz das letras seu software de sensibilidade! Jos\u00e9 Henriques Martins,\u00a0natural de Indaiatuba (SP), \u00e9 consultor de Tecnologia da Informa\u00e7\u00e3o (TI), com forma\u00e7\u00e3o em Engenharia de Software. Na \u00e1rea das letras, \u00e9 escritor, Acad\u00eamico Internacional da Federa\u00e7\u00e3o Brasileira\u2026","rel":"","context":"Em &quot;Poesia&quot;","block_context":{"text":"Poesia","link":"https:\/\/jornalrol.com.br\/?cat=58"},"img":{"alt_text":"","src":"https:\/\/i0.wp.com\/jornalrol.com.br\/wp-content\/uploads\/2022\/09\/8543a4eb-dfc0-4b3d-b65c-4856cc9662d8-5.jpg?resize=350%2C200&ssl=1","width":350,"height":200,"srcset":"https:\/\/i0.wp.com\/jornalrol.com.br\/wp-content\/uploads\/2022\/09\/8543a4eb-dfc0-4b3d-b65c-4856cc9662d8-5.jpg?resize=350%2C200&ssl=1 1x, https:\/\/i0.wp.com\/jornalrol.com.br\/wp-content\/uploads\/2022\/09\/8543a4eb-dfc0-4b3d-b65c-4856cc9662d8-5.jpg?resize=525%2C300&ssl=1 1.5x"},"classes":[]},{"id":56226,"url":"https:\/\/jornalrol.com.br\/?p=56226","url_meta":{"origin":73508,"position":4},"title":"J. H. Martins Lan\u00e7a o livro de poesias &#039;Fragmentos Peda\u00e7os de Mim&#039;","author":"Veronica Moreira","date":"30 de mar\u00e7o de 2023","format":false,"excerpt":"O lan\u00e7amento\u00a0 aconteceu no dia 18 de mar\u00e7o, no espa\u00e7o\u00a0 GRAND CRU, em Indaiatuba-SP O escritor e poeta Jos\u00e9 Henriques Martins (J. H. Martins), no dia 18 de mar\u00e7o, no espa\u00e7o\u00a0GRANDE CRU, em Indaiatuba-SP,\u00a0lan\u00e7ou o livro de poesias\u00a0Fragmentos - Peda\u00e7os de Mim, pela Editora UICLAP.\u00a0No mesmo espa\u00e7o e hor\u00e1rio lan\u00e7ou,\u2026","rel":"","context":"Em &quot;Poesia&quot;","block_context":{"text":"Poesia","link":"https:\/\/jornalrol.com.br\/?cat=58"},"img":{"alt_text":"","src":"https:\/\/i0.wp.com\/jornalrol.com.br\/wp-content\/uploads\/2023\/03\/jhmartins.jpg?resize=350%2C200&ssl=1","width":350,"height":200,"srcset":"https:\/\/i0.wp.com\/jornalrol.com.br\/wp-content\/uploads\/2023\/03\/jhmartins.jpg?resize=350%2C200&ssl=1 1x, https:\/\/i0.wp.com\/jornalrol.com.br\/wp-content\/uploads\/2023\/03\/jhmartins.jpg?resize=525%2C300&ssl=1 1.5x, https:\/\/i0.wp.com\/jornalrol.com.br\/wp-content\/uploads\/2023\/03\/jhmartins.jpg?resize=700%2C400&ssl=1 2x"},"classes":[]},{"id":64975,"url":"https:\/\/jornalrol.com.br\/?p=64975","url_meta":{"origin":73508,"position":5},"title":"Mozart e Beethoven abrem temporada da Sinf\u00f4nica de Indaiatuba","author":"Sergio Diniz da Costa","date":"12 de mar\u00e7o de 2024","format":false,"excerpt":"A Orquestra Sinf\u00f4nica de Indaiatuba, que est\u00e1 celebrando 10 anos de exist\u00eancia, abre oficialmente a Temporada 2024 neste s\u00e1bado, 16, \u00e0s 20h, com um...","rel":"","context":"Em &quot;Arte&quot;","block_context":{"text":"Arte","link":"https:\/\/jornalrol.com.br\/?cat=9286"},"img":{"alt_text":"Sob reg\u00eancia do maestro Paulo de Paula, concerto re\u00fane obras de Mozart e Beethoven CR\u00c9DITO FOTO: FELIPE GOMES","src":"https:\/\/i0.wp.com\/jornalrol.com.br\/wp-content\/uploads\/2024\/03\/orquestra-sinfonica-de-indaiatuba-temporada-2024.jpg?resize=350%2C200&ssl=1","width":350,"height":200,"srcset":"https:\/\/i0.wp.com\/jornalrol.com.br\/wp-content\/uploads\/2024\/03\/orquestra-sinfonica-de-indaiatuba-temporada-2024.jpg?resize=350%2C200&ssl=1 1x, https:\/\/i0.wp.com\/jornalrol.com.br\/wp-content\/uploads\/2024\/03\/orquestra-sinfonica-de-indaiatuba-temporada-2024.jpg?resize=525%2C300&ssl=1 1.5x"},"classes":[]}],"_links":{"self":[{"href":"https:\/\/jornalrol.com.br\/index.php?rest_route=\/wp\/v2\/posts\/73508","targetHints":{"allow":["GET"]}}],"collection":[{"href":"https:\/\/jornalrol.com.br\/index.php?rest_route=\/wp\/v2\/posts"}],"about":[{"href":"https:\/\/jornalrol.com.br\/index.php?rest_route=\/wp\/v2\/types\/post"}],"author":[{"embeddable":true,"href":"https:\/\/jornalrol.com.br\/index.php?rest_route=\/wp\/v2\/users\/64"}],"replies":[{"embeddable":true,"href":"https:\/\/jornalrol.com.br\/index.php?rest_route=%2Fwp%2Fv2%2Fcomments&post=73508"}],"version-history":[{"count":1,"href":"https:\/\/jornalrol.com.br\/index.php?rest_route=\/wp\/v2\/posts\/73508\/revisions"}],"predecessor-version":[{"id":73513,"href":"https:\/\/jornalrol.com.br\/index.php?rest_route=\/wp\/v2\/posts\/73508\/revisions\/73513"}],"wp:featuredmedia":[{"embeddable":true,"href":"https:\/\/jornalrol.com.br\/index.php?rest_route=\/wp\/v2\/media\/73511"}],"wp:attachment":[{"href":"https:\/\/jornalrol.com.br\/index.php?rest_route=%2Fwp%2Fv2%2Fmedia&parent=73508"}],"wp:term":[{"taxonomy":"category","embeddable":true,"href":"https:\/\/jornalrol.com.br\/index.php?rest_route=%2Fwp%2Fv2%2Fcategories&post=73508"},{"taxonomy":"post_tag","embeddable":true,"href":"https:\/\/jornalrol.com.br\/index.php?rest_route=%2Fwp%2Fv2%2Ftags&post=73508"}],"curies":[{"name":"wp","href":"https:\/\/api.w.org\/{rel}","templated":true}]}}