{"id":73687,"date":"2025-06-16T17:55:57","date_gmt":"2025-06-16T20:55:57","guid":{"rendered":"https:\/\/jornalrol.com.br\/?p=73687"},"modified":"2025-06-16T17:56:10","modified_gmt":"2025-06-16T20:56:10","slug":"mindfulness","status":"publish","type":"post","link":"https:\/\/jornalrol.com.br\/?p=73687","title":{"rendered":"Mindfulness"},"content":{"rendered":"<div class=\"pdfprnt-buttons pdfprnt-buttons-post pdfprnt-top-right\"><a href=\"https:\/\/jornalrol.com.br\/index.php?rest_route=%2Fwp%2Fv2%2Fposts%2F73687&print=pdf\" class=\"pdfprnt-button pdfprnt-button-pdf\" target=\"_blank\" ><\/a><a href=\"https:\/\/jornalrol.com.br\/index.php?rest_route=%2Fwp%2Fv2%2Fposts%2F73687&print=print\" class=\"pdfprnt-button pdfprnt-button-print\" target=\"_blank\" ><img decoding=\"async\" src=\"https:\/\/jornalrol.com.br\/wp-content\/plugins\/pdf-print\/images\/print.png\" alt=\"image_print\" title=\"Conte\u00fado de impress\u00e3o\" \/><\/a><\/div>\n<h2 class=\"wp-block-heading has-text-align-center\">SA\u00daDE INTEGRAL<br><br>Joelson Mora<br><br>&#8216;<em>Mindfulness<\/em>: <br>A Arte da Presen\u00e7a e o Caminho para o Equil\u00edbrio Emocional&#8217;<br><br><\/h2>\n\n\n<div class=\"wp-block-image\">\n<figure class=\"aligncenter size-full is-resized\"><img loading=\"lazy\" decoding=\"async\" width=\"960\" height=\"955\" data-attachment-id=\"65158\" data-permalink=\"https:\/\/jornalrol.com.br\/?attachment_id=65158\" data-orig-file=\"https:\/\/jornalrol.com.br\/wp-content\/uploads\/2024\/03\/78d64274-3f32-49b2-840f-2da823db2060.jpg\" data-orig-size=\"960,955\" data-comments-opened=\"1\" data-image-meta=\"{&quot;aperture&quot;:&quot;0&quot;,&quot;credit&quot;:&quot;&quot;,&quot;camera&quot;:&quot;&quot;,&quot;caption&quot;:&quot;&quot;,&quot;created_timestamp&quot;:&quot;0&quot;,&quot;copyright&quot;:&quot;&quot;,&quot;focal_length&quot;:&quot;0&quot;,&quot;iso&quot;:&quot;0&quot;,&quot;shutter_speed&quot;:&quot;0&quot;,&quot;title&quot;:&quot;&quot;,&quot;orientation&quot;:&quot;0&quot;}\" data-image-title=\"78d64274-3f32-49b2-840f-2da823db2060\" data-image-description=\"&lt;p&gt;Joelson Mora&lt;\/p&gt;\n\" data-image-caption=\"&lt;p&gt;Joelson Mora&lt;\/p&gt;\n\" data-large-file=\"https:\/\/jornalrol.com.br\/wp-content\/uploads\/2024\/03\/78d64274-3f32-49b2-840f-2da823db2060.jpg\" src=\"http:\/\/jornalrol.com.br\/wp-content\/uploads\/2024\/03\/78d64274-3f32-49b2-840f-2da823db2060.jpg\" alt=\"Joelson Mora\" class=\"wp-image-65158\" style=\"width:155px;height:auto\" srcset=\"https:\/\/jornalrol.com.br\/wp-content\/uploads\/2024\/03\/78d64274-3f32-49b2-840f-2da823db2060.jpg 960w, https:\/\/jornalrol.com.br\/wp-content\/uploads\/2024\/03\/78d64274-3f32-49b2-840f-2da823db2060-768x764.jpg 768w\" sizes=\"auto, (max-width: 960px) 100vw, 960px\" \/><figcaption class=\"wp-element-caption\"><em>Joelson Mora<\/em><\/figcaption><\/figure>\n<\/div>\n\n<div class=\"wp-block-image\">\n<figure class=\"aligncenter size-full is-resized\"><img loading=\"lazy\" decoding=\"async\" width=\"1024\" height=\"1024\" data-attachment-id=\"73689\" data-permalink=\"https:\/\/jornalrol.com.br\/?attachment_id=73689\" data-orig-file=\"https:\/\/jornalrol.com.br\/wp-content\/uploads\/2025\/06\/1000608253-1.jpg\" data-orig-size=\"1024,1024\" data-comments-opened=\"1\" data-image-meta=\"{&quot;aperture&quot;:&quot;0&quot;,&quot;credit&quot;:&quot;&quot;,&quot;camera&quot;:&quot;&quot;,&quot;caption&quot;:&quot;&quot;,&quot;created_timestamp&quot;:&quot;0&quot;,&quot;copyright&quot;:&quot;&quot;,&quot;focal_length&quot;:&quot;0&quot;,&quot;iso&quot;:&quot;0&quot;,&quot;shutter_speed&quot;:&quot;0&quot;,&quot;title&quot;:&quot;&quot;,&quot;orientation&quot;:&quot;0&quot;}\" data-image-title=\"1000608253 (1)\" data-image-description=\"\" data-image-caption=\"\" data-large-file=\"https:\/\/jornalrol.com.br\/wp-content\/uploads\/2025\/06\/1000608253-1.jpg\" src=\"https:\/\/jornalrol.com.br\/wp-content\/uploads\/2025\/06\/1000608253-1.jpg\" alt=\"Imagem criada por IA do Bing - 15 de junho de 2025, \u00e0s 11:00 PM\" class=\"wp-image-73689\" style=\"width:368px;height:auto\" srcset=\"https:\/\/jornalrol.com.br\/wp-content\/uploads\/2025\/06\/1000608253-1.jpg 1024w, https:\/\/jornalrol.com.br\/wp-content\/uploads\/2025\/06\/1000608253-1-600x600.jpg 600w, https:\/\/jornalrol.com.br\/wp-content\/uploads\/2025\/06\/1000608253-1-768x768.jpg 768w\" sizes=\"auto, (max-width: 1024px) 100vw, 1024px\" \/><figcaption class=\"wp-element-caption\"><em>Imagem criada por IA do Bing &#8211; 15 de junho de 2025, <\/em><br><em>\u00e0s 11:00 PM<\/em><\/figcaption><\/figure>\n<\/div>\n\n\n<p class=\"has-drop-cap\">Vivemos em um mundo de est\u00edmulos constantes: notifica\u00e7\u00f5es, prazos, cobran\u00e7as e preocupa\u00e7\u00f5es nos sequestram mentalmente do presente. Resultado? Uma sociedade emocionalmente exausta, com altos \u00edndices de estresse, ansiedade e depress\u00e3o. Segundo a Organiza\u00e7\u00e3o Mundial da Sa\u00fade (OMS), o Brasil \u00e9 o pa\u00eds com maior preval\u00eancia de transtornos de ansiedade no mundo e um dos que mais sofre com depress\u00e3o na Am\u00e9rica Latina.<\/p>\n\n\n\n<p>Diante dessa realidade, um termo tem ganhado for\u00e7a tanto no campo da ci\u00eancia quanto no universo do autoconhecimento: <em>Mindfulness<\/em>, ou em portugu\u00eas, Aten\u00e7\u00e3o Plena.<\/p>\n\n\n\n<p>O <em>Mindfulness<\/em> tem suas ra\u00edzes nas tradi\u00e7\u00f5es contemplativas orientais, principalmente no Budismo. No entanto, a pr\u00e1tica foi adaptada para o contexto ocidental na d\u00e9cada de 1970 pelo professor <a href=\"https:\/\/pt.wikipedia.org\/wiki\/Jon_Kabat-Zinn\" title=\"Jon Kabat-Zinn\">Jon Kabat-Zinn<\/a>, fundador da Cl\u00ednica de Redu\u00e7\u00e3o de Estresse da Universidade de Massachusetts. Kabat-Zinn desenvolveu o Programa de Redu\u00e7\u00e3o de Estresse Baseado em Mindfulness (MBSR), com o objetivo de oferecer uma abordagem laica, acess\u00edvel e cientificamente validada.<\/p>\n\n\n\n<p>Desde ent\u00e3o, a ci\u00eancia tem confirmado, com centenas de estudos, os benef\u00edcios f\u00edsicos, emocionais e cognitivos dessa pr\u00e1tica.<\/p>\n\n\n\n<p><em>Mindfulness<\/em> \u00e9 a capacidade de estar plenamente presente agora, com aten\u00e7\u00e3o, sem julgamentos e com aceita\u00e7\u00e3o. \u00c9 perceber o que est\u00e1 acontecendo dentro de voc\u00ea (pensamentos, emo\u00e7\u00f5es, sensa\u00e7\u00f5es corporais) e ao seu redor, com uma atitude de curiosidade e gentileza.<\/p>\n\n\n\n<p>Jon Kabat-Zinn define <em>Mindfulness<\/em> como:<\/p>\n\n\n\n<p>&#8220;Estar consciente, agora, de forma intencional e sem julgamentos.&#8221;<\/p>\n\n\n\n<p>Estudos publicados em revistas como a JAMA Internal Medicine, Psychosomatic Medicine e Nature Reviews Neuroscience mostram que a pr\u00e1tica regular de <em>Mindfulness<\/em> pode:<\/p>\n\n\n\n<p>Reduzir n\u00edveis de cortisol (o horm\u00f4nio do estresse)<\/p>\n\n\n\n<p>Melhorar a qualidade do sono<\/p>\n\n\n\n<p>Diminuir sintomas de ansiedade e depress\u00e3o<\/p>\n\n\n\n<p>Aumentar a capacidade de foco e aten\u00e7\u00e3o<\/p>\n\n\n\n<p>Fortalecer o sistema imunol\u00f3gico<\/p>\n\n\n\n<p>Melhorar o controle emocional<\/p>\n\n\n\n<p>Reduzir a reatividade emocional em situa\u00e7\u00f5es de conflito<\/p>\n\n\n\n<p>Promover maior clareza na tomada de decis\u00f5es<\/p>\n\n\n\n<p>Cada vez mais, empresas ao redor do mundo t\u00eam adotado programas de <em>Mindfulness <\/em>como estrat\u00e9gia para reduzir o absente\u00edsmo, melhorar a produtividade e promover o bem-estar dos colaboradores.<\/p>\n\n\n\n<p>Um estudo da Harvard Business Review mostra que l\u00edderes e equipes que praticam Mindfulness regularmente s\u00e3o mais resilientes, criativos e menos propensos ao burnout.<\/p>\n\n\n\n<p>Al\u00e9m disso, o estado de presen\u00e7a promovido pelo <em>Mindfulness<\/em> aumenta o n\u00edvel de aten\u00e7\u00e3o e foco durante as atividades laborais, contribuindo diretamente para a preven\u00e7\u00e3o de acidentes de trabalho. Em ambientes com riscos operacionais, como ind\u00fastrias, hospitais e setores log\u00edsticos, manter a mente no presente pode fazer a diferen\u00e7a entre seguran\u00e7a e perigo.<\/p>\n\n\n\n<p>Estar atento ao que se faz, perceber os sinais do corpo e do ambiente e tomar decis\u00f5es com clareza s\u00e3o habilidades que salvam vidas e protegem a sa\u00fade f\u00edsica e emocional dos trabalhadores.<\/p>\n\n\n\n<p>Um levantamento da American Psychological Association (APA) aponta que apenas 10 minutos di\u00e1rios de pr\u00e1ticas de Aten\u00e7\u00e3o Plena j\u00e1 s\u00e3o suficientes para gerar mudan\u00e7as significativas no c\u00e9rebro, especialmente nas \u00e1reas respons\u00e1veis pela regula\u00e7\u00e3o emocional.<\/p>\n\n\n\n<p>Muitas pessoas pensam que \u00e9 preciso horas de medita\u00e7\u00e3o em posi\u00e7\u00e3o de l\u00f3tus para praticar<em> Mindfulness<\/em>. Isso \u00e9 um mito! A beleza da Aten\u00e7\u00e3o Plena est\u00e1 justamente na sua simplicidade e aplicabilidade na rotina.<\/p>\n\n\n\n<p>Aqui est\u00e3o algumas formas pr\u00e1ticas de come\u00e7ar hoje mesmo:<\/p>\n\n\n\n<p><strong>1. Respira\u00e7\u00e3o Consciente (1 a 3 minutos)<\/strong><\/p>\n\n\n\n<p>Feche os olhos (ou mantenha um olhar suave), inspire profundamente pelo nariz, sinta o ar enchendo os pulm\u00f5es e expire lentamente pela boca. Concentre-se apenas na respira\u00e7\u00e3o. Se a mente divagar, gentilmente traga a aten\u00e7\u00e3o de volta.<\/p>\n\n\n\n<p><strong>2. Escaneamento Corporal<\/strong><\/p>\n\n\n\n<p>Antes de dormir ou ao acordar, fa\u00e7a um &#8220;check-in&#8221; no corpo. Traga a aten\u00e7\u00e3o da cabe\u00e7a aos p\u00e9s, observando cada regi\u00e3o. Perceba tens\u00f5es, calor, frio ou formigamento. Isso ajuda a reduzir o estresse f\u00edsico e emocional.<\/p>\n\n\n\n<p><strong>3. Alimenta\u00e7\u00e3o Consciente<\/strong><\/p>\n\n\n\n<p>Durante uma refei\u00e7\u00e3o, desligue o celular e observe as cores, os aromas, a textura e o sabor dos alimentos. Mastigue devagar, percebendo cada detalhe. Isso ajuda na digest\u00e3o e na conex\u00e3o corpo-mente.<\/p>\n\n\n\n<p><strong>4. Caminhada <em>Mindful<\/em><\/strong><\/p>\n\n\n\n<p>Ao andar, preste aten\u00e7\u00e3o aos passos, ao contato dos p\u00e9s com o ch\u00e3o, \u00e0 respira\u00e7\u00e3o e aos sons ao redor. Uma simples ida at\u00e9 o port\u00e3o de casa pode se tornar uma medita\u00e7\u00e3o em movimento.<\/p>\n\n\n\n<p><strong>5. R.A.I.N: T\u00e9cnica de Gerenciamento Emocional<\/strong><\/p>\n\n\n\n<p>Uma t\u00e9cnica muito usada no <em>Mindfulness<\/em> \u00e9 o m\u00e9todo RAIN, \u00f3timo para momentos de emo\u00e7\u00f5es intensas:<\/p>\n\n\n\n<p>R \u2013 Reconhe\u00e7a o que est\u00e1 sentindo<\/p>\n\n\n\n<p>A \u2013 Aceite a emo\u00e7\u00e3o sem julg\u00e1-la<\/p>\n\n\n\n<p>I \u2013 Investigue o que essa emo\u00e7\u00e3o est\u00e1 dizendo (qual a necessidade por tr\u00e1s dela?)<\/p>\n\n\n\n<p>N \u2013 N\u00e3o se identifique com a emo\u00e7\u00e3o (ela \u00e9 uma experi\u00eancia passageira, n\u00e3o quem voc\u00ea \u00e9)<\/p>\n\n\n\n<p><em>Mindfulness<\/em> n\u00e3o \u00e9 apenas uma t\u00e9cnica. \u00c9 um estilo de vida. \u00c9 um convite di\u00e1rio para desacelerar, respirar fundo e escolher respostas mais conscientes, em vez de rea\u00e7\u00f5es autom\u00e1ticas.<\/p>\n\n\n\n<p>Que tal come\u00e7ar agora? Feche os olhos por alguns segundos. Inspire. Expire. Sinta o momento presente. Lembre-se: o passado j\u00e1 foi, o futuro ainda vir\u00e1. O \u00fanico tempo real \u00e9 o agora.<\/p>\n\n\n\n<p>Seu corpo, sua mente e suas emo\u00e7\u00f5es agradecem.<\/p>\n\n\n\n<p class=\"has-text-align-center\"><br><strong>Joelson Mora<\/strong><\/p>\n\n\n\n<div class=\"wp-block-columns is-layout-flex wp-container-core-columns-is-layout-9d6595d7 wp-block-columns-is-layout-flex\">\n<div class=\"wp-block-column is-layout-flow wp-block-column-is-layout-flow\">\n<h4 class=\"wp-block-heading has-text-align-center has-electric-grass-gradient-background has-background\"><a href=\"https:\/\/wa.me\/15991629676\" target=\"_blank\" rel=\"noopener\" title=\"WHATSAPP\">WHATSAPP<\/a><\/h4>\n\n\n\n<p><a href=\"https:\/\/jornalrol.com.br\/\" title=\"Voltar\">Voltar<\/a><\/p>\n\n\n\n<p><a href=\"https:\/\/www.facebook.com\/JCulturalrol\/\" title=\"Facebook\">Facebook<\/a><\/p>\n<\/div>\n\n\n\n<div class=\"wp-block-column is-layout-flow wp-block-column-is-layout-flow\">\n<h4 class=\"wp-block-heading has-text-align-center has-electric-grass-gradient-background has-background\"><a href=\"https:\/\/www.facebook.com\/joelson.mora\" title=\"FACEBOOK\">FACEBOOK<\/a><\/h4>\n<\/div>\n<\/div>\n","protected":false},"excerpt":{"rendered":"<p>Vivemos em um mundo de est\u00edmulos constantes: notifica\u00e7\u00f5es, prazos, cobran\u00e7as e preocupa\u00e7\u00f5es nos sequestram mentalmente do presente. Resultado? Uma sociedade&#8230;<\/p>\n","protected":false},"author":101,"featured_media":73689,"comment_status":"open","ping_status":"closed","sticky":false,"template":"","format":"standard","meta":{"_jetpack_newsletter_access":"","_jetpack_dont_email_post_to_subs":false,"_jetpack_newsletter_tier_id":0,"_jetpack_memberships_contains_paywalled_content":false,"_jetpack_memberships_contains_paid_content":false,"footnotes":""},"categories":[9398,9285],"tags":[14452,14454,13351,11592],"class_list":["post-73687","post","type-post","status-publish","format-standard","has-post-thumbnail","hentry","category-artigos","category-literatura","tag-arte-da-presenca","tag-equilibrio-emocional","tag-mindfulness","tag-saude-integral"],"aioseo_notices":[],"views":473,"jetpack_featured_media_url":"https:\/\/jornalrol.com.br\/wp-content\/uploads\/2025\/06\/1000608253-1.jpg","jetpack_sharing_enabled":true,"jetpack_likes_enabled":true,"jetpack-related-posts":[{"id":67870,"url":"https:\/\/jornalrol.com.br\/?p=67870","url_meta":{"origin":73687,"position":0},"title":"Lidando com as decep\u00e7\u00f5es","author":"Joelson Mora da Silva","date":"1 de julho de 2024","format":false,"excerpt":"A sa\u00fade integral n\u00e3o se refere apenas ao bem-estar f\u00edsico, mas engloba tamb\u00e9m a sa\u00fade mental, emocional e espiritual. Entre os desafios mais comuns...","rel":"","context":"Em &quot;artigos&quot;","block_context":{"text":"artigos","link":"https:\/\/jornalrol.com.br\/?cat=9398"},"img":{"alt_text":"Sa\u00fade integral: lidando com as decep\u00e7\u00f5es","src":"https:\/\/i0.wp.com\/jornalrol.com.br\/wp-content\/uploads\/2024\/07\/OIG2-2.jpeg?resize=350%2C200&ssl=1","width":350,"height":200,"srcset":"https:\/\/i0.wp.com\/jornalrol.com.br\/wp-content\/uploads\/2024\/07\/OIG2-2.jpeg?resize=350%2C200&ssl=1 1x, https:\/\/i0.wp.com\/jornalrol.com.br\/wp-content\/uploads\/2024\/07\/OIG2-2.jpeg?resize=525%2C300&ssl=1 1.5x, https:\/\/i0.wp.com\/jornalrol.com.br\/wp-content\/uploads\/2024\/07\/OIG2-2.jpeg?resize=700%2C400&ssl=1 2x"},"classes":[]},{"id":67555,"url":"https:\/\/jornalrol.com.br\/?p=67555","url_meta":{"origin":73687,"position":1},"title":"A harmonia integrada da mente","author":"Joelson Mora da Silva","date":"17 de junho de 2024","format":false,"excerpt":"A sa\u00fade integral \u00e9 uma abordagem hol\u00edstica que considera o bem-estar f\u00edsico, emocional, mental e espiritual do indiv\u00edduo. Trata-se de entender que a sa\u00fade...","rel":"","context":"Em &quot;artigos&quot;","block_context":{"text":"artigos","link":"https:\/\/jornalrol.com.br\/?cat=9398"},"img":{"alt_text":"Microsoft Bing. Imagem criada pelo Designer","src":"https:\/\/i0.wp.com\/jornalrol.com.br\/wp-content\/uploads\/2024\/06\/OIG3-2.jpeg?resize=350%2C200&ssl=1","width":350,"height":200,"srcset":"https:\/\/i0.wp.com\/jornalrol.com.br\/wp-content\/uploads\/2024\/06\/OIG3-2.jpeg?resize=350%2C200&ssl=1 1x, https:\/\/i0.wp.com\/jornalrol.com.br\/wp-content\/uploads\/2024\/06\/OIG3-2.jpeg?resize=525%2C300&ssl=1 1.5x, https:\/\/i0.wp.com\/jornalrol.com.br\/wp-content\/uploads\/2024\/06\/OIG3-2.jpeg?resize=700%2C400&ssl=1 2x"},"classes":[]},{"id":13732,"url":"https:\/\/jornalrol.com.br\/?p=13732","url_meta":{"origin":73687,"position":2},"title":"Projeto &#039;Mindfulness &#8211; A\u00e7\u00e3o Plena&#039; ser\u00e1 aplicado em Tatui","author":"Helio Rubens","date":"11 de outubro de 2017","format":false,"excerpt":"PROJETO MINDFULNESS SER\u00c1 APLICADO NO MUSEU HIST\u00d3RICO \u201cPAULO SET\u00daBAL\u201d\u00a0 O Museu Hist\u00f3rico Paulo Set\u00fabal, equipamento cultural da Prefeitura de Tatu\u00ed, realizar\u00e1 nas quartas-feiras de outubro, dias 11, 18 e 25, sempre \u00e0s 19h, o projeto \u201cMindfulness - A\u00e7\u00e3o Plena\u2019, sob a coordena\u00e7\u00e3o de Neide Braz Sobrinho. O projeto atender\u00e1 20\u2026","rel":"","context":"Em &quot;Comunica\u00e7\u00e3o&quot;","block_context":{"text":"Comunica\u00e7\u00e3o","link":"https:\/\/jornalrol.com.br\/?cat=7"},"img":{"alt_text":"","src":"https:\/\/ci6.googleusercontent.com\/proxy\/j9hy0h_AAqLbL9F_NRpUV7y6biQKuPVTnlVKF5bzM8E-IbHqrayMPuzCq3oyvGPk35AaE0d1dmm3odelJYwQUa3v6Oc5ycRPdFAtK2OlcIwEqduAmPSiX4d-JPMvdqdoHizdand4ZQ985VIgpd4UU4z4XObrJ6T1Ig0=s0-d-e1-ft#http:\/\/assets.mktnaweb.com\/accounts\/2013\/06\/13\/17128\/pictures\/604\/original_MIDFULNESS.jpg?1507661653","width":350,"height":200},"classes":[]},{"id":70479,"url":"https:\/\/jornalrol.com.br\/?p=70479","url_meta":{"origin":73687,"position":3},"title":"Sistema sensorial","author":"Joelson Mora da Silva","date":"4 de novembro de 2024","format":false,"excerpt":"O sistema sensorial desempenha um papel fundamental na nossa intera\u00e7\u00e3o com o mundo externo, mas vai al\u00e9m de captar est\u00edmulos f\u00edsicos \u2014 ele influencia...","rel":"","context":"Em &quot;artigos&quot;","block_context":{"text":"artigos","link":"https:\/\/jornalrol.com.br\/?cat=9398"},"img":{"alt_text":"Sistema sensorial","src":"https:\/\/i0.wp.com\/jornalrol.com.br\/wp-content\/uploads\/2024\/11\/OIG2-1.jpeg?resize=350%2C200&ssl=1","width":350,"height":200,"srcset":"https:\/\/i0.wp.com\/jornalrol.com.br\/wp-content\/uploads\/2024\/11\/OIG2-1.jpeg?resize=350%2C200&ssl=1 1x, https:\/\/i0.wp.com\/jornalrol.com.br\/wp-content\/uploads\/2024\/11\/OIG2-1.jpeg?resize=525%2C300&ssl=1 1.5x, https:\/\/i0.wp.com\/jornalrol.com.br\/wp-content\/uploads\/2024\/11\/OIG2-1.jpeg?resize=700%2C400&ssl=1 2x"},"classes":[]},{"id":67278,"url":"https:\/\/jornalrol.com.br\/?p=67278","url_meta":{"origin":73687,"position":4},"title":"O voo da \u00e1guia &#8211; Renova\u00e7\u00e3o","author":"Joelson Mora da Silva","date":"10 de junho de 2024","format":false,"excerpt":"A sa\u00fade integral busca um equil\u00edbrio harmonioso entre os elementos que constituem o ser humano. Neste contexto, o conceito de renova\u00e7\u00e3o e o s\u00edmbolo da \u00e1guia","rel":"","context":"Em &quot;artigos&quot;","block_context":{"text":"artigos","link":"https:\/\/jornalrol.com.br\/?cat=9398"},"img":{"alt_text":"O voo da \u00e1guia como s\u00edmbolo d renova\u00e7\u00e3o","src":"https:\/\/i0.wp.com\/jornalrol.com.br\/wp-content\/uploads\/2024\/06\/OIG4.jpeg?resize=350%2C200&ssl=1","width":350,"height":200,"srcset":"https:\/\/i0.wp.com\/jornalrol.com.br\/wp-content\/uploads\/2024\/06\/OIG4.jpeg?resize=350%2C200&ssl=1 1x, https:\/\/i0.wp.com\/jornalrol.com.br\/wp-content\/uploads\/2024\/06\/OIG4.jpeg?resize=525%2C300&ssl=1 1.5x, https:\/\/i0.wp.com\/jornalrol.com.br\/wp-content\/uploads\/2024\/06\/OIG4.jpeg?resize=700%2C400&ssl=1 2x"},"classes":[]},{"id":70838,"url":"https:\/\/jornalrol.com.br\/?p=70838","url_meta":{"origin":73687,"position":5},"title":"Sobre escrever&#8230;","author":"Lina Veira","date":"18 de novembro de 2024","format":false,"excerpt":"A poesia sopra dentro de mim, excita e despe minha alma. Um poeta n\u00e3o tem pele \u2013 escrevi. Toda arte de escrever \u00e9 inicialmente suor, trabalho e exerc\u00edcio...","rel":"","context":"Em &quot;Literatura&quot;","block_context":{"text":"Literatura","link":"https:\/\/jornalrol.com.br\/?cat=9285"},"img":{"alt_text":"Imagem do Canva","src":"https:\/\/i0.wp.com\/jornalrol.com.br\/wp-content\/uploads\/2024\/11\/37e81308-69a5-42b0-9c8f-4e746354b116.jpeg?resize=350%2C200&ssl=1","width":350,"height":200,"srcset":"https:\/\/i0.wp.com\/jornalrol.com.br\/wp-content\/uploads\/2024\/11\/37e81308-69a5-42b0-9c8f-4e746354b116.jpeg?resize=350%2C200&ssl=1 1x, https:\/\/i0.wp.com\/jornalrol.com.br\/wp-content\/uploads\/2024\/11\/37e81308-69a5-42b0-9c8f-4e746354b116.jpeg?resize=525%2C300&ssl=1 1.5x, https:\/\/i0.wp.com\/jornalrol.com.br\/wp-content\/uploads\/2024\/11\/37e81308-69a5-42b0-9c8f-4e746354b116.jpeg?resize=700%2C400&ssl=1 2x, https:\/\/i0.wp.com\/jornalrol.com.br\/wp-content\/uploads\/2024\/11\/37e81308-69a5-42b0-9c8f-4e746354b116.jpeg?resize=1050%2C600&ssl=1 3x"},"classes":[]}],"_links":{"self":[{"href":"https:\/\/jornalrol.com.br\/index.php?rest_route=\/wp\/v2\/posts\/73687","targetHints":{"allow":["GET"]}}],"collection":[{"href":"https:\/\/jornalrol.com.br\/index.php?rest_route=\/wp\/v2\/posts"}],"about":[{"href":"https:\/\/jornalrol.com.br\/index.php?rest_route=\/wp\/v2\/types\/post"}],"author":[{"embeddable":true,"href":"https:\/\/jornalrol.com.br\/index.php?rest_route=\/wp\/v2\/users\/101"}],"replies":[{"embeddable":true,"href":"https:\/\/jornalrol.com.br\/index.php?rest_route=%2Fwp%2Fv2%2Fcomments&post=73687"}],"version-history":[{"count":3,"href":"https:\/\/jornalrol.com.br\/index.php?rest_route=\/wp\/v2\/posts\/73687\/revisions"}],"predecessor-version":[{"id":73694,"href":"https:\/\/jornalrol.com.br\/index.php?rest_route=\/wp\/v2\/posts\/73687\/revisions\/73694"}],"wp:featuredmedia":[{"embeddable":true,"href":"https:\/\/jornalrol.com.br\/index.php?rest_route=\/wp\/v2\/media\/73689"}],"wp:attachment":[{"href":"https:\/\/jornalrol.com.br\/index.php?rest_route=%2Fwp%2Fv2%2Fmedia&parent=73687"}],"wp:term":[{"taxonomy":"category","embeddable":true,"href":"https:\/\/jornalrol.com.br\/index.php?rest_route=%2Fwp%2Fv2%2Fcategories&post=73687"},{"taxonomy":"post_tag","embeddable":true,"href":"https:\/\/jornalrol.com.br\/index.php?rest_route=%2Fwp%2Fv2%2Ftags&post=73687"}],"curies":[{"name":"wp","href":"https:\/\/api.w.org\/{rel}","templated":true}]}}