{"id":73755,"date":"2025-06-20T08:00:00","date_gmt":"2025-06-20T11:00:00","guid":{"rendered":"https:\/\/jornalrol.com.br\/?p=73755"},"modified":"2025-06-19T13:02:37","modified_gmt":"2025-06-19T16:02:37","slug":"estudantes-da-emef-coronel-esmedio-visitam-a-flona-de-ipanema","status":"publish","type":"post","link":"https:\/\/jornalrol.com.br\/?p=73755","title":{"rendered":"Estudantes da EMEF. Coronel Esm\u00e9dio visitam a FLONA de Ipanema"},"content":{"rendered":"<div class=\"pdfprnt-buttons pdfprnt-buttons-post pdfprnt-top-right\"><a href=\"https:\/\/jornalrol.com.br\/index.php?rest_route=%2Fwp%2Fv2%2Fposts%2F73755&print=pdf\" class=\"pdfprnt-button pdfprnt-button-pdf\" target=\"_blank\" ><\/a><a href=\"https:\/\/jornalrol.com.br\/index.php?rest_route=%2Fwp%2Fv2%2Fposts%2F73755&print=print\" class=\"pdfprnt-button pdfprnt-button-print\" target=\"_blank\" ><img decoding=\"async\" src=\"https:\/\/jornalrol.com.br\/wp-content\/plugins\/pdf-print\/images\/print.png\" alt=\"image_print\" title=\"Conte\u00fado de impress\u00e3o\" \/><\/a><\/div>\n<h2 class=\"wp-block-heading has-text-align-center\">Localizada entre os munic\u00edpios de Iper\u00f3 e Ara\u00e7oiaba da Serra, a FLONA \u00e9 uma Unidade de Conserva\u00e7\u00e3o Ambiental<br><br><\/h2>\n\n\n\n<figure class=\"wp-block-image size-full\"><img loading=\"lazy\" decoding=\"async\" width=\"1600\" height=\"899\" data-attachment-id=\"73758\" data-permalink=\"https:\/\/jornalrol.com.br\/?attachment_id=73758\" data-orig-file=\"https:\/\/jornalrol.com.br\/wp-content\/uploads\/2025\/06\/ff549134-e0f2-4701-ba51-3d745f92bf40.jpg\" data-orig-size=\"1600,899\" data-comments-opened=\"1\" data-image-meta=\"{&quot;aperture&quot;:&quot;0&quot;,&quot;credit&quot;:&quot;&quot;,&quot;camera&quot;:&quot;&quot;,&quot;caption&quot;:&quot;&quot;,&quot;created_timestamp&quot;:&quot;0&quot;,&quot;copyright&quot;:&quot;&quot;,&quot;focal_length&quot;:&quot;0&quot;,&quot;iso&quot;:&quot;0&quot;,&quot;shutter_speed&quot;:&quot;0&quot;,&quot;title&quot;:&quot;&quot;,&quot;orientation&quot;:&quot;0&quot;}\" data-image-title=\"ff549134-e0f2-4701-ba51-3d745f92bf40\" data-image-description=\"\" data-image-caption=\"\" data-large-file=\"https:\/\/jornalrol.com.br\/wp-content\/uploads\/2025\/06\/ff549134-e0f2-4701-ba51-3d745f92bf40.jpg\" src=\"https:\/\/jornalrol.com.br\/wp-content\/uploads\/2025\/06\/ff549134-e0f2-4701-ba51-3d745f92bf40.jpg\" alt=\"Estudantes da EMEF. Coronel Esm\u00e9dio visitam a FLONA de Ipanema. Foto por Carlos Carvalho Cavalheiro\" class=\"wp-image-73758\" srcset=\"https:\/\/jornalrol.com.br\/wp-content\/uploads\/2025\/06\/ff549134-e0f2-4701-ba51-3d745f92bf40.jpg 1600w, https:\/\/jornalrol.com.br\/wp-content\/uploads\/2025\/06\/ff549134-e0f2-4701-ba51-3d745f92bf40-1200x674.jpg 1200w, https:\/\/jornalrol.com.br\/wp-content\/uploads\/2025\/06\/ff549134-e0f2-4701-ba51-3d745f92bf40-768x432.jpg 768w, https:\/\/jornalrol.com.br\/wp-content\/uploads\/2025\/06\/ff549134-e0f2-4701-ba51-3d745f92bf40-1536x863.jpg 1536w\" sizes=\"auto, (max-width: 1600px) 100vw, 1600px\" \/><figcaption class=\"wp-element-caption\"><em>Estudantes da EMEF. Coronel Esm\u00e9dio visitam a FLONA de Ipanema<\/em>. <em>Foto por Carlos Carvalho Cavalheiro<\/em><br><br><\/figcaption><\/figure>\n\n\n\n<p class=\"has-drop-cap\">Estudantes dos 7\u00bas anos A, B e C da EMEF Coronel Esm\u00e9dio, da cidade de Porto Feliz, tiveram a oportunidade de conhecer um dos mais importantes s\u00edtios hist\u00f3ricos de nossa regi\u00e3o: a <a href=\"https:\/\/pt.wikipedia.org\/wiki\/Floresta_Nacional_de_Ipanema\" title=\"Floresta Nacional de Ipanema\">Floresta Nacional de Ipanema<\/a>. Localizada entre os munic\u00edpios de Iper\u00f3 e Ara\u00e7oiaba da Serra, a FLONA, hoje uma \u00e1rea de Prote\u00e7\u00e3o Ambiental, j\u00e1 abrigou a primeira sider\u00fargica do Brasil e das Am\u00e9ricas, a Real F\u00e1brica de Ferro de S\u00e3o Jo\u00e3o do Ipanema, constitu\u00edda em 1811, por Dom Jo\u00e3o, pr\u00edncipe regente de Portugal.<\/p>\n\n\n\n<p>&nbsp;&nbsp;&nbsp;&nbsp;&nbsp;&nbsp;&nbsp;&nbsp;&nbsp;&nbsp;&nbsp;&nbsp;&nbsp;&nbsp;&nbsp; O s\u00edtio hist\u00f3rico \u00e9 composto pelos pr\u00e9dios da antiga f\u00e1brica, pelos altos-fornos utilizados para transformar a magnetita, min\u00e9rio presente na localidade, em ferro derretido (gusa); e, tamb\u00e9m, pelas casas da vila.<\/p>\n\n\n\n<p>&nbsp;&nbsp;&nbsp;&nbsp;&nbsp;&nbsp;&nbsp;&nbsp;&nbsp;&nbsp;&nbsp;&nbsp;&nbsp;&nbsp;&nbsp; Os estudantes percorreram, ainda, a trilha da Pedra Santa, no morro do Ara\u00e7oiaba, onde tiveram contato com o monumento a Francisco Adolfo de Varnhagem, considerado o pai da Hist\u00f3ria do Brasil, e que viveu seus primeiros anos em Ipanema. Ainda tiveram contato com a primeira cruz fundida na f\u00e1brica de ferro e com a gruta onde viveu Giovani Maria D\u2019Agostini, um misterioso monge italiano que ganhou fama de milagreiro.<\/p>\n\n\n\n<p>&nbsp;&nbsp;&nbsp;&nbsp;&nbsp;&nbsp;&nbsp;&nbsp;&nbsp;&nbsp;&nbsp;&nbsp;&nbsp;&nbsp;&nbsp; O projeto dessa excurs\u00e3o foi realizado pelo professor de Hist\u00f3ria da unidade escolar, <strong>Carlos Carvalho Cavalheiro<\/strong>, que promove essas visitas h\u00e1 19 anos, desde que assumiu seu cargo por concurso p\u00fablico em 2006. Acompanharam os alunos nessa excurs\u00e3o, al\u00e9m do professor Carlos, os professores <strong>Fernando Piazentin<\/strong> e <strong>Aline Santos<\/strong>.<\/p>\n\n\n\n<p>&nbsp;&nbsp;&nbsp;&nbsp;&nbsp;&nbsp;&nbsp;&nbsp;&nbsp;&nbsp;&nbsp;&nbsp;&nbsp;&nbsp;&nbsp; Na FLONA os estudantes foram recepcionados pelos guias <strong>Rodrigo<\/strong> e <strong>Rafael Gon\u00e7alves<\/strong>, que explanaram sobre as quest\u00f5es ambientais e hist\u00f3ricas daquele lugar. O projeto recebeu apoio da equipe gestora da escola formada pelo diretor <strong>Daniel Piasentin<\/strong>, pela vice-diretora <strong>Fabiana Gutierrez Ruiz<\/strong> e pela coordenadora pedag\u00f3gica <strong>Elizabety Batoni Bragagnolo<\/strong>.<br><br><\/p>\n\n\n\n<h2 class=\"wp-block-heading has-text-align-center\">Fotos da visita \u00e0 FLONA<br><br><\/h2>\n\n\n\n<div class=\"wp-block-columns is-layout-flex wp-container-core-columns-is-layout-9d6595d7 wp-block-columns-is-layout-flex\">\n<div class=\"wp-block-column is-layout-flow wp-block-column-is-layout-flow\">\n<figure class=\"wp-block-image size-full\"><img loading=\"lazy\" decoding=\"async\" width=\"1600\" height=\"899\" data-attachment-id=\"73760\" data-permalink=\"https:\/\/jornalrol.com.br\/?attachment_id=73760\" data-orig-file=\"https:\/\/jornalrol.com.br\/wp-content\/uploads\/2025\/06\/e78f8af1-1459-4905-a751-10a9ee5dca7c.jpg\" data-orig-size=\"1600,899\" data-comments-opened=\"1\" data-image-meta=\"{&quot;aperture&quot;:&quot;0&quot;,&quot;credit&quot;:&quot;&quot;,&quot;camera&quot;:&quot;&quot;,&quot;caption&quot;:&quot;&quot;,&quot;created_timestamp&quot;:&quot;0&quot;,&quot;copyright&quot;:&quot;&quot;,&quot;focal_length&quot;:&quot;0&quot;,&quot;iso&quot;:&quot;0&quot;,&quot;shutter_speed&quot;:&quot;0&quot;,&quot;title&quot;:&quot;&quot;,&quot;orientation&quot;:&quot;0&quot;}\" data-image-title=\"e78f8af1-1459-4905-a751-10a9ee5dca7c\" data-image-description=\"\" data-image-caption=\"\" data-large-file=\"https:\/\/jornalrol.com.br\/wp-content\/uploads\/2025\/06\/e78f8af1-1459-4905-a751-10a9ee5dca7c.jpg\" src=\"https:\/\/jornalrol.com.br\/wp-content\/uploads\/2025\/06\/e78f8af1-1459-4905-a751-10a9ee5dca7c.jpg\" alt=\"Visita \u00e0 FLONA de Ipanema. Foto por Carlos Carvalho Cavalheiro\" class=\"wp-image-73760\" srcset=\"https:\/\/jornalrol.com.br\/wp-content\/uploads\/2025\/06\/e78f8af1-1459-4905-a751-10a9ee5dca7c.jpg 1600w, https:\/\/jornalrol.com.br\/wp-content\/uploads\/2025\/06\/e78f8af1-1459-4905-a751-10a9ee5dca7c-1200x674.jpg 1200w, https:\/\/jornalrol.com.br\/wp-content\/uploads\/2025\/06\/e78f8af1-1459-4905-a751-10a9ee5dca7c-768x432.jpg 768w, https:\/\/jornalrol.com.br\/wp-content\/uploads\/2025\/06\/e78f8af1-1459-4905-a751-10a9ee5dca7c-1536x863.jpg 1536w\" sizes=\"auto, (max-width: 1600px) 100vw, 1600px\" \/><figcaption class=\"wp-element-caption\"><em><em>Visita \u00e0 FLONA de Ipanema<\/em>. <em>Foto por Carlos Carvalho Cavalheiro<\/em><\/em><\/figcaption><\/figure>\n<\/div>\n\n\n\n<div class=\"wp-block-column is-layout-flow wp-block-column-is-layout-flow\">\n<figure class=\"wp-block-image size-full\"><img loading=\"lazy\" decoding=\"async\" width=\"1600\" height=\"899\" data-attachment-id=\"73761\" data-permalink=\"https:\/\/jornalrol.com.br\/?attachment_id=73761\" data-orig-file=\"https:\/\/jornalrol.com.br\/wp-content\/uploads\/2025\/06\/1438be16-3282-4d84-beff-bde83df5405f.jpg\" data-orig-size=\"1600,899\" data-comments-opened=\"1\" data-image-meta=\"{&quot;aperture&quot;:&quot;0&quot;,&quot;credit&quot;:&quot;&quot;,&quot;camera&quot;:&quot;&quot;,&quot;caption&quot;:&quot;&quot;,&quot;created_timestamp&quot;:&quot;0&quot;,&quot;copyright&quot;:&quot;&quot;,&quot;focal_length&quot;:&quot;0&quot;,&quot;iso&quot;:&quot;0&quot;,&quot;shutter_speed&quot;:&quot;0&quot;,&quot;title&quot;:&quot;&quot;,&quot;orientation&quot;:&quot;0&quot;}\" data-image-title=\"1438be16-3282-4d84-beff-bde83df5405f\" data-image-description=\"\" data-image-caption=\"\" data-large-file=\"https:\/\/jornalrol.com.br\/wp-content\/uploads\/2025\/06\/1438be16-3282-4d84-beff-bde83df5405f.jpg\" src=\"https:\/\/jornalrol.com.br\/wp-content\/uploads\/2025\/06\/1438be16-3282-4d84-beff-bde83df5405f.jpg\" alt=\"Visita \u00e0 FLONA de Ipanema. Foto por Carlos Carvalho Cavalheiro\" class=\"wp-image-73761\" srcset=\"https:\/\/jornalrol.com.br\/wp-content\/uploads\/2025\/06\/1438be16-3282-4d84-beff-bde83df5405f.jpg 1600w, https:\/\/jornalrol.com.br\/wp-content\/uploads\/2025\/06\/1438be16-3282-4d84-beff-bde83df5405f-1200x674.jpg 1200w, https:\/\/jornalrol.com.br\/wp-content\/uploads\/2025\/06\/1438be16-3282-4d84-beff-bde83df5405f-768x432.jpg 768w, https:\/\/jornalrol.com.br\/wp-content\/uploads\/2025\/06\/1438be16-3282-4d84-beff-bde83df5405f-1536x863.jpg 1536w\" sizes=\"auto, (max-width: 1600px) 100vw, 1600px\" \/><figcaption class=\"wp-element-caption\"><em><em><em>Visita \u00e0 FLONA de Ipanema<\/em>. <em>Foto por Carlos Carvalho Cavalheiro<\/em><\/em><\/em><\/figcaption><\/figure>\n<\/div>\n<\/div>\n\n\n\n<div class=\"wp-block-columns is-layout-flex wp-container-core-columns-is-layout-9d6595d7 wp-block-columns-is-layout-flex\">\n<div class=\"wp-block-column is-layout-flow wp-block-column-is-layout-flow\">\n<figure class=\"wp-block-image size-full\"><img loading=\"lazy\" decoding=\"async\" width=\"1600\" height=\"899\" data-attachment-id=\"73762\" data-permalink=\"https:\/\/jornalrol.com.br\/?attachment_id=73762\" data-orig-file=\"https:\/\/jornalrol.com.br\/wp-content\/uploads\/2025\/06\/12cf41da-b452-44f0-bce2-a26d4adf11d0.jpg\" data-orig-size=\"1600,899\" data-comments-opened=\"1\" data-image-meta=\"{&quot;aperture&quot;:&quot;0&quot;,&quot;credit&quot;:&quot;&quot;,&quot;camera&quot;:&quot;&quot;,&quot;caption&quot;:&quot;&quot;,&quot;created_timestamp&quot;:&quot;0&quot;,&quot;copyright&quot;:&quot;&quot;,&quot;focal_length&quot;:&quot;0&quot;,&quot;iso&quot;:&quot;0&quot;,&quot;shutter_speed&quot;:&quot;0&quot;,&quot;title&quot;:&quot;&quot;,&quot;orientation&quot;:&quot;0&quot;}\" data-image-title=\"12cf41da-b452-44f0-bce2-a26d4adf11d0\" data-image-description=\"\" data-image-caption=\"\" data-large-file=\"https:\/\/jornalrol.com.br\/wp-content\/uploads\/2025\/06\/12cf41da-b452-44f0-bce2-a26d4adf11d0.jpg\" src=\"https:\/\/jornalrol.com.br\/wp-content\/uploads\/2025\/06\/12cf41da-b452-44f0-bce2-a26d4adf11d0.jpg\" alt=\"Visita \u00e0 FLONA de Ipanema. Foto por Carlos Carvalho Cavalheiro\" class=\"wp-image-73762\" srcset=\"https:\/\/jornalrol.com.br\/wp-content\/uploads\/2025\/06\/12cf41da-b452-44f0-bce2-a26d4adf11d0.jpg 1600w, https:\/\/jornalrol.com.br\/wp-content\/uploads\/2025\/06\/12cf41da-b452-44f0-bce2-a26d4adf11d0-1200x674.jpg 1200w, https:\/\/jornalrol.com.br\/wp-content\/uploads\/2025\/06\/12cf41da-b452-44f0-bce2-a26d4adf11d0-768x432.jpg 768w, https:\/\/jornalrol.com.br\/wp-content\/uploads\/2025\/06\/12cf41da-b452-44f0-bce2-a26d4adf11d0-1536x863.jpg 1536w\" sizes=\"auto, (max-width: 1600px) 100vw, 1600px\" \/><figcaption class=\"wp-element-caption\"><em><em><em>Visita \u00e0 FLONA de Ipanema<\/em>. <em>Foto por Carlos Carvalho Cavalheiro<\/em><\/em><\/em><\/figcaption><\/figure>\n<\/div>\n\n\n\n<div class=\"wp-block-column is-layout-flow wp-block-column-is-layout-flow\">\n<figure class=\"wp-block-image size-full\"><img loading=\"lazy\" decoding=\"async\" width=\"1600\" height=\"899\" data-attachment-id=\"73763\" data-permalink=\"https:\/\/jornalrol.com.br\/?attachment_id=73763\" data-orig-file=\"https:\/\/jornalrol.com.br\/wp-content\/uploads\/2025\/06\/4d2b68bc-a753-404f-b901-44b5ed76ffe4.jpg\" data-orig-size=\"1600,899\" data-comments-opened=\"1\" data-image-meta=\"{&quot;aperture&quot;:&quot;0&quot;,&quot;credit&quot;:&quot;&quot;,&quot;camera&quot;:&quot;&quot;,&quot;caption&quot;:&quot;&quot;,&quot;created_timestamp&quot;:&quot;0&quot;,&quot;copyright&quot;:&quot;&quot;,&quot;focal_length&quot;:&quot;0&quot;,&quot;iso&quot;:&quot;0&quot;,&quot;shutter_speed&quot;:&quot;0&quot;,&quot;title&quot;:&quot;&quot;,&quot;orientation&quot;:&quot;0&quot;}\" data-image-title=\"4d2b68bc-a753-404f-b901-44b5ed76ffe4\" data-image-description=\"\" data-image-caption=\"\" data-large-file=\"https:\/\/jornalrol.com.br\/wp-content\/uploads\/2025\/06\/4d2b68bc-a753-404f-b901-44b5ed76ffe4.jpg\" src=\"https:\/\/jornalrol.com.br\/wp-content\/uploads\/2025\/06\/4d2b68bc-a753-404f-b901-44b5ed76ffe4.jpg\" alt=\"Visita \u00e0 FLONA de Ipanema. Foto por Carlos Carvalho Cavalheiro\" class=\"wp-image-73763\" srcset=\"https:\/\/jornalrol.com.br\/wp-content\/uploads\/2025\/06\/4d2b68bc-a753-404f-b901-44b5ed76ffe4.jpg 1600w, https:\/\/jornalrol.com.br\/wp-content\/uploads\/2025\/06\/4d2b68bc-a753-404f-b901-44b5ed76ffe4-1200x674.jpg 1200w, https:\/\/jornalrol.com.br\/wp-content\/uploads\/2025\/06\/4d2b68bc-a753-404f-b901-44b5ed76ffe4-768x432.jpg 768w, https:\/\/jornalrol.com.br\/wp-content\/uploads\/2025\/06\/4d2b68bc-a753-404f-b901-44b5ed76ffe4-1536x863.jpg 1536w\" sizes=\"auto, (max-width: 1600px) 100vw, 1600px\" \/><figcaption class=\"wp-element-caption\"><em><em><em>Visita \u00e0 FLONA de Ipanema<\/em>. <em>Foto por Carlos Carvalho Cavalheiro<\/em><\/em><\/em><\/figcaption><\/figure>\n<\/div>\n<\/div>\n\n\n\n<div class=\"wp-block-columns is-layout-flex wp-container-core-columns-is-layout-9d6595d7 wp-block-columns-is-layout-flex\">\n<div class=\"wp-block-column is-layout-flow wp-block-column-is-layout-flow\">\n<figure class=\"wp-block-image size-full\"><img loading=\"lazy\" decoding=\"async\" width=\"1600\" height=\"899\" data-attachment-id=\"73765\" data-permalink=\"https:\/\/jornalrol.com.br\/?attachment_id=73765\" data-orig-file=\"https:\/\/jornalrol.com.br\/wp-content\/uploads\/2025\/06\/27c2dfc1-6588-4f0b-bf96-85413a818387.jpg\" data-orig-size=\"1600,899\" data-comments-opened=\"1\" data-image-meta=\"{&quot;aperture&quot;:&quot;0&quot;,&quot;credit&quot;:&quot;&quot;,&quot;camera&quot;:&quot;&quot;,&quot;caption&quot;:&quot;&quot;,&quot;created_timestamp&quot;:&quot;0&quot;,&quot;copyright&quot;:&quot;&quot;,&quot;focal_length&quot;:&quot;0&quot;,&quot;iso&quot;:&quot;0&quot;,&quot;shutter_speed&quot;:&quot;0&quot;,&quot;title&quot;:&quot;&quot;,&quot;orientation&quot;:&quot;0&quot;}\" data-image-title=\"27c2dfc1-6588-4f0b-bf96-85413a818387\" data-image-description=\"\" data-image-caption=\"\" data-large-file=\"https:\/\/jornalrol.com.br\/wp-content\/uploads\/2025\/06\/27c2dfc1-6588-4f0b-bf96-85413a818387.jpg\" src=\"https:\/\/jornalrol.com.br\/wp-content\/uploads\/2025\/06\/27c2dfc1-6588-4f0b-bf96-85413a818387.jpg\" alt=\"\" class=\"wp-image-73765\" srcset=\"https:\/\/jornalrol.com.br\/wp-content\/uploads\/2025\/06\/27c2dfc1-6588-4f0b-bf96-85413a818387.jpg 1600w, https:\/\/jornalrol.com.br\/wp-content\/uploads\/2025\/06\/27c2dfc1-6588-4f0b-bf96-85413a818387-1200x674.jpg 1200w, https:\/\/jornalrol.com.br\/wp-content\/uploads\/2025\/06\/27c2dfc1-6588-4f0b-bf96-85413a818387-768x432.jpg 768w, https:\/\/jornalrol.com.br\/wp-content\/uploads\/2025\/06\/27c2dfc1-6588-4f0b-bf96-85413a818387-1536x863.jpg 1536w\" sizes=\"auto, (max-width: 1600px) 100vw, 1600px\" \/><figcaption class=\"wp-element-caption\"><em><em><em>Visita \u00e0 FLONA de Ipanema<\/em>. <em>Foto por Carlos Carvalho Cavalheiro<\/em><\/em><\/em><\/figcaption><\/figure>\n<\/div>\n\n\n\n<div class=\"wp-block-column is-layout-flow wp-block-column-is-layout-flow\">\n<figure class=\"wp-block-image size-full\"><img loading=\"lazy\" decoding=\"async\" width=\"1600\" height=\"899\" data-attachment-id=\"73766\" data-permalink=\"https:\/\/jornalrol.com.br\/?attachment_id=73766\" data-orig-file=\"https:\/\/jornalrol.com.br\/wp-content\/uploads\/2025\/06\/81bfa3c9-86f9-4bb3-bc80-9eb6360ed174.jpg\" data-orig-size=\"1600,899\" data-comments-opened=\"1\" data-image-meta=\"{&quot;aperture&quot;:&quot;0&quot;,&quot;credit&quot;:&quot;&quot;,&quot;camera&quot;:&quot;&quot;,&quot;caption&quot;:&quot;&quot;,&quot;created_timestamp&quot;:&quot;0&quot;,&quot;copyright&quot;:&quot;&quot;,&quot;focal_length&quot;:&quot;0&quot;,&quot;iso&quot;:&quot;0&quot;,&quot;shutter_speed&quot;:&quot;0&quot;,&quot;title&quot;:&quot;&quot;,&quot;orientation&quot;:&quot;0&quot;}\" data-image-title=\"81bfa3c9-86f9-4bb3-bc80-9eb6360ed174\" data-image-description=\"\" data-image-caption=\"\" data-large-file=\"https:\/\/jornalrol.com.br\/wp-content\/uploads\/2025\/06\/81bfa3c9-86f9-4bb3-bc80-9eb6360ed174.jpg\" src=\"https:\/\/jornalrol.com.br\/wp-content\/uploads\/2025\/06\/81bfa3c9-86f9-4bb3-bc80-9eb6360ed174.jpg\" alt=\"Visita \u00e0 FLONA de Ipanema. Foto por Carlos Carvalho Cavalheiro\" class=\"wp-image-73766\" srcset=\"https:\/\/jornalrol.com.br\/wp-content\/uploads\/2025\/06\/81bfa3c9-86f9-4bb3-bc80-9eb6360ed174.jpg 1600w, https:\/\/jornalrol.com.br\/wp-content\/uploads\/2025\/06\/81bfa3c9-86f9-4bb3-bc80-9eb6360ed174-1200x674.jpg 1200w, https:\/\/jornalrol.com.br\/wp-content\/uploads\/2025\/06\/81bfa3c9-86f9-4bb3-bc80-9eb6360ed174-768x432.jpg 768w, https:\/\/jornalrol.com.br\/wp-content\/uploads\/2025\/06\/81bfa3c9-86f9-4bb3-bc80-9eb6360ed174-1536x863.jpg 1536w\" sizes=\"auto, (max-width: 1600px) 100vw, 1600px\" \/><figcaption class=\"wp-element-caption\"><em><em><em>Visita \u00e0 FLONA de Ipanema<\/em>. <em>Foto por Carlos Carvalho Cavalheiro<\/em><\/em><\/em><\/figcaption><\/figure>\n<\/div>\n<\/div>\n\n\n\n<div class=\"wp-block-columns is-layout-flex wp-container-core-columns-is-layout-9d6595d7 wp-block-columns-is-layout-flex\">\n<div class=\"wp-block-column is-layout-flow wp-block-column-is-layout-flow\">\n<figure class=\"wp-block-image size-full\"><img loading=\"lazy\" decoding=\"async\" width=\"1600\" height=\"899\" data-attachment-id=\"73769\" data-permalink=\"https:\/\/jornalrol.com.br\/?attachment_id=73769\" data-orig-file=\"https:\/\/jornalrol.com.br\/wp-content\/uploads\/2025\/06\/7677df9c-6d44-4809-9f3f-07aeb378d0cd.jpg\" data-orig-size=\"1600,899\" data-comments-opened=\"1\" data-image-meta=\"{&quot;aperture&quot;:&quot;0&quot;,&quot;credit&quot;:&quot;&quot;,&quot;camera&quot;:&quot;&quot;,&quot;caption&quot;:&quot;&quot;,&quot;created_timestamp&quot;:&quot;0&quot;,&quot;copyright&quot;:&quot;&quot;,&quot;focal_length&quot;:&quot;0&quot;,&quot;iso&quot;:&quot;0&quot;,&quot;shutter_speed&quot;:&quot;0&quot;,&quot;title&quot;:&quot;&quot;,&quot;orientation&quot;:&quot;0&quot;}\" data-image-title=\"7677df9c-6d44-4809-9f3f-07aeb378d0cd\" data-image-description=\"\" data-image-caption=\"\" data-large-file=\"https:\/\/jornalrol.com.br\/wp-content\/uploads\/2025\/06\/7677df9c-6d44-4809-9f3f-07aeb378d0cd.jpg\" src=\"http:\/\/jornalrol.com.br\/wp-content\/uploads\/2025\/06\/7677df9c-6d44-4809-9f3f-07aeb378d0cd.jpg\" alt=\"Visita \u00e0 FLONA de Ipanema. Foto por Carlos Carvalho Cavalheiro\" class=\"wp-image-73769\" srcset=\"https:\/\/jornalrol.com.br\/wp-content\/uploads\/2025\/06\/7677df9c-6d44-4809-9f3f-07aeb378d0cd.jpg 1600w, https:\/\/jornalrol.com.br\/wp-content\/uploads\/2025\/06\/7677df9c-6d44-4809-9f3f-07aeb378d0cd-1200x674.jpg 1200w, https:\/\/jornalrol.com.br\/wp-content\/uploads\/2025\/06\/7677df9c-6d44-4809-9f3f-07aeb378d0cd-768x432.jpg 768w, https:\/\/jornalrol.com.br\/wp-content\/uploads\/2025\/06\/7677df9c-6d44-4809-9f3f-07aeb378d0cd-1536x863.jpg 1536w\" sizes=\"auto, (max-width: 1600px) 100vw, 1600px\" \/><figcaption class=\"wp-element-caption\"><em><em><em>Visita \u00e0 FLONA de Ipanema<\/em>. <em>Foto por Carlos Carvalho Cavalheiro<\/em><\/em><\/em><\/figcaption><\/figure>\n<\/div>\n\n\n\n<div class=\"wp-block-column is-layout-flow wp-block-column-is-layout-flow\">\n<figure class=\"wp-block-image size-full\"><img loading=\"lazy\" decoding=\"async\" width=\"1600\" height=\"899\" data-attachment-id=\"73771\" data-permalink=\"https:\/\/jornalrol.com.br\/?attachment_id=73771\" data-orig-file=\"https:\/\/jornalrol.com.br\/wp-content\/uploads\/2025\/06\/35088f65-29f1-454c-b96a-9f660571470f.jpg\" data-orig-size=\"1600,899\" data-comments-opened=\"1\" data-image-meta=\"{&quot;aperture&quot;:&quot;0&quot;,&quot;credit&quot;:&quot;&quot;,&quot;camera&quot;:&quot;&quot;,&quot;caption&quot;:&quot;&quot;,&quot;created_timestamp&quot;:&quot;0&quot;,&quot;copyright&quot;:&quot;&quot;,&quot;focal_length&quot;:&quot;0&quot;,&quot;iso&quot;:&quot;0&quot;,&quot;shutter_speed&quot;:&quot;0&quot;,&quot;title&quot;:&quot;&quot;,&quot;orientation&quot;:&quot;0&quot;}\" data-image-title=\"35088f65-29f1-454c-b96a-9f660571470f\" data-image-description=\"\" data-image-caption=\"\" data-large-file=\"https:\/\/jornalrol.com.br\/wp-content\/uploads\/2025\/06\/35088f65-29f1-454c-b96a-9f660571470f.jpg\" src=\"https:\/\/jornalrol.com.br\/wp-content\/uploads\/2025\/06\/35088f65-29f1-454c-b96a-9f660571470f.jpg\" alt=\"Visita \u00e0 FLONA de Ipanema. Foto por Carlos Carvalho Cavalheiro\" class=\"wp-image-73771\" srcset=\"https:\/\/jornalrol.com.br\/wp-content\/uploads\/2025\/06\/35088f65-29f1-454c-b96a-9f660571470f.jpg 1600w, https:\/\/jornalrol.com.br\/wp-content\/uploads\/2025\/06\/35088f65-29f1-454c-b96a-9f660571470f-1200x674.jpg 1200w, https:\/\/jornalrol.com.br\/wp-content\/uploads\/2025\/06\/35088f65-29f1-454c-b96a-9f660571470f-768x432.jpg 768w, https:\/\/jornalrol.com.br\/wp-content\/uploads\/2025\/06\/35088f65-29f1-454c-b96a-9f660571470f-1536x863.jpg 1536w\" sizes=\"auto, (max-width: 1600px) 100vw, 1600px\" \/><figcaption class=\"wp-element-caption\"><em><em><em>Visita \u00e0 FLONA de Ipanema<\/em>. <em>Foto por Carlos Carvalho Cavalheiro<\/em><\/em><\/em><\/figcaption><\/figure>\n<\/div>\n<\/div>\n\n\n\n<div class=\"wp-block-columns is-layout-flex wp-container-core-columns-is-layout-9d6595d7 wp-block-columns-is-layout-flex\">\n<div class=\"wp-block-column is-layout-flow wp-block-column-is-layout-flow\">\n<figure class=\"wp-block-image size-full\"><img loading=\"lazy\" decoding=\"async\" width=\"1600\" height=\"899\" data-attachment-id=\"73773\" data-permalink=\"https:\/\/jornalrol.com.br\/?attachment_id=73773\" data-orig-file=\"https:\/\/jornalrol.com.br\/wp-content\/uploads\/2025\/06\/41234251-2311-4c4a-9db7-a1c932f6c257.jpg\" data-orig-size=\"1600,899\" data-comments-opened=\"1\" data-image-meta=\"{&quot;aperture&quot;:&quot;0&quot;,&quot;credit&quot;:&quot;&quot;,&quot;camera&quot;:&quot;&quot;,&quot;caption&quot;:&quot;&quot;,&quot;created_timestamp&quot;:&quot;0&quot;,&quot;copyright&quot;:&quot;&quot;,&quot;focal_length&quot;:&quot;0&quot;,&quot;iso&quot;:&quot;0&quot;,&quot;shutter_speed&quot;:&quot;0&quot;,&quot;title&quot;:&quot;&quot;,&quot;orientation&quot;:&quot;0&quot;}\" data-image-title=\"41234251-2311-4c4a-9db7-a1c932f6c257\" data-image-description=\"\" data-image-caption=\"\" data-large-file=\"https:\/\/jornalrol.com.br\/wp-content\/uploads\/2025\/06\/41234251-2311-4c4a-9db7-a1c932f6c257.jpg\" src=\"https:\/\/jornalrol.com.br\/wp-content\/uploads\/2025\/06\/41234251-2311-4c4a-9db7-a1c932f6c257.jpg\" alt=\"\" class=\"wp-image-73773\" srcset=\"https:\/\/jornalrol.com.br\/wp-content\/uploads\/2025\/06\/41234251-2311-4c4a-9db7-a1c932f6c257.jpg 1600w, https:\/\/jornalrol.com.br\/wp-content\/uploads\/2025\/06\/41234251-2311-4c4a-9db7-a1c932f6c257-1200x674.jpg 1200w, https:\/\/jornalrol.com.br\/wp-content\/uploads\/2025\/06\/41234251-2311-4c4a-9db7-a1c932f6c257-768x432.jpg 768w, https:\/\/jornalrol.com.br\/wp-content\/uploads\/2025\/06\/41234251-2311-4c4a-9db7-a1c932f6c257-1536x863.jpg 1536w\" sizes=\"auto, (max-width: 1600px) 100vw, 1600px\" \/><figcaption class=\"wp-element-caption\"><em><em><em>Visita \u00e0 FLONA de Ipanema<\/em>. <em>Foto por Carlos Carvalho Cavalheiro<\/em><\/em><\/em><\/figcaption><\/figure>\n<\/div>\n\n\n\n<div class=\"wp-block-column is-layout-flow wp-block-column-is-layout-flow\">\n<figure class=\"wp-block-image size-full\"><img loading=\"lazy\" decoding=\"async\" width=\"1600\" height=\"899\" data-attachment-id=\"73777\" data-permalink=\"https:\/\/jornalrol.com.br\/?attachment_id=73777\" data-orig-file=\"https:\/\/jornalrol.com.br\/wp-content\/uploads\/2025\/06\/fad58ba2-12d5-4865-97e9-07799dbf94fd.jpg\" data-orig-size=\"1600,899\" data-comments-opened=\"1\" data-image-meta=\"{&quot;aperture&quot;:&quot;0&quot;,&quot;credit&quot;:&quot;&quot;,&quot;camera&quot;:&quot;&quot;,&quot;caption&quot;:&quot;&quot;,&quot;created_timestamp&quot;:&quot;0&quot;,&quot;copyright&quot;:&quot;&quot;,&quot;focal_length&quot;:&quot;0&quot;,&quot;iso&quot;:&quot;0&quot;,&quot;shutter_speed&quot;:&quot;0&quot;,&quot;title&quot;:&quot;&quot;,&quot;orientation&quot;:&quot;0&quot;}\" data-image-title=\"fad58ba2-12d5-4865-97e9-07799dbf94fd\" data-image-description=\"\" data-image-caption=\"\" data-large-file=\"https:\/\/jornalrol.com.br\/wp-content\/uploads\/2025\/06\/fad58ba2-12d5-4865-97e9-07799dbf94fd.jpg\" src=\"http:\/\/jornalrol.com.br\/wp-content\/uploads\/2025\/06\/fad58ba2-12d5-4865-97e9-07799dbf94fd.jpg\" alt=\"Visita \u00e0 FLONA de Ipanema. Foto por Carlos Carvalho Cavalheiro\" class=\"wp-image-73777\" srcset=\"https:\/\/jornalrol.com.br\/wp-content\/uploads\/2025\/06\/fad58ba2-12d5-4865-97e9-07799dbf94fd.jpg 1600w, https:\/\/jornalrol.com.br\/wp-content\/uploads\/2025\/06\/fad58ba2-12d5-4865-97e9-07799dbf94fd-1200x674.jpg 1200w, https:\/\/jornalrol.com.br\/wp-content\/uploads\/2025\/06\/fad58ba2-12d5-4865-97e9-07799dbf94fd-768x432.jpg 768w, https:\/\/jornalrol.com.br\/wp-content\/uploads\/2025\/06\/fad58ba2-12d5-4865-97e9-07799dbf94fd-1536x863.jpg 1536w\" sizes=\"auto, (max-width: 1600px) 100vw, 1600px\" \/><figcaption class=\"wp-element-caption\"><em><em><em>Visita \u00e0 FLONA de Ipanema<\/em>. <em>Foto por Carlos Carvalho Cavalheiro<\/em><\/em><\/em><\/figcaption><\/figure>\n<\/div>\n<\/div>\n\n\n\n<div class=\"wp-block-columns is-layout-flex wp-container-core-columns-is-layout-9d6595d7 wp-block-columns-is-layout-flex\">\n<div class=\"wp-block-column is-layout-flow wp-block-column-is-layout-flow\">\n<figure class=\"wp-block-image size-full\"><img loading=\"lazy\" decoding=\"async\" width=\"1600\" height=\"899\" data-attachment-id=\"73774\" data-permalink=\"https:\/\/jornalrol.com.br\/?attachment_id=73774\" data-orig-file=\"https:\/\/jornalrol.com.br\/wp-content\/uploads\/2025\/06\/707bbff0-e51e-453a-904e-3881a13aea19.jpg\" data-orig-size=\"1600,899\" data-comments-opened=\"1\" data-image-meta=\"{&quot;aperture&quot;:&quot;0&quot;,&quot;credit&quot;:&quot;&quot;,&quot;camera&quot;:&quot;&quot;,&quot;caption&quot;:&quot;&quot;,&quot;created_timestamp&quot;:&quot;0&quot;,&quot;copyright&quot;:&quot;&quot;,&quot;focal_length&quot;:&quot;0&quot;,&quot;iso&quot;:&quot;0&quot;,&quot;shutter_speed&quot;:&quot;0&quot;,&quot;title&quot;:&quot;&quot;,&quot;orientation&quot;:&quot;0&quot;}\" data-image-title=\"707bbff0-e51e-453a-904e-3881a13aea19\" data-image-description=\"\" data-image-caption=\"\" data-large-file=\"https:\/\/jornalrol.com.br\/wp-content\/uploads\/2025\/06\/707bbff0-e51e-453a-904e-3881a13aea19.jpg\" src=\"http:\/\/jornalrol.com.br\/wp-content\/uploads\/2025\/06\/707bbff0-e51e-453a-904e-3881a13aea19.jpg\" alt=\"\" class=\"wp-image-73774\" srcset=\"https:\/\/jornalrol.com.br\/wp-content\/uploads\/2025\/06\/707bbff0-e51e-453a-904e-3881a13aea19.jpg 1600w, https:\/\/jornalrol.com.br\/wp-content\/uploads\/2025\/06\/707bbff0-e51e-453a-904e-3881a13aea19-1200x674.jpg 1200w, https:\/\/jornalrol.com.br\/wp-content\/uploads\/2025\/06\/707bbff0-e51e-453a-904e-3881a13aea19-768x432.jpg 768w, https:\/\/jornalrol.com.br\/wp-content\/uploads\/2025\/06\/707bbff0-e51e-453a-904e-3881a13aea19-1536x863.jpg 1536w\" sizes=\"auto, (max-width: 1600px) 100vw, 1600px\" \/><figcaption class=\"wp-element-caption\"><em><em><em>Visita \u00e0 FLONA de Ipanema<\/em>. <em>Foto por Carlos Carvalho Cavalheiro<\/em><\/em><\/em><\/figcaption><\/figure>\n<\/div>\n\n\n\n<div class=\"wp-block-column is-layout-flow wp-block-column-is-layout-flow\">\n<figure class=\"wp-block-image size-full\"><img loading=\"lazy\" decoding=\"async\" width=\"1600\" height=\"899\" data-attachment-id=\"73780\" data-permalink=\"https:\/\/jornalrol.com.br\/?attachment_id=73780\" data-orig-file=\"https:\/\/jornalrol.com.br\/wp-content\/uploads\/2025\/06\/4ab3ae1e-7335-4e62-a422-e27a272ee189.jpg\" data-orig-size=\"1600,899\" data-comments-opened=\"1\" data-image-meta=\"{&quot;aperture&quot;:&quot;0&quot;,&quot;credit&quot;:&quot;&quot;,&quot;camera&quot;:&quot;&quot;,&quot;caption&quot;:&quot;&quot;,&quot;created_timestamp&quot;:&quot;0&quot;,&quot;copyright&quot;:&quot;&quot;,&quot;focal_length&quot;:&quot;0&quot;,&quot;iso&quot;:&quot;0&quot;,&quot;shutter_speed&quot;:&quot;0&quot;,&quot;title&quot;:&quot;&quot;,&quot;orientation&quot;:&quot;0&quot;}\" data-image-title=\"4ab3ae1e-7335-4e62-a422-e27a272ee189\" data-image-description=\"\" data-image-caption=\"\" data-large-file=\"https:\/\/jornalrol.com.br\/wp-content\/uploads\/2025\/06\/4ab3ae1e-7335-4e62-a422-e27a272ee189.jpg\" src=\"http:\/\/jornalrol.com.br\/wp-content\/uploads\/2025\/06\/4ab3ae1e-7335-4e62-a422-e27a272ee189.jpg\" alt=\"Visita \u00e0 FLONA de Ipanema. Foto por Carlos Carvalho Cavalheiro\" class=\"wp-image-73780\" srcset=\"https:\/\/jornalrol.com.br\/wp-content\/uploads\/2025\/06\/4ab3ae1e-7335-4e62-a422-e27a272ee189.jpg 1600w, https:\/\/jornalrol.com.br\/wp-content\/uploads\/2025\/06\/4ab3ae1e-7335-4e62-a422-e27a272ee189-1200x674.jpg 1200w, https:\/\/jornalrol.com.br\/wp-content\/uploads\/2025\/06\/4ab3ae1e-7335-4e62-a422-e27a272ee189-768x432.jpg 768w, https:\/\/jornalrol.com.br\/wp-content\/uploads\/2025\/06\/4ab3ae1e-7335-4e62-a422-e27a272ee189-1536x863.jpg 1536w\" sizes=\"auto, (max-width: 1600px) 100vw, 1600px\" \/><figcaption class=\"wp-element-caption\"><em><em><em>Visita \u00e0 FLONA de Ipanema<\/em>. <em>Foto por Carlos Carvalho Cavalheiro<\/em><\/em><\/em><\/figcaption><\/figure>\n<\/div>\n<\/div>\n\n\n\n<div class=\"wp-block-columns is-layout-flex wp-container-core-columns-is-layout-9d6595d7 wp-block-columns-is-layout-flex\">\n<div class=\"wp-block-column is-layout-flow wp-block-column-is-layout-flow\">\n<figure class=\"wp-block-image size-full\"><img loading=\"lazy\" decoding=\"async\" width=\"1600\" height=\"899\" data-attachment-id=\"73779\" data-permalink=\"https:\/\/jornalrol.com.br\/?attachment_id=73779\" data-orig-file=\"https:\/\/jornalrol.com.br\/wp-content\/uploads\/2025\/06\/43c55ab2-2d9c-4be9-a0c1-493ba9d931b9.jpg\" data-orig-size=\"1600,899\" data-comments-opened=\"1\" data-image-meta=\"{&quot;aperture&quot;:&quot;0&quot;,&quot;credit&quot;:&quot;&quot;,&quot;camera&quot;:&quot;&quot;,&quot;caption&quot;:&quot;&quot;,&quot;created_timestamp&quot;:&quot;0&quot;,&quot;copyright&quot;:&quot;&quot;,&quot;focal_length&quot;:&quot;0&quot;,&quot;iso&quot;:&quot;0&quot;,&quot;shutter_speed&quot;:&quot;0&quot;,&quot;title&quot;:&quot;&quot;,&quot;orientation&quot;:&quot;0&quot;}\" data-image-title=\"43c55ab2-2d9c-4be9-a0c1-493ba9d931b9\" data-image-description=\"\" data-image-caption=\"\" data-large-file=\"https:\/\/jornalrol.com.br\/wp-content\/uploads\/2025\/06\/43c55ab2-2d9c-4be9-a0c1-493ba9d931b9.jpg\" src=\"https:\/\/jornalrol.com.br\/wp-content\/uploads\/2025\/06\/43c55ab2-2d9c-4be9-a0c1-493ba9d931b9.jpg\" alt=\"Visita \u00e0 FLONA de Ipanema. Foto por Carlos Carvalho Cavalheiro\" class=\"wp-image-73779\" srcset=\"https:\/\/jornalrol.com.br\/wp-content\/uploads\/2025\/06\/43c55ab2-2d9c-4be9-a0c1-493ba9d931b9.jpg 1600w, https:\/\/jornalrol.com.br\/wp-content\/uploads\/2025\/06\/43c55ab2-2d9c-4be9-a0c1-493ba9d931b9-1200x674.jpg 1200w, https:\/\/jornalrol.com.br\/wp-content\/uploads\/2025\/06\/43c55ab2-2d9c-4be9-a0c1-493ba9d931b9-768x432.jpg 768w, https:\/\/jornalrol.com.br\/wp-content\/uploads\/2025\/06\/43c55ab2-2d9c-4be9-a0c1-493ba9d931b9-1536x863.jpg 1536w\" sizes=\"auto, (max-width: 1600px) 100vw, 1600px\" \/><figcaption class=\"wp-element-caption\"><em><em><em>Visita \u00e0 FLONA de Ipanema<\/em>. <em>Foto por Carlos Carvalho Cavalheiro<\/em><\/em><\/em><\/figcaption><\/figure>\n<\/div>\n\n\n\n<div class=\"wp-block-column is-layout-flow wp-block-column-is-layout-flow\">\n<figure class=\"wp-block-image size-full\"><img loading=\"lazy\" decoding=\"async\" width=\"1600\" height=\"899\" data-attachment-id=\"73781\" data-permalink=\"https:\/\/jornalrol.com.br\/?attachment_id=73781\" data-orig-file=\"https:\/\/jornalrol.com.br\/wp-content\/uploads\/2025\/06\/3a5d21b1-2064-495f-b7b0-d7d50f967c66.jpg\" data-orig-size=\"1600,899\" data-comments-opened=\"1\" data-image-meta=\"{&quot;aperture&quot;:&quot;0&quot;,&quot;credit&quot;:&quot;&quot;,&quot;camera&quot;:&quot;&quot;,&quot;caption&quot;:&quot;&quot;,&quot;created_timestamp&quot;:&quot;0&quot;,&quot;copyright&quot;:&quot;&quot;,&quot;focal_length&quot;:&quot;0&quot;,&quot;iso&quot;:&quot;0&quot;,&quot;shutter_speed&quot;:&quot;0&quot;,&quot;title&quot;:&quot;&quot;,&quot;orientation&quot;:&quot;0&quot;}\" data-image-title=\"3a5d21b1-2064-495f-b7b0-d7d50f967c66\" data-image-description=\"\" data-image-caption=\"\" data-large-file=\"https:\/\/jornalrol.com.br\/wp-content\/uploads\/2025\/06\/3a5d21b1-2064-495f-b7b0-d7d50f967c66.jpg\" src=\"https:\/\/jornalrol.com.br\/wp-content\/uploads\/2025\/06\/3a5d21b1-2064-495f-b7b0-d7d50f967c66.jpg\" alt=\"Visita \u00e0 FLONA de Ipanema. Foto por Carlos Carvalho Cavalheiro\" class=\"wp-image-73781\" srcset=\"https:\/\/jornalrol.com.br\/wp-content\/uploads\/2025\/06\/3a5d21b1-2064-495f-b7b0-d7d50f967c66.jpg 1600w, https:\/\/jornalrol.com.br\/wp-content\/uploads\/2025\/06\/3a5d21b1-2064-495f-b7b0-d7d50f967c66-1200x674.jpg 1200w, https:\/\/jornalrol.com.br\/wp-content\/uploads\/2025\/06\/3a5d21b1-2064-495f-b7b0-d7d50f967c66-768x432.jpg 768w, https:\/\/jornalrol.com.br\/wp-content\/uploads\/2025\/06\/3a5d21b1-2064-495f-b7b0-d7d50f967c66-1536x863.jpg 1536w\" sizes=\"auto, (max-width: 1600px) 100vw, 1600px\" \/><figcaption class=\"wp-element-caption\"><em><em><em>Visita \u00e0 FLONA de Ipanema<\/em>. <em>Foto por Carlos Carvalho Cavalheiro<\/em><\/em><\/em><\/figcaption><\/figure>\n<\/div>\n<\/div>\n\n\n\n<div class=\"wp-block-columns is-layout-flex wp-container-core-columns-is-layout-9d6595d7 wp-block-columns-is-layout-flex\">\n<div class=\"wp-block-column is-layout-flow wp-block-column-is-layout-flow\"><\/div>\n\n\n\n<div class=\"wp-block-column is-layout-flow wp-block-column-is-layout-flow\">\n<h2 class=\"wp-block-heading\"><\/h2>\n<\/div>\n<\/div>\n\n\n\n<p><a href=\"https:\/\/jornalrol.com.br\/\" title=\"Voltar\">Voltar<\/a><\/p>\n\n\n\n<p><a href=\"https:\/\/www.facebook.com\/JCulturalrol\/\" title=\"Facebook\">Facebook<\/a><\/p>\n\n\n\n<pre class=\"wp-block-code\"><code><\/code><\/pre>\n","protected":false},"excerpt":{"rendered":"<p>Estudantes dos 7\u00bas anos A, B e C da EMEF Coronel Esm\u00e9dio, da cidade de Porto Feliz, tiveram a oportunidade de conhecer um dos mais importantes s\u00edtios&#8230; <\/p>\n","protected":false},"author":6,"featured_media":73758,"comment_status":"open","ping_status":"closed","sticky":false,"template":"","format":"standard","meta":{"_jetpack_newsletter_access":"","_jetpack_dont_email_post_to_subs":false,"_jetpack_newsletter_tier_id":0,"_jetpack_memberships_contains_paywalled_content":false,"_jetpack_memberships_contains_paid_content":false,"footnotes":""},"categories":[12858],"tags":[1651,3202,4000,6931],"class_list":["post-73755","post","type-post","status-publish","format-standard","has-post-thumbnail","hentry","category-educacao","tag-carlos-carvalho-cavalheiro","tag-emef-coronel-esmedio","tag-flona","tag-porto-feliz"],"aioseo_notices":[],"views":489,"jetpack_featured_media_url":"https:\/\/jornalrol.com.br\/wp-content\/uploads\/2025\/06\/ff549134-e0f2-4701-ba51-3d745f92bf40.jpg","jetpack_sharing_enabled":true,"jetpack_likes_enabled":true,"jetpack-related-posts":[{"id":63284,"url":"https:\/\/jornalrol.com.br\/?p=63284","url_meta":{"origin":73755,"position":0},"title":"Projeto escolar na EMEF. Cel. Esm\u00e9dio ganha destaque na m\u00eddia nacional","author":"Sergio Diniz da Costa","date":"25 de novembro de 2023","format":false,"excerpt":"O Projeto ORI-GENS, \u00e9 um ensaio de Hist\u00f3ria Oral realizado por estudantes dos 9\u00bas anos B e C da EMEF. Coronel Esm\u00e9dio, de Porto Feliz, em 2023...","rel":"","context":"Em &quot;Sem categoria&quot;","block_context":{"text":"Sem categoria","link":"https:\/\/jornalrol.com.br\/?cat=1"},"img":{"alt_text":"Print das entrevistas sobre o projeto ORI-GENS, enviado pelo prof. Carlos Carvalho Cavalheiro","src":"https:\/\/i0.wp.com\/jornalrol.com.br\/wp-content\/uploads\/2023\/11\/b2226f6e-bdb7-49b9-837d-0553b6efc1d6.jpg?resize=350%2C200&ssl=1","width":350,"height":200,"srcset":"https:\/\/i0.wp.com\/jornalrol.com.br\/wp-content\/uploads\/2023\/11\/b2226f6e-bdb7-49b9-837d-0553b6efc1d6.jpg?resize=350%2C200&ssl=1 1x, https:\/\/i0.wp.com\/jornalrol.com.br\/wp-content\/uploads\/2023\/11\/b2226f6e-bdb7-49b9-837d-0553b6efc1d6.jpg?resize=525%2C300&ssl=1 1.5x, https:\/\/i0.wp.com\/jornalrol.com.br\/wp-content\/uploads\/2023\/11\/b2226f6e-bdb7-49b9-837d-0553b6efc1d6.jpg?resize=700%2C400&ssl=1 2x"},"classes":[]},{"id":11317,"url":"https:\/\/jornalrol.com.br\/?p=11317","url_meta":{"origin":73755,"position":1},"title":"EMEF. Cel. Esmedio, de Porto Feliz, promoveu, no 28 de junho, a 5.\u00aa Gincana de Hist\u00f3ria:  um olhar sobre a cidade","author":"Sergio Diniz da Costa","date":"29 de junho de 2017","format":false,"excerpt":"Na 5.\u00aa Gincana de Hist\u00f3ria da EMEF. Coronel Esm\u00e9dio, de Porto Feliz, 7\u00a0equipes inscritas se dispuseram a resolver 15 enigmas referentes a aspectos diversos da cidade \u00a0 Nesta quarta-feira, dia 28 de junho, ocorreu a 5\u00aa Gincana de Hist\u00f3ria da EMEF. Coronel Esm\u00e9dio, na cidade de Porto Feliz. Sete equipes\u2026","rel":"","context":"Em &quot;Comunica\u00e7\u00e3o&quot;","block_context":{"text":"Comunica\u00e7\u00e3o","link":"https:\/\/jornalrol.com.br\/?cat=7"},"img":{"alt_text":"","src":"https:\/\/i0.wp.com\/www.jornalrol.com.br\/wp-content\/uploads\/2017\/06\/unnamed-4-3-300x225.jpg?resize=350%2C200","width":350,"height":200},"classes":[]},{"id":70888,"url":"https:\/\/jornalrol.com.br\/?p=70888","url_meta":{"origin":73755,"position":2},"title":"Vernissage de exposi\u00e7\u00e3o art\u00edstica","author":"Sergio Diniz da Costa","date":"20 de novembro de 2024","format":false,"excerpt":"Exposi\u00e7\u00e3o art\u00edstica, exibi\u00e7\u00e3o de v\u00eddeos e de trabalhos escolares, pronunciamentos. Assim foi a abrilhantada tarde do dia 19 de novembro na EMEF. Coronel Esm\u00e9dio","rel":"","context":"Em &quot;Arte&quot;","block_context":{"text":"Arte","link":"https:\/\/jornalrol.com.br\/?cat=9286"},"img":{"alt_text":"Vernissage de exposi\u00e7\u00e3o art\u00edstica marca a Semana da Consci\u00eancia Negra na EMEF. Coronel Esm\u00e9dio","src":"https:\/\/i0.wp.com\/jornalrol.com.br\/wp-content\/uploads\/2024\/11\/7e0f7f0a-fc87-4efb-aa45-429e197d3a1a-1.jpeg?resize=350%2C200&ssl=1","width":350,"height":200,"srcset":"https:\/\/i0.wp.com\/jornalrol.com.br\/wp-content\/uploads\/2024\/11\/7e0f7f0a-fc87-4efb-aa45-429e197d3a1a-1.jpeg?resize=350%2C200&ssl=1 1x, https:\/\/i0.wp.com\/jornalrol.com.br\/wp-content\/uploads\/2024\/11\/7e0f7f0a-fc87-4efb-aa45-429e197d3a1a-1.jpeg?resize=525%2C300&ssl=1 1.5x, https:\/\/i0.wp.com\/jornalrol.com.br\/wp-content\/uploads\/2024\/11\/7e0f7f0a-fc87-4efb-aa45-429e197d3a1a-1.jpeg?resize=700%2C400&ssl=1 2x, https:\/\/i0.wp.com\/jornalrol.com.br\/wp-content\/uploads\/2024\/11\/7e0f7f0a-fc87-4efb-aa45-429e197d3a1a-1.jpeg?resize=1050%2C600&ssl=1 3x, https:\/\/i0.wp.com\/jornalrol.com.br\/wp-content\/uploads\/2024\/11\/7e0f7f0a-fc87-4efb-aa45-429e197d3a1a-1.jpeg?resize=1400%2C800&ssl=1 4x"},"classes":[]},{"id":68737,"url":"https:\/\/jornalrol.com.br\/?p=68737","url_meta":{"origin":73755,"position":3},"title":"Estudantes da EMEF Coronel Esm\u00e9dio realizam projeto ambiental","author":"Sergio Diniz da Costa","date":"15 de agosto de 2024","format":false,"excerpt":"Os estudantes do 9\u00ba ano A da EMEF. Cel. Esm\u00e9dio, de Porto Feliz (SP), est\u00e3o desenvolvendo um projeto de interven\u00e7\u00e3o ambiental dentro da escola.","rel":"","context":"Em &quot;Meio Ambiente&quot;","block_context":{"text":"Meio Ambiente","link":"https:\/\/jornalrol.com.br\/?cat=12637"},"img":{"alt_text":"Projeto 'Meu quintal \u00e9 maior do que o mundo' - Foto enviada pelo prof. Carlos Carvalho Cavalheiro","src":"https:\/\/i0.wp.com\/jornalrol.com.br\/wp-content\/uploads\/2024\/08\/10c7e66e-d8b6-4124-9ee9-d1cb7e382844.jpeg?resize=350%2C200&ssl=1","width":350,"height":200,"srcset":"https:\/\/i0.wp.com\/jornalrol.com.br\/wp-content\/uploads\/2024\/08\/10c7e66e-d8b6-4124-9ee9-d1cb7e382844.jpeg?resize=350%2C200&ssl=1 1x, https:\/\/i0.wp.com\/jornalrol.com.br\/wp-content\/uploads\/2024\/08\/10c7e66e-d8b6-4124-9ee9-d1cb7e382844.jpeg?resize=525%2C300&ssl=1 1.5x, https:\/\/i0.wp.com\/jornalrol.com.br\/wp-content\/uploads\/2024\/08\/10c7e66e-d8b6-4124-9ee9-d1cb7e382844.jpeg?resize=700%2C400&ssl=1 2x, https:\/\/i0.wp.com\/jornalrol.com.br\/wp-content\/uploads\/2024\/08\/10c7e66e-d8b6-4124-9ee9-d1cb7e382844.jpeg?resize=1050%2C600&ssl=1 3x, https:\/\/i0.wp.com\/jornalrol.com.br\/wp-content\/uploads\/2024\/08\/10c7e66e-d8b6-4124-9ee9-d1cb7e382844.jpeg?resize=1400%2C800&ssl=1 4x"},"classes":[]},{"id":27196,"url":"https:\/\/jornalrol.com.br\/?p=27196","url_meta":{"origin":73755,"position":4},"title":"Alunos da EMEF. Cel. Esm\u00e9dio participam de Olimp\u00edada de Hist\u00f3ria","author":"Carlos Carvalho Cavalheiro","date":"15 de maio de 2019","format":false,"excerpt":"Pela 6\u00aa vez os estudantes da EMEF. Coronel Esm\u00e9dio, de Porto Feliz, participam da Olimp\u00edada Nacional em Hist\u00f3ria do Brasil, promovida pela Unicamp A EMEF. Coronel Esm\u00e9dio participou pela primeira vez na ONHB no ano de 2010, ou seja, na 2\u00aa edi\u00e7\u00e3o do evento. Nessa primeira participa\u00e7\u00e3o a escola chegou\u2026","rel":"","context":"Em &quot;Comunica\u00e7\u00e3o&quot;","block_context":{"text":"Comunica\u00e7\u00e3o","link":"https:\/\/jornalrol.com.br\/?cat=7"},"img":{"alt_text":"","src":"https:\/\/i0.wp.com\/www.jornalrol.com.br\/wp-content\/uploads\/2019\/05\/Coronel-esm%C3%A9dio-porto-feliz_thumb1-300x229.jpg?resize=350%2C200","width":350,"height":200},"classes":[]},{"id":10218,"url":"https:\/\/jornalrol.com.br\/?p=10218","url_meta":{"origin":73755,"position":5},"title":"Escola &#039;Coronel&#039;, de Porto Feliz, mais uma vez na Olimp\u00edada de Hist\u00f3ria!","author":"Sergio Diniz da Costa","date":"10 de maio de 2017","format":false,"excerpt":"Quando o esfor\u00e7o coletivo de uma escola faz a diferen\u00e7a: Escola 'Coronel', de Porto Feliz, mais uma vez na Olimp\u00edada de Hist\u00f3ria! A EMEF. Coronel Esm\u00e9dio participa mais uma vez da Olimp\u00edada Nacional de Hist\u00f3ria do Brasil (ONHB), promovida pela UNICAMP. Estudantes dos 8\u00bas e 9\u00bas anos da escola participar\u00e3o\u2026","rel":"","context":"Em &quot;Comunica\u00e7\u00e3o&quot;","block_context":{"text":"Comunica\u00e7\u00e3o","link":"https:\/\/jornalrol.com.br\/?cat=7"},"img":{"alt_text":"","src":"https:\/\/i0.wp.com\/www.jornalrol.com.br\/wp-content\/uploads\/2017\/05\/unnamed-4-1-237x300.jpg?resize=350%2C200","width":350,"height":200},"classes":[]}],"_links":{"self":[{"href":"https:\/\/jornalrol.com.br\/index.php?rest_route=\/wp\/v2\/posts\/73755","targetHints":{"allow":["GET"]}}],"collection":[{"href":"https:\/\/jornalrol.com.br\/index.php?rest_route=\/wp\/v2\/posts"}],"about":[{"href":"https:\/\/jornalrol.com.br\/index.php?rest_route=\/wp\/v2\/types\/post"}],"author":[{"embeddable":true,"href":"https:\/\/jornalrol.com.br\/index.php?rest_route=\/wp\/v2\/users\/6"}],"replies":[{"embeddable":true,"href":"https:\/\/jornalrol.com.br\/index.php?rest_route=%2Fwp%2Fv2%2Fcomments&post=73755"}],"version-history":[{"count":4,"href":"https:\/\/jornalrol.com.br\/index.php?rest_route=\/wp\/v2\/posts\/73755\/revisions"}],"predecessor-version":[{"id":73784,"href":"https:\/\/jornalrol.com.br\/index.php?rest_route=\/wp\/v2\/posts\/73755\/revisions\/73784"}],"wp:featuredmedia":[{"embeddable":true,"href":"https:\/\/jornalrol.com.br\/index.php?rest_route=\/wp\/v2\/media\/73758"}],"wp:attachment":[{"href":"https:\/\/jornalrol.com.br\/index.php?rest_route=%2Fwp%2Fv2%2Fmedia&parent=73755"}],"wp:term":[{"taxonomy":"category","embeddable":true,"href":"https:\/\/jornalrol.com.br\/index.php?rest_route=%2Fwp%2Fv2%2Fcategories&post=73755"},{"taxonomy":"post_tag","embeddable":true,"href":"https:\/\/jornalrol.com.br\/index.php?rest_route=%2Fwp%2Fv2%2Ftags&post=73755"}],"curies":[{"name":"wp","href":"https:\/\/api.w.org\/{rel}","templated":true}]}}