{"id":73936,"date":"2025-07-04T14:04:51","date_gmt":"2025-07-04T17:04:51","guid":{"rendered":"https:\/\/jornalrol.com.br\/?p=73936"},"modified":"2025-07-16T15:47:55","modified_gmt":"2025-07-16T18:47:55","slug":"teus-olhos","status":"publish","type":"post","link":"https:\/\/jornalrol.com.br\/?p=73936","title":{"rendered":"Teus olhos"},"content":{"rendered":"<div class=\"pdfprnt-buttons pdfprnt-buttons-post pdfprnt-top-right\"><a href=\"https:\/\/jornalrol.com.br\/index.php?rest_route=%2Fwp%2Fv2%2Fposts%2F73936&print=pdf\" class=\"pdfprnt-button pdfprnt-button-pdf\" target=\"_blank\" ><\/a><a href=\"https:\/\/jornalrol.com.br\/index.php?rest_route=%2Fwp%2Fv2%2Fposts%2F73936&print=print\" class=\"pdfprnt-button pdfprnt-button-print\" target=\"_blank\" ><img decoding=\"async\" src=\"https:\/\/jornalrol.com.br\/wp-content\/plugins\/pdf-print\/images\/print.png\" alt=\"image_print\" title=\"Conte\u00fado de impress\u00e3o\" \/><\/a><\/div>\n<h2 class=\"wp-block-heading has-text-align-center\">Jairo Valio: Poema &#8216;Teus olhos&#8217;<br><br><\/h2>\n\n\n<div class=\"wp-block-image\">\n<figure class=\"aligncenter size-full is-resized\"><img loading=\"lazy\" decoding=\"async\" width=\"120\" height=\"120\" data-attachment-id=\"55568\" data-permalink=\"https:\/\/jornalrol.com.br\/?attachment_id=55568\" data-orig-file=\"https:\/\/jornalrol.com.br\/wp-content\/uploads\/2023\/05\/Jairo-Valio.jpg\" data-orig-size=\"120,120\" data-comments-opened=\"1\" data-image-meta=\"{&quot;aperture&quot;:&quot;0&quot;,&quot;credit&quot;:&quot;&quot;,&quot;camera&quot;:&quot;&quot;,&quot;caption&quot;:&quot;&quot;,&quot;created_timestamp&quot;:&quot;0&quot;,&quot;copyright&quot;:&quot;&quot;,&quot;focal_length&quot;:&quot;0&quot;,&quot;iso&quot;:&quot;0&quot;,&quot;shutter_speed&quot;:&quot;0&quot;,&quot;title&quot;:&quot;&quot;,&quot;orientation&quot;:&quot;0&quot;}\" data-image-title=\"Jairo-Valio\" data-image-description=\"&lt;p&gt;Jairo Valio&lt;\/p&gt;\n\" data-image-caption=\"&lt;p&gt;Jairo Valio&lt;\/p&gt;\n\" data-large-file=\"https:\/\/jornalrol.com.br\/wp-content\/uploads\/2023\/05\/Jairo-Valio.jpg\" src=\"http:\/\/jornalrol.com.br\/wp-content\/uploads\/2023\/05\/Jairo-Valio.jpg\" alt=\"Jairo Valio\" class=\"wp-image-55568\" style=\"width:164px;height:auto\"\/><figcaption class=\"wp-element-caption\">Jairo Valio<\/figcaption><\/figure>\n<\/div>\n\n<div class=\"wp-block-image\">\n<figure class=\"aligncenter size-full is-resized\"><img loading=\"lazy\" decoding=\"async\" width=\"998\" height=\"1388\" data-attachment-id=\"73937\" data-permalink=\"https:\/\/jornalrol.com.br\/?attachment_id=73937\" data-orig-file=\"https:\/\/jornalrol.com.br\/wp-content\/uploads\/2025\/06\/40fbbb0c-ee9f-45d1-9dfc-10df64ad469e.jpeg\" data-orig-size=\"998,1388\" data-comments-opened=\"1\" data-image-meta=\"{&quot;aperture&quot;:&quot;0&quot;,&quot;credit&quot;:&quot;&quot;,&quot;camera&quot;:&quot;&quot;,&quot;caption&quot;:&quot;&quot;,&quot;created_timestamp&quot;:&quot;0&quot;,&quot;copyright&quot;:&quot;&quot;,&quot;focal_length&quot;:&quot;0&quot;,&quot;iso&quot;:&quot;0&quot;,&quot;shutter_speed&quot;:&quot;0&quot;,&quot;title&quot;:&quot;&quot;,&quot;orientation&quot;:&quot;0&quot;}\" data-image-title=\"40fbbb0c-ee9f-45d1-9dfc-10df64ad469e\" data-image-description=\"\" data-image-caption=\"\" data-large-file=\"https:\/\/jornalrol.com.br\/wp-content\/uploads\/2025\/06\/40fbbb0c-ee9f-45d1-9dfc-10df64ad469e.jpeg\" src=\"https:\/\/jornalrol.com.br\/wp-content\/uploads\/2025\/06\/40fbbb0c-ee9f-45d1-9dfc-10df64ad469e.jpeg\" alt=\"Casal Jairo Valio e Ondina Rosa Valio, na pra\u00e7a da Matriz, em Pilar do Sul (SP). Arquivo pessoal\" class=\"wp-image-73937\" style=\"width:306px;height:auto\" srcset=\"https:\/\/jornalrol.com.br\/wp-content\/uploads\/2025\/06\/40fbbb0c-ee9f-45d1-9dfc-10df64ad469e.jpeg 998w, https:\/\/jornalrol.com.br\/wp-content\/uploads\/2025\/06\/40fbbb0c-ee9f-45d1-9dfc-10df64ad469e-863x1200.jpeg 863w, https:\/\/jornalrol.com.br\/wp-content\/uploads\/2025\/06\/40fbbb0c-ee9f-45d1-9dfc-10df64ad469e-768x1068.jpeg 768w\" sizes=\"auto, (max-width: 998px) 100vw, 998px\" \/><figcaption class=\"wp-element-caption\">Casal Jairo Valio e Ondina Rosa Valio, na pra\u00e7a da Matriz, em Pilar do Sul (SP). Arquivo pessoal<\/figcaption><\/figure>\n<\/div>\n\n\n<p class=\"has-text-align-center\">Um dia distante,<\/p>\n\n\n\n<p class=\"has-text-align-center\">trocamos olhares<\/p>\n\n\n\n<p class=\"has-text-align-center\">t\u00edmidos, furtivos,<\/p>\n\n\n\n<p class=\"has-text-align-center\">apaixonados depois.<\/p>\n\n\n\n<p class=\"has-text-align-center\">Casados,<\/p>\n\n\n\n<p class=\"has-text-align-center\">frutos vieram<\/p>\n\n\n\n<p class=\"has-text-align-center\">de feliz uni\u00e3o,<\/p>\n\n\n\n<p class=\"has-text-align-center\">e os olhares,<\/p>\n\n\n\n<p class=\"has-text-align-center\">ainda doces,<\/p>\n\n\n\n<p class=\"has-text-align-center\">meigos tornaram,<\/p>\n\n\n\n<p class=\"has-text-align-center\">na condi\u00e7\u00e3o de m\u00e3e,<\/p>\n\n\n\n<p class=\"has-text-align-center\">ao amamentar seus filhos.<\/p>\n\n\n\n<p class=\"has-text-align-center\">E depois,<\/p>\n\n\n\n<p class=\"has-text-align-center\">de um fruto do amor,<\/p>\n\n\n\n<p class=\"has-text-align-center\">netinhos vieram,<\/p>\n\n\n\n<p class=\"has-text-align-center\">temperos gostosos,<\/p>\n\n\n\n<p class=\"has-text-align-center\">d\u00e1divas de Deus,<\/p>\n\n\n\n<p class=\"has-text-align-center\">e, mesmo assim,<\/p>\n\n\n\n<p class=\"has-text-align-center\">os seus olhares,<\/p>\n\n\n\n<p class=\"has-text-align-center\">mais divididos,<\/p>\n\n\n\n<p class=\"has-text-align-center\">muito sobravam,<\/p>\n\n\n\n<p class=\"has-text-align-center\">para quem escolheram.<\/p>\n\n\n\n<p class=\"has-text-align-center\">No entanto,<\/p>\n\n\n\n<p class=\"has-text-align-center\">na doen\u00e7a,<\/p>\n\n\n\n<p class=\"has-text-align-center\">no sofrimento e na dor,<\/p>\n\n\n\n<p class=\"has-text-align-center\">os seus olhos,<\/p>\n\n\n\n<p class=\"has-text-align-center\">esmaecidos e tristes,<\/p>\n\n\n\n<p class=\"has-text-align-center\">quase sem brilho,<\/p>\n\n\n\n<p class=\"has-text-align-center\">foram se indo,<\/p>\n\n\n\n<p class=\"has-text-align-center\">e, para meu desespero,<\/p>\n\n\n\n<p class=\"has-text-align-center\">se fecharam,<\/p>\n\n\n\n<p class=\"has-text-align-center\">sem antes me ver.<\/p>\n\n\n\n<p class=\"has-text-align-center\">No entanto,<\/p>\n\n\n\n<p class=\"has-text-align-center\">suas c\u00f3rneas peregrinas,<\/p>\n\n\n\n<p class=\"has-text-align-center\">em outros olhos,<\/p>\n\n\n\n<p class=\"has-text-align-center\">n\u00e3o sei onde,<\/p>\n\n\n\n<p class=\"has-text-align-center\">se perto ou longe,<\/p>\n\n\n\n<p class=\"has-text-align-center\">brilham de novo,<\/p>\n\n\n\n<p class=\"has-text-align-center\">e um dia,<\/p>\n\n\n\n<p class=\"has-text-align-center\">tamb\u00e9m v\u00e3o trocar,<\/p>\n\n\n\n<p class=\"has-text-align-center\">olhares furtivos,<\/p>\n\n\n\n<p class=\"has-text-align-center\">t\u00edmidos a princ\u00edpio,<\/p>\n\n\n\n<p class=\"has-text-align-center\">apaixonados depois,<\/p>\n\n\n\n<p class=\"has-text-align-center\">assim como,<\/p>\n\n\n\n<p class=\"has-text-align-center\">um dia distante,<\/p>\n\n\n\n<p class=\"has-text-align-center\">tamb\u00e9m n\u00f3s fizemos.<\/p>\n\n\n\n<p class=\"has-text-align-center\"><br><strong>Jairo Valio<\/strong><\/p>\n\n\n\n<div class=\"wp-block-columns is-layout-flex wp-container-core-columns-is-layout-9d6595d7 wp-block-columns-is-layout-flex\">\n<div class=\"wp-block-column is-layout-flow wp-block-column-is-layout-flow\">\n<h4 class=\"wp-block-heading has-text-align-center has-electric-grass-gradient-background has-background\"><a href=\"https:\/\/wa.me\/15997003572\" target=\"_blank\" rel=\"noopener\" title=\"WHATSAPP\">WHATSAPP<\/a><\/h4>\n<\/div>\n\n\n\n<div class=\"wp-block-column is-layout-flow wp-block-column-is-layout-flow\">\n<h4 class=\"wp-block-heading has-text-align-center has-electric-grass-gradient-background has-background\"><a href=\"https:\/\/www.facebook.com\/jairo.valio?locale=pt_BR\" title=\"FACEBOOK\">FACEBOOK<\/a><\/h4>\n<\/div>\n<\/div>\n\n\n\n<p><a href=\"https:\/\/jornalrol.com.br\/\" title=\"Voltar\">Voltar<\/a><\/p>\n\n\n\n<p><a href=\"https:\/\/www.facebook.com\/JCulturalrol\/\" title=\"Facebook\">Facebook<\/a><\/p>\n","protected":false},"excerpt":{"rendered":"<p>Um dia distante, trocamos olhares t\u00edmidos, furtivos, apaixonados depois. Casados, frutos vieram de feliz uni\u00e3o, e os olhares, ainda doces, meigos se tornaram&#8230;<\/p>\n","protected":false},"author":7,"featured_media":73937,"comment_status":"open","ping_status":"closed","sticky":false,"template":"","format":"standard","meta":{"_jetpack_newsletter_access":"","_jetpack_dont_email_post_to_subs":false,"_jetpack_newsletter_tier_id":0,"_jetpack_memberships_contains_paywalled_content":false,"_jetpack_memberships_contains_paid_content":false,"footnotes":""},"categories":[9285,58],"tags":[3933,14528,14527,14525,14526],"class_list":["post-73936","post","type-post","status-publish","format-standard","has-post-thumbnail","hentry","category-literatura","category-poesias","tag-filhos","tag-netos","tag-olhares-doces","tag-olhares-timidos","tag-uniao-feliz"],"aioseo_notices":[],"views":510,"jetpack_featured_media_url":"https:\/\/jornalrol.com.br\/wp-content\/uploads\/2025\/06\/40fbbb0c-ee9f-45d1-9dfc-10df64ad469e.jpeg","jetpack_sharing_enabled":true,"jetpack_likes_enabled":true,"jetpack-related-posts":[{"id":14787,"url":"https:\/\/jornalrol.com.br\/?p=14787","url_meta":{"origin":73936,"position":0},"title":"O leitor participa: Jairo V\u00e1lio, membro da Academia Sorocabana de Letras, com o poema-homenagem &#039;Teus olhos&#039;","author":"Sergio Diniz da Costa","date":"21 de novembro de 2017","format":false,"excerpt":"Poema em homenagem \u00e0 falecida esposa Ondina, e que fez parte da Campanha de Doa\u00e7\u00e3o de C\u00f3rneas do Banco de Olhos de Sorocaba \u00a0 TEUS OLHOS \u00a0 Um dia, distante, trocamos olhares, t\u00edmidos, furtivos, apaixonados depois. Casados, frutos vieram, de feliz uni\u00e3o, e os olhares, ainda doces, meigos se tornaram,\u2026","rel":"","context":"Em &quot;Comunica\u00e7\u00e3o&quot;","block_context":{"text":"Comunica\u00e7\u00e3o","link":"https:\/\/jornalrol.com.br\/?cat=7"},"img":{"alt_text":"","src":"https:\/\/i0.wp.com\/www.jornalrol.com.br\/wp-content\/uploads\/2017\/11\/18010517_1498212940210249_1726418210964697403_n.png?resize=350%2C200","width":350,"height":200},"classes":[]},{"id":16462,"url":"https:\/\/jornalrol.com.br\/?p=16462","url_meta":{"origin":73936,"position":1},"title":"O time de colunistas melhora ainda mais: Jairo V\u00e1lio","author":"Helio Rubens","date":"15 de fevereiro de 2018","format":false,"excerpt":"Jairo V\u00e1lio: mais um 'dos grandes' participando voluntariamente do nosso jornal! \u00a0 \u00c9 com grande satisfa\u00e7\u00e3o que apresento o amigo Jairo Valio aos leitores do nosso jornal. Conhe\u00e7o- h\u00e1 bastante tempo, mas s\u00f3 agora, gra\u00e7as ao empenho do editor Sergio Diniz, estou tendo a oportunidade de apresent\u00e1-lo como colunista do\u2026","rel":"","context":"Em &quot;Comunica\u00e7\u00e3o&quot;","block_context":{"text":"Comunica\u00e7\u00e3o","link":"https:\/\/jornalrol.com.br\/?cat=7"},"img":{"alt_text":"","src":"https:\/\/i0.wp.com\/www.jornalrol.com.br\/wp-content\/uploads\/2017\/11\/18010517_1498212940210249_1726418210964697403_n.png?resize=350%2C200","width":350,"height":200},"classes":[]},{"id":27410,"url":"https:\/\/jornalrol.com.br\/?p=27410","url_meta":{"origin":73936,"position":2},"title":"Jairo Valio: &#039;Menina faceira&#039;","author":"Jairo Valio","date":"22 de maio de 2019","format":false,"excerpt":"Poesia: 'Menina faceira' Menina faceira Ainda desabrochando, mostra vaidades, e como um bot\u00e3o de rosa que se abre, suas p\u00e9talas v\u00e3o mostrando belezas, e as cores, todas elas, magn\u00edficos enfeites, se completam exalando seus doces perfumes. Assim \u00e9 a menina faceira toda graciosa, despertando sorrisos onde passa vaidosa, e sua\u2026","rel":"","context":"Em &quot;Comunica\u00e7\u00e3o&quot;","block_context":{"text":"Comunica\u00e7\u00e3o","link":"https:\/\/jornalrol.com.br\/?cat=7"},"img":{"alt_text":"","src":"https:\/\/i0.wp.com\/www.jornalrol.com.br\/wp-content\/uploads\/2018\/07\/jairo-valio.png?resize=350%2C200","width":350,"height":200},"classes":[]},{"id":40061,"url":"https:\/\/jornalrol.com.br\/?p=40061","url_meta":{"origin":73936,"position":3},"title":"Jairo Valio: &#039;Amor verdadeiro&#039;","author":"Jairo Valio","date":"25 de abril de 2021","format":false,"excerpt":"Amor verdadeiro Muitas vezes oculto n\u00e3o se manifesta. Cora\u00e7\u00e3o dormente batendo com calma, Sentido do olfato sem se manifestar, Perfumes das flores que a brisa traz, Ele se cala por todas as raz\u00f5es ausentes. \u00a0 Dois jovens em encontros fortuitos se olham, Nada de emo\u00e7\u00f5es tocam suas sensibilidades, Apressados cada\u2026","rel":"","context":"Em &quot;Comunica\u00e7\u00e3o&quot;","block_context":{"text":"Comunica\u00e7\u00e3o","link":"https:\/\/jornalrol.com.br\/?cat=7"},"img":{"alt_text":"","src":"https:\/\/i0.wp.com\/www.jornalrol.com.br\/wp-content\/uploads\/2018\/07\/jairo-valio-150x150.png?resize=350%2C200","width":350,"height":200},"classes":[]},{"id":35074,"url":"https:\/\/jornalrol.com.br\/?p=35074","url_meta":{"origin":73936,"position":4},"title":"Jairo Valio: &#039;Negra&#039;","author":"Jairo Valio","date":"19 de novembro de 2020","format":false,"excerpt":"Negra Altiva, bela, cativante, s\u00f3 sorrisos, Porte esbelto, desperta at\u00e9 invejas, Pelo andar, corpo escultural, perfeita, Como se fosse por artista desenhada, Nas formas curvil\u00edneas com caprichos, E nas telas expusesse as perfei\u00e7\u00f5es. \u00a0 N\u00e3o tem reinados ou exuber\u00e2ncias, Sua moradia pode at\u00e9 ser na periferia, Pela condi\u00e7\u00e3o social que\u2026","rel":"","context":"Em &quot;Comunica\u00e7\u00e3o&quot;","block_context":{"text":"Comunica\u00e7\u00e3o","link":"https:\/\/jornalrol.com.br\/?cat=7"},"img":{"alt_text":"","src":"https:\/\/i0.wp.com\/jornalrol.com.br\/wp-content\/uploads\/2020\/11\/0fa43253b5089b5a0c215bb619fdce2e.jpg?resize=350%2C200&ssl=1","width":350,"height":200,"srcset":"https:\/\/i0.wp.com\/jornalrol.com.br\/wp-content\/uploads\/2020\/11\/0fa43253b5089b5a0c215bb619fdce2e.jpg?resize=350%2C200&ssl=1 1x, https:\/\/i0.wp.com\/jornalrol.com.br\/wp-content\/uploads\/2020\/11\/0fa43253b5089b5a0c215bb619fdce2e.jpg?resize=525%2C300&ssl=1 1.5x"},"classes":[]},{"id":24946,"url":"https:\/\/jornalrol.com.br\/?p=24946","url_meta":{"origin":73936,"position":5},"title":"Jairo Valio: &#039;Solid\u00e3o&#039;","author":"Jairo Valio","date":"4 de mar\u00e7o de 2019","format":false,"excerpt":"\"Tive companhia gostosa,\/\u00a0Um amor que me fazia sorrir,\/\u00a0E naquele cantinho via o mundo,\/\u00a0Como gostava, cheio de vida,\/\u00a0O sol penetrando devagarzinho,\/\u00a0Trazendo sua luz que me dava vida,\/\u00a0E convidando os passarinhos a cantar.\" Solid\u00e3o Vivo triste, sozinho, N\u00e3o tenho espa\u00e7os, Quero conversar, Sorrir, cantar, Ter companhias, Mas nada vejo, Somente uma cama\u2026","rel":"","context":"Em &quot;Comunica\u00e7\u00e3o&quot;","block_context":{"text":"Comunica\u00e7\u00e3o","link":"https:\/\/jornalrol.com.br\/?cat=7"},"img":{"alt_text":"","src":"https:\/\/i0.wp.com\/www.jornalrol.com.br\/wp-content\/uploads\/2018\/07\/jairo-valio.png?resize=350%2C200","width":350,"height":200},"classes":[]}],"_links":{"self":[{"href":"https:\/\/jornalrol.com.br\/index.php?rest_route=\/wp\/v2\/posts\/73936","targetHints":{"allow":["GET"]}}],"collection":[{"href":"https:\/\/jornalrol.com.br\/index.php?rest_route=\/wp\/v2\/posts"}],"about":[{"href":"https:\/\/jornalrol.com.br\/index.php?rest_route=\/wp\/v2\/types\/post"}],"author":[{"embeddable":true,"href":"https:\/\/jornalrol.com.br\/index.php?rest_route=\/wp\/v2\/users\/7"}],"replies":[{"embeddable":true,"href":"https:\/\/jornalrol.com.br\/index.php?rest_route=%2Fwp%2Fv2%2Fcomments&post=73936"}],"version-history":[{"count":3,"href":"https:\/\/jornalrol.com.br\/index.php?rest_route=\/wp\/v2\/posts\/73936\/revisions"}],"predecessor-version":[{"id":74120,"href":"https:\/\/jornalrol.com.br\/index.php?rest_route=\/wp\/v2\/posts\/73936\/revisions\/74120"}],"wp:featuredmedia":[{"embeddable":true,"href":"https:\/\/jornalrol.com.br\/index.php?rest_route=\/wp\/v2\/media\/73937"}],"wp:attachment":[{"href":"https:\/\/jornalrol.com.br\/index.php?rest_route=%2Fwp%2Fv2%2Fmedia&parent=73936"}],"wp:term":[{"taxonomy":"category","embeddable":true,"href":"https:\/\/jornalrol.com.br\/index.php?rest_route=%2Fwp%2Fv2%2Fcategories&post=73936"},{"taxonomy":"post_tag","embeddable":true,"href":"https:\/\/jornalrol.com.br\/index.php?rest_route=%2Fwp%2Fv2%2Ftags&post=73936"}],"curies":[{"name":"wp","href":"https:\/\/api.w.org\/{rel}","templated":true}]}}