{"id":74462,"date":"2025-07-18T17:18:01","date_gmt":"2025-07-18T20:18:01","guid":{"rendered":"https:\/\/jornalrol.com.br\/?p=74462"},"modified":"2025-07-18T17:18:24","modified_gmt":"2025-07-18T20:18:24","slug":"alb-uberaba-mg-comemora-sete-anos-de-historia","status":"publish","type":"post","link":"https:\/\/jornalrol.com.br\/?p=74462","title":{"rendered":"ALB-Uberaba-MG comemora sete anos de hist\u00f3ria"},"content":{"rendered":"<div class=\"pdfprnt-buttons pdfprnt-buttons-post pdfprnt-top-right\"><a href=\"https:\/\/jornalrol.com.br\/index.php?rest_route=%2Fwp%2Fv2%2Fposts%2F74462&print=pdf\" class=\"pdfprnt-button pdfprnt-button-pdf\" target=\"_blank\" ><\/a><a href=\"https:\/\/jornalrol.com.br\/index.php?rest_route=%2Fwp%2Fv2%2Fposts%2F74462&print=print\" class=\"pdfprnt-button pdfprnt-button-print\" target=\"_blank\" ><img decoding=\"async\" src=\"https:\/\/jornalrol.com.br\/wp-content\/plugins\/pdf-print\/images\/print.png\" alt=\"image_print\" title=\"Conte\u00fado de impress\u00e3o\" \/><\/a><\/div>\n<h2 class=\"wp-block-heading has-text-align-center\">Academia de Letras do Brasil, Seccional Uberaba da ordem de Plat\u00e3o (ALB-Uberaba-MG), comemora sete anos de hist\u00f3ria com jantar festivo no Tamareiras Park Hotel<br><br><\/h2>\n\n\n<div class=\"wp-block-image is-style-rounded\">\n<figure class=\"aligncenter size-full is-resized\"><img loading=\"lazy\" decoding=\"async\" width=\"120\" height=\"120\" data-attachment-id=\"55599\" data-permalink=\"https:\/\/jornalrol.com.br\/?attachment_id=55599\" data-orig-file=\"https:\/\/jornalrol.com.br\/wp-content\/uploads\/2023\/05\/Magna-Aspasia-Fontenelle.jpg\" data-orig-size=\"120,120\" data-comments-opened=\"1\" data-image-meta=\"{&quot;aperture&quot;:&quot;0&quot;,&quot;credit&quot;:&quot;&quot;,&quot;camera&quot;:&quot;&quot;,&quot;caption&quot;:&quot;&quot;,&quot;created_timestamp&quot;:&quot;0&quot;,&quot;copyright&quot;:&quot;&quot;,&quot;focal_length&quot;:&quot;0&quot;,&quot;iso&quot;:&quot;0&quot;,&quot;shutter_speed&quot;:&quot;0&quot;,&quot;title&quot;:&quot;&quot;,&quot;orientation&quot;:&quot;0&quot;}\" data-image-title=\"Magna-Aspasia-Fontenelle\" data-image-description=\"&lt;p&gt;Magna Asp\u00e1sia Fontenelle&lt;\/p&gt;\n\" data-image-caption=\"&lt;p&gt;Magna Asp\u00e1sia Fontenelle&lt;\/p&gt;\n\" data-large-file=\"https:\/\/jornalrol.com.br\/wp-content\/uploads\/2023\/05\/Magna-Aspasia-Fontenelle.jpg\" src=\"http:\/\/jornalrol.com.br\/wp-content\/uploads\/2023\/05\/Magna-Aspasia-Fontenelle.jpg\" alt=\"Magna Asp\u00e1sia Fontenelle\" class=\"wp-image-55599\" style=\"width:133px;height:auto\"\/><figcaption class=\"wp-element-caption\">Magna Asp\u00e1sia Fontenelle<\/figcaption><\/figure>\n<\/div>\n\n<div class=\"wp-block-image\">\n<figure class=\"aligncenter size-full is-resized\"><img loading=\"lazy\" decoding=\"async\" width=\"259\" height=\"194\" data-attachment-id=\"74463\" data-permalink=\"https:\/\/jornalrol.com.br\/?attachment_id=74463\" data-orig-file=\"https:\/\/jornalrol.com.br\/wp-content\/uploads\/2025\/07\/logoALB2020.png\" data-orig-size=\"259,194\" data-comments-opened=\"1\" data-image-meta=\"{&quot;aperture&quot;:&quot;0&quot;,&quot;credit&quot;:&quot;&quot;,&quot;camera&quot;:&quot;&quot;,&quot;caption&quot;:&quot;&quot;,&quot;created_timestamp&quot;:&quot;0&quot;,&quot;copyright&quot;:&quot;&quot;,&quot;focal_length&quot;:&quot;0&quot;,&quot;iso&quot;:&quot;0&quot;,&quot;shutter_speed&quot;:&quot;0&quot;,&quot;title&quot;:&quot;&quot;,&quot;orientation&quot;:&quot;0&quot;}\" data-image-title=\"logoALB2020\" data-image-description=\"\" data-image-caption=\"\" data-large-file=\"https:\/\/jornalrol.com.br\/wp-content\/uploads\/2025\/07\/logoALB2020.png\" src=\"http:\/\/jornalrol.com.br\/wp-content\/uploads\/2025\/07\/logoALB2020.png\" alt=\"Logo da ALB-Uberaba-MG\" class=\"wp-image-74463\" style=\"width:445px;height:auto\"\/><figcaption class=\"wp-element-caption\"><em>Logo da ALB-Uberaba-MG<\/em><\/figcaption><\/figure>\n<\/div>\n\n\n<h3 class=\"wp-block-heading has-text-align-center\">A atua\u00e7\u00e3o da ALB vai al\u00e9m das fronteiras brasileiras. Possui seccionais na Uni\u00e3o Europeia, como na Su\u00ed\u00e7a e Portugal, al\u00e9m de projetos em andamento na \u00c1frica<\/h3>\n\n\n\n<p class=\"has-drop-cap\">Uberaba-MG, julho de 2025 \u2014 No pr\u00f3ximo dia 19 de julho, Uberaba ser\u00e1 palco de uma celebra\u00e7\u00e3o muito especial: um jantar comemorativo pelos sete anos de funda\u00e7\u00e3o da Academia de Letras do Brasil \u2013 Seccional Uberaba\/MG. A festiva acontecer\u00e1 no elegante Tamareiras Park Hotel e reunir\u00e1 acad\u00eamicos, autoridades, artistas, escritores e convidados de diversas regi\u00f5es do Brasil e at\u00e9 do exterior.<br><br>Fundada em 7 de julho de 2018, sob a presid\u00eancia da professora Magna Asp\u00e1sia Fontenelle e da Vice-presid\u00eancia do coronel Emanuel da Paix\u00e3o Kappel, a ALB Uberaba nasceu com a participa\u00e7\u00e3o de 38 acad\u00eamicos fundadores e correspondentes, todos dedicados \u00e0 divulga\u00e7\u00e3o da literatura, da cultura e dos valores human\u00edsticos.<\/p>\n\n\n\n<p>Esse momento n\u00e3o marca s\u00f3 uma trajet\u00f3ria de conquistas; \u00e9 tamb\u00e9m uma oportunidade para celebrar a uni\u00e3o e reafirmar o compromisso da nossa academia com o pensamento livre, a valoriza\u00e7\u00e3o da arte e a cultura, al\u00e9m de fortalecer a identidade brasileira por meio da palavra escrita e das a\u00e7\u00f5es culturais que promovemos.<br><br><strong>Uma institui\u00e7\u00e3o com alcance global<\/strong><\/p>\n\n\n\n<p>A ALB- Uberaba faz parte da Academia de Letras do Brasil (ALB) Da Ordem de Plat\u00e3o, entidade sem fins lucrativos, de car\u00e1ter internacional com sede na cidade do Rio de Janeiro-RJ. Fundada em 1\u00ba de janeiro de 2001, presidida pelo professor Dr. M\u00e1rio Roberto Carabajal Lopes.<\/p>\n\n\n\n<p>Est\u00e1 presente em v\u00e1rios munic\u00edpios brasileiros. Fundada com base nos princ\u00edpios filos\u00f3ficos da Ordem de Plat\u00e3o, a ALB se destaca como uma das primeiras academias liter\u00e1rias a atuar politicamente no mundo todo.&nbsp;<br><br>A atua\u00e7\u00e3o da ALB vai al\u00e9m das fronteiras brasileiras. Possui seccionais na Uni\u00e3o Europeia, como na Su\u00ed\u00e7a e Portugal, al\u00e9m de projetos em andamento na \u00c1frica.<\/p>\n\n\n\n<p>Essa abrang\u00eancia reafirma o compromisso da academia com o di\u00e1logo intercultural e o protagonismo intelectual no cen\u00e1rio mundial.<\/p>\n\n\n\n<p><strong>Compromisso com a literatura e causas sociais<\/strong><br><br>Al\u00e9m do seu papel na produ\u00e7\u00e3o liter\u00e1ria e cultural, a ALB \u00e9 reconhecida por seu engajamento social e humanit\u00e1rio. A institui\u00e7\u00e3o recebeu reconhecimento da UNESCO e da ONU por seu projeto de combate \u00e0 fome no mundo \u2014 uma iniciativa que reflete sua dedica\u00e7\u00e3o \u00e0s transforma\u00e7\u00f5es sociais e \u00e0 dignidade humana.<br><br>A diversidade dos seus membros, o interc\u00e2mbio entre culturas diferentes e o protagonismo \u00e9tico e liter\u00e1rio colocam a ALB entre as principais academias liter\u00e1rias do planeta.<br><br><strong>Celebra\u00e7\u00e3o e esperan\u00e7a no futuro<\/strong><br><br>Celebrar os sete anos da ALB\/ Uberaba \u00e9 mais do que comemorar conquistas passadas; \u00e9 fortalecer uma rede cultural que nasceu em Minas Gerais e que agora alcan\u00e7a o mundo, levando literatura, cidadania e consci\u00eancia social por onde passa.<br><br>A presidente fundadora, professora Magna Asp\u00e1sia Fontenelle, resalta:<br><br>&#8220;Este momento \u00e9 para agradecer, celebrar e renovar nossos compromissos com a literatura e os valores que deram origem a esta academia. Uberaba \u00e9 um solo f\u00e9rtil para arte, pensamento e humanismo. Seguiremos firmes nessa jornada, com \u00e9tica, coragem e sensibilidade.&#8221;<\/p>\n\n\n\n<p>No dia 19, esperamos uma noite repleta de homenagens, discursos emocionados, m\u00fasica boa, reencontros especiais e novas esperan\u00e7as \u2014 uma verdadeira homenagem \u00e0 palavra, ao conhecimento e ao poder transformador da cultura.<br><br>Reportagem especial | Reda\u00e7\u00e3o Jornal Cultural ROL &#8211; Sorocaba (SP).<\/p>\n\n\n\n<p>Fotos e cobertura completa do evento ser\u00e3o divulgadas em nossas pr\u00f3ximas edi\u00e7\u00f5es.<\/p>\n\n\n\n<h3 class=\"wp-block-heading has-text-align-center\"><br>Magna Asp\u00e1sia Fontenelle<\/h3>\n\n\n\n<div class=\"wp-block-columns is-layout-flex wp-container-core-columns-is-layout-9d6595d7 wp-block-columns-is-layout-flex\">\n<div class=\"wp-block-column is-layout-flow wp-block-column-is-layout-flow\">\n<h4 class=\"wp-block-heading has-text-align-center has-luminous-vivid-amber-to-luminous-vivid-orange-gradient-background has-background\"><a href=\"https:\/\/www.facebook.com\/magna.fontenelle\" target=\"_blank\" rel=\"noopener\" title=\"FACEBOOK\">FACEBOOK<\/a><\/h4>\n<\/div>\n\n\n\n<div class=\"wp-block-column is-layout-flow wp-block-column-is-layout-flow\">\n<h4 class=\"wp-block-heading has-text-align-center has-luminous-vivid-amber-to-luminous-vivid-orange-gradient-background has-background\"><a href=\"https:\/\/www.instagram.com\/fontenellemagna\/?locale=pl\" title=\"INSTAGRAM\">INSTAGRAM<\/a><\/h4>\n<\/div>\n<\/div>\n\n\n\n<p><a href=\"http:\/\/jornalrol.com.br\/\" title=\"Voltar\">Voltar<\/a><\/p>\n\n\n\n<p><a href=\"https:\/\/www.facebook.com\/JCulturalrol\/\" title=\"Facebook\">Facebook<\/a><\/p>\n","protected":false},"excerpt":{"rendered":"<p>No pr\u00f3ximo dia 19 de julho, Uberaba ser\u00e1 palco de uma celebra\u00e7\u00e3o muito especial: um jantar comemorativo pelos sete anos de funda\u00e7\u00e3o da ALB-Uberaba-MG.<\/p>\n","protected":false},"author":14,"featured_media":74463,"comment_status":"open","ping_status":"closed","sticky":false,"template":"","format":"standard","meta":{"_jetpack_newsletter_access":"","_jetpack_dont_email_post_to_subs":false,"_jetpack_newsletter_tier_id":0,"_jetpack_memberships_contains_paywalled_content":false,"_jetpack_memberships_contains_paid_content":false,"footnotes":""},"categories":[9391,7],"tags":[14667,14669],"class_list":["post-74462","post","type-post","status-publish","format-standard","has-post-thumbnail","hentry","category-academiasefederacoes","category-comunicacao","tag-alb-uberaba-mg","tag-aniversario-de-fundacao"],"aioseo_notices":[],"views":1243,"jetpack_featured_media_url":"https:\/\/jornalrol.com.br\/wp-content\/uploads\/2025\/07\/logoALB2020.png","jetpack_sharing_enabled":true,"jetpack_likes_enabled":true,"jetpack-related-posts":[{"id":70105,"url":"https:\/\/jornalrol.com.br\/?p=70105","url_meta":{"origin":74462,"position":0},"title":"ALB\/Uberaba celebra seu 6\u00ba anivers\u00e1rio","author":"Magna Aspasia Fontenelle","date":"13 de outubro de 2024","format":false,"excerpt":"No dia 7 de julho de 2024, a ALB\/Uberaba celebrou seis anos dedicados \u00e0 promo\u00e7\u00e3o da literatura e da cultura, tanto na regi\u00e3o quanto no Brasil e no mundo.","rel":"","context":"Em &quot;Academias e Federa\u00e7\u00f5es de Artes&quot;","block_context":{"text":"Academias e Federa\u00e7\u00f5es de Artes","link":"https:\/\/jornalrol.com.br\/?cat=9391"},"img":{"alt_text":"Comemora\u00e7\u00e3o do 6\u00ba. anivers\u00e1rio da ALB\/Uberaba - Acad\u00eamicos e convidados","src":"https:\/\/i0.wp.com\/jornalrol.com.br\/wp-content\/uploads\/2024\/10\/Academia-uberanbense-de-Letras-287.jpg?resize=350%2C200&ssl=1","width":350,"height":200,"srcset":"https:\/\/i0.wp.com\/jornalrol.com.br\/wp-content\/uploads\/2024\/10\/Academia-uberanbense-de-Letras-287.jpg?resize=350%2C200&ssl=1 1x, https:\/\/i0.wp.com\/jornalrol.com.br\/wp-content\/uploads\/2024\/10\/Academia-uberanbense-de-Letras-287.jpg?resize=525%2C300&ssl=1 1.5x"},"classes":[]},{"id":33334,"url":"https:\/\/jornalrol.com.br\/?p=33334","url_meta":{"origin":74462,"position":1},"title":"Ch\u00e1 da Tarde na Academia tem como Convidada Especial Magna Aspasia Fontenelle","author":"Sergio Diniz da Costa","date":"25 de agosto de 2020","format":false,"excerpt":"Ch\u00e1 da Tarde da Academia tem por objetivo\u00a0divulgar a carreira e as obras dos acad\u00eamicos e convidados especiais O Ch\u00e1 da Tarde na Academia de Letras do Brasil Seccional Campos dos Goytacazes RJ surgiu em Comemora\u00e7\u00e3o ao 2\u00b0 Ano de Funda\u00e7\u00e3o da ALB Campos dos Goytacazes RJ com objetivo de\u2026","rel":"","context":"Em &quot;Comunica\u00e7\u00e3o&quot;","block_context":{"text":"Comunica\u00e7\u00e3o","link":"https:\/\/jornalrol.com.br\/?cat=7"},"img":{"alt_text":"","src":"https:\/\/i0.wp.com\/www.jornalrol.com.br\/wp-content\/uploads\/2020\/08\/118092272_3542628209081151_5912278686478740183_o-300x300.jpg?resize=350%2C200","width":350,"height":200},"classes":[]},{"id":40401,"url":"https:\/\/jornalrol.com.br\/?p=40401","url_meta":{"origin":74462,"position":2},"title":"Academia de Letras do Brasil \u2013 ALB, Seccional Uberaba, e Akademia Alternative Pegasiane Brasil promovem o I Cantarau","author":"Sergio Diniz da Costa","date":"7 de maio de 2021","format":false,"excerpt":"O I Cantarau da ALB\/AAP ocorrer\u00e1 amanh\u00e3, dia 8 de maio de 2021, \u00e0s 17h A Academia de Letras do Brasil \u2013 ALB, Seccional Uberaba, e a Akademia Alternative Pegasiane Brasil convidam para I Cantarau da ALB\/AAP dia 8 de maio de 2021 \u00e0s 17h. O I Cantarau \u00e9 uma\u2026","rel":"","context":"Em &quot;Comunica\u00e7\u00e3o&quot;","block_context":{"text":"Comunica\u00e7\u00e3o","link":"https:\/\/jornalrol.com.br\/?cat=7"},"img":{"alt_text":"","src":"https:\/\/i0.wp.com\/www.jornalrol.com.br\/wp-content\/uploads\/2021\/05\/a77cfbd6-0697-4fe8-82d4-26b8928fe822-300x169.jpg?resize=350%2C200","width":350,"height":200,"srcset":"https:\/\/i0.wp.com\/www.jornalrol.com.br\/wp-content\/uploads\/2021\/05\/a77cfbd6-0697-4fe8-82d4-26b8928fe822-300x169.jpg?resize=350%2C200 1x, https:\/\/i0.wp.com\/www.jornalrol.com.br\/wp-content\/uploads\/2021\/05\/a77cfbd6-0697-4fe8-82d4-26b8928fe822-300x169.jpg?resize=525%2C300 1.5x, https:\/\/i0.wp.com\/www.jornalrol.com.br\/wp-content\/uploads\/2021\/05\/a77cfbd6-0697-4fe8-82d4-26b8928fe822-300x169.jpg?resize=700%2C400 2x"},"classes":[]},{"id":75901,"url":"https:\/\/jornalrol.com.br\/?p=75901","url_meta":{"origin":74462,"position":3},"title":"Recital Po\u00e9tico","author":"Magna Aspasia Fontenelle","date":"29 de setembro de 2025","format":false,"excerpt":"O Centro Cultural Cec\u00edlia Palm\u00e9rio recebeu uma noite inesquec\u00edvel de poesia, arte e reflex\u00e3o durante o recital 'Lauro Moreira \u2013 Canto ao Homem do Povo...","rel":"","context":"Em &quot;Arte&quot;","block_context":{"text":"Arte","link":"https:\/\/jornalrol.com.br\/?cat=9286"},"img":{"alt_text":"Embaixador Lauro Moreira e escritora e poetisa Magna Asp\u00e1sia Fontenelle","src":"https:\/\/i0.wp.com\/jornalrol.com.br\/wp-content\/uploads\/2025\/09\/1000568907.jpg?resize=350%2C200&ssl=1","width":350,"height":200,"srcset":"https:\/\/i0.wp.com\/jornalrol.com.br\/wp-content\/uploads\/2025\/09\/1000568907.jpg?resize=350%2C200&ssl=1 1x, https:\/\/i0.wp.com\/jornalrol.com.br\/wp-content\/uploads\/2025\/09\/1000568907.jpg?resize=525%2C300&ssl=1 1.5x, https:\/\/i0.wp.com\/jornalrol.com.br\/wp-content\/uploads\/2025\/09\/1000568907.jpg?resize=700%2C400&ssl=1 2x, https:\/\/i0.wp.com\/jornalrol.com.br\/wp-content\/uploads\/2025\/09\/1000568907.jpg?resize=1050%2C600&ssl=1 3x"},"classes":[]},{"id":33818,"url":"https:\/\/jornalrol.com.br\/?p=33818","url_meta":{"origin":74462,"position":4},"title":"Superintend\u00eancia do Arquivo P\u00fablico de Uberaba (MG) lan\u00e7a e-book comemorativo do bicenten\u00e1rio da cidade","author":"Sergio Diniz da Costa","date":"15 de setembro de 2020","format":false,"excerpt":"O lan\u00e7amento ocorrer\u00e1 amanh\u00e3 (16), \u00e0s 11h, por meio de live transmitida pelo Facebook Para homenagear\u00a0 o bicenten\u00e1rio de funda\u00e7\u00e3o de Uberaba*, que ocorreu em 2 de mar\u00e7o de 2020, a Superintend\u00eancia do Arquivo P\u00fablico de Uberaba lan\u00e7ar\u00e1 amanh\u00e3 (dia 16) o e-book 'Uberaba 200 Anos no Cora\u00e7\u00e3o do Brasil'\u2026","rel":"","context":"Em &quot;Comunica\u00e7\u00e3o&quot;","block_context":{"text":"Comunica\u00e7\u00e3o","link":"https:\/\/jornalrol.com.br\/?cat=7"},"img":{"alt_text":"","src":"https:\/\/i0.wp.com\/www.jornalrol.com.br\/wp-content\/uploads\/2020\/09\/de28f311-6cb2-423e-8bcf-ab12326ced97-300x300.jpg?resize=350%2C200","width":350,"height":200},"classes":[]},{"id":24363,"url":"https:\/\/jornalrol.com.br\/?p=24363","url_meta":{"origin":74462,"position":5},"title":"Fabio \u00c1vila: &#039;Uberaba pede socorro!&#039;","author":"Helio Rubens","date":"6 de fevereiro de 2019","format":false,"excerpt":"\u00a0Uberaba pede socorro! Uberaba, 02 de fevereiro de 2019 A temperatura, hoje denominada sensa\u00e7\u00e3o t\u00e9rmica, atinge 35 graus cent\u00edgrados. Busco caminhar pelas sombras das poucas \u00e1rvores, ainda frondosas, da Pra\u00e7a Rui Barbosa (situada no centro da cidade mineira) ao ainda sobrevivente antigo bairro denominado Estados Unidos. Nesta por\u00e7\u00e3o urbana, algumas\u2026","rel":"","context":"Em &quot;Comunica\u00e7\u00e3o&quot;","block_context":{"text":"Comunica\u00e7\u00e3o","link":"https:\/\/jornalrol.com.br\/?cat=7"},"img":{"alt_text":"","src":"https:\/\/i0.wp.com\/jornalrol.com.br\/wp-content\/uploads\/2019\/02\/uberaba9.jpg?resize=350%2C200&ssl=1","width":350,"height":200,"srcset":"https:\/\/i0.wp.com\/jornalrol.com.br\/wp-content\/uploads\/2019\/02\/uberaba9.jpg?resize=350%2C200&ssl=1 1x, https:\/\/i0.wp.com\/jornalrol.com.br\/wp-content\/uploads\/2019\/02\/uberaba9.jpg?resize=525%2C300&ssl=1 1.5x, https:\/\/i0.wp.com\/jornalrol.com.br\/wp-content\/uploads\/2019\/02\/uberaba9.jpg?resize=700%2C400&ssl=1 2x"},"classes":[]}],"_links":{"self":[{"href":"https:\/\/jornalrol.com.br\/index.php?rest_route=\/wp\/v2\/posts\/74462","targetHints":{"allow":["GET"]}}],"collection":[{"href":"https:\/\/jornalrol.com.br\/index.php?rest_route=\/wp\/v2\/posts"}],"about":[{"href":"https:\/\/jornalrol.com.br\/index.php?rest_route=\/wp\/v2\/types\/post"}],"author":[{"embeddable":true,"href":"https:\/\/jornalrol.com.br\/index.php?rest_route=\/wp\/v2\/users\/14"}],"replies":[{"embeddable":true,"href":"https:\/\/jornalrol.com.br\/index.php?rest_route=%2Fwp%2Fv2%2Fcomments&post=74462"}],"version-history":[{"count":2,"href":"https:\/\/jornalrol.com.br\/index.php?rest_route=\/wp\/v2\/posts\/74462\/revisions"}],"predecessor-version":[{"id":74465,"href":"https:\/\/jornalrol.com.br\/index.php?rest_route=\/wp\/v2\/posts\/74462\/revisions\/74465"}],"wp:featuredmedia":[{"embeddable":true,"href":"https:\/\/jornalrol.com.br\/index.php?rest_route=\/wp\/v2\/media\/74463"}],"wp:attachment":[{"href":"https:\/\/jornalrol.com.br\/index.php?rest_route=%2Fwp%2Fv2%2Fmedia&parent=74462"}],"wp:term":[{"taxonomy":"category","embeddable":true,"href":"https:\/\/jornalrol.com.br\/index.php?rest_route=%2Fwp%2Fv2%2Fcategories&post=74462"},{"taxonomy":"post_tag","embeddable":true,"href":"https:\/\/jornalrol.com.br\/index.php?rest_route=%2Fwp%2Fv2%2Ftags&post=74462"}],"curies":[{"name":"wp","href":"https:\/\/api.w.org\/{rel}","templated":true}]}}