{"id":74687,"date":"2025-08-06T08:10:00","date_gmt":"2025-08-06T11:10:00","guid":{"rendered":"https:\/\/jornalrol.com.br\/?p=74687"},"modified":"2025-08-05T19:42:37","modified_gmt":"2025-08-05T22:42:37","slug":"ocb-realiza-tarde-cultural-com-homenagens","status":"publish","type":"post","link":"https:\/\/jornalrol.com.br\/?p=74687","title":{"rendered":"OCB realiza tarde cultural com homenagens"},"content":{"rendered":"<div class=\"pdfprnt-buttons pdfprnt-buttons-post pdfprnt-top-right\"><a href=\"https:\/\/jornalrol.com.br\/index.php?rest_route=%2Fwp%2Fv2%2Fposts%2F74687&print=pdf\" class=\"pdfprnt-button pdfprnt-button-pdf\" target=\"_blank\" ><\/a><a href=\"https:\/\/jornalrol.com.br\/index.php?rest_route=%2Fwp%2Fv2%2Fposts%2F74687&print=print\" class=\"pdfprnt-button pdfprnt-button-print\" target=\"_blank\" ><img decoding=\"async\" src=\"https:\/\/jornalrol.com.br\/wp-content\/plugins\/pdf-print\/images\/print.png\" alt=\"image_print\" title=\"Conte\u00fado de impress\u00e3o\" \/><\/a><\/div>\n<h2 class=\"wp-block-heading has-text-align-center\">O evento \u00e9 alusivo ao M\u00eas Internacional da Mulher Negra Latino-Americana e Caribenha<br><br><\/h2>\n\n\n<div class=\"wp-block-image\">\n<figure class=\"aligncenter size-full is-resized\"><img loading=\"lazy\" decoding=\"async\" width=\"709\" height=\"1600\" data-attachment-id=\"74688\" data-permalink=\"https:\/\/jornalrol.com.br\/?attachment_id=74688\" data-orig-file=\"https:\/\/jornalrol.com.br\/wp-content\/uploads\/2025\/08\/6c513705-66b6-4926-a8d4-d1509e733d23.jpeg\" data-orig-size=\"709,1600\" data-comments-opened=\"1\" data-image-meta=\"{&quot;aperture&quot;:&quot;0&quot;,&quot;credit&quot;:&quot;&quot;,&quot;camera&quot;:&quot;&quot;,&quot;caption&quot;:&quot;&quot;,&quot;created_timestamp&quot;:&quot;0&quot;,&quot;copyright&quot;:&quot;&quot;,&quot;focal_length&quot;:&quot;0&quot;,&quot;iso&quot;:&quot;0&quot;,&quot;shutter_speed&quot;:&quot;0&quot;,&quot;title&quot;:&quot;&quot;,&quot;orientation&quot;:&quot;0&quot;}\" data-image-title=\"6c513705-66b6-4926-a8d4-d1509e733d23\" data-image-description=\"\" data-image-caption=\"\" data-large-file=\"https:\/\/jornalrol.com.br\/wp-content\/uploads\/2025\/08\/6c513705-66b6-4926-a8d4-d1509e733d23.jpeg\" src=\"https:\/\/jornalrol.com.br\/wp-content\/uploads\/2025\/08\/6c513705-66b6-4926-a8d4-d1509e733d23.jpeg\" alt=\"Card referente ao M\u00eas Internacional da Mulher Negra Latino-Americana e Caribenha\" class=\"wp-image-74688\" style=\"width:187px;height:auto\" srcset=\"https:\/\/jornalrol.com.br\/wp-content\/uploads\/2025\/08\/6c513705-66b6-4926-a8d4-d1509e733d23.jpeg 709w, https:\/\/jornalrol.com.br\/wp-content\/uploads\/2025\/08\/6c513705-66b6-4926-a8d4-d1509e733d23-532x1200.jpeg 532w, https:\/\/jornalrol.com.br\/wp-content\/uploads\/2025\/08\/6c513705-66b6-4926-a8d4-d1509e733d23-681x1536.jpeg 681w\" sizes=\"auto, (max-width: 709px) 100vw, 709px\" \/><figcaption class=\"wp-element-caption\"><em>Card referente ao M\u00eas Internacional da Mulher Negra Latino-Americana e Caribenha<\/em><\/figcaption><\/figure>\n<\/div>\n\n\n<p class=\"has-drop-cap\">A <strong>Ordem Comendador Belmonte<\/strong> realiza no pr\u00f3ximo dia 30, quarta-feira, \u00e0s 14h, uma solenidade de entrega de honrarias no Espa\u00e7o Cultural do Consulado da Rep\u00fablica de Angola, no Rio de Janeiro.<\/p>\n\n\n\n<p>Na solenidade ser\u00e3o entregues medalhas alusivas ao jubileu de 80 anos da Segunda Guerra Mundial, Pr\u00eamio Cacique Seattle de Meio Ambiente, Medalha Estrela De Honra Ao M\u00e9rito, Medalha de M\u00e9rito Bravura, al\u00e9m de Mo\u00e7\u00f5es de Congratula\u00e7\u00f5es e Aplausos da OCB. O evento \u00e9 alusivo ao M\u00eas Internacional da Mulher Negra Latino-Americana e Caribenha.<\/p>\n\n\n\n<p>Dentre os agraciados est\u00e3o jornalistas, militares, lideran\u00e7as religiosas e pol\u00edticas, pessoas voltadas \u00e0s a\u00e7\u00f5es sociais.<\/p>\n\n\n\n<p> A OCB \u00e9 uma Organiza\u00e7\u00e3o empresarial de Honrarias ao M\u00e9rito e foi criada pelo Comendador Belmonte e que tem por objetivo outorgar e condecorar pessoas que tenham praticado algum feito excepcional ou algum benef\u00edcio \u00e0 sociedade. <\/p>\n\n\n\n<p>Para mais informa\u00e7\u00f5es sobre a Ordem, acessar a p\u00e1gina: <a href=\"https:\/\/soberanaordem.com.br\/\" title=\"https:\/\/soberanaordem.com.br\/\">https:\/\/soberanaordem.com.br\/<\/a>.<\/p>\n\n\n\n<p>O evento em alus\u00e3o \u00e0 Mulher Negra Latino-Americana e Caribenha ocorrer\u00e1 nas depend\u00eancias do Espa\u00e7o Cultural da Rep\u00fablica de Angola, localizado na Av Presidente Wilson, 113 &#8211; centro &#8211; Rio de Janeiro.<\/p>\n\n\n\n<p><a href=\"https:\/\/jornalrol.com.br\/\" title=\"Voltar\">Voltar<\/a><\/p>\n\n\n\n<p><a href=\"https:\/\/www.facebook.com\/JCulturalrol\/\" title=\"Facebook\">Facebook<\/a><\/p>\n","protected":false},"excerpt":{"rendered":"<p>A OCB realiza no pr\u00f3ximo dia 30, quarta-feira, \u00e0s 14h, uma solenidade de entrega de honrarias no Espa\u00e7o Cultural do Consulado da Rep\u00fablica de Angola&#8230;<\/p>\n","protected":false},"author":6,"featured_media":74688,"comment_status":"open","ping_status":"closed","sticky":false,"template":"","format":"standard","meta":{"_jetpack_newsletter_access":"","_jetpack_dont_email_post_to_subs":false,"_jetpack_newsletter_tier_id":0,"_jetpack_memberships_contains_paywalled_content":false,"_jetpack_memberships_contains_paid_content":false,"footnotes":""},"categories":[1],"tags":[2214,14766,12489],"class_list":["post-74687","post","type-post","status-publish","format-standard","has-post-thumbnail","hentry","category-sem-categoria","tag-concessao-de-honrarias","tag-mes-internacional-da-mulher-negra-latino-americana-e-caribenha","tag-ordem-comendador-belmonte"],"aioseo_notices":[],"views":358,"jetpack_featured_media_url":"https:\/\/jornalrol.com.br\/wp-content\/uploads\/2025\/08\/6c513705-66b6-4926-a8d4-d1509e733d23.jpeg","jetpack_sharing_enabled":true,"jetpack_likes_enabled":true,"jetpack-related-posts":[{"id":68272,"url":"https:\/\/jornalrol.com.br\/?p=68272","url_meta":{"origin":74687,"position":0},"title":"Ordem Comendador Belmonte realiza tarde de homenagens","author":"Sergio Diniz da Costa","date":"24 de julho de 2024","format":false,"excerpt":"A OCB \u00e9 uma organiza\u00e7\u00e3o de honrarias ao m\u00e9rito, criada para cadastrar, credenciar e valorizar as personalidades que possuem o status honor\u00e1rio de Comendador","rel":"","context":"Em &quot;Homenagem&quot;","block_context":{"text":"Homenagem","link":"https:\/\/jornalrol.com.br\/?cat=9938"},"img":{"alt_text":"Card do Dia Internacional da Mulher Negra Latino-Americana e Caribenha","src":"https:\/\/i0.wp.com\/jornalrol.com.br\/wp-content\/uploads\/2024\/07\/2bcceca6-c5df-444a-b69c-603e60bb214d.jpeg?resize=350%2C200&ssl=1","width":350,"height":200,"srcset":"https:\/\/i0.wp.com\/jornalrol.com.br\/wp-content\/uploads\/2024\/07\/2bcceca6-c5df-444a-b69c-603e60bb214d.jpeg?resize=350%2C200&ssl=1 1x, https:\/\/i0.wp.com\/jornalrol.com.br\/wp-content\/uploads\/2024\/07\/2bcceca6-c5df-444a-b69c-603e60bb214d.jpeg?resize=525%2C300&ssl=1 1.5x"},"classes":[]},{"id":59459,"url":"https:\/\/jornalrol.com.br\/?p=59459","url_meta":{"origin":74687,"position":1},"title":"OCB realiza novas homenagens","author":"Sergio Diniz da Costa","date":"28 de julho de 2023","format":false,"excerpt":"Cumprindo o seu objetivo de conceder honrarias, a OCB \u2013 Ordem Comendador Belmonte -, realiza hoje (28) uma tarde solene de entregas de homenagens...","rel":"","context":"Em &quot;Comunica\u00e7\u00e3o&quot;","block_context":{"text":"Comunica\u00e7\u00e3o","link":"https:\/\/jornalrol.com.br\/?cat=7"},"img":{"alt_text":"","src":"https:\/\/i0.wp.com\/jornalrol.com.br\/wp-content\/uploads\/2023\/07\/IMG-20230728-WA0042-2.jpg?resize=350%2C200&ssl=1","width":350,"height":200,"srcset":"https:\/\/i0.wp.com\/jornalrol.com.br\/wp-content\/uploads\/2023\/07\/IMG-20230728-WA0042-2.jpg?resize=350%2C200&ssl=1 1x, https:\/\/i0.wp.com\/jornalrol.com.br\/wp-content\/uploads\/2023\/07\/IMG-20230728-WA0042-2.jpg?resize=525%2C300&ssl=1 1.5x, https:\/\/i0.wp.com\/jornalrol.com.br\/wp-content\/uploads\/2023\/07\/IMG-20230728-WA0042-2.jpg?resize=700%2C400&ssl=1 2x"},"classes":[]},{"id":79162,"url":"https:\/\/jornalrol.com.br\/?p=79162","url_meta":{"origin":74687,"position":2},"title":"Ordem dos Comendadores do Brasil","author":"Carlos Carvalho Cavalheiro","date":"14 de mar\u00e7o de 2026","format":false,"excerpt":"A Ordem dos Comendadores do Brasil (OCB) tem a honra de convidar para a Tarde de Homenagens e Mo\u00e7\u00f5es de Nomea\u00e7\u00e3o da Guarda Ambiental Elite Florestal do...","rel":"","context":"Em &quot;Ordem Honor\u00edfica&quot;","block_context":{"text":"Ordem Honor\u00edfica","link":"https:\/\/jornalrol.com.br\/?cat=16396"},"img":{"alt_text":"Ordem Comendador Belmonte","src":"https:\/\/i0.wp.com\/jornalrol.com.br\/wp-content\/uploads\/2026\/03\/10bfb47a-cdb3-4356-9dc4-3d5853f12f08.jpg?resize=350%2C200&ssl=1","width":350,"height":200},"classes":[]},{"id":75579,"url":"https:\/\/jornalrol.com.br\/?p=75579","url_meta":{"origin":74687,"position":3},"title":"Solenidade acad\u00eamica na C\u00e2mara Municipal de Niter\u00f3i (RJ)","author":"Dom Alexandre da Silva Cam\u00ealo Rurikovich Carvalho","date":"16 de setembro de 2025","format":false,"excerpt":"A FEBACLA realizou no dia 12 de setembro de 2025, \u00e0s 15h, uma bel\u00edssima solenidade de outorgas de honrarias no plen\u00e1rio da C\u00e2mara Municipal de Niter\u00f3i (RJ)","rel":"","context":"Em &quot;Academias e Federa\u00e7\u00f5es de Artes&quot;","block_context":{"text":"Academias e Federa\u00e7\u00f5es de Artes","link":"https:\/\/jornalrol.com.br\/?cat=9391"},"img":{"alt_text":"Solenidade realizada pela FEBACLA na C\u00e2mara Municipal de Nier\u00f3i (RJ)","src":"https:\/\/i0.wp.com\/jornalrol.com.br\/wp-content\/uploads\/2025\/09\/549072375_1915376155704458_5963195723185079254_n.jpg?resize=350%2C200&ssl=1","width":350,"height":200,"srcset":"https:\/\/i0.wp.com\/jornalrol.com.br\/wp-content\/uploads\/2025\/09\/549072375_1915376155704458_5963195723185079254_n.jpg?resize=350%2C200&ssl=1 1x, https:\/\/i0.wp.com\/jornalrol.com.br\/wp-content\/uploads\/2025\/09\/549072375_1915376155704458_5963195723185079254_n.jpg?resize=525%2C300&ssl=1 1.5x, https:\/\/i0.wp.com\/jornalrol.com.br\/wp-content\/uploads\/2025\/09\/549072375_1915376155704458_5963195723185079254_n.jpg?resize=700%2C400&ssl=1 2x, https:\/\/i0.wp.com\/jornalrol.com.br\/wp-content\/uploads\/2025\/09\/549072375_1915376155704458_5963195723185079254_n.jpg?resize=1050%2C600&ssl=1 3x, https:\/\/i0.wp.com\/jornalrol.com.br\/wp-content\/uploads\/2025\/09\/549072375_1915376155704458_5963195723185079254_n.jpg?resize=1400%2C800&ssl=1 4x"},"classes":[]},{"id":77205,"url":"https:\/\/jornalrol.com.br\/?p=77205","url_meta":{"origin":74687,"position":4},"title":"Solenidade da AAP-Brasil","author":"Magna Aspasia Fontenelle","date":"8 de dezembro de 2025","format":false,"excerpt":"A Akademia Alternativa Pegasiane Brasil realizou, no dia 28 de novembro de 2025 \u00e1s 19h, uma de suas mais significativas e concorridas solenidades desde sua...","rel":"","context":"Em &quot;Academias e Federa\u00e7\u00f5es de Artes&quot;","block_context":{"text":"Academias e Federa\u00e7\u00f5es de Artes","link":"https:\/\/jornalrol.com.br\/?cat=9391"},"img":{"alt_text":"","src":"https:\/\/i0.wp.com\/jornalrol.com.br\/wp-content\/uploads\/2025\/12\/composta01FTP_10067-1-1-1-scaled.jpg?resize=350%2C200&ssl=1","width":350,"height":200,"srcset":"https:\/\/i0.wp.com\/jornalrol.com.br\/wp-content\/uploads\/2025\/12\/composta01FTP_10067-1-1-1-scaled.jpg?resize=350%2C200&ssl=1 1x, https:\/\/i0.wp.com\/jornalrol.com.br\/wp-content\/uploads\/2025\/12\/composta01FTP_10067-1-1-1-scaled.jpg?resize=525%2C300&ssl=1 1.5x, https:\/\/i0.wp.com\/jornalrol.com.br\/wp-content\/uploads\/2025\/12\/composta01FTP_10067-1-1-1-scaled.jpg?resize=700%2C400&ssl=1 2x, https:\/\/i0.wp.com\/jornalrol.com.br\/wp-content\/uploads\/2025\/12\/composta01FTP_10067-1-1-1-scaled.jpg?resize=1050%2C600&ssl=1 3x, https:\/\/i0.wp.com\/jornalrol.com.br\/wp-content\/uploads\/2025\/12\/composta01FTP_10067-1-1-1-scaled.jpg?resize=1400%2C800&ssl=1 4x"},"classes":[]},{"id":79731,"url":"https:\/\/jornalrol.com.br\/?p=79731","url_meta":{"origin":74687,"position":5},"title":"Teres\u00f3polis recebe solenidade hist\u00f3rica da FEBACLA","author":"Dom Alexandre da Silva Cam\u00ealo Rurikovich Carvalho","date":"1 de abril de 2026","format":false,"excerpt":"Teres\u00f3polis recebe solenidade hist\u00f3rica da FEBACLA e re\u00fane personalidades das artes, da literatura, da educa\u00e7\u00e3o e da cultura de diversas regi\u00f5es do Brasil","rel":"","context":"Em &quot;Academias e Federa\u00e7\u00f5es de Artes&quot;","block_context":{"text":"Academias e Federa\u00e7\u00f5es de Artes","link":"https:\/\/jornalrol.com.br\/?cat=9391"},"img":{"alt_text":"Registro dos agraciados com a Comenda Imperatriz Teresa Cristina \u2013 M\u00e3e dos Brasileiros, honraria concedida a personalidades que se destacam por suas contribui\u00e7\u00f5es relevantes nas \u00e1reas cultural, social, educacional e humanit\u00e1ria.","src":"https:\/\/i0.wp.com\/jornalrol.com.br\/wp-content\/uploads\/2026\/04\/Foto-7-Comenda-Teresa-Cristina.jpg?resize=350%2C200&ssl=1","width":350,"height":200,"srcset":"https:\/\/i0.wp.com\/jornalrol.com.br\/wp-content\/uploads\/2026\/04\/Foto-7-Comenda-Teresa-Cristina.jpg?resize=350%2C200&ssl=1 1x, https:\/\/i0.wp.com\/jornalrol.com.br\/wp-content\/uploads\/2026\/04\/Foto-7-Comenda-Teresa-Cristina.jpg?resize=525%2C300&ssl=1 1.5x, https:\/\/i0.wp.com\/jornalrol.com.br\/wp-content\/uploads\/2026\/04\/Foto-7-Comenda-Teresa-Cristina.jpg?resize=700%2C400&ssl=1 2x, https:\/\/i0.wp.com\/jornalrol.com.br\/wp-content\/uploads\/2026\/04\/Foto-7-Comenda-Teresa-Cristina.jpg?resize=1050%2C600&ssl=1 3x, https:\/\/i0.wp.com\/jornalrol.com.br\/wp-content\/uploads\/2026\/04\/Foto-7-Comenda-Teresa-Cristina.jpg?resize=1400%2C800&ssl=1 4x"},"classes":[]}],"_links":{"self":[{"href":"https:\/\/jornalrol.com.br\/index.php?rest_route=\/wp\/v2\/posts\/74687","targetHints":{"allow":["GET"]}}],"collection":[{"href":"https:\/\/jornalrol.com.br\/index.php?rest_route=\/wp\/v2\/posts"}],"about":[{"href":"https:\/\/jornalrol.com.br\/index.php?rest_route=\/wp\/v2\/types\/post"}],"author":[{"embeddable":true,"href":"https:\/\/jornalrol.com.br\/index.php?rest_route=\/wp\/v2\/users\/6"}],"replies":[{"embeddable":true,"href":"https:\/\/jornalrol.com.br\/index.php?rest_route=%2Fwp%2Fv2%2Fcomments&post=74687"}],"version-history":[{"count":1,"href":"https:\/\/jornalrol.com.br\/index.php?rest_route=\/wp\/v2\/posts\/74687\/revisions"}],"predecessor-version":[{"id":74689,"href":"https:\/\/jornalrol.com.br\/index.php?rest_route=\/wp\/v2\/posts\/74687\/revisions\/74689"}],"wp:featuredmedia":[{"embeddable":true,"href":"https:\/\/jornalrol.com.br\/index.php?rest_route=\/wp\/v2\/media\/74688"}],"wp:attachment":[{"href":"https:\/\/jornalrol.com.br\/index.php?rest_route=%2Fwp%2Fv2%2Fmedia&parent=74687"}],"wp:term":[{"taxonomy":"category","embeddable":true,"href":"https:\/\/jornalrol.com.br\/index.php?rest_route=%2Fwp%2Fv2%2Fcategories&post=74687"},{"taxonomy":"post_tag","embeddable":true,"href":"https:\/\/jornalrol.com.br\/index.php?rest_route=%2Fwp%2Fv2%2Ftags&post=74687"}],"curies":[{"name":"wp","href":"https:\/\/api.w.org\/{rel}","templated":true}]}}