{"id":75841,"date":"2025-09-25T12:55:50","date_gmt":"2025-09-25T15:55:50","guid":{"rendered":"https:\/\/jornalrol.com.br\/?p=75841"},"modified":"2026-02-24T22:19:23","modified_gmt":"2026-02-25T01:19:23","slug":"fiat-voluntas-mihi","status":"publish","type":"post","link":"https:\/\/jornalrol.com.br\/?p=75841","title":{"rendered":"Fiat voluntas mihi"},"content":{"rendered":"<div class=\"pdfprnt-buttons pdfprnt-buttons-post pdfprnt-top-right\"><a href=\"https:\/\/jornalrol.com.br\/index.php?rest_route=%2Fwp%2Fv2%2Fposts%2F75841&print=pdf\" class=\"pdfprnt-button pdfprnt-button-pdf\" target=\"_blank\" ><\/a><a href=\"https:\/\/jornalrol.com.br\/index.php?rest_route=%2Fwp%2Fv2%2Fposts%2F75841&print=print\" class=\"pdfprnt-button pdfprnt-button-print\" target=\"_blank\" ><img decoding=\"async\" src=\"https:\/\/jornalrol.com.br\/wp-content\/plugins\/pdf-print\/images\/print.png\" alt=\"image_print\" title=\"Conte\u00fado de impress\u00e3o\" \/><\/a><\/div>\n<h2 class=\"wp-block-heading has-text-align-center\">Juli\u00e1n Alberto Guill\u00e9n L\u00f3pez: &#8216;<em>Fiat voluntas mihi<\/em>&#8216;<br><br><\/h2>\n\n\n<div class=\"wp-block-image\">\n<figure class=\"aligncenter size-full is-resized\"><img loading=\"lazy\" decoding=\"async\" width=\"367\" height=\"410\" data-attachment-id=\"78698\" data-permalink=\"https:\/\/jornalrol.com.br\/?attachment_id=78698\" data-orig-file=\"https:\/\/jornalrol.com.br\/wp-content\/uploads\/2026\/02\/1ff9d4d6-067b-4e69-a165-89c72190c2c8.jpg\" data-orig-size=\"367,410\" data-comments-opened=\"1\" data-image-meta=\"{&quot;aperture&quot;:&quot;0&quot;,&quot;credit&quot;:&quot;&quot;,&quot;camera&quot;:&quot;&quot;,&quot;caption&quot;:&quot;&quot;,&quot;created_timestamp&quot;:&quot;0&quot;,&quot;copyright&quot;:&quot;&quot;,&quot;focal_length&quot;:&quot;0&quot;,&quot;iso&quot;:&quot;0&quot;,&quot;shutter_speed&quot;:&quot;0&quot;,&quot;title&quot;:&quot;&quot;,&quot;orientation&quot;:&quot;0&quot;}\" data-image-title=\"1ff9d4d6-067b-4e69-a165-89c72190c2c8\" data-image-description=\"&lt;p&gt;Juli\u00e1n Alberto Gill\u00e9n L\u00f3pez&lt;\/p&gt;\n\" data-image-caption=\"&lt;p&gt;Juli\u00e1n Alberto Gill\u00e9n L\u00f3pez&lt;\/p&gt;\n\" data-large-file=\"https:\/\/jornalrol.com.br\/wp-content\/uploads\/2026\/02\/1ff9d4d6-067b-4e69-a165-89c72190c2c8.jpg\" src=\"http:\/\/jornalrol.com.br\/wp-content\/uploads\/2026\/02\/1ff9d4d6-067b-4e69-a165-89c72190c2c8.jpg\" alt=\"Juli\u00e1n Alberto Gill\u00e9n L\u00f3pez\" class=\"wp-image-78698\" style=\"aspect-ratio:0.8951776182587888;width:192px;height:auto\"\/><figcaption class=\"wp-element-caption\">Juli\u00e1n Alberto Gill\u00e9n L\u00f3pez<\/figcaption><\/figure>\n<\/div>\n\n<div class=\"wp-block-image\">\n<figure class=\"aligncenter size-full is-resized\"><img loading=\"lazy\" decoding=\"async\" width=\"1280\" height=\"1280\" data-attachment-id=\"75844\" data-permalink=\"https:\/\/jornalrol.com.br\/?attachment_id=75844\" data-orig-file=\"https:\/\/jornalrol.com.br\/wp-content\/uploads\/2025\/09\/52a9a722-156a-427d-a6fc-122649565ce6.jpeg\" data-orig-size=\"1280,1280\" data-comments-opened=\"1\" data-image-meta=\"{&quot;aperture&quot;:&quot;0&quot;,&quot;credit&quot;:&quot;&quot;,&quot;camera&quot;:&quot;&quot;,&quot;caption&quot;:&quot;&quot;,&quot;created_timestamp&quot;:&quot;0&quot;,&quot;copyright&quot;:&quot;&quot;,&quot;focal_length&quot;:&quot;0&quot;,&quot;iso&quot;:&quot;0&quot;,&quot;shutter_speed&quot;:&quot;0&quot;,&quot;title&quot;:&quot;&quot;,&quot;orientation&quot;:&quot;0&quot;}\" data-image-title=\"52a9a722-156a-427d-a6fc-122649565ce6\" data-image-description=\"\" data-image-caption=\"\" data-large-file=\"https:\/\/jornalrol.com.br\/wp-content\/uploads\/2025\/09\/52a9a722-156a-427d-a6fc-122649565ce6.jpeg\" src=\"https:\/\/jornalrol.com.br\/wp-content\/uploads\/2025\/09\/52a9a722-156a-427d-a6fc-122649565ce6.jpeg\" alt=\"Imagem criada por IA da Meta\" class=\"wp-image-75844\" style=\"width:380px;height:auto\" srcset=\"https:\/\/jornalrol.com.br\/wp-content\/uploads\/2025\/09\/52a9a722-156a-427d-a6fc-122649565ce6.jpeg 1280w, https:\/\/jornalrol.com.br\/wp-content\/uploads\/2025\/09\/52a9a722-156a-427d-a6fc-122649565ce6-1200x1200.jpeg 1200w, https:\/\/jornalrol.com.br\/wp-content\/uploads\/2025\/09\/52a9a722-156a-427d-a6fc-122649565ce6-600x600.jpeg 600w, https:\/\/jornalrol.com.br\/wp-content\/uploads\/2025\/09\/52a9a722-156a-427d-a6fc-122649565ce6-768x768.jpeg 768w\" sizes=\"auto, (max-width: 1280px) 100vw, 1280px\" \/><figcaption class=\"wp-element-caption\"><em>Imagem criada por IA da Meta<\/em><\/figcaption><\/figure>\n<\/div>\n\n\n<p class=\"has-text-align-center\">Los clavecines de Bach<br>se trocar\u00e1n en peque\u00f1os,<br>las modulaciones<br>que soberbio<br>tocaba Scarlatti desvanecer\u00e1n como siluetas.<\/p>\n\n\n\n<p class=\"has-text-align-center\">La muerte ser\u00e1 apenas<br>una brizna<br>rozando las sienes.<\/p>\n\n\n\n<p class=\"has-text-align-center\">El destino<br>dejar\u00e1 de ser<br>la guillotina<br>que amenaza el cuello,<br>para suavizarse dulce.<\/p>\n\n\n\n<p class=\"has-text-align-center\">No habr\u00e1 haza\u00f1a<br>que no logres<br>bajo el licor del anhelo.<\/p>\n\n\n\n<p class=\"has-text-align-center\">Superar\u00e1s<br>a los esp\u00edritus antiguos,<br>si tan solo bebes<br>la ambros\u00eda<br>de la confianza.<\/p>\n\n\n\n<p class=\"has-text-align-center\">La fuente inalterable,<br>te digo,<br>vive en la c\u00fapula<br>de tu cabeza.<\/p>\n\n\n\n<p class=\"has-text-align-center\">Anda con prudencia<br>por los bordes estrechos<br>de tu cornisa.<\/p>\n\n\n\n<p class=\"has-text-align-center\">Aquel<br>que tome sus pensamientos<br>y se decida a lavarlos<br>en hisopo<br>podr\u00e1 levantarse ufano.<\/p>\n\n\n\n<p class=\"has-text-align-center\">No le envidiar\u00e1s nada<br>a los hombres ilustres<br>del pasado, pues con fe<br>construir\u00e1s tu presente.<\/p>\n\n\n\n<p class=\"has-text-align-center\">Har\u00e1s calzadas m\u00e1s fuertes que las romanas,<br>si te enarbolas<br>de las opresiones mundanas.<\/p>\n\n\n\n<p class=\"has-text-align-center\">No te abandones.<\/p>\n\n\n\n<p class=\"has-text-align-center\">Las humaredas huir\u00e1n<br>si eres en tiempo presente<br>y no fuiste<br>en tiempo pasado.<\/p>\n\n\n\n<p class=\"has-text-align-center\">Ser\u00e1s semejante al azor<br>que avista al \u00e1guila lejos.<br>Si recuperas al hombre<br>no habr\u00e1 ya m\u00e1s imposibles.<\/p>\n\n\n\n<h3 class=\"wp-block-heading has-text-align-center\"><br>Armafuerte<\/h3>\n\n\n\n<div class=\"wp-block-columns is-layout-flex wp-container-core-columns-is-layout-9d6595d7 wp-block-columns-is-layout-flex\">\n<div class=\"wp-block-column is-layout-flow wp-block-column-is-layout-flow\">\n<h3 class=\"wp-block-heading has-text-align-center has-electric-grass-gradient-background has-background\"><a href=\"https:\/\/www.facebook.com\/LinoRenand8\" target=\"_blank\" rel=\"noopener\" title=\"Facebook\">Facebook<\/a><\/h3>\n<\/div>\n\n\n\n<div class=\"wp-block-column is-layout-flow wp-block-column-is-layout-flow\">\n<h3 class=\"wp-block-heading has-text-align-center has-electric-grass-gradient-background has-background\"><a href=\"https:\/\/www.instagram.com\/guillenzagorakis\/\" title=\"Instagram\">Instagram<\/a><\/h3>\n<\/div>\n<\/div>\n\n\n\n<p><a href=\"http:\/\/jornalrol.com.br\/\" title=\"Voltar\">Voltar<\/a><\/p>\n\n\n\n<p><a href=\"https:\/\/www.facebook.com\/JCulturalrol\/\" title=\"Facebook\">Facebook<\/a><\/p>\n","protected":false},"excerpt":{"rendered":"<p>Los clavecines de Bach se trocar\u00e1n en peque\u00f1os, las modulaciones que soberbio tocaba Scarlatti desvanecer\u00e1n como siluetas. La muerte sera apenas una brizna&#8230; <\/p>\n","protected":false},"author":115,"featured_media":75844,"comment_status":"open","ping_status":"closed","sticky":false,"template":"","format":"standard","meta":{"_jetpack_newsletter_access":"","_jetpack_dont_email_post_to_subs":false,"_jetpack_newsletter_tier_id":0,"_jetpack_memberships_contains_paywalled_content":false,"_jetpack_memberships_contains_paid_content":false,"footnotes":""},"categories":[9285,58],"tags":[15106,2741,15109,15107,15108],"class_list":["post-75841","post","type-post","status-publish","format-standard","has-post-thumbnail","hentry","category-literatura","category-poesias","tag-cravos-de-bach","tag-destino","tag-facanha","tag-scarlatti","tag-silhueta"],"aioseo_notices":[],"views":319,"jetpack_featured_media_url":"https:\/\/jornalrol.com.br\/wp-content\/uploads\/2025\/09\/52a9a722-156a-427d-a6fc-122649565ce6.jpeg","jetpack_sharing_enabled":true,"jetpack_likes_enabled":true,"jetpack-related-posts":[{"id":74573,"url":"https:\/\/jornalrol.com.br\/?p=74573","url_meta":{"origin":75841,"position":0},"title":"Partenope","author":"Julian Alberto Guillen Lopez","date":"29 de julho de 2025","format":false,"excerpt":"Voc\u00ea cura a lepra, oh, minha senhora, causando espasmos na face das \u00e1guas. Voc\u00ea \u00e9 como um anjo que desce com rosto luminoso \u00e0s ondas inquietas da margem do...","rel":"","context":"Em &quot;Literatura&quot;","block_context":{"text":"Literatura","link":"https:\/\/jornalrol.com.br\/?cat=9285"},"img":{"alt_text":"Imagem criada por IA da Meta - 29 de julho de 2025, \u00e0s 17:28 PM","src":"https:\/\/i0.wp.com\/jornalrol.com.br\/wp-content\/uploads\/2025\/07\/74e9ed89-2eca-4658-9af5-7bdbe64bfe34.jpg?resize=350%2C200&ssl=1","width":350,"height":200,"srcset":"https:\/\/i0.wp.com\/jornalrol.com.br\/wp-content\/uploads\/2025\/07\/74e9ed89-2eca-4658-9af5-7bdbe64bfe34.jpg?resize=350%2C200&ssl=1 1x, https:\/\/i0.wp.com\/jornalrol.com.br\/wp-content\/uploads\/2025\/07\/74e9ed89-2eca-4658-9af5-7bdbe64bfe34.jpg?resize=525%2C300&ssl=1 1.5x, https:\/\/i0.wp.com\/jornalrol.com.br\/wp-content\/uploads\/2025\/07\/74e9ed89-2eca-4658-9af5-7bdbe64bfe34.jpg?resize=700%2C400&ssl=1 2x, https:\/\/i0.wp.com\/jornalrol.com.br\/wp-content\/uploads\/2025\/07\/74e9ed89-2eca-4658-9af5-7bdbe64bfe34.jpg?resize=1050%2C600&ssl=1 3x"},"classes":[]},{"id":68657,"url":"https:\/\/jornalrol.com.br\/?p=68657","url_meta":{"origin":75841,"position":1},"title":"Do M\u00e9xico para o ROL, Juli\u00e1n Alberto Guill\u00e9n L\u00f3pez","author":"Sergio Diniz da Costa","date":"13 de agosto de 2024","format":false,"excerpt":"Juli\u00e1n Colinas, Ya-Gel, Lian-Yu Yenggi, Juli\u00e1n Tenorio, Liam Maull\u00e9 Gil, Rino Specchio, Lino Renand, Armafuerte... as muitas faces liter\u00e1rias de J. A. Guill\u00e9n L\u00f3pez Juli\u00e1n Alberto Gill\u00e9n L\u00f3pez Juli\u00e1n Alberto Guill\u00e9n L\u00f3pez, 26, \u00e9 natural de Minatitl\u00e1n, Veracruz, e atualmente residente em Aguascalientes, M\u00e9xico. Um poeta precoce que, aos 12\u2026","rel":"","context":"Em &quot;Sem categoria&quot;","block_context":{"text":"Sem categoria","link":"https:\/\/jornalrol.com.br\/?cat=1"},"img":{"alt_text":"Juli\u00e1n Alberto Guill\u00e9n L\u00f3pez.","src":"https:\/\/i0.wp.com\/jornalrol.com.br\/wp-content\/uploads\/2024\/08\/20240811_2108432.jpg?resize=350%2C200&ssl=1","width":350,"height":200,"srcset":"https:\/\/i0.wp.com\/jornalrol.com.br\/wp-content\/uploads\/2024\/08\/20240811_2108432.jpg?resize=350%2C200&ssl=1 1x, https:\/\/i0.wp.com\/jornalrol.com.br\/wp-content\/uploads\/2024\/08\/20240811_2108432.jpg?resize=525%2C300&ssl=1 1.5x, https:\/\/i0.wp.com\/jornalrol.com.br\/wp-content\/uploads\/2024\/08\/20240811_2108432.jpg?resize=700%2C400&ssl=1 2x"},"classes":[]},{"id":72464,"url":"https:\/\/jornalrol.com.br\/?p=72464","url_meta":{"origin":75841,"position":2},"title":"Desenterrar o po\u00e9tico","author":"Julian Alberto Guillen Lopez","date":"17 de mar\u00e7o de 2025","format":false,"excerpt":"Desenterrar o po\u00e9tico das minhas entranhas, sentir que conflui pela estrada das minhas veias, que se fa\u00e7a para mim todos os dias semelhante ao n\u00e9ctar que me...","rel":"","context":"Em &quot;Literatura&quot;","block_context":{"text":"Literatura","link":"https:\/\/jornalrol.com.br\/?cat=9285"},"img":{"alt_text":"Imagem criada por IA no Bing - 17 de mar\u00e7o de 2025, \u00e0s 12:38 PM","src":"https:\/\/i0.wp.com\/jornalrol.com.br\/wp-content\/uploads\/2025\/03\/OIG1.XrG_.A1ztjEG1rh_pk.jpg?resize=350%2C200&ssl=1","width":350,"height":200,"srcset":"https:\/\/i0.wp.com\/jornalrol.com.br\/wp-content\/uploads\/2025\/03\/OIG1.XrG_.A1ztjEG1rh_pk.jpg?resize=350%2C200&ssl=1 1x, https:\/\/i0.wp.com\/jornalrol.com.br\/wp-content\/uploads\/2025\/03\/OIG1.XrG_.A1ztjEG1rh_pk.jpg?resize=525%2C300&ssl=1 1.5x, https:\/\/i0.wp.com\/jornalrol.com.br\/wp-content\/uploads\/2025\/03\/OIG1.XrG_.A1ztjEG1rh_pk.jpg?resize=700%2C400&ssl=1 2x"},"classes":[]},{"id":77511,"url":"https:\/\/jornalrol.com.br\/?p=77511","url_meta":{"origin":75841,"position":3},"title":"De la dimensi\u00f3n \u00f3ntica y ontol\u00f3gica del saber","author":"Julian Alberto Guillen Lopez","date":"5 de janeiro de 2026","format":false,"excerpt":"Leyendo acerca de la doctrina fenomenol\u00f3gica de Heidegger pude rescatar lo siguiente: \"La mente debe expandirse continuamente hacia lo que no entiende.\"","rel":"","context":"Em &quot;artigos&quot;","block_context":{"text":"artigos","link":"https:\/\/jornalrol.com.br\/?cat=9398"},"img":{"alt_text":"Imagem criada por IA da Meta","src":"https:\/\/i0.wp.com\/jornalrol.com.br\/wp-content\/uploads\/2025\/12\/f84fd68f-b12c-4914-b9cf-ee7766da1adf.jpg?resize=350%2C200&ssl=1","width":350,"height":200,"srcset":"https:\/\/i0.wp.com\/jornalrol.com.br\/wp-content\/uploads\/2025\/12\/f84fd68f-b12c-4914-b9cf-ee7766da1adf.jpg?resize=350%2C200&ssl=1 1x, https:\/\/i0.wp.com\/jornalrol.com.br\/wp-content\/uploads\/2025\/12\/f84fd68f-b12c-4914-b9cf-ee7766da1adf.jpg?resize=525%2C300&ssl=1 1.5x, https:\/\/i0.wp.com\/jornalrol.com.br\/wp-content\/uploads\/2025\/12\/f84fd68f-b12c-4914-b9cf-ee7766da1adf.jpg?resize=700%2C400&ssl=1 2x, https:\/\/i0.wp.com\/jornalrol.com.br\/wp-content\/uploads\/2025\/12\/f84fd68f-b12c-4914-b9cf-ee7766da1adf.jpg?resize=1050%2C600&ssl=1 3x"},"classes":[]},{"id":14644,"url":"https:\/\/jornalrol.com.br\/?p=14644","url_meta":{"origin":75841,"position":4},"title":"Dia do Musico ser\u00e1 comemorado em Tatui","author":"Helio Rubens","date":"14 de novembro de 2017","format":false,"excerpt":"MUSEU PAULO SET\u00daBAL TER\u00c1 RECITAL DE FLAUTA EM COMEMORA\u00c7\u00c3O AO DIA DO M\u00daSICO O Museu Hist\u00f3rico \u201cPaulo Set\u00fabal\u201d, equipamento cultural da Secretaria de Esporte, Cultura, Turismo, Lazer e Juventude da Prefeitura de Tatu\u00ed, realizar\u00e1 na pr\u00f3xima quarta-feira (22\/11), \u00e0s 19h30, em comemora\u00e7\u00e3o ao Dia do M\u00fasico e como parte do\u2026","rel":"","context":"Em &quot;Comunica\u00e7\u00e3o&quot;","block_context":{"text":"Comunica\u00e7\u00e3o","link":"https:\/\/jornalrol.com.br\/?cat=7"},"img":{"alt_text":"","src":"https:\/\/ci3.googleusercontent.com\/proxy\/sIQxgC_TbvsfX5o5d2paSw_XP1eho1xpcdY34hEeTQ67XK1hfCQ38G0JGZI4_MW3QDdg2SxT8mCg4bzTyoC6wDWdpsKHm-ZKmtsf3qVO_JA1RjfjEZuZDilN586F_zE9rHrjSkSHjlh-IUaPelwJjEJiMCkbA-y5x2f-C9j87pGTQ_cMNa-9o6mc=s0-d-e1-ft#http:\/\/assets.mktnaweb.com\/accounts\/2013\/06\/13\/17128\/pictures\/704\/original_JULIANO%20ARRUDA%20%281%29.jpg?1510681302","width":350,"height":200},"classes":[]},{"id":6627,"url":"https:\/\/jornalrol.com.br\/?p=6627","url_meta":{"origin":75841,"position":5},"title":"Saiu na TV Tem: &#039;Pianista Miriam Braga apresenta recital no Conservat\u00f3rio de Tatu\u00ed&#039;","author":"Helio Rubens","date":"25 de outubro de 2016","format":false,"excerpt":"Evento ocorre no Teatro Proc\u00f3pio Ferreira nesta quarta-feira (26) \u00a0Espet\u00e1culo come\u00e7a a partir das 20h; entrada \u00e9 gratuita. Do G1 Itapetininga e Regi\u00e3o Pianista apresentar\u00e1 composi\u00e7\u00f5es de Bach e Villa-Lobos no repert\u00f3rio (Foto: Divulga\u00e7\u00e3o\/Conservat\u00f3rio Tatu\u00ed) A pianista Miriam Braga apresenta o recital \u201cPresente\u201d no Conservat\u00f3rio de Tatu\u00ed, nesta quarta-feira (26).\u2026","rel":"","context":"Em &quot;Comunica\u00e7\u00e3o&quot;","block_context":{"text":"Comunica\u00e7\u00e3o","link":"https:\/\/jornalrol.com.br\/?cat=7"},"img":{"alt_text":"Concerto ter\u00e1 composi\u00e7\u00f5es de Bach e Villa-Lobos no repert\u00f3rio (Foto: Divulga\u00e7\u00e3o\/Conservat\u00f3rio Tatu\u00ed)","src":"https:\/\/i0.wp.com\/s2.glbimg.com\/Ew2YGoUZw4J6cgUYVyE_360XRxE%3D\/620x465\/s.glbimg.com\/jo\/g1\/f\/original\/2016\/09\/23\/miriam_braga_-_conservatorio_tatui.jpg?resize=350%2C200","width":350,"height":200,"srcset":"https:\/\/i0.wp.com\/s2.glbimg.com\/Ew2YGoUZw4J6cgUYVyE_360XRxE%3D\/620x465\/s.glbimg.com\/jo\/g1\/f\/original\/2016\/09\/23\/miriam_braga_-_conservatorio_tatui.jpg?resize=350%2C200 1x, https:\/\/i0.wp.com\/s2.glbimg.com\/Ew2YGoUZw4J6cgUYVyE_360XRxE%3D\/620x465\/s.glbimg.com\/jo\/g1\/f\/original\/2016\/09\/23\/miriam_braga_-_conservatorio_tatui.jpg?resize=525%2C300 1.5x"},"classes":[]}],"_links":{"self":[{"href":"https:\/\/jornalrol.com.br\/index.php?rest_route=\/wp\/v2\/posts\/75841","targetHints":{"allow":["GET"]}}],"collection":[{"href":"https:\/\/jornalrol.com.br\/index.php?rest_route=\/wp\/v2\/posts"}],"about":[{"href":"https:\/\/jornalrol.com.br\/index.php?rest_route=\/wp\/v2\/types\/post"}],"author":[{"embeddable":true,"href":"https:\/\/jornalrol.com.br\/index.php?rest_route=\/wp\/v2\/users\/115"}],"replies":[{"embeddable":true,"href":"https:\/\/jornalrol.com.br\/index.php?rest_route=%2Fwp%2Fv2%2Fcomments&post=75841"}],"version-history":[{"count":2,"href":"https:\/\/jornalrol.com.br\/index.php?rest_route=\/wp\/v2\/posts\/75841\/revisions"}],"predecessor-version":[{"id":78701,"href":"https:\/\/jornalrol.com.br\/index.php?rest_route=\/wp\/v2\/posts\/75841\/revisions\/78701"}],"wp:featuredmedia":[{"embeddable":true,"href":"https:\/\/jornalrol.com.br\/index.php?rest_route=\/wp\/v2\/media\/75844"}],"wp:attachment":[{"href":"https:\/\/jornalrol.com.br\/index.php?rest_route=%2Fwp%2Fv2%2Fmedia&parent=75841"}],"wp:term":[{"taxonomy":"category","embeddable":true,"href":"https:\/\/jornalrol.com.br\/index.php?rest_route=%2Fwp%2Fv2%2Fcategories&post=75841"},{"taxonomy":"post_tag","embeddable":true,"href":"https:\/\/jornalrol.com.br\/index.php?rest_route=%2Fwp%2Fv2%2Ftags&post=75841"}],"curies":[{"name":"wp","href":"https:\/\/api.w.org\/{rel}","templated":true}]}}