{"id":75867,"date":"2025-09-26T13:47:50","date_gmt":"2025-09-26T16:47:50","guid":{"rendered":"https:\/\/jornalrol.com.br\/?p=75867"},"modified":"2025-09-26T13:48:03","modified_gmt":"2025-09-26T16:48:03","slug":"9a-edicao-da-flaus","status":"publish","type":"post","link":"https:\/\/jornalrol.com.br\/?p=75867","title":{"rendered":"9\u00aa edi\u00e7\u00e3o da FLAUS"},"content":{"rendered":"<div class=\"pdfprnt-buttons pdfprnt-buttons-post pdfprnt-top-right\"><a href=\"https:\/\/jornalrol.com.br\/index.php?rest_route=%2Fwp%2Fv2%2Fposts%2F75867&print=pdf\" class=\"pdfprnt-button pdfprnt-button-pdf\" target=\"_blank\" ><\/a><a href=\"https:\/\/jornalrol.com.br\/index.php?rest_route=%2Fwp%2Fv2%2Fposts%2F75867&print=print\" class=\"pdfprnt-button pdfprnt-button-print\" target=\"_blank\" ><img decoding=\"async\" src=\"https:\/\/jornalrol.com.br\/wp-content\/plugins\/pdf-print\/images\/print.png\" alt=\"image_print\" title=\"Conte\u00fado de impress\u00e3o\" \/><\/a><\/div>\n<h2 class=\"wp-block-heading has-text-align-center\">A 9\u00aa edi\u00e7\u00e3o da FLAUS (Feira do Livro e Autores Sorocabanos) j\u00e1 tem data marcada e as inscri\u00e7\u00f5es GRATUITAS para participa\u00e7\u00e3o est\u00e3o abertas!<br><br><\/h2>\n\n\n<div class=\"wp-block-image\">\n<figure class=\"aligncenter size-full is-resized\"><img loading=\"lazy\" decoding=\"async\" width=\"900\" height=\"900\" data-attachment-id=\"68198\" data-permalink=\"https:\/\/jornalrol.com.br\/?attachment_id=68198\" data-orig-file=\"https:\/\/jornalrol.com.br\/wp-content\/uploads\/2024\/07\/IV-Concurso-Literario-FLAUS-Sorocaba-1.jpg\" data-orig-size=\"900,900\" data-comments-opened=\"1\" data-image-meta=\"{&quot;aperture&quot;:&quot;0&quot;,&quot;credit&quot;:&quot;&quot;,&quot;camera&quot;:&quot;&quot;,&quot;caption&quot;:&quot;{\\&quot;remix_data\\&quot;:[],\\&quot;remix_entry_point\\&quot;:\\&quot;challenges\\&quot;,\\&quot;source_tags\\&quot;:[\\&quot;local\\&quot;],\\&quot;origin\\&quot;:\\&quot;unknown\\&quot;,\\&quot;total_draw_time\\&quot;:0,\\&quot;total_draw_actions\\&quot;:0,\\&quot;layers_used\\&quot;:0,\\&quot;brushes_used\\&quot;:0,\\&quot;photos_added\\&quot;:0,\\&quot;total_editor_actions\\&quot;:{},\\&quot;tools_used\\&quot;:{\\&quot;transform\\&quot;:1},\\&quot;is_sticker\\&quot;:false,\\&quot;edited_since_last_sticker_save\\&quot;:true,\\&quot;containsFTESticker\\&quot;:false}&quot;,&quot;created_timestamp&quot;:&quot;0&quot;,&quot;copyright&quot;:&quot;&quot;,&quot;focal_length&quot;:&quot;0&quot;,&quot;iso&quot;:&quot;0&quot;,&quot;shutter_speed&quot;:&quot;0&quot;,&quot;title&quot;:&quot;&quot;,&quot;orientation&quot;:&quot;0&quot;}\" data-image-title=\"IV-Concurso-Literario-FLAUS-Sorocaba\" data-image-description=\"\" data-image-caption=\"&lt;p&gt;{&amp;#8220;remix_data&amp;#8221;:[],&amp;#8221;remix_entry_point&amp;#8221;:&amp;#8221;challenges&amp;#8221;,&amp;#8221;source_tags&amp;#8221;:[&amp;#8220;local&amp;#8221;],&amp;#8221;origin&amp;#8221;:&amp;#8221;unknown&amp;#8221;,&amp;#8221;total_draw_time&amp;#8221;:0,&amp;#8221;total_draw_actions&amp;#8221;:0,&amp;#8221;layers_used&amp;#8221;:0,&amp;#8221;brushes_used&amp;#8221;:0,&amp;#8221;photos_added&amp;#8221;:0,&amp;#8221;total_editor_actions&amp;#8221;:{},&amp;#8221;tools_used&amp;#8221;:{&amp;#8220;transform&amp;#8221;:1},&amp;#8221;is_sticker&amp;#8221;:false,&amp;#8221;edited_since_last_sticker_save&amp;#8221;:true,&amp;#8221;containsFTESticker&amp;#8221;:false}&lt;\/p&gt;\n\" data-large-file=\"https:\/\/jornalrol.com.br\/wp-content\/uploads\/2024\/07\/IV-Concurso-Literario-FLAUS-Sorocaba-1.jpg\" src=\"http:\/\/jornalrol.com.br\/wp-content\/uploads\/2024\/07\/IV-Concurso-Literario-FLAUS-Sorocaba-1.jpg\" alt=\"Logo da FLAUS\" class=\"wp-image-68198\" style=\"width:346px;height:auto\" srcset=\"https:\/\/jornalrol.com.br\/wp-content\/uploads\/2024\/07\/IV-Concurso-Literario-FLAUS-Sorocaba-1.jpg 900w, https:\/\/jornalrol.com.br\/wp-content\/uploads\/2024\/07\/IV-Concurso-Literario-FLAUS-Sorocaba-1-600x600.jpg 600w, https:\/\/jornalrol.com.br\/wp-content\/uploads\/2024\/07\/IV-Concurso-Literario-FLAUS-Sorocaba-1-768x768.jpg 768w\" sizes=\"auto, (max-width: 900px) 100vw, 900px\" \/><figcaption class=\"wp-element-caption\"><em>Logo da FLAUS<\/em><\/figcaption><\/figure>\n<\/div>\n\n\n<p class=\"has-drop-cap\">\u00c9 escritor independente? Inscreva-se na FLAUS! Al\u00e9m de vender seus livros, voc\u00ea pode participar de:<\/p>\n\n\n\n<p>\u2714 lan\u00e7amentos<br><br>\u2714 sess\u00e3o de aut\u00f3grafos<br><br>\u2714 rodas de conversa<br><br>\u2714 mesa de debates<br><br>\u2714 oficinas<br><br>\u2714 palestras<\/p>\n\n\n\n<p>A 9\u00aa edi\u00e7\u00e3o da <strong>FLAUS (Feira do Livro e Autores Sorocabanos)<\/strong> j\u00e1 tem data marcada e as inscri\u00e7\u00f5es GRATUITAS para participa\u00e7\u00e3o est\u00e3o abertas! \ud83c\udf8a<\/p>\n\n\n\n<p>Aten\u00e7\u00e3o: contamos com dois links de inscri\u00e7\u00e3o, um para venda de livros e outro para proposta de a\u00e7\u00e3o (oficinas, palestras etc.) para compor a programa\u00e7\u00e3o da feira. Voc\u00ea pode preencher apenas um ou os dois links, dependendo do seu interesse.<\/p>\n\n\n\n<p>\u26a0\ufe0f Inscreva-se gratuitamente at\u00e9 dia 15\/10.<\/p>\n\n\n\n<ul class=\"wp-block-list\">\n<li>para expositor de livros: <a href=\"https:\/\/forms.gle\/fJvnqq5HpVgizNjD7\">https:\/\/forms.gle\/fJvnqq5HpVgizNjD7<\/a><br><br><\/li>\n\n\n\n<li>para oficineiros, palestrantes e afins:<a href=\" https:\/\/forms.gle\/AV8QKXSZiNST5Tn97\"> https:\/\/forms.gle\/AV8QKXSZiNST5Tn97<\/a><\/li>\n<\/ul>\n\n\n\n<p>A feira ir\u00e1 acontecer nos dias 12, 13 e 14 de dezembro no Sesc Sorocaba.<\/p>\n\n\n\n<p><a href=\"http:\/\/jornalrol.com.br\/\" title=\"Voltar\">Voltar<\/a><\/p>\n\n\n\n<p><a href=\"https:\/www.facebook.com\/JCulturalrol\/\" title=\"Facebook\">Facebook<\/a><\/p>\n","protected":false},"excerpt":{"rendered":"<p>\u00c9 escritor independente? Inscreva-se na FLAUS! Al\u00e9m de vender seus livros, voc\u00ea pode participar de: lan\u00e7amentos, sess\u00e3o de aut\u00f3grafos, rodas de conversa&#8230;<\/p>\n","protected":false},"author":6,"featured_media":68198,"comment_status":"open","ping_status":"closed","sticky":false,"template":"","format":"standard","meta":{"_jetpack_newsletter_access":"","_jetpack_dont_email_post_to_subs":false,"_jetpack_newsletter_tier_id":0,"_jetpack_memberships_contains_paywalled_content":false,"_jetpack_memberships_contains_paid_content":false,"footnotes":""},"categories":[10922,9285,12355],"tags":[374,3978,4594],"class_list":["post-75867","post","type-post","status-publish","format-standard","has-post-thumbnail","hentry","category-feira-literaria","category-literatura","category-livro","tag-9a-edicao","tag-flaus","tag-inscricoes"],"aioseo_notices":[],"views":379,"jetpack_featured_media_url":"https:\/\/jornalrol.com.br\/wp-content\/uploads\/2024\/07\/IV-Concurso-Literario-FLAUS-Sorocaba-1.jpg","jetpack_sharing_enabled":true,"jetpack_likes_enabled":true,"jetpack-related-posts":[{"id":69970,"url":"https:\/\/jornalrol.com.br\/?p=69970","url_meta":{"origin":75867,"position":0},"title":"Vem a\u00ed a 8\u00aa edi\u00e7\u00e3o da FLAUS!","author":"Sergio Diniz da Costa","date":"7 de outubro de 2024","format":false,"excerpt":"A 8\u00aa edi\u00e7\u00e3o da FLAUS (Feira do Livro e Autores Sorocabanos) j\u00e1 tem data marcada e as inscri\u00e7\u00f5es para participa\u00e7\u00e3o est\u00e3o abertas!","rel":"","context":"Em &quot;Arte&quot;","block_context":{"text":"Arte","link":"https:\/\/jornalrol.com.br\/?cat=9286"},"img":{"alt_text":"A 8\u00aa edi\u00e7\u00e3o da FLAUS (Feira do Livro e Autores Sorocabanos) j\u00e1 tem data marcada e as inscri\u00e7\u00f5es para participa\u00e7\u00e3o est\u00e3o abertas!","src":"https:\/\/i0.wp.com\/jornalrol.com.br\/wp-content\/uploads\/2024\/10\/9f902599-b734-48a6-96c5-53fcb4d48961.jpeg?resize=350%2C200&ssl=1","width":350,"height":200,"srcset":"https:\/\/i0.wp.com\/jornalrol.com.br\/wp-content\/uploads\/2024\/10\/9f902599-b734-48a6-96c5-53fcb4d48961.jpeg?resize=350%2C200&ssl=1 1x, https:\/\/i0.wp.com\/jornalrol.com.br\/wp-content\/uploads\/2024\/10\/9f902599-b734-48a6-96c5-53fcb4d48961.jpeg?resize=525%2C300&ssl=1 1.5x, https:\/\/i0.wp.com\/jornalrol.com.br\/wp-content\/uploads\/2024\/10\/9f902599-b734-48a6-96c5-53fcb4d48961.jpeg?resize=700%2C400&ssl=1 2x, https:\/\/i0.wp.com\/jornalrol.com.br\/wp-content\/uploads\/2024\/10\/9f902599-b734-48a6-96c5-53fcb4d48961.jpeg?resize=1050%2C600&ssl=1 3x, https:\/\/i0.wp.com\/jornalrol.com.br\/wp-content\/uploads\/2024\/10\/9f902599-b734-48a6-96c5-53fcb4d48961.jpeg?resize=1400%2C800&ssl=1 4x"},"classes":[]},{"id":52613,"url":"https:\/\/jornalrol.com.br\/?p=52613","url_meta":{"origin":75867,"position":1},"title":"VI Edi\u00e7\u00e3o da FLAUS j\u00e1 tem data marcada e as inscri\u00e7\u00f5es para participa\u00e7\u00e3o est\u00e3o abertas!","author":"Sergio Diniz da Costa","date":"13 de novembro de 2022","format":false,"excerpt":"\u00a0 A FLAUS - Feira do Livro e Autores Sorocabanos - est\u00e1 na VI edi\u00e7\u00e3o e est\u00e1 aberta a escritores e demais artistas de Sorocaba e regi\u00e3o, que queiram expor e vender durante o evento A Feira do Livro e Autores Sorocabanos (FLAUS) acontece desde 2017, por iniciativa do autor\u2026","rel":"","context":"Em &quot;Comunica\u00e7\u00e3o&quot;","block_context":{"text":"Comunica\u00e7\u00e3o","link":"https:\/\/jornalrol.com.br\/?cat=7"},"img":{"alt_text":"","src":"https:\/\/i0.wp.com\/jornalrol.com.br\/wp-content\/uploads\/2022\/11\/logo-flaus-oficial-2-300x300.png?resize=350%2C200","width":350,"height":200},"classes":[]},{"id":46519,"url":"https:\/\/jornalrol.com.br\/?p=46519","url_meta":{"origin":75867,"position":2},"title":"5\u00aa Edi\u00e7\u00e3o da FLAUS est\u00e1 com as inscri\u00e7\u00f5es abertas para participa\u00e7\u00e3o","author":"Sergio Diniz da Costa","date":"18 de novembro de 2021","format":false,"excerpt":"A\u00a0 5\u00aa edi\u00e7\u00e3o da FLAUS - Feira do Livro e Autores Sorocabanos j\u00e1 tem data marcada e as\u00a0inscri\u00e7\u00f5es para a participa\u00e7\u00e3o\u00a0v\u00e3o at\u00e9 o dia 23 de novembro A 5\u00aa edi\u00e7\u00e3o da FLAUS - Feira do Livro e Autores Sorocabanos, realizada pelo Grupo de Autores Sorocabanos,\u00a0 j\u00e1 tem data marcada e\u2026","rel":"","context":"Em &quot;Comunica\u00e7\u00e3o&quot;","block_context":{"text":"Comunica\u00e7\u00e3o","link":"https:\/\/jornalrol.com.br\/?cat=7"},"img":{"alt_text":"","src":"https:\/\/i0.wp.com\/jornalrol.com.br\/wp-content\/uploads\/2021\/11\/6c3b582d-fac0-4d0a-b693-0ef9f7c57e7f.jpg?resize=350%2C200&ssl=1","width":350,"height":200,"srcset":"https:\/\/i0.wp.com\/jornalrol.com.br\/wp-content\/uploads\/2021\/11\/6c3b582d-fac0-4d0a-b693-0ef9f7c57e7f.jpg?resize=350%2C200&ssl=1 1x, https:\/\/i0.wp.com\/jornalrol.com.br\/wp-content\/uploads\/2021\/11\/6c3b582d-fac0-4d0a-b693-0ef9f7c57e7f.jpg?resize=525%2C300&ssl=1 1.5x, https:\/\/i0.wp.com\/jornalrol.com.br\/wp-content\/uploads\/2021\/11\/6c3b582d-fac0-4d0a-b693-0ef9f7c57e7f.jpg?resize=700%2C400&ssl=1 2x, https:\/\/i0.wp.com\/jornalrol.com.br\/wp-content\/uploads\/2021\/11\/6c3b582d-fac0-4d0a-b693-0ef9f7c57e7f.jpg?resize=1050%2C600&ssl=1 3x"},"classes":[]},{"id":63196,"url":"https:\/\/jornalrol.com.br\/?p=63196","url_meta":{"origin":75867,"position":3},"title":"SESC Sorocaba recebe a FLAUS em dezembro","author":"Sergio Diniz da Costa","date":"20 de novembro de 2023","format":false,"excerpt":"A FLAUS \u2013 Feira do Livro e Autores Sorocabanos ter\u00e1 uma edi\u00e7\u00e3o especial este ano de 2023, dentro de uma cess\u00e3o de espa\u00e7o do SESC Sorocaba. Em sua 7\u00aa edi\u00e7\u00e3o...","rel":"","context":"Em &quot;Feira Liter\u00e1ria&quot;","block_context":{"text":"Feira Liter\u00e1ria","link":"https:\/\/jornalrol.com.br\/?cat=10922"},"img":{"alt_text":"FLAUS - Feira do Livro de autores Sorocabanos","src":"https:\/\/i0.wp.com\/jornalrol.com.br\/wp-content\/uploads\/2023\/11\/d2c7f3a5-b076-4e59-bd78-5c6ccca639e8.jpg?resize=350%2C200&ssl=1","width":350,"height":200,"srcset":"https:\/\/i0.wp.com\/jornalrol.com.br\/wp-content\/uploads\/2023\/11\/d2c7f3a5-b076-4e59-bd78-5c6ccca639e8.jpg?resize=350%2C200&ssl=1 1x, https:\/\/i0.wp.com\/jornalrol.com.br\/wp-content\/uploads\/2023\/11\/d2c7f3a5-b076-4e59-bd78-5c6ccca639e8.jpg?resize=525%2C300&ssl=1 1.5x, https:\/\/i0.wp.com\/jornalrol.com.br\/wp-content\/uploads\/2023\/11\/d2c7f3a5-b076-4e59-bd78-5c6ccca639e8.jpg?resize=700%2C400&ssl=1 2x"},"classes":[]},{"id":71103,"url":"https:\/\/jornalrol.com.br\/?p=71103","url_meta":{"origin":75867,"position":4},"title":"FLAUS chega a sua oitava edi\u00e7\u00e3o","author":"Sergio Diniz da Costa","date":"4 de dezembro de 2024","format":false,"excerpt":"A FLAUS \u2013 Feira do Livro e Autores Sorocabanos \u00e9 uma a\u00e7\u00e3o cultural realizada na cidade de Sorocaba por iniciativa de autores independentes, com o intuito de...","rel":"","context":"Em &quot;Eventos liter\u00e1rios&quot;","block_context":{"text":"Eventos liter\u00e1rios","link":"https:\/\/jornalrol.com.br\/?cat=12354"},"img":{"alt_text":"Logo da FLAUS","src":"https:\/\/i0.wp.com\/jornalrol.com.br\/wp-content\/uploads\/2024\/12\/9f902599-b734-48a6-96c5-53fcb4d48961-1536x1154-1.jpeg?resize=350%2C200&ssl=1","width":350,"height":200,"srcset":"https:\/\/i0.wp.com\/jornalrol.com.br\/wp-content\/uploads\/2024\/12\/9f902599-b734-48a6-96c5-53fcb4d48961-1536x1154-1.jpeg?resize=350%2C200&ssl=1 1x, https:\/\/i0.wp.com\/jornalrol.com.br\/wp-content\/uploads\/2024\/12\/9f902599-b734-48a6-96c5-53fcb4d48961-1536x1154-1.jpeg?resize=525%2C300&ssl=1 1.5x, https:\/\/i0.wp.com\/jornalrol.com.br\/wp-content\/uploads\/2024\/12\/9f902599-b734-48a6-96c5-53fcb4d48961-1536x1154-1.jpeg?resize=700%2C400&ssl=1 2x, https:\/\/i0.wp.com\/jornalrol.com.br\/wp-content\/uploads\/2024\/12\/9f902599-b734-48a6-96c5-53fcb4d48961-1536x1154-1.jpeg?resize=1050%2C600&ssl=1 3x, https:\/\/i0.wp.com\/jornalrol.com.br\/wp-content\/uploads\/2024\/12\/9f902599-b734-48a6-96c5-53fcb4d48961-1536x1154-1.jpeg?resize=1400%2C800&ssl=1 4x"},"classes":[]},{"id":47257,"url":"https:\/\/jornalrol.com.br\/?p=47257","url_meta":{"origin":75867,"position":5},"title":"FLAUS chega \u00e0 sua 5\u00aa edi\u00e7\u00e3o repleta de novidades","author":"Carlos Carvalho Cavalheiro","date":"13 de dezembro de 2021","format":false,"excerpt":"Em sua 5\u00aa edi\u00e7\u00e3o, a FLAUS -\u00a0 Feira de Livros e Autores Sorocabanos - se consolida como um dos mais importantes eventos culturais da Regi\u00e3o Metropolitana \u00a0 \u00a0 \u00a0 \u00a0 \u00a0 \u00a0 \u00a0 \u00a0A FLAUS (Feira de Livros e Autores Sorocabanos), a\u00e7\u00e3o coletiva e horizontal de escritores de Sorocaba e\u2026","rel":"","context":"Em &quot;Comunica\u00e7\u00e3o&quot;","block_context":{"text":"Comunica\u00e7\u00e3o","link":"https:\/\/jornalrol.com.br\/?cat=7"},"img":{"alt_text":"","src":"https:\/\/i0.wp.com\/jornalrol.com.br\/wp-content\/uploads\/2021\/12\/8fe23088-c5a4-4081-bd0d-1b53e3cb3bd4.jpg?resize=350%2C200&ssl=1","width":350,"height":200,"srcset":"https:\/\/i0.wp.com\/jornalrol.com.br\/wp-content\/uploads\/2021\/12\/8fe23088-c5a4-4081-bd0d-1b53e3cb3bd4.jpg?resize=350%2C200&ssl=1 1x, https:\/\/i0.wp.com\/jornalrol.com.br\/wp-content\/uploads\/2021\/12\/8fe23088-c5a4-4081-bd0d-1b53e3cb3bd4.jpg?resize=525%2C300&ssl=1 1.5x, https:\/\/i0.wp.com\/jornalrol.com.br\/wp-content\/uploads\/2021\/12\/8fe23088-c5a4-4081-bd0d-1b53e3cb3bd4.jpg?resize=700%2C400&ssl=1 2x, https:\/\/i0.wp.com\/jornalrol.com.br\/wp-content\/uploads\/2021\/12\/8fe23088-c5a4-4081-bd0d-1b53e3cb3bd4.jpg?resize=1050%2C600&ssl=1 3x"},"classes":[]}],"_links":{"self":[{"href":"https:\/\/jornalrol.com.br\/index.php?rest_route=\/wp\/v2\/posts\/75867","targetHints":{"allow":["GET"]}}],"collection":[{"href":"https:\/\/jornalrol.com.br\/index.php?rest_route=\/wp\/v2\/posts"}],"about":[{"href":"https:\/\/jornalrol.com.br\/index.php?rest_route=\/wp\/v2\/types\/post"}],"author":[{"embeddable":true,"href":"https:\/\/jornalrol.com.br\/index.php?rest_route=\/wp\/v2\/users\/6"}],"replies":[{"embeddable":true,"href":"https:\/\/jornalrol.com.br\/index.php?rest_route=%2Fwp%2Fv2%2Fcomments&post=75867"}],"version-history":[{"count":2,"href":"https:\/\/jornalrol.com.br\/index.php?rest_route=\/wp\/v2\/posts\/75867\/revisions"}],"predecessor-version":[{"id":75869,"href":"https:\/\/jornalrol.com.br\/index.php?rest_route=\/wp\/v2\/posts\/75867\/revisions\/75869"}],"wp:featuredmedia":[{"embeddable":true,"href":"https:\/\/jornalrol.com.br\/index.php?rest_route=\/wp\/v2\/media\/68198"}],"wp:attachment":[{"href":"https:\/\/jornalrol.com.br\/index.php?rest_route=%2Fwp%2Fv2%2Fmedia&parent=75867"}],"wp:term":[{"taxonomy":"category","embeddable":true,"href":"https:\/\/jornalrol.com.br\/index.php?rest_route=%2Fwp%2Fv2%2Fcategories&post=75867"},{"taxonomy":"post_tag","embeddable":true,"href":"https:\/\/jornalrol.com.br\/index.php?rest_route=%2Fwp%2Fv2%2Ftags&post=75867"}],"curies":[{"name":"wp","href":"https:\/\/api.w.org\/{rel}","templated":true}]}}