{"id":76181,"date":"2025-10-14T06:30:37","date_gmt":"2025-10-14T09:30:37","guid":{"rendered":"https:\/\/jornalrol.com.br\/?p=76181"},"modified":"2025-10-14T06:31:02","modified_gmt":"2025-10-14T09:31:02","slug":"a-garrafa-magica","status":"publish","type":"post","link":"https:\/\/jornalrol.com.br\/?p=76181","title":{"rendered":"A garrafa m\u00e1gica"},"content":{"rendered":"<div class=\"pdfprnt-buttons pdfprnt-buttons-post pdfprnt-top-right\"><a href=\"https:\/\/jornalrol.com.br\/index.php?rest_route=%2Fwp%2Fv2%2Fposts%2F76181&print=pdf\" class=\"pdfprnt-button pdfprnt-button-pdf\" target=\"_blank\" ><\/a><a href=\"https:\/\/jornalrol.com.br\/index.php?rest_route=%2Fwp%2Fv2%2Fposts%2F76181&print=print\" class=\"pdfprnt-button pdfprnt-button-print\" target=\"_blank\" ><img decoding=\"async\" src=\"https:\/\/jornalrol.com.br\/wp-content\/plugins\/pdf-print\/images\/print.png\" alt=\"image_print\" title=\"Conte\u00fado de impress\u00e3o\" \/><\/a><\/div>\n<h2 class=\"wp-block-heading has-text-align-center\">Jorge Facury: &#8216;A garrafa m\u00e1gica (sem g\u00eanio dentro)&#8217;<br><br><\/h2>\n\n\n<div class=\"wp-block-image\">\n<figure class=\"aligncenter size-full is-resized\"><img loading=\"lazy\" decoding=\"async\" width=\"675\" height=\"948\" data-attachment-id=\"69248\" data-permalink=\"https:\/\/jornalrol.com.br\/?attachment_id=69248\" data-orig-file=\"https:\/\/jornalrol.com.br\/wp-content\/uploads\/2024\/09\/05caea81-4a12-45f6-8059-8530bb794d6d.jpeg\" data-orig-size=\"675,948\" data-comments-opened=\"1\" data-image-meta=\"{&quot;aperture&quot;:&quot;0&quot;,&quot;credit&quot;:&quot;&quot;,&quot;camera&quot;:&quot;&quot;,&quot;caption&quot;:&quot;&quot;,&quot;created_timestamp&quot;:&quot;0&quot;,&quot;copyright&quot;:&quot;&quot;,&quot;focal_length&quot;:&quot;0&quot;,&quot;iso&quot;:&quot;0&quot;,&quot;shutter_speed&quot;:&quot;0&quot;,&quot;title&quot;:&quot;&quot;,&quot;orientation&quot;:&quot;0&quot;}\" data-image-title=\"05caea81-4a12-45f6-8059-8530bb794d6d\" data-image-description=\"&lt;p&gt;Jorge Facury&lt;\/p&gt;\n\" data-image-caption=\"&lt;p&gt;Jorge Facury&lt;\/p&gt;\n\" data-large-file=\"https:\/\/jornalrol.com.br\/wp-content\/uploads\/2024\/09\/05caea81-4a12-45f6-8059-8530bb794d6d.jpeg\" src=\"http:\/\/jornalrol.com.br\/wp-content\/uploads\/2024\/09\/05caea81-4a12-45f6-8059-8530bb794d6d.jpeg\" alt=\"Jorge Facury\" class=\"wp-image-69248\" style=\"width:125px;height:auto\"\/><figcaption class=\"wp-element-caption\">Jorge Facury<\/figcaption><\/figure>\n<\/div>\n\n<div class=\"wp-block-image\">\n<figure class=\"aligncenter size-full is-resized\"><img loading=\"lazy\" decoding=\"async\" width=\"1024\" height=\"1536\" data-attachment-id=\"76182\" data-permalink=\"https:\/\/jornalrol.com.br\/?attachment_id=76182\" data-orig-file=\"https:\/\/jornalrol.com.br\/wp-content\/uploads\/2025\/10\/ae5c0e89-3933-4b68-a6a8-f67ff8093151.jpeg\" data-orig-size=\"1024,1536\" data-comments-opened=\"1\" data-image-meta=\"{&quot;aperture&quot;:&quot;0&quot;,&quot;credit&quot;:&quot;&quot;,&quot;camera&quot;:&quot;&quot;,&quot;caption&quot;:&quot;&quot;,&quot;created_timestamp&quot;:&quot;0&quot;,&quot;copyright&quot;:&quot;&quot;,&quot;focal_length&quot;:&quot;0&quot;,&quot;iso&quot;:&quot;0&quot;,&quot;shutter_speed&quot;:&quot;0&quot;,&quot;title&quot;:&quot;&quot;,&quot;orientation&quot;:&quot;0&quot;}\" data-image-title=\"ae5c0e89-3933-4b68-a6a8-f67ff8093151\" data-image-description=\"\" data-image-caption=\"\" data-large-file=\"https:\/\/jornalrol.com.br\/wp-content\/uploads\/2025\/10\/ae5c0e89-3933-4b68-a6a8-f67ff8093151.jpeg\" src=\"https:\/\/jornalrol.com.br\/wp-content\/uploads\/2025\/10\/ae5c0e89-3933-4b68-a6a8-f67ff8093151.jpeg\" alt=\"Imagem criada pela IA do ChatGPT\" class=\"wp-image-76182\" style=\"width:292px;height:auto\" srcset=\"https:\/\/jornalrol.com.br\/wp-content\/uploads\/2025\/10\/ae5c0e89-3933-4b68-a6a8-f67ff8093151.jpeg 1024w, https:\/\/jornalrol.com.br\/wp-content\/uploads\/2025\/10\/ae5c0e89-3933-4b68-a6a8-f67ff8093151-800x1200.jpeg 800w, https:\/\/jornalrol.com.br\/wp-content\/uploads\/2025\/10\/ae5c0e89-3933-4b68-a6a8-f67ff8093151-768x1152.jpeg 768w\" sizes=\"auto, (max-width: 1024px) 100vw, 1024px\" \/><figcaption class=\"wp-element-caption\"><em>Imagem criada pela IA do ChatGPT<\/em><\/figcaption><\/figure>\n<\/div>\n\n\n<p class=\"has-drop-cap\">Os anos 90 foram &#8216;m\u00e1gicos&#8217; para mim e amigos. Parece que acontecia &#8216;de tudo&#8217; (que hoje n\u00e3o acontece mais). N\u00e3o sei, (n\u00e3o lembro), como foi que soube que havia um laborat\u00f3rio esot\u00e9rico no Rio de Janeiro, exportador de uma garrafa m\u00e1gica que transmitia sinais desde que o consulente dispusesse da necess\u00e1ria sensibilidade para oper\u00e1-la e decodificar sinais. <\/p>\n\n\n\n<p>Resolvi testar. Encomendei. Recebi pelos Correios. Era uma garrafa de vidro marrom, parecendo encerada, n\u00e3o dava pra ver o conte\u00fado. Onde deveria constar o r\u00f3tulo, havia um papel brilhante, tipo metalizado, amarelo-ouro. Dentro dela havia materiais indutivos magn\u00e9ticos e carv\u00e3o mineral. O que se precisava fazer era amassar um papel branco, bem amassado e jogar diante da garrafa. A imagem que apareceria refletida na parte espelhada amarelo-ouro deveria ser interpretada pele consulente, pois formava imagens abstratas e a\u00ed entrava uma boa dose de intui\u00e7\u00e3o. Nesse momento, ela estaria funcionando como uma &#8216;antena&#8217;.  A bem da verdade, o efeito nada mais era do que poder\u00edamos chamar hoje de uma &#8216;pareidolia m\u00edstica&#8217;. <\/p>\n\n\n\n<p>Nisso, uma pessoa que passou a estar em nosso meio quis compr\u00e1-la. Sem compreender as pareidolias, vendi a pre\u00e7o m\u00f3dico. O comprador era um morador de Aldeia da Serra (SP) que se apresentava como futuro &#8216;governador do mundo&#8217;. Dizia que recebia &#8216;bips&#8217; do universo (tempo dos bips \u2013 os mais novos n\u00e3o entender\u00e3o). Isso seria pouco: conforme a declara\u00e7\u00e3o, ele governaria o mundo atrav\u00e9s de 21 canais de televis\u00e3o. <\/p>\n\n\n\n<p>Andava com um apresent\u00e1vel autom\u00f3vel Ibiza, a carteira bufando de d\u00f3lares (era dono uma rede de mot\u00e9is), n\u00e3o trabalhava, e justificava sua boa situa\u00e7\u00e3o financeira aos curiosos dizendo ter ganhado cinco vezes na loteria! Afora isso, contava hist\u00f3rias confusas, capazes de confundir a cabe\u00e7a da gente! Numa das vezes em que esteve em casa, (era o ano de 1992) um amigo, Luiz Nitsche, saiu dizendo: \u2013 Cuidado com esse cara! Ele \u00e9 louco! <\/p>\n\n\n\n<p>Luiz n\u00e3o seria o \u00fanico a dizer isso, eu ouviria a mesm\u00edssima advert\u00eancia da amiga Sandra Hasmann, Uf\u00f3loga de Jacare\u00ed, que se assustou ao conversar uma \u00fanica vez com ele. O tempo passou. Ele n\u00e3o governou o mundo, ali\u00e1s, tudo indica que n\u00e3o esteja mais entre n\u00f3s! A garrafa desapareceu. Eis a magia cruel do Tempo! Tudo Ele leva, e nada deixa, al\u00e9m de mem\u00f3rias\u2026<\/p>\n\n\n\n<h3 class=\"wp-block-heading has-text-align-center\"><br>Jorge Facury<\/h3>\n\n\n\n<div class=\"wp-block-columns is-layout-flex wp-container-core-columns-is-layout-9d6595d7 wp-block-columns-is-layout-flex\">\n<div class=\"wp-block-column is-layout-flow wp-block-column-is-layout-flow\">\n<h3 class=\"wp-block-heading has-text-align-center has-electric-grass-gradient-background has-background\"><a href=\"https:\/\/www.facebook.com\/jorge.facury.1?locale=pt_BR\" target=\"_blank\" rel=\"noopener\" title=\"Facebook\">Facebook<\/a><\/h3>\n<\/div>\n\n\n\n<div class=\"wp-block-column is-layout-flow wp-block-column-is-layout-flow\">\n<h3 class=\"wp-block-heading has-text-align-center has-electric-grass-gradient-background has-background\"><a href=\"https:\/\/wa.me\/15991449123\" title=\"WhatsApp\">WhatsApp<\/a><\/h3>\n<\/div>\n<\/div>\n\n\n\n<p><a href=\"https:\/\/jornalrol.com.br\/\" title=\"Voltar\">Voltar<\/a><\/p>\n\n\n\n<p><a href=\"https:\/\/www.facebook.com\/JCulturalRol\/\" title=\"Facebook\">Facebook<\/a><\/p>\n","protected":false},"excerpt":{"rendered":"<p>Os anos 90 foram &#8216;m\u00e1gicos&#8217; para mim e amigos. Parece que acontecia &#8216;de tudo&#8217;. N\u00e3o lembro como foi que soube que havia um laborat\u00f3rio esot\u00e9rico no Rio de&#8230;<\/p>\n","protected":false},"author":117,"featured_media":76182,"comment_status":"open","ping_status":"closed","sticky":false,"template":"","format":"standard","meta":{"_jetpack_newsletter_access":"","_jetpack_dont_email_post_to_subs":false,"_jetpack_newsletter_tier_id":0,"_jetpack_memberships_contains_paywalled_content":false,"_jetpack_memberships_contains_paid_content":false,"footnotes":""},"categories":[9392,9285],"tags":[15262],"class_list":["post-76181","post","type-post","status-publish","format-standard","has-post-thumbnail","hentry","category-cronicas","category-literatura","tag-anos-magicos"],"aioseo_notices":[],"views":310,"jetpack_featured_media_url":"https:\/\/jornalrol.com.br\/wp-content\/uploads\/2025\/10\/ae5c0e89-3933-4b68-a6a8-f67ff8093151.jpeg","jetpack_sharing_enabled":true,"jetpack_likes_enabled":true,"jetpack-related-posts":[{"id":8989,"url":"https:\/\/jornalrol.com.br\/?p=8989","url_meta":{"origin":76181,"position":0},"title":"Livro Recomendado pelo ROL: &#039;O Apito da Mem\u00f3ria&#039;, de Jorge Facury","author":"Helio Rubens","date":"26 de mar\u00e7o de 2017","format":false,"excerpt":"Livro 'O Apito da Mem\u00f3ria', do colunista Jorge Facury Neste livro o leitor sentir\u00e1 o despertar de lembran\u00e7as que poderiam ser apagadas n\u00e3o fosse a perspic\u00e1cia do olhar do colunista Jorge Facury e seu mundo m\u00e1gico. Vale apena ler! (Helio Rubens, editor) \u00a0 \u00a0 \u00a0","rel":"","context":"Em &quot;Comunica\u00e7\u00e3o&quot;","block_context":{"text":"Comunica\u00e7\u00e3o","link":"https:\/\/jornalrol.com.br\/?cat=7"},"img":{"alt_text":"","src":"https:\/\/i0.wp.com\/www.jornalrol.com.br\/wp-content\/uploads\/2017\/03\/Livro-O-Apito-da-Mem%C3%B3ria-de-Jorge-Facury-001-218x300.jpg?resize=350%2C200","width":350,"height":200},"classes":[]},{"id":69346,"url":"https:\/\/jornalrol.com.br\/?p=69346","url_meta":{"origin":76181,"position":1},"title":"O encantador de serpentes","author":"Jorge Facury","date":"11 de setembro de 2024","format":false,"excerpt":"Apresenta\u00e7\u00e3o curiosa, das mais antigas, o encantamento de serpentes podia ser visto na pra\u00e7a de uma pequena cidade. Tocando seu instrumento \u2018m\u00e1gico\u2019...","rel":"","context":"Em &quot;Contos&quot;","block_context":{"text":"Contos","link":"https:\/\/jornalrol.com.br\/?cat=9607"},"img":{"alt_text":"Imagem gerada pela IA do Bing - 11 de setembro de 2024 \u00e0s 10:56 AM","src":"https:\/\/i0.wp.com\/jornalrol.com.br\/wp-content\/uploads\/2024\/09\/OIG4.tXyBtiU_1wQk.jpeg?resize=350%2C200&ssl=1","width":350,"height":200,"srcset":"https:\/\/i0.wp.com\/jornalrol.com.br\/wp-content\/uploads\/2024\/09\/OIG4.tXyBtiU_1wQk.jpeg?resize=350%2C200&ssl=1 1x, https:\/\/i0.wp.com\/jornalrol.com.br\/wp-content\/uploads\/2024\/09\/OIG4.tXyBtiU_1wQk.jpeg?resize=525%2C300&ssl=1 1.5x, https:\/\/i0.wp.com\/jornalrol.com.br\/wp-content\/uploads\/2024\/09\/OIG4.tXyBtiU_1wQk.jpeg?resize=700%2C400&ssl=1 2x"},"classes":[]},{"id":78248,"url":"https:\/\/jornalrol.com.br\/?p=78248","url_meta":{"origin":76181,"position":2},"title":"O seguimento da mestra","author":"Jorge Facury","date":"4 de fevereiro de 2026","format":false,"excerpt":"\u00c0s 4h30 deste dia 03 de fevereiro, a querida e inesquec\u00edvel professora Almira Porci\u00fancula, de Tatu\u00ed, partiu para a Eternidade. Mestra da l\u00edngua portuguesa...","rel":"","context":"Em &quot;Cr\u00f4nicas&quot;","block_context":{"text":"Cr\u00f4nicas","link":"https:\/\/jornalrol.com.br\/?cat=9392"},"img":{"alt_text":"Professora Almira Porci\u00fancula e Jorge Facury - Foto do arquivo do autor","src":"https:\/\/i0.wp.com\/jornalrol.com.br\/wp-content\/uploads\/2026\/02\/627365411_26338955455688350_842514845108969999_n.jpg?resize=350%2C200&ssl=1","width":350,"height":200,"srcset":"https:\/\/i0.wp.com\/jornalrol.com.br\/wp-content\/uploads\/2026\/02\/627365411_26338955455688350_842514845108969999_n.jpg?resize=350%2C200&ssl=1 1x, https:\/\/i0.wp.com\/jornalrol.com.br\/wp-content\/uploads\/2026\/02\/627365411_26338955455688350_842514845108969999_n.jpg?resize=525%2C300&ssl=1 1.5x, https:\/\/i0.wp.com\/jornalrol.com.br\/wp-content\/uploads\/2026\/02\/627365411_26338955455688350_842514845108969999_n.jpg?resize=700%2C400&ssl=1 2x, https:\/\/i0.wp.com\/jornalrol.com.br\/wp-content\/uploads\/2026\/02\/627365411_26338955455688350_842514845108969999_n.jpg?resize=1050%2C600&ssl=1 3x"},"classes":[]},{"id":69460,"url":"https:\/\/jornalrol.com.br\/?p=69460","url_meta":{"origin":76181,"position":3},"title":"Homenagem ao concurso Miss Brasil","author":"Jorge Facury","date":"17 de setembro de 2024","format":false,"excerpt":"Sorocaba, desde h\u00e1 alguns anos, conta com um entusiasta de missologia, termo que n\u00e3o parece t\u00e3o comum nas conversas de nosso dia a dia. Trata-se do estudo...","rel":"","context":"Em &quot;Sem categoria&quot;","block_context":{"text":"Sem categoria","link":"https:\/\/jornalrol.com.br\/?cat=1"},"img":{"alt_text":"Eduarda Delagnoll, Miss Rio Grande do Sul. Cr\u00e9dito da foto: Jorge Facury","src":"https:\/\/i0.wp.com\/jornalrol.com.br\/wp-content\/uploads\/2024\/09\/c8d5eb3b-b16c-475d-99d9-8790dcccd972.jpeg?resize=350%2C200&ssl=1","width":350,"height":200,"srcset":"https:\/\/i0.wp.com\/jornalrol.com.br\/wp-content\/uploads\/2024\/09\/c8d5eb3b-b16c-475d-99d9-8790dcccd972.jpeg?resize=350%2C200&ssl=1 1x, https:\/\/i0.wp.com\/jornalrol.com.br\/wp-content\/uploads\/2024\/09\/c8d5eb3b-b16c-475d-99d9-8790dcccd972.jpeg?resize=525%2C300&ssl=1 1.5x, https:\/\/i0.wp.com\/jornalrol.com.br\/wp-content\/uploads\/2024\/09\/c8d5eb3b-b16c-475d-99d9-8790dcccd972.jpeg?resize=700%2C400&ssl=1 2x"},"classes":[]},{"id":69246,"url":"https:\/\/jornalrol.com.br\/?p=69246","url_meta":{"origin":76181,"position":4},"title":"Vida de Rhand","author":"Sergio Diniz da Costa","date":"6 de setembro de 2024","format":false,"excerpt":"O escritor sorocabano Jorge Facury lan\u00e7ou o livro VIDA DE RHAND, no Miss Terra 2024, um importante concurso do mundo Miss, em S\u00e3o Paulo, no \u00faltimo dia 30...","rel":"","context":"Em &quot;lan\u00e7amentos&quot;","block_context":{"text":"lan\u00e7amentos","link":"https:\/\/jornalrol.com.br\/?cat=9462"},"img":{"alt_text":"Capa do livro 'Vida de Rhand', de Jorge Facury, pela Crearte Editora","src":"https:\/\/i0.wp.com\/jornalrol.com.br\/wp-content\/uploads\/2024\/09\/56cc2d88-e32e-4389-ae67-c36ca433d240.jpeg?resize=350%2C200&ssl=1","width":350,"height":200,"srcset":"https:\/\/i0.wp.com\/jornalrol.com.br\/wp-content\/uploads\/2024\/09\/56cc2d88-e32e-4389-ae67-c36ca433d240.jpeg?resize=350%2C200&ssl=1 1x, https:\/\/i0.wp.com\/jornalrol.com.br\/wp-content\/uploads\/2024\/09\/56cc2d88-e32e-4389-ae67-c36ca433d240.jpeg?resize=525%2C300&ssl=1 1.5x, https:\/\/i0.wp.com\/jornalrol.com.br\/wp-content\/uploads\/2024\/09\/56cc2d88-e32e-4389-ae67-c36ca433d240.jpeg?resize=700%2C400&ssl=1 2x, https:\/\/i0.wp.com\/jornalrol.com.br\/wp-content\/uploads\/2024\/09\/56cc2d88-e32e-4389-ae67-c36ca433d240.jpeg?resize=1050%2C600&ssl=1 3x"},"classes":[]},{"id":11037,"url":"https:\/\/jornalrol.com.br\/?p=11037","url_meta":{"origin":76181,"position":5},"title":"Jorge Facury vai realizar palestra em Itapetininga dia 24","author":"Helio Rubens","date":"11 de junho de 2017","format":false,"excerpt":"A palestra de Jorge Facury\u00a0ser\u00e1 dia 24 No pr\u00f3ximo dia 24, s\u00e1bado, \u00e0s 20 horas, o maior uf\u00f3logo de toda a regi\u00e3o, o escritor JORGE FACURY, tamb\u00e9m colunista do ROL e autor de v\u00e1rios livros, estar\u00e1 realizando uma palestra na cidade de Itapetininga. A vinda de Jorge Facury est\u00e1 sendo\u2026","rel":"","context":"Em &quot;Comunica\u00e7\u00e3o&quot;","block_context":{"text":"Comunica\u00e7\u00e3o","link":"https:\/\/jornalrol.com.br\/?cat=7"},"img":{"alt_text":"","src":"https:\/\/i0.wp.com\/www.jornalrol.com.br\/wp-content\/uploads\/2017\/02\/Foto-close-1-221x300.jpg?resize=350%2C200","width":350,"height":200},"classes":[]}],"_links":{"self":[{"href":"https:\/\/jornalrol.com.br\/index.php?rest_route=\/wp\/v2\/posts\/76181","targetHints":{"allow":["GET"]}}],"collection":[{"href":"https:\/\/jornalrol.com.br\/index.php?rest_route=\/wp\/v2\/posts"}],"about":[{"href":"https:\/\/jornalrol.com.br\/index.php?rest_route=\/wp\/v2\/types\/post"}],"author":[{"embeddable":true,"href":"https:\/\/jornalrol.com.br\/index.php?rest_route=\/wp\/v2\/users\/117"}],"replies":[{"embeddable":true,"href":"https:\/\/jornalrol.com.br\/index.php?rest_route=%2Fwp%2Fv2%2Fcomments&post=76181"}],"version-history":[{"count":4,"href":"https:\/\/jornalrol.com.br\/index.php?rest_route=\/wp\/v2\/posts\/76181\/revisions"}],"predecessor-version":[{"id":76187,"href":"https:\/\/jornalrol.com.br\/index.php?rest_route=\/wp\/v2\/posts\/76181\/revisions\/76187"}],"wp:featuredmedia":[{"embeddable":true,"href":"https:\/\/jornalrol.com.br\/index.php?rest_route=\/wp\/v2\/media\/76182"}],"wp:attachment":[{"href":"https:\/\/jornalrol.com.br\/index.php?rest_route=%2Fwp%2Fv2%2Fmedia&parent=76181"}],"wp:term":[{"taxonomy":"category","embeddable":true,"href":"https:\/\/jornalrol.com.br\/index.php?rest_route=%2Fwp%2Fv2%2Fcategories&post=76181"},{"taxonomy":"post_tag","embeddable":true,"href":"https:\/\/jornalrol.com.br\/index.php?rest_route=%2Fwp%2Fv2%2Ftags&post=76181"}],"curies":[{"name":"wp","href":"https:\/\/api.w.org\/{rel}","templated":true}]}}