{"id":76601,"date":"2025-11-07T14:09:33","date_gmt":"2025-11-07T17:09:33","guid":{"rendered":"https:\/\/jornalrol.com.br\/?p=76601"},"modified":"2025-11-07T14:10:08","modified_gmt":"2025-11-07T17:10:08","slug":"exposicao-mundo-heroico","status":"publish","type":"post","link":"https:\/\/jornalrol.com.br\/?p=76601","title":{"rendered":"Exposi\u00e7\u00e3o Mundo Heroico"},"content":{"rendered":"<div class=\"pdfprnt-buttons pdfprnt-buttons-post pdfprnt-top-right\"><a href=\"https:\/\/jornalrol.com.br\/index.php?rest_route=%2Fwp%2Fv2%2Fposts%2F76601&print=pdf\" class=\"pdfprnt-button pdfprnt-button-pdf\" target=\"_blank\" ><\/a><a href=\"https:\/\/jornalrol.com.br\/index.php?rest_route=%2Fwp%2Fv2%2Fposts%2F76601&print=print\" class=\"pdfprnt-button pdfprnt-button-print\" target=\"_blank\" ><img decoding=\"async\" src=\"https:\/\/jornalrol.com.br\/wp-content\/plugins\/pdf-print\/images\/print.png\" alt=\"image_print\" title=\"Conte\u00fado de impress\u00e3o\" \/><\/a><\/div>\n<h2 class=\"wp-block-heading has-text-align-center\">A exposi\u00e7\u00e3o Mundo Heroico, do artista pl\u00e1stico Ed\u00e9lcio Ipanema, estar\u00e1 aberta ao p\u00fablico at\u00e9 05\/12, no Instituto Hist\u00f3rico Geogr\u00e1fico e Geneal\u00f3gico de Sorocaba &#8211; IHGGS<br><br><\/h2>\n\n\n\n<figure class=\"wp-block-image size-full\"><img loading=\"lazy\" decoding=\"async\" width=\"1170\" height=\"656\" data-attachment-id=\"76602\" data-permalink=\"https:\/\/jornalrol.com.br\/?attachment_id=76602\" data-orig-file=\"https:\/\/jornalrol.com.br\/wp-content\/uploads\/2025\/11\/14295e73-9455-43b3-ae6a-0eebc276a117-1.jpeg\" data-orig-size=\"1170,656\" data-comments-opened=\"1\" data-image-meta=\"{&quot;aperture&quot;:&quot;0&quot;,&quot;credit&quot;:&quot;&quot;,&quot;camera&quot;:&quot;&quot;,&quot;caption&quot;:&quot;&quot;,&quot;created_timestamp&quot;:&quot;0&quot;,&quot;copyright&quot;:&quot;&quot;,&quot;focal_length&quot;:&quot;0&quot;,&quot;iso&quot;:&quot;0&quot;,&quot;shutter_speed&quot;:&quot;0&quot;,&quot;title&quot;:&quot;&quot;,&quot;orientation&quot;:&quot;0&quot;}\" data-image-title=\"14295e73-9455-43b3-ae6a-0eebc276a117\" data-image-description=\"\" data-image-caption=\"\" data-large-file=\"https:\/\/jornalrol.com.br\/wp-content\/uploads\/2025\/11\/14295e73-9455-43b3-ae6a-0eebc276a117-1.jpeg\" src=\"https:\/\/jornalrol.com.br\/wp-content\/uploads\/2025\/11\/14295e73-9455-43b3-ae6a-0eebc276a117-1.jpeg\" alt=\"Card da Semana Cultural de Aluisio de Almeida 2025\" class=\"wp-image-76602\" srcset=\"https:\/\/jornalrol.com.br\/wp-content\/uploads\/2025\/11\/14295e73-9455-43b3-ae6a-0eebc276a117-1.jpeg 1170w, https:\/\/jornalrol.com.br\/wp-content\/uploads\/2025\/11\/14295e73-9455-43b3-ae6a-0eebc276a117-1-768x431.jpeg 768w\" sizes=\"auto, (max-width: 1170px) 100vw, 1170px\" \/><figcaption class=\"wp-element-caption\"><em>Card da Semana Cultural de Aluisio de Almeida 2025<\/em><\/figcaption><\/figure>\n\n\n\n<p class=\"has-drop-cap\">Os f\u00e3s dos super-her\u00f3is n\u00e3o podem deixar de prestigiar a exposi\u00e7\u00e3o <strong>Mundo Herico<\/strong>, do Artista pl\u00e1stico <strong>Ed\u00e9cio Ipanema<\/strong>, aberta ao p\u00fablico no dia 05 de novembro, durante a <strong>Semana Cultural de Aluisio de Almeida 2025<\/strong>, no <strong>Instituto Hist\u00f3rico, Geogr\u00e1fico e Geneal\u00f3gido de Sorocaba &#8211; HIGGS<\/strong> <\/p>\n\n\n\n<p><strong>Mundo Heroico<\/strong> conta com 36 ilustra\u00e7\u00f5es dos her\u00f3is que t\u00eam cativado os amantes das hist\u00f3rias em quadrinhos. Dentre eles, o Capit\u00e3o Am\u00e9rica, Mulher maravilha, He Man e Thundercats. <\/p>\n\n\n\n<p>A exposi\u00e7\u00e3o permanecer\u00e1 aberta at\u00e9 o dia <strong>05\/12<\/strong>, de <strong>3\u00b0 a 6\u00b0 feira, das 9h \u00e0s 12h<\/strong>, e das<strong> 13h \u00e0s 16h<\/strong>,  no <strong>Instituto Hist\u00f3rico, Geogr\u00e1fico e Geneal\u00f3gido de Sorocaba &#8211; HIGGS<\/strong>, na Rua Rui Barbosa, 84 &#8211; Al\u00e9m Ponte.<\/p>\n\n\n\n<h2 class=\"wp-block-heading has-text-align-center\">Sobre Ed\u00e9lcio Ipanema<\/h2>\n\n\n<div class=\"wp-block-image\">\n<figure class=\"alignleft size-full is-resized\"><img loading=\"lazy\" decoding=\"async\" width=\"630\" height=\"758\" data-attachment-id=\"76603\" data-permalink=\"https:\/\/jornalrol.com.br\/?attachment_id=76603\" data-orig-file=\"https:\/\/jornalrol.com.br\/wp-content\/uploads\/2025\/11\/4bfca188-44a5-4637-b26a-3eef465055ad.jpg\" data-orig-size=\"630,758\" data-comments-opened=\"1\" data-image-meta=\"{&quot;aperture&quot;:&quot;0&quot;,&quot;credit&quot;:&quot;&quot;,&quot;camera&quot;:&quot;&quot;,&quot;caption&quot;:&quot;&quot;,&quot;created_timestamp&quot;:&quot;0&quot;,&quot;copyright&quot;:&quot;&quot;,&quot;focal_length&quot;:&quot;0&quot;,&quot;iso&quot;:&quot;0&quot;,&quot;shutter_speed&quot;:&quot;0&quot;,&quot;title&quot;:&quot;&quot;,&quot;orientation&quot;:&quot;0&quot;}\" data-image-title=\"4bfca188-44a5-4637-b26a-3eef465055ad\" data-image-description=\"\" data-image-caption=\"\" data-large-file=\"https:\/\/jornalrol.com.br\/wp-content\/uploads\/2025\/11\/4bfca188-44a5-4637-b26a-3eef465055ad.jpg\" src=\"https:\/\/jornalrol.com.br\/wp-content\/uploads\/2025\/11\/4bfca188-44a5-4637-b26a-3eef465055ad.jpg\" alt=\"Ed\u00e9lcio Ipanema - Arquivo pessoal\" class=\"wp-image-76603\" style=\"width:259px;height:auto\"\/><figcaption class=\"wp-element-caption\"><em>Ed\u00e9lcio Ipanema &#8211; Arquivo pessoal<\/em><\/figcaption><\/figure>\n<\/div>\n\n\n<p>O Sorocabano <strong> Ed\u00e9lcio Ipanema <\/strong>foi um menino de imagina\u00e7\u00e3o transbordante, que mergulhava nas p\u00e1ginas das hist\u00f3rias em quadrinhos da Marvel e da DC, e, dentro dele, o g\u00e9rmen do desenho come\u00e7ava a brotar. Aos poucos, o desejo de ser um grande ilustrador o levava a horas di\u00e1rias de treino, visando aperfei\u00e7oar seu tra\u00e7o.<\/p>\n\n\n\n<p>Disciplinado, a dedica\u00e7\u00e3o ao dom natural o levou a receber bolsas de estudo em escolas renomadas de arte e a expor os desenhos em Sorocaba (Palacete Scarpa, Biblioteca Municipal, C\u00e2mara de Vereadores, Uniso e, recentemente, no P\u00e1tio Cian\u00ea Shopping, com a exposi\u00e7\u00e3o Super Comics, em homenagem ao Dia Nacional do Quadrinho.<\/p>\n\n\n\n<p>Alcan\u00e7ando outras fronteiras, participou da FATCON, evento GEEK em S\u00e3o Roque (SP), promovido pela FACENS; foi um dos desenhistas especialmente convidados para a exposi\u00e7\u00e3o no Memorial da Am\u00e9rica Latina (S\u00e3o Paulo, capital), realizada para homenagear o her\u00f3i nip\u00f4nico Jiraya, bem como marcou presen\u00e7a no HQ Fest.<\/p>\n\n\n\n<p>Como freelancer, colabora com FanArt, faz pin-ups para colecionadores e ilustra livros.<\/p>\n\n\n\n<p>Como n\u00e3o poderia deixar de ser, o talento coroou-o com o reconhecimento: Embaixador Del Arte de America; honrarias outorgadas pela Federa\u00e7\u00e3o Brasileira dos Acad\u00eamicos das Ci\u00eancias, Letras e Artes \u2013 FEBACLA: Doutor Honoris Causa em Belas Artes, Comenda Rafael Sanzio, Comenda Pincel de Ouro 2024, Ativista Cultural, Honra ao M\u00e9rito Gon\u00e7alves Dias, Honra ao M\u00e9rito Nelson Mandela e Guardi\u00e3o da Paz e Justi\u00e7a e membro da Academia dos Intelectuais e Escritores do Brasil \u2013 AIEB, da qual recebeu o t\u00edtulo Destaque 2023.<\/p>\n\n\n\n<h3 class=\"wp-block-heading\">Redes sociais<\/h3>\n\n\n\n<div class=\"wp-block-columns is-layout-flex wp-container-core-columns-is-layout-9d6595d7 wp-block-columns-is-layout-flex\">\n<div class=\"wp-block-column is-layout-flow wp-block-column-is-layout-flow\">\n<h3 class=\"wp-block-heading has-text-align-center has-electric-grass-gradient-background has-background\"><a href=\"https:\/\/www.facebook.com\/hanzo.hattori.3367\" target=\"_blank\" rel=\"noopener\" title=\"Facebook\">Facebook<\/a><\/h3>\n<\/div>\n\n\n\n<div class=\"wp-block-column is-layout-flow wp-block-column-is-layout-flow\">\n<h3 class=\"wp-block-heading has-text-align-center has-electric-grass-gradient-background has-background\"><a href=\"https:\/\/www.instagram.com\/edelcioipanema\/\" target=\"_blank\" rel=\"noopener\" title=\"Instagram\">Instagram<\/a><\/h3>\n<\/div>\n\n\n\n<div class=\"wp-block-column is-layout-flow wp-block-column-is-layout-flow\">\n<h3 class=\"wp-block-heading has-text-align-center has-electric-grass-gradient-background has-background\"><a href=\"https:\/\/edelcioipanema.blogspot.com\/\" title=\"Blog\">Blog<\/a><\/h3>\n<\/div>\n<\/div>\n\n\n\n<p><a href=\"http:\/\/jornalrol.com.br\/\" title=\"Voltar\">Voltar<\/a><\/p>\n\n\n\n<p><a href=\"https:\/\/www.facebook.com\/JCulturalrol\/\" title=\"Facebook\">Facebook<\/a><\/p>\n","protected":false},"excerpt":{"rendered":"<p>A exposi\u00e7\u00e3o Mundo Heroico, do artista pl\u00e1stico Ed\u00e9lcio Ipanema, estar\u00e1 aberta ao p\u00fablico at\u00e9 05\/12, no Instituto Hist\u00f3rico Geogr\u00e1fico e Geneal\u00f3gico de Sorocaba &#8211; IHGGS Os f\u00e3s dos super-her\u00f3is n\u00e3o podem deixar de prestigiar a exposi\u00e7\u00e3o Mundo Herico, do Artista pl\u00e1stico Ed\u00e9cio<\/p>\n<p class=\"link-more\"><a class=\"myButt \" href=\"https:\/\/jornalrol.com.br\/?p=76601\">Read More<\/a><\/p>\n","protected":false},"author":6,"featured_media":76602,"comment_status":"open","ping_status":"closed","sticky":false,"template":"","format":"standard","meta":{"_jetpack_newsletter_access":"","_jetpack_dont_email_post_to_subs":false,"_jetpack_newsletter_tier_id":0,"_jetpack_memberships_contains_paywalled_content":false,"_jetpack_memberships_contains_paid_content":false,"footnotes":""},"categories":[9274,14011],"tags":[14013,9394,15411],"class_list":["post-76601","post","type-post","status-publish","format-standard","has-post-thumbnail","hentry","category-arteplastica","category-ilustracoes","tag-edelcio-ipanema","tag-ihggs-2","tag-mundo-heroico"],"aioseo_notices":[],"views":376,"jetpack_featured_media_url":"https:\/\/jornalrol.com.br\/wp-content\/uploads\/2025\/11\/14295e73-9455-43b3-ae6a-0eebc276a117-1.jpeg","jetpack_sharing_enabled":true,"jetpack_likes_enabled":true,"jetpack-related-posts":[{"id":76088,"url":"https:\/\/jornalrol.com.br\/?p=76088","url_meta":{"origin":76601,"position":0},"title":"Exposi\u00e7\u00e3o Batman Day","author":"Sergio Diniz da Costa","date":"9 de outubro de 2025","format":false,"excerpt":"Do dia 13 a 31 de outubro de 2025, o sagu\u00e3o Salvadora Lopes, da C\u00e2mara Municipal de Sorocaba, estar\u00e1 aberto ao p\u00fablico para a exposi\u00e7\u00e3o Batman Day","rel":"","context":"Em &quot;Arte&quot;","block_context":{"text":"Arte","link":"https:\/\/jornalrol.com.br\/?cat=9286"},"img":{"alt_text":"Card da exposi\u00e7\u00e3o 'Batman Day', do ilustrador Ed\u00e9lcio Ipanema","src":"https:\/\/i0.wp.com\/jornalrol.com.br\/wp-content\/uploads\/2025\/10\/e3c7624d-a0d7-41c0-a5d3-d43f91b7889a.jpeg?resize=350%2C200&ssl=1","width":350,"height":200,"srcset":"https:\/\/i0.wp.com\/jornalrol.com.br\/wp-content\/uploads\/2025\/10\/e3c7624d-a0d7-41c0-a5d3-d43f91b7889a.jpeg?resize=350%2C200&ssl=1 1x, https:\/\/i0.wp.com\/jornalrol.com.br\/wp-content\/uploads\/2025\/10\/e3c7624d-a0d7-41c0-a5d3-d43f91b7889a.jpeg?resize=525%2C300&ssl=1 1.5x, https:\/\/i0.wp.com\/jornalrol.com.br\/wp-content\/uploads\/2025\/10\/e3c7624d-a0d7-41c0-a5d3-d43f91b7889a.jpeg?resize=700%2C400&ssl=1 2x, https:\/\/i0.wp.com\/jornalrol.com.br\/wp-content\/uploads\/2025\/10\/e3c7624d-a0d7-41c0-a5d3-d43f91b7889a.jpeg?resize=1050%2C600&ssl=1 3x"},"classes":[]},{"id":72450,"url":"https:\/\/jornalrol.com.br\/?p=72450","url_meta":{"origin":76601,"position":1},"title":"Ed\u00e9lcio Ipanema: o super-her\u00f3i dos quadrinhos","author":"Sergio Diniz da Costa","date":"18 de mar\u00e7o de 2025","format":false,"excerpt":"Segundo a Psicologia Anal\u00edtica, o arqu\u00e9tipo do her\u00f3i, em termos simplificados, \u00e9 sin\u00f4nimo de coragem, supera\u00e7\u00e3o e vit\u00f3ria sobre as adversidades.","rel":"","context":"Em &quot;Sem categoria&quot;","block_context":{"text":"Sem categoria","link":"https:\/\/jornalrol.com.br\/?cat=1"},"img":{"alt_text":"Ed\u00e9lcio Ipanema. Foto da p\u00e1gina do ilustrador no Faacebook","src":"https:\/\/i0.wp.com\/jornalrol.com.br\/wp-content\/uploads\/2025\/03\/48393235_1978536782262910_1294189623286693888_n.jpg?resize=350%2C200&ssl=1","width":350,"height":200,"srcset":"https:\/\/i0.wp.com\/jornalrol.com.br\/wp-content\/uploads\/2025\/03\/48393235_1978536782262910_1294189623286693888_n.jpg?resize=350%2C200&ssl=1 1x, https:\/\/i0.wp.com\/jornalrol.com.br\/wp-content\/uploads\/2025\/03\/48393235_1978536782262910_1294189623286693888_n.jpg?resize=525%2C300&ssl=1 1.5x, https:\/\/i0.wp.com\/jornalrol.com.br\/wp-content\/uploads\/2025\/03\/48393235_1978536782262910_1294189623286693888_n.jpg?resize=700%2C400&ssl=1 2x, https:\/\/i0.wp.com\/jornalrol.com.br\/wp-content\/uploads\/2025\/03\/48393235_1978536782262910_1294189623286693888_n.jpg?resize=1050%2C600&ssl=1 3x, https:\/\/i0.wp.com\/jornalrol.com.br\/wp-content\/uploads\/2025\/03\/48393235_1978536782262910_1294189623286693888_n.jpg?resize=1400%2C800&ssl=1 4x"},"classes":[]},{"id":14415,"url":"https:\/\/jornalrol.com.br\/?p=14415","url_meta":{"origin":76601,"position":2},"title":"Dentro da\u00a0 programa\u00e7\u00e3o\u00a0 da\u00a0&#039;Semana Oficial do saudoso historiador Alu\u00edsio de Almeida","author":"Helio Rubens","date":"7 de novembro de 2017","format":false,"excerpt":"CONVITE PARA EVENTO GRATUITO Dentro da\u00a0 programa\u00e7\u00e3o\u00a0 da 'SEMANA OFICIAL\u00a0 DO SAUDOSO HISTORIADOR\u00a0\u00a0ALU\u00cdSIO DE ALMEIDA' nesta quarta-feira, dia 08 de novembro-2.017,\u00a0 \u00a0\u00a0\u00e0s\u00a0 \u00a019h30, no\u00a0 AUDIT\u00d3RIO\u00a0 do\u00a0 INSTITUTO HIST\u00d3RICO, GEOGR\u00c1FICO E GENEAL\u00d3GICO DE\u00a0 SOROCABA, \u00a0 presidido pelo Prof\u00ba ADILSON CESAR ' na\u00a0Rua Dr. RUY BARBOSA , n\u00ba 84-\u00a0 AL\u00c9M PONTE\u00a0- Sorocaba\/SP\u2026","rel":"","context":"Em &quot;Comunica\u00e7\u00e3o&quot;","block_context":{"text":"Comunica\u00e7\u00e3o","link":"https:\/\/jornalrol.com.br\/?cat=7"},"img":{"alt_text":"","src":"https:\/\/i0.wp.com\/www.jornalrol.com.br\/wp-content\/uploads\/2017\/11\/Slide7-300x225.jpg?resize=350%2C200","width":350,"height":200},"classes":[]},{"id":76843,"url":"https:\/\/jornalrol.com.br\/?p=76843","url_meta":{"origin":76601,"position":3},"title":"Virada Nerd 2025","author":"Sergio Diniz da Costa","date":"21 de novembro de 2025","format":false,"excerpt":"A contagem regressiva come\u00e7ou! Vem a\u00ed a Virada Nerd 2025 e o Dia do Quadrinho Gr\u00e1tis \u2014 um fim de semana inteiro de cultura pop, HQs, games, filmes, s\u00e9ries e...","rel":"","context":"Em &quot;Sem categoria&quot;","block_context":{"text":"Sem categoria","link":"https:\/\/jornalrol.com.br\/?cat=1"},"img":{"alt_text":"Card do Toko Burger & Fun","src":"https:\/\/i0.wp.com\/jornalrol.com.br\/wp-content\/uploads\/2025\/11\/633bde45-4997-42cf-bfc2-d0c78cb74f2d.jpg?resize=350%2C200&ssl=1","width":350,"height":200,"srcset":"https:\/\/i0.wp.com\/jornalrol.com.br\/wp-content\/uploads\/2025\/11\/633bde45-4997-42cf-bfc2-d0c78cb74f2d.jpg?resize=350%2C200&ssl=1 1x, https:\/\/i0.wp.com\/jornalrol.com.br\/wp-content\/uploads\/2025\/11\/633bde45-4997-42cf-bfc2-d0c78cb74f2d.jpg?resize=525%2C300&ssl=1 1.5x, https:\/\/i0.wp.com\/jornalrol.com.br\/wp-content\/uploads\/2025\/11\/633bde45-4997-42cf-bfc2-d0c78cb74f2d.jpg?resize=700%2C400&ssl=1 2x"},"classes":[]},{"id":10666,"url":"https:\/\/jornalrol.com.br\/?p=10666","url_meta":{"origin":76601,"position":4},"title":"Exposi\u00e7\u00e3o &#039;A identidade do artista ituano&#039;, que segue at\u00e9 o dia 30 de junho, \u00e9 aberta ao p\u00fablico","author":"Sergio Diniz da Costa","date":"24 de maio de 2017","format":false,"excerpt":"A exposi\u00e7\u00e3o, que tem curadoria da artista pl\u00e1stica Regina Rovieri, \u00e9 apoiada pela Prefeitura de Itu e conta com um coletivo de 11 artistas da cidade em homenagem \u00e0 passagem do anivers\u00e1rio natal\u00edcio do pintor ituano Almeida Junior, comemorado no dia 08 de maio. \u00a0 Na noite da \u00faltima segunda-feira\u2026","rel":"","context":"Em &quot;Comunica\u00e7\u00e3o&quot;","block_context":{"text":"Comunica\u00e7\u00e3o","link":"https:\/\/jornalrol.com.br\/?cat=7"},"img":{"alt_text":"","src":"https:\/\/i0.wp.com\/www.jornalrol.com.br\/wp-content\/uploads\/2017\/05\/imagem_release_951029-300x185.jpg?resize=350%2C200","width":350,"height":200},"classes":[]},{"id":18338,"url":"https:\/\/jornalrol.com.br\/?p=18338","url_meta":{"origin":76601,"position":5},"title":"Tatui comemora o Dia do Artista Pl\u00e1stico com exposi\u00e7\u00e3o coletiva","author":"Helio Rubens","date":"15 de maio de 2018","format":false,"excerpt":"EXPOSI\u00c7\u00c3O COLETIVA SER\u00c1 EM HOMENAGEM \u00a0AO DIA DO ARTISTA PL\u00c1STICO TATUIANO Na quinta-feira (17\/05), a Secretaria de Esporte, Cultura, Turismo, Lazer e Juventude, da Prefeitura de Tatu\u00ed, realizar\u00e1, \u00e0s 19h, a abertura oficial da Exposi\u00e7\u00e3o Coletiva em Homenagem ao Artista Pl\u00e1stico tatuiano, no Centro Cultural. A exposi\u00e7\u00e3o ter\u00e1 obras de\u2026","rel":"","context":"Em &quot;Comunica\u00e7\u00e3o&quot;","block_context":{"text":"Comunica\u00e7\u00e3o","link":"https:\/\/jornalrol.com.br\/?cat=7"},"img":{"alt_text":"","src":"https:\/\/ci5.googleusercontent.com\/proxy\/TFL3dR9LelMFrK2MHOhq6t7P7onjwIVBDai69tFTxN9VMjyLhNBPZV0FgEgdJ1pU-5DlSEXvrZt74gqnfUGvix2JagxmL5o9qHpjYCIRfhkyAT2G49yF2PfGe7tYCRxIkMy4ZO1L9N_NIn3W3LVUvyh0ClUY_xDzn8M5aSDyMwqrbvbR4n1J0L8uzpHKSdJX6jkup48hCnJ_Dw=s0-d-e1-ft#http:\/\/assets.mktnaweb.com\/accounts\/2013\/06\/13\/17128\/pictures\/1172\/original_DIA%20DO%20ARTISTA%20PLASTICO%20TATUIANO.jpg?1526391975","width":350,"height":200},"classes":[]}],"_links":{"self":[{"href":"https:\/\/jornalrol.com.br\/index.php?rest_route=\/wp\/v2\/posts\/76601","targetHints":{"allow":["GET"]}}],"collection":[{"href":"https:\/\/jornalrol.com.br\/index.php?rest_route=\/wp\/v2\/posts"}],"about":[{"href":"https:\/\/jornalrol.com.br\/index.php?rest_route=\/wp\/v2\/types\/post"}],"author":[{"embeddable":true,"href":"https:\/\/jornalrol.com.br\/index.php?rest_route=\/wp\/v2\/users\/6"}],"replies":[{"embeddable":true,"href":"https:\/\/jornalrol.com.br\/index.php?rest_route=%2Fwp%2Fv2%2Fcomments&post=76601"}],"version-history":[{"count":2,"href":"https:\/\/jornalrol.com.br\/index.php?rest_route=\/wp\/v2\/posts\/76601\/revisions"}],"predecessor-version":[{"id":76605,"href":"https:\/\/jornalrol.com.br\/index.php?rest_route=\/wp\/v2\/posts\/76601\/revisions\/76605"}],"wp:featuredmedia":[{"embeddable":true,"href":"https:\/\/jornalrol.com.br\/index.php?rest_route=\/wp\/v2\/media\/76602"}],"wp:attachment":[{"href":"https:\/\/jornalrol.com.br\/index.php?rest_route=%2Fwp%2Fv2%2Fmedia&parent=76601"}],"wp:term":[{"taxonomy":"category","embeddable":true,"href":"https:\/\/jornalrol.com.br\/index.php?rest_route=%2Fwp%2Fv2%2Fcategories&post=76601"},{"taxonomy":"post_tag","embeddable":true,"href":"https:\/\/jornalrol.com.br\/index.php?rest_route=%2Fwp%2Fv2%2Ftags&post=76601"}],"curies":[{"name":"wp","href":"https:\/\/api.w.org\/{rel}","templated":true}]}}