{"id":77041,"date":"2025-12-02T15:48:05","date_gmt":"2025-12-02T18:48:05","guid":{"rendered":"https:\/\/jornalrol.com.br\/?p=77041"},"modified":"2025-12-02T15:49:21","modified_gmt":"2025-12-02T18:49:21","slug":"n-a-i-s-l-a","status":"publish","type":"post","link":"https:\/\/jornalrol.com.br\/?p=77041","title":{"rendered":"N.A.I.S.L.A"},"content":{"rendered":"<div class=\"pdfprnt-buttons pdfprnt-buttons-post pdfprnt-top-right\"><a href=\"https:\/\/jornalrol.com.br\/index.php?rest_route=%2Fwp%2Fv2%2Fposts%2F77041&print=pdf\" class=\"pdfprnt-button pdfprnt-button-pdf\" target=\"_blank\" ><\/a><a href=\"https:\/\/jornalrol.com.br\/index.php?rest_route=%2Fwp%2Fv2%2Fposts%2F77041&print=print\" class=\"pdfprnt-button pdfprnt-button-print\" target=\"_blank\" ><img decoding=\"async\" src=\"https:\/\/jornalrol.com.br\/wp-content\/plugins\/pdf-print\/images\/print.png\" alt=\"image_print\" title=\"Conte\u00fado de impress\u00e3o\" \/><\/a><\/div>\n<h2 class=\"wp-block-heading has-text-align-center\">De Sorocaba a Roma: Priscila Mancussi integra o prestigioso N.A.I.S.L.A em 2026<br><br><\/h2>\n\n\n<div class=\"wp-block-image\">\n<figure class=\"aligncenter size-full is-resized\"><img loading=\"lazy\" decoding=\"async\" width=\"1080\" height=\"1080\" data-attachment-id=\"77042\" data-permalink=\"https:\/\/jornalrol.com.br\/?attachment_id=77042\" data-orig-file=\"https:\/\/jornalrol.com.br\/wp-content\/uploads\/2025\/12\/d1e68cc9-0479-491e-9eb1-6132b6fdc9ae.jpg\" data-orig-size=\"1080,1080\" data-comments-opened=\"1\" data-image-meta=\"{&quot;aperture&quot;:&quot;0&quot;,&quot;credit&quot;:&quot;&quot;,&quot;camera&quot;:&quot;&quot;,&quot;caption&quot;:&quot;&quot;,&quot;created_timestamp&quot;:&quot;0&quot;,&quot;copyright&quot;:&quot;&quot;,&quot;focal_length&quot;:&quot;0&quot;,&quot;iso&quot;:&quot;0&quot;,&quot;shutter_speed&quot;:&quot;0&quot;,&quot;title&quot;:&quot;&quot;,&quot;orientation&quot;:&quot;0&quot;}\" data-image-title=\"d1e68cc9-0479-491e-9eb1-6132b6fdc9ae\" data-image-description=\"\" data-image-caption=\"\" data-large-file=\"https:\/\/jornalrol.com.br\/wp-content\/uploads\/2025\/12\/d1e68cc9-0479-491e-9eb1-6132b6fdc9ae.jpg\" src=\"https:\/\/jornalrol.com.br\/wp-content\/uploads\/2025\/12\/d1e68cc9-0479-491e-9eb1-6132b6fdc9ae.jpg\" alt=\"Card da N.A.I.S.L.A, apresentando a neoacad\u00eamica Priscila Mancussi\" class=\"wp-image-77042\" style=\"width:334px;height:auto\" srcset=\"https:\/\/jornalrol.com.br\/wp-content\/uploads\/2025\/12\/d1e68cc9-0479-491e-9eb1-6132b6fdc9ae.jpg 1080w, https:\/\/jornalrol.com.br\/wp-content\/uploads\/2025\/12\/d1e68cc9-0479-491e-9eb1-6132b6fdc9ae-600x600.jpg 600w, https:\/\/jornalrol.com.br\/wp-content\/uploads\/2025\/12\/d1e68cc9-0479-491e-9eb1-6132b6fdc9ae-768x768.jpg 768w\" sizes=\"auto, (max-width: 1080px) 100vw, 1080px\" \/><figcaption class=\"wp-element-caption\"><em>Card da N.A.I.S.L.A, apresentando a neoacad\u00eamica Priscila Mancussi<\/em><\/figcaption><\/figure>\n<\/div>\n\n\n<p class=\"has-drop-cap\">A escritora, poeta, professora e consultora liter\u00e1ria Priscila Mancussi foi oficialmente nomeada Neoacad\u00eamica da N.A.I.S.L.A \u2013 N\u00facleo Acad\u00eamico Italiano de Ci\u00eancias, Letras e Artes, institui\u00e7\u00e3o internacional dedicada \u00e0 promo\u00e7\u00e3o das letras, das ci\u00eancias e das artes por meio de interc\u00e2mbio cultural entre Brasil e It\u00e1lia. Sua posse ocorrer\u00e1 em janeiro de 2026, na cidade de Roma.<\/p>\n\n\n\n<p>A N.A.I.S.L.A re\u00fane escritores, pesquisadores e artistas com atua\u00e7\u00e3o destacada em suas \u00e1reas, promovendo a circula\u00e7\u00e3o de produ\u00e7\u00f5es liter\u00e1rias e art\u00edsticas em \u00e2mbito internacional. A nomea\u00e7\u00e3o de Priscila refor\u00e7a sua trajet\u00f3ria dedicada \u00e0 educa\u00e7\u00e3o, \u00e0 poesia contempor\u00e2nea, \u00e0 literatura infantil e \u00e0 forma\u00e7\u00e3o de escritores iniciantes.<\/p>\n\n\n\n<p>Com sua entrada na institui\u00e7\u00e3o, Priscila passa a integrar um corpo acad\u00eamico internacional composto por autores e intelectuais que contribuem ativamente para o fortalecimento das artes e das letras. A afilia\u00e7\u00e3o amplia as possibilidades de participa\u00e7\u00e3o em antologias bil\u00edngues, produ\u00e7\u00f5es culturais, eventos institucionais e colabora\u00e7\u00f5es com o cen\u00e1rio liter\u00e1rio italiano, fortalecendo sua presen\u00e7a no meio art\u00edstico.<\/p>\n\n\n\n<p>A conquista representa um marco relevante em sua carreira, legitimando sua atua\u00e7\u00e3o liter\u00e1ria e ampliando seu alcance para al\u00e9m das fronteiras brasileiras. Priscila Mancussi reafirma-se como uma voz significativa da literatura contempor\u00e2nea, levando sua obra e seu trabalho educacional para novos horizontes.<\/p>\n\n\n\n<p><strong>MINIBIOGRAFIA<\/strong><\/p>\n\n\n\n<p>Natural de Cubat\u00e3o\/SP, reside atualmente em Sorocaba\/SP, casada, professora e poeta. Participou de Antologias e Concursos liter\u00e1rios, recebendo pr\u00eamios importantes. Foi respons\u00e1vel pela cria\u00e7\u00e3o e orienta\u00e7\u00e3o do Projeto \u201cJovens Escritores\u201d na rede p\u00fablica de ensino do estado de S\u00e3o Paulo, na cidade de Sorocaba. <\/p>\n\n\n\n<p>\u00c9 vice-presidente do Movimento Cultivista Caf\u00e9 com Poemas, membro da AIL \u2013Academia Independente de Letras. <\/p>\n\n\n\n<p>Publicou \u201cS\u00fabito \u2013 a vida entre versos\u201d (2020), \u201cA festa do Perer\u00ea\u201d (2023) e \u201cA pequena Paloma e seus amigos\u201d (2024). <\/p>\n\n\n\n<p>Promoveu o Pr\u00eamio Destaque Liter\u00e1rio 2024 e o Pr\u00eamio Cultivista Sorocaba \u2013 Vozes que inspiram (2025). <\/p>\n\n\n\n<p>Em 2026, ser\u00e1 nomeada Neoacad\u00eamica da N.A.I.S.L.A \u2013 N\u00facleo Acad\u00eamico Italiano de Ci\u00eancias, Letras e Artes. Atua como divulgadora e consultora liter\u00e1ria.<\/p>\n\n\n\n<p>TRABALHOS PUBLICADOS<\/p>\n\n\n\n<p>\u2022 2020 \u2013 \u201cS\u00fabito &#8211; a vida entre versos\u201d, Editora NS Publica\u00e7\u00f5es.<\/p>\n\n\n\n<p>\u2022 2021 \u2013 \u201cA festa do Perer\u00ea\u201d, Editora NS Publica\u00e7\u00f5es.<\/p>\n\n\n\n<p>\u2022 2022 \u2013 \u201cA pequena Paloma e seus amigos\u201d, Editora Caravanas.<\/p>\n\n\n\n<p>Al\u00e9m de in\u00fameras publica\u00e7\u00f5es em concursos e antologias por todo o Brasil.<\/p>\n\n\n\n<p>PR\u00caMIOS E REALIZA\u00c7\u00d5ES<\/p>\n\n\n\n<p>\u2022 Votos de Congratula\u00e7\u00f5es por participa\u00e7\u00e3o no Sarau Brasil 2014, pela orienta\u00e7\u00e3o dos Jovens Escritores (2018) e pelo Dia do Poeta.<\/p>\n\n\n\n<p>\u2022 2015 \u2013 Congratula\u00e7\u00f5es pelo concurso Talento Po\u00e9tico \u2013 Editora Becalete\/SP.<\/p>\n\n\n\n<p>\u2022 2023 \u2013 Pr\u00eamio Pol\u00edmata.<\/p>\n\n\n\n<p>\u2022 2024 \u2013 Pr\u00eamio Caneta de Ouro \u2013 FEBACLA.<\/p>\n\n\n\n<p>\u2022 2025 \u2013 T\u00edtulo de Dama da Sabedoria \u2013 Sociedade Filos\u00f3fica Ateniense \u2013 SOFIA.<\/p>\n\n\n\n<p>\u2022 Organiza\u00e7\u00e3o de Antologia Poetas Ilustres (2024), Pr\u00eamio Destaque Liter\u00e1rio (2024) e Pr\u00eamio<\/p>\n\n\n\n<p>Cultivista Sorocaba \u2013 Vozes que inspiram (2025).<\/p>\n\n\n\n<p><strong>REDES SOCIAIS<\/strong><\/p>\n\n\n\n<div class=\"wp-block-columns is-layout-flex wp-container-core-columns-is-layout-9d6595d7 wp-block-columns-is-layout-flex\">\n<div class=\"wp-block-column is-layout-flow wp-block-column-is-layout-flow\">\n<h3 class=\"wp-block-heading has-text-align-center has-luminous-vivid-amber-to-luminous-vivid-orange-gradient-background has-background\"><a href=\"https:\/\/www.youtube.com\/c\/PriscilaMancussi\/shorts\" target=\"_blank\" rel=\"noopener\" title=\"Instagram\">Instagram<\/a><\/h3>\n<\/div>\n\n\n\n<div class=\"wp-block-column is-layout-flow wp-block-column-is-layout-flow\">\n<h3 class=\"wp-block-heading has-text-align-center has-luminous-vivid-amber-to-luminous-vivid-orange-gradient-background has-background\"><a href=\"https:\/\/www.youtube.com\/c\/PriscilaMancussi\" title=\"YouTube\">YouTube<\/a><\/h3>\n<\/div>\n\n\n\n<div class=\"wp-block-column is-layout-flow wp-block-column-is-layout-flow\">\n<h3 class=\"wp-block-heading has-text-align-center has-luminous-vivid-amber-to-luminous-vivid-orange-gradient-background has-background\"><a href=\"https:\/\/www.facebook.com\/pri.mancussi?locale=pt_BR\" title=\"Facebook\">Facebook<\/a><\/h3>\n<\/div>\n<\/div>\n\n\n\n<p><a href=\"http:\/\/jornalrol.com.br\/\" title=\"Voltar\">Voltar<\/a><\/p>\n\n\n\n<p><a href=\"https:\/www.facebook.com\/JCulturalrol\/\" title=\"Facebook\">Facebook<\/a><\/p>\n\n\n\n<p><\/p>\n","protected":false},"excerpt":{"rendered":"<p>A escritora, poeta, professora e consultora liter\u00e1ria Priscila Mancussi foi oficialmente nomeada Neoacad\u00eamica da N.A.I.S.L.A \u2013 N\u00facleo Acad\u00eamico Italiano de Ci\u00eancias, Letras e Artes<\/p>\n","protected":false},"author":6,"featured_media":77042,"comment_status":"open","ping_status":"closed","sticky":false,"template":"","format":"standard","meta":{"_jetpack_newsletter_access":"","_jetpack_dont_email_post_to_subs":false,"_jetpack_newsletter_tier_id":0,"_jetpack_memberships_contains_paywalled_content":false,"_jetpack_memberships_contains_paid_content":false,"footnotes":""},"categories":[9285,15551],"tags":[15552,15553,10909],"class_list":["post-77041","post","type-post","status-publish","format-standard","has-post-thumbnail","hentry","category-literatura","category-nucleo-academico","tag-n-a-i-s-l-a","tag-neoacademica","tag-priscila-mancussi"],"aioseo_notices":[],"views":423,"jetpack_featured_media_url":"https:\/\/jornalrol.com.br\/wp-content\/uploads\/2025\/12\/d1e68cc9-0479-491e-9eb1-6132b6fdc9ae.jpg","jetpack_sharing_enabled":true,"jetpack_likes_enabled":true,"jetpack-related-posts":[{"id":77869,"url":"https:\/\/jornalrol.com.br\/?p=77869","url_meta":{"origin":77041,"position":0},"title":"II Pr\u00eamio Personalidades Liter\u00e1rias e Culturais do Ano 2025","author":"Sergio Diniz da Costa","date":"15 de janeiro de 2026","format":false,"excerpt":"A escritora, poeta, professora e consultora liter\u00e1ria Priscila Mancussi foi uma das vencedoras do II Pr\u00eamio Personalidades Liter\u00e1rias e Culturais do Ano 2025","rel":"","context":"Em &quot;Concurso liter\u00e1rio&quot;","block_context":{"text":"Concurso liter\u00e1rio","link":"https:\/\/jornalrol.com.br\/?cat=10683"},"img":{"alt_text":"II Pr\u00eamio Personalidades Liter\u00e1rias e Culturais do Ano 2025 - Foto divulga\u00e7\u00e3o Editora Holandas","src":"https:\/\/i0.wp.com\/jornalrol.com.br\/wp-content\/uploads\/2026\/01\/e28d9e10-fdb0-4048-b0d8-71453a43f836.jpg?resize=350%2C200&ssl=1","width":350,"height":200,"srcset":"https:\/\/i0.wp.com\/jornalrol.com.br\/wp-content\/uploads\/2026\/01\/e28d9e10-fdb0-4048-b0d8-71453a43f836.jpg?resize=350%2C200&ssl=1 1x, https:\/\/i0.wp.com\/jornalrol.com.br\/wp-content\/uploads\/2026\/01\/e28d9e10-fdb0-4048-b0d8-71453a43f836.jpg?resize=525%2C300&ssl=1 1.5x, https:\/\/i0.wp.com\/jornalrol.com.br\/wp-content\/uploads\/2026\/01\/e28d9e10-fdb0-4048-b0d8-71453a43f836.jpg?resize=700%2C400&ssl=1 2x"},"classes":[]},{"id":80126,"url":"https:\/\/jornalrol.com.br\/?p=80126","url_meta":{"origin":77041,"position":1},"title":"Priscila Mancussi, cidad\u00e3 sorocabana!","author":"Sergio Diniz da Costa","date":"17 de abril de 2026","format":false,"excerpt":"Em uma tarde marcada pela celebra\u00e7\u00e3o da educa\u00e7\u00e3o e das artes, a professora, poeta e ativista cultural Priscila Mancussi foi oficialmente condecorada com o...","rel":"","context":"Em &quot;Eventos liter\u00e1rios&quot;","block_context":{"text":"Eventos liter\u00e1rios","link":"https:\/\/jornalrol.com.br\/?cat=12354"},"img":{"alt_text":"Priscila Mancussi","src":"https:\/\/i0.wp.com\/jornalrol.com.br\/wp-content\/uploads\/2023\/12\/Priscila-Mancussi-1.jpeg?resize=350%2C200&ssl=1","width":350,"height":200,"srcset":"https:\/\/i0.wp.com\/jornalrol.com.br\/wp-content\/uploads\/2023\/12\/Priscila-Mancussi-1.jpeg?resize=350%2C200&ssl=1 1x, https:\/\/i0.wp.com\/jornalrol.com.br\/wp-content\/uploads\/2023\/12\/Priscila-Mancussi-1.jpeg?resize=525%2C300&ssl=1 1.5x"},"classes":[]},{"id":63235,"url":"https:\/\/jornalrol.com.br\/?p=63235","url_meta":{"origin":77041,"position":2},"title":"Festejando com o saci","author":"Sergio Diniz da Costa","date":"23 de novembro de 2023","format":false,"excerpt":"Com o objetivo de incentivar a leitura infantil e regional, a escritora Priscila Mancussi prover\u00e1 o evento \u2018Festejando com o Saci\u2019, dia 24\/11, \u00e0s 14h.","rel":"","context":"Em &quot;Literatura&quot;","block_context":{"text":"Literatura","link":"https:\/\/jornalrol.com.br\/?cat=9285"},"img":{"alt_text":"Banner do evento 'Festejando com o saci'","src":"https:\/\/i0.wp.com\/jornalrol.com.br\/wp-content\/uploads\/2023\/11\/75acf947-4261-4f1f-a90a-d202b4549bae.jpg?resize=350%2C200&ssl=1","width":350,"height":200,"srcset":"https:\/\/i0.wp.com\/jornalrol.com.br\/wp-content\/uploads\/2023\/11\/75acf947-4261-4f1f-a90a-d202b4549bae.jpg?resize=350%2C200&ssl=1 1x, https:\/\/i0.wp.com\/jornalrol.com.br\/wp-content\/uploads\/2023\/11\/75acf947-4261-4f1f-a90a-d202b4549bae.jpg?resize=525%2C300&ssl=1 1.5x, https:\/\/i0.wp.com\/jornalrol.com.br\/wp-content\/uploads\/2023\/11\/75acf947-4261-4f1f-a90a-d202b4549bae.jpg?resize=700%2C400&ssl=1 2x, https:\/\/i0.wp.com\/jornalrol.com.br\/wp-content\/uploads\/2023\/11\/75acf947-4261-4f1f-a90a-d202b4549bae.jpg?resize=1050%2C600&ssl=1 3x"},"classes":[]},{"id":63955,"url":"https:\/\/jornalrol.com.br\/?p=63955","url_meta":{"origin":77041,"position":3},"title":"A pequena Paloma e seus amigos &#8211; Lan\u00e7amento","author":"Sergio Diniz da Costa","date":"28 de dezembro de 2023","format":false,"excerpt":"Segundo livro infantil de Priscila Mancussi, 'A pequena Paloma e seus amigos' descreve um ambiente escolar repleto de alegria, ludicidade e um cotidiano leve e descontra\u00eddo Capa do livro 'A pequena Paloma e seus amigos', de Priscila Mancussi \u201cA educac\u00e3o est\u00e1 em mim, assim como eu estou nela; escrevo sempre\u2026","rel":"","context":"Em &quot;lan\u00e7amentos&quot;","block_context":{"text":"lan\u00e7amentos","link":"https:\/\/jornalrol.com.br\/?cat=9462"},"img":{"alt_text":"Capa do livro 'A pequena Paloma e seus amigos', de Priscila Mancussi","src":"https:\/\/i0.wp.com\/jornalrol.com.br\/wp-content\/uploads\/2023\/12\/WhatsApp-Image-2023-12-27-at-07.51.12.jpeg?resize=350%2C200&ssl=1","width":350,"height":200,"srcset":"https:\/\/i0.wp.com\/jornalrol.com.br\/wp-content\/uploads\/2023\/12\/WhatsApp-Image-2023-12-27-at-07.51.12.jpeg?resize=350%2C200&ssl=1 1x, https:\/\/i0.wp.com\/jornalrol.com.br\/wp-content\/uploads\/2023\/12\/WhatsApp-Image-2023-12-27-at-07.51.12.jpeg?resize=525%2C300&ssl=1 1.5x, https:\/\/i0.wp.com\/jornalrol.com.br\/wp-content\/uploads\/2023\/12\/WhatsApp-Image-2023-12-27-at-07.51.12.jpeg?resize=700%2C400&ssl=1 2x, https:\/\/i0.wp.com\/jornalrol.com.br\/wp-content\/uploads\/2023\/12\/WhatsApp-Image-2023-12-27-at-07.51.12.jpeg?resize=1050%2C600&ssl=1 3x"},"classes":[]},{"id":62944,"url":"https:\/\/jornalrol.com.br\/?p=62944","url_meta":{"origin":77041,"position":4},"title":"No Quadro de Colunistas do ROL, a versatilidade liter\u00e1ria de Priscila Mancussi","author":"Sergio Diniz da Costa","date":"10 de novembro de 2023","format":false,"excerpt":"Brada a voz entre os por\u00f5es de navios carregados de gente onde dores s\u00e3o resist\u00eancias e n\u00e3o h\u00e1 o que cale a voz de quem quer falar, mesmo sem privil\u00e9gios.","rel":"","context":"Em &quot;Literatura&quot;","block_context":{"text":"Literatura","link":"https:\/\/jornalrol.com.br\/?cat=9285"},"img":{"alt_text":"Priscila Mancussi","src":"https:\/\/i0.wp.com\/jornalrol.com.br\/wp-content\/uploads\/2023\/11\/238a3f15-eb48-4cd0-a326-9bebd939e004.jpg?resize=350%2C200&ssl=1","width":350,"height":200,"srcset":"https:\/\/i0.wp.com\/jornalrol.com.br\/wp-content\/uploads\/2023\/11\/238a3f15-eb48-4cd0-a326-9bebd939e004.jpg?resize=350%2C200&ssl=1 1x, https:\/\/i0.wp.com\/jornalrol.com.br\/wp-content\/uploads\/2023\/11\/238a3f15-eb48-4cd0-a326-9bebd939e004.jpg?resize=525%2C300&ssl=1 1.5x, https:\/\/i0.wp.com\/jornalrol.com.br\/wp-content\/uploads\/2023\/11\/238a3f15-eb48-4cd0-a326-9bebd939e004.jpg?resize=700%2C400&ssl=1 2x"},"classes":[]},{"id":62702,"url":"https:\/\/jornalrol.com.br\/?p=62702","url_meta":{"origin":77041,"position":5},"title":"Um saci em festa","author":"Sergio Diniz da Costa","date":"1 de novembro de 2023","format":false,"excerpt":"Para comemorar o Dia do Saci (31\/10), a escritora Priscila Christine Mancussi publicou, nesse mesmo m\u00eas, o seu primeiro livro infantil \u2018A festa do Perer\u00ea\u2019.","rel":"","context":"Em &quot;lan\u00e7amentos&quot;","block_context":{"text":"lan\u00e7amentos","link":"https:\/\/jornalrol.com.br\/?cat=9462"},"img":{"alt_text":"A Festa do Perer\u00ea - Livro + Kit","src":"https:\/\/i0.wp.com\/jornalrol.com.br\/wp-content\/uploads\/2023\/11\/59b231e5-ab1d-4b1f-a961-8ab152257b37.jpg?resize=350%2C200&ssl=1","width":350,"height":200,"srcset":"https:\/\/i0.wp.com\/jornalrol.com.br\/wp-content\/uploads\/2023\/11\/59b231e5-ab1d-4b1f-a961-8ab152257b37.jpg?resize=350%2C200&ssl=1 1x, https:\/\/i0.wp.com\/jornalrol.com.br\/wp-content\/uploads\/2023\/11\/59b231e5-ab1d-4b1f-a961-8ab152257b37.jpg?resize=525%2C300&ssl=1 1.5x, https:\/\/i0.wp.com\/jornalrol.com.br\/wp-content\/uploads\/2023\/11\/59b231e5-ab1d-4b1f-a961-8ab152257b37.jpg?resize=700%2C400&ssl=1 2x, https:\/\/i0.wp.com\/jornalrol.com.br\/wp-content\/uploads\/2023\/11\/59b231e5-ab1d-4b1f-a961-8ab152257b37.jpg?resize=1050%2C600&ssl=1 3x"},"classes":[]}],"_links":{"self":[{"href":"https:\/\/jornalrol.com.br\/index.php?rest_route=\/wp\/v2\/posts\/77041","targetHints":{"allow":["GET"]}}],"collection":[{"href":"https:\/\/jornalrol.com.br\/index.php?rest_route=\/wp\/v2\/posts"}],"about":[{"href":"https:\/\/jornalrol.com.br\/index.php?rest_route=\/wp\/v2\/types\/post"}],"author":[{"embeddable":true,"href":"https:\/\/jornalrol.com.br\/index.php?rest_route=\/wp\/v2\/users\/6"}],"replies":[{"embeddable":true,"href":"https:\/\/jornalrol.com.br\/index.php?rest_route=%2Fwp%2Fv2%2Fcomments&post=77041"}],"version-history":[{"count":2,"href":"https:\/\/jornalrol.com.br\/index.php?rest_route=\/wp\/v2\/posts\/77041\/revisions"}],"predecessor-version":[{"id":77044,"href":"https:\/\/jornalrol.com.br\/index.php?rest_route=\/wp\/v2\/posts\/77041\/revisions\/77044"}],"wp:featuredmedia":[{"embeddable":true,"href":"https:\/\/jornalrol.com.br\/index.php?rest_route=\/wp\/v2\/media\/77042"}],"wp:attachment":[{"href":"https:\/\/jornalrol.com.br\/index.php?rest_route=%2Fwp%2Fv2%2Fmedia&parent=77041"}],"wp:term":[{"taxonomy":"category","embeddable":true,"href":"https:\/\/jornalrol.com.br\/index.php?rest_route=%2Fwp%2Fv2%2Fcategories&post=77041"},{"taxonomy":"post_tag","embeddable":true,"href":"https:\/\/jornalrol.com.br\/index.php?rest_route=%2Fwp%2Fv2%2Ftags&post=77041"}],"curies":[{"name":"wp","href":"https:\/\/api.w.org\/{rel}","templated":true}]}}