{"id":77237,"date":"2025-12-09T08:32:18","date_gmt":"2025-12-09T11:32:18","guid":{"rendered":"https:\/\/jornalrol.com.br\/?p=77237"},"modified":"2025-12-09T08:32:31","modified_gmt":"2025-12-09T11:32:31","slug":"banda-renovai","status":"publish","type":"post","link":"https:\/\/jornalrol.com.br\/?p=77237","title":{"rendered":"Banda Renovai"},"content":{"rendered":"<div class=\"pdfprnt-buttons pdfprnt-buttons-post pdfprnt-top-right\"><a href=\"https:\/\/jornalrol.com.br\/index.php?rest_route=%2Fwp%2Fv2%2Fposts%2F77237&print=pdf\" class=\"pdfprnt-button pdfprnt-button-pdf\" target=\"_blank\" ><\/a><a href=\"https:\/\/jornalrol.com.br\/index.php?rest_route=%2Fwp%2Fv2%2Fposts%2F77237&print=print\" class=\"pdfprnt-button pdfprnt-button-print\" target=\"_blank\" ><img decoding=\"async\" src=\"https:\/\/jornalrol.com.br\/wp-content\/plugins\/pdf-print\/images\/print.png\" alt=\"image_print\" title=\"Conte\u00fado de impress\u00e3o\" \/><\/a><\/div>\n<h2 class=\"wp-block-heading has-text-align-center\">Louvor de Natal com a BANDA RENOVAI &#8211; Natal Luz 2025 \u2013 Manhua\u00e7u\/MG<br><br><\/h2>\n\n\n<div class=\"wp-block-image\">\n<figure class=\"aligncenter size-full is-resized\"><img loading=\"lazy\" decoding=\"async\" width=\"1131\" height=\"1600\" data-attachment-id=\"77238\" data-permalink=\"https:\/\/jornalrol.com.br\/?attachment_id=77238\" data-orig-file=\"https:\/\/jornalrol.com.br\/wp-content\/uploads\/2025\/12\/2fa84a88-6331-488a-a628-0059fad6e871.jpg\" data-orig-size=\"1131,1600\" data-comments-opened=\"1\" data-image-meta=\"{&quot;aperture&quot;:&quot;0&quot;,&quot;credit&quot;:&quot;&quot;,&quot;camera&quot;:&quot;&quot;,&quot;caption&quot;:&quot;&quot;,&quot;created_timestamp&quot;:&quot;0&quot;,&quot;copyright&quot;:&quot;&quot;,&quot;focal_length&quot;:&quot;0&quot;,&quot;iso&quot;:&quot;0&quot;,&quot;shutter_speed&quot;:&quot;0&quot;,&quot;title&quot;:&quot;&quot;,&quot;orientation&quot;:&quot;0&quot;}\" data-image-title=\"2fa84a88-6331-488a-a628-0059fad6e871\" data-image-description=\"\" data-image-caption=\"\" data-large-file=\"https:\/\/jornalrol.com.br\/wp-content\/uploads\/2025\/12\/2fa84a88-6331-488a-a628-0059fad6e871.jpg\" src=\"https:\/\/jornalrol.com.br\/wp-content\/uploads\/2025\/12\/2fa84a88-6331-488a-a628-0059fad6e871.jpg\" alt=\"Card do evento Louvor de Natal com a Banda Renovai \" class=\"wp-image-77238\" style=\"aspect-ratio:0.7068847630568559;width:346px;height:auto\" srcset=\"https:\/\/jornalrol.com.br\/wp-content\/uploads\/2025\/12\/2fa84a88-6331-488a-a628-0059fad6e871.jpg 1131w, https:\/\/jornalrol.com.br\/wp-content\/uploads\/2025\/12\/2fa84a88-6331-488a-a628-0059fad6e871-848x1200.jpg 848w, https:\/\/jornalrol.com.br\/wp-content\/uploads\/2025\/12\/2fa84a88-6331-488a-a628-0059fad6e871-768x1086.jpg 768w, https:\/\/jornalrol.com.br\/wp-content\/uploads\/2025\/12\/2fa84a88-6331-488a-a628-0059fad6e871-1086x1536.jpg 1086w\" sizes=\"auto, (max-width: 1131px) 100vw, 1131px\" \/><figcaption class=\"wp-element-caption\"><em>Card<\/em> <em>do evento Louvor de Natal com a Banda Renovai <\/em><\/figcaption><\/figure>\n<\/div>\n\n<div class=\"wp-block-image\">\n<figure class=\"alignright size-full is-resized\"><img loading=\"lazy\" decoding=\"async\" width=\"1080\" height=\"1350\" data-attachment-id=\"77240\" data-permalink=\"https:\/\/jornalrol.com.br\/?attachment_id=77240\" data-orig-file=\"https:\/\/jornalrol.com.br\/wp-content\/uploads\/2025\/12\/24109708-1f5c-4f50-b885-09aee73ede98.jpg\" data-orig-size=\"1080,1350\" data-comments-opened=\"1\" data-image-meta=\"{&quot;aperture&quot;:&quot;0&quot;,&quot;credit&quot;:&quot;&quot;,&quot;camera&quot;:&quot;&quot;,&quot;caption&quot;:&quot;&quot;,&quot;created_timestamp&quot;:&quot;0&quot;,&quot;copyright&quot;:&quot;&quot;,&quot;focal_length&quot;:&quot;0&quot;,&quot;iso&quot;:&quot;0&quot;,&quot;shutter_speed&quot;:&quot;0&quot;,&quot;title&quot;:&quot;&quot;,&quot;orientation&quot;:&quot;0&quot;}\" data-image-title=\"24109708-1f5c-4f50-b885-09aee73ede98\" data-image-description=\"\" data-image-caption=\"\" data-large-file=\"https:\/\/jornalrol.com.br\/wp-content\/uploads\/2025\/12\/24109708-1f5c-4f50-b885-09aee73ede98.jpg\" src=\"https:\/\/jornalrol.com.br\/wp-content\/uploads\/2025\/12\/24109708-1f5c-4f50-b885-09aee73ede98.jpg\" alt=\"\" class=\"wp-image-77240\" style=\"aspect-ratio:0.7999934552832226;width:340px;height:auto\" srcset=\"https:\/\/jornalrol.com.br\/wp-content\/uploads\/2025\/12\/24109708-1f5c-4f50-b885-09aee73ede98.jpg 1080w, https:\/\/jornalrol.com.br\/wp-content\/uploads\/2025\/12\/24109708-1f5c-4f50-b885-09aee73ede98-960x1200.jpg 960w, https:\/\/jornalrol.com.br\/wp-content\/uploads\/2025\/12\/24109708-1f5c-4f50-b885-09aee73ede98-768x960.jpg 768w\" sizes=\"auto, (max-width: 1080px) 100vw, 1080px\" \/><figcaption class=\"wp-element-caption\"><em><em>Card<\/em> <em>do evento Louvor de Natal com a Banda Renovai <\/em><\/em><\/figcaption><\/figure>\n<\/div>\n\n\n<p class=\"has-drop-cap\">A magia do Natal vai tomar conta da cidade!\ud83c\udf84No pr\u00f3ximo <strong>14 de dezembro<\/strong>, \u00e0s<strong> 20h30<\/strong>, em frente \u00e0 Igreja Matriz de S\u00e3o Louren\u00e7o, teremos um momento especial dentro da programa\u00e7\u00e3o do Natal Luz 2025: o &#8220;Louvor de Natal&#8221; com a Banda Renovai.<\/p>\n\n\n\n<p>\ud83c\udfb6 Formada por Fabr\u00edcio Santos, Marilza, Magna, Andreza, Henrique Fabry e T\u00e9o Nazar\u00e9 e amigos, a banda promete uma noite inesquec\u00edvel, repleta de can\u00e7\u00f5es cat\u00f3licas animadas e dan\u00e7antes que v\u00e3o contagiar o p\u00fablico com alegria, f\u00e9 e esperan\u00e7a. Ser\u00e1 uma celebra\u00e7\u00e3o que une m\u00fasica, espiritualidade e a energia vibrante do Natal.<\/p>\n\n\n\n<p>\ud83d\ude4f Al\u00e9m disso, viveremos um instante emocionante: a homenagem ao m\u00fasico Fabr\u00edcio Santos, que completa 30 anos como ministro de m\u00fasica da Renova\u00e7\u00e3o Carism\u00e1tica Cat\u00f3lica (RCC). Uma trajet\u00f3ria marcada por dedica\u00e7\u00e3o, talento e servi\u00e7o \u00e0 comunidade, que ser\u00e1 reconhecida diante de todos em uma noite de gratid\u00e3o e festa.<\/p>\n\n\n\n<p>\u2728 Prepare-se para cantar, dan\u00e7ar e se emocionar com esse espet\u00e1culo de f\u00e9 e cultura que faz parte da tradi\u00e7\u00e3o natalina de Manhua\u00e7u.<\/p>\n\n\n\n<p>\ud83d\udccd Local: Palco em frente \u00e0 Igreja Matriz de S\u00e3o Louren\u00e7o<br><br>\ud83d\udcc5 Data: 14 de dezembro<br><br>\u23f0 Hor\u00e1rio: 20h30<\/p>\n\n\n\n<p>Venha celebrar conosco e fa\u00e7a parte dessa noite que ficar\u00e1 marcada na hist\u00f3ria do Natal Luz 2025! \ud83c\udf1f<\/p>\n\n\n\n<p><a href=\"http:\/\/jornalrol.com.br\/\" title=\"Voltar\">Voltar<\/a><\/p>\n\n\n\n<p><a href=\"https:\/www.facebook.com\/JCulturalrol\/\" title=\"Facebook\">Facebook<\/a><\/p>\n\n\n\n<h1 class=\"wp-block-heading\"><\/h1>\n\n\n\n<pre class=\"wp-block-code\"><code>        <\/code><\/pre>\n","protected":false},"excerpt":{"rendered":"<p>A magia do Natal vai tomar conta da cidade! No pr\u00f3ximo 14 de dezembro, \u00e0s 20h30, em frente \u00e0 Igreja Matriz de S\u00e3o Louren\u00e7o, teremos um momento especial&#8230; <\/p>\n","protected":false},"author":6,"featured_media":77238,"comment_status":"open","ping_status":"closed","sticky":false,"template":"","format":"standard","meta":{"_jetpack_newsletter_access":"","_jetpack_dont_email_post_to_subs":false,"_jetpack_newsletter_tier_id":0,"_jetpack_memberships_contains_paywalled_content":false,"_jetpack_memberships_contains_paid_content":false,"footnotes":""},"categories":[1],"tags":[],"class_list":["post-77237","post","type-post","status-publish","format-standard","has-post-thumbnail","hentry","category-sem-categoria"],"aioseo_notices":[],"views":263,"jetpack_featured_media_url":"https:\/\/jornalrol.com.br\/wp-content\/uploads\/2025\/12\/2fa84a88-6331-488a-a628-0059fad6e871.jpg","jetpack_sharing_enabled":true,"jetpack_likes_enabled":true,"jetpack-related-posts":[{"id":63893,"url":"https:\/\/jornalrol.com.br\/?p=63893","url_meta":{"origin":77237,"position":0},"title":"\u00c9 Natal, nasceu Jesus!","author":"Ceica Rocha Cruz","date":"25 de dezembro de 2023","format":false,"excerpt":"Na quietude da noite, sob a janela do luar, num lampejo, uma venusta luzente estrela, debru\u00e7a-se em s\u00fabito clar\u00e3o sobre a manjedoura, ao sussurro do vento.","rel":"","context":"Em &quot;Literatura&quot;","block_context":{"text":"Literatura","link":"https:\/\/jornalrol.com.br\/?cat=9285"},"img":{"alt_text":"\"No c\u00e9u luzidio, pelo passear da lua, anjos cantam hinos de louvor...\"\u00a0","src":"https:\/\/i0.wp.com\/jornalrol.com.br\/wp-content\/uploads\/2023\/12\/OIG-13.jpg?resize=350%2C200&ssl=1","width":350,"height":200,"srcset":"https:\/\/i0.wp.com\/jornalrol.com.br\/wp-content\/uploads\/2023\/12\/OIG-13.jpg?resize=350%2C200&ssl=1 1x, https:\/\/i0.wp.com\/jornalrol.com.br\/wp-content\/uploads\/2023\/12\/OIG-13.jpg?resize=525%2C300&ssl=1 1.5x"},"classes":[]},{"id":7170,"url":"https:\/\/jornalrol.com.br\/?p=7170","url_meta":{"origin":77237,"position":1},"title":"Saiu na TV TEM: &#039;Itapeva vai receber Cantata de Natal nesta quinta-feira&#039;","author":"Helio Rubens","date":"14 de dezembro de 2016","format":false,"excerpt":"Espet\u00e1culo vai ser realizado na Catedral de Sant'Ana a partir das 20h. Entrada \u00e9 um litro de leite para ser doado ao Lar Vicentino de Itapeva Lira Itapevense vai se apresentar na Cantata de Natal em Itapeva (Foto: Divulga\u00e7\u00e3o) \u00a0 A Secretaria de Cultura de Itapeva (SP) realizar\u00e1 nesta quinta-feira\u2026","rel":"","context":"Em &quot;Comunica\u00e7\u00e3o&quot;","block_context":{"text":"Comunica\u00e7\u00e3o","link":"https:\/\/jornalrol.com.br\/?cat=7"},"img":{"alt_text":"Lira Itapevense vai se apresentar na Cantata de Natal em Itapeva (Foto: Divulga\u00e7\u00e3o)","src":"https:\/\/i0.wp.com\/s2.glbimg.com\/SQTjarouOIBUIdbYyb5nv7CxUHk%3D\/620x465\/s.glbimg.com\/jo\/g1\/f\/original\/2016\/12\/12\/lira.jpg?resize=350%2C200","width":350,"height":200,"srcset":"https:\/\/i0.wp.com\/s2.glbimg.com\/SQTjarouOIBUIdbYyb5nv7CxUHk%3D\/620x465\/s.glbimg.com\/jo\/g1\/f\/original\/2016\/12\/12\/lira.jpg?resize=350%2C200 1x, https:\/\/i0.wp.com\/s2.glbimg.com\/SQTjarouOIBUIdbYyb5nv7CxUHk%3D\/620x465\/s.glbimg.com\/jo\/g1\/f\/original\/2016\/12\/12\/lira.jpg?resize=525%2C300 1.5x"},"classes":[]},{"id":63807,"url":"https:\/\/jornalrol.com.br\/?p=63807","url_meta":{"origin":77237,"position":2},"title":"Quas\u00edmodo liter\u00e1rio","author":"Natalia Tamara Cerqueira da Silva","date":"20 de dezembro de 2023","format":false,"excerpt":"Junto ao meu leito, minha obra Horrenda escritura do \u2018corcunda do amor\u2019. Sineiro enamorado da Lua! Badalos de alto clamor, disforme literatura em sua alma...","rel":"","context":"Em &quot;Literatura&quot;","block_context":{"text":"Literatura","link":"https:\/\/jornalrol.com.br\/?cat=9285"},"img":{"alt_text":"\"Um her\u00f3i suicida em seu ato falho! Um poeta ultrajado!\"","src":"https:\/\/i0.wp.com\/jornalrol.com.br\/wp-content\/uploads\/2023\/12\/OIG-4-4.jpg?resize=350%2C200&ssl=1","width":350,"height":200,"srcset":"https:\/\/i0.wp.com\/jornalrol.com.br\/wp-content\/uploads\/2023\/12\/OIG-4-4.jpg?resize=350%2C200&ssl=1 1x, https:\/\/i0.wp.com\/jornalrol.com.br\/wp-content\/uploads\/2023\/12\/OIG-4-4.jpg?resize=525%2C300&ssl=1 1.5x, https:\/\/i0.wp.com\/jornalrol.com.br\/wp-content\/uploads\/2023\/12\/OIG-4-4.jpg?resize=700%2C400&ssl=1 2x"},"classes":[]},{"id":7077,"url":"https:\/\/jornalrol.com.br\/?p=7077","url_meta":{"origin":77237,"position":3},"title":"Programa\u00e7\u00e3o do Natal Encantado come\u00e7a na sexta-feira, em Itapetininga","author":"Helio Rubens","date":"2 de dezembro de 2016","format":false,"excerpt":"Haver\u00e1 atra\u00e7\u00f5es gratuitas para crian\u00e7as e adultos na Pra\u00e7a Peixoto Gomide \u00a0 A Prefeitura Municipal de Itapetininga, atrav\u00e9s do Fundo Social de Solidariedade e da Secretaria Municipal de Cultura e Turismo, preparou mais uma edi\u00e7\u00e3o do Natal Encantado. O projeto, que decora vias p\u00fablicas com temas natalinos e tamb\u00e9m oferece\u2026","rel":"","context":"Em &quot;Comunica\u00e7\u00e3o&quot;","block_context":{"text":"Comunica\u00e7\u00e3o","link":"https:\/\/jornalrol.com.br\/?cat=7"},"img":{"alt_text":"","src":"","width":0,"height":0},"classes":[]},{"id":7207,"url":"https:\/\/jornalrol.com.br\/?p=7207","url_meta":{"origin":77237,"position":4},"title":"A promo\u00e7\u00e3o &#039;Natal encantado&#039;, de Itapetininga encerra com apresenta\u00e7\u00f5es culturais e sorteio de brindes","author":"Helio Rubens","date":"16 de dezembro de 2016","format":false,"excerpt":"Promo\u00e7\u00e3o da PMI e da ACI Nos dias 19, 20, 21, 22 e 23 de dezembro, a Prefeitura Municipal e Associa\u00e7\u00e3o Comercial de Itapetininga (ACI) encerram as atividades natalinas com sorteio de pr\u00eamios da Campanha Natal Encantado e apresenta\u00e7\u00f5es culturais.\u00a0 As atividades ser\u00e3o gratuitas e ser\u00e3o realizadas na Pra\u00e7a Peixoto\u2026","rel":"","context":"Em &quot;Comunica\u00e7\u00e3o&quot;","block_context":{"text":"Comunica\u00e7\u00e3o","link":"https:\/\/jornalrol.com.br\/?cat=7"},"img":{"alt_text":"","src":"","width":0,"height":0},"classes":[]},{"id":63765,"url":"https:\/\/jornalrol.com.br\/?p=63765","url_meta":{"origin":77237,"position":5},"title":"Tradicional decora\u00e7\u00e3o de Natal em Amparo tem musical natalino","author":"Sergio Diniz da Costa","date":"16 de dezembro de 2023","format":false,"excerpt":"Natal Yp\u00ea, uma das principais celebra\u00e7\u00f5es de final de ano do interior de S\u00e3o Paulo, traz uma atra\u00e7\u00e3o in\u00e9dita: o espet\u00e1culo Floresta Encantada - Musical de Natal","rel":"","context":"Em &quot;Arte&quot;","block_context":{"text":"Arte","link":"https:\/\/jornalrol.com.br\/?cat=9286"},"img":{"alt_text":"Cena do musical 'Floresta Encantada'","src":"https:\/\/i0.wp.com\/jornalrol.com.br\/wp-content\/uploads\/2023\/12\/unnamed-1.jpg?resize=350%2C200&ssl=1","width":350,"height":200,"srcset":"https:\/\/i0.wp.com\/jornalrol.com.br\/wp-content\/uploads\/2023\/12\/unnamed-1.jpg?resize=350%2C200&ssl=1 1x, https:\/\/i0.wp.com\/jornalrol.com.br\/wp-content\/uploads\/2023\/12\/unnamed-1.jpg?resize=525%2C300&ssl=1 1.5x, https:\/\/i0.wp.com\/jornalrol.com.br\/wp-content\/uploads\/2023\/12\/unnamed-1.jpg?resize=700%2C400&ssl=1 2x"},"classes":[]}],"_links":{"self":[{"href":"https:\/\/jornalrol.com.br\/index.php?rest_route=\/wp\/v2\/posts\/77237","targetHints":{"allow":["GET"]}}],"collection":[{"href":"https:\/\/jornalrol.com.br\/index.php?rest_route=\/wp\/v2\/posts"}],"about":[{"href":"https:\/\/jornalrol.com.br\/index.php?rest_route=\/wp\/v2\/types\/post"}],"author":[{"embeddable":true,"href":"https:\/\/jornalrol.com.br\/index.php?rest_route=\/wp\/v2\/users\/6"}],"replies":[{"embeddable":true,"href":"https:\/\/jornalrol.com.br\/index.php?rest_route=%2Fwp%2Fv2%2Fcomments&post=77237"}],"version-history":[{"count":3,"href":"https:\/\/jornalrol.com.br\/index.php?rest_route=\/wp\/v2\/posts\/77237\/revisions"}],"predecessor-version":[{"id":77242,"href":"https:\/\/jornalrol.com.br\/index.php?rest_route=\/wp\/v2\/posts\/77237\/revisions\/77242"}],"wp:featuredmedia":[{"embeddable":true,"href":"https:\/\/jornalrol.com.br\/index.php?rest_route=\/wp\/v2\/media\/77238"}],"wp:attachment":[{"href":"https:\/\/jornalrol.com.br\/index.php?rest_route=%2Fwp%2Fv2%2Fmedia&parent=77237"}],"wp:term":[{"taxonomy":"category","embeddable":true,"href":"https:\/\/jornalrol.com.br\/index.php?rest_route=%2Fwp%2Fv2%2Fcategories&post=77237"},{"taxonomy":"post_tag","embeddable":true,"href":"https:\/\/jornalrol.com.br\/index.php?rest_route=%2Fwp%2Fv2%2Ftags&post=77237"}],"curies":[{"name":"wp","href":"https:\/\/api.w.org\/{rel}","templated":true}]}}