{"id":77414,"date":"2025-12-16T10:34:42","date_gmt":"2025-12-16T13:34:42","guid":{"rendered":"https:\/\/jornalrol.com.br\/?p=77414"},"modified":"2025-12-16T11:31:01","modified_gmt":"2025-12-16T14:31:01","slug":"homenagem-a-camara-municipal-de-niteroi","status":"publish","type":"post","link":"https:\/\/jornalrol.com.br\/?p=77414","title":{"rendered":"Homenagem \u00e0 C\u00e2mara Municipal de Niter\u00f3i\u00a0"},"content":{"rendered":"<div class=\"pdfprnt-buttons pdfprnt-buttons-post pdfprnt-top-right\"><a href=\"https:\/\/jornalrol.com.br\/index.php?rest_route=%2Fwp%2Fv2%2Fposts%2F77414&print=pdf\" class=\"pdfprnt-button pdfprnt-button-pdf\" target=\"_blank\" ><\/a><a href=\"https:\/\/jornalrol.com.br\/index.php?rest_route=%2Fwp%2Fv2%2Fposts%2F77414&print=print\" class=\"pdfprnt-button pdfprnt-button-print\" target=\"_blank\" ><img decoding=\"async\" src=\"https:\/\/jornalrol.com.br\/wp-content\/plugins\/pdf-print\/images\/print.png\" alt=\"image_print\" title=\"Conte\u00fado de impress\u00e3o\" \/><\/a><\/div>\n<h2 class=\"wp-block-heading has-text-align-center\">Dom Alexandre Rurikovich Carvalho<br><br>C\u00e2mara Municipal de Niter\u00f3i: Patrim\u00f4nio Arquitet\u00f4nico, Cultural e Casa do Povo<br><br><\/h2>\n\n\n<div class=\"wp-block-image\">\n<figure class=\"aligncenter size-full is-resized\"><img loading=\"lazy\" decoding=\"async\" width=\"554\" height=\"739\" data-attachment-id=\"76671\" data-permalink=\"https:\/\/jornalrol.com.br\/?attachment_id=76671\" data-orig-file=\"https:\/\/jornalrol.com.br\/wp-content\/uploads\/2025\/11\/Foto-D.-Alexandre.jpg\" data-orig-size=\"554,739\" data-comments-opened=\"1\" data-image-meta=\"{&quot;aperture&quot;:&quot;0&quot;,&quot;credit&quot;:&quot;&quot;,&quot;camera&quot;:&quot;&quot;,&quot;caption&quot;:&quot;&quot;,&quot;created_timestamp&quot;:&quot;0&quot;,&quot;copyright&quot;:&quot;&quot;,&quot;focal_length&quot;:&quot;0&quot;,&quot;iso&quot;:&quot;0&quot;,&quot;shutter_speed&quot;:&quot;0&quot;,&quot;title&quot;:&quot;&quot;,&quot;orientation&quot;:&quot;0&quot;}\" data-image-title=\"Foto D. Alexandre\" data-image-description=\"&lt;p&gt;Dom Alexandre Rurikovich Carvalho&lt;\/p&gt;\n\" data-image-caption=\"&lt;p&gt;Dom Alexandre Rurikovich Carvalho&lt;\/p&gt;\n\" data-large-file=\"https:\/\/jornalrol.com.br\/wp-content\/uploads\/2025\/11\/Foto-D.-Alexandre.jpg\" src=\"http:\/\/jornalrol.com.br\/wp-content\/uploads\/2025\/11\/Foto-D.-Alexandre.jpg\" alt=\"Dom Alexandre Rurikovich Carvalho\" class=\"wp-image-76671\" style=\"aspect-ratio:0.7496722628663255;width:166px;height:auto\"\/><figcaption class=\"wp-element-caption\">Dom Alexandre Rurikovich Carvalho<\/figcaption><\/figure>\n<\/div>\n\n\n<figure class=\"wp-block-image size-full\"><img loading=\"lazy\" decoding=\"async\" width=\"1280\" height=\"708\" data-attachment-id=\"77415\" data-permalink=\"https:\/\/jornalrol.com.br\/?attachment_id=77415\" data-orig-file=\"https:\/\/jornalrol.com.br\/wp-content\/uploads\/2025\/12\/FOTO-1-Jornal-Rol.jpg\" data-orig-size=\"1280,708\" data-comments-opened=\"1\" data-image-meta=\"{&quot;aperture&quot;:&quot;0&quot;,&quot;credit&quot;:&quot;&quot;,&quot;camera&quot;:&quot;&quot;,&quot;caption&quot;:&quot;&quot;,&quot;created_timestamp&quot;:&quot;0&quot;,&quot;copyright&quot;:&quot;&quot;,&quot;focal_length&quot;:&quot;0&quot;,&quot;iso&quot;:&quot;0&quot;,&quot;shutter_speed&quot;:&quot;0&quot;,&quot;title&quot;:&quot;&quot;,&quot;orientation&quot;:&quot;1&quot;}\" data-image-title=\"FOTO 1 Jornal Rol\" data-image-description=\"\" data-image-caption=\"\" data-large-file=\"https:\/\/jornalrol.com.br\/wp-content\/uploads\/2025\/12\/FOTO-1-Jornal-Rol.jpg\" src=\"http:\/\/jornalrol.com.br\/wp-content\/uploads\/2025\/12\/FOTO-1-Jornal-Rol.jpg\" alt=\"O pr\u00e9dio da C\u00e2mara Municipal de Niter\u00f3i\u00a0\u00e9 um edif\u00edcio hist\u00f3rico na\u00a0Pra\u00e7a da Rep\u00fablica, situado na Av. Ernani do Amaral Peixoto, 625 - Centro, Niter\u00f3i \u2013 RJ\" class=\"wp-image-77415\" srcset=\"https:\/\/jornalrol.com.br\/wp-content\/uploads\/2025\/12\/FOTO-1-Jornal-Rol.jpg 1280w, https:\/\/jornalrol.com.br\/wp-content\/uploads\/2025\/12\/FOTO-1-Jornal-Rol-1200x664.jpg 1200w, https:\/\/jornalrol.com.br\/wp-content\/uploads\/2025\/12\/FOTO-1-Jornal-Rol-768x425.jpg 768w\" sizes=\"auto, (max-width: 1280px) 100vw, 1280px\" \/><figcaption class=\"wp-element-caption\"><em>O pr\u00e9dio da C\u00e2mara Municipal de Niter\u00f3i\u00a0\u00e9 um edif\u00edcio hist\u00f3rico na\u00a0Pra\u00e7a da Rep\u00fablica, <br>situado na Av. Ernani do Amaral Peixoto, 625 &#8211; Centro, Niter\u00f3i \u2013 RJ<\/em><\/figcaption><\/figure>\n\n\n\n<p class=\"has-drop-cap\">A C\u00e2mara Municipal de Niter\u00f3i destaca-se como um dos mais relevantes s\u00edmbolos da hist\u00f3ria pol\u00edtica, cultural e institucional do munic\u00edpio. Localizada em posi\u00e7\u00e3o de destaque no cen\u00e1rio urbano, sua arquitetura imponente e harmoniosa constitui um verdadeiro marco do patrim\u00f4nio hist\u00f3rico da cidade, refletindo o cuidado est\u00e9tico e o valor simb\u00f3lico que acompanham sua trajet\u00f3ria ao longo das d\u00e9cadas.<\/p>\n\n\n\n<p>O edif\u00edcio, de inspira\u00e7\u00e3o cl\u00e1ssica, expressa solenidade, equil\u00edbrio e nobreza, caracter\u00edsticas que dialogam diretamente com a fun\u00e7\u00e3o que abriga: a representa\u00e7\u00e3o leg\u00edtima da vontade popular. Cada detalhe arquitet\u00f4nico &#8211; das colunas \u00e0 fachada, dos ornamentos aos espa\u00e7os internos &#8211; contribui para reafirmar o compromisso hist\u00f3rico da institui\u00e7\u00e3o com a democracia, a cultura e a vida p\u00fablica.<\/p>\n\n\n\n<p>Mais do que um espa\u00e7o f\u00edsico de rara beleza, a C\u00e2mara Municipal de Niter\u00f3i \u00e9 reconhecida como a verdadeira Casa do Povo. \u00c9 ali que se materializa o exerc\u00edcio democr\u00e1tico por meio do debate de ideias, da elabora\u00e7\u00e3o de leis e da fiscaliza\u00e7\u00e3o dos atos do Poder Executivo. Em seus plen\u00e1rios e comiss\u00f5es, vozes diversas se encontram para discutir os rumos da cidade, fortalecendo a participa\u00e7\u00e3o cidad\u00e3 e o di\u00e1logo institucional.<\/p>\n\n\n\n<p>Ao longo de sua hist\u00f3ria, a C\u00e2mara tem desempenhado papel fundamental na constru\u00e7\u00e3o de pol\u00edticas p\u00fablicas que impactam diretamente a vida dos niteroienses, sempre pautada pelos princ\u00edpios da legalidade, da transpar\u00eancia e do interesse coletivo. Sua atua\u00e7\u00e3o cont\u00ednua reafirma a import\u00e2ncia do Legislativo municipal como pilar essencial do Estado Democr\u00e1tico de Direito.<\/p>\n\n\n\n<p>Al\u00e9m de sua fun\u00e7\u00e3o pol\u00edtica, o pr\u00e9dio da C\u00e2mara Municipal ocupa lugar de destaque na preserva\u00e7\u00e3o da mem\u00f3ria e da identidade cultural de Niter\u00f3i. Como patrim\u00f4nio arquitet\u00f4nico e hist\u00f3rico, o edif\u00edcio representa um elo entre o passado e o presente, conectando gera\u00e7\u00f5es e mantendo vivas as tradi\u00e7\u00f5es institucionais da cidade.<\/p>\n\n\n\n<p>Celebrar a C\u00e2mara Municipal de Niter\u00f3i \u00e9, portanto, reconhecer n\u00e3o apenas a beleza de sua arquitetura, mas tamb\u00e9m seu papel essencial na promo\u00e7\u00e3o da cidadania, na valoriza\u00e7\u00e3o da cultura e na consolida\u00e7\u00e3o da democracia. Trata-se de uma institui\u00e7\u00e3o que, ao longo do tempo, permanece firme em sua miss\u00e3o de servir ao povo, honrando sua hist\u00f3ria e projetando-se para o futuro com responsabilidade e compromisso p\u00fablico.<\/p>\n\n\n\n<h3 class=\"wp-block-heading\"><strong>Mensagem do Presidente da FEBACLA<\/strong><\/h3>\n\n\n\n<p>\u00c9 com imensa alegria, profundo orgulho e sincera satisfa\u00e7\u00e3o que me dirijo \u00e0 comunidade acad\u00eamica, cultural e ao p\u00fablico em geral para expressar meu reconhecimento pela realiza\u00e7\u00e3o de grandes e memor\u00e1veis eventos promovidos pela Federa\u00e7\u00e3o Brasileira dos Acad\u00eamicos das Ci\u00eancias, Letras e Artes \u2013 FEBACLA, na C\u00e2mara Municipal de Niter\u00f3i.<\/p>\n\n\n\n<p>A C\u00e2mara Municipal de Niter\u00f3i, com sua arquitetura imponente e simbologia c\u00edvica, constitui um espa\u00e7o de elevada relev\u00e2ncia institucional e cultural. Realizar eventos de tamanha grandeza em um ambiente que representa a Casa do Povo e a ess\u00eancia da democracia confere ainda mais significado \u00e0s iniciativas da FEBACLA, fortalecendo o di\u00e1logo entre cultura, arte, ci\u00eancia e sociedade.<\/p>\n\n\n\n<p>Como Presidente da FEBACLA, sinto-me honrado por ver nossa institui\u00e7\u00e3o ocupar um espa\u00e7o t\u00e3o nobre, promovendo solenidades que exaltam o saber, valorizam personalidades ilustres e celebram a produ\u00e7\u00e3o intelectual e art\u00edstica em suas mais diversas express\u00f5es. Cada evento realizado naquele recinto hist\u00f3rico reafirma nosso compromisso com a promo\u00e7\u00e3o da cultura, da educa\u00e7\u00e3o e do pensamento cr\u00edtico, pilares fundamentais para o desenvolvimento humano e social.<\/p>\n\n\n\n<p>Registro, com especial apre\u00e7o, minha gratid\u00e3o \u00e0 C\u00e2mara Municipal de Niter\u00f3i por abrir suas portas \u00e0 FEBACLA, acolhendo com respeito e cordialidade nossas atividades e permitindo que a cultura e o conhecimento encontrem eco em um espa\u00e7o de tamanha representatividade institucional.<\/p>\n\n\n\n<p>Que essa parceria continue a florescer, fortalecendo la\u00e7os, ampliando horizontes e contribuindo para a valoriza\u00e7\u00e3o da cultura, das letras, das artes e das ci\u00eancias, em benef\u00edcio da sociedade e das futuras gera\u00e7\u00f5es.<br><br><\/p>\n\n\n\n<figure class=\"wp-block-image size-full\"><img loading=\"lazy\" decoding=\"async\" width=\"1600\" height=\"971\" data-attachment-id=\"77417\" data-permalink=\"https:\/\/jornalrol.com.br\/?attachment_id=77417\" data-orig-file=\"https:\/\/jornalrol.com.br\/wp-content\/uploads\/2025\/12\/FOTO-3-Jornal-Rol.jpg.jpeg\" data-orig-size=\"1600,971\" data-comments-opened=\"1\" data-image-meta=\"{&quot;aperture&quot;:&quot;0&quot;,&quot;credit&quot;:&quot;&quot;,&quot;camera&quot;:&quot;&quot;,&quot;caption&quot;:&quot;&quot;,&quot;created_timestamp&quot;:&quot;0&quot;,&quot;copyright&quot;:&quot;&quot;,&quot;focal_length&quot;:&quot;0&quot;,&quot;iso&quot;:&quot;0&quot;,&quot;shutter_speed&quot;:&quot;0&quot;,&quot;title&quot;:&quot;&quot;,&quot;orientation&quot;:&quot;0&quot;}\" data-image-title=\"FOTO 3 Jornal Rol.jpg\" data-image-description=\"\" data-image-caption=\"\" data-large-file=\"https:\/\/jornalrol.com.br\/wp-content\/uploads\/2025\/12\/FOTO-3-Jornal-Rol.jpg.jpeg\" src=\"https:\/\/jornalrol.com.br\/wp-content\/uploads\/2025\/12\/FOTO-3-Jornal-Rol.jpg.jpeg\" alt=\"\" class=\"wp-image-77417\" srcset=\"https:\/\/jornalrol.com.br\/wp-content\/uploads\/2025\/12\/FOTO-3-Jornal-Rol.jpg.jpeg 1600w, https:\/\/jornalrol.com.br\/wp-content\/uploads\/2025\/12\/FOTO-3-Jornal-Rol.jpg-1200x728.jpeg 1200w, https:\/\/jornalrol.com.br\/wp-content\/uploads\/2025\/12\/FOTO-3-Jornal-Rol.jpg-768x466.jpeg 768w, https:\/\/jornalrol.com.br\/wp-content\/uploads\/2025\/12\/FOTO-3-Jornal-Rol.jpg-1536x932.jpeg 1536w\" sizes=\"auto, (max-width: 1600px) 100vw, 1600px\" \/><\/figure>\n\n\n\n<p>Em um instante tecido pela emo\u00e7\u00e3o e pelo nobre orgulho institucional, os acad\u00eamicos da FEBACLA re\u00fanem-se diante da C\u00e2mara Municipal de Niter\u00f3i para celebrar o Bicenten\u00e1rio de Nascimento de D. Pedro II. Sorrisos luminosos, bra\u00e7os erguidos ao c\u00e9u e a pelerine acad\u00eamica comp\u00f5em uma cena de j\u00fabilo coletivo, onde o saber, a cultura e a mem\u00f3ria hist\u00f3rica se entrela\u00e7am em harmonia solene.<\/p>\n\n\n\n<p>A impon\u00eancia do edif\u00edcio p\u00fablico empresta gravidade e significado ao momento, enquanto o estandarte alusivo ao Imperador D. Pedro II ergue-se como s\u00edmbolo vivo do respeito \u00e0 heran\u00e7a intelectual e do compromisso perene com a educa\u00e7\u00e3o, a ci\u00eancia, as letras e as artes &#8211; valores que definiram o homenageado e continuam a inspirar gera\u00e7\u00f5es.<\/p>\n\n\n\n<p>Mais do que um registro fotogr\u00e1fico, este instante \u00e9 um retrato pulsante da uni\u00e3o fraterna dos acad\u00eamicos da FEBACLA: homens e mulheres celebrando a Hist\u00f3ria do Brasil com entusiasmo, rever\u00eancia e esp\u00edrito de miss\u00e3o cultural, transformando o espa\u00e7o p\u00fablico em palco de mem\u00f3ria, honra e alegria compartilhada.<\/p>\n\n\n\n<p>A solenidade promovida pela Federa\u00e7\u00e3o Brasileira dos Acad\u00eamicos das Ci\u00eancias, Letras e Artes (FEBACLA), realizada em 12 de dezembro de 2025, na C\u00e2mara Municipal de Niter\u00f3i, constituiu-se em um dos mais significativos momentos de exalta\u00e7\u00e3o \u00e0 mem\u00f3ria hist\u00f3rica, ao saber e \u00e0 cultura brasileira. Em celebra\u00e7\u00e3o ao Bicenten\u00e1rio de Nascimento de Sua Majestade o Imperador D. Pedro II, Patrono da FEBACLA, o evento reuniu acad\u00eamicos, autoridades, convidados e homenageados em um ambiente de elevada solenidade, emo\u00e7\u00e3o e confraterniza\u00e7\u00e3o.<br><br><\/p>\n\n\n<div class=\"wp-block-image\">\n<figure class=\"aligncenter size-full is-resized\"><img loading=\"lazy\" decoding=\"async\" width=\"1249\" height=\"1600\" data-attachment-id=\"77418\" data-permalink=\"https:\/\/jornalrol.com.br\/?attachment_id=77418\" data-orig-file=\"https:\/\/jornalrol.com.br\/wp-content\/uploads\/2025\/12\/FOTO-4-Jornal-Rol.jpg.jpeg\" data-orig-size=\"1249,1600\" data-comments-opened=\"1\" data-image-meta=\"{&quot;aperture&quot;:&quot;0&quot;,&quot;credit&quot;:&quot;&quot;,&quot;camera&quot;:&quot;&quot;,&quot;caption&quot;:&quot;&quot;,&quot;created_timestamp&quot;:&quot;0&quot;,&quot;copyright&quot;:&quot;&quot;,&quot;focal_length&quot;:&quot;0&quot;,&quot;iso&quot;:&quot;0&quot;,&quot;shutter_speed&quot;:&quot;0&quot;,&quot;title&quot;:&quot;&quot;,&quot;orientation&quot;:&quot;0&quot;}\" data-image-title=\"FOTO 4 Jornal Rol.jpg\" data-image-description=\"\" data-image-caption=\"\" data-large-file=\"https:\/\/jornalrol.com.br\/wp-content\/uploads\/2025\/12\/FOTO-4-Jornal-Rol.jpg.jpeg\" src=\"https:\/\/jornalrol.com.br\/wp-content\/uploads\/2025\/12\/FOTO-4-Jornal-Rol.jpg.jpeg\" alt=\"\" class=\"wp-image-77418\" style=\"aspect-ratio:0.780635137293624;width:404px;height:auto\" srcset=\"https:\/\/jornalrol.com.br\/wp-content\/uploads\/2025\/12\/FOTO-4-Jornal-Rol.jpg.jpeg 1249w, https:\/\/jornalrol.com.br\/wp-content\/uploads\/2025\/12\/FOTO-4-Jornal-Rol.jpg-937x1200.jpeg 937w, https:\/\/jornalrol.com.br\/wp-content\/uploads\/2025\/12\/FOTO-4-Jornal-Rol.jpg-768x984.jpeg 768w, https:\/\/jornalrol.com.br\/wp-content\/uploads\/2025\/12\/FOTO-4-Jornal-Rol.jpg-1199x1536.jpeg 1199w\" sizes=\"auto, (max-width: 1249px) 100vw, 1249px\" \/><\/figure>\n<\/div>\n\n\n<figure class=\"wp-block-image size-full\"><img loading=\"lazy\" decoding=\"async\" width=\"1600\" height=\"1006\" data-attachment-id=\"77420\" data-permalink=\"https:\/\/jornalrol.com.br\/?attachment_id=77420\" data-orig-file=\"https:\/\/jornalrol.com.br\/wp-content\/uploads\/2025\/12\/FOTO-5-Jornal-Rol.jpg.jpeg\" data-orig-size=\"1600,1006\" data-comments-opened=\"1\" data-image-meta=\"{&quot;aperture&quot;:&quot;0&quot;,&quot;credit&quot;:&quot;&quot;,&quot;camera&quot;:&quot;&quot;,&quot;caption&quot;:&quot;&quot;,&quot;created_timestamp&quot;:&quot;0&quot;,&quot;copyright&quot;:&quot;&quot;,&quot;focal_length&quot;:&quot;0&quot;,&quot;iso&quot;:&quot;0&quot;,&quot;shutter_speed&quot;:&quot;0&quot;,&quot;title&quot;:&quot;&quot;,&quot;orientation&quot;:&quot;0&quot;}\" data-image-title=\"FOTO 5 Jornal Rol.jpg\" data-image-description=\"\" data-image-caption=\"\" data-large-file=\"https:\/\/jornalrol.com.br\/wp-content\/uploads\/2025\/12\/FOTO-5-Jornal-Rol.jpg.jpeg\" src=\"https:\/\/jornalrol.com.br\/wp-content\/uploads\/2025\/12\/FOTO-5-Jornal-Rol.jpg.jpeg\" alt=\"\" class=\"wp-image-77420\" srcset=\"https:\/\/jornalrol.com.br\/wp-content\/uploads\/2025\/12\/FOTO-5-Jornal-Rol.jpg.jpeg 1600w, https:\/\/jornalrol.com.br\/wp-content\/uploads\/2025\/12\/FOTO-5-Jornal-Rol.jpg-1200x755.jpeg 1200w, https:\/\/jornalrol.com.br\/wp-content\/uploads\/2025\/12\/FOTO-5-Jornal-Rol.jpg-768x483.jpeg 768w, https:\/\/jornalrol.com.br\/wp-content\/uploads\/2025\/12\/FOTO-5-Jornal-Rol.jpg-1536x966.jpeg 1536w\" sizes=\"auto, (max-width: 1600px) 100vw, 1600px\" \/><\/figure>\n\n\n\n<figure class=\"wp-block-image size-full\"><img loading=\"lazy\" decoding=\"async\" width=\"1600\" height=\"1066\" data-attachment-id=\"77419\" data-permalink=\"https:\/\/jornalrol.com.br\/?attachment_id=77419\" data-orig-file=\"https:\/\/jornalrol.com.br\/wp-content\/uploads\/2025\/12\/FOTO-6-Jornal-Rol.jpg.jpeg\" data-orig-size=\"1600,1066\" data-comments-opened=\"1\" data-image-meta=\"{&quot;aperture&quot;:&quot;0&quot;,&quot;credit&quot;:&quot;&quot;,&quot;camera&quot;:&quot;&quot;,&quot;caption&quot;:&quot;&quot;,&quot;created_timestamp&quot;:&quot;0&quot;,&quot;copyright&quot;:&quot;&quot;,&quot;focal_length&quot;:&quot;0&quot;,&quot;iso&quot;:&quot;0&quot;,&quot;shutter_speed&quot;:&quot;0&quot;,&quot;title&quot;:&quot;&quot;,&quot;orientation&quot;:&quot;0&quot;}\" data-image-title=\"FOTO 6 Jornal Rol.jpg\" data-image-description=\"\" data-image-caption=\"\" data-large-file=\"https:\/\/jornalrol.com.br\/wp-content\/uploads\/2025\/12\/FOTO-6-Jornal-Rol.jpg.jpeg\" src=\"http:\/\/jornalrol.com.br\/wp-content\/uploads\/2025\/12\/FOTO-6-Jornal-Rol.jpg.jpeg\" alt=\"\" class=\"wp-image-77419\" srcset=\"https:\/\/jornalrol.com.br\/wp-content\/uploads\/2025\/12\/FOTO-6-Jornal-Rol.jpg.jpeg 1600w, https:\/\/jornalrol.com.br\/wp-content\/uploads\/2025\/12\/FOTO-6-Jornal-Rol.jpg-1200x800.jpeg 1200w, https:\/\/jornalrol.com.br\/wp-content\/uploads\/2025\/12\/FOTO-6-Jornal-Rol.jpg-768x512.jpeg 768w, https:\/\/jornalrol.com.br\/wp-content\/uploads\/2025\/12\/FOTO-6-Jornal-Rol.jpg-1536x1023.jpeg 1536w\" sizes=\"auto, (max-width: 1600px) 100vw, 1600px\" \/><\/figure>\n\n\n\n<figure class=\"wp-block-image size-full\"><img loading=\"lazy\" decoding=\"async\" width=\"1600\" height=\"1066\" data-attachment-id=\"77421\" data-permalink=\"https:\/\/jornalrol.com.br\/?attachment_id=77421\" data-orig-file=\"https:\/\/jornalrol.com.br\/wp-content\/uploads\/2025\/12\/FOTO-7-Jornal-Rol.jpg.jpeg\" data-orig-size=\"1600,1066\" data-comments-opened=\"1\" data-image-meta=\"{&quot;aperture&quot;:&quot;0&quot;,&quot;credit&quot;:&quot;&quot;,&quot;camera&quot;:&quot;&quot;,&quot;caption&quot;:&quot;&quot;,&quot;created_timestamp&quot;:&quot;0&quot;,&quot;copyright&quot;:&quot;&quot;,&quot;focal_length&quot;:&quot;0&quot;,&quot;iso&quot;:&quot;0&quot;,&quot;shutter_speed&quot;:&quot;0&quot;,&quot;title&quot;:&quot;&quot;,&quot;orientation&quot;:&quot;0&quot;}\" data-image-title=\"FOTO 7 Jornal Rol.jpg\" data-image-description=\"\" data-image-caption=\"\" data-large-file=\"https:\/\/jornalrol.com.br\/wp-content\/uploads\/2025\/12\/FOTO-7-Jornal-Rol.jpg.jpeg\" src=\"https:\/\/jornalrol.com.br\/wp-content\/uploads\/2025\/12\/FOTO-7-Jornal-Rol.jpg.jpeg\" alt=\"\" class=\"wp-image-77421\" srcset=\"https:\/\/jornalrol.com.br\/wp-content\/uploads\/2025\/12\/FOTO-7-Jornal-Rol.jpg.jpeg 1600w, https:\/\/jornalrol.com.br\/wp-content\/uploads\/2025\/12\/FOTO-7-Jornal-Rol.jpg-1200x800.jpeg 1200w, https:\/\/jornalrol.com.br\/wp-content\/uploads\/2025\/12\/FOTO-7-Jornal-Rol.jpg-768x512.jpeg 768w, https:\/\/jornalrol.com.br\/wp-content\/uploads\/2025\/12\/FOTO-7-Jornal-Rol.jpg-1536x1023.jpeg 1536w\" sizes=\"auto, (max-width: 1600px) 100vw, 1600px\" \/><\/figure>\n\n\n\n<h3 class=\"wp-block-heading has-text-align-center\">Dom Alexandre Rurikovich Carvalho<\/h3>\n\n\n\n<div class=\"wp-block-columns is-layout-flex wp-container-core-columns-is-layout-9d6595d7 wp-block-columns-is-layout-flex\">\n<div class=\"wp-block-column is-layout-flow wp-block-column-is-layout-flow\">\n<h3 class=\"wp-block-heading has-text-align-center has-electric-grass-gradient-background has-background\"><a href=\"https:\/\/wa.me\/21973157653\" target=\"_blank\" rel=\"noopener\" title=\"WhatsApp\">WhatsApp<\/a><\/h3>\n<\/div>\n\n\n\n<div class=\"wp-block-column is-layout-flow wp-block-column-is-layout-flow\">\n<h3 class=\"wp-block-heading has-text-align-center has-electric-grass-gradient-background has-background\"><a href=\"mailto:domalexandrecarvalho@gmail.com\" title=\"E-meio\">E-meio<\/a><\/h3>\n<\/div>\n<\/div>\n\n\n\n<h2 class=\"wp-block-heading\"><\/h2>\n\n\n\n<p><a href=\"http:\/\/jornalrol.com.br\/\" title=\"Voltar\">Voltar<\/a><\/p>\n\n\n\n<p><a href=\"https:\/www.facebook.com\/JCulturalrol\/\" title=\"Facebook\">Facebook<\/a><\/p>\n","protected":false},"excerpt":{"rendered":"<p>A C\u00e2mara Municipal de Niter\u00f3i destaca-se como um dos mais relevantes s\u00edmbolos da hist\u00f3ria pol\u00edtica, cultural e institucional do munic\u00edpio. Localizada em&#8230; <\/p>\n","protected":false},"author":27,"featured_media":77415,"comment_status":"open","ping_status":"closed","sticky":false,"template":"","format":"standard","meta":{"_jetpack_newsletter_access":"","_jetpack_dont_email_post_to_subs":false,"_jetpack_newsletter_tier_id":0,"_jetpack_memberships_contains_paywalled_content":false,"_jetpack_memberships_contains_paid_content":false,"footnotes":""},"categories":[9391,1],"tags":[1385,15808,2969,4412],"class_list":["post-77414","post","type-post","status-publish","format-standard","has-post-thumbnail","hentry","category-academiasefederacoes","category-sem-categoria","tag-bicentenario-de-nascimento","tag-camara-municipal-de-niteroi","tag-dom-pedro-ii","tag-homenagem"],"aioseo_notices":[],"views":1423,"jetpack_featured_media_url":"https:\/\/jornalrol.com.br\/wp-content\/uploads\/2025\/12\/FOTO-1-Jornal-Rol.jpg","jetpack_sharing_enabled":true,"jetpack_likes_enabled":true,"jetpack-related-posts":[{"id":76349,"url":"https:\/\/jornalrol.com.br\/?p=76349","url_meta":{"origin":77414,"position":0},"title":"Niter\u00f3i \u2013 Cidade Imperial reconhecida pelo Imperador Dom Pedro II","author":"Dom Alexandre da Silva Cam\u00ealo Rurikovich Carvalho","date":"23 de outubro de 2025","format":false,"excerpt":"Niter\u00f3i \u00e9 um dos munic\u00edpios mais antigos e importantes do estado do Rio de Janeiro. Localizado na margem leste da Ba\u00eda de Guanabara, sua hist\u00f3ria est\u00e1...","rel":"","context":"Em &quot;artigos&quot;","block_context":{"text":"artigos","link":"https:\/\/jornalrol.com.br\/?cat=9398"},"img":{"alt_text":"Museu de Arte Contempor\u00e2nea, C\u00e2mara Municipal e uma vista a\u00e9rea de Niter\u00f3i","src":"https:\/\/i0.wp.com\/jornalrol.com.br\/wp-content\/uploads\/2025\/10\/NITEROI-RJ.jpg?resize=350%2C200&ssl=1","width":350,"height":200,"srcset":"https:\/\/i0.wp.com\/jornalrol.com.br\/wp-content\/uploads\/2025\/10\/NITEROI-RJ.jpg?resize=350%2C200&ssl=1 1x, https:\/\/i0.wp.com\/jornalrol.com.br\/wp-content\/uploads\/2025\/10\/NITEROI-RJ.jpg?resize=525%2C300&ssl=1 1.5x, https:\/\/i0.wp.com\/jornalrol.com.br\/wp-content\/uploads\/2025\/10\/NITEROI-RJ.jpg?resize=700%2C400&ssl=1 2x, https:\/\/i0.wp.com\/jornalrol.com.br\/wp-content\/uploads\/2025\/10\/NITEROI-RJ.jpg?resize=1050%2C600&ssl=1 3x, https:\/\/i0.wp.com\/jornalrol.com.br\/wp-content\/uploads\/2025\/10\/NITEROI-RJ.jpg?resize=1400%2C800&ssl=1 4x"},"classes":[]},{"id":75579,"url":"https:\/\/jornalrol.com.br\/?p=75579","url_meta":{"origin":77414,"position":1},"title":"Solenidade acad\u00eamica na C\u00e2mara Municipal de Niter\u00f3i (RJ)","author":"Dom Alexandre da Silva Cam\u00ealo Rurikovich Carvalho","date":"16 de setembro de 2025","format":false,"excerpt":"A FEBACLA realizou no dia 12 de setembro de 2025, \u00e0s 15h, uma bel\u00edssima solenidade de outorgas de honrarias no plen\u00e1rio da C\u00e2mara Municipal de Niter\u00f3i (RJ)","rel":"","context":"Em &quot;Academias e Federa\u00e7\u00f5es de Artes&quot;","block_context":{"text":"Academias e Federa\u00e7\u00f5es de Artes","link":"https:\/\/jornalrol.com.br\/?cat=9391"},"img":{"alt_text":"Solenidade realizada pela FEBACLA na C\u00e2mara Municipal de Nier\u00f3i (RJ)","src":"https:\/\/i0.wp.com\/jornalrol.com.br\/wp-content\/uploads\/2025\/09\/549072375_1915376155704458_5963195723185079254_n.jpg?resize=350%2C200&ssl=1","width":350,"height":200,"srcset":"https:\/\/i0.wp.com\/jornalrol.com.br\/wp-content\/uploads\/2025\/09\/549072375_1915376155704458_5963195723185079254_n.jpg?resize=350%2C200&ssl=1 1x, https:\/\/i0.wp.com\/jornalrol.com.br\/wp-content\/uploads\/2025\/09\/549072375_1915376155704458_5963195723185079254_n.jpg?resize=525%2C300&ssl=1 1.5x, https:\/\/i0.wp.com\/jornalrol.com.br\/wp-content\/uploads\/2025\/09\/549072375_1915376155704458_5963195723185079254_n.jpg?resize=700%2C400&ssl=1 2x, https:\/\/i0.wp.com\/jornalrol.com.br\/wp-content\/uploads\/2025\/09\/549072375_1915376155704458_5963195723185079254_n.jpg?resize=1050%2C600&ssl=1 3x, https:\/\/i0.wp.com\/jornalrol.com.br\/wp-content\/uploads\/2025\/09\/549072375_1915376155704458_5963195723185079254_n.jpg?resize=1400%2C800&ssl=1 4x"},"classes":[]},{"id":76405,"url":"https:\/\/jornalrol.com.br\/?p=76405","url_meta":{"origin":77414,"position":2},"title":"Grande Pr\u00eamio Imperador da Cultura","author":"Dom Alexandre da Silva Cam\u00ealo Rurikovich Carvalho","date":"27 de outubro de 2025","format":false,"excerpt":"O Grande Pr\u00eamio Imperador da Cultura \u00e9 uma distin\u00e7\u00e3o honor\u00edfica criada pela FEBACLA destinado a reconhecer e homenagear personalidades e institui\u00e7\u00f5es...","rel":"","context":"Em &quot;Academias e Federa\u00e7\u00f5es de Artes&quot;","block_context":{"text":"Academias e Federa\u00e7\u00f5es de Artes","link":"https:\/\/jornalrol.com.br\/?cat=9391"},"img":{"alt_text":"Grande Pr\u00eamio Imperador da Cultura - Bicenten\u00e1rio de Dom Pedro II","src":"https:\/\/i0.wp.com\/jornalrol.com.br\/wp-content\/uploads\/2025\/10\/571158341_1950188865556520_900031804185241100_n-1.jpg?resize=350%2C200&ssl=1","width":350,"height":200,"srcset":"https:\/\/i0.wp.com\/jornalrol.com.br\/wp-content\/uploads\/2025\/10\/571158341_1950188865556520_900031804185241100_n-1.jpg?resize=350%2C200&ssl=1 1x, https:\/\/i0.wp.com\/jornalrol.com.br\/wp-content\/uploads\/2025\/10\/571158341_1950188865556520_900031804185241100_n-1.jpg?resize=525%2C300&ssl=1 1.5x, https:\/\/i0.wp.com\/jornalrol.com.br\/wp-content\/uploads\/2025\/10\/571158341_1950188865556520_900031804185241100_n-1.jpg?resize=700%2C400&ssl=1 2x, https:\/\/i0.wp.com\/jornalrol.com.br\/wp-content\/uploads\/2025\/10\/571158341_1950188865556520_900031804185241100_n-1.jpg?resize=1050%2C600&ssl=1 3x"},"classes":[]},{"id":47309,"url":"https:\/\/jornalrol.com.br\/?p=47309","url_meta":{"origin":77414,"position":3},"title":"FEBACLA abre inscri\u00e7\u00f5es para recebimento de propostas para posse de Acad\u00eamicos Correspondentes","author":"Dom Alexandre da Silva Cam\u00ealo Rurikovich Carvalho","date":"15 de dezembro de 2021","format":false,"excerpt":"O prazo final para inscri\u00e7\u00f5es vai at\u00e9 30 de dezembro de 2021 A FEBACLA - Federa\u00e7\u00e3o Brasileira dos Acad\u00eamicos das Ci\u00eancias, Letras e Artes, por meio do Edital de Posse Acad\u00eamica n\u00ba\u00a001116.015\/2021, abre inscri\u00e7\u00f5es\u00a0para recebimento de propostas para posse de ACAD\u00caMICOS CORRESPONDENTES. O prazo final para inscri\u00e7\u00f5es vai at\u00e9 30\u2026","rel":"","context":"Em &quot;Comunica\u00e7\u00e3o&quot;","block_context":{"text":"Comunica\u00e7\u00e3o","link":"https:\/\/jornalrol.com.br\/?cat=7"},"img":{"alt_text":"","src":"https:\/\/i0.wp.com\/jornalrol.com.br\/wp-content\/uploads\/2021\/08\/LOGOFEBACLABLOG25.08-300x277.jpg?resize=350%2C200","width":350,"height":200},"classes":[]},{"id":57539,"url":"https:\/\/jornalrol.com.br\/?p=57539","url_meta":{"origin":77414,"position":4},"title":"Outorga de T\u00edtulo da Soberana Ordem da Coroa de Gotland","author":"Dom Alexandre da Silva Cam\u00ealo Rurikovich Carvalho","date":"21 de junho de 2023","format":false,"excerpt":"Est\u00e3o abertas inscri\u00e7\u00f5es para quem se interessar em pleitear um T\u00edtulo de CAVALEIRO COMENDADOR ou DAMA COMENDADORA da Soberana Ordem da Coroa de Gotland.","rel":"","context":"Em &quot;Academias e Federa\u00e7\u00f5es de Artes&quot;","block_context":{"text":"Academias e Federa\u00e7\u00f5es de Artes","link":"https:\/\/jornalrol.com.br\/?cat=9391"},"img":{"alt_text":"","src":"https:\/\/i0.wp.com\/jornalrol.com.br\/wp-content\/uploads\/2023\/06\/17efec1d-5b29-4acf-a80f-527e28136e05.jpg?resize=350%2C200&ssl=1","width":350,"height":200,"srcset":"https:\/\/i0.wp.com\/jornalrol.com.br\/wp-content\/uploads\/2023\/06\/17efec1d-5b29-4acf-a80f-527e28136e05.jpg?resize=350%2C200&ssl=1 1x, https:\/\/i0.wp.com\/jornalrol.com.br\/wp-content\/uploads\/2023\/06\/17efec1d-5b29-4acf-a80f-527e28136e05.jpg?resize=525%2C300&ssl=1 1.5x, https:\/\/i0.wp.com\/jornalrol.com.br\/wp-content\/uploads\/2023\/06\/17efec1d-5b29-4acf-a80f-527e28136e05.jpg?resize=700%2C400&ssl=1 2x, https:\/\/i0.wp.com\/jornalrol.com.br\/wp-content\/uploads\/2023\/06\/17efec1d-5b29-4acf-a80f-527e28136e05.jpg?resize=1050%2C600&ssl=1 3x"},"classes":[]},{"id":76410,"url":"https:\/\/jornalrol.com.br\/?p=76410","url_meta":{"origin":77414,"position":5},"title":"Bicenten\u00e1rio de Nascimento do Imperador Dom Pedro II","author":"Dom Alexandre da Silva Cam\u00ealo Rurikovich Carvalho","date":"27 de outubro de 2025","format":false,"excerpt":"A Medalha Comemorativa Alusiva ao Bicenten\u00e1rio de Nascimento do Imperador Dom Pedro II \u00e9 uma distin\u00e7\u00e3o honor\u00edfica criada pela FEBACLA com o prop\u00f3sito de...","rel":"","context":"Em &quot;Academias e Federa\u00e7\u00f5es de Artes&quot;","block_context":{"text":"Academias e Federa\u00e7\u00f5es de Artes","link":"https:\/\/jornalrol.com.br\/?cat=9391"},"img":{"alt_text":"Medalha Comemorativa Alusiva ao Bicenten\u00e1rio de Nascimento do Imperador Dom Pedro II","src":"https:\/\/i0.wp.com\/jornalrol.com.br\/wp-content\/uploads\/2025\/10\/571110403_1950150712227002_7260720650656145522_n.jpg?resize=350%2C200&ssl=1","width":350,"height":200,"srcset":"https:\/\/i0.wp.com\/jornalrol.com.br\/wp-content\/uploads\/2025\/10\/571110403_1950150712227002_7260720650656145522_n.jpg?resize=350%2C200&ssl=1 1x, https:\/\/i0.wp.com\/jornalrol.com.br\/wp-content\/uploads\/2025\/10\/571110403_1950150712227002_7260720650656145522_n.jpg?resize=525%2C300&ssl=1 1.5x, https:\/\/i0.wp.com\/jornalrol.com.br\/wp-content\/uploads\/2025\/10\/571110403_1950150712227002_7260720650656145522_n.jpg?resize=700%2C400&ssl=1 2x"},"classes":[]}],"_links":{"self":[{"href":"https:\/\/jornalrol.com.br\/index.php?rest_route=\/wp\/v2\/posts\/77414","targetHints":{"allow":["GET"]}}],"collection":[{"href":"https:\/\/jornalrol.com.br\/index.php?rest_route=\/wp\/v2\/posts"}],"about":[{"href":"https:\/\/jornalrol.com.br\/index.php?rest_route=\/wp\/v2\/types\/post"}],"author":[{"embeddable":true,"href":"https:\/\/jornalrol.com.br\/index.php?rest_route=\/wp\/v2\/users\/27"}],"replies":[{"embeddable":true,"href":"https:\/\/jornalrol.com.br\/index.php?rest_route=%2Fwp%2Fv2%2Fcomments&post=77414"}],"version-history":[{"count":3,"href":"https:\/\/jornalrol.com.br\/index.php?rest_route=\/wp\/v2\/posts\/77414\/revisions"}],"predecessor-version":[{"id":77427,"href":"https:\/\/jornalrol.com.br\/index.php?rest_route=\/wp\/v2\/posts\/77414\/revisions\/77427"}],"wp:featuredmedia":[{"embeddable":true,"href":"https:\/\/jornalrol.com.br\/index.php?rest_route=\/wp\/v2\/media\/77415"}],"wp:attachment":[{"href":"https:\/\/jornalrol.com.br\/index.php?rest_route=%2Fwp%2Fv2%2Fmedia&parent=77414"}],"wp:term":[{"taxonomy":"category","embeddable":true,"href":"https:\/\/jornalrol.com.br\/index.php?rest_route=%2Fwp%2Fv2%2Fcategories&post=77414"},{"taxonomy":"post_tag","embeddable":true,"href":"https:\/\/jornalrol.com.br\/index.php?rest_route=%2Fwp%2Fv2%2Ftags&post=77414"}],"curies":[{"name":"wp","href":"https:\/\/api.w.org\/{rel}","templated":true}]}}