{"id":77467,"date":"2026-01-05T08:15:00","date_gmt":"2026-01-05T11:15:00","guid":{"rendered":"https:\/\/jornalrol.com.br\/?p=77467"},"modified":"2025-12-22T16:51:40","modified_gmt":"2025-12-22T19:51:40","slug":"cavalguei-por-um-seculo","status":"publish","type":"post","link":"https:\/\/jornalrol.com.br\/?p=77467","title":{"rendered":"Cavalguei por um s\u00e9culo"},"content":{"rendered":"<div class=\"pdfprnt-buttons pdfprnt-buttons-post pdfprnt-top-right\"><a href=\"https:\/\/jornalrol.com.br\/index.php?rest_route=%2Fwp%2Fv2%2Fposts%2F77467&print=pdf\" class=\"pdfprnt-button pdfprnt-button-pdf\" target=\"_blank\" ><\/a><a href=\"https:\/\/jornalrol.com.br\/index.php?rest_route=%2Fwp%2Fv2%2Fposts%2F77467&print=print\" class=\"pdfprnt-button pdfprnt-button-print\" target=\"_blank\" ><img decoding=\"async\" src=\"https:\/\/jornalrol.com.br\/wp-content\/plugins\/pdf-print\/images\/print.png\" alt=\"image_print\" title=\"Conte\u00fado de impress\u00e3o\" \/><\/a><\/div>\n<h2 class=\"wp-block-heading has-text-align-center\">Evani Rocha: Poema &#8216;Cavalguei por um s\u00e9culo&#8217;<br><br><\/h2>\n\n\n<div class=\"wp-block-image is-style-rounded\">\n<figure class=\"aligncenter size-full is-resized\"><img loading=\"lazy\" decoding=\"async\" width=\"820\" height=\"967\" data-attachment-id=\"73143\" data-permalink=\"https:\/\/jornalrol.com.br\/?attachment_id=73143\" data-orig-file=\"https:\/\/jornalrol.com.br\/wp-content\/uploads\/2025\/05\/b9f17e15-94f0-4754-bc1a-9d4c1dcb042f.jpg\" data-orig-size=\"820,967\" data-comments-opened=\"1\" data-image-meta=\"{&quot;aperture&quot;:&quot;0&quot;,&quot;credit&quot;:&quot;&quot;,&quot;camera&quot;:&quot;&quot;,&quot;caption&quot;:&quot;&quot;,&quot;created_timestamp&quot;:&quot;0&quot;,&quot;copyright&quot;:&quot;&quot;,&quot;focal_length&quot;:&quot;0&quot;,&quot;iso&quot;:&quot;0&quot;,&quot;shutter_speed&quot;:&quot;0&quot;,&quot;title&quot;:&quot;&quot;,&quot;orientation&quot;:&quot;0&quot;}\" data-image-title=\"b9f17e15-94f0-4754-bc1a-9d4c1dcb042f\" data-image-description=\"&lt;p&gt;Evani Rocha&lt;\/p&gt;\n\" data-image-caption=\"&lt;p&gt;Evani Rocha&lt;\/p&gt;\n\" data-large-file=\"https:\/\/jornalrol.com.br\/wp-content\/uploads\/2025\/05\/b9f17e15-94f0-4754-bc1a-9d4c1dcb042f.jpg\" src=\"http:\/\/jornalrol.com.br\/wp-content\/uploads\/2025\/05\/b9f17e15-94f0-4754-bc1a-9d4c1dcb042f.jpg\" alt=\"Evani Rocha\" class=\"wp-image-73143\" style=\"aspect-ratio:0.8479971561070985;width:112px;height:auto\" srcset=\"https:\/\/jornalrol.com.br\/wp-content\/uploads\/2025\/05\/b9f17e15-94f0-4754-bc1a-9d4c1dcb042f.jpg 820w, https:\/\/jornalrol.com.br\/wp-content\/uploads\/2025\/05\/b9f17e15-94f0-4754-bc1a-9d4c1dcb042f-768x906.jpg 768w\" sizes=\"auto, (max-width: 820px) 100vw, 820px\" \/><figcaption class=\"wp-element-caption\">Evani Rocha<\/figcaption><\/figure>\n<\/div>\n\n<div class=\"wp-block-image\">\n<figure class=\"aligncenter size-full is-resized\"><img loading=\"lazy\" decoding=\"async\" width=\"720\" height=\"1280\" data-attachment-id=\"77469\" data-permalink=\"https:\/\/jornalrol.com.br\/?attachment_id=77469\" data-orig-file=\"https:\/\/jornalrol.com.br\/wp-content\/uploads\/2025\/12\/1a8b74e1-86b5-4979-b64c-e28e78acf898-1.jpg\" data-orig-size=\"720,1280\" data-comments-opened=\"1\" data-image-meta=\"{&quot;aperture&quot;:&quot;0&quot;,&quot;credit&quot;:&quot;&quot;,&quot;camera&quot;:&quot;&quot;,&quot;caption&quot;:&quot;&quot;,&quot;created_timestamp&quot;:&quot;0&quot;,&quot;copyright&quot;:&quot;&quot;,&quot;focal_length&quot;:&quot;0&quot;,&quot;iso&quot;:&quot;0&quot;,&quot;shutter_speed&quot;:&quot;0&quot;,&quot;title&quot;:&quot;&quot;,&quot;orientation&quot;:&quot;0&quot;}\" data-image-title=\"1a8b74e1-86b5-4979-b64c-e28e78acf898\" data-image-description=\"\" data-image-caption=\"\" data-large-file=\"https:\/\/jornalrol.com.br\/wp-content\/uploads\/2025\/12\/1a8b74e1-86b5-4979-b64c-e28e78acf898-1.jpg\" src=\"https:\/\/jornalrol.com.br\/wp-content\/uploads\/2025\/12\/1a8b74e1-86b5-4979-b64c-e28e78acf898-1.jpg\" alt=\"\" class=\"wp-image-77469\" style=\"width:340px;height:auto\" srcset=\"https:\/\/jornalrol.com.br\/wp-content\/uploads\/2025\/12\/1a8b74e1-86b5-4979-b64c-e28e78acf898-1.jpg 720w, https:\/\/jornalrol.com.br\/wp-content\/uploads\/2025\/12\/1a8b74e1-86b5-4979-b64c-e28e78acf898-1-675x1200.jpg 675w\" sizes=\"auto, (max-width: 720px) 100vw, 720px\" \/><figcaption class=\"wp-element-caption\"><em>Imagem criada por IA da Meta &#8211; 22 de dezembro de 2025, <\/em><br><em>\u00e0s 16:00 PM<\/em><\/figcaption><\/figure>\n<\/div>\n\n\n<p class=\"has-text-align-center\">Cavalguei por um s\u00e9culo<br>Por escarpas e vales\u2026<br>Cavalguei em teu corpo por muitas idas e vindas\u2026<br>Em areia escaldante me banhei!<br>Por um s\u00e9culo, de tuas m\u00e3os em prece &#8211;<br>Perdoei os trope\u00e7os e equ\u00edvocos.<br>As flores murchas e os bot\u00f5es que nunca se abriram\u2026<br>Entre margaridas brancas e girass\u00f3is &#8211;<br>cavalguei nos sonhos dos her\u00f3is \u2026<br>Dos pesadelos &#8211; os sussurros e desapegos\u2026<br>Por um s\u00e9culo no c\u00e9u de tua boca, todas as estrelas!<br>E nas noites de Lua cheia a solid\u00e3o, prostrada no terreiro\u2026<br>Em teu corpo a eterna espera, o deserto e a imensid\u00e3o\u2026<br>T\u00e3o ut\u00f3pica quanto o o\u00e1sis que nunca encontramos!<\/p>\n\n\n\n<h3 class=\"wp-block-heading has-text-align-center\"><br>Evani Rocha<\/h3>\n\n\n\n<div class=\"wp-block-columns is-layout-flex wp-container-core-columns-is-layout-9d6595d7 wp-block-columns-is-layout-flex\">\n<div class=\"wp-block-column is-layout-flow wp-block-column-is-layout-flow\">\n<h3 class=\"wp-block-heading has-text-align-center has-blush-light-purple-gradient-background has-background\"><a href=\"https:\/\/www.facebook.com\/evani.rocha.58\" target=\"_blank\" rel=\"noopener\" title=\"Facebook\">Facebook<\/a><\/h3>\n<\/div>\n\n\n\n<div class=\"wp-block-column is-layout-flow wp-block-column-is-layout-flow\">\n<h3 class=\"wp-block-heading has-text-align-center has-blush-light-purple-gradient-background has-background\"><a href=\"https:\/\/www.instagram.com\/evani_rochaa\/\" title=\"Instagram\">Instagram<\/a><\/h3>\n<\/div>\n<\/div>\n\n\n\n<p><a href=\"https:\/\/jornalrol.com.br\/\" title=\"Voltar\">Voltar<\/a><\/p>\n\n\n\n<p><a href=\"https:\/\/www.facebook.com\/JCulturalrol\/\" title=\"Facebook\">Facebook<\/a><\/p>\n\n\n\n<h2 class=\"wp-block-heading\"><\/h2>\n","protected":false},"excerpt":{"rendered":"<p>Cavalguei por um s\u00e9culo por escarpas e vales\u2026 Cavalguei em teu corpo por muitas idas e vindas\u2026 Em areia escaldante me banhei! Por um s\u00e9culo, de tuas m\u00e3os em&#8230; <\/p>\n","protected":false},"author":94,"featured_media":77469,"comment_status":"open","ping_status":"closed","sticky":false,"template":"","format":"standard","meta":{"_jetpack_newsletter_access":"","_jetpack_dont_email_post_to_subs":false,"_jetpack_newsletter_tier_id":0,"_jetpack_memberships_contains_paywalled_content":false,"_jetpack_memberships_contains_paid_content":false,"footnotes":""},"categories":[9285,58],"tags":[15822,15823],"class_list":["post-77467","post","type-post","status-publish","format-standard","has-post-thumbnail","hentry","category-literatura","category-poesias","tag-escarpas-e-vales","tag-seculo"],"aioseo_notices":[],"views":576,"jetpack_featured_media_url":"https:\/\/jornalrol.com.br\/wp-content\/uploads\/2025\/12\/1a8b74e1-86b5-4979-b64c-e28e78acf898-1.jpg","jetpack_sharing_enabled":true,"jetpack_likes_enabled":true,"jetpack-related-posts":[{"id":68389,"url":"https:\/\/jornalrol.com.br\/?p=68389","url_meta":{"origin":77467,"position":0},"title":"H\u00e1 tanto mar entre n\u00f3s","author":"Evani Ferreira Rocha","date":"31 de julho de 2024","format":false,"excerpt":"H\u00e1 tanto mar entre n\u00f3s e muito c\u00e9u a nos tocar. Os p\u00e9s n\u00e3o sentem o ch\u00e3o, acho que estamos a voar. As \u00e1guas s\u00e3o cachoeiras transl\u00facidas a borbulhar. Da boca...","rel":"","context":"Em &quot;Literatura&quot;","block_context":{"text":"Literatura","link":"https:\/\/jornalrol.com.br\/?cat=9285"},"img":{"alt_text":"Imagem criada pela IA do Gencraft","src":"https:\/\/i0.wp.com\/jornalrol.com.br\/wp-content\/uploads\/2024\/07\/95b854ba-cf33-4af5-b92c-6e7f9c74ad61.jpeg?resize=350%2C200&ssl=1","width":350,"height":200,"srcset":"https:\/\/i0.wp.com\/jornalrol.com.br\/wp-content\/uploads\/2024\/07\/95b854ba-cf33-4af5-b92c-6e7f9c74ad61.jpeg?resize=350%2C200&ssl=1 1x, https:\/\/i0.wp.com\/jornalrol.com.br\/wp-content\/uploads\/2024\/07\/95b854ba-cf33-4af5-b92c-6e7f9c74ad61.jpeg?resize=525%2C300&ssl=1 1.5x, https:\/\/i0.wp.com\/jornalrol.com.br\/wp-content\/uploads\/2024\/07\/95b854ba-cf33-4af5-b92c-6e7f9c74ad61.jpeg?resize=700%2C400&ssl=1 2x"},"classes":[]},{"id":76149,"url":"https:\/\/jornalrol.com.br\/?p=76149","url_meta":{"origin":77467,"position":1},"title":"Fim de tarde","author":"Evani Ferreira Rocha","date":"13 de outubro de 2025","format":false,"excerpt":"A tarde caiu em seus olhos anuviados e perdidos no horizonte! O que se passa nos seus \u00faltimos anos de vida? Ser\u00e1 que ela j\u00e1 perdoou seus opressores, seus...","rel":"","context":"Em &quot;Contos&quot;","block_context":{"text":"Contos","link":"https:\/\/jornalrol.com.br\/?cat=9607"},"img":{"alt_text":"Imagem criada por IA do Gencraft","src":"https:\/\/i0.wp.com\/jornalrol.com.br\/wp-content\/uploads\/2025\/10\/Imagem-criada-por-IA-do-Gencraft-em-13-de-outubro-de-2025-as-10h00.jpg?resize=350%2C200&ssl=1","width":350,"height":200,"srcset":"https:\/\/i0.wp.com\/jornalrol.com.br\/wp-content\/uploads\/2025\/10\/Imagem-criada-por-IA-do-Gencraft-em-13-de-outubro-de-2025-as-10h00.jpg?resize=350%2C200&ssl=1 1x, https:\/\/i0.wp.com\/jornalrol.com.br\/wp-content\/uploads\/2025\/10\/Imagem-criada-por-IA-do-Gencraft-em-13-de-outubro-de-2025-as-10h00.jpg?resize=525%2C300&ssl=1 1.5x, https:\/\/i0.wp.com\/jornalrol.com.br\/wp-content\/uploads\/2025\/10\/Imagem-criada-por-IA-do-Gencraft-em-13-de-outubro-de-2025-as-10h00.jpg?resize=700%2C400&ssl=1 2x"},"classes":[]},{"id":74516,"url":"https:\/\/jornalrol.com.br\/?p=74516","url_meta":{"origin":77467,"position":2},"title":"Papel couch\u00e9","author":"Evani Ferreira Rocha","date":"24 de julho de 2025","format":false,"excerpt":"Sobre o papel couch\u00e9 desliza um pincel capcioso. A tinta fresca vai delineando caminhos, c\u00e9u e mar. A m\u00e3o \u00e1spera se movimenta, como que \u00e0 espera da perfeita...","rel":"","context":"Em &quot;Contos&quot;","block_context":{"text":"Contos","link":"https:\/\/jornalrol.com.br\/?cat=9607"},"img":{"alt_text":"Imagem criada por IA do Canva - 23 de julho de 2025, \u00e0s 23h40","src":"https:\/\/i0.wp.com\/jornalrol.com.br\/wp-content\/uploads\/2025\/07\/Imagem-gerada-por-IA-do-Canva-em-23-de-julho-de-2025-as-23h40.png?resize=350%2C200&ssl=1","width":350,"height":200,"srcset":"https:\/\/i0.wp.com\/jornalrol.com.br\/wp-content\/uploads\/2025\/07\/Imagem-gerada-por-IA-do-Canva-em-23-de-julho-de-2025-as-23h40.png?resize=350%2C200&ssl=1 1x, https:\/\/i0.wp.com\/jornalrol.com.br\/wp-content\/uploads\/2025\/07\/Imagem-gerada-por-IA-do-Canva-em-23-de-julho-de-2025-as-23h40.png?resize=525%2C300&ssl=1 1.5x, https:\/\/i0.wp.com\/jornalrol.com.br\/wp-content\/uploads\/2025\/07\/Imagem-gerada-por-IA-do-Canva-em-23-de-julho-de-2025-as-23h40.png?resize=700%2C400&ssl=1 2x, https:\/\/i0.wp.com\/jornalrol.com.br\/wp-content\/uploads\/2025\/07\/Imagem-gerada-por-IA-do-Canva-em-23-de-julho-de-2025-as-23h40.png?resize=1050%2C600&ssl=1 3x"},"classes":[]},{"id":70044,"url":"https:\/\/jornalrol.com.br\/?p=70044","url_meta":{"origin":77467,"position":3},"title":"N\u00e3o vale","author":"Evani Ferreira Rocha","date":"9 de outubro de 2024","format":false,"excerpt":"N\u00e3o vale a pena triturar os ossos. O \u00f3bvio, a tudo \u00e9 sabido. H\u00e1 quem sonha em viver o \u00f3cio, mas teme ser preterido. N\u00e3o vale a pena esvair-se por terra...","rel":"","context":"Em &quot;Literatura&quot;","block_context":{"text":"Literatura","link":"https:\/\/jornalrol.com.br\/?cat=9285"},"img":{"alt_text":"Imagem gerada por IA do Gencraft","src":"https:\/\/i0.wp.com\/jornalrol.com.br\/wp-content\/uploads\/2024\/10\/e8438204-a168-4d30-a7b0-e8aeda7edc8e.jpeg?resize=350%2C200&ssl=1","width":350,"height":200,"srcset":"https:\/\/i0.wp.com\/jornalrol.com.br\/wp-content\/uploads\/2024\/10\/e8438204-a168-4d30-a7b0-e8aeda7edc8e.jpeg?resize=350%2C200&ssl=1 1x, https:\/\/i0.wp.com\/jornalrol.com.br\/wp-content\/uploads\/2024\/10\/e8438204-a168-4d30-a7b0-e8aeda7edc8e.jpeg?resize=525%2C300&ssl=1 1.5x, https:\/\/i0.wp.com\/jornalrol.com.br\/wp-content\/uploads\/2024\/10\/e8438204-a168-4d30-a7b0-e8aeda7edc8e.jpeg?resize=700%2C400&ssl=1 2x"},"classes":[]},{"id":74022,"url":"https:\/\/jornalrol.com.br\/?p=74022","url_meta":{"origin":77467,"position":4},"title":"Tua aldravia","author":"Evani Ferreira Rocha","date":"2 de julho de 2025","format":false,"excerpt":"Tua poesia desabou em mim como tempestade, abriu valas, levou galhos e entulhos\u2026 Choveu, chuva torrencial! Me lavou inteira! Branqueou a carne antes...","rel":"","context":"Em &quot;Literatura&quot;","block_context":{"text":"Literatura","link":"https:\/\/jornalrol.com.br\/?cat=9285"},"img":{"alt_text":"Imagem criada por IA do Canva - 1\u00ba de julho de 2025, \u00e0s 09:00 PM","src":"https:\/\/i0.wp.com\/jornalrol.com.br\/wp-content\/uploads\/2025\/07\/Imagem-gerada-por-IA-do-Canva-em-01-de-julho-de-2025-as-9h00-1.jpg?resize=350%2C200&ssl=1","width":350,"height":200,"srcset":"https:\/\/i0.wp.com\/jornalrol.com.br\/wp-content\/uploads\/2025\/07\/Imagem-gerada-por-IA-do-Canva-em-01-de-julho-de-2025-as-9h00-1.jpg?resize=350%2C200&ssl=1 1x, https:\/\/i0.wp.com\/jornalrol.com.br\/wp-content\/uploads\/2025\/07\/Imagem-gerada-por-IA-do-Canva-em-01-de-julho-de-2025-as-9h00-1.jpg?resize=525%2C300&ssl=1 1.5x, https:\/\/i0.wp.com\/jornalrol.com.br\/wp-content\/uploads\/2025\/07\/Imagem-gerada-por-IA-do-Canva-em-01-de-julho-de-2025-as-9h00-1.jpg?resize=700%2C400&ssl=1 2x"},"classes":[]},{"id":79451,"url":"https:\/\/jornalrol.com.br\/?p=79451","url_meta":{"origin":77467,"position":5},"title":"Carolina Maria de Jesus","author":"Evani Ferreira Rocha","date":"23 de mar\u00e7o de 2026","format":false,"excerpt":"Hoje eu a conheci, Carolina! Vi voc\u00ea de perto, peito aberto, p\u00e9s descal\u00e7os\u2026 Vi voc\u00ea nas dezenas de p\u00e1ginas de um di\u00e1rio\u2026de muitos di\u00e1rios! Carolina, voc\u00ea que...","rel":"","context":"Em &quot;Literatura&quot;","block_context":{"text":"Literatura","link":"https:\/\/jornalrol.com.br\/?cat=9285"},"img":{"alt_text":"Imagem gerada pelo ChatGPT - 23 de mar\u00e7o de 2026, \u00e0s 08h20","src":"https:\/\/i0.wp.com\/jornalrol.com.br\/wp-content\/uploads\/2026\/03\/Imagem-gerada-por-ChatGPT-em-23-de-marco-de-2026-as-8h20.jpg?resize=350%2C200&ssl=1","width":350,"height":200,"srcset":"https:\/\/i0.wp.com\/jornalrol.com.br\/wp-content\/uploads\/2026\/03\/Imagem-gerada-por-ChatGPT-em-23-de-marco-de-2026-as-8h20.jpg?resize=350%2C200&ssl=1 1x, https:\/\/i0.wp.com\/jornalrol.com.br\/wp-content\/uploads\/2026\/03\/Imagem-gerada-por-ChatGPT-em-23-de-marco-de-2026-as-8h20.jpg?resize=525%2C300&ssl=1 1.5x, https:\/\/i0.wp.com\/jornalrol.com.br\/wp-content\/uploads\/2026\/03\/Imagem-gerada-por-ChatGPT-em-23-de-marco-de-2026-as-8h20.jpg?resize=700%2C400&ssl=1 2x"},"classes":[]}],"_links":{"self":[{"href":"https:\/\/jornalrol.com.br\/index.php?rest_route=\/wp\/v2\/posts\/77467","targetHints":{"allow":["GET"]}}],"collection":[{"href":"https:\/\/jornalrol.com.br\/index.php?rest_route=\/wp\/v2\/posts"}],"about":[{"href":"https:\/\/jornalrol.com.br\/index.php?rest_route=\/wp\/v2\/types\/post"}],"author":[{"embeddable":true,"href":"https:\/\/jornalrol.com.br\/index.php?rest_route=\/wp\/v2\/users\/94"}],"replies":[{"embeddable":true,"href":"https:\/\/jornalrol.com.br\/index.php?rest_route=%2Fwp%2Fv2%2Fcomments&post=77467"}],"version-history":[{"count":2,"href":"https:\/\/jornalrol.com.br\/index.php?rest_route=\/wp\/v2\/posts\/77467\/revisions"}],"predecessor-version":[{"id":77471,"href":"https:\/\/jornalrol.com.br\/index.php?rest_route=\/wp\/v2\/posts\/77467\/revisions\/77471"}],"wp:featuredmedia":[{"embeddable":true,"href":"https:\/\/jornalrol.com.br\/index.php?rest_route=\/wp\/v2\/media\/77469"}],"wp:attachment":[{"href":"https:\/\/jornalrol.com.br\/index.php?rest_route=%2Fwp%2Fv2%2Fmedia&parent=77467"}],"wp:term":[{"taxonomy":"category","embeddable":true,"href":"https:\/\/jornalrol.com.br\/index.php?rest_route=%2Fwp%2Fv2%2Fcategories&post=77467"},{"taxonomy":"post_tag","embeddable":true,"href":"https:\/\/jornalrol.com.br\/index.php?rest_route=%2Fwp%2Fv2%2Ftags&post=77467"}],"curies":[{"name":"wp","href":"https:\/\/api.w.org\/{rel}","templated":true}]}}