{"id":77511,"date":"2026-01-05T08:14:00","date_gmt":"2026-01-05T11:14:00","guid":{"rendered":"https:\/\/jornalrol.com.br\/?p=77511"},"modified":"2026-01-04T18:34:24","modified_gmt":"2026-01-04T21:34:24","slug":"de-la-dimension-ontica-y-ontologica-del-saber","status":"publish","type":"post","link":"https:\/\/jornalrol.com.br\/?p=77511","title":{"rendered":"De la dimensi\u00f3n \u00f3ntica y ontol\u00f3gica del saber"},"content":{"rendered":"<div class=\"pdfprnt-buttons pdfprnt-buttons-post pdfprnt-top-right\"><a href=\"https:\/\/jornalrol.com.br\/index.php?rest_route=%2Fwp%2Fv2%2Fposts%2F77511&print=pdf\" class=\"pdfprnt-button pdfprnt-button-pdf\" target=\"_blank\" ><\/a><a href=\"https:\/\/jornalrol.com.br\/index.php?rest_route=%2Fwp%2Fv2%2Fposts%2F77511&print=print\" class=\"pdfprnt-button pdfprnt-button-print\" target=\"_blank\" ><img decoding=\"async\" src=\"https:\/\/jornalrol.com.br\/wp-content\/plugins\/pdf-print\/images\/print.png\" alt=\"image_print\" title=\"Conte\u00fado de impress\u00e3o\" \/><\/a><\/div>\n<h2 class=\"wp-block-heading has-text-align-center\">Juli\u00e1n Alberto Guill\u00e9n L\u00f3pez<br><br> &#8216;De la dimensi\u00f3n \u00f3ntica y ontol\u00f3gica del saber&#8217;<br><br><\/h2>\n\n\n<div class=\"wp-block-image\">\n<figure class=\"aligncenter size-full is-resized\"><img loading=\"lazy\" decoding=\"async\" width=\"359\" height=\"399\" data-attachment-id=\"77515\" data-permalink=\"https:\/\/jornalrol.com.br\/?attachment_id=77515\" data-orig-file=\"https:\/\/jornalrol.com.br\/wp-content\/uploads\/2025\/12\/fc7254b7-98ec-4c64-ac8a-75881e5cd4ce.jpg\" data-orig-size=\"359,399\" data-comments-opened=\"1\" data-image-meta=\"{&quot;aperture&quot;:&quot;0&quot;,&quot;credit&quot;:&quot;&quot;,&quot;camera&quot;:&quot;&quot;,&quot;caption&quot;:&quot;&quot;,&quot;created_timestamp&quot;:&quot;0&quot;,&quot;copyright&quot;:&quot;&quot;,&quot;focal_length&quot;:&quot;0&quot;,&quot;iso&quot;:&quot;0&quot;,&quot;shutter_speed&quot;:&quot;0&quot;,&quot;title&quot;:&quot;&quot;,&quot;orientation&quot;:&quot;0&quot;}\" data-image-title=\"fc7254b7-98ec-4c64-ac8a-75881e5cd4ce\" data-image-description=\"\" data-image-caption=\"\" data-large-file=\"https:\/\/jornalrol.com.br\/wp-content\/uploads\/2025\/12\/fc7254b7-98ec-4c64-ac8a-75881e5cd4ce.jpg\" src=\"https:\/\/jornalrol.com.br\/wp-content\/uploads\/2025\/12\/fc7254b7-98ec-4c64-ac8a-75881e5cd4ce.jpg\" alt=\"Juli\u00e1n Alberto Guill\u00e9n L\u00f3pez\" class=\"wp-image-77515\" style=\"aspect-ratio:0.8997806845774262;width:165px;height:auto\"\/><figcaption class=\"wp-element-caption\">Juli\u00e1n Alberto Guill\u00e9n L\u00f3pez<\/figcaption><\/figure>\n<\/div>\n\n<div class=\"wp-block-image\">\n<figure class=\"aligncenter size-full is-resized\"><img loading=\"lazy\" decoding=\"async\" width=\"1280\" height=\"1280\" data-attachment-id=\"77631\" data-permalink=\"https:\/\/jornalrol.com.br\/?attachment_id=77631\" data-orig-file=\"https:\/\/jornalrol.com.br\/wp-content\/uploads\/2025\/12\/f84fd68f-b12c-4914-b9cf-ee7766da1adf.jpg\" data-orig-size=\"1280,1280\" data-comments-opened=\"1\" data-image-meta=\"{&quot;aperture&quot;:&quot;0&quot;,&quot;credit&quot;:&quot;&quot;,&quot;camera&quot;:&quot;&quot;,&quot;caption&quot;:&quot;&quot;,&quot;created_timestamp&quot;:&quot;0&quot;,&quot;copyright&quot;:&quot;&quot;,&quot;focal_length&quot;:&quot;0&quot;,&quot;iso&quot;:&quot;0&quot;,&quot;shutter_speed&quot;:&quot;0&quot;,&quot;title&quot;:&quot;&quot;,&quot;orientation&quot;:&quot;0&quot;}\" data-image-title=\"f84fd68f-b12c-4914-b9cf-ee7766da1adf\" data-image-description=\"\" data-image-caption=\"\" data-large-file=\"https:\/\/jornalrol.com.br\/wp-content\/uploads\/2025\/12\/f84fd68f-b12c-4914-b9cf-ee7766da1adf.jpg\" src=\"https:\/\/jornalrol.com.br\/wp-content\/uploads\/2025\/12\/f84fd68f-b12c-4914-b9cf-ee7766da1adf.jpg\" alt=\"Imagem criada por IA da Meta\" class=\"wp-image-77631\" style=\"width:388px;height:auto\" srcset=\"https:\/\/jornalrol.com.br\/wp-content\/uploads\/2025\/12\/f84fd68f-b12c-4914-b9cf-ee7766da1adf.jpg 1280w, https:\/\/jornalrol.com.br\/wp-content\/uploads\/2025\/12\/f84fd68f-b12c-4914-b9cf-ee7766da1adf-1200x1200.jpg 1200w, https:\/\/jornalrol.com.br\/wp-content\/uploads\/2025\/12\/f84fd68f-b12c-4914-b9cf-ee7766da1adf-600x600.jpg 600w, https:\/\/jornalrol.com.br\/wp-content\/uploads\/2025\/12\/f84fd68f-b12c-4914-b9cf-ee7766da1adf-768x768.jpg 768w\" sizes=\"auto, (max-width: 1280px) 100vw, 1280px\" \/><figcaption class=\"wp-element-caption\"><em>Imagem criada por IA da Meta<\/em><\/figcaption><\/figure>\n<\/div>\n\n\n<p class=\"has-drop-cap\">Leyendo acerca de la doctrina fenomenol\u00f3gica de <a href=\"https:\/\/pt.wikipedia.org\/wiki\/Martin_Heidegger\" title=\"Heidegger\">Heidegger<\/a> pude rescatar lo siguiente: &#8220;La mente debe expandirse continuamente hacia lo que no entiende.&#8221; O en palabras de Heidegger: &#8220;Sin embargo para el pensar es m\u00e1s saludable andar en lo que extra\u00f1a (como desconocimiento) que instalarse en lo comprensible&#8221;.<\/p>\n\n\n\n<p>Es decir, que la mente debe vislumbrar hacia el aprehendimiento de lo ente, para as\u00ed mismo dar el paso a lo Sein (a lo que Es). Hablando en t\u00e9rminos generales, no terminamos de captar la vivencia de los objetos hasta que los entendemos en su dimensi\u00f3n de existentes (como manifestaci\u00f3n) y de entes (como objetos).<\/p>\n\n\n\n<p>Sin esa apertura el conocimiento no termina de ser actualidad, lo cual lo convierte en incompleto. Conocer es mirar hacia algo y comprenderlo (abarcarlo), que tambi\u00e9n es, ser-ah\u00ed en el instante o acontecer.<\/p>\n\n\n\n<p>Cuando me lanzo a la persecuci\u00f3n del conocimiento de algo estoy siendo y existiendo. Me trasciendo como sujeto y es de ah\u00ed que el conocimiento como algo intangible se vuelva en un objetivo tangible de la b\u00fasqueda de estabilidad humana.<\/p>\n\n\n\n<p>El reconocer que desconozco debe apuntarme al camino del saber. Esa ausencia implica una esencia, la cual al ser reconocida por m\u00ed habla de su existencia y necesidad de reconocimiento.<\/p>\n\n\n\n<p>Lo que acaece es entonces posibilidad y excedencia de ser en relaci\u00f3n a lo que es.<\/p>\n\n\n\n<p>En t\u00e9rminos mucho m\u00e1s simples, aquello que conozco es insignificante frente al conjunto que abarca lo que desconozco. Ergo, deber\u00eda procurar guardar con denuedo lo que s\u00e9, pero estar abierto a la posibilidad de lo que es. Ya que este sigue siendo m\u00e1s inmenso.<\/p>\n\n\n\n<p>Como dir\u00eda <a href=\"https:\/\/pt.wikipedia.org\/wiki\/Isaac_Newton\" title=\"Isaac Newton\">Isaac Newton<\/a>: &#8220;Lo que sabemos es una gota de agua; lo que ignoramos es el oc\u00e9ano&#8221;. O en mi reinterpretaci\u00f3n: &#8220;Lo que s\u00e9 es un grano de arena en el mar infinito de la sabidur\u00eda&#8221;.<\/p>\n\n\n\n<h3 class=\"wp-block-heading has-text-align-center\">Juli\u00e1n Alberto Guill\u00e9n L\u00f3pez<\/h3>\n\n\n\n<div class=\"wp-block-columns is-layout-flex wp-container-core-columns-is-layout-9d6595d7 wp-block-columns-is-layout-flex\">\n<div class=\"wp-block-column is-layout-flow wp-block-column-is-layout-flow\">\n<h3 class=\"wp-block-heading has-text-align-center has-pale-ocean-gradient-background has-background\"><a href=\"https:\/\/www.instagram.com\/guillenzagorakis\/\" target=\"_blank\" rel=\"noopener\" title=\"Instagram\">Instagram<\/a><\/h3>\n<\/div>\n\n\n\n<div class=\"wp-block-column is-layout-flow wp-block-column-is-layout-flow\">\n<h3 class=\"wp-block-heading has-text-align-center has-pale-ocean-gradient-background has-background\"><a href=\"https:\/\/www.facebook.com\/LinoRenand8?locale=pt_BR\" title=\"Facebook\">Facebook<\/a><\/h3>\n<\/div>\n<\/div>\n\n\n\n<p><a href=\"https:\/\/jornalrol.com.br\/\" title=\"Voltar\">Voltar<\/a><\/p>\n\n\n\n<p><a href=\"https:\/\/www.facebook.com\/JCulturalrol\/\" title=\"Facebook\">Facebook<\/a><\/p>\n","protected":false},"excerpt":{"rendered":"<p>Leyendo acerca de la doctrina fenomenol\u00f3gica de Heidegger pude rescatar lo siguiente: &#8220;La mente debe expandirse continuamente hacia lo que no entiende.&#8221;<\/p>\n","protected":false},"author":115,"featured_media":77631,"comment_status":"open","ping_status":"closed","sticky":false,"template":"","format":"standard","meta":{"_jetpack_newsletter_access":"","_jetpack_dont_email_post_to_subs":false,"_jetpack_newsletter_tier_id":0,"_jetpack_memberships_contains_paywalled_content":false,"_jetpack_memberships_contains_paid_content":false,"footnotes":""},"categories":[9398,9285],"tags":[15833,15835,15837,13051],"class_list":["post-77511","post","type-post","status-publish","format-standard","has-post-thumbnail","hentry","category-artigos","category-literatura","tag-dimensao-ontica","tag-doutrina-fonomenologica","tag-isaacnewton","tag-saber"],"aioseo_notices":[],"views":338,"jetpack_featured_media_url":"https:\/\/jornalrol.com.br\/wp-content\/uploads\/2025\/12\/f84fd68f-b12c-4914-b9cf-ee7766da1adf.jpg","jetpack_sharing_enabled":true,"jetpack_likes_enabled":true,"jetpack-related-posts":[{"id":75841,"url":"https:\/\/jornalrol.com.br\/?p=75841","url_meta":{"origin":77511,"position":0},"title":"Fiat voluntas mihi","author":"Julian Alberto Guillen Lopez","date":"25 de setembro de 2025","format":false,"excerpt":"Los clavecines de Bach se trocar\u00e1n en peque\u00f1os, las modulaciones que soberbio tocaba Scarlatti desvanecer\u00e1n como siluetas. La muerte sera apenas una brizna...","rel":"","context":"Em &quot;Literatura&quot;","block_context":{"text":"Literatura","link":"https:\/\/jornalrol.com.br\/?cat=9285"},"img":{"alt_text":"Imagem criada por IA da Meta","src":"https:\/\/i0.wp.com\/jornalrol.com.br\/wp-content\/uploads\/2025\/09\/52a9a722-156a-427d-a6fc-122649565ce6.jpeg?resize=350%2C200&ssl=1","width":350,"height":200,"srcset":"https:\/\/i0.wp.com\/jornalrol.com.br\/wp-content\/uploads\/2025\/09\/52a9a722-156a-427d-a6fc-122649565ce6.jpeg?resize=350%2C200&ssl=1 1x, https:\/\/i0.wp.com\/jornalrol.com.br\/wp-content\/uploads\/2025\/09\/52a9a722-156a-427d-a6fc-122649565ce6.jpeg?resize=525%2C300&ssl=1 1.5x, https:\/\/i0.wp.com\/jornalrol.com.br\/wp-content\/uploads\/2025\/09\/52a9a722-156a-427d-a6fc-122649565ce6.jpeg?resize=700%2C400&ssl=1 2x, https:\/\/i0.wp.com\/jornalrol.com.br\/wp-content\/uploads\/2025\/09\/52a9a722-156a-427d-a6fc-122649565ce6.jpeg?resize=1050%2C600&ssl=1 3x"},"classes":[]},{"id":68657,"url":"https:\/\/jornalrol.com.br\/?p=68657","url_meta":{"origin":77511,"position":1},"title":"Do M\u00e9xico para o ROL, Juli\u00e1n Alberto Guill\u00e9n L\u00f3pez","author":"Sergio Diniz da Costa","date":"13 de agosto de 2024","format":false,"excerpt":"Juli\u00e1n Colinas, Ya-Gel, Lian-Yu Yenggi, Juli\u00e1n Tenorio, Liam Maull\u00e9 Gil, Rino Specchio, Lino Renand, Armafuerte... as muitas faces liter\u00e1rias de J. A. Guill\u00e9n L\u00f3pez Juli\u00e1n Alberto Gill\u00e9n L\u00f3pez Juli\u00e1n Alberto Guill\u00e9n L\u00f3pez, 26, \u00e9 natural de Minatitl\u00e1n, Veracruz, e atualmente residente em Aguascalientes, M\u00e9xico. Um poeta precoce que, aos 12\u2026","rel":"","context":"Em &quot;Sem categoria&quot;","block_context":{"text":"Sem categoria","link":"https:\/\/jornalrol.com.br\/?cat=1"},"img":{"alt_text":"Juli\u00e1n Alberto Guill\u00e9n L\u00f3pez.","src":"https:\/\/i0.wp.com\/jornalrol.com.br\/wp-content\/uploads\/2024\/08\/20240811_2108432.jpg?resize=350%2C200&ssl=1","width":350,"height":200,"srcset":"https:\/\/i0.wp.com\/jornalrol.com.br\/wp-content\/uploads\/2024\/08\/20240811_2108432.jpg?resize=350%2C200&ssl=1 1x, https:\/\/i0.wp.com\/jornalrol.com.br\/wp-content\/uploads\/2024\/08\/20240811_2108432.jpg?resize=525%2C300&ssl=1 1.5x, https:\/\/i0.wp.com\/jornalrol.com.br\/wp-content\/uploads\/2024\/08\/20240811_2108432.jpg?resize=700%2C400&ssl=1 2x"},"classes":[]},{"id":74573,"url":"https:\/\/jornalrol.com.br\/?p=74573","url_meta":{"origin":77511,"position":2},"title":"Partenope","author":"Julian Alberto Guillen Lopez","date":"29 de julho de 2025","format":false,"excerpt":"Voc\u00ea cura a lepra, oh, minha senhora, causando espasmos na face das \u00e1guas. Voc\u00ea \u00e9 como um anjo que desce com rosto luminoso \u00e0s ondas inquietas da margem do...","rel":"","context":"Em &quot;Literatura&quot;","block_context":{"text":"Literatura","link":"https:\/\/jornalrol.com.br\/?cat=9285"},"img":{"alt_text":"Imagem criada por IA da Meta - 29 de julho de 2025, \u00e0s 17:28 PM","src":"https:\/\/i0.wp.com\/jornalrol.com.br\/wp-content\/uploads\/2025\/07\/74e9ed89-2eca-4658-9af5-7bdbe64bfe34.jpg?resize=350%2C200&ssl=1","width":350,"height":200,"srcset":"https:\/\/i0.wp.com\/jornalrol.com.br\/wp-content\/uploads\/2025\/07\/74e9ed89-2eca-4658-9af5-7bdbe64bfe34.jpg?resize=350%2C200&ssl=1 1x, https:\/\/i0.wp.com\/jornalrol.com.br\/wp-content\/uploads\/2025\/07\/74e9ed89-2eca-4658-9af5-7bdbe64bfe34.jpg?resize=525%2C300&ssl=1 1.5x, https:\/\/i0.wp.com\/jornalrol.com.br\/wp-content\/uploads\/2025\/07\/74e9ed89-2eca-4658-9af5-7bdbe64bfe34.jpg?resize=700%2C400&ssl=1 2x, https:\/\/i0.wp.com\/jornalrol.com.br\/wp-content\/uploads\/2025\/07\/74e9ed89-2eca-4658-9af5-7bdbe64bfe34.jpg?resize=1050%2C600&ssl=1 3x"},"classes":[]},{"id":72464,"url":"https:\/\/jornalrol.com.br\/?p=72464","url_meta":{"origin":77511,"position":3},"title":"Desenterrar o po\u00e9tico","author":"Julian Alberto Guillen Lopez","date":"17 de mar\u00e7o de 2025","format":false,"excerpt":"Desenterrar o po\u00e9tico das minhas entranhas, sentir que conflui pela estrada das minhas veias, que se fa\u00e7a para mim todos os dias semelhante ao n\u00e9ctar que me...","rel":"","context":"Em &quot;Literatura&quot;","block_context":{"text":"Literatura","link":"https:\/\/jornalrol.com.br\/?cat=9285"},"img":{"alt_text":"Imagem criada por IA no Bing - 17 de mar\u00e7o de 2025, \u00e0s 12:38 PM","src":"https:\/\/i0.wp.com\/jornalrol.com.br\/wp-content\/uploads\/2025\/03\/OIG1.XrG_.A1ztjEG1rh_pk.jpg?resize=350%2C200&ssl=1","width":350,"height":200,"srcset":"https:\/\/i0.wp.com\/jornalrol.com.br\/wp-content\/uploads\/2025\/03\/OIG1.XrG_.A1ztjEG1rh_pk.jpg?resize=350%2C200&ssl=1 1x, https:\/\/i0.wp.com\/jornalrol.com.br\/wp-content\/uploads\/2025\/03\/OIG1.XrG_.A1ztjEG1rh_pk.jpg?resize=525%2C300&ssl=1 1.5x, https:\/\/i0.wp.com\/jornalrol.com.br\/wp-content\/uploads\/2025\/03\/OIG1.XrG_.A1ztjEG1rh_pk.jpg?resize=700%2C400&ssl=1 2x"},"classes":[]},{"id":25445,"url":"https:\/\/jornalrol.com.br\/?p=25445","url_meta":{"origin":77511,"position":4},"title":"ATENDIMENTO N\u00daMERO 1108,1109,1110 e 1111.\u2026","author":"Helio Rubens","date":"20 de mar\u00e7o de 2019","format":false,"excerpt":"ATENDIMENTO N\u00daMERO 1108,1109,1110 e 1111. Prezada Fernanda, bom dia. Procurei em todos os meus arquivos de Genealogia dos sobrenomes, GARCIA, LOPES, GRANDI E SANCHES. N\u00e3o encontrei nenhuma referencia sobre DOLORES GARCIA LOPES. Voc\u00ea como tem a data de chegada dela no porto de Santos \u00e9 preciso verificar na HOSPEDARIA DOS\u2026","rel":"","context":"Em &quot;Comunica\u00e7\u00e3o&quot;","block_context":{"text":"Comunica\u00e7\u00e3o","link":"https:\/\/jornalrol.com.br\/?cat=7"},"img":{"alt_text":"","src":"https:\/\/i0.wp.com\/www.jornalrol.com.br\/wp-content\/uploads\/2018\/03\/afranio-150x150.jpg?resize=350%2C200","width":350,"height":200},"classes":[]},{"id":80374,"url":"https:\/\/jornalrol.com.br\/?p=80374","url_meta":{"origin":77511,"position":5},"title":"Da Espanha ao ROL, Rafael Pe\u00f1as Cruz!","author":"Sergio Diniz da Costa","date":"27 de abril de 2026","format":false,"excerpt":"Rafael Pe\u00f1as Cruz, natural de Pozoblanco, em C\u00f3rdoba, Espanha, \u00e9 escritor, tradutor e professor aposentado de Cultura e Sociedade Hisp\u00e2nica. \u00c9 formado em...","rel":"","context":"Em &quot;Apresenta\u00e7\u00e3o de colunista&quot;","block_context":{"text":"Apresenta\u00e7\u00e3o de colunista","link":"https:\/\/jornalrol.com.br\/?cat=10981"},"img":{"alt_text":"Rafael Pe\u00f1as Cruz","src":"https:\/\/i0.wp.com\/jornalrol.com.br\/wp-content\/uploads\/2026\/04\/IMG-20260120-WA0022.jpg?resize=350%2C200&ssl=1","width":350,"height":200,"srcset":"https:\/\/i0.wp.com\/jornalrol.com.br\/wp-content\/uploads\/2026\/04\/IMG-20260120-WA0022.jpg?resize=350%2C200&ssl=1 1x, https:\/\/i0.wp.com\/jornalrol.com.br\/wp-content\/uploads\/2026\/04\/IMG-20260120-WA0022.jpg?resize=525%2C300&ssl=1 1.5x, https:\/\/i0.wp.com\/jornalrol.com.br\/wp-content\/uploads\/2026\/04\/IMG-20260120-WA0022.jpg?resize=700%2C400&ssl=1 2x, https:\/\/i0.wp.com\/jornalrol.com.br\/wp-content\/uploads\/2026\/04\/IMG-20260120-WA0022.jpg?resize=1050%2C600&ssl=1 3x"},"classes":[]}],"_links":{"self":[{"href":"https:\/\/jornalrol.com.br\/index.php?rest_route=\/wp\/v2\/posts\/77511","targetHints":{"allow":["GET"]}}],"collection":[{"href":"https:\/\/jornalrol.com.br\/index.php?rest_route=\/wp\/v2\/posts"}],"about":[{"href":"https:\/\/jornalrol.com.br\/index.php?rest_route=\/wp\/v2\/types\/post"}],"author":[{"embeddable":true,"href":"https:\/\/jornalrol.com.br\/index.php?rest_route=\/wp\/v2\/users\/115"}],"replies":[{"embeddable":true,"href":"https:\/\/jornalrol.com.br\/index.php?rest_route=%2Fwp%2Fv2%2Fcomments&post=77511"}],"version-history":[{"count":2,"href":"https:\/\/jornalrol.com.br\/index.php?rest_route=\/wp\/v2\/posts\/77511\/revisions"}],"predecessor-version":[{"id":77632,"href":"https:\/\/jornalrol.com.br\/index.php?rest_route=\/wp\/v2\/posts\/77511\/revisions\/77632"}],"wp:featuredmedia":[{"embeddable":true,"href":"https:\/\/jornalrol.com.br\/index.php?rest_route=\/wp\/v2\/media\/77631"}],"wp:attachment":[{"href":"https:\/\/jornalrol.com.br\/index.php?rest_route=%2Fwp%2Fv2%2Fmedia&parent=77511"}],"wp:term":[{"taxonomy":"category","embeddable":true,"href":"https:\/\/jornalrol.com.br\/index.php?rest_route=%2Fwp%2Fv2%2Fcategories&post=77511"},{"taxonomy":"post_tag","embeddable":true,"href":"https:\/\/jornalrol.com.br\/index.php?rest_route=%2Fwp%2Fv2%2Ftags&post=77511"}],"curies":[{"name":"wp","href":"https:\/\/api.w.org\/{rel}","templated":true}]}}