{"id":77604,"date":"2026-01-05T12:00:00","date_gmt":"2026-01-05T15:00:00","guid":{"rendered":"https:\/\/jornalrol.com.br\/?p=77604"},"modified":"2026-01-03T21:11:09","modified_gmt":"2026-01-04T00:11:09","slug":"quando-a-escrita-vira-heranca","status":"publish","type":"post","link":"https:\/\/jornalrol.com.br\/?p=77604","title":{"rendered":"Quando a escrita vira heran\u00e7a"},"content":{"rendered":"<div class=\"pdfprnt-buttons pdfprnt-buttons-post pdfprnt-top-right\"><a href=\"https:\/\/jornalrol.com.br\/index.php?rest_route=%2Fwp%2Fv2%2Fposts%2F77604&print=pdf\" class=\"pdfprnt-button pdfprnt-button-pdf\" target=\"_blank\" ><\/a><a href=\"https:\/\/jornalrol.com.br\/index.php?rest_route=%2Fwp%2Fv2%2Fposts%2F77604&print=print\" class=\"pdfprnt-button pdfprnt-button-print\" target=\"_blank\" ><img decoding=\"async\" src=\"https:\/\/jornalrol.com.br\/wp-content\/plugins\/pdf-print\/images\/print.png\" alt=\"image_print\" title=\"Conte\u00fado de impress\u00e3o\" \/><\/a><\/div>\n<h2 class=\"wp-block-heading has-text-align-center\">Pai e filho constroem mundos e reflex\u00f5es na literatura nacional<\/h2>\n\n\n\n<p><br><\/p>\n\n\n<div class=\"wp-block-image\">\n<figure class=\"aligncenter size-full is-resized\"><img loading=\"lazy\" decoding=\"async\" width=\"960\" height=\"1280\" data-attachment-id=\"72321\" data-permalink=\"https:\/\/jornalrol.com.br\/?attachment_id=72321\" data-orig-file=\"https:\/\/jornalrol.com.br\/wp-content\/uploads\/2025\/03\/Imagem-do-WhatsApp-de-2024-06-14-as-10.10.37_b076c7c2-Reginaldo-Andrade.jpg\" data-orig-size=\"960,1280\" data-comments-opened=\"1\" data-image-meta=\"{&quot;aperture&quot;:&quot;0&quot;,&quot;credit&quot;:&quot;&quot;,&quot;camera&quot;:&quot;&quot;,&quot;caption&quot;:&quot;&quot;,&quot;created_timestamp&quot;:&quot;0&quot;,&quot;copyright&quot;:&quot;&quot;,&quot;focal_length&quot;:&quot;0&quot;,&quot;iso&quot;:&quot;0&quot;,&quot;shutter_speed&quot;:&quot;0&quot;,&quot;title&quot;:&quot;&quot;,&quot;orientation&quot;:&quot;0&quot;}\" data-image-title=\"Imagem do WhatsApp de 2024-06-14 \u00e0(s) 10.10.37_b076c7c2 &amp;#8211; Reginaldo Andrade\" data-image-description=\"\" data-image-caption=\"\" data-large-file=\"https:\/\/jornalrol.com.br\/wp-content\/uploads\/2025\/03\/Imagem-do-WhatsApp-de-2024-06-14-as-10.10.37_b076c7c2-Reginaldo-Andrade.jpg\" src=\"http:\/\/jornalrol.com.br\/wp-content\/uploads\/2025\/03\/Imagem-do-WhatsApp-de-2024-06-14-as-10.10.37_b076c7c2-Reginaldo-Andrade.jpg\" alt=\"Reginaldo e Diogo\" class=\"wp-image-72321\" style=\"width:426px;height:auto\" srcset=\"https:\/\/jornalrol.com.br\/wp-content\/uploads\/2025\/03\/Imagem-do-WhatsApp-de-2024-06-14-as-10.10.37_b076c7c2-Reginaldo-Andrade.jpg 960w, https:\/\/jornalrol.com.br\/wp-content\/uploads\/2025\/03\/Imagem-do-WhatsApp-de-2024-06-14-as-10.10.37_b076c7c2-Reginaldo-Andrade-900x1200.jpg 900w, https:\/\/jornalrol.com.br\/wp-content\/uploads\/2025\/03\/Imagem-do-WhatsApp-de-2024-06-14-as-10.10.37_b076c7c2-Reginaldo-Andrade-768x1024.jpg 768w\" sizes=\"auto, (max-width: 960px) 100vw, 960px\" \/><figcaption class=\"wp-element-caption\">Reginaldo e Diogo<\/figcaption><\/figure>\n<\/div>\n\n\n<p><br><\/p>\n\n\n\n<p class=\"has-drop-cap\">A literatura tem dessas coisas bonitas: \u00e0s vezes ela nasce de um v\u00ednculo, de conversas \u00e0 mesa, de ideias que atravessam gera\u00e7\u00f5es. <\/p>\n\n\n\n<p>\u00c9 assim com Reginaldo Saulo de Andrade e Diogo Vaz, pai e filho que transformaram o afeto e a criatividade em um projeto liter\u00e1rio chamado Pai e Filho Escritores.<\/p>\n\n\n\n<p>Naturais de Patos de Minas (MG), eles encontraram na escrita um espa\u00e7o comum para criar hist\u00f3rias que dialogam com o presente, questionam o futuro e, acima de tudo, emocionam. <\/p>\n\n\n\n<p>Apesar de trajet\u00f3rias diferentes, a paix\u00e3o pelas palavras foi o ponto de encontro.<\/p>\n\n\n\n<p>Reginaldo, contador de forma\u00e7\u00e3o e com MBA em Gest\u00e3o Empresarial, j\u00e1 flertava com a arte muito antes dos livros.  <\/p>\n\n\n\n<p>Seu primeiro contato com a escrita veio por meio da m\u00fasica, com composi\u00e7\u00f5es autorais que chegaram ao Spotify, como \u201cEu Quero Ver\u201d, \u201cEnquanto o Padre Diz Am\u00e9m\u201d e \u201cI\u2019m Leaving You\u201d. <\/p>\n\n\n\n<p>J\u00e1 a literatura entrou em cena no fim de 2022, quando decidiu, ao lado do filho, dar vida a um projeto ousado e cheio de significado.<\/p>\n\n\n\n<p>Desde ent\u00e3o, a dupla j\u00e1 lan\u00e7ou tr\u00eas livros, todos com um ponto em comum: usar a fic\u00e7\u00e3o como espelho para reflex\u00f5es atuais.<\/p>\n\n\n\n<p>Em \u201c<strong>Epic Adventure \u2013 O jogo que mudou o mundo<\/strong>\u201d, pai e filho mergulham na fic\u00e7\u00e3o cient\u00edfica para contar a hist\u00f3ria de quatro adolescentes que criam um jogo de realidade virtual. <\/p>\n\n\n\n<p>O que come\u00e7a como um projeto promissor se transforma em um pesadelo quando um hacker assume o controle do sistema e faz com que a morte no jogo signifique a morte na vida real. <\/p>\n\n\n\n<p>Entre a\u00e7\u00e3o, suspense e tecnologia, a obra provoca uma reflex\u00e3o inquietante sobre limites, responsabilidade e as consequ\u00eancias do mundo digital.<\/p>\n\n\n\n<p>J\u00e1 <strong>\u201cEntre dois mundos\u201d<\/strong> apresenta uma narrativa mais sens\u00edvel e filos\u00f3fica. <\/p>\n\n\n\n<p>Lucas, um jovem sargento em miss\u00e3o em um planeta distante, poss\u00edvel novo lar da humanidade ap\u00f3s a destrui\u00e7\u00e3o da Terra, acorda ferido em uma UTI e conhece Mariana, uma jovem em est\u00e1gio avan\u00e7ado de c\u00e2ncer. <\/p>\n\n\n\n<p>A partir dessa rela\u00e7\u00e3o, ele passa a reconstruir mem\u00f3rias de duas vidas distintas, descobrindo que a exist\u00eancia pode ser muito mais complexa, coincidente e misteriosa do que parece.<\/p>\n\n\n\n<p>O mais recente lan\u00e7amento, <strong>\u201c2057 \u2013 Heran\u00e7as do Caos\u201d<\/strong>, leva o leitor a um cen\u00e1rio p\u00f3s-apocal\u00edptico, onde sete jovens tentam sobreviver em meio a criaturas mutantes e \u00e0 aus\u00eancia de ordem. <\/p>\n\n\n\n<p>A esperan\u00e7a de reconstru\u00e7\u00e3o \u00e9 colocada \u00e0 prova quando um cientista cruel sequestra duas das garotas para experi\u00eancias que buscam controlar as muta\u00e7\u00f5es. <\/p>\n\n\n\n<p>Uma hist\u00f3ria intensa sobre sobreviv\u00eancia, \u00e9tica e humanidade.<\/p>\n\n\n\n<p>Al\u00e9m dos romances, Reginaldo tamb\u00e9m assina o conto <strong>\u201cFogos da Meia-Noite\u201d<\/strong>, uma obra forte e necess\u00e1ria. <\/p>\n\n\n\n<p>Inspirado nos recentes acontecimentos ligados \u00e0 seguran\u00e7a p\u00fablica e ao combate ao crime organizado no Brasil, especialmente no Rio de Janeiro, o texto nasce como um desabafo. <\/p>\n\n\n\n<p>Enquanto discursos se dividem entre defender criminosos ou policiais, o conto d\u00e1 voz a quem quase nunca \u00e9 ouvido: as pessoas comuns que vivem sob o medo, o sil\u00eancio e os impactos di\u00e1rios dessa realidade. <\/p>\n\n\n\n<p>A obra \u00e9 dedicada aos policiais, trabalhadores que atuam na linha de frente, mas tamb\u00e9m \u00e9, sobretudo, um grito em defesa da popula\u00e7\u00e3o esquecida.<\/p>\n\n\n\n<p>Mesmo reconhecendo as dificuldades enfrentadas pelos autores nacionais em um mercado cada vez mais competitivo, Reginaldo e Diogo seguem firmes. <\/p>\n\n\n\n<p>Escrevem porque acreditam. <\/p>\n\n\n\n<p>Porque sabem que hist\u00f3rias t\u00eam o poder de tocar, questionar e transformar.<\/p>\n\n\n\n<p>Pai e filho, lado a lado, mostram que a literatura tamb\u00e9m pode ser heran\u00e7a, n\u00e3o apenas de sangue, mas de ideias, sensibilidade e coragem para contar hist\u00f3rias que importam.<\/p>\n\n\n\n<p><br><\/p>\n\n\n\n<h3 class=\"wp-block-heading has-text-align-center\">REDES SOCIAIS DOS AUTORES<\/h3>\n\n\n\n<div class=\"wp-block-columns is-layout-flex wp-container-core-columns-is-layout-9d6595d7 wp-block-columns-is-layout-flex\">\n<div class=\"wp-block-column is-layout-flow wp-block-column-is-layout-flow\">\n<h3 class=\"wp-block-heading has-text-align-center has-pale-cyan-blue-background-color has-background\"><a href=\"https:\/\/www.instagram.com\/paiefilho_escritores\/\" target=\"_blank\" rel=\"noopener\" title=\"\">INSTAGRAM<\/a><\/h3>\n<\/div>\n\n\n\n<div class=\"wp-block-column is-layout-flow wp-block-column-is-layout-flow\">\n<h3 class=\"wp-block-heading has-text-align-center has-pale-cyan-blue-background-color has-background\"><a href=\"http:\/\/: https:\/\/www.facebook.com\/reginaldoandrade.90\/\" target=\"_blank\" rel=\"noopener\" title=\"\">FACEBOOK<\/a><\/h3>\n<\/div>\n\n\n\n<div class=\"wp-block-column is-layout-flow wp-block-column-is-layout-flow\">\n<h3 class=\"wp-block-heading has-text-align-center has-pale-cyan-blue-background-color has-background\"><a href=\"https:\/\/www.linkedin.com\/in\/reginaldoandrade\/\" target=\"_blank\" rel=\"noopener\" title=\"\">LINKEDIN<\/a><\/h3>\n<\/div>\n<\/div>\n\n\n\n<p><br><\/p>\n\n\n\n<h2 class=\"wp-block-heading has-text-align-center\">FOGOS DA MEIA NOITE<\/h2>\n\n\n\n<h3 class=\"wp-block-heading has-text-align-center\">SINOPSE<\/h3>\n\n\n\n<p>A meia-noite marca o ponto onde o dia chega ao fim. <\/p>\n\n\n\n<p>\u00c9 o instante em que a culpa, o medo e a verdade se cruzam, e nenhum deles sai ileso. <\/p>\n\n\n\n<p>Um policial \u00e0 beira do colapso emocional. <\/p>\n\n\n\n<p>Um sargento que aprendeu a resistir sem se vitimizar. <\/p>\n\n\n\n<p>Uma menina que carrega a inoc\u00eancia ferida. <\/p>\n\n\n\n<p>E um homem que, moldado pela mis\u00e9ria e, sobretudo por suas escolhas, se torna o pr\u00f3prio reflexo da injusti\u00e7a que o criou. <\/p>\n\n\n\n<p>Em meio \u00e0 escurid\u00e3o moral, cada um desses personagens ser\u00e1 levado ao limite. <\/p>\n\n\n\n<p>Entre o dever e o arrependimento, entre a vingan\u00e7a e a reden\u00e7\u00e3o, descobrem que o verdadeiro inimigo talvez esteja dentro de si mesmos. <\/p>\n\n\n\n<p>Com linguagem intensa e sens\u00edvel, Reginaldo Andrade entrega um conto policial com alma liter\u00e1ria, uma jornada pelos labirintos da mente e pelas sombras da sociedade. <\/p>\n\n\n\n<p>Inspirado na ep\u00edgrafe de Albert Camus, Fogos da Meia-Noite fala sobre o abismo que nos habita, e sobre o \u201cver\u00e3o invenc\u00edvel\u201d que ainda resiste no cora\u00e7\u00e3o humano.<\/p>\n\n\n\n<p><br><\/p>\n\n\n\n<h2 class=\"wp-block-heading has-text-align-center\">2057 &#8211; HERAN\u00c7AS DO CAOS<\/h2>\n\n\n\n<h3 class=\"wp-block-heading has-text-align-center\">SINOPSE<\/h3>\n\n\n\n<p>Ap\u00f3s ter sido devastada pela Terceira Guerra Mundial, a Terra tornou-se um campo de sobreviv\u00eancia hostil, povoado por criaturas mutantes nascidas da altera\u00e7\u00e3o do DNA dos seres vivos por v\u00edrus e bact\u00e9rias alien\u00edgenas trazidos por um meteoro. <\/p>\n\n\n\n<p>Nesse cen\u00e1rio, Matheus sobrevive gra\u00e7as ao seu traje rob\u00f3tico. <\/p>\n\n\n\n<p>Ao encontrar outros sobreviventes, ele cria novas armaduras para proteg\u00ea-los, e juntos formam um grupo decidido a recome\u00e7ar em meio ao caos. <\/p>\n\n\n\n<p>Mas a esperan\u00e7a se transforma em desespero quando um cientista cruel sequestra duas das garotas para us\u00e1-las em experimentos sombrios, determinado a controlar as muta\u00e7\u00f5es, uma delas \u00e9 Anne, por quem Matheus mant\u00e9m uma paix\u00e3o n\u00e3o correspondida. <\/p>\n\n\n\n<p>A partir da\u00ed, inicia-se uma trama eletrizante, marcada por a\u00e7\u00e3o, suspense e romance, onde cada decis\u00e3o pode significar a diferen\u00e7a entre a vida e a morte. <\/p>\n\n\n\n<p>Prepare-se para uma aventura intensa, que vai desafiar seus limites e tirar o f\u00f4lego at\u00e9 a \u00faltima p\u00e1gina.<\/p>\n\n\n\n<p><br><\/p>\n\n\n\n<h2 class=\"wp-block-heading has-text-align-center\">Assista \u00e0s resenhas do canal @oqueli no YouTube<\/h2>\n\n\n\n<figure class=\"wp-block-embed is-type-video is-provider-youtube wp-block-embed-youtube\"><div class=\"wp-block-embed__wrapper\">\n<iframe loading=\"lazy\" title=\"Resenha do conto &quot;Fogos da meia-noite&quot;, de Reginaldo Andrade.\" width=\"540\" height=\"960\" src=\"https:\/\/www.youtube.com\/embed\/cJu2zL-P5gQ?feature=oembed\" frameborder=\"0\" allow=\"accelerometer; autoplay; clipboard-write; encrypted-media; gyroscope; picture-in-picture; web-share\" referrerpolicy=\"strict-origin-when-cross-origin\" allowfullscreen><\/iframe>\n<\/div><\/figure>\n\n\n\n<p><br><\/p>\n\n\n\n<figure class=\"wp-block-embed is-type-video is-provider-youtube wp-block-embed-youtube\"><div class=\"wp-block-embed__wrapper\">\n<iframe loading=\"lazy\" title=\"Resenha do livro &quot;2057 Heran\u00e7as do caos&quot;, de Reginaldo Andrade e Diogo Vaz.\" width=\"540\" height=\"960\" src=\"https:\/\/www.youtube.com\/embed\/9AN9ygpos_Q?feature=oembed\" frameborder=\"0\" allow=\"accelerometer; autoplay; clipboard-write; encrypted-media; gyroscope; picture-in-picture; web-share\" referrerpolicy=\"strict-origin-when-cross-origin\" allowfullscreen><\/iframe>\n<\/div><\/figure>\n\n\n\n<p><br><\/p>\n\n\n\n<h3 class=\"wp-block-heading has-text-align-center\">OBRAS DOS AUTORES<\/h3>\n\n\n\n<div class=\"wp-block-columns is-layout-flex wp-container-core-columns-is-layout-9d6595d7 wp-block-columns-is-layout-flex\">\n<div class=\"wp-block-column is-layout-flow wp-block-column-is-layout-flow\">\n<figure class=\"wp-block-image size-full is-resized\"><img loading=\"lazy\" decoding=\"async\" width=\"1044\" height=\"1500\" data-attachment-id=\"77606\" data-permalink=\"https:\/\/jornalrol.com.br\/?attachment_id=77606\" data-orig-file=\"https:\/\/jornalrol.com.br\/wp-content\/uploads\/2026\/01\/81NPXTFwWaL._SL1500_-1.jpg\" data-orig-size=\"1044,1500\" data-comments-opened=\"1\" data-image-meta=\"{&quot;aperture&quot;:&quot;0&quot;,&quot;credit&quot;:&quot;&quot;,&quot;camera&quot;:&quot;&quot;,&quot;caption&quot;:&quot;&quot;,&quot;created_timestamp&quot;:&quot;0&quot;,&quot;copyright&quot;:&quot;&quot;,&quot;focal_length&quot;:&quot;0&quot;,&quot;iso&quot;:&quot;0&quot;,&quot;shutter_speed&quot;:&quot;0&quot;,&quot;title&quot;:&quot;&quot;,&quot;orientation&quot;:&quot;0&quot;}\" data-image-title=\"81NPXTFwWaL._SL1500_ (1)\" data-image-description=\"\" data-image-caption=\"\" data-large-file=\"https:\/\/jornalrol.com.br\/wp-content\/uploads\/2026\/01\/81NPXTFwWaL._SL1500_-1.jpg\" src=\"https:\/\/jornalrol.com.br\/wp-content\/uploads\/2026\/01\/81NPXTFwWaL._SL1500_-1.jpg\" alt=\"Epic Adventure\" class=\"wp-image-77606\" style=\"aspect-ratio:0.6960163325132178;width:383px;height:auto\" srcset=\"https:\/\/jornalrol.com.br\/wp-content\/uploads\/2026\/01\/81NPXTFwWaL._SL1500_-1.jpg 1044w, https:\/\/jornalrol.com.br\/wp-content\/uploads\/2026\/01\/81NPXTFwWaL._SL1500_-1-835x1200.jpg 835w, https:\/\/jornalrol.com.br\/wp-content\/uploads\/2026\/01\/81NPXTFwWaL._SL1500_-1-768x1103.jpg 768w\" sizes=\"auto, (max-width: 1044px) 100vw, 1044px\" \/><figcaption class=\"wp-element-caption\">Epioc Adventure<\/figcaption><\/figure>\n<\/div>\n\n\n\n<div class=\"wp-block-column is-layout-flow wp-block-column-is-layout-flow\">\n<figure class=\"wp-block-image size-full is-resized\"><img loading=\"lazy\" decoding=\"async\" width=\"283\" height=\"425\" data-attachment-id=\"77607\" data-permalink=\"https:\/\/jornalrol.com.br\/?attachment_id=77607\" data-orig-file=\"https:\/\/jornalrol.com.br\/wp-content\/uploads\/2026\/01\/81tBGd4pWL._SY425_.jpg\" data-orig-size=\"283,425\" data-comments-opened=\"1\" data-image-meta=\"{&quot;aperture&quot;:&quot;0&quot;,&quot;credit&quot;:&quot;&quot;,&quot;camera&quot;:&quot;&quot;,&quot;caption&quot;:&quot;&quot;,&quot;created_timestamp&quot;:&quot;0&quot;,&quot;copyright&quot;:&quot;&quot;,&quot;focal_length&quot;:&quot;0&quot;,&quot;iso&quot;:&quot;0&quot;,&quot;shutter_speed&quot;:&quot;0&quot;,&quot;title&quot;:&quot;&quot;,&quot;orientation&quot;:&quot;0&quot;}\" data-image-title=\"81+tBGd4pWL._SY425_\" data-image-description=\"\" data-image-caption=\"\" data-large-file=\"https:\/\/jornalrol.com.br\/wp-content\/uploads\/2026\/01\/81tBGd4pWL._SY425_.jpg\" src=\"https:\/\/jornalrol.com.br\/wp-content\/uploads\/2026\/01\/81tBGd4pWL._SY425_.jpg\" alt=\"Entre dois mundos\" class=\"wp-image-77607\" style=\"aspect-ratio:0.6658863311223826;width:364px;height:auto\"\/><figcaption class=\"wp-element-caption\">Entre dois mundos<\/figcaption><\/figure>\n<\/div>\n<\/div>\n\n\n\n<div class=\"wp-block-columns is-layout-flex wp-container-core-columns-is-layout-9d6595d7 wp-block-columns-is-layout-flex\">\n<div class=\"wp-block-column is-layout-flow wp-block-column-is-layout-flow\">\n<figure class=\"wp-block-image size-full is-resized\"><img loading=\"lazy\" decoding=\"async\" width=\"273\" height=\"385\" data-attachment-id=\"77608\" data-permalink=\"https:\/\/jornalrol.com.br\/?attachment_id=77608\" data-orig-file=\"https:\/\/jornalrol.com.br\/wp-content\/uploads\/2026\/01\/61Rt-gUiLYL._SY385_.jpg\" data-orig-size=\"273,385\" data-comments-opened=\"1\" data-image-meta=\"{&quot;aperture&quot;:&quot;0&quot;,&quot;credit&quot;:&quot;&quot;,&quot;camera&quot;:&quot;&quot;,&quot;caption&quot;:&quot;&quot;,&quot;created_timestamp&quot;:&quot;0&quot;,&quot;copyright&quot;:&quot;&quot;,&quot;focal_length&quot;:&quot;0&quot;,&quot;iso&quot;:&quot;0&quot;,&quot;shutter_speed&quot;:&quot;0&quot;,&quot;title&quot;:&quot;&quot;,&quot;orientation&quot;:&quot;0&quot;}\" data-image-title=\"61Rt-gUiLYL._SY385_\" data-image-description=\"\" data-image-caption=\"\" data-large-file=\"https:\/\/jornalrol.com.br\/wp-content\/uploads\/2026\/01\/61Rt-gUiLYL._SY385_.jpg\" src=\"https:\/\/jornalrol.com.br\/wp-content\/uploads\/2026\/01\/61Rt-gUiLYL._SY385_.jpg\" alt=\"Fogos da meia noite\" class=\"wp-image-77608\" style=\"width:381px;height:auto\"\/><figcaption class=\"wp-element-caption\">Fogos da meia noite<\/figcaption><\/figure>\n<\/div>\n\n\n\n<div class=\"wp-block-column is-layout-flow wp-block-column-is-layout-flow\">\n<figure class=\"wp-block-image size-full is-resized\"><img loading=\"lazy\" decoding=\"async\" width=\"799\" height=\"1200\" data-attachment-id=\"77609\" data-permalink=\"https:\/\/jornalrol.com.br\/?attachment_id=77609\" data-orig-file=\"https:\/\/jornalrol.com.br\/wp-content\/uploads\/2026\/01\/618ef5KqRUL._SL1200_.jpg\" data-orig-size=\"799,1200\" data-comments-opened=\"1\" data-image-meta=\"{&quot;aperture&quot;:&quot;0&quot;,&quot;credit&quot;:&quot;&quot;,&quot;camera&quot;:&quot;&quot;,&quot;caption&quot;:&quot;Version 1.0.0&quot;,&quot;created_timestamp&quot;:&quot;0&quot;,&quot;copyright&quot;:&quot;&quot;,&quot;focal_length&quot;:&quot;0&quot;,&quot;iso&quot;:&quot;0&quot;,&quot;shutter_speed&quot;:&quot;0&quot;,&quot;title&quot;:&quot;Version 1.0.0&quot;,&quot;orientation&quot;:&quot;0&quot;}\" data-image-title=\"Version 1.0.0\" data-image-description=\"\" data-image-caption=\"&lt;p&gt;Version 1.0.0&lt;\/p&gt;\n\" data-large-file=\"https:\/\/jornalrol.com.br\/wp-content\/uploads\/2026\/01\/618ef5KqRUL._SL1200_.jpg\" src=\"https:\/\/jornalrol.com.br\/wp-content\/uploads\/2026\/01\/618ef5KqRUL._SL1200_.jpg\" alt=\"2057 - Heran\u00e7as do Caos\" class=\"wp-image-77609\" style=\"aspect-ratio:0.6658487117209605;width:357px;height:auto\" srcset=\"https:\/\/jornalrol.com.br\/wp-content\/uploads\/2026\/01\/618ef5KqRUL._SL1200_.jpg 799w, https:\/\/jornalrol.com.br\/wp-content\/uploads\/2026\/01\/618ef5KqRUL._SL1200_-768x1153.jpg 768w\" sizes=\"auto, (max-width: 799px) 100vw, 799px\" \/><figcaption class=\"wp-element-caption\">2057 &#8211; Heran\u00e7as do Caos<\/figcaption><\/figure>\n<\/div>\n<\/div>\n\n\n\n<p><br><\/p>\n\n\n\n<h3 class=\"wp-block-heading has-text-align-center\">ONDE ENCONTRAR<\/h3>\n\n\n\n<div class=\"wp-block-columns is-layout-flex wp-container-core-columns-is-layout-9d6595d7 wp-block-columns-is-layout-flex\">\n<div class=\"wp-block-column is-layout-flow wp-block-column-is-layout-flow\">\n<h3 class=\"wp-block-heading has-text-align-center has-pale-cyan-blue-background-color has-background\"><a href=\"https:\/\/www.amazon.com.br\/s?k=reginaldo+andrade&amp;crid=2R22ENGE55IUK&amp;sprefix=%2Caps%2C245&amp;ref=nb_sb_ss_recent_1_0_recent\" target=\"_blank\" rel=\"noopener\" title=\"\">AMAZON<\/a><\/h3>\n<\/div>\n\n\n\n<div class=\"wp-block-column is-layout-flow wp-block-column-is-layout-flow\">\n<h3 class=\"wp-block-heading has-text-align-center has-pale-cyan-blue-background-color has-background\"><a href=\"https:\/\/loja.uiclap.com\/?s=Reginaldo+Andrade&amp;post_type=product\" target=\"_blank\" rel=\"noopener\" title=\"\">UICLAP<\/a><\/h3>\n<\/div>\n<\/div>\n\n\n\n<hr class=\"wp-block-separator has-alpha-channel-opacity is-style-wide\"\/>\n\n\n\n<p><a href=\"https:\/\/jornalrol.com.br\/\">P\u00e1gina Inicial<\/a><\/p>\n\n\n\n<p><strong><a href=\"https:\/\/www.jornalrol.com.br\/?author=73&amp;_gl=1*iqp28j*_ga*MTU0NjYyOTEzMS4xNzU3NTM0Mjgz*_ga_PNPNNDX984*czE3NjM4MTg5NzIkbzE2JGcwJHQxNzYzODE4OTcyJGo2MCRsMCRoMA..\">Resenhas da colunista Lee Oliveira<\/a><\/strong><br><br><\/p>\n\n\n\n<p><br><\/p>\n\n\n\n<p><br><\/p>\n","protected":false},"excerpt":{"rendered":"<p>\u00a0A literatura entrou em cena no fim de 2022, quando decidiu, ao lado do filho, dar vida a um projeto ousado e cheio de significado. Ap\u00f3s isso ja s\u00e3o 3 livros &#8230;<\/p>\n","protected":false},"author":73,"featured_media":72321,"comment_status":"open","ping_status":"closed","sticky":false,"template":"","format":"standard","meta":{"_jetpack_newsletter_access":"","_jetpack_dont_email_post_to_subs":false,"_jetpack_newsletter_tier_id":0,"_jetpack_memberships_contains_paywalled_content":false,"_jetpack_memberships_contains_paid_content":false,"footnotes":""},"categories":[9607,10225,9285,12355,9259,10955],"tags":[15844,13539,9434,15843],"class_list":["post-77604","post","type-post","status-publish","format-standard","has-post-thumbnail","hentry","category-contos","category-ficcao","category-literatura","category-livro","category-resenha","category-suspense","tag-escritaemfamilia","tag-literaturabrasileira","tag-oqueli","tag-paiefilho"],"aioseo_notices":[],"views":368,"jetpack_featured_media_url":"https:\/\/jornalrol.com.br\/wp-content\/uploads\/2025\/03\/Imagem-do-WhatsApp-de-2024-06-14-as-10.10.37_b076c7c2-Reginaldo-Andrade.jpg","jetpack_sharing_enabled":true,"jetpack_likes_enabled":true,"jetpack-related-posts":[{"id":72320,"url":"https:\/\/jornalrol.com.br\/?p=72320","url_meta":{"origin":77604,"position":0},"title":"A jornada pessoal e liter\u00e1ria de um pai e filho","author":"Lee Oliveira","date":"14 de mar\u00e7o de 2025","format":false,"excerpt":"Ap\u00f3s epis\u00f3dios cr\u00edticos de sa\u00fade, Reginaldo decidiu de maneira simples conectar-se a ele e durante estes momentos surgiu a ideia de escreverem juntos um livro.","rel":"","context":"Em &quot;Fic\u00e7\u00e3o&quot;","block_context":{"text":"Fic\u00e7\u00e3o","link":"https:\/\/jornalrol.com.br\/?cat=10225"},"img":{"alt_text":"Reginaldo e Diogo","src":"https:\/\/i0.wp.com\/jornalrol.com.br\/wp-content\/uploads\/2025\/03\/Imagem-do-WhatsApp-de-2024-06-14-as-10.10.37_b076c7c2-Reginaldo-Andrade.jpg?resize=350%2C200&ssl=1","width":350,"height":200,"srcset":"https:\/\/i0.wp.com\/jornalrol.com.br\/wp-content\/uploads\/2025\/03\/Imagem-do-WhatsApp-de-2024-06-14-as-10.10.37_b076c7c2-Reginaldo-Andrade.jpg?resize=350%2C200&ssl=1 1x, https:\/\/i0.wp.com\/jornalrol.com.br\/wp-content\/uploads\/2025\/03\/Imagem-do-WhatsApp-de-2024-06-14-as-10.10.37_b076c7c2-Reginaldo-Andrade.jpg?resize=525%2C300&ssl=1 1.5x, https:\/\/i0.wp.com\/jornalrol.com.br\/wp-content\/uploads\/2025\/03\/Imagem-do-WhatsApp-de-2024-06-14-as-10.10.37_b076c7c2-Reginaldo-Andrade.jpg?resize=700%2C400&ssl=1 2x"},"classes":[]},{"id":58972,"url":"https:\/\/jornalrol.com.br\/?p=58972","url_meta":{"origin":77604,"position":1},"title":"O tempo voa&#8230;","author":"Wanderson Reginaldo Monteiro","date":"18 de julho de 2023","format":false,"excerpt":"O tempo voa\u2026 Muitos desperdi\u00e7am a vida completamente \u00e0 toa, jogam fora todas as suas horas e dias, vivendo na ilus\u00e3o de que a sua vida \u00e9 boa. O tempo voa\u2026","rel":"","context":"Em &quot;Literatura&quot;","block_context":{"text":"Literatura","link":"https:\/\/jornalrol.com.br\/?cat=9285"},"img":{"alt_text":"","src":"https:\/\/i0.wp.com\/www.jornalrol.com.br\/wp-content\/uploads\/2023\/05\/Wanderson-Reginaldo-Monteiro.jpg?resize=350%2C200&ssl=1","width":350,"height":200},"classes":[]},{"id":70105,"url":"https:\/\/jornalrol.com.br\/?p=70105","url_meta":{"origin":77604,"position":2},"title":"ALB\/Uberaba celebra seu 6\u00ba anivers\u00e1rio","author":"Magna Aspasia Fontenelle","date":"13 de outubro de 2024","format":false,"excerpt":"No dia 7 de julho de 2024, a ALB\/Uberaba celebrou seis anos dedicados \u00e0 promo\u00e7\u00e3o da literatura e da cultura, tanto na regi\u00e3o quanto no Brasil e no mundo.","rel":"","context":"Em &quot;Academias e Federa\u00e7\u00f5es de Artes&quot;","block_context":{"text":"Academias e Federa\u00e7\u00f5es de Artes","link":"https:\/\/jornalrol.com.br\/?cat=9391"},"img":{"alt_text":"Comemora\u00e7\u00e3o do 6\u00ba. anivers\u00e1rio da ALB\/Uberaba - Acad\u00eamicos e convidados","src":"https:\/\/i0.wp.com\/jornalrol.com.br\/wp-content\/uploads\/2024\/10\/Academia-uberanbense-de-Letras-287.jpg?resize=350%2C200&ssl=1","width":350,"height":200,"srcset":"https:\/\/i0.wp.com\/jornalrol.com.br\/wp-content\/uploads\/2024\/10\/Academia-uberanbense-de-Letras-287.jpg?resize=350%2C200&ssl=1 1x, https:\/\/i0.wp.com\/jornalrol.com.br\/wp-content\/uploads\/2024\/10\/Academia-uberanbense-de-Letras-287.jpg?resize=525%2C300&ssl=1 1.5x"},"classes":[]},{"id":54620,"url":"https:\/\/jornalrol.com.br\/?p=54620","url_meta":{"origin":77604,"position":3},"title":"No Quadro de Colunistas do ROL, as letras mineiras de Wanderson Reginaldo Monteiro!","author":"Sergio Diniz da Costa","date":"18 de abril de 2023","format":false,"excerpt":"Wanderson R. Monteiro \u00a0Wanderson Reginaldo Monteiro traz ao ROL a juventude das letras de Minas Gerais Wanderson Reginaldo Monteiro, natural de S\u00e3o Sebasti\u00e3o do Anta \u2013 MG, \u00e9 bacharel em Teologia pelo Instituto Crist\u00e3o de Pesquisas (ICP) e, atualmente, est\u00e1 cursando Pedagogia. Na \u00e1rea liter\u00e1ria, \u00e9 Acad\u00eamico Correspondente da FEBACLA\u2026","rel":"","context":"Em &quot;Comunica\u00e7\u00e3o&quot;","block_context":{"text":"Comunica\u00e7\u00e3o","link":"https:\/\/jornalrol.com.br\/?cat=7"},"img":{"alt_text":"","src":"https:\/\/i0.wp.com\/jornalrol.com.br\/wp-content\/uploads\/2023\/04\/88a81016-bd95-47e0-925c-a32b8bf593fd.jpg?resize=350%2C200&ssl=1","width":350,"height":200,"srcset":"https:\/\/i0.wp.com\/jornalrol.com.br\/wp-content\/uploads\/2023\/04\/88a81016-bd95-47e0-925c-a32b8bf593fd.jpg?resize=350%2C200&ssl=1 1x, https:\/\/i0.wp.com\/jornalrol.com.br\/wp-content\/uploads\/2023\/04\/88a81016-bd95-47e0-925c-a32b8bf593fd.jpg?resize=525%2C300&ssl=1 1.5x, https:\/\/i0.wp.com\/jornalrol.com.br\/wp-content\/uploads\/2023\/04\/88a81016-bd95-47e0-925c-a32b8bf593fd.jpg?resize=700%2C400&ssl=1 2x"},"classes":[]},{"id":60259,"url":"https:\/\/jornalrol.com.br\/?p=60259","url_meta":{"origin":77604,"position":4},"title":"3 li\u00e7\u00f5es do livro &#8216;1984&#8217;","author":"Wanderson Reginaldo Monteiro","date":"18 de agosto de 2023","format":false,"excerpt":"O livro '1984', um cl\u00e1ssico mundial, atrav\u00e9s da hist\u00f3ria contida em suas p\u00e1ginas chega a nos fazer temer que tal hist\u00f3ria venha algum dia a se tornar realidade","rel":"","context":"Em &quot;artigos&quot;","block_context":{"text":"artigos","link":"https:\/\/jornalrol.com.br\/?cat=9398"},"img":{"alt_text":"Foto do autor e colunista Wanderson R. Monteiro","src":"https:\/\/i0.wp.com\/www.jornalrol.com.br\/wp-content\/uploads\/2023\/05\/Wanderson-Reginaldo-Monteiro.jpg?resize=350%2C200&ssl=1","width":350,"height":200},"classes":[]},{"id":57420,"url":"https:\/\/jornalrol.com.br\/?p=57420","url_meta":{"origin":77604,"position":5},"title":"&#8216;Arthur e Miguel em: Aventura na ilha dos dinossauros&#8217;","author":"Lee Oliveira","date":"23 de junho de 2023","format":false,"excerpt":"Resenha do Livro Arthur e Miguel em: Aventura na ilha dos dinossauros, de Sol Oliveira. Venha conhecer essa curiosa hist\u00f3ria com dinossauros e muita aventura.","rel":"","context":"Em &quot;Literatura&quot;","block_context":{"text":"Literatura","link":"https:\/\/jornalrol.com.br\/?cat=9285"},"img":{"alt_text":"","src":"https:\/\/i0.wp.com\/jornalrol.com.br\/wp-content\/uploads\/2023\/06\/IMG_2862-Sol-Oliveira-min.jpeg?resize=350%2C200&ssl=1","width":350,"height":200,"srcset":"https:\/\/i0.wp.com\/jornalrol.com.br\/wp-content\/uploads\/2023\/06\/IMG_2862-Sol-Oliveira-min.jpeg?resize=350%2C200&ssl=1 1x, https:\/\/i0.wp.com\/jornalrol.com.br\/wp-content\/uploads\/2023\/06\/IMG_2862-Sol-Oliveira-min.jpeg?resize=525%2C300&ssl=1 1.5x, https:\/\/i0.wp.com\/jornalrol.com.br\/wp-content\/uploads\/2023\/06\/IMG_2862-Sol-Oliveira-min.jpeg?resize=700%2C400&ssl=1 2x, https:\/\/i0.wp.com\/jornalrol.com.br\/wp-content\/uploads\/2023\/06\/IMG_2862-Sol-Oliveira-min.jpeg?resize=1050%2C600&ssl=1 3x, https:\/\/i0.wp.com\/jornalrol.com.br\/wp-content\/uploads\/2023\/06\/IMG_2862-Sol-Oliveira-min.jpeg?resize=1400%2C800&ssl=1 4x"},"classes":[]}],"_links":{"self":[{"href":"https:\/\/jornalrol.com.br\/index.php?rest_route=\/wp\/v2\/posts\/77604","targetHints":{"allow":["GET"]}}],"collection":[{"href":"https:\/\/jornalrol.com.br\/index.php?rest_route=\/wp\/v2\/posts"}],"about":[{"href":"https:\/\/jornalrol.com.br\/index.php?rest_route=\/wp\/v2\/types\/post"}],"author":[{"embeddable":true,"href":"https:\/\/jornalrol.com.br\/index.php?rest_route=\/wp\/v2\/users\/73"}],"replies":[{"embeddable":true,"href":"https:\/\/jornalrol.com.br\/index.php?rest_route=%2Fwp%2Fv2%2Fcomments&post=77604"}],"version-history":[{"count":1,"href":"https:\/\/jornalrol.com.br\/index.php?rest_route=\/wp\/v2\/posts\/77604\/revisions"}],"predecessor-version":[{"id":77610,"href":"https:\/\/jornalrol.com.br\/index.php?rest_route=\/wp\/v2\/posts\/77604\/revisions\/77610"}],"wp:featuredmedia":[{"embeddable":true,"href":"https:\/\/jornalrol.com.br\/index.php?rest_route=\/wp\/v2\/media\/72321"}],"wp:attachment":[{"href":"https:\/\/jornalrol.com.br\/index.php?rest_route=%2Fwp%2Fv2%2Fmedia&parent=77604"}],"wp:term":[{"taxonomy":"category","embeddable":true,"href":"https:\/\/jornalrol.com.br\/index.php?rest_route=%2Fwp%2Fv2%2Fcategories&post=77604"},{"taxonomy":"post_tag","embeddable":true,"href":"https:\/\/jornalrol.com.br\/index.php?rest_route=%2Fwp%2Fv2%2Ftags&post=77604"}],"curies":[{"name":"wp","href":"https:\/\/api.w.org\/{rel}","templated":true}]}}