{"id":77658,"date":"2026-01-05T17:57:47","date_gmt":"2026-01-05T20:57:47","guid":{"rendered":"https:\/\/jornalrol.com.br\/?p=77658"},"modified":"2026-03-16T18:55:53","modified_gmt":"2026-03-16T21:55:53","slug":"relogio-de-familia","status":"publish","type":"post","link":"https:\/\/jornalrol.com.br\/?p=77658","title":{"rendered":"Rel\u00f3gio de fam\u00edlia"},"content":{"rendered":"<div class=\"pdfprnt-buttons pdfprnt-buttons-post pdfprnt-top-right\"><a href=\"https:\/\/jornalrol.com.br\/index.php?rest_route=%2Fwp%2Fv2%2Fposts%2F77658&print=pdf\" class=\"pdfprnt-button pdfprnt-button-pdf\" target=\"_blank\" ><\/a><a href=\"https:\/\/jornalrol.com.br\/index.php?rest_route=%2Fwp%2Fv2%2Fposts%2F77658&print=print\" class=\"pdfprnt-button pdfprnt-button-print\" target=\"_blank\" ><img decoding=\"async\" src=\"https:\/\/jornalrol.com.br\/wp-content\/plugins\/pdf-print\/images\/print.png\" alt=\"image_print\" title=\"Conte\u00fado de impress\u00e3o\" \/><\/a><\/div>\n<h2 class=\"wp-block-heading has-text-align-center\">Eduardo Cesario-Mart\u00ednez: Conto &#8216;Rel\u00f3gio de fam\u00edlia&#8217;<br><br><\/h2>\n\n\n<div class=\"wp-block-image\">\n<figure class=\"aligncenter size-full is-resized\"><img loading=\"lazy\" decoding=\"async\" width=\"1441\" height=\"2560\" data-attachment-id=\"77180\" data-permalink=\"https:\/\/jornalrol.com.br\/?attachment_id=77180\" data-orig-file=\"https:\/\/jornalrol.com.br\/wp-content\/uploads\/2025\/12\/7EB822FD-90B1-44D4-A567-7E7490FD3E6E-1-2-scaled-1.jpg\" data-orig-size=\"1441,2560\" data-comments-opened=\"1\" data-image-meta=\"{&quot;aperture&quot;:&quot;0&quot;,&quot;credit&quot;:&quot;&quot;,&quot;camera&quot;:&quot;&quot;,&quot;caption&quot;:&quot;&quot;,&quot;created_timestamp&quot;:&quot;0&quot;,&quot;copyright&quot;:&quot;&quot;,&quot;focal_length&quot;:&quot;0&quot;,&quot;iso&quot;:&quot;0&quot;,&quot;shutter_speed&quot;:&quot;0&quot;,&quot;title&quot;:&quot;&quot;,&quot;orientation&quot;:&quot;0&quot;}\" data-image-title=\"7EB822FD-90B1-44D4-A567-7E7490FD3E6E-1-2-scaled\" data-image-description=\"&lt;p&gt;Eduardo Mart\u00ednez &amp;#8211; Foto por Irene Oliveira&lt;\/p&gt;\n\" data-image-caption=\"&lt;p&gt;Eduardo Mart\u00ednez &amp;#8211; Foto por Irene Oliveira&lt;\/p&gt;\n\" data-large-file=\"https:\/\/jornalrol.com.br\/wp-content\/uploads\/2025\/12\/7EB822FD-90B1-44D4-A567-7E7490FD3E6E-1-2-scaled-1.jpg\" src=\"http:\/\/jornalrol.com.br\/wp-content\/uploads\/2025\/12\/7EB822FD-90B1-44D4-A567-7E7490FD3E6E-1-2-scaled-1.jpg\" alt=\"Eduardo Cesario-Mart\u00ednez. Foto por Irene Oliveira\" class=\"wp-image-77180\" style=\"aspect-ratio:0.562896571943124;width:152px;height:auto\" srcset=\"https:\/\/jornalrol.com.br\/wp-content\/uploads\/2025\/12\/7EB822FD-90B1-44D4-A567-7E7490FD3E6E-1-2-scaled-1.jpg 1441w, https:\/\/jornalrol.com.br\/wp-content\/uploads\/2025\/12\/7EB822FD-90B1-44D4-A567-7E7490FD3E6E-1-2-scaled-1-675x1200.jpg 675w, https:\/\/jornalrol.com.br\/wp-content\/uploads\/2025\/12\/7EB822FD-90B1-44D4-A567-7E7490FD3E6E-1-2-scaled-1-768x1364.jpg 768w, https:\/\/jornalrol.com.br\/wp-content\/uploads\/2025\/12\/7EB822FD-90B1-44D4-A567-7E7490FD3E6E-1-2-scaled-1-865x1536.jpg 865w, https:\/\/jornalrol.com.br\/wp-content\/uploads\/2025\/12\/7EB822FD-90B1-44D4-A567-7E7490FD3E6E-1-2-scaled-1-1153x2048.jpg 1153w\" sizes=\"auto, (max-width: 1441px) 100vw, 1441px\" \/><figcaption class=\"wp-element-caption\">Eduardo Cesario-Mart\u00ednez<\/figcaption><\/figure>\n<\/div>\n\n<div class=\"wp-block-image\">\n<figure class=\"aligncenter size-full is-resized\"><img loading=\"lazy\" decoding=\"async\" width=\"1023\" height=\"933\" data-attachment-id=\"77659\" data-permalink=\"https:\/\/jornalrol.com.br\/?attachment_id=77659\" data-orig-file=\"https:\/\/jornalrol.com.br\/wp-content\/uploads\/2026\/01\/IMG_0068.jpg\" data-orig-size=\"1023,933\" data-comments-opened=\"1\" data-image-meta=\"{&quot;aperture&quot;:&quot;0&quot;,&quot;credit&quot;:&quot;Made with Google AI&quot;,&quot;camera&quot;:&quot;&quot;,&quot;caption&quot;:&quot;&quot;,&quot;created_timestamp&quot;:&quot;1767632473&quot;,&quot;copyright&quot;:&quot;&quot;,&quot;focal_length&quot;:&quot;0&quot;,&quot;iso&quot;:&quot;0&quot;,&quot;shutter_speed&quot;:&quot;0&quot;,&quot;title&quot;:&quot;&quot;,&quot;orientation&quot;:&quot;1&quot;}\" data-image-title=\"IMG_0068\" data-image-description=\"\" data-image-caption=\"\" data-large-file=\"https:\/\/jornalrol.com.br\/wp-content\/uploads\/2026\/01\/IMG_0068.jpg\" src=\"https:\/\/jornalrol.com.br\/wp-content\/uploads\/2026\/01\/IMG_0068.jpg\" alt=\"Imagem criada por IA do Gemini\" class=\"wp-image-77659\" style=\"aspect-ratio:1.0964715480318172;width:444px;height:auto\" srcset=\"https:\/\/jornalrol.com.br\/wp-content\/uploads\/2026\/01\/IMG_0068.jpg 1023w, https:\/\/jornalrol.com.br\/wp-content\/uploads\/2026\/01\/IMG_0068-768x700.jpg 768w\" sizes=\"auto, (max-width: 1023px) 100vw, 1023px\" \/><figcaption class=\"wp-element-caption\"><em>Imagem criada por IA do Gemini<\/em><\/figcaption><\/figure>\n<\/div>\n\n\n<p class=\"has-drop-cap\">Aquele homem era o que pode se dizer bem-nascido. De fam\u00edlia abastada, n\u00e3o teve problemas enfrentados pela maioria. No entanto, n\u00e3o quer dizer que n\u00e3o guardasse m\u00e1goas e algumas rabugices. Acredite, possu\u00eda algumas, mas eis que hoje, seu anivers\u00e1rio de 70 anos, uma lembran\u00e7a o tirou da cama mais cedo. Coisas de tempos de menino, que, n\u00e3o se sabe a raz\u00e3o, o fez compartilh\u00e1-la com amigos e parentes que o ajudaram a apagar tantas velinhas.<\/p>\n\n\n\n<p>&nbsp; &nbsp; Antes de cortarem o bolo, pediu que todos, n\u00e3o mais de 30, se acomodassem da maneira que quisessem, mas que prestassem aten\u00e7\u00e3o na hist\u00f3ria que tinha para contar. Ali\u00e1s, n\u00e3o apenas sua, pois envolvia Tunico, o filho da falecida Judite, empregada da sua m\u00e3e. Pobre rapaz, cujo destino parece que n\u00e3o foi dos melhores, conforme o velho passou a contar.<\/p>\n\n\n\n<p>&nbsp;&nbsp; &nbsp; Pois bem, lembro-me bem desse dia, que aconteceu h\u00e1 exatos 60 anos, pois, assim como hoje, tamb\u00e9m era meu anivers\u00e1rio. Dez anos! Agora, minha idade passaria a conter dois d\u00edgitos e, \u00e9 quase certo, irei para minha futura cova antes de completar tr\u00eas. Se bem que vov\u00f3 chegou aos 102.<\/p>\n\n\n\n<p>&nbsp;&nbsp; &nbsp;&nbsp; &nbsp; Tunico, pouco mais novo que eu, me fazia as vontades nas brincadeiras. Quando n\u00e3o queria mais desfrutar da sua companhia, o dispensava com um &#8220;Pode ir!&#8221; e, n\u00e3o tardava, o moleque ia cabisbaixo para a cozinha ajudar a m\u00e3e. Isso se, por acaso, n\u00e3o tivesse uma cerca para ser consertada ou o jardim n\u00e3o precisasse de cuidados.&nbsp;<\/p>\n\n\n\n<p>&nbsp;&nbsp; &nbsp;&nbsp; &nbsp; E l\u00e1 estava eu montado nas costas do Tunico, que se fazia de meu cavalo, apesar das vestes pu\u00eddas, quando ouvi os gritos da minha av\u00f3. Minha montaria e eu paramos a brincadeira por um instante para nos inteirar sobre a situa\u00e7\u00e3o.<\/p>\n\n\n\n<p>&nbsp;&nbsp; &nbsp;&nbsp; &nbsp; \u2014 Quem roubou o meu rel\u00f3gio? Quem foi o maldito ladr\u00e3o que roubou o rel\u00f3gio que foi do meu pai? Ou o rel\u00f3gio aparece agora ou, ent\u00e3o, chamo j\u00e1 a pol\u00edcia!<\/p>\n\n\n\n<p>&nbsp;&nbsp; &nbsp;&nbsp; &nbsp; Tunico, olhos esbugalhados, parecia assustado com tudo aquilo. Devo confessar que aquela cara de coelho desesperado diante da matilha de c\u00e3es me trouxe certo regozijo. Teria sido ele o lar\u00e1pio? Pois foi justamente isso que o delegado Hor\u00e1cio, chamado \u00e0s pressas por vov\u00f3, descobriu em pouco mais de uma hora.<\/p>\n\n\n\n<p>&nbsp;&nbsp; &nbsp;&nbsp; &nbsp; \u2014 Pode deixar, dona Carmem, que comigo esse pirralho abre o bico num instante.<\/p>\n\n\n\n<p>&nbsp;&nbsp; &nbsp;&nbsp; &nbsp; E n\u00e3o \u00e9 que Tunico abriu o bico rapidinho? Resistiu a alguns safan\u00f5es, mas quando disseram que era melhor falar ou sua m\u00e3e perderia o emprego, assumiu toda a culpa. E l\u00e1 foi o Tunico, amarrado que nem porco, para a delegacia. A partir de ent\u00e3o, nunca mais soube not\u00edcias dele. Quer dizer, at\u00e9 soube, mas n\u00e3o dei muita import\u00e2ncia. Melhor ficar longe dessa gente.<\/p>\n\n\n\n<p>&nbsp;&nbsp; &nbsp;&nbsp; &nbsp; Quanto \u00e0 promessa de n\u00e3o mandar a m\u00e3e de Tunico embora, obviamente que mam\u00e3e n\u00e3o poderia t\u00ea-la cumprido, ainda mais depois das s\u00faplicas de vov\u00f3, que n\u00e3o queria mais saber daquela gente em casa. Fez bem. N\u00e3o concordam?<\/p>\n\n\n\n<p>&nbsp;&nbsp; &nbsp;&nbsp; &nbsp;&nbsp;&nbsp; Mas percebo que todos aqui est\u00e3o curiosos quanto ao destino do Tunico. Como bom anfitri\u00e3o, sinto-me na obriga\u00e7\u00e3o de lhes contar. O moleque passou alguns meses na cadeia, onde foi colocado na mesma cela dos outros bandidos, a maior parte composta de homens feitos. Que dessem jeito nele, n\u00e3o se pode controlar os instintos dessa corja.&nbsp;<\/p>\n\n\n\n<p>&nbsp;&nbsp; &nbsp;&nbsp; &nbsp; Tunico, que nem tenho certeza ter iniciado no crime por causa do rel\u00f3gio de vov\u00f3, acabou se metendo com uma gangue assim que saiu da pris\u00e3o. Vi, anos mais tarde, seu retrato num jornal. Estava com a garganta cortada. Quase n\u00e3o o reconheci, caso n\u00e3o fosse por aqueles olhos esbugalhados.<\/p>\n\n\n\n<p>&nbsp;&nbsp; &nbsp;&nbsp; &nbsp; E, para finalizar, o rel\u00f3gio nunca foi encontrado. Na certa, deve ter sido vendido a pre\u00e7o de banana. Esse tipo de gente n\u00e3o sabe apreciar as boas coisas da vida. Vov\u00f3, desolada com a perda do rel\u00f3gio que foi do seu pai, acabou definhando e faleceu seis meses ap\u00f3s. Pobre alma t\u00e3o bondosa, v\u00edtima de um crime cometido por gente que ela havia acolhido aqui em casa.&nbsp;<\/p>\n\n\n\n<p>&nbsp;&nbsp; &nbsp;&nbsp; &nbsp; Mas deixemos de lado tais hist\u00f3rias tristes. Vamos festejar, pois hoje \u00e9 dia de comemorar. Aposto que voc\u00eas n\u00e3o adivinham para quem vai o primeiro peda\u00e7o do bolo.<\/p>\n\n\n\n<p>&nbsp;&nbsp; &nbsp;&nbsp; &nbsp; A plateia, antes boquiaberta, gargalhou diante da pilh\u00e9ria do anfitri\u00e3o. E, ap\u00f3s duas horas, todos foram se despedindo, at\u00e9 que, solit\u00e1rio, o aniversariante se recolheu. J\u00e1 no quarto, pegou um banquinho de madeira de lei.&nbsp;&nbsp;Um p\u00e9, depois o outro, conseguiu alcan\u00e7ar a porta superior do arm\u00e1rio. O velho, quase nas pontas dos p\u00e9s, visualizou uma mala bem ao fundo. Ele esticou o bra\u00e7o, pegou a al\u00e7a e puxou a mala para si. Ele a abriu e sorriu o sorriso dos vitoriosos. Todavia, acabou se desequilibrando e, antes de cair, bateu a cabe\u00e7a na cabeceira da cama. O sangue escorreu pelo tapete persa, anunciando o \u00faltimo suspiro do homem. Um rel\u00f3gio car\u00edssimo, cuspido pelo choque da mala no ch\u00e3o, repousa no canto.<\/p>\n\n\n\n<h3 class=\"wp-block-heading has-text-align-center\">Eduardo Cesario-Mart\u00ednez<\/h3>\n\n\n\n<div class=\"wp-block-columns is-layout-flex wp-container-core-columns-is-layout-9d6595d7 wp-block-columns-is-layout-flex\">\n<div class=\"wp-block-column is-layout-flow wp-block-column-is-layout-flow\">\n<h3 class=\"wp-block-heading has-text-align-center has-pale-ocean-gradient-background has-background\"><a href=\"https:\/\/www.instagram.com\/escritoreduardomartinez\/\" target=\"_blank\" rel=\"noopener\" title=\"Instagram\">Instagram<\/a><\/h3>\n<\/div>\n\n\n\n<div class=\"wp-block-column is-layout-flow wp-block-column-is-layout-flow\">\n<h3 class=\"wp-block-heading has-text-align-center has-pale-ocean-gradient-background has-background\"><a href=\"https:\/\/www.facebook.com\/eduardo.martinez.100302?locale=pt_BR\" title=\"Facebook\">Facebook<\/a><\/h3>\n<\/div>\n<\/div>\n\n\n\n<p><a href=\"http:\/\/www.jornalrol.com.br\/\" title=\"Voltar\">Voltar<\/a><\/p>\n\n\n\n<p><a href=\"https:\/\/www.facebook.com\/JCulturalrol\/\" title=\"Facebook\">Facebook<\/a><\/p>\n\n\n\n<h3 class=\"wp-block-heading has-text-align-center\"><br><\/h3>\n\n\n\n<h2 class=\"wp-block-heading\"><\/h2>\n","protected":false},"excerpt":{"rendered":"<p>Aquele homem era o que pode se dizer bem-nascido. De fam\u00edlia abastada, n\u00e3o teve problemas enfrentados pela maioria. No entanto, n\u00e3o quer dizer que n\u00e3o\u2026 <\/p>\n","protected":false},"author":130,"featured_media":77659,"comment_status":"open","ping_status":"closed","sticky":false,"template":"","format":"standard","meta":{"_jetpack_newsletter_access":"","_jetpack_dont_email_post_to_subs":false,"_jetpack_newsletter_tier_id":0,"_jetpack_memberships_contains_paywalled_content":false,"_jetpack_memberships_contains_paid_content":false,"footnotes":""},"categories":[9607,9285],"tags":[15856],"class_list":["post-77658","post","type-post","status-publish","format-standard","has-post-thumbnail","hentry","category-contos","category-literatura","tag-relogio-de-familia"],"aioseo_notices":[],"views":462,"jetpack_featured_media_url":"https:\/\/jornalrol.com.br\/wp-content\/uploads\/2026\/01\/IMG_0068.jpg","jetpack_sharing_enabled":true,"jetpack_likes_enabled":true,"jetpack-related-posts":[{"id":79539,"url":"https:\/\/jornalrol.com.br\/?p=79539","url_meta":{"origin":77658,"position":0},"title":"Caio Fernando Abreu e o Van Gogh da minha mulher","author":"Eduardo Mart\u00ednez","date":"25 de mar\u00e7o de 2026","format":false,"excerpt":"Eis que estava aqui no aconchego da sala admirando a r\u00e9plica quase original de 'Os L\u00edrios', famoso quadro de Van Gogh, quando a minha esposa, a Dona Irene...","rel":"","context":"Em &quot;Cr\u00f4nicas&quot;","block_context":{"text":"Cr\u00f4nicas","link":"https:\/\/jornalrol.com.br\/?cat=9392"},"img":{"alt_text":"Eduardo Cesario-Mart\u00ednez. Foto por Irene Oliveira","src":"https:\/\/i0.wp.com\/jornalrol.com.br\/wp-content\/uploads\/2025\/12\/7EB822FD-90B1-44D4-A567-7E7490FD3E6E-1-2-scaled-1.jpg?resize=350%2C200&ssl=1","width":350,"height":200,"srcset":"https:\/\/i0.wp.com\/jornalrol.com.br\/wp-content\/uploads\/2025\/12\/7EB822FD-90B1-44D4-A567-7E7490FD3E6E-1-2-scaled-1.jpg?resize=350%2C200&ssl=1 1x, https:\/\/i0.wp.com\/jornalrol.com.br\/wp-content\/uploads\/2025\/12\/7EB822FD-90B1-44D4-A567-7E7490FD3E6E-1-2-scaled-1.jpg?resize=525%2C300&ssl=1 1.5x, https:\/\/i0.wp.com\/jornalrol.com.br\/wp-content\/uploads\/2025\/12\/7EB822FD-90B1-44D4-A567-7E7490FD3E6E-1-2-scaled-1.jpg?resize=700%2C400&ssl=1 2x, https:\/\/i0.wp.com\/jornalrol.com.br\/wp-content\/uploads\/2025\/12\/7EB822FD-90B1-44D4-A567-7E7490FD3E6E-1-2-scaled-1.jpg?resize=1050%2C600&ssl=1 3x, https:\/\/i0.wp.com\/jornalrol.com.br\/wp-content\/uploads\/2025\/12\/7EB822FD-90B1-44D4-A567-7E7490FD3E6E-1-2-scaled-1.jpg?resize=1400%2C800&ssl=1 4x"},"classes":[]},{"id":77939,"url":"https:\/\/jornalrol.com.br\/?p=77939","url_meta":{"origin":77658,"position":1},"title":"Tio Jurandir era um terror","author":"Eduardo Mart\u00ednez","date":"19 de janeiro de 2026","format":false,"excerpt":"Reuni\u00e3o de fam\u00edlia \u00e9 coisa rara, mas, de vez em quando, acontece por aqui. Tirando Natal, apenas anivers\u00e1rio de vov\u00f3 ou alguma tia graduada. De resto...","rel":"","context":"Em &quot;Sem categoria&quot;","block_context":{"text":"Sem categoria","link":"https:\/\/jornalrol.com.br\/?cat=1"},"img":{"alt_text":"Imagem criada por IA do Gemini - 18 de janeiro de 2026, \u00e0s 14:36 PM","src":"https:\/\/i0.wp.com\/jornalrol.com.br\/wp-content\/uploads\/2026\/01\/WhatsApp-Image-2025-11-19-at-13.49.42.jpeg?resize=350%2C200&ssl=1","width":350,"height":200,"srcset":"https:\/\/i0.wp.com\/jornalrol.com.br\/wp-content\/uploads\/2026\/01\/WhatsApp-Image-2025-11-19-at-13.49.42.jpeg?resize=350%2C200&ssl=1 1x, https:\/\/i0.wp.com\/jornalrol.com.br\/wp-content\/uploads\/2026\/01\/WhatsApp-Image-2025-11-19-at-13.49.42.jpeg?resize=525%2C300&ssl=1 1.5x, https:\/\/i0.wp.com\/jornalrol.com.br\/wp-content\/uploads\/2026\/01\/WhatsApp-Image-2025-11-19-at-13.49.42.jpeg?resize=700%2C400&ssl=1 2x, https:\/\/i0.wp.com\/jornalrol.com.br\/wp-content\/uploads\/2026\/01\/WhatsApp-Image-2025-11-19-at-13.49.42.jpeg?resize=1050%2C600&ssl=1 3x"},"classes":[]},{"id":77179,"url":"https:\/\/jornalrol.com.br\/?p=77179","url_meta":{"origin":77658,"position":2},"title":"No Quadro do Jornal ROL, Eduardo Cesario-Mart\u00ednez!","author":"Sergio Diniz da Costa","date":"8 de dezembro de 2025","format":false,"excerpt":"Eduardo Mart\u00ednez, \u201ccom um sorriso permanente nos l\u00e1bios\u201d, \u00e9 um premiado escritor carioca, atualmente radicado em Porto alegre, cidade pela qual \u00e9 apaixonado","rel":"","context":"Em &quot;Apresenta\u00e7\u00e3o de colunista&quot;","block_context":{"text":"Apresenta\u00e7\u00e3o de colunista","link":"https:\/\/jornalrol.com.br\/?cat=10981"},"img":{"alt_text":"Eduardo Cesario-Mart\u00ednez. Foto por Irene Oliveira","src":"https:\/\/i0.wp.com\/jornalrol.com.br\/wp-content\/uploads\/2025\/12\/7EB822FD-90B1-44D4-A567-7E7490FD3E6E-1-2-scaled-1.jpg?resize=350%2C200&ssl=1","width":350,"height":200,"srcset":"https:\/\/i0.wp.com\/jornalrol.com.br\/wp-content\/uploads\/2025\/12\/7EB822FD-90B1-44D4-A567-7E7490FD3E6E-1-2-scaled-1.jpg?resize=350%2C200&ssl=1 1x, https:\/\/i0.wp.com\/jornalrol.com.br\/wp-content\/uploads\/2025\/12\/7EB822FD-90B1-44D4-A567-7E7490FD3E6E-1-2-scaled-1.jpg?resize=525%2C300&ssl=1 1.5x, https:\/\/i0.wp.com\/jornalrol.com.br\/wp-content\/uploads\/2025\/12\/7EB822FD-90B1-44D4-A567-7E7490FD3E6E-1-2-scaled-1.jpg?resize=700%2C400&ssl=1 2x, https:\/\/i0.wp.com\/jornalrol.com.br\/wp-content\/uploads\/2025\/12\/7EB822FD-90B1-44D4-A567-7E7490FD3E6E-1-2-scaled-1.jpg?resize=1050%2C600&ssl=1 3x, https:\/\/i0.wp.com\/jornalrol.com.br\/wp-content\/uploads\/2025\/12\/7EB822FD-90B1-44D4-A567-7E7490FD3E6E-1-2-scaled-1.jpg?resize=1400%2C800&ssl=1 4x"},"classes":[]},{"id":79905,"url":"https:\/\/jornalrol.com.br\/?p=79905","url_meta":{"origin":77658,"position":3},"title":"Almerinda, a empregada dom\u00e9stica","author":"Eduardo Mart\u00ednez","date":"7 de abril de 2026","format":false,"excerpt":"Eduardo Cesario-Mart\u00ednez Conto 'Almerinda, a empregada dom\u00e9stica' Eduardo Cesario-Mart\u00ednez Foto por Irene Oliveira Imagem gerada pela IA do Gemini Almerinda foi enxotada da cama pela pr\u00f3pria culpa por dormir demais naquele dia. N\u00e3o que fossem tantas horas de sono, pois mal havia chegado do trabalho na noite anterior, ap\u00f3s mais\u2026","rel":"","context":"Em &quot;Contos&quot;","block_context":{"text":"Contos","link":"https:\/\/jornalrol.com.br\/?cat=9607"},"img":{"alt_text":"Imagem gerada pela IA do Gemini","src":"https:\/\/i0.wp.com\/jornalrol.com.br\/wp-content\/uploads\/2026\/04\/ed1bcce1-0925-48a0-8f72-5842d44170e7.jpg?resize=350%2C200&ssl=1","width":350,"height":200,"srcset":"https:\/\/i0.wp.com\/jornalrol.com.br\/wp-content\/uploads\/2026\/04\/ed1bcce1-0925-48a0-8f72-5842d44170e7.jpg?resize=350%2C200&ssl=1 1x, https:\/\/i0.wp.com\/jornalrol.com.br\/wp-content\/uploads\/2026\/04\/ed1bcce1-0925-48a0-8f72-5842d44170e7.jpg?resize=525%2C300&ssl=1 1.5x, https:\/\/i0.wp.com\/jornalrol.com.br\/wp-content\/uploads\/2026\/04\/ed1bcce1-0925-48a0-8f72-5842d44170e7.jpg?resize=700%2C400&ssl=1 2x, https:\/\/i0.wp.com\/jornalrol.com.br\/wp-content\/uploads\/2026\/04\/ed1bcce1-0925-48a0-8f72-5842d44170e7.jpg?resize=1050%2C600&ssl=1 3x"},"classes":[]},{"id":80097,"url":"https:\/\/jornalrol.com.br\/?p=80097","url_meta":{"origin":77658,"position":4},"title":"Veridiana, Hor\u00e1cio e Cassiana","author":"Eduardo Mart\u00ednez","date":"16 de abril de 2026","format":false,"excerpt":"Era not\u00f3ria, naqueles cantos, a paci\u00eancia dos urubus, por mais ansiosos que estivessem, em esperar por mais uma criatura faminta ou, ent\u00e3o, acometida de...","rel":"","context":"Em &quot;Contos&quot;","block_context":{"text":"Contos","link":"https:\/\/jornalrol.com.br\/?cat=9607"},"img":{"alt_text":"","src":"https:\/\/i0.wp.com\/jornalrol.com.br\/wp-content\/uploads\/2026\/04\/9545efdf-bfcb-4de5-9aa2-653c63d47664.jpg?resize=350%2C200&ssl=1","width":350,"height":200,"srcset":"https:\/\/i0.wp.com\/jornalrol.com.br\/wp-content\/uploads\/2026\/04\/9545efdf-bfcb-4de5-9aa2-653c63d47664.jpg?resize=350%2C200&ssl=1 1x, https:\/\/i0.wp.com\/jornalrol.com.br\/wp-content\/uploads\/2026\/04\/9545efdf-bfcb-4de5-9aa2-653c63d47664.jpg?resize=525%2C300&ssl=1 1.5x, https:\/\/i0.wp.com\/jornalrol.com.br\/wp-content\/uploads\/2026\/04\/9545efdf-bfcb-4de5-9aa2-653c63d47664.jpg?resize=700%2C400&ssl=1 2x, https:\/\/i0.wp.com\/jornalrol.com.br\/wp-content\/uploads\/2026\/04\/9545efdf-bfcb-4de5-9aa2-653c63d47664.jpg?resize=1050%2C600&ssl=1 3x"},"classes":[]},{"id":80426,"url":"https:\/\/jornalrol.com.br\/?p=80426","url_meta":{"origin":77658,"position":5},"title":"Tudo por conta de uma an\u00e1gua","author":"Eduardo Mart\u00ednez","date":"29 de abril de 2026","format":false,"excerpt":"N\u00e3o foi muito antes de contemplar meus primeiros pelos debaixo do nariz. Talvez, pelo longo espa\u00e7o temporal, eu esteja cometendo uma pequena falha de meses...","rel":"","context":"Em &quot;Contos&quot;","block_context":{"text":"Contos","link":"https:\/\/jornalrol.com.br\/?cat=9607"},"img":{"alt_text":"Imagem criada pela IA do Gemini","src":"https:\/\/i0.wp.com\/jornalrol.com.br\/wp-content\/uploads\/2026\/04\/31a257bb-2cae-4bd3-b707-349ec5800d44.jpg?resize=350%2C200&ssl=1","width":350,"height":200,"srcset":"https:\/\/i0.wp.com\/jornalrol.com.br\/wp-content\/uploads\/2026\/04\/31a257bb-2cae-4bd3-b707-349ec5800d44.jpg?resize=350%2C200&ssl=1 1x, https:\/\/i0.wp.com\/jornalrol.com.br\/wp-content\/uploads\/2026\/04\/31a257bb-2cae-4bd3-b707-349ec5800d44.jpg?resize=525%2C300&ssl=1 1.5x, https:\/\/i0.wp.com\/jornalrol.com.br\/wp-content\/uploads\/2026\/04\/31a257bb-2cae-4bd3-b707-349ec5800d44.jpg?resize=700%2C400&ssl=1 2x, https:\/\/i0.wp.com\/jornalrol.com.br\/wp-content\/uploads\/2026\/04\/31a257bb-2cae-4bd3-b707-349ec5800d44.jpg?resize=1050%2C600&ssl=1 3x"},"classes":[]}],"_links":{"self":[{"href":"https:\/\/jornalrol.com.br\/index.php?rest_route=\/wp\/v2\/posts\/77658","targetHints":{"allow":["GET"]}}],"collection":[{"href":"https:\/\/jornalrol.com.br\/index.php?rest_route=\/wp\/v2\/posts"}],"about":[{"href":"https:\/\/jornalrol.com.br\/index.php?rest_route=\/wp\/v2\/types\/post"}],"author":[{"embeddable":true,"href":"https:\/\/jornalrol.com.br\/index.php?rest_route=\/wp\/v2\/users\/130"}],"replies":[{"embeddable":true,"href":"https:\/\/jornalrol.com.br\/index.php?rest_route=%2Fwp%2Fv2%2Fcomments&post=77658"}],"version-history":[{"count":4,"href":"https:\/\/jornalrol.com.br\/index.php?rest_route=\/wp\/v2\/posts\/77658\/revisions"}],"predecessor-version":[{"id":79292,"href":"https:\/\/jornalrol.com.br\/index.php?rest_route=\/wp\/v2\/posts\/77658\/revisions\/79292"}],"wp:featuredmedia":[{"embeddable":true,"href":"https:\/\/jornalrol.com.br\/index.php?rest_route=\/wp\/v2\/media\/77659"}],"wp:attachment":[{"href":"https:\/\/jornalrol.com.br\/index.php?rest_route=%2Fwp%2Fv2%2Fmedia&parent=77658"}],"wp:term":[{"taxonomy":"category","embeddable":true,"href":"https:\/\/jornalrol.com.br\/index.php?rest_route=%2Fwp%2Fv2%2Fcategories&post=77658"},{"taxonomy":"post_tag","embeddable":true,"href":"https:\/\/jornalrol.com.br\/index.php?rest_route=%2Fwp%2Fv2%2Ftags&post=77658"}],"curies":[{"name":"wp","href":"https:\/\/api.w.org\/{rel}","templated":true}]}}