{"id":77691,"date":"2026-01-07T08:15:00","date_gmt":"2026-01-07T11:15:00","guid":{"rendered":"https:\/\/jornalrol.com.br\/?p=77691"},"modified":"2026-01-06T20:05:17","modified_gmt":"2026-01-06T23:05:17","slug":"ressignificar-2","status":"publish","type":"post","link":"https:\/\/jornalrol.com.br\/?p=77691","title":{"rendered":"Ressignificar"},"content":{"rendered":"<div class=\"pdfprnt-buttons pdfprnt-buttons-post pdfprnt-top-right\"><a href=\"https:\/\/jornalrol.com.br\/index.php?rest_route=%2Fwp%2Fv2%2Fposts%2F77691&print=pdf\" class=\"pdfprnt-button pdfprnt-button-pdf\" target=\"_blank\" ><\/a><a href=\"https:\/\/jornalrol.com.br\/index.php?rest_route=%2Fwp%2Fv2%2Fposts%2F77691&print=print\" class=\"pdfprnt-button pdfprnt-button-print\" target=\"_blank\" ><img decoding=\"async\" src=\"https:\/\/jornalrol.com.br\/wp-content\/plugins\/pdf-print\/images\/print.png\" alt=\"image_print\" title=\"Conte\u00fado de impress\u00e3o\" \/><\/a><\/div>\n<h2 class=\"wp-block-heading has-text-align-center\">Eliana Hoenhe Pereira: Poema &#8216;Ressignificar&#8217;<br><br><\/h2>\n\n\n<div class=\"wp-block-image is-style-rounded\">\n<figure class=\"aligncenter size-full is-resized\"><img loading=\"lazy\" decoding=\"async\" width=\"420\" height=\"406\" data-attachment-id=\"60932\" data-permalink=\"https:\/\/jornalrol.com.br\/?attachment_id=60932\" data-orig-file=\"https:\/\/jornalrol.com.br\/wp-content\/uploads\/2023\/09\/IMG-20230819-WA0061-e1730333605290.jpg\" data-orig-size=\"420,406\" data-comments-opened=\"1\" data-image-meta=\"{&quot;aperture&quot;:&quot;0&quot;,&quot;credit&quot;:&quot;&quot;,&quot;camera&quot;:&quot;&quot;,&quot;caption&quot;:&quot;&quot;,&quot;created_timestamp&quot;:&quot;0&quot;,&quot;copyright&quot;:&quot;&quot;,&quot;focal_length&quot;:&quot;0&quot;,&quot;iso&quot;:&quot;0&quot;,&quot;shutter_speed&quot;:&quot;0&quot;,&quot;title&quot;:&quot;&quot;,&quot;orientation&quot;:&quot;1&quot;}\" data-image-title=\"IMG-20230819-WA0061\" data-image-description=\"&lt;p&gt;Eliana Hoenhe Pereira&lt;\/p&gt;\n\" data-image-caption=\"&lt;p&gt;Eliana Hoenhe Pereira&lt;\/p&gt;\n\" data-large-file=\"https:\/\/jornalrol.com.br\/wp-content\/uploads\/2023\/09\/IMG-20230819-WA0061-e1730333605290.jpg\" src=\"http:\/\/jornalrol.com.br\/wp-content\/uploads\/2023\/09\/IMG-20230819-WA0061-e1730333605290.jpg\" alt=\"Eliana Hoenhe Pereira\" class=\"wp-image-60932\" style=\"aspect-ratio:1.0345225724512181;width:152px;height:auto\"\/><figcaption class=\"wp-element-caption\">Eliana Hoenhe Pereira<\/figcaption><\/figure>\n<\/div>\n\n<div class=\"wp-block-image\">\n<figure class=\"aligncenter size-full is-resized\"><img loading=\"lazy\" decoding=\"async\" width=\"1126\" height=\"1600\" data-attachment-id=\"77692\" data-permalink=\"https:\/\/jornalrol.com.br\/?attachment_id=77692\" data-orig-file=\"https:\/\/jornalrol.com.br\/wp-content\/uploads\/2026\/01\/2fc1b62e-c2e3-4b42-a1c2-2082c69d0f56.jpg\" data-orig-size=\"1126,1600\" data-comments-opened=\"1\" data-image-meta=\"{&quot;aperture&quot;:&quot;0&quot;,&quot;credit&quot;:&quot;&quot;,&quot;camera&quot;:&quot;&quot;,&quot;caption&quot;:&quot;&quot;,&quot;created_timestamp&quot;:&quot;0&quot;,&quot;copyright&quot;:&quot;&quot;,&quot;focal_length&quot;:&quot;0&quot;,&quot;iso&quot;:&quot;0&quot;,&quot;shutter_speed&quot;:&quot;0&quot;,&quot;title&quot;:&quot;&quot;,&quot;orientation&quot;:&quot;0&quot;}\" data-image-title=\"2fc1b62e-c2e3-4b42-a1c2-2082c69d0f56\" data-image-description=\"\" data-image-caption=\"\" data-large-file=\"https:\/\/jornalrol.com.br\/wp-content\/uploads\/2026\/01\/2fc1b62e-c2e3-4b42-a1c2-2082c69d0f56.jpg\" src=\"https:\/\/jornalrol.com.br\/wp-content\/uploads\/2026\/01\/2fc1b62e-c2e3-4b42-a1c2-2082c69d0f56.jpg\" alt=\"Foto pela autora\" class=\"wp-image-77692\" style=\"aspect-ratio:0.7038504947636421;width:334px;height:auto\" srcset=\"https:\/\/jornalrol.com.br\/wp-content\/uploads\/2026\/01\/2fc1b62e-c2e3-4b42-a1c2-2082c69d0f56.jpg 1126w, https:\/\/jornalrol.com.br\/wp-content\/uploads\/2026\/01\/2fc1b62e-c2e3-4b42-a1c2-2082c69d0f56-845x1200.jpg 845w, https:\/\/jornalrol.com.br\/wp-content\/uploads\/2026\/01\/2fc1b62e-c2e3-4b42-a1c2-2082c69d0f56-768x1091.jpg 768w, https:\/\/jornalrol.com.br\/wp-content\/uploads\/2026\/01\/2fc1b62e-c2e3-4b42-a1c2-2082c69d0f56-1081x1536.jpg 1081w\" sizes=\"auto, (max-width: 1126px) 100vw, 1126px\" \/><figcaption class=\"wp-element-caption\"><em>Foto pela autora<\/em><\/figcaption><\/figure>\n<\/div>\n\n\n<p class=\"has-text-align-center\">Hoje eu quero ver o mar&nbsp;<\/p>\n\n\n\n<p class=\"has-text-align-center\">Preciso ressignificar.<\/p>\n\n\n\n<p class=\"has-text-align-center\">Pro\u00edbo-me de gritar&nbsp;<\/p>\n\n\n\n<p class=\"has-text-align-center\">as minhas raz\u00f5es.&nbsp;<\/p>\n\n\n\n<p class=\"has-text-align-center\">Abafei todas as sensa\u00e7\u00f5es&nbsp;<\/p>\n\n\n\n<p class=\"has-text-align-center\">sem colocar resist\u00eancias,&nbsp;<\/p>\n\n\n\n<p class=\"has-text-align-center\">Engoli o choro&nbsp;<\/p>\n\n\n\n<p class=\"has-text-align-center\">e abri espa\u00e7o para o novo.<\/p>\n\n\n\n<p class=\"has-text-align-center\">Escondi-me no sil\u00eancio&nbsp;<\/p>\n\n\n\n<p class=\"has-text-align-center\">do meu jardim imenso&nbsp;<\/p>\n\n\n\n<p class=\"has-text-align-center\">e ausente.<\/p>\n\n\n\n<p class=\"has-text-align-center\">Segui em frente&nbsp;<\/p>\n\n\n\n<p class=\"has-text-align-center\">rumo ao desconhecido&nbsp;<\/p>\n\n\n\n<p class=\"has-text-align-center\">para encontrar um sentido,<\/p>\n\n\n\n<p class=\"has-text-align-center\">Certo ou errado&nbsp;<\/p>\n\n\n\n<p class=\"has-text-align-center\">o ciclo estava encerrado.<\/p>\n\n\n\n<h3 class=\"wp-block-heading has-text-align-center\"><br>Eliana Hoenhe Pereira<\/h3>\n\n\n\n<div class=\"wp-block-columns is-layout-flex wp-container-core-columns-is-layout-9d6595d7 wp-block-columns-is-layout-flex\">\n<div class=\"wp-block-column is-layout-flow wp-block-column-is-layout-flow\">\n<h3 class=\"wp-block-heading has-text-align-center has-blush-light-purple-gradient-background has-background\"><a href=\"https:\/\/www.eliana.hoenhepereira\/\" target=\"_blank\" rel=\"noopener\" title=\"Facebook\">Facebook<\/a><\/h3>\n<\/div>\n\n\n\n<div class=\"wp-block-column is-layout-flow wp-block-column-is-layout-flow\">\n<h3 class=\"wp-block-heading has-text-align-center has-blush-light-purple-gradient-background has-background\"><a href=\"https:\/\/www.instagram.comhoenhepereira\/\" title=\"Instagram\">Instagram<\/a><\/h3>\n<\/div>\n<\/div>\n\n\n\n<p><a href=\"https:\/\/jornalrol.com.br\/\" title=\"Voltar\">Voltar<\/a><\/p>\n\n\n\n<p><a href=\"https:\/\/www.facebook.com\/JCulturalrol\/\" title=\"Facebook\">Facebook<\/a><\/p>\n","protected":false},"excerpt":{"rendered":"<p>Hoje eu quero ver o mar, preciso ressignificar. Pro\u00edbo-me de gritar as minhas raz\u00f5es.<br \/>\nabafei todas as sensa\u00e7\u00f5es sem colocar resist\u00eancias. Engoli o choro e&#8230;<\/p>\n","protected":false},"author":24,"featured_media":77692,"comment_status":"open","ping_status":"closed","sticky":false,"template":"","format":"standard","meta":{"_jetpack_newsletter_access":"","_jetpack_dont_email_post_to_subs":false,"_jetpack_newsletter_tier_id":0,"_jetpack_memberships_contains_paywalled_content":false,"_jetpack_memberships_contains_paid_content":false,"footnotes":""},"categories":[9285,58],"tags":[15869,15871,15870,15868,14188,12387,7977],"class_list":["post-77691","post","type-post","status-publish","format-standard","has-post-thumbnail","hentry","category-literatura","category-poesias","tag-choro-engolido","tag-jardim-imenso","tag-razoes","tag-resistencias","tag-ressignificar","tag-sensacoes","tag-silencio"],"aioseo_notices":[],"views":562,"jetpack_featured_media_url":"https:\/\/jornalrol.com.br\/wp-content\/uploads\/2026\/01\/2fc1b62e-c2e3-4b42-a1c2-2082c69d0f56.jpg","jetpack_sharing_enabled":true,"jetpack_likes_enabled":true,"jetpack-related-posts":[{"id":61755,"url":"https:\/\/jornalrol.com.br\/?p=61755","url_meta":{"origin":77691,"position":0},"title":"Rompimento","author":"Eliana Hoenhe Pereira","date":"4 de outubro de 2023","format":false,"excerpt":"Rompimento, por onde passa vai deixando rastos de sofrimento. La\u00e7os s\u00e3o rompidos e tudo fica interrompido, at\u00e9 o sorriso. Sentimento abafado e sufocado...","rel":"","context":"Em &quot;Literatura&quot;","block_context":{"text":"Literatura","link":"https:\/\/jornalrol.com.br\/?cat=9285"},"img":{"alt_text":"Eliana Hoenhe Pereira","src":"https:\/\/i0.wp.com\/jornalrol.com.br\/wp-content\/uploads\/2023\/09\/IMG-20230819-WA0061-e1730333605290.jpg?resize=350%2C200&ssl=1","width":350,"height":200},"classes":[]},{"id":46756,"url":"https:\/\/jornalrol.com.br\/?p=46756","url_meta":{"origin":77691,"position":1},"title":"Eliana Hoenhe Pereira: &#039;Se n\u00e3o fosse a cobi\u00e7a&#039;","author":"Eliana Hoenhe Pereira","date":"24 de novembro de 2021","format":false,"excerpt":"Se n\u00e3o fosse a cobi\u00e7a A natureza amea\u00e7ada Silenciada Sem defesa Na sua exuber\u00e2ncia Em seu ber\u00e7o sagrado Choram as araras Vidas abaladas Por m\u00e3os que exploram Sem amor E sem pudor A terra sagrada Que abastece Aquece Que faz germinar A diversidade Na sua exuber\u00e2ncia Choram as araras Abalada\u2026","rel":"","context":"Em &quot;Comunica\u00e7\u00e3o&quot;","block_context":{"text":"Comunica\u00e7\u00e3o","link":"https:\/\/jornalrol.com.br\/?cat=7"},"img":{"alt_text":"","src":"https:\/\/i0.wp.com\/www.jornalrol.com.br\/wp-content\/uploads\/2020\/12\/Foto-2-150x150.jpg?resize=350%2C200","width":350,"height":200},"classes":[]},{"id":37266,"url":"https:\/\/jornalrol.com.br\/?p=37266","url_meta":{"origin":77691,"position":2},"title":"Eliana Hoenhe Pereira: &#039;Se me queres&#039;","author":"Eliana Hoenhe Pereira","date":"31 de janeiro de 2021","format":false,"excerpt":"Se me queres Se me queres... Venhas pelo caminho\u00a0 dos versos Ele \u00e9 quieto e cheio de afeto Se me queres... Venhas pelo caminho dos versos Segue a alegria da melodia traduzida em poesia Se me queres... Venhas pelo caminho dos versos devagarinho\u00a0 e\u00a0 de mansinho Ele tem a esperan\u00e7a\u2026","rel":"","context":"Em &quot;Comunica\u00e7\u00e3o&quot;","block_context":{"text":"Comunica\u00e7\u00e3o","link":"https:\/\/jornalrol.com.br\/?cat=7"},"img":{"alt_text":"","src":"https:\/\/i0.wp.com\/www.jornalrol.com.br\/wp-content\/uploads\/2020\/12\/Foto-2-150x150.jpg?resize=350%2C200","width":350,"height":200},"classes":[]},{"id":41843,"url":"https:\/\/jornalrol.com.br\/?p=41843","url_meta":{"origin":77691,"position":3},"title":"Eliana Hoenhe Pereira: &#039;Constela\u00e7\u00f5es de Amigos&#039;","author":"Eliana Hoenhe Pereira","date":"14 de junho de 2021","format":false,"excerpt":"Constela\u00e7\u00f5es de amigos Pelas estradas da vida fui formando minha constela\u00e7\u00e3o dos amigos do cora\u00e7\u00e3o Eles cabem nos dedos da minha m\u00e3o Encontrados pelas afinidades e alicer\u00e7ados na lealdade \u00a0 Gente que admiro Amores infinitos D\u00e1divas do tempo que s\u00f3 fortalece sentimentos Partilhamos nossos dias das tristezas \u00e0s alegrias Estamos\u2026","rel":"","context":"Em &quot;Comunica\u00e7\u00e3o&quot;","block_context":{"text":"Comunica\u00e7\u00e3o","link":"https:\/\/jornalrol.com.br\/?cat=7"},"img":{"alt_text":"","src":"https:\/\/i0.wp.com\/www.jornalrol.com.br\/wp-content\/uploads\/2020\/12\/Foto-2-150x150.jpg?resize=350%2C200","width":350,"height":200},"classes":[]},{"id":40105,"url":"https:\/\/jornalrol.com.br\/?p=40105","url_meta":{"origin":77691,"position":4},"title":"Eliana Hoenhe Pereira: &#039;Talvez&#039;","author":"Eliana Hoenhe Pereira","date":"26 de abril de 2021","format":false,"excerpt":"Talvez Talvez se um dia te reencontrar Eu v\u00e1 chorar Mas n\u00e3o lamente a dor passada E curta o momento de estar ao seu lado Talvez as minhas m\u00e3os ir\u00e3o tremer o meu cora\u00e7\u00e3o palpitar Talvez n\u00e3o consiga falar e ficaria a te admirar Talvez n\u00e3o solte das suas m\u00e3os\u2026","rel":"","context":"Em &quot;Comunica\u00e7\u00e3o&quot;","block_context":{"text":"Comunica\u00e7\u00e3o","link":"https:\/\/jornalrol.com.br\/?cat=7"},"img":{"alt_text":"","src":"https:\/\/i0.wp.com\/www.jornalrol.com.br\/wp-content\/uploads\/2020\/12\/Foto-2-150x150.jpg?resize=350%2C200","width":350,"height":200},"classes":[]},{"id":40501,"url":"https:\/\/jornalrol.com.br\/?p=40501","url_meta":{"origin":77691,"position":5},"title":"Eliana Hoenhe Pereira: &#039;Turbul\u00eancia&#039;","author":"Eliana Hoenhe Pereira","date":"10 de maio de 2021","format":false,"excerpt":"Turbul\u00eancia A aeronave sacudia Pra l\u00e1 e pra c\u00e1 O caf\u00e9 chacoalhou, chacoalhou, chacoalhou e para dentro do meu casaco voou Alguns passageiros fervorosamente oravam Outros gritavam ou enjoavam Os comiss\u00e1rios se encarregavam de acalmar a situa\u00e7\u00e3o, naturalmente... e n\u00e3o podia ser diferente Parecia que haviam perdido o ch\u00e3o e\u2026","rel":"","context":"Em &quot;Comunica\u00e7\u00e3o&quot;","block_context":{"text":"Comunica\u00e7\u00e3o","link":"https:\/\/jornalrol.com.br\/?cat=7"},"img":{"alt_text":"","src":"https:\/\/i0.wp.com\/www.jornalrol.com.br\/wp-content\/uploads\/2020\/12\/Foto-2-150x150.jpg?resize=350%2C200","width":350,"height":200},"classes":[]}],"_links":{"self":[{"href":"https:\/\/jornalrol.com.br\/index.php?rest_route=\/wp\/v2\/posts\/77691","targetHints":{"allow":["GET"]}}],"collection":[{"href":"https:\/\/jornalrol.com.br\/index.php?rest_route=\/wp\/v2\/posts"}],"about":[{"href":"https:\/\/jornalrol.com.br\/index.php?rest_route=\/wp\/v2\/types\/post"}],"author":[{"embeddable":true,"href":"https:\/\/jornalrol.com.br\/index.php?rest_route=\/wp\/v2\/users\/24"}],"replies":[{"embeddable":true,"href":"https:\/\/jornalrol.com.br\/index.php?rest_route=%2Fwp%2Fv2%2Fcomments&post=77691"}],"version-history":[{"count":1,"href":"https:\/\/jornalrol.com.br\/index.php?rest_route=\/wp\/v2\/posts\/77691\/revisions"}],"predecessor-version":[{"id":77693,"href":"https:\/\/jornalrol.com.br\/index.php?rest_route=\/wp\/v2\/posts\/77691\/revisions\/77693"}],"wp:featuredmedia":[{"embeddable":true,"href":"https:\/\/jornalrol.com.br\/index.php?rest_route=\/wp\/v2\/media\/77692"}],"wp:attachment":[{"href":"https:\/\/jornalrol.com.br\/index.php?rest_route=%2Fwp%2Fv2%2Fmedia&parent=77691"}],"wp:term":[{"taxonomy":"category","embeddable":true,"href":"https:\/\/jornalrol.com.br\/index.php?rest_route=%2Fwp%2Fv2%2Fcategories&post=77691"},{"taxonomy":"post_tag","embeddable":true,"href":"https:\/\/jornalrol.com.br\/index.php?rest_route=%2Fwp%2Fv2%2Ftags&post=77691"}],"curies":[{"name":"wp","href":"https:\/\/api.w.org\/{rel}","templated":true}]}}