{"id":77869,"date":"2026-01-15T13:48:04","date_gmt":"2026-01-15T16:48:04","guid":{"rendered":"https:\/\/jornalrol.com.br\/?p=77869"},"modified":"2026-01-15T13:52:39","modified_gmt":"2026-01-15T16:52:39","slug":"ii-premio-personalidades-literarias-e-culturais-do-ano-2025","status":"publish","type":"post","link":"https:\/\/jornalrol.com.br\/?p=77869","title":{"rendered":"II Pr\u00eamio Personalidades Liter\u00e1rias e Culturais do Ano 2025"},"content":{"rendered":"<div class=\"pdfprnt-buttons pdfprnt-buttons-post pdfprnt-top-right\"><a href=\"https:\/\/jornalrol.com.br\/index.php?rest_route=%2Fwp%2Fv2%2Fposts%2F77869&print=pdf\" class=\"pdfprnt-button pdfprnt-button-pdf\" target=\"_blank\" ><\/a><a href=\"https:\/\/jornalrol.com.br\/index.php?rest_route=%2Fwp%2Fv2%2Fposts%2F77869&print=print\" class=\"pdfprnt-button pdfprnt-button-print\" target=\"_blank\" ><img decoding=\"async\" src=\"https:\/\/jornalrol.com.br\/wp-content\/plugins\/pdf-print\/images\/print.png\" alt=\"image_print\" title=\"Conte\u00fado de impress\u00e3o\" \/><\/a><\/div>\n<h2 class=\"wp-block-heading has-text-align-center\">Priscila Mancussi vence o II Pr\u00eamio Personalidades Liter\u00e1rias e Culturais do Ano 2025 na categoria Iniciativa Liter\u00e1ria<br><br><\/h2>\n\n\n<div class=\"wp-block-image\">\n<figure class=\"aligncenter size-full is-resized\"><img loading=\"lazy\" decoding=\"async\" width=\"985\" height=\"1280\" data-attachment-id=\"77870\" data-permalink=\"https:\/\/jornalrol.com.br\/?attachment_id=77870\" data-orig-file=\"https:\/\/jornalrol.com.br\/wp-content\/uploads\/2026\/01\/e28d9e10-fdb0-4048-b0d8-71453a43f836.jpg\" data-orig-size=\"985,1280\" data-comments-opened=\"1\" data-image-meta=\"{&quot;aperture&quot;:&quot;0&quot;,&quot;credit&quot;:&quot;&quot;,&quot;camera&quot;:&quot;&quot;,&quot;caption&quot;:&quot;&quot;,&quot;created_timestamp&quot;:&quot;0&quot;,&quot;copyright&quot;:&quot;&quot;,&quot;focal_length&quot;:&quot;0&quot;,&quot;iso&quot;:&quot;0&quot;,&quot;shutter_speed&quot;:&quot;0&quot;,&quot;title&quot;:&quot;&quot;,&quot;orientation&quot;:&quot;0&quot;}\" data-image-title=\"e28d9e10-fdb0-4048-b0d8-71453a43f836\" data-image-description=\"\" data-image-caption=\"\" data-large-file=\"https:\/\/jornalrol.com.br\/wp-content\/uploads\/2026\/01\/e28d9e10-fdb0-4048-b0d8-71453a43f836.jpg\" src=\"https:\/\/jornalrol.com.br\/wp-content\/uploads\/2026\/01\/e28d9e10-fdb0-4048-b0d8-71453a43f836.jpg\" alt=\"II Pr\u00eamio Personalidades Liter\u00e1rias e Culturais do Ano 2025 - Foto divulga\u00e7\u00e3o Editora Holandas\" class=\"wp-image-77870\" style=\"aspect-ratio:0.7695390781563126;width:298px;height:auto\" srcset=\"https:\/\/jornalrol.com.br\/wp-content\/uploads\/2026\/01\/e28d9e10-fdb0-4048-b0d8-71453a43f836.jpg 985w, https:\/\/jornalrol.com.br\/wp-content\/uploads\/2026\/01\/e28d9e10-fdb0-4048-b0d8-71453a43f836-923x1200.jpg 923w, https:\/\/jornalrol.com.br\/wp-content\/uploads\/2026\/01\/e28d9e10-fdb0-4048-b0d8-71453a43f836-768x998.jpg 768w\" sizes=\"auto, (max-width: 985px) 100vw, 985px\" \/><figcaption class=\"wp-element-caption\"><em>II Pr\u00eamio Personalidades Liter\u00e1rias e Culturais do Ano 2025<\/em> &#8211; Foto divulga\u00e7\u00e3o  Editora Holandas<\/figcaption><\/figure>\n<\/div>\n\n\n<p class=\"has-drop-cap\">A escritora, poeta, professora e consultora liter\u00e1ria Priscila Mancussi foi uma das vencedoras do <strong>II Pr\u00eamio Personalidades Liter\u00e1rias e Culturais do Ano 2025<\/strong>, promovido pela Editora Holandas, na categoria Iniciativa Liter\u00e1ria. A premia\u00e7\u00e3o reconhece projetos e a\u00e7\u00f5es que se destacam pelo impacto social, cultural e educativo na promo\u00e7\u00e3o da literatura, da leitura e da forma\u00e7\u00e3o de leitores.<\/p>\n\n\n\n<p>A escolha de Priscila Mancussi foi resultado de uma curadoria criteriosa, que avaliou a relev\u00e2ncia, o alcance e o compromisso da iniciativa desenvolvida com a democratiza\u00e7\u00e3o do acesso \u00e0 literatura e o fortalecimento da cultura liter\u00e1ria em diferentes espa\u00e7os e comunidades. A categoria Iniciativa Liter\u00e1ria contempla projetos que utilizam a palavra escrita como instrumento de transforma\u00e7\u00e3o social, valorizando autores, leitores e processos formativos.<\/p>\n\n\n\n<p>Com uma trajet\u00f3ria marcada pela atua\u00e7\u00e3o na educa\u00e7\u00e3o, na poesia e na cria\u00e7\u00e3o de projetos voltados ao incentivo \u00e0 leitura e \u00e0 escrita, Priscila Mancussi vem construindo um trabalho que ultrapassa o livro como objeto e transforma a literatura em experi\u00eancia viva, acess\u00edvel e coletiva. Suas a\u00e7\u00f5es dialogam com escritores iniciantes, jovens, educadores e leitores, promovendo o desbloqueio criativo, o protagonismo liter\u00e1rio e a forma\u00e7\u00e3o sens\u00edvel por meio da palavra.<\/p>\n\n\n\n<p>Para a autora, o pr\u00eamio representa um marco importante em sua carreira. \u201cEsse reconhecimento reafirma que a literatura pode e deve ocupar espa\u00e7os diversos, aproximando pessoas, criando v\u00ednculos e transformando realidades. \u00c9 um incentivo para seguir acreditando na for\u00e7a da palavra como ferramenta de educa\u00e7\u00e3o, cultura e humanidade\u201d, destaca Priscila. Ela ainda ressalta a import\u00e2ncia de iniciativas como essa, oferecida pela Editora Holandas e parabeniza o trabalho qualificado e respeitoso que a Editora-chefe Sibelle Holanda vem realizando em prol da arte e literatura brasileiras.<\/p>\n\n\n\n<p>O II Pr\u00eamio Personalidades Liter\u00e1rias e Culturais do Ano celebra n\u00e3o apenas obras liter\u00e1rias, mas iniciativas que deixam marcas duradouras na sociedade, valorizando a\u00e7\u00f5es que fortalecem e expandem o alcance da literatura no Brasil. A conquista consolida o trabalho de Priscila Mancussi como uma refer\u00eancia na promo\u00e7\u00e3o da leitura, da escrita e da cultura liter\u00e1ria contempor\u00e2nea.<\/p>\n\n\n\n<h2 class=\"wp-block-heading has-text-align-center\">Sobre a autora<\/h2>\n\n\n<div class=\"wp-block-image\">\n<figure class=\"alignright size-full is-resized\"><img loading=\"lazy\" decoding=\"async\" width=\"535\" height=\"453\" data-attachment-id=\"64043\" data-permalink=\"https:\/\/jornalrol.com.br\/?attachment_id=64043\" data-orig-file=\"https:\/\/jornalrol.com.br\/wp-content\/uploads\/2023\/12\/Priscila-Mancussi-1.jpeg\" data-orig-size=\"535,453\" data-comments-opened=\"0\" data-image-meta=\"{&quot;aperture&quot;:&quot;0&quot;,&quot;credit&quot;:&quot;&quot;,&quot;camera&quot;:&quot;&quot;,&quot;caption&quot;:&quot;&quot;,&quot;created_timestamp&quot;:&quot;0&quot;,&quot;copyright&quot;:&quot;&quot;,&quot;focal_length&quot;:&quot;0&quot;,&quot;iso&quot;:&quot;0&quot;,&quot;shutter_speed&quot;:&quot;0&quot;,&quot;title&quot;:&quot;&quot;,&quot;orientation&quot;:&quot;1&quot;}\" data-image-title=\"Priscila-Mancussi-1\" data-image-description=\"&lt;p&gt;Priscila Mancussi&lt;\/p&gt;\n\" data-image-caption=\"&lt;p&gt;Priscila Mancussi&lt;\/p&gt;\n\" data-large-file=\"https:\/\/jornalrol.com.br\/wp-content\/uploads\/2023\/12\/Priscila-Mancussi-1.jpeg\" src=\"http:\/\/jornalrol.com.br\/wp-content\/uploads\/2023\/12\/Priscila-Mancussi-1.jpeg\" alt=\"Priscila Mancussi\" class=\"wp-image-64043\" style=\"aspect-ratio:1.181056189852023;width:337px;height:auto\"\/><figcaption class=\"wp-element-caption\">Priscila Mancussi<\/figcaption><\/figure>\n<\/div>\n\n\n<p>Natural de Cubat\u00e3o\/SP, e residente em Sorocaba\/SP, <strong>Priscila Mancussi <\/strong>\u00e9 professora e poeta. <\/p>\n\n\n\n<p>Iniciou seus escritos em 2002. A partir de 2011, come\u00e7ou a receber os galard\u00f5es po\u00e9ticos: o poema Silencia foi selecionado pelo Grupo Coes\u00e3o Po\u00e9tica. Em 2014, o poema S\u00fabito foi selecionado no concurso Sarau Brasil 2014. Em 2016, outro poema publicado pela sele\u00e7\u00e3o no 15\u00ba Concurso do CNE Vital. Em 2017 o poema A Busca, foi selecionado pela revista digital Aspas Duplas, al\u00e9m de outras participa\u00e7\u00f5es em antologias como Talento Po\u00e9tico 2015. Em 2017 a poesia Horizonte foi selecionada pela Revista Poesia. Em 2019 as poesias O frio desses dias, Por falar em dor, Gelo e Divers\u00e3o foram selecionadas em 1\u00ba lugar pelo Concurso Poesia Premiada, al\u00e9m de outros concursos e da cria\u00e7\u00e3o e orienta\u00e7\u00e3o do Projeto Jovens Escritores na Rede P\u00fablica de Ensino de S\u00e3o Paulo, na cidade de Sorocaba. <\/p>\n\n\n\n<p>\u00c9 Coordenadora do Movimento Cultivista Caf\u00e9 com Poemas Sorocaba, faz parte do Clube de Escrita de Sorocaba, divulga artistas nacionais, parceira de Clube de Lu e Consultora liter\u00e1ria da Editora Nova Sabores. <\/p>\n\n\n\n<p>Em 2023 lan\u00e7ou o livro A festa do Perer\u00ea e A pequena Paloma e seus amigos e no mesmo ano recebeu o pr\u00eamio Pol\u00edmata como Refer\u00eancia Liter\u00e1ria. Trabalha como divulgadora e consultora liter\u00e1ria, e\u2026 adora o Saci!<\/p>\n\n\n\n<h3 class=\"wp-block-heading\">Redes sociais<\/h3>\n\n\n\n<div class=\"wp-block-columns is-layout-flex wp-container-core-columns-is-layout-9d6595d7 wp-block-columns-is-layout-flex\">\n<div class=\"wp-block-column is-layout-flow wp-block-column-is-layout-flow\">\n<h3 class=\"wp-block-heading has-text-align-center has-blush-light-purple-gradient-background has-background\"><a href=\"https:\/\/www.facebook.com\/pri.mancussi?locale=pt_BR\" target=\"_blank\" rel=\"noopener\" title=\"Facebook\">Facebook<\/a><\/h3>\n<\/div>\n\n\n\n<div class=\"wp-block-column is-layout-flow wp-block-column-is-layout-flow\">\n<h3 class=\"wp-block-heading has-text-align-center has-blush-light-purple-gradient-background has-background\"><a href=\"https:\/\/www.youtube.com\/c\/PriscilaMancussi\/shorts\" target=\"_blank\" rel=\"noopener\" title=\"Youtube\">Youtube<\/a><\/h3>\n<\/div>\n\n\n\n<div class=\"wp-block-column is-layout-flow wp-block-column-is-layout-flow\">\n<h3 class=\"wp-block-heading has-text-align-center has-blush-light-purple-gradient-background has-background\"><a href=\"https:\/\/www.instagram.com\/priscilamancussi\/\" title=\"Instagram\">Instagram<\/a><\/h3>\n<\/div>\n<\/div>\n\n\n\n<p><a href=\"https:\/\/jornalrol.com.br\/\" title=\"Voltar\">Voltar<\/a><\/p>\n\n\n\n<p><a href=\"https:\/\/www.facebook.com\/JCulturalrol\/\" title=\"Facebook\">Facebook<\/a><\/p>\n\n\n\n<h3 class=\"wp-block-heading has-text-align-center\"><\/h3>\n\n\n\n<div class=\"wp-block-columns is-layout-flex wp-container-core-columns-is-layout-9d6595d7 wp-block-columns-is-layout-flex\">\n<div class=\"wp-block-column is-layout-flow wp-block-column-is-layout-flow\">\n<h3 class=\"wp-block-heading has-text-align-center\"><\/h3>\n<\/div>\n\n\n\n<div class=\"wp-block-column is-layout-flow wp-block-column-is-layout-flow\"><\/div>\n\n\n\n<div class=\"wp-block-column is-layout-flow wp-block-column-is-layout-flow\"><\/div>\n<\/div>\n","protected":false},"excerpt":{"rendered":"<p>A escritora, poeta, professora e consultora liter\u00e1ria Priscila Mancussi foi uma das vencedoras do II Pr\u00eamio Personalidades Liter\u00e1rias e Culturais do Ano 2025<\/p>\n","protected":false},"author":6,"featured_media":77870,"comment_status":"open","ping_status":"closed","sticky":false,"template":"","format":"standard","meta":{"_jetpack_newsletter_access":"","_jetpack_dont_email_post_to_subs":false,"_jetpack_newsletter_tier_id":0,"_jetpack_memberships_contains_paywalled_content":false,"_jetpack_memberships_contains_paid_content":false,"footnotes":""},"categories":[10683,9285],"tags":[15903,15910,10909],"class_list":["post-77869","post","type-post","status-publish","format-standard","has-post-thumbnail","hentry","category-concurso-literario","category-literatura","tag-editora-holandas","tag-ii-premio-personalidades-literarias-e-culturais-do-ano-2025","tag-priscila-mancussi"],"aioseo_notices":[],"views":579,"jetpack_featured_media_url":"https:\/\/jornalrol.com.br\/wp-content\/uploads\/2026\/01\/e28d9e10-fdb0-4048-b0d8-71453a43f836.jpg","jetpack_sharing_enabled":true,"jetpack_likes_enabled":true,"jetpack-related-posts":[{"id":77844,"url":"https:\/\/jornalrol.com.br\/?p=77844","url_meta":{"origin":77869,"position":0},"title":"II Pr\u00eamio Personalidades Liter\u00e1rias e Culturais 2025","author":"Sergio Diniz da Costa","date":"14 de janeiro de 2026","format":false,"excerpt":"O escritor e colunista carioca Eduardo Mart\u00ednez foi anunciado como um dos vencedores do II Pr\u00eamio Personalidades Liter\u00e1rias e Culturais 2025. A premia\u00e7\u00e3o...","rel":"","context":"Em &quot;Literatura&quot;","block_context":{"text":"Literatura","link":"https:\/\/jornalrol.com.br\/?cat=9285"},"img":{"alt_text":"II Pr\u00eamio Personalidades Liter\u00e1rias e Culturais 2025","src":"https:\/\/i0.wp.com\/jornalrol.com.br\/wp-content\/uploads\/2026\/01\/5f7a8a19-7f53-4b7f-b4a3-735eaaa93751.jpg?resize=350%2C200&ssl=1","width":350,"height":200,"srcset":"https:\/\/i0.wp.com\/jornalrol.com.br\/wp-content\/uploads\/2026\/01\/5f7a8a19-7f53-4b7f-b4a3-735eaaa93751.jpg?resize=350%2C200&ssl=1 1x, https:\/\/i0.wp.com\/jornalrol.com.br\/wp-content\/uploads\/2026\/01\/5f7a8a19-7f53-4b7f-b4a3-735eaaa93751.jpg?resize=525%2C300&ssl=1 1.5x, https:\/\/i0.wp.com\/jornalrol.com.br\/wp-content\/uploads\/2026\/01\/5f7a8a19-7f53-4b7f-b4a3-735eaaa93751.jpg?resize=700%2C400&ssl=1 2x"},"classes":[]},{"id":77041,"url":"https:\/\/jornalrol.com.br\/?p=77041","url_meta":{"origin":77869,"position":1},"title":"N.A.I.S.L.A","author":"Sergio Diniz da Costa","date":"2 de dezembro de 2025","format":false,"excerpt":"A escritora, poeta, professora e consultora liter\u00e1ria Priscila Mancussi foi oficialmente nomeada Neoacad\u00eamica da N.A.I.S.L.A \u2013 N\u00facleo Acad\u00eamico Italiano de Ci\u00eancias, Letras e Artes","rel":"","context":"Em &quot;Literatura&quot;","block_context":{"text":"Literatura","link":"https:\/\/jornalrol.com.br\/?cat=9285"},"img":{"alt_text":"Card da N.A.I.S.L.A, apresentando a neoacad\u00eamica Priscila Mancusi","src":"https:\/\/i0.wp.com\/jornalrol.com.br\/wp-content\/uploads\/2025\/12\/d1e68cc9-0479-491e-9eb1-6132b6fdc9ae.jpg?resize=350%2C200&ssl=1","width":350,"height":200,"srcset":"https:\/\/i0.wp.com\/jornalrol.com.br\/wp-content\/uploads\/2025\/12\/d1e68cc9-0479-491e-9eb1-6132b6fdc9ae.jpg?resize=350%2C200&ssl=1 1x, https:\/\/i0.wp.com\/jornalrol.com.br\/wp-content\/uploads\/2025\/12\/d1e68cc9-0479-491e-9eb1-6132b6fdc9ae.jpg?resize=525%2C300&ssl=1 1.5x, https:\/\/i0.wp.com\/jornalrol.com.br\/wp-content\/uploads\/2025\/12\/d1e68cc9-0479-491e-9eb1-6132b6fdc9ae.jpg?resize=700%2C400&ssl=1 2x, https:\/\/i0.wp.com\/jornalrol.com.br\/wp-content\/uploads\/2025\/12\/d1e68cc9-0479-491e-9eb1-6132b6fdc9ae.jpg?resize=1050%2C600&ssl=1 3x"},"classes":[]},{"id":62944,"url":"https:\/\/jornalrol.com.br\/?p=62944","url_meta":{"origin":77869,"position":2},"title":"No Quadro de Colunistas do ROL, a versatilidade liter\u00e1ria de Priscila Mancussi","author":"Sergio Diniz da Costa","date":"10 de novembro de 2023","format":false,"excerpt":"Brada a voz entre os por\u00f5es de navios carregados de gente onde dores s\u00e3o resist\u00eancias e n\u00e3o h\u00e1 o que cale a voz de quem quer falar, mesmo sem privil\u00e9gios.","rel":"","context":"Em &quot;Literatura&quot;","block_context":{"text":"Literatura","link":"https:\/\/jornalrol.com.br\/?cat=9285"},"img":{"alt_text":"Priscila Mancussi","src":"https:\/\/i0.wp.com\/jornalrol.com.br\/wp-content\/uploads\/2023\/11\/238a3f15-eb48-4cd0-a326-9bebd939e004.jpg?resize=350%2C200&ssl=1","width":350,"height":200,"srcset":"https:\/\/i0.wp.com\/jornalrol.com.br\/wp-content\/uploads\/2023\/11\/238a3f15-eb48-4cd0-a326-9bebd939e004.jpg?resize=350%2C200&ssl=1 1x, https:\/\/i0.wp.com\/jornalrol.com.br\/wp-content\/uploads\/2023\/11\/238a3f15-eb48-4cd0-a326-9bebd939e004.jpg?resize=525%2C300&ssl=1 1.5x, https:\/\/i0.wp.com\/jornalrol.com.br\/wp-content\/uploads\/2023\/11\/238a3f15-eb48-4cd0-a326-9bebd939e004.jpg?resize=700%2C400&ssl=1 2x"},"classes":[]},{"id":63235,"url":"https:\/\/jornalrol.com.br\/?p=63235","url_meta":{"origin":77869,"position":3},"title":"Festejando com o saci","author":"Sergio Diniz da Costa","date":"23 de novembro de 2023","format":false,"excerpt":"Com o objetivo de incentivar a leitura infantil e regional, a escritora Priscila Mancussi prover\u00e1 o evento \u2018Festejando com o Saci\u2019, dia 24\/11, \u00e0s 14h.","rel":"","context":"Em &quot;Literatura&quot;","block_context":{"text":"Literatura","link":"https:\/\/jornalrol.com.br\/?cat=9285"},"img":{"alt_text":"Banner do evento 'Festejando com o saci'","src":"https:\/\/i0.wp.com\/jornalrol.com.br\/wp-content\/uploads\/2023\/11\/75acf947-4261-4f1f-a90a-d202b4549bae.jpg?resize=350%2C200&ssl=1","width":350,"height":200,"srcset":"https:\/\/i0.wp.com\/jornalrol.com.br\/wp-content\/uploads\/2023\/11\/75acf947-4261-4f1f-a90a-d202b4549bae.jpg?resize=350%2C200&ssl=1 1x, https:\/\/i0.wp.com\/jornalrol.com.br\/wp-content\/uploads\/2023\/11\/75acf947-4261-4f1f-a90a-d202b4549bae.jpg?resize=525%2C300&ssl=1 1.5x, https:\/\/i0.wp.com\/jornalrol.com.br\/wp-content\/uploads\/2023\/11\/75acf947-4261-4f1f-a90a-d202b4549bae.jpg?resize=700%2C400&ssl=1 2x, https:\/\/i0.wp.com\/jornalrol.com.br\/wp-content\/uploads\/2023\/11\/75acf947-4261-4f1f-a90a-d202b4549bae.jpg?resize=1050%2C600&ssl=1 3x"},"classes":[]},{"id":80203,"url":"https:\/\/jornalrol.com.br\/?p=80203","url_meta":{"origin":77869,"position":4},"title":"Exposi\u00e7\u00e3o Jardim Secreto dos Sonhos &#8211; Ecos de Kahlo e Borges","author":"Sergio Diniz da Costa","date":"22 de abril de 2026","format":false,"excerpt":"No dia 11 de abril de 2026, a resid\u00eancia da escritora Lana Coelho, foi palco de uma exposi\u00e7\u00e3o liter\u00e1ria marcada por sensibilidade, cultura e conex\u00e3o com...","rel":"","context":"Em &quot;Exposi\u00e7\u00e3o&quot;","block_context":{"text":"Exposi\u00e7\u00e3o","link":"https:\/\/jornalrol.com.br\/?cat=15461"},"img":{"alt_text":"Exposi\u00e7\u00e3o liter\u00e1ria na resid\u00eancia da escritora Lana Coelho - Foto por Priscila Mancussi","src":"https:\/\/i0.wp.com\/jornalrol.com.br\/wp-content\/uploads\/2026\/04\/e706f009-ffe6-41d7-8bf2-b9b472123313.jpg?resize=350%2C200&ssl=1","width":350,"height":200,"srcset":"https:\/\/i0.wp.com\/jornalrol.com.br\/wp-content\/uploads\/2026\/04\/e706f009-ffe6-41d7-8bf2-b9b472123313.jpg?resize=350%2C200&ssl=1 1x, https:\/\/i0.wp.com\/jornalrol.com.br\/wp-content\/uploads\/2026\/04\/e706f009-ffe6-41d7-8bf2-b9b472123313.jpg?resize=525%2C300&ssl=1 1.5x, https:\/\/i0.wp.com\/jornalrol.com.br\/wp-content\/uploads\/2026\/04\/e706f009-ffe6-41d7-8bf2-b9b472123313.jpg?resize=700%2C400&ssl=1 2x, https:\/\/i0.wp.com\/jornalrol.com.br\/wp-content\/uploads\/2026\/04\/e706f009-ffe6-41d7-8bf2-b9b472123313.jpg?resize=1050%2C600&ssl=1 3x, https:\/\/i0.wp.com\/jornalrol.com.br\/wp-content\/uploads\/2026\/04\/e706f009-ffe6-41d7-8bf2-b9b472123313.jpg?resize=1400%2C800&ssl=1 4x"},"classes":[]},{"id":63955,"url":"https:\/\/jornalrol.com.br\/?p=63955","url_meta":{"origin":77869,"position":5},"title":"A pequena Paloma e seus amigos &#8211; Lan\u00e7amento","author":"Sergio Diniz da Costa","date":"28 de dezembro de 2023","format":false,"excerpt":"Segundo livro infantil de Priscila Mancussi, 'A pequena Paloma e seus amigos' descreve um ambiente escolar repleto de alegria, ludicidade e um cotidiano leve e descontra\u00eddo Capa do livro 'A pequena Paloma e seus amigos', de Priscila Mancussi \u201cA educac\u00e3o est\u00e1 em mim, assim como eu estou nela; escrevo sempre\u2026","rel":"","context":"Em &quot;lan\u00e7amentos&quot;","block_context":{"text":"lan\u00e7amentos","link":"https:\/\/jornalrol.com.br\/?cat=9462"},"img":{"alt_text":"Capa do livro 'A pequena Paloma e seus amigos', de Priscila Mancussi","src":"https:\/\/i0.wp.com\/jornalrol.com.br\/wp-content\/uploads\/2023\/12\/WhatsApp-Image-2023-12-27-at-07.51.12.jpeg?resize=350%2C200&ssl=1","width":350,"height":200,"srcset":"https:\/\/i0.wp.com\/jornalrol.com.br\/wp-content\/uploads\/2023\/12\/WhatsApp-Image-2023-12-27-at-07.51.12.jpeg?resize=350%2C200&ssl=1 1x, https:\/\/i0.wp.com\/jornalrol.com.br\/wp-content\/uploads\/2023\/12\/WhatsApp-Image-2023-12-27-at-07.51.12.jpeg?resize=525%2C300&ssl=1 1.5x, https:\/\/i0.wp.com\/jornalrol.com.br\/wp-content\/uploads\/2023\/12\/WhatsApp-Image-2023-12-27-at-07.51.12.jpeg?resize=700%2C400&ssl=1 2x, https:\/\/i0.wp.com\/jornalrol.com.br\/wp-content\/uploads\/2023\/12\/WhatsApp-Image-2023-12-27-at-07.51.12.jpeg?resize=1050%2C600&ssl=1 3x"},"classes":[]}],"_links":{"self":[{"href":"https:\/\/jornalrol.com.br\/index.php?rest_route=\/wp\/v2\/posts\/77869","targetHints":{"allow":["GET"]}}],"collection":[{"href":"https:\/\/jornalrol.com.br\/index.php?rest_route=\/wp\/v2\/posts"}],"about":[{"href":"https:\/\/jornalrol.com.br\/index.php?rest_route=\/wp\/v2\/types\/post"}],"author":[{"embeddable":true,"href":"https:\/\/jornalrol.com.br\/index.php?rest_route=\/wp\/v2\/users\/6"}],"replies":[{"embeddable":true,"href":"https:\/\/jornalrol.com.br\/index.php?rest_route=%2Fwp%2Fv2%2Fcomments&post=77869"}],"version-history":[{"count":2,"href":"https:\/\/jornalrol.com.br\/index.php?rest_route=\/wp\/v2\/posts\/77869\/revisions"}],"predecessor-version":[{"id":77872,"href":"https:\/\/jornalrol.com.br\/index.php?rest_route=\/wp\/v2\/posts\/77869\/revisions\/77872"}],"wp:featuredmedia":[{"embeddable":true,"href":"https:\/\/jornalrol.com.br\/index.php?rest_route=\/wp\/v2\/media\/77870"}],"wp:attachment":[{"href":"https:\/\/jornalrol.com.br\/index.php?rest_route=%2Fwp%2Fv2%2Fmedia&parent=77869"}],"wp:term":[{"taxonomy":"category","embeddable":true,"href":"https:\/\/jornalrol.com.br\/index.php?rest_route=%2Fwp%2Fv2%2Fcategories&post=77869"},{"taxonomy":"post_tag","embeddable":true,"href":"https:\/\/jornalrol.com.br\/index.php?rest_route=%2Fwp%2Fv2%2Ftags&post=77869"}],"curies":[{"name":"wp","href":"https:\/\/api.w.org\/{rel}","templated":true}]}}