{"id":77874,"date":"2026-01-15T16:40:17","date_gmt":"2026-01-15T19:40:17","guid":{"rendered":"https:\/\/jornalrol.com.br\/?p=77874"},"modified":"2026-01-15T16:40:29","modified_gmt":"2026-01-15T19:40:29","slug":"altissima-comenda-antoine-de-saint-exupery","status":"publish","type":"post","link":"https:\/\/jornalrol.com.br\/?p=77874","title":{"rendered":"Alt\u00edssima Comenda Antoine de Saint-Exup\u00e9ry"},"content":{"rendered":"<div class=\"pdfprnt-buttons pdfprnt-buttons-post pdfprnt-top-right\"><a href=\"https:\/\/jornalrol.com.br\/index.php?rest_route=%2Fwp%2Fv2%2Fposts%2F77874&print=pdf\" class=\"pdfprnt-button pdfprnt-button-pdf\" target=\"_blank\" ><\/a><a href=\"https:\/\/jornalrol.com.br\/index.php?rest_route=%2Fwp%2Fv2%2Fposts%2F77874&print=print\" class=\"pdfprnt-button pdfprnt-button-print\" target=\"_blank\" ><img decoding=\"async\" src=\"https:\/\/jornalrol.com.br\/wp-content\/plugins\/pdf-print\/images\/print.png\" alt=\"image_print\" title=\"Conte\u00fado de impress\u00e3o\" \/><\/a><\/div>\n<h2 class=\"wp-block-heading has-text-align-center\">A ALSPA tem a honra de agraciar personalidades ilustres que t\u00eam dedicado sua vida \u00e0 arte, \u00e0 literatura e \u00e0 cultura, contribuindo para o fortalecimento dos la\u00e7os que unem os povos lus\u00f3fonos<br><br><\/h2>\n\n\n<div class=\"wp-block-image\">\n<figure class=\"aligncenter size-full is-resized\"><img loading=\"lazy\" decoding=\"async\" width=\"1080\" height=\"1080\" data-attachment-id=\"77875\" data-permalink=\"https:\/\/jornalrol.com.br\/?attachment_id=77875\" data-orig-file=\"https:\/\/jornalrol.com.br\/wp-content\/uploads\/2026\/01\/73e0b812-e982-4a28-8842-c42acb4bcb6c.jpg\" data-orig-size=\"1080,1080\" data-comments-opened=\"1\" data-image-meta=\"{&quot;aperture&quot;:&quot;0&quot;,&quot;credit&quot;:&quot;&quot;,&quot;camera&quot;:&quot;&quot;,&quot;caption&quot;:&quot;&quot;,&quot;created_timestamp&quot;:&quot;0&quot;,&quot;copyright&quot;:&quot;&quot;,&quot;focal_length&quot;:&quot;0&quot;,&quot;iso&quot;:&quot;0&quot;,&quot;shutter_speed&quot;:&quot;0&quot;,&quot;title&quot;:&quot;&quot;,&quot;orientation&quot;:&quot;0&quot;}\" data-image-title=\"73e0b812-e982-4a28-8842-c42acb4bcb6c\" data-image-description=\"\" data-image-caption=\"\" data-large-file=\"https:\/\/jornalrol.com.br\/wp-content\/uploads\/2026\/01\/73e0b812-e982-4a28-8842-c42acb4bcb6c.jpg\" src=\"https:\/\/jornalrol.com.br\/wp-content\/uploads\/2026\/01\/73e0b812-e982-4a28-8842-c42acb4bcb6c.jpg\" alt=\"Alt\u00edssima Comenda Antoine de Saint-Exup\u00e9ry,\" class=\"wp-image-77875\" style=\"width:436px;height:auto\" srcset=\"https:\/\/jornalrol.com.br\/wp-content\/uploads\/2026\/01\/73e0b812-e982-4a28-8842-c42acb4bcb6c.jpg 1080w, https:\/\/jornalrol.com.br\/wp-content\/uploads\/2026\/01\/73e0b812-e982-4a28-8842-c42acb4bcb6c-600x600.jpg 600w, https:\/\/jornalrol.com.br\/wp-content\/uploads\/2026\/01\/73e0b812-e982-4a28-8842-c42acb4bcb6c-768x768.jpg 768w\" sizes=\"auto, (max-width: 1080px) 100vw, 1080px\" \/><figcaption class=\"wp-element-caption\"><em>Card da Alt\u00edssima Comenda Antoine de Saint-Exup\u00e9ry<\/em><\/figcaption><\/figure>\n<\/div>\n\n\n<p class=\"has-drop-cap\">A <strong>Academia de Letras de S\u00e3o Pedro da Aldeia | ALSPA<\/strong> tem a honra de destacar os mais diversos campos das artes e do saber, reconhecendo a notoriedade de artistas e autoridades civis em toda a Cultura Lus\u00f3fona. Com um compromisso inabal\u00e1vel com a promo\u00e7\u00e3o da cultura e da literatura, a ALSPA busca prestigiar aqueles que t\u00eam contribu\u00eddo para o enriquecimento do patrim\u00f4nio cultural lus\u00f3fono.<\/p>\n\n\n\n<p>Em comemora\u00e7\u00e3o aos 80 anos da publica\u00e7\u00e3o francesa do livro &#8216;O Pequeno Pr\u00edncipe&#8217;, de Antoine de Saint-Exup\u00e9ry, a ALSPA institui a Alt\u00edssima Comenda Antoine de Saint-Exup\u00e9ry, uma distin\u00e7\u00e3o que visa agraciar e destacar autoridades art\u00edsticas que t\u00eam contribu\u00eddo significativamente para a promo\u00e7\u00e3o e o enriquecimento da Cultura Lus\u00f3fona. Atrav\u00e9s desta comenda, a ALSPA pretende homenagear a mem\u00f3ria de Saint-Exup\u00e9ry e reconhecer o impacto de sua obra na literatura universal.<\/p>\n\n\n\n<p>Al\u00e9m disso, a ALSPA anuncia o lan\u00e7amento da antologia internacional &#8220;&#8230; AQUILO QUE CATIVAS!&#8221; em homenagem ao lan\u00e7amento franc\u00eas do Livro o Pequeno Pr\u00edncipe, reunindo contribui\u00e7\u00f5es de escritores e artistas de todo o mundo, que compartilham a paix\u00e3o pela obra de Saint-Exup\u00e9ry e pela Cultura Lus\u00f3fona.<\/p>\n\n\n\n<p>A ALSPA convida todos os artistas lus\u00f3fonos a participar desta celebra\u00e7\u00e3o, submetendo suas obras para a antologia e se candidatando \u00e0 Alt\u00edssima Comenda Antoine de Saint-Exup\u00e9ry. \u00c9 uma oportunidade \u00fanica de fazer parte desta homenagem \u00e0 cultura e \u00e0 literatura lus\u00f3fona, e de ter sua contribui\u00e7\u00e3o reconhecida em \u00e2mbito internacional.<\/p>\n\n\n\n<p>A ALSPA tem a honra de agraciar personalidades ilustres que t\u00eam dedicado sua vida \u00e0 arte, \u00e0 literatura e \u00e0 cultura, contribuindo para o fortalecimento dos la\u00e7os que unem os povos lus\u00f3fonos. \u00c9 com grande prazer que convidamos voc\u00ea a fazer parte desta celebra\u00e7\u00e3o, reconhecendo os valores e a excel\u00eancia que definem a Cultura Lus\u00f3fona.<\/p>\n\n\n\n<p>\u2022<strong> D\u00favidas:<\/strong> WhatsApp <a href=\"https:\/\/wa.me\/21993645607\" title=\"21 99364-5607\">21 99364-5607<\/a><\/p>\n\n\n\n<p><strong>Link para inscri\u00e7\u00e3o<\/strong>: <a href=\"https:\/\/wa.me\/message\/JHL6OCC5EHNUF1?fbclid=IwZXh0bgNhZW0CMTAAYnJpZBExQ1lzeFlZcUo1Q0JLTWp4eXNydGMGYXBwX2lkEDIyMjAzOTE3ODgyMDA4OTIAAR42yk9N1dIMzM8Nrij9JkMvsAb8rM6c4zd7lb-zdadisbAEN_RtvVnbOexFuA_aem_xwz_LLs0HkEtJEHCwWnr4Q\" target=\"_blank\" rel=\"noreferrer noopener\">https:\/\/wa.me\/message\/JHL6OCC5EHNUF1<\/a><\/p>\n\n\n\n<p><br><a href=\"https:\/\/jornalrol.com.br\/\" title=\"Voltar\">Voltar<\/a><\/p>\n\n\n\n<p><a href=\"https:\/\/www.facebook.com\/JCulturalrol\/\" title=\"Facebook\">Facebook<\/a><\/p>\n","protected":false},"excerpt":{"rendered":"<p>A Academia de Letras de S\u00e3o Pedro da Aldeia tem a honra de destacar os mais diversos campos das artes e do saber, reconhecendo a notoriedade de artistas e&#8230;<\/p>\n","protected":false},"author":6,"featured_media":77875,"comment_status":"open","ping_status":"closed","sticky":false,"template":"","format":"standard","meta":{"_jetpack_newsletter_access":"","_jetpack_dont_email_post_to_subs":false,"_jetpack_newsletter_tier_id":0,"_jetpack_memberships_contains_paywalled_content":false,"_jetpack_memberships_contains_paid_content":false,"footnotes":""},"categories":[9391,9285],"tags":[6490],"class_list":["post-77874","post","type-post","status-publish","format-standard","has-post-thumbnail","hentry","category-academiasefederacoes","category-literatura","tag-outorga"],"aioseo_notices":[],"views":327,"jetpack_featured_media_url":"https:\/\/jornalrol.com.br\/wp-content\/uploads\/2026\/01\/73e0b812-e982-4a28-8842-c42acb4bcb6c.jpg","jetpack_sharing_enabled":true,"jetpack_likes_enabled":true,"jetpack-related-posts":[{"id":66351,"url":"https:\/\/jornalrol.com.br\/?p=66351","url_meta":{"origin":77874,"position":0},"title":"Alt\u00edssima Comenda Sigmund Freud","author":"Sergio Diniz da Costa","date":"8 de maio de 2024","format":false,"excerpt":"No m\u00eas de maio, a ALSPA comemorar\u00e1 o seu anivers\u00e1rio e o do Pai da Psican\u00e1lise, Sigmund Freud, com a outorga de alguns t\u00edtulos e pr\u00eamios a seus membros.","rel":"","context":"Em &quot;Academias e Federa\u00e7\u00f5es de Artes&quot;","block_context":{"text":"Academias e Federa\u00e7\u00f5es de Artes","link":"https:\/\/jornalrol.com.br\/?cat=9391"},"img":{"alt_text":"Card da Comenda Sigmund Freud - Ins\u00edgnia de Altos Conhecimentos","src":"https:\/\/i0.wp.com\/jornalrol.com.br\/wp-content\/uploads\/2024\/05\/440937798_442854461665512_5147606638212514878_n.jpg?resize=350%2C200&ssl=1","width":350,"height":200,"srcset":"https:\/\/i0.wp.com\/jornalrol.com.br\/wp-content\/uploads\/2024\/05\/440937798_442854461665512_5147606638212514878_n.jpg?resize=350%2C200&ssl=1 1x, https:\/\/i0.wp.com\/jornalrol.com.br\/wp-content\/uploads\/2024\/05\/440937798_442854461665512_5147606638212514878_n.jpg?resize=525%2C300&ssl=1 1.5x"},"classes":[]},{"id":62064,"url":"https:\/\/jornalrol.com.br\/?p=62064","url_meta":{"origin":77874,"position":1},"title":"ALSPA outorga a Alt\u00edssima Comenda Professora Heley de Abreu &#8211; Hero\u00edna Nacional","author":"Sergio Diniz da Costa","date":"11 de outubro de 2023","format":false,"excerpt":"ALSPA estar\u00e1 concedendo a Alt\u00edssima Comenda Heley de Abreu, em homenagem \u00e0 professora, considerada Hero\u00edna Nacional, dedicada aos artistas e educadores","rel":"","context":"Em &quot;Academias e Federa\u00e7\u00f5es de Artes&quot;","block_context":{"text":"Academias e Federa\u00e7\u00f5es de Artes","link":"https:\/\/jornalrol.com.br\/?cat=9391"},"img":{"alt_text":"Comenda Professora Heley de Abreu","src":"https:\/\/i0.wp.com\/jornalrol.com.br\/wp-content\/uploads\/2023\/10\/85276e25-62c9-401b-845d-5c078361c854.jpg?resize=350%2C200&ssl=1","width":350,"height":200,"srcset":"https:\/\/i0.wp.com\/jornalrol.com.br\/wp-content\/uploads\/2023\/10\/85276e25-62c9-401b-845d-5c078361c854.jpg?resize=350%2C200&ssl=1 1x, https:\/\/i0.wp.com\/jornalrol.com.br\/wp-content\/uploads\/2023\/10\/85276e25-62c9-401b-845d-5c078361c854.jpg?resize=525%2C300&ssl=1 1.5x, https:\/\/i0.wp.com\/jornalrol.com.br\/wp-content\/uploads\/2023\/10\/85276e25-62c9-401b-845d-5c078361c854.jpg?resize=700%2C400&ssl=1 2x, https:\/\/i0.wp.com\/jornalrol.com.br\/wp-content\/uploads\/2023\/10\/85276e25-62c9-401b-845d-5c078361c854.jpg?resize=1050%2C600&ssl=1 3x"},"classes":[]},{"id":78426,"url":"https:\/\/jornalrol.com.br\/?p=78426","url_meta":{"origin":77874,"position":2},"title":"Comenda Princesa das Cam\u00e9lias","author":"Sergio Diniz da Costa","date":"11 de fevereiro de 2026","format":false,"excerpt":"A ALSPA, em comemora\u00e7\u00e3o ao seu anivers\u00e1rio, apresenta a nova edi\u00e7\u00e3o do mais prestigioso t\u00edtulo da ALSPA, Comenda Princesa das Cam\u00e9lias, destinado a...","rel":"","context":"Em &quot;Academias e Federa\u00e7\u00f5es de Artes&quot;","block_context":{"text":"Academias e Federa\u00e7\u00f5es de Artes","link":"https:\/\/jornalrol.com.br\/?cat=9391"},"img":{"alt_text":"Comenda Princesa das C\u00e1m\u00e9lias - Imortal Munumento Cultural Imperial","src":"https:\/\/i0.wp.com\/jornalrol.com.br\/wp-content\/uploads\/2026\/02\/8817c828-a3ec-4e0c-9853-ccb07e1b9b3b-1.jpg?resize=350%2C200&ssl=1","width":350,"height":200,"srcset":"https:\/\/i0.wp.com\/jornalrol.com.br\/wp-content\/uploads\/2026\/02\/8817c828-a3ec-4e0c-9853-ccb07e1b9b3b-1.jpg?resize=350%2C200&ssl=1 1x, https:\/\/i0.wp.com\/jornalrol.com.br\/wp-content\/uploads\/2026\/02\/8817c828-a3ec-4e0c-9853-ccb07e1b9b3b-1.jpg?resize=525%2C300&ssl=1 1.5x, https:\/\/i0.wp.com\/jornalrol.com.br\/wp-content\/uploads\/2026\/02\/8817c828-a3ec-4e0c-9853-ccb07e1b9b3b-1.jpg?resize=700%2C400&ssl=1 2x, https:\/\/i0.wp.com\/jornalrol.com.br\/wp-content\/uploads\/2026\/02\/8817c828-a3ec-4e0c-9853-ccb07e1b9b3b-1.jpg?resize=1050%2C600&ssl=1 3x"},"classes":[]},{"id":65956,"url":"https:\/\/jornalrol.com.br\/?p=65956","url_meta":{"origin":77874,"position":3},"title":"Pr\u00eamio Orgulho PAULISTA de Literatura","author":"Sergio Diniz da Costa","date":"27 de abril de 2024","format":false,"excerpt":"Alspa - Academia de Letras de S\u00e3o Pedro da Aldeia e a Editora Baronesa t\u00eam a honra de outorgar o Pr\u00eamio Orgulho PAULISTA de Literatura, edi\u00e7\u00e3o Bienal de 2024.","rel":"","context":"Em &quot;Literatura&quot;","block_context":{"text":"Literatura","link":"https:\/\/jornalrol.com.br\/?cat=9285"},"img":{"alt_text":"Flyer do Pr\u00eamio Orgulho PAULISTA de Literatura","src":"https:\/\/i0.wp.com\/jornalrol.com.br\/wp-content\/uploads\/2024\/04\/e5c578a7-096d-4846-8d3a-99be353cebf3.jpg?resize=350%2C200&ssl=1","width":350,"height":200,"srcset":"https:\/\/i0.wp.com\/jornalrol.com.br\/wp-content\/uploads\/2024\/04\/e5c578a7-096d-4846-8d3a-99be353cebf3.jpg?resize=350%2C200&ssl=1 1x, https:\/\/i0.wp.com\/jornalrol.com.br\/wp-content\/uploads\/2024\/04\/e5c578a7-096d-4846-8d3a-99be353cebf3.jpg?resize=525%2C300&ssl=1 1.5x, https:\/\/i0.wp.com\/jornalrol.com.br\/wp-content\/uploads\/2024\/04\/e5c578a7-096d-4846-8d3a-99be353cebf3.jpg?resize=700%2C400&ssl=1 2x, https:\/\/i0.wp.com\/jornalrol.com.br\/wp-content\/uploads\/2024\/04\/e5c578a7-096d-4846-8d3a-99be353cebf3.jpg?resize=1050%2C600&ssl=1 3x"},"classes":[]},{"id":65461,"url":"https:\/\/jornalrol.com.br\/?p=65461","url_meta":{"origin":77874,"position":4},"title":"ALSPA outorga t\u00edtulo honor\u00edfico de Gr\u00e3o-Mestre das Artes","author":"Sergio Diniz da Costa","date":"3 de abril de 2024","format":false,"excerpt":"A Academia de Letras de S\u00e3o Pedro da Aldeia | ALSPA, institui a outorga do t\u00edtulo honor\u00edfico de GR\u00c3O-MESTRE DAS ARTES com o intuito de destacar a...","rel":"","context":"Em &quot;Literatura&quot;","block_context":{"text":"Literatura","link":"https:\/\/jornalrol.com.br\/?cat=9285"},"img":{"alt_text":"Logo do t\u00edtulo honor\u00edfico Gr\u00e3o-Mestre das Artes","src":"https:\/\/i0.wp.com\/jornalrol.com.br\/wp-content\/uploads\/2024\/04\/d04ae6a3-3abf-46fa-9ee5-b1858f00d5d9.jpg?resize=350%2C200&ssl=1","width":350,"height":200,"srcset":"https:\/\/i0.wp.com\/jornalrol.com.br\/wp-content\/uploads\/2024\/04\/d04ae6a3-3abf-46fa-9ee5-b1858f00d5d9.jpg?resize=350%2C200&ssl=1 1x, https:\/\/i0.wp.com\/jornalrol.com.br\/wp-content\/uploads\/2024\/04\/d04ae6a3-3abf-46fa-9ee5-b1858f00d5d9.jpg?resize=525%2C300&ssl=1 1.5x, https:\/\/i0.wp.com\/jornalrol.com.br\/wp-content\/uploads\/2024\/04\/d04ae6a3-3abf-46fa-9ee5-b1858f00d5d9.jpg?resize=700%2C400&ssl=1 2x, https:\/\/i0.wp.com\/jornalrol.com.br\/wp-content\/uploads\/2024\/04\/d04ae6a3-3abf-46fa-9ee5-b1858f00d5d9.jpg?resize=1050%2C600&ssl=1 3x"},"classes":[]},{"id":60158,"url":"https:\/\/jornalrol.com.br\/?p=60158","url_meta":{"origin":77874,"position":5},"title":"Pr\u00eamio Orgulho Carioca de Literatura | Bienal do Rio de Janeiro 2023","author":"Sergio Diniz da Costa","date":"16 de agosto de 2023","format":false,"excerpt":"Alspa - Academia de Letras de S\u00e3o Pedro da Aldeia e a Editora Baronesa outorgam o Pr\u00eamio Orgulho Carioca de Literatura, edi\u00e7\u00e3o Bienal do Rio de Janeiro 2023","rel":"","context":"Em &quot;Academias e Federa\u00e7\u00f5es de Artes&quot;","block_context":{"text":"Academias e Federa\u00e7\u00f5es de Artes","link":"https:\/\/jornalrol.com.br\/?cat=9391"},"img":{"alt_text":"Banner do Pr\u00eamio Orgulho Carioca de Literatura","src":"https:\/\/i0.wp.com\/jornalrol.com.br\/wp-content\/uploads\/2023\/08\/c6dd29eb-dcef-42fa-a826-58193b785d6d.jpg?resize=350%2C200&ssl=1","width":350,"height":200,"srcset":"https:\/\/i0.wp.com\/jornalrol.com.br\/wp-content\/uploads\/2023\/08\/c6dd29eb-dcef-42fa-a826-58193b785d6d.jpg?resize=350%2C200&ssl=1 1x, https:\/\/i0.wp.com\/jornalrol.com.br\/wp-content\/uploads\/2023\/08\/c6dd29eb-dcef-42fa-a826-58193b785d6d.jpg?resize=525%2C300&ssl=1 1.5x, https:\/\/i0.wp.com\/jornalrol.com.br\/wp-content\/uploads\/2023\/08\/c6dd29eb-dcef-42fa-a826-58193b785d6d.jpg?resize=700%2C400&ssl=1 2x, https:\/\/i0.wp.com\/jornalrol.com.br\/wp-content\/uploads\/2023\/08\/c6dd29eb-dcef-42fa-a826-58193b785d6d.jpg?resize=1050%2C600&ssl=1 3x"},"classes":[]}],"_links":{"self":[{"href":"https:\/\/jornalrol.com.br\/index.php?rest_route=\/wp\/v2\/posts\/77874","targetHints":{"allow":["GET"]}}],"collection":[{"href":"https:\/\/jornalrol.com.br\/index.php?rest_route=\/wp\/v2\/posts"}],"about":[{"href":"https:\/\/jornalrol.com.br\/index.php?rest_route=\/wp\/v2\/types\/post"}],"author":[{"embeddable":true,"href":"https:\/\/jornalrol.com.br\/index.php?rest_route=\/wp\/v2\/users\/6"}],"replies":[{"embeddable":true,"href":"https:\/\/jornalrol.com.br\/index.php?rest_route=%2Fwp%2Fv2%2Fcomments&post=77874"}],"version-history":[{"count":2,"href":"https:\/\/jornalrol.com.br\/index.php?rest_route=\/wp\/v2\/posts\/77874\/revisions"}],"predecessor-version":[{"id":77877,"href":"https:\/\/jornalrol.com.br\/index.php?rest_route=\/wp\/v2\/posts\/77874\/revisions\/77877"}],"wp:featuredmedia":[{"embeddable":true,"href":"https:\/\/jornalrol.com.br\/index.php?rest_route=\/wp\/v2\/media\/77875"}],"wp:attachment":[{"href":"https:\/\/jornalrol.com.br\/index.php?rest_route=%2Fwp%2Fv2%2Fmedia&parent=77874"}],"wp:term":[{"taxonomy":"category","embeddable":true,"href":"https:\/\/jornalrol.com.br\/index.php?rest_route=%2Fwp%2Fv2%2Fcategories&post=77874"},{"taxonomy":"post_tag","embeddable":true,"href":"https:\/\/jornalrol.com.br\/index.php?rest_route=%2Fwp%2Fv2%2Ftags&post=77874"}],"curies":[{"name":"wp","href":"https:\/\/api.w.org\/{rel}","templated":true}]}}