{"id":77881,"date":"2026-01-16T08:05:33","date_gmt":"2026-01-16T11:05:33","guid":{"rendered":"https:\/\/jornalrol.com.br\/?p=77881"},"modified":"2026-01-16T08:05:54","modified_gmt":"2026-01-16T11:05:54","slug":"diptico-poetico-da-alma-ferida","status":"publish","type":"post","link":"https:\/\/jornalrol.com.br\/?p=77881","title":{"rendered":"D\u00edptico po\u00e9tico da alma ferida"},"content":{"rendered":"<div class=\"pdfprnt-buttons pdfprnt-buttons-post pdfprnt-top-right\"><a href=\"https:\/\/jornalrol.com.br\/index.php?rest_route=%2Fwp%2Fv2%2Fposts%2F77881&print=pdf\" class=\"pdfprnt-button pdfprnt-button-pdf\" target=\"_blank\" ><\/a><a href=\"https:\/\/jornalrol.com.br\/index.php?rest_route=%2Fwp%2Fv2%2Fposts%2F77881&print=print\" class=\"pdfprnt-button pdfprnt-button-print\" target=\"_blank\" ><img decoding=\"async\" src=\"https:\/\/jornalrol.com.br\/wp-content\/plugins\/pdf-print\/images\/print.png\" alt=\"image_print\" title=\"Conte\u00fado de impress\u00e3o\" \/><\/a><\/div>\n<h2 class=\"wp-block-heading has-text-align-center\">Ella Dominici: &#8216;<a href=\"https:\/\/en.wikipedia.org\/wiki\/Diptych#:~:text=Um%20d%C3%ADptico%20(%20%2F%20%CB%88d%C9%AApt%C9%AAk%20%2F%20%2C,geralmente%20presas%20por%20uma%20dobradi%C3%A7a%20.\" title=\"D\u00edptico\">D\u00edptico<\/a> po\u00e9tico da Alma Ferida&#8217;<br><br><\/h2>\n\n\n<div class=\"wp-block-image is-style-rounded\">\n<figure class=\"aligncenter size-full is-resized\"><img loading=\"lazy\" decoding=\"async\" width=\"720\" height=\"720\" data-attachment-id=\"63406\" data-permalink=\"https:\/\/jornalrol.com.br\/?attachment_id=63406\" data-orig-file=\"https:\/\/jornalrol.com.br\/wp-content\/uploads\/2023\/11\/WhatsApp-Image-2023-11-26-at-17.47.55.jpeg\" data-orig-size=\"720,720\" data-comments-opened=\"0\" data-image-meta=\"{&quot;aperture&quot;:&quot;0&quot;,&quot;credit&quot;:&quot;&quot;,&quot;camera&quot;:&quot;&quot;,&quot;caption&quot;:&quot;&quot;,&quot;created_timestamp&quot;:&quot;0&quot;,&quot;copyright&quot;:&quot;&quot;,&quot;focal_length&quot;:&quot;0&quot;,&quot;iso&quot;:&quot;0&quot;,&quot;shutter_speed&quot;:&quot;0&quot;,&quot;title&quot;:&quot;&quot;,&quot;orientation&quot;:&quot;0&quot;}\" data-image-title=\"WhatsApp-Image-2023-11-26-at-17.47.55\" data-image-description=\"&lt;p&gt;Ella Dominici&lt;\/p&gt;\n\" data-image-caption=\"&lt;p&gt;Ella Dominici&lt;\/p&gt;\n\" data-large-file=\"https:\/\/jornalrol.com.br\/wp-content\/uploads\/2023\/11\/WhatsApp-Image-2023-11-26-at-17.47.55.jpeg\" src=\"http:\/\/jornalrol.com.br\/wp-content\/uploads\/2023\/11\/WhatsApp-Image-2023-11-26-at-17.47.55.jpeg\" alt=\"Ella Dominici\" class=\"wp-image-63406\" style=\"width:148px;height:auto\"\/><figcaption class=\"wp-element-caption\">Ella Dominici<\/figcaption><\/figure>\n<\/div>\n\n<div class=\"wp-block-image\">\n<figure class=\"aligncenter size-full is-resized\"><img loading=\"lazy\" decoding=\"async\" width=\"853\" height=\"1280\" data-attachment-id=\"77882\" data-permalink=\"https:\/\/jornalrol.com.br\/?attachment_id=77882\" data-orig-file=\"https:\/\/jornalrol.com.br\/wp-content\/uploads\/2026\/01\/aba2f179-7d54-42f9-a248-7b708db5f8f4.jpg\" data-orig-size=\"853,1280\" data-comments-opened=\"1\" data-image-meta=\"{&quot;aperture&quot;:&quot;0&quot;,&quot;credit&quot;:&quot;&quot;,&quot;camera&quot;:&quot;&quot;,&quot;caption&quot;:&quot;&quot;,&quot;created_timestamp&quot;:&quot;0&quot;,&quot;copyright&quot;:&quot;&quot;,&quot;focal_length&quot;:&quot;0&quot;,&quot;iso&quot;:&quot;0&quot;,&quot;shutter_speed&quot;:&quot;0&quot;,&quot;title&quot;:&quot;&quot;,&quot;orientation&quot;:&quot;0&quot;}\" data-image-title=\"aba2f179-7d54-42f9-a248-7b708db5f8f4\" data-image-description=\"\" data-image-caption=\"\" data-large-file=\"https:\/\/jornalrol.com.br\/wp-content\/uploads\/2026\/01\/aba2f179-7d54-42f9-a248-7b708db5f8f4.jpg\" src=\"https:\/\/jornalrol.com.br\/wp-content\/uploads\/2026\/01\/aba2f179-7d54-42f9-a248-7b708db5f8f4.jpg\" alt=\"\" class=\"wp-image-77882\" style=\"aspect-ratio:0.6664145736310685;width:339px;height:auto\" srcset=\"https:\/\/jornalrol.com.br\/wp-content\/uploads\/2026\/01\/aba2f179-7d54-42f9-a248-7b708db5f8f4.jpg 853w, https:\/\/jornalrol.com.br\/wp-content\/uploads\/2026\/01\/aba2f179-7d54-42f9-a248-7b708db5f8f4-800x1200.jpg 800w, https:\/\/jornalrol.com.br\/wp-content\/uploads\/2026\/01\/aba2f179-7d54-42f9-a248-7b708db5f8f4-768x1152.jpg 768w\" sizes=\"auto, (max-width: 853px) 100vw, 853px\" \/><figcaption class=\"wp-element-caption\"><em>Imagem criada pela IA do ChatGPT &#8211; 15 de janeiro de 2026, \u00e0s 23:33 PM (https:\/\/chatgpt.com\/s\/m_6969a366c2d08191a4b2ec749fbfd459<\/em>)<\/figcaption><\/figure>\n<\/div>\n\n\n<h3 class=\"wp-block-heading has-text-align-center\"><em>Aos judeus do s\u00e9culo XIX <a href=\"https:\/\/www.google.com\/search?q=significado+de+%27dreyfusards%27&amp;sca_esv=903e5a2d5ddaaca0&amp;sxsrf=ANbL-n476dFsFR7U43xNjQeLpfOQYaMlxQ%3A1768557478814&amp;ei=pgtqaaG8Mf-95OUP9Jfb2Qg&amp;ved=0ahUKEwihp6iC5o-SAxX_HrkGHfTLNosQ4dUDCBE&amp;uact=5&amp;oq=significado+de+%27dreyfusards%27&amp;gs_lp=Egxnd3Mtd2l6LXNlcnAiHHNpZ25pZmljYWRvIGRlICdkcmV5ZnVzYXJkcycyBRAhGKABSMVmULAHWPkqcAF4AJABAJgBswGgAZAMqgEEMC4xM7gBA8gBAPgBAZgCDaAC7gvCAgoQABhHGNYEGLADwgIEEAAYHsICBhAAGB4YDcICCBAAGIAEGKIEwgIFEAAY7wXCAggQIRigARjDBJgDAIgGAZAGCJIHBDEuMTKgB4czsgcEMC4xMrgH4gvCBwcwLjEuNi42yAdngAgB&amp;sclient=gws-wiz-serp\" title=\"Dreyfusards\">Dreyfusards<\/a><\/em> (em resson\u00e2ncia com <a href=\"https:\/\/pt.wikipedia.org\/wiki\/Yehuda_Amichai\" title=\"Yehuda Amichai\">Yehuda Amichai<\/a>)<\/h3>\n\n\n\n<p class=\"has-text-align-center\">Onde a certeza endurece a terra\u2026<\/p>\n\n\n\n<p class=\"has-text-align-center\">Onde a certeza endurece a terra,<\/p>\n\n\n\n<p class=\"has-text-align-center\">nada consente em nascer.<\/p>\n\n\n\n<p class=\"has-text-align-center\">Ali a justi\u00e7a caminha sem hesitar,<\/p>\n\n\n\n<p class=\"has-text-align-center\">com os olhos fechados \u00e0 voz humana.<\/p>\n\n\n\n<p class=\"has-text-align-center\">A verdade n\u00e3o ama o solo r\u00edgido.<\/p>\n\n\n\n<p class=\"has-text-align-center\">Prefere a terra revolvida<\/p>\n\n\n\n<p class=\"has-text-align-center\">pelas perguntas,<\/p>\n\n\n\n<p class=\"has-text-align-center\">pelas m\u00e3os que tremem<\/p>\n\n\n\n<p class=\"has-text-align-center\">antes de condenar.<\/p>\n\n\n\n<p class=\"has-text-align-center\">\u00c9 no intervalo da d\u00favida<\/p>\n\n\n\n<p class=\"has-text-align-center\">que o ser humano ainda respira.<\/p>\n\n\n\n<p class=\"has-text-align-center\">E somente ali<\/p>\n\n\n\n<p class=\"has-text-align-center\">algo de justo<\/p>\n\n\n\n<p class=\"has-text-align-center\">ousa permanecer humano.<\/p>\n\n\n\n<p class=\"has-text-align-center\"><\/p>\n\n\n\n<p class=\"has-text-align-center\">(em resson\u00e2ncia com <a href=\"https:\/\/pt.wikipedia.org\/wiki\/Nelly_Sachs\" title=\"Nelly Sachs\">Nelly Sachs<\/a>)<\/p>\n\n\n\n<p class=\"has-text-align-center\"><a href=\"https:\/\/pt.wikipedia.org\/wiki\/Nelly_Sachs\">Vig\u00edlia de Cinzas<\/a><\/p>\n\n\n\n<p class=\"has-text-align-center\">Da dor das acusa\u00e7\u00f5es injustas<\/p>\n\n\n\n<p class=\"has-text-align-center\">As cinzas n\u00e3o desaparecem.<\/p>\n\n\n\n<p class=\"has-text-align-center\">Permanecem suspensas<\/p>\n\n\n\n<p class=\"has-text-align-center\">na mem\u00f3ria do mundo.<\/p>\n\n\n\n<p class=\"has-text-align-center\">Dessa poeira ardente<\/p>\n\n\n\n<p class=\"has-text-align-center\">nasce uma vig\u00edlia silenciosa \u2014<\/p>\n\n\n\n<p class=\"has-text-align-center\">n\u00e3o para acusar os mortos,<\/p>\n\n\n\n<p class=\"has-text-align-center\">mas para impedir que o esquecimento<\/p>\n\n\n\n<p class=\"has-text-align-center\">se torne c\u00famplice.<\/p>\n\n\n\n<p class=\"has-text-align-center\">A dor n\u00e3o \u00e9 um peso,<\/p>\n\n\n\n<p class=\"has-text-align-center\">\u00e9 uma chama fr\u00e1gil<\/p>\n\n\n\n<p class=\"has-text-align-center\">confiada aos vivos.<\/p>\n\n\n\n<p class=\"has-text-align-center\">Algumas perdas exigem fidelidade.<\/p>\n\n\n\n<p class=\"has-text-align-center\">E algumas almas<\/p>\n\n\n\n<p class=\"has-text-align-center\">s\u00f3 encontram repouso<\/p>\n\n\n\n<p class=\"has-text-align-center\">quando a mem\u00f3ria<\/p>\n\n\n\n<p class=\"has-text-align-center\">aprende a cuidar<\/p>\n\n\n\n<p class=\"has-text-align-center\">dos que vir\u00e3o<\/p>\n\n\n\n<h3 class=\"wp-block-heading has-text-align-center\"><a href=\"https:\/\/www.instagram.com\/ruteelladominici\/\" title=\"\nElla Dominic\"><br><\/a>Ella Dominici<\/h3>\n\n\n\n<div class=\"wp-block-columns is-layout-flex wp-container-core-columns-is-layout-9d6595d7 wp-block-columns-is-layout-flex\">\n<div class=\"wp-block-column is-layout-flow wp-block-column-is-layout-flow\">\n<h3 class=\"wp-block-heading has-text-align-center has-blush-light-purple-gradient-background has-background\"><a href=\"https:\/\/www.instagram.com\/ruteelladominici\/\" target=\"_blank\" rel=\"noopener\" title=\"Instagram\">Instagram<\/a><\/h3>\n<\/div>\n\n\n\n<div class=\"wp-block-column is-layout-flow wp-block-column-is-layout-flow\">\n<h3 class=\"wp-block-heading has-text-align-center has-blush-light-purple-gradient-background has-background\"><a href=\"https:\/\/www.facebook.com\/rute.ella.dominici.2025\" title=\"Facebook\">Facebook<\/a><\/h3>\n<\/div>\n<\/div>\n\n\n\n<p><a href=\"https:\/\/jornalrol.com.br\" title=\"Voltar\">Voltar<\/a><\/p>\n\n\n\n<p><a href=\"https:\/\/www.facebook.com\/rute.ella.dominici.2025\" title=\"Facebook\">Facebook<\/a><\/p>\n\n\n\n<p><\/p>\n","protected":false},"excerpt":{"rendered":"<p>Onde a certeza endurece a terra, nada consente em nascer.  Ali a justi\u00e7a caminha sem hesitar, com os olhos fechados \u00e0 voz humana. A verdade n\u00e3o ama o solo&#8230; <\/p>\n","protected":false},"author":90,"featured_media":77882,"comment_status":"open","ping_status":"closed","sticky":false,"template":"","format":"standard","meta":{"_jetpack_newsletter_access":"","_jetpack_dont_email_post_to_subs":false,"_jetpack_newsletter_tier_id":0,"_jetpack_memberships_contains_paywalled_content":false,"_jetpack_memberships_contains_paid_content":false,"footnotes":""},"categories":[9285,58],"tags":[15912,4927,15913,14752,15915,15916,15914],"class_list":["post-77881","post","type-post","status-publish","format-standard","has-post-thumbnail","hentry","category-literatura","category-poesias","tag-certeza","tag-justica","tag-olhos-fechados","tag-perguntas","tag-solo-rigido","tag-terra-revolvida","tag-voz-humana"],"aioseo_notices":[],"views":263,"jetpack_featured_media_url":"https:\/\/jornalrol.com.br\/wp-content\/uploads\/2026\/01\/aba2f179-7d54-42f9-a248-7b708db5f8f4.jpg","jetpack_sharing_enabled":true,"jetpack_likes_enabled":true,"jetpack-related-posts":[{"id":74776,"url":"https:\/\/jornalrol.com.br\/?p=74776","url_meta":{"origin":77881,"position":0},"title":"Meu pai, farol ao solo!","author":"Rute Ella Dominici","date":"8 de agosto de 2025","format":false,"excerpt":"Meu Pai, farol ao Solo! Terra ora sementes p\u00edfias e arredias. Solo onde o futuro segrega o sementeiro. Sob Sol, pleno p\u00f3, longes dias estremece. Pai, teus...","rel":"","context":"Em &quot;Literatura&quot;","block_context":{"text":"Literatura","link":"https:\/\/jornalrol.com.br\/?cat=9285"},"img":{"alt_text":"Imagem criada por IA do Bing - 08 de agosto de 2025, \u00e0s 15:19 PM","src":"https:\/\/i0.wp.com\/jornalrol.com.br\/wp-content\/uploads\/2025\/08\/6fa85db1-d736-4bb5-aab2-a4813a044175.jpeg?resize=350%2C200&ssl=1","width":350,"height":200,"srcset":"https:\/\/i0.wp.com\/jornalrol.com.br\/wp-content\/uploads\/2025\/08\/6fa85db1-d736-4bb5-aab2-a4813a044175.jpeg?resize=350%2C200&ssl=1 1x, https:\/\/i0.wp.com\/jornalrol.com.br\/wp-content\/uploads\/2025\/08\/6fa85db1-d736-4bb5-aab2-a4813a044175.jpeg?resize=525%2C300&ssl=1 1.5x, https:\/\/i0.wp.com\/jornalrol.com.br\/wp-content\/uploads\/2025\/08\/6fa85db1-d736-4bb5-aab2-a4813a044175.jpeg?resize=700%2C400&ssl=1 2x"},"classes":[]},{"id":75373,"url":"https:\/\/jornalrol.com.br\/?p=75373","url_meta":{"origin":77881,"position":1},"title":"D\u00edptico Po\u00e9tico \u2013 Argumento e Vento","author":"Rute Ella Dominici","date":"5 de setembro de 2025","format":false,"excerpt":"O homem foge \u00e0 sombra que o consome, mas traz nas m\u00e3os o rio que liberta; entre pris\u00e3o e morte ergue o nome do verbo vivo em sua chama aberta.","rel":"","context":"Em &quot;Literatura&quot;","block_context":{"text":"Literatura","link":"https:\/\/jornalrol.com.br\/?cat=9285"},"img":{"alt_text":"Imagem criada por IA do Bing - 04 de agosto de 2025, \u00e0s 17:51 PM","src":"https:\/\/i0.wp.com\/jornalrol.com.br\/wp-content\/uploads\/2025\/09\/7a433710-8314-444c-8f4b-96f8517eab88.jpeg?resize=350%2C200&ssl=1","width":350,"height":200,"srcset":"https:\/\/i0.wp.com\/jornalrol.com.br\/wp-content\/uploads\/2025\/09\/7a433710-8314-444c-8f4b-96f8517eab88.jpeg?resize=350%2C200&ssl=1 1x, https:\/\/i0.wp.com\/jornalrol.com.br\/wp-content\/uploads\/2025\/09\/7a433710-8314-444c-8f4b-96f8517eab88.jpeg?resize=525%2C300&ssl=1 1.5x, https:\/\/i0.wp.com\/jornalrol.com.br\/wp-content\/uploads\/2025\/09\/7a433710-8314-444c-8f4b-96f8517eab88.jpeg?resize=700%2C400&ssl=1 2x"},"classes":[]},{"id":68781,"url":"https:\/\/jornalrol.com.br\/?p=68781","url_meta":{"origin":77881,"position":2},"title":"Elo po\u00e9tico resiste e liberta","author":"Rute Ella Dominici","date":"18 de agosto de 2024","format":false,"excerpt":"Amanh\u00e3 sei que tudo ser\u00e1 ontem, futuro n\u00e3o se vive, mas se inventa em movimentos \u00e0 liberdade. Ela ser\u00e1 pequena, do tamanho que minha alma necessita, simples...","rel":"","context":"Em &quot;Literatura&quot;","block_context":{"text":"Literatura","link":"https:\/\/jornalrol.com.br\/?cat=9285"},"img":{"alt_text":"\"... e irei pulando as cordas e ponteiros do tempo...\"","src":"https:\/\/i0.wp.com\/jornalrol.com.br\/wp-content\/uploads\/2024\/08\/OIG1-4.jpeg?resize=350%2C200&ssl=1","width":350,"height":200,"srcset":"https:\/\/i0.wp.com\/jornalrol.com.br\/wp-content\/uploads\/2024\/08\/OIG1-4.jpeg?resize=350%2C200&ssl=1 1x, https:\/\/i0.wp.com\/jornalrol.com.br\/wp-content\/uploads\/2024\/08\/OIG1-4.jpeg?resize=525%2C300&ssl=1 1.5x, https:\/\/i0.wp.com\/jornalrol.com.br\/wp-content\/uploads\/2024\/08\/OIG1-4.jpeg?resize=700%2C400&ssl=1 2x"},"classes":[]},{"id":73293,"url":"https:\/\/jornalrol.com.br\/?p=73293","url_meta":{"origin":77881,"position":3},"title":"Elo po\u00e9tico resiste e liberta","author":"Rute Ella Dominici","date":"16 de maio de 2025","format":false,"excerpt":"Amanh\u00e3 sei que tudo ser\u00e1 ontem, futuro n\u00e3o se vive, mas se inventa em movimentos \u00e0 liberdade. ela ser\u00e1 pequena, do tamanho que minha alma necessita, simples...","rel":"","context":"Em &quot;Literatura&quot;","block_context":{"text":"Literatura","link":"https:\/\/jornalrol.com.br\/?cat=9285"},"img":{"alt_text":"Imagem criada por IA do Bing - 16 de maio de 2025, \u00e0s 14:27 PM","src":"https:\/\/i0.wp.com\/jornalrol.com.br\/wp-content\/uploads\/2025\/05\/OIG2.eQ0Rw.jpg?resize=350%2C200&ssl=1","width":350,"height":200,"srcset":"https:\/\/i0.wp.com\/jornalrol.com.br\/wp-content\/uploads\/2025\/05\/OIG2.eQ0Rw.jpg?resize=350%2C200&ssl=1 1x, https:\/\/i0.wp.com\/jornalrol.com.br\/wp-content\/uploads\/2025\/05\/OIG2.eQ0Rw.jpg?resize=525%2C300&ssl=1 1.5x, https:\/\/i0.wp.com\/jornalrol.com.br\/wp-content\/uploads\/2025\/05\/OIG2.eQ0Rw.jpg?resize=700%2C400&ssl=1 2x"},"classes":[]},{"id":76607,"url":"https:\/\/jornalrol.com.br\/?p=76607","url_meta":{"origin":77881,"position":4},"title":"Intensidade do ser","author":"Rute Ella Dominici","date":"7 de novembro de 2025","format":false,"excerpt":"H\u00e1 poetas, e h\u00e1 vulc\u00f5es. Um difere do outro pelo fogo que habita as entranhas, acendendo chamas nas palavras at\u00e9 queimar as pr\u00f3prias m\u00e3os. Os olhos piscam...","rel":"","context":"Em &quot;Literatura&quot;","block_context":{"text":"Literatura","link":"https:\/\/jornalrol.com.br\/?cat=9285"},"img":{"alt_text":"Imagem criada por IA do Bing","src":"https:\/\/i0.wp.com\/jornalrol.com.br\/wp-content\/uploads\/2025\/11\/cc6c7e3a-55d3-4c8a-b92c-2d15b832e38d.jpeg?resize=350%2C200&ssl=1","width":350,"height":200,"srcset":"https:\/\/i0.wp.com\/jornalrol.com.br\/wp-content\/uploads\/2025\/11\/cc6c7e3a-55d3-4c8a-b92c-2d15b832e38d.jpeg?resize=350%2C200&ssl=1 1x, https:\/\/i0.wp.com\/jornalrol.com.br\/wp-content\/uploads\/2025\/11\/cc6c7e3a-55d3-4c8a-b92c-2d15b832e38d.jpeg?resize=525%2C300&ssl=1 1.5x, https:\/\/i0.wp.com\/jornalrol.com.br\/wp-content\/uploads\/2025\/11\/cc6c7e3a-55d3-4c8a-b92c-2d15b832e38d.jpeg?resize=700%2C400&ssl=1 2x"},"classes":[]},{"id":67837,"url":"https:\/\/jornalrol.com.br\/?p=67837","url_meta":{"origin":77881,"position":5},"title":"Mar germinal","author":"Rute Ella Dominici","date":"30 de junho de 2024","format":false,"excerpt":"Se contar o 'Mar' a todos o que dir\u00e3o as ondas do desvendar segredos? Se escrever o Sal marinho perder\u00e3o escamas insossas? O oceano \u00e9 a majestade das...","rel":"","context":"Em &quot;Literatura&quot;","block_context":{"text":"Literatura","link":"https:\/\/jornalrol.com.br\/?cat=9285"},"img":{"alt_text":"Ondas do oceano","src":"https:\/\/i0.wp.com\/jornalrol.com.br\/wp-content\/uploads\/2024\/06\/OIG2-1-1.jpg?resize=350%2C200&ssl=1","width":350,"height":200},"classes":[]}],"_links":{"self":[{"href":"https:\/\/jornalrol.com.br\/index.php?rest_route=\/wp\/v2\/posts\/77881","targetHints":{"allow":["GET"]}}],"collection":[{"href":"https:\/\/jornalrol.com.br\/index.php?rest_route=\/wp\/v2\/posts"}],"about":[{"href":"https:\/\/jornalrol.com.br\/index.php?rest_route=\/wp\/v2\/types\/post"}],"author":[{"embeddable":true,"href":"https:\/\/jornalrol.com.br\/index.php?rest_route=\/wp\/v2\/users\/90"}],"replies":[{"embeddable":true,"href":"https:\/\/jornalrol.com.br\/index.php?rest_route=%2Fwp%2Fv2%2Fcomments&post=77881"}],"version-history":[{"count":3,"href":"https:\/\/jornalrol.com.br\/index.php?rest_route=\/wp\/v2\/posts\/77881\/revisions"}],"predecessor-version":[{"id":77885,"href":"https:\/\/jornalrol.com.br\/index.php?rest_route=\/wp\/v2\/posts\/77881\/revisions\/77885"}],"wp:featuredmedia":[{"embeddable":true,"href":"https:\/\/jornalrol.com.br\/index.php?rest_route=\/wp\/v2\/media\/77882"}],"wp:attachment":[{"href":"https:\/\/jornalrol.com.br\/index.php?rest_route=%2Fwp%2Fv2%2Fmedia&parent=77881"}],"wp:term":[{"taxonomy":"category","embeddable":true,"href":"https:\/\/jornalrol.com.br\/index.php?rest_route=%2Fwp%2Fv2%2Fcategories&post=77881"},{"taxonomy":"post_tag","embeddable":true,"href":"https:\/\/jornalrol.com.br\/index.php?rest_route=%2Fwp%2Fv2%2Ftags&post=77881"}],"curies":[{"name":"wp","href":"https:\/\/api.w.org\/{rel}","templated":true}]}}