{"id":78013,"date":"2026-01-26T08:26:41","date_gmt":"2026-01-26T11:26:41","guid":{"rendered":"https:\/\/jornalrol.com.br\/?p=78013"},"modified":"2026-01-26T10:55:09","modified_gmt":"2026-01-26T13:55:09","slug":"o-passado-naoe-um-amontoado-de-fatos","status":"publish","type":"post","link":"https:\/\/jornalrol.com.br\/?p=78013","title":{"rendered":"O passado n\u00e3o \u00e9 um amontoado de fatos"},"content":{"rendered":"<div class=\"pdfprnt-buttons pdfprnt-buttons-post pdfprnt-top-right\"><a href=\"https:\/\/jornalrol.com.br\/index.php?rest_route=%2Fwp%2Fv2%2Fposts%2F78013&print=pdf\" class=\"pdfprnt-button pdfprnt-button-pdf\" target=\"_blank\" ><\/a><a href=\"https:\/\/jornalrol.com.br\/index.php?rest_route=%2Fwp%2Fv2%2Fposts%2F78013&print=print\" class=\"pdfprnt-button pdfprnt-button-print\" target=\"_blank\" ><img decoding=\"async\" src=\"https:\/\/jornalrol.com.br\/wp-content\/plugins\/pdf-print\/images\/print.png\" alt=\"image_print\" title=\"Conte\u00fado de impress\u00e3o\" \/><\/a><\/div>\n<h2 class=\"wp-block-heading has-text-align-center\">Diamantino Louren\u00e7o Rodrigues de B\u00e1rtolo<br><br> &#8216;O passado n\u00e3o \u00e9 um amontoado de fatos&#8217;<br><br><\/h2>\n\n\n<div class=\"wp-block-image\">\n<figure class=\"aligncenter size-full is-resized\"><img loading=\"lazy\" decoding=\"async\" width=\"843\" height=\"1069\" data-attachment-id=\"68602\" data-permalink=\"https:\/\/jornalrol.com.br\/?attachment_id=68602\" data-orig-file=\"https:\/\/jornalrol.com.br\/wp-content\/uploads\/2024\/08\/2.-Diamantino-21.03.2016-21032016-1.jpg\" data-orig-size=\"843,1069\" data-comments-opened=\"1\" data-image-meta=\"{&quot;aperture&quot;:&quot;0&quot;,&quot;credit&quot;:&quot;&quot;,&quot;camera&quot;:&quot;&quot;,&quot;caption&quot;:&quot;&quot;,&quot;created_timestamp&quot;:&quot;0&quot;,&quot;copyright&quot;:&quot;&quot;,&quot;focal_length&quot;:&quot;0&quot;,&quot;iso&quot;:&quot;0&quot;,&quot;shutter_speed&quot;:&quot;0&quot;,&quot;title&quot;:&quot;&quot;,&quot;orientation&quot;:&quot;0&quot;}\" data-image-title=\"2. Diamantino (21.03.2016) 21032016 (1)\" data-image-description=\"&lt;p&gt;Diamantino B\u00e1rtolo&lt;\/p&gt;\n\" data-image-caption=\"&lt;p&gt;Diamantino B\u00e1rtolo&lt;\/p&gt;\n\" data-large-file=\"https:\/\/jornalrol.com.br\/wp-content\/uploads\/2024\/08\/2.-Diamantino-21.03.2016-21032016-1.jpg\" src=\"http:\/\/jornalrol.com.br\/wp-content\/uploads\/2024\/08\/2.-Diamantino-21.03.2016-21032016-1.jpg\" alt=\"Diamantino B\u00e1rtolo\" class=\"wp-image-68602\" style=\"aspect-ratio:0.788605125346555;width:154px;height:auto\" srcset=\"https:\/\/jornalrol.com.br\/wp-content\/uploads\/2024\/08\/2.-Diamantino-21.03.2016-21032016-1.jpg 843w, https:\/\/jornalrol.com.br\/wp-content\/uploads\/2024\/08\/2.-Diamantino-21.03.2016-21032016-1-768x974.jpg 768w\" sizes=\"auto, (max-width: 843px) 100vw, 843px\" \/><figcaption class=\"wp-element-caption\">Diamantino B\u00e1rtolo<\/figcaption><\/figure>\n<\/div>\n\n<div class=\"wp-block-image\">\n<figure class=\"aligncenter size-full is-resized\"><img loading=\"lazy\" decoding=\"async\" width=\"810\" height=\"1440\" data-attachment-id=\"78027\" data-permalink=\"https:\/\/jornalrol.com.br\/?attachment_id=78027\" data-orig-file=\"https:\/\/jornalrol.com.br\/wp-content\/uploads\/2026\/01\/AQOS5ytmLGpxBENVUtDVsCMDeW3c_asdDWM77FHF6RMCEjm_nI8t3ug0585R-uM546x8W3a677aDLIygyB-nT6AqkhzAMHpaR36jaGH63EnWzyC22bgG8LaGdxw2iyc7eWDUsc3CLolgbVWk0UtbffFXYLAqXQ.jpeg\" data-orig-size=\"810,1440\" data-comments-opened=\"1\" data-image-meta=\"{&quot;aperture&quot;:&quot;0&quot;,&quot;credit&quot;:&quot;&quot;,&quot;camera&quot;:&quot;&quot;,&quot;caption&quot;:&quot;&quot;,&quot;created_timestamp&quot;:&quot;0&quot;,&quot;copyright&quot;:&quot;&quot;,&quot;focal_length&quot;:&quot;0&quot;,&quot;iso&quot;:&quot;0&quot;,&quot;shutter_speed&quot;:&quot;0&quot;,&quot;title&quot;:&quot;&quot;,&quot;orientation&quot;:&quot;0&quot;}\" data-image-title=\"AQOS5ytmLGpxBENVUtDVsCMDeW3c_asdDWM77FHF6RMCEjm_nI8t3ug0585R-uM546x8W3a677aDLIygyB-nT6AqkhzAMHpaR36jaGH63EnWzyC22bgG8LaGdxw2iyc7eWDUsc3CLolgbVWk0UtbffFXYLAqXQ\" data-image-description=\"\" data-image-caption=\"\" data-large-file=\"https:\/\/jornalrol.com.br\/wp-content\/uploads\/2026\/01\/AQOS5ytmLGpxBENVUtDVsCMDeW3c_asdDWM77FHF6RMCEjm_nI8t3ug0585R-uM546x8W3a677aDLIygyB-nT6AqkhzAMHpaR36jaGH63EnWzyC22bgG8LaGdxw2iyc7eWDUsc3CLolgbVWk0UtbffFXYLAqXQ.jpeg\" src=\"https:\/\/jornalrol.com.br\/wp-content\/uploads\/2026\/01\/AQOS5ytmLGpxBENVUtDVsCMDeW3c_asdDWM77FHF6RMCEjm_nI8t3ug0585R-uM546x8W3a677aDLIygyB-nT6AqkhzAMHpaR36jaGH63EnWzyC22bgG8LaGdxw2iyc7eWDUsc3CLolgbVWk0UtbffFXYLAqXQ.jpeg\" alt=\"Imagem criada por IA da Mata - 26 de janeiro de 2026, \u00e0s 08h24\" class=\"wp-image-78027\" style=\"aspect-ratio:0.5624982392878272;width:328px;height:auto\" srcset=\"https:\/\/jornalrol.com.br\/wp-content\/uploads\/2026\/01\/AQOS5ytmLGpxBENVUtDVsCMDeW3c_asdDWM77FHF6RMCEjm_nI8t3ug0585R-uM546x8W3a677aDLIygyB-nT6AqkhzAMHpaR36jaGH63EnWzyC22bgG8LaGdxw2iyc7eWDUsc3CLolgbVWk0UtbffFXYLAqXQ.jpeg 810w, https:\/\/jornalrol.com.br\/wp-content\/uploads\/2026\/01\/AQOS5ytmLGpxBENVUtDVsCMDeW3c_asdDWM77FHF6RMCEjm_nI8t3ug0585R-uM546x8W3a677aDLIygyB-nT6AqkhzAMHpaR36jaGH63EnWzyC22bgG8LaGdxw2iyc7eWDUsc3CLolgbVWk0UtbffFXYLAqXQ-675x1200.jpeg 675w, https:\/\/jornalrol.com.br\/wp-content\/uploads\/2026\/01\/AQOS5ytmLGpxBENVUtDVsCMDeW3c_asdDWM77FHF6RMCEjm_nI8t3ug0585R-uM546x8W3a677aDLIygyB-nT6AqkhzAMHpaR36jaGH63EnWzyC22bgG8LaGdxw2iyc7eWDUsc3CLolgbVWk0UtbffFXYLAqXQ-768x1365.jpeg 768w\" sizes=\"auto, (max-width: 810px) 100vw, 810px\" \/><figcaption class=\"wp-element-caption\"><em>Imagem criada por IA da Mata &#8211; 26 de janeiro de 2026, \u00e0s 08h24<\/em><\/figcaption><\/figure>\n<\/div>\n\n\n<p class=\"has-drop-cap\">Como se sabe, a compreens\u00e3o envolve, permanentemente, a linguagem, a confronta\u00e7\u00e3o com um outro horizonte humano, um ato de penetra\u00e7\u00e3o hist\u00f3rica, por isso, a Hermen\u00eautica abarca uma teoria texto.<\/p>\n\n\n\n<p>Compreender \u00e9 uma opera\u00e7\u00e3o essencialmente referencial; compreende-se algo, quando se compara com algo, que j\u00e1 se conhece. O homem n\u00e3o realiza o seu conhecimento a partir do nada, mas por meio de uma reestrutura\u00e7\u00e3o, corre\u00e7\u00e3o e integra\u00e7\u00e3o dos seus pr\u00f3prios \u2018a prioris\u2019 e \u2018a posterioris\u2019, por isso, a interpreta\u00e7\u00e3o \u00e9 um conhecimento simultaneamente: reconstrutivo e integrativo. (cf. ORTIZ-OS\u00c9S, op. cit.)<\/p>\n\n\n\n<p>Do que foi escrito, facilmente se d\u00e1 conta que a compreens\u00e3o possui uma estrutura intrinsecamente hist\u00f3rica portanto: \u00abN\u00e3o precisamos cair numa atitude psicologizante para defender que a compreens\u00e3o n\u00e3o pode ser concebida independentemente das rela\u00e7\u00f5es significativas que tem com a nossa experi\u00eancia anterior.\u00bb (PALMER, 1969:102), pois esta, como ato hist\u00f3rico, est\u00e1 sempre relacionada com o presente. Seria ing\u00e9nuo falar-se de interpreta\u00e7\u00f5es objetivamente v\u00e1lidas, porque isto implicaria ser poss\u00edvel uma compreens\u00e3o que partisse de um ponto de vista exterior \u00e0 hist\u00f3ria.<\/p>\n\n\n\n<p>Na realidade, no seu situar-se mundano (respons\u00e1vel pelo mundo), o homem responde desde o seu posicionamento atual: quer a um passado a interrogar e a integrar; quer a um futuro a predizer (possibilidade), isto \u00e9, antes de tomar uma decis\u00e3o fundamental, emprega a sua experi\u00eancia, interpreta e est\u00e1 interpretado na sua pr\u00f3pria circunst\u00e2ncia: \u00abA sua atitude fundamental n\u00e3o aparece nem como progressiva nem como regressiva, mas como ingressiva, integradora.\u00bb (ORTIZ-OS\u00c9S, 1983:48).<\/p>\n\n\n\n<p>Compreendemos um texto, n\u00e3o com a consci\u00eancia vazia, mas porque mantemos um modo de ver j\u00e1 estabelecido, e algumas conce\u00e7\u00f5es pr\u00e9vias ideacionais, (pr\u00e9-estrutura da compreens\u00e3o): \u00abO passado n\u00e3o se nos pode opor como objecto de interesse arqueol\u00f3gico. A autointerpreta\u00e7\u00e3o do indiv\u00edduo \u00e9 apenas uma luz tr\u00e9mula na corrente fechada da vida hist\u00f3rica. Por essa raz\u00e3o, os ju\u00edzos pr\u00e9vios do indiv\u00edduo s\u00e3o mais que meros ju\u00edzos; s\u00e3o a realidade hist\u00f3rica do ser.\u00bb (PALMER, 1969:185).<\/p>\n\n\n\n<p>Os ju\u00edzos pr\u00e9vios traduzem a capacidade que toda a pessoa tem para compreender a hist\u00f3ria: dentro ou fora das ci\u00eancias, n\u00e3o pode haver compreens\u00e3o sem pressupostos, resultantes da tradi\u00e7\u00e3o em que cada indiv\u00edduo se insere (horizonte no interior do qual pensamos).<\/p>\n\n\n\n<p>Uma dupla operacionalidade se apresenta: uma operacionalidade do presente no passado \u2013 n\u00e3o h\u00e1 uma vis\u00e3o pura da hist\u00f3ria, sem refer\u00eancia ao presente; e uma operacionalidade do passado no presente (consci\u00eancia historicamente operativa) \u2013 o presente s\u00f3 \u00e9 visto e compreendido atrav\u00e9s das inten\u00e7\u00f5es, modos de ver e pr\u00e9-conceitos que o passado transmite: \u00abN\u00e3o podemos inventar nem recusar o horizonte que faz alteridade \u00e0 nossa consci\u00eancia.\u00bb (ORTIZ-OS\u00c9S, 1983:12).<\/p>\n\n\n\n<p>O passado n\u00e3o \u00e9 um amontoado de factos, \u00e9 antes um fluxo, em que nos movemos e participamos: \u00abA tradi\u00e7\u00e3o n\u00e3o se coloca, pois, contra n\u00f3s, ela \u00e9 algo em que nos situamos e pela qual existimos.\u00bb (PALMER, 1969:180). D\u00e1-se no ato de compreens\u00e3o uma simbiose do estranho e do familiar (simultaneidade).<\/p>\n\n\n\n<p>A tens\u00e3o, presente-passado, \u00e9, em si mesma, essencial e frut\u00edfera em Hermen\u00eautica; a dist\u00e2ncia temporal tem, simultaneamente, uma fun\u00e7\u00e3o negativa e positiva, tanto faz com que se eliminem certos ju\u00edzos pr\u00e9vios, como provoca o aparecimento daqueles que nos levam a uma compreens\u00e3o verdadeira.<\/p>\n\n\n\n<p>Os nossos pressupostos n\u00e3o podem ser tomados como absolutos, mas sim como algo sujeito a mudan\u00e7a. S\u00e3o positivos: quando conduzem \u00e0 compreens\u00e3o; e negativos, quando conduzem ao mal entendimento. Esta distin\u00e7\u00e3o faz-se no interior da pr\u00f3pria experi\u00eancia hermen\u00eautica.<\/p>\n\n\n\n<p>BIBLIOGRAFIA<\/p>\n\n\n\n<p>ORTIZ-OS\u00c9S, Andr\u00e9s, (1983). Antropologia Hermen\u00eautica. Tradu\u00e7\u00e3o, L. Ferreira dos Santos. Braga: Eros.<\/p>\n\n\n\n<p>PALMER, Richard E., (1969). Hermen\u00eautica. Tradu\u00e7\u00e3o, Maria Lu\u00edsa Ribeiro Ferreira. Lisboa: Edi\u00e7\u00f5es 70<\/p>\n\n\n\n<p class=\"has-text-align-right\">Venade\/Caminha \u2013 Portugal, 2026<\/p>\n\n\n\n<p class=\"has-text-align-right\"><strong>Diamantino Louren\u00e7o Rodrigues de B\u00e1rtolo<\/strong><\/p>\n\n\n\n<p class=\"has-text-align-right\"><strong>Presidente HONOR\u00c1RIO do N\u00facleo Acad\u00e9mico de Letras e Artes de Portugal<\/strong><\/p>\n\n\n\n<div class=\"wp-block-columns is-layout-flex wp-container-core-columns-is-layout-9d6595d7 wp-block-columns-is-layout-flex\">\n<div class=\"wp-block-column is-layout-flow wp-block-column-is-layout-flow\">\n<h4 class=\"wp-block-heading has-text-align-center has-electric-grass-gradient-background has-background\"><a href=\"mailto:diamantino.bartolo@gmail.com\" target=\"_blank\" rel=\"noopener\" title=\"E-meio\">E-meio<\/a><\/h4>\n<\/div>\n\n\n\n<div class=\"wp-block-column is-layout-flow wp-block-column-is-layout-flow\">\n<h4 class=\"wp-block-heading has-text-align-center has-electric-grass-gradient-background has-background\"><a href=\"http:\/\/nalap.org\/Artigos.aspx\" title=\"Nalap\">Nalap<\/a><\/h4>\n<\/div>\n\n\n\n<div class=\"wp-block-column is-layout-flow wp-block-column-is-layout-flow\">\n<h4 class=\"wp-block-heading has-text-align-center has-electric-grass-gradient-background has-background\"><a href=\"https:\/\/www.facebook.com\/diamantino.bartolo.1\" target=\"_blank\" rel=\"noopener\" title=\"Facebook\">Facebook<\/a><\/h4>\n<\/div>\n\n\n\n<div class=\"wp-block-column is-layout-flow wp-block-column-is-layout-flow\">\n<h4 class=\"wp-block-heading has-text-align-center has-electric-grass-gradient-background has-background\"><a href=\"http:\/\/diamantinobartolo.blogspot.com\" title=\"Blog\">Blog<\/a><\/h4>\n<\/div>\n<\/div>\n\n\n\n<p><a href=\"https:\/\/jornalrol.com.br\/\" title=\"Voltar\">Voltar<\/a><\/p>\n\n\n\n<p><a href=\"https:\/\/www.facebook.com\/JCulturalrol\/\" title=\"Facebook\">Facebook<\/a><\/p>\n\n\n\n<div class=\"wp-block-columns is-layout-flex wp-container-core-columns-is-layout-9d6595d7 wp-block-columns-is-layout-flex\">\n<div class=\"wp-block-column is-layout-flow wp-block-column-is-layout-flow\"><\/div>\n\n\n\n<div class=\"wp-block-column is-layout-flow wp-block-column-is-layout-flow\"><\/div>\n\n\n\n<div class=\"wp-block-column is-layout-flow wp-block-column-is-layout-flow\"><\/div>\n<\/div>\n\n\n\n<h3 class=\"wp-block-heading\"><\/h3>\n\n\n\n<div class=\"wp-block-columns is-layout-flex wp-container-core-columns-is-layout-9d6595d7 wp-block-columns-is-layout-flex\">\n<div class=\"wp-block-column is-layout-flow wp-block-column-is-layout-flow\"><\/div>\n\n\n\n<div class=\"wp-block-column is-layout-flow wp-block-column-is-layout-flow\"><\/div>\n\n\n\n<div class=\"wp-block-column is-layout-flow wp-block-column-is-layout-flow\"><\/div>\n<\/div>\n\n\n\n<h3 class=\"wp-block-heading has-text-align-center\"><\/h3>\n","protected":false},"excerpt":{"rendered":"<p>Como se sabe, a compreens\u00e3o envolve, permanentemente, a linguagem, a confronta\u00e7\u00e3o com um outro horizonte humano, um ato de penetra\u00e7\u00e3o hist\u00f3rica, por isso&#8230;<\/p>\n","protected":false},"author":16,"featured_media":78027,"comment_status":"open","ping_status":"closed","sticky":false,"template":"","format":"standard","meta":{"_jetpack_newsletter_access":"","_jetpack_dont_email_post_to_subs":false,"_jetpack_newsletter_tier_id":0,"_jetpack_memberships_contains_paywalled_content":false,"_jetpack_memberships_contains_paid_content":false,"footnotes":""},"categories":[9398,9285],"tags":[12824,2280,15966,10100],"class_list":["post-78013","post","type-post","status-publish","format-standard","has-post-thumbnail","hentry","category-artigos","category-literatura","tag-compreensao","tag-conhecimento","tag-fatos","tag-linguagem"],"aioseo_notices":[],"views":1712,"jetpack_featured_media_url":"https:\/\/jornalrol.com.br\/wp-content\/uploads\/2026\/01\/AQOS5ytmLGpxBENVUtDVsCMDeW3c_asdDWM77FHF6RMCEjm_nI8t3ug0585R-uM546x8W3a677aDLIygyB-nT6AqkhzAMHpaR36jaGH63EnWzyC22bgG8LaGdxw2iyc7eWDUsc3CLolgbVWk0UtbffFXYLAqXQ.jpeg","jetpack_sharing_enabled":true,"jetpack_likes_enabled":true,"jetpack-related-posts":[{"id":60303,"url":"https:\/\/jornalrol.com.br\/?p=60303","url_meta":{"origin":78013,"position":0},"title":"Tens\u00e3o presente\/ passado","author":"Diamantino Bartolo","date":"20 de agosto de 2023","format":false,"excerpt":"A perten\u00e7a e a participa\u00e7\u00e3o na linguagem, como meio da experi\u00eancia no mundo \u00e9 a verdadeira base da experi\u00eancia hermen\u00eautica. Esta, encontra a sua total ...","rel":"","context":"Em &quot;artigos&quot;","block_context":{"text":"artigos","link":"https:\/\/jornalrol.com.br\/?cat=9398"},"img":{"alt_text":"Foto do autor do texto, o colunista Diamantino B\u00e1rtolo","src":"https:\/\/i0.wp.com\/www.jornalrol.com.br\/wp-content\/uploads\/2023\/05\/Diamantino-Lourenco-R-de-Bartolo.jpg?resize=350%2C200&ssl=1","width":350,"height":200},"classes":[]},{"id":48291,"url":"https:\/\/jornalrol.com.br\/?p=48291","url_meta":{"origin":78013,"position":1},"title":"Diamantino Louren\u00e7o Rodrigues de B\u00e1rtolo: &#039;Vitalidade hermen\u00eautica&#039;","author":"Diamantino Bartolo","date":"2 de fevereiro de 2022","format":false,"excerpt":"Vitalidade hermen\u00eautica A Hermen\u00eautica aparece, historicamente, ligada \u00e0 exegese dos textos e \u00e0 compreens\u00e3o dos mesmos. Surgiu o problema porque sempre existiu a possibilidade de mal entendimento (interpreta\u00e7\u00e3o). A compreens\u00e3o tornou-se um processo de an\u00e1lise e explicita\u00e7\u00e3o do texto. Nascida como cr\u00edtica, a Hermen\u00eautica apresenta-se, hoje, como exig\u00eancia de interpreta\u00e7\u00e3o\u2026","rel":"","context":"Em &quot;Comunica\u00e7\u00e3o&quot;","block_context":{"text":"Comunica\u00e7\u00e3o","link":"https:\/\/jornalrol.com.br\/?cat=7"},"img":{"alt_text":"","src":"https:\/\/i0.wp.com\/www.jornalrol.com.br\/wp-content\/uploads\/2020\/09\/113545633_1612205885611817_276299013388565688_o-1-217x300.jpg?resize=350%2C200","width":350,"height":200},"classes":[]},{"id":63784,"url":"https:\/\/jornalrol.com.br\/?p=63784","url_meta":{"origin":78013,"position":2},"title":"Natal. A esperan\u00e7a dos exclu\u00eddos?","author":"Diamantino Bartolo","date":"18 de dezembro de 2023","format":false,"excerpt":"Eis-nos na festa da fam\u00edlia: o Natal. Os cora\u00e7\u00f5es comovem-se de alegria, familiares e amigos, com alegria total. Vive-se a confraterniza\u00e7\u00e3o, com euforia...","rel":"","context":"Em &quot;Literatura&quot;","block_context":{"text":"Literatura","link":"https:\/\/jornalrol.com.br\/?cat=9285"},"img":{"alt_text":"\"Natal. A esperan\u00e7a dos exclu\u00eddos?\"","src":"https:\/\/i0.wp.com\/jornalrol.com.br\/wp-content\/uploads\/2023\/12\/OIG-6.jpg?resize=350%2C200&ssl=1","width":350,"height":200,"srcset":"https:\/\/i0.wp.com\/jornalrol.com.br\/wp-content\/uploads\/2023\/12\/OIG-6.jpg?resize=350%2C200&ssl=1 1x, https:\/\/i0.wp.com\/jornalrol.com.br\/wp-content\/uploads\/2023\/12\/OIG-6.jpg?resize=525%2C300&ssl=1 1.5x, https:\/\/i0.wp.com\/jornalrol.com.br\/wp-content\/uploads\/2023\/12\/OIG-6.jpg?resize=700%2C400&ssl=1 2x"},"classes":[]},{"id":80250,"url":"https:\/\/jornalrol.com.br\/?p=80250","url_meta":{"origin":78013,"position":3},"title":"A ditadura portuguesa do s\u00e9c. XX","author":"Diamantino Bartolo","date":"23 de abril de 2026","format":false,"excerpt":"Quem passou pela experi\u00eancia de viver num per\u00edodo dif\u00edcil da Hist\u00f3ria de Portugal, como foi o da ditadura do s\u00e9culo XX, que se prolongou por quase cinquenta...","rel":"","context":"Em &quot;artigos&quot;","block_context":{"text":"artigos","link":"https:\/\/jornalrol.com.br\/?cat=9398"},"img":{"alt_text":"Imagem gerada pelo ChatGPT - https:\/\/chatgpt.com\/c\/69e92886-0944-83e9-b73a-1db18add08b9","src":"https:\/\/i0.wp.com\/jornalrol.com.br\/wp-content\/uploads\/2026\/04\/c82f5667-dffa-471c-bdd6-afc54f44e73e.jpg?resize=350%2C200&ssl=1","width":350,"height":200,"srcset":"https:\/\/i0.wp.com\/jornalrol.com.br\/wp-content\/uploads\/2026\/04\/c82f5667-dffa-471c-bdd6-afc54f44e73e.jpg?resize=350%2C200&ssl=1 1x, https:\/\/i0.wp.com\/jornalrol.com.br\/wp-content\/uploads\/2026\/04\/c82f5667-dffa-471c-bdd6-afc54f44e73e.jpg?resize=525%2C300&ssl=1 1.5x, https:\/\/i0.wp.com\/jornalrol.com.br\/wp-content\/uploads\/2026\/04\/c82f5667-dffa-471c-bdd6-afc54f44e73e.jpg?resize=700%2C400&ssl=1 2x, https:\/\/i0.wp.com\/jornalrol.com.br\/wp-content\/uploads\/2026\/04\/c82f5667-dffa-471c-bdd6-afc54f44e73e.jpg?resize=1050%2C600&ssl=1 3x, https:\/\/i0.wp.com\/jornalrol.com.br\/wp-content\/uploads\/2026\/04\/c82f5667-dffa-471c-bdd6-afc54f44e73e.jpg?resize=1400%2C800&ssl=1 4x"},"classes":[]},{"id":66570,"url":"https:\/\/jornalrol.com.br\/?p=66570","url_meta":{"origin":78013,"position":4},"title":"Aplica\u00e7\u00f5es argumentativas","author":"Diamantino Bartolo","date":"19 de maio de 2024","format":false,"excerpt":"Diz-se que se est\u00e1 numa situa\u00e7\u00e3o argumentativa, entre outras, sempre que: se \u00e9 chamado a tomar posi\u00e7\u00e3o face a algo, seja a uma atitude, a um ato, a um projecto","rel":"","context":"Em &quot;artigos&quot;","block_context":{"text":"artigos","link":"https:\/\/jornalrol.com.br\/?cat=9398"},"img":{"alt_text":"Aplica\u00e7\u00f5es argumentativas","src":"https:\/\/i0.wp.com\/jornalrol.com.br\/wp-content\/uploads\/2024\/05\/OIG1-5.jpg?resize=350%2C200&ssl=1","width":350,"height":200,"srcset":"https:\/\/i0.wp.com\/jornalrol.com.br\/wp-content\/uploads\/2024\/05\/OIG1-5.jpg?resize=350%2C200&ssl=1 1x, https:\/\/i0.wp.com\/jornalrol.com.br\/wp-content\/uploads\/2024\/05\/OIG1-5.jpg?resize=525%2C300&ssl=1 1.5x"},"classes":[]},{"id":47879,"url":"https:\/\/jornalrol.com.br\/?p=47879","url_meta":{"origin":78013,"position":5},"title":"Diamantino Louren\u00e7o Rodrigues de B\u00e1rtolo: &#039;Conceitos de autoridade&#039;","author":"Diamantino Bartolo","date":"12 de janeiro de 2022","format":false,"excerpt":"Conceitos de autoridade \u00c9 frequente as pessoas invocarem a Autoridade, a prop\u00f3sito dos mais diversificados acontecimentos, sendo muito usual aplicar o termo no seu sentido \u201cpolicial\u201d, com o objetivo de se fazerem cumprir as Leis, no respeito pelos direitos de cada um e, ent\u00e3o, genericamente: a Autoridade seria a capacidade\u2026","rel":"","context":"Em &quot;Comunica\u00e7\u00e3o&quot;","block_context":{"text":"Comunica\u00e7\u00e3o","link":"https:\/\/jornalrol.com.br\/?cat=7"},"img":{"alt_text":"","src":"https:\/\/i0.wp.com\/www.jornalrol.com.br\/wp-content\/uploads\/2020\/09\/113545633_1612205885611817_276299013388565688_o-1-217x300.jpg?resize=350%2C200","width":350,"height":200},"classes":[]}],"_links":{"self":[{"href":"https:\/\/jornalrol.com.br\/index.php?rest_route=\/wp\/v2\/posts\/78013","targetHints":{"allow":["GET"]}}],"collection":[{"href":"https:\/\/jornalrol.com.br\/index.php?rest_route=\/wp\/v2\/posts"}],"about":[{"href":"https:\/\/jornalrol.com.br\/index.php?rest_route=\/wp\/v2\/types\/post"}],"author":[{"embeddable":true,"href":"https:\/\/jornalrol.com.br\/index.php?rest_route=\/wp\/v2\/users\/16"}],"replies":[{"embeddable":true,"href":"https:\/\/jornalrol.com.br\/index.php?rest_route=%2Fwp%2Fv2%2Fcomments&post=78013"}],"version-history":[{"count":3,"href":"https:\/\/jornalrol.com.br\/index.php?rest_route=\/wp\/v2\/posts\/78013\/revisions"}],"predecessor-version":[{"id":78035,"href":"https:\/\/jornalrol.com.br\/index.php?rest_route=\/wp\/v2\/posts\/78013\/revisions\/78035"}],"wp:featuredmedia":[{"embeddable":true,"href":"https:\/\/jornalrol.com.br\/index.php?rest_route=\/wp\/v2\/media\/78027"}],"wp:attachment":[{"href":"https:\/\/jornalrol.com.br\/index.php?rest_route=%2Fwp%2Fv2%2Fmedia&parent=78013"}],"wp:term":[{"taxonomy":"category","embeddable":true,"href":"https:\/\/jornalrol.com.br\/index.php?rest_route=%2Fwp%2Fv2%2Fcategories&post=78013"},{"taxonomy":"post_tag","embeddable":true,"href":"https:\/\/jornalrol.com.br\/index.php?rest_route=%2Fwp%2Fv2%2Ftags&post=78013"}],"curies":[{"name":"wp","href":"https:\/\/api.w.org\/{rel}","templated":true}]}}