{"id":79107,"date":"2026-03-13T08:15:00","date_gmt":"2026-03-13T11:15:00","guid":{"rendered":"https:\/\/jornalrol.com.br\/?p=79107"},"modified":"2026-04-08T13:36:38","modified_gmt":"2026-04-08T16:36:38","slug":"ciencia-tecnica-e-filosofia-um-trinomio-inseparavel","status":"publish","type":"post","link":"https:\/\/jornalrol.com.br\/?p=79107","title":{"rendered":"Ci\u00eancia, T\u00e9cnica e Filosofia, um trin\u00f3mio insepar\u00e1vel"},"content":{"rendered":"<div class=\"pdfprnt-buttons pdfprnt-buttons-post pdfprnt-top-right\"><a href=\"https:\/\/jornalrol.com.br\/index.php?rest_route=%2Fwp%2Fv2%2Fposts%2F79107&print=pdf\" class=\"pdfprnt-button pdfprnt-button-pdf\" target=\"_blank\" ><\/a><a href=\"https:\/\/jornalrol.com.br\/index.php?rest_route=%2Fwp%2Fv2%2Fposts%2F79107&print=print\" class=\"pdfprnt-button pdfprnt-button-print\" target=\"_blank\" ><img decoding=\"async\" src=\"https:\/\/jornalrol.com.br\/wp-content\/plugins\/pdf-print\/images\/print.png\" alt=\"image_print\" title=\"Conte\u00fado de impress\u00e3o\" \/><\/a><\/div>\n<h2 class=\"wp-block-heading has-text-align-center\">Diamantino Louren\u00e7o Rodrigues de B\u00e1rtolo<br><br> &#8216;Ci\u00eancia, T\u00e9cnica e Filosofia, um trin\u00f3mio insepar\u00e1vel&#8217;<br><br><\/h2>\n\n\n<div class=\"wp-block-image\">\n<figure class=\"aligncenter size-full is-resized\"><img loading=\"lazy\" decoding=\"async\" width=\"843\" height=\"1069\" data-attachment-id=\"68602\" data-permalink=\"https:\/\/jornalrol.com.br\/?attachment_id=68602\" data-orig-file=\"https:\/\/jornalrol.com.br\/wp-content\/uploads\/2024\/08\/2.-Diamantino-21.03.2016-21032016-1.jpg\" data-orig-size=\"843,1069\" data-comments-opened=\"1\" data-image-meta=\"{&quot;aperture&quot;:&quot;0&quot;,&quot;credit&quot;:&quot;&quot;,&quot;camera&quot;:&quot;&quot;,&quot;caption&quot;:&quot;&quot;,&quot;created_timestamp&quot;:&quot;0&quot;,&quot;copyright&quot;:&quot;&quot;,&quot;focal_length&quot;:&quot;0&quot;,&quot;iso&quot;:&quot;0&quot;,&quot;shutter_speed&quot;:&quot;0&quot;,&quot;title&quot;:&quot;&quot;,&quot;orientation&quot;:&quot;0&quot;}\" data-image-title=\"2. Diamantino (21.03.2016) 21032016 (1)\" data-image-description=\"&lt;p&gt;Diamantino B\u00e1rtolo&lt;\/p&gt;\n\" data-image-caption=\"&lt;p&gt;Diamantino B\u00e1rtolo&lt;\/p&gt;\n\" data-large-file=\"https:\/\/jornalrol.com.br\/wp-content\/uploads\/2024\/08\/2.-Diamantino-21.03.2016-21032016-1.jpg\" src=\"http:\/\/jornalrol.com.br\/wp-content\/uploads\/2024\/08\/2.-Diamantino-21.03.2016-21032016-1.jpg\" alt=\"Diamantino B\u00e1rtolo\" class=\"wp-image-68602\" style=\"aspect-ratio:0.788605125346555;width:196px;height:auto\" srcset=\"https:\/\/jornalrol.com.br\/wp-content\/uploads\/2024\/08\/2.-Diamantino-21.03.2016-21032016-1.jpg 843w, https:\/\/jornalrol.com.br\/wp-content\/uploads\/2024\/08\/2.-Diamantino-21.03.2016-21032016-1-768x974.jpg 768w\" sizes=\"auto, (max-width: 843px) 100vw, 843px\" \/><figcaption class=\"wp-element-caption\">Diamantino B\u00e1rtolo<\/figcaption><\/figure>\n<\/div>\n\n<div class=\"wp-block-image\">\n<figure class=\"aligncenter size-full is-resized\"><img loading=\"lazy\" decoding=\"async\" width=\"1024\" height=\"1536\" data-attachment-id=\"79108\" data-permalink=\"https:\/\/jornalrol.com.br\/?attachment_id=79108\" data-orig-file=\"https:\/\/jornalrol.com.br\/wp-content\/uploads\/2026\/03\/a05f479f-b951-41c3-9ba4-f460b29575ea.jpg\" data-orig-size=\"1024,1536\" data-comments-opened=\"1\" data-image-meta=\"{&quot;aperture&quot;:&quot;0&quot;,&quot;credit&quot;:&quot;&quot;,&quot;camera&quot;:&quot;&quot;,&quot;caption&quot;:&quot;&quot;,&quot;created_timestamp&quot;:&quot;0&quot;,&quot;copyright&quot;:&quot;&quot;,&quot;focal_length&quot;:&quot;0&quot;,&quot;iso&quot;:&quot;0&quot;,&quot;shutter_speed&quot;:&quot;0&quot;,&quot;title&quot;:&quot;&quot;,&quot;orientation&quot;:&quot;0&quot;}\" data-image-title=\"a05f479f-b951-41c3-9ba4-f460b29575ea\" data-image-description=\"\" data-image-caption=\"\" data-large-file=\"https:\/\/jornalrol.com.br\/wp-content\/uploads\/2026\/03\/a05f479f-b951-41c3-9ba4-f460b29575ea.jpg\" src=\"https:\/\/jornalrol.com.br\/wp-content\/uploads\/2026\/03\/a05f479f-b951-41c3-9ba4-f460b29575ea.jpg\" alt=\"\" class=\"wp-image-79108\" style=\"width:378px;height:auto\" srcset=\"https:\/\/jornalrol.com.br\/wp-content\/uploads\/2026\/03\/a05f479f-b951-41c3-9ba4-f460b29575ea.jpg 1024w, https:\/\/jornalrol.com.br\/wp-content\/uploads\/2026\/03\/a05f479f-b951-41c3-9ba4-f460b29575ea-800x1200.jpg 800w, https:\/\/jornalrol.com.br\/wp-content\/uploads\/2026\/03\/a05f479f-b951-41c3-9ba4-f460b29575ea-768x1152.jpg 768w\" sizes=\"auto, (max-width: 1024px) 100vw, 1024px\" \/><figcaption class=\"wp-element-caption\"><em>Imagem gerada por IA do ChatGPT &#8211; https:\/\/chatgpt.com\/c\/69b33473-fc24-83e9-9865-4289bd39a142<\/em><\/figcaption><\/figure>\n<\/div>\n\n\n<p class=\"has-drop-cap\">H\u00e1 quem defenda que: <em>\u00abA Filosofia estuda-se como outra mat\u00e9ria qualquer, com algum esfor\u00e7o, algum prazer, alguma disciplina. A organiza\u00e7\u00e3o do estudo \u00e9 fundamental para que os conhecimentos n\u00e3o apare\u00e7am dispersos, desligados uns dos outros e, sobretudo, de n\u00f3s pr\u00f3prios. S\u00f3 uma boa organiza\u00e7\u00e3o do estudo permite uma boa compreens\u00e3o e assimila\u00e7\u00e3o do que pretendemos. (&#8230;) A Filosofia n\u00e3o tem o monop\u00f3lio destas ou daquelas ideias, embora exista um modo filos\u00f3fico de as expressar. \u00bb <\/em>(TAVARES &amp; FERRO, 1983:25).<\/p>\n\n\n\n<p>Temos visto, qu\u00e3o complexa \u00e9 a Filosofia, face a outras \u00e1reas disciplinares, nomeadamente, se compararmos com as ci\u00eancias exatas. De facto, a \u201cm\u00e1quina humana\u201d \u00e9, ainda hoje, um labirinto de inc\u00f3gnitas, pese, embora, o esfor\u00e7o das v\u00e1rias ci\u00eancias humanas, cada uma com o (s) seu (s) objeto (s) de estudo, metodologias e estrat\u00e9gias, mas, \u00e0 Filosofia, contudo, n\u00e3o \u00e9 f\u00e1cil determinar tal objeto, pelas seguintes causas:<\/p>\n\n\n\n<p><em>\u00aba) O seu objecto especial nas actividades humanas, entre as que s\u00e3o resultado tanto da arte como das da ci\u00eancia, ou se se prefere, entre as artes e as ci\u00eancias; b) A sua pr\u00f3pria evolu\u00e7\u00e3o hist\u00f3rica que a levou, e ainda continua a levar, algumas vezes a procurar a sua defini\u00e7\u00e3o eliminando quanto n\u00e3o \u00e9 ela, evolu\u00e7\u00e3o que provoca periodicamente uma crise (real ou artificial, segundo o mal do tempo) da sua consci\u00eancia aut\u00f3noma; c) Uma discuss\u00e3o que j\u00e1 vem de longo tempo entre os fil\u00f3sofos no seu conjunto, e os especialistas das regras da ac\u00e7\u00e3o humana, quer estes sejam fil\u00f3sofos ou n\u00e3o, mas em nome da moral (religiosa ou n\u00e3o) da pol\u00edtica, ou de qualquer Teoria do Comportamento.\u00bb<\/em> (LEGRAND, 1983:176).<\/p>\n\n\n\n<p>Por tudo o que fica analisado, n\u00e3o ser\u00e1 dif\u00edcil aceitar que o fil\u00f3sofo, ao contr\u00e1rio de outros intervenientes no processo humano, tem, e ter\u00e1 sempre, o seu trabalho dificultado e inacabado. Tradicionalmente, aliamos \u00e0 no\u00e7\u00e3o de ci\u00eancia, o conceito de conhecimento e, nesta perspectiva, analisamos, tamb\u00e9m, as diversas maneiras de compreender o mundo destacando-se aqui os n\u00edveis cl\u00e1ssicos: conhecimento espont\u00e2neo ou senso comum, e o conhecimento cient\u00edfico, entendendo-se que este \u00e9 uma vit\u00f3ria recente da humanidade, tendo surgido no s\u00e9culo XVII, com as Revolu\u00e7\u00f5es \u201cCopernicana\u201d e \u201cGaleliana\u201d.&nbsp;<\/p>\n\n\n\n<p>Se \u00e9 certo que: no pensamento grego, a Filosofia e a ci\u00eancia integravam uma \u00fanica \u00e1rvore do saber; igualmente \u00e9 verdade que j\u00e1 na idade Moderna, a separa\u00e7\u00e3o tamb\u00e9m se consumaria, buscando cada uma delas &#8211; Filosofia e Ci\u00eancia &#8211; o seu percurso concreto, o seu m\u00e9todo, o seu objeto, ali\u00e1s, a ci\u00eancia moderna surge ao determinar um objetivo espec\u00edfico de investiga\u00e7\u00e3o, e ao adotar um m\u00e9todo, atrav\u00e9s do qual se controlar\u00e1 o conhecimento.&nbsp;<\/p>\n\n\n\n<p>O recurso a m\u00e9todos rigorosos, possibilita que a ci\u00eancia atinja um tipo de conhecimento sistem\u00e1tico, metodol\u00f3gico, preciso, objetivo e revers\u00edvel, pelo qual se descobrem rela\u00e7\u00f5es universais e necess\u00e1rias entre os fen\u00f3menos, permitindo prever acontecimentos, e atuar da forma mais eficaz.<\/p>\n\n\n\n<p>Ci\u00eancia, T\u00e9cnica e Filosofia, constituem, portanto, um trin\u00f3mio que deve ser insepar\u00e1vel, n\u00e3o se devendo tentar sobrevalorizar um, em detrimento dos outros, porque eles constituem, apenas, uma parte dos conhecimentos e pr\u00e1ticas que caracterizam a Humanidade, sendo certo que: enquanto assim n\u00e3o se proceder, o mundo n\u00e3o ter\u00e1 paz; as desigualdades entre as pessoas aumentar\u00e3o; at\u00e9 ao dia em que uma esmagadora maioria de exclu\u00eddos, se revoltar\u00e1 e tomar\u00e1 conta dos destinos de todos.&nbsp;<\/p>\n\n\n\n<p><strong>BIBLIOGRAFIA<\/strong><\/p>\n\n\n\n<p>LEGRAND, Gerard (Dir.), (1983). <em>Dicion\u00e1rio de Filosofia<\/em>, Tradu\u00e7\u00e3o, Armando J. Rodrigues e Jo\u00e3o Gama, Lisboa: Edi\u00e7\u00f5es 70.<\/p>\n\n\n\n<p>TAVARES, Manuel &amp; FERRO, M\u00e1rio, (1983). <em>Guia do Estudante de Filosofia.<\/em> 4<sup>a<\/sup> Ed. Lisboa: Editorial Presen\u00e7a.<\/p>\n\n\n\n<p class=\"has-text-align-right\"><strong>Venade\/Caminha \u2013 Portugal, 2026<\/strong><\/p>\n\n\n\n<p class=\"has-text-align-right\"><strong>Diamantino Louren\u00e7o Rodrigues de B\u00e1rtolo<\/strong><\/p>\n\n\n\n<p class=\"has-text-align-right\"><strong>Presidente HONOR\u00c1RIO do N\u00facleo Acad\u00e9mico de Letras e Artes de Portugal<\/strong><\/p>\n\n\n\n<div class=\"wp-block-columns is-layout-flex wp-container-core-columns-is-layout-9d6595d7 wp-block-columns-is-layout-flex\">\n<div class=\"wp-block-column is-layout-flow wp-block-column-is-layout-flow\">\n<h4 class=\"wp-block-heading has-text-align-center has-electric-grass-gradient-background has-background\"><a href=\"mailto:diamantino.bartolo@gmail.com\" target=\"_blank\" rel=\"noopener\" title=\"E-meio\">E-meio<\/a><\/h4>\n<\/div>\n\n\n\n<div class=\"wp-block-column is-layout-flow wp-block-column-is-layout-flow\">\n<h4 class=\"wp-block-heading has-text-align-center has-electric-grass-gradient-background has-background\"><a href=\"http:\/\/nalap.org\/Artigos.asp\" title=\"Nalap\">Nalap<\/a><\/h4>\n<\/div>\n\n\n\n<div class=\"wp-block-column is-layout-flow wp-block-column-is-layout-flow\">\n<h4 class=\"wp-block-heading has-text-align-center has-electric-grass-gradient-background has-background\"><a href=\"https:\/\/www.facebook.com\/diamantino.bartolo.1\" target=\"_blank\" rel=\"noopener\" title=\"Facebook\">Facebook<\/a><\/h4>\n<\/div>\n\n\n\n<div class=\"wp-block-column is-layout-flow wp-block-column-is-layout-flow\">\n<h4 class=\"wp-block-heading has-text-align-center has-electric-grass-gradient-background has-background\"><a href=\"http:\/\/diamantinobartolo.blogspot.com\" title=\"Blog\">Blog<\/a><\/h4>\n<\/div>\n<\/div>\n\n\n\n<p><a href=\"https:\/\/jornalrol.com.br\/\" title=\"Voltar\">Voltar<\/a><\/p>\n\n\n\n<p><a href=\"https:\/\/www.facebook.com\/JCulturalrol\/\" title=\"Facebook\">Facebook<\/a><\/p>\n\n\n\n<p class=\"has-text-align-center\"><br><br><\/p>\n","protected":false},"excerpt":{"rendered":"<p>H\u00e1 quem defenda que: \u00abA Filosofia estuda-se como outra mat\u00e9ria qualquer, com algum esfor\u00e7o, algum prazer, alguma disciplina. A organiza\u00e7\u00e3o do estudo \u00e9&#8230; <\/p>\n","protected":false},"author":16,"featured_media":79108,"comment_status":"open","ping_status":"closed","sticky":false,"template":"","format":"standard","meta":{"_jetpack_newsletter_access":"","_jetpack_dont_email_post_to_subs":false,"_jetpack_newsletter_tier_id":0,"_jetpack_memberships_contains_paywalled_content":false,"_jetpack_memberships_contains_paid_content":false,"footnotes":""},"categories":[9398,9285],"tags":[1937,3951,16390],"class_list":["post-79107","post","type-post","status-publish","format-standard","has-post-thumbnail","hentry","category-artigos","category-literatura","tag-ciencia","tag-filosofia","tag-tecnica"],"aioseo_notices":[],"views":301,"jetpack_featured_media_url":"https:\/\/jornalrol.com.br\/wp-content\/uploads\/2026\/03\/a05f479f-b951-41c3-9ba4-f460b29575ea.jpg","jetpack_sharing_enabled":true,"jetpack_likes_enabled":true,"jetpack-related-posts":[{"id":45370,"url":"https:\/\/jornalrol.com.br\/?p=45370","url_meta":{"origin":79107,"position":0},"title":"Diamantino Louren\u00e7o Rodrigues de B\u00e1rtolo: &#039;A Filosofia estuda-se?&#039;","author":"Diamantino Bartolo","date":"6 de outubro de 2021","format":false,"excerpt":"A Filosofia estuda-se? Um problema que nos atormenta, nesta terceira d\u00e9cada do s\u00e9culo XXI, tem a ver com a possibilidade, ou n\u00e3o, de se estudar Filosofia? E pelo estudo da Filosofia se chegar a alguma conclus\u00e3o sobre o que \u00e9 a Filosofia? H\u00e1 quem defenda que: \u00abA Filosofia estuda-se como\u2026","rel":"","context":"Em &quot;Comunica\u00e7\u00e3o&quot;","block_context":{"text":"Comunica\u00e7\u00e3o","link":"https:\/\/jornalrol.com.br\/?cat=7"},"img":{"alt_text":"","src":"https:\/\/i0.wp.com\/www.jornalrol.com.br\/wp-content\/uploads\/2020\/09\/113545633_1612205885611817_276299013388565688_o-1-217x300.jpg?resize=350%2C200","width":350,"height":200},"classes":[]},{"id":48546,"url":"https:\/\/jornalrol.com.br\/?p=48546","url_meta":{"origin":79107,"position":1},"title":"Diamantino Louren\u00e7o Rodrigues de B\u00e1rtolo: &#039;Filosofia para o bem-estar&#039;","author":"Diamantino Bartolo","date":"16 de fevereiro de 2022","format":false,"excerpt":"Filosofia para o bem-estar \u00a0 Muitos, diversificados e complexos s\u00e3o os assuntos com que a humanidade neste primeiro quarto do s\u00e9culo XXI, concretamente em 2022, se defronta. Tentar elaborar uma escala, contendo a hierarquia dos temas mais importantes para o ser humano, poderia tornar-se dif\u00edcil, pol\u00e9mica e in\u00fatil, porque antes\u2026","rel":"","context":"Em &quot;Comunica\u00e7\u00e3o&quot;","block_context":{"text":"Comunica\u00e7\u00e3o","link":"https:\/\/jornalrol.com.br\/?cat=7"},"img":{"alt_text":"","src":"https:\/\/i0.wp.com\/jornalrol.com.br\/wp-content\/uploads\/2022\/02\/athens-art-school-g62d84149c_1280.jpg?resize=350%2C200&ssl=1","width":350,"height":200,"srcset":"https:\/\/i0.wp.com\/jornalrol.com.br\/wp-content\/uploads\/2022\/02\/athens-art-school-g62d84149c_1280.jpg?resize=350%2C200&ssl=1 1x, https:\/\/i0.wp.com\/jornalrol.com.br\/wp-content\/uploads\/2022\/02\/athens-art-school-g62d84149c_1280.jpg?resize=525%2C300&ssl=1 1.5x, https:\/\/i0.wp.com\/jornalrol.com.br\/wp-content\/uploads\/2022\/02\/athens-art-school-g62d84149c_1280.jpg?resize=700%2C400&ssl=1 2x, https:\/\/i0.wp.com\/jornalrol.com.br\/wp-content\/uploads\/2022\/02\/athens-art-school-g62d84149c_1280.jpg?resize=1050%2C600&ssl=1 3x"},"classes":[]},{"id":40131,"url":"https:\/\/jornalrol.com.br\/?p=40131","url_meta":{"origin":79107,"position":2},"title":"Diamantino Louren\u00e7o Rodrigues de B\u00e1rtolo: &#039;Pensar a Filosofia&#039;","author":"Diamantino Bartolo","date":"27 de abril de 2021","format":false,"excerpt":"Pensar a Filosofia Sendo o objetivo deste trabalho refletir um pouco sobre o que \u00e9, afinal, a Filosofia, certamente, qual a sua situa\u00e7\u00e3o neste primeiro quarto do s\u00e9culo XXI, n\u00e3o cabe no seu \u00e2mbito acad\u00e9mico e hist\u00f3rico, recuar no tempo, para inventariar as in\u00fameras e poss\u00edveis defini\u00e7\u00f5es. Em todo o\u2026","rel":"","context":"Em &quot;Comunica\u00e7\u00e3o&quot;","block_context":{"text":"Comunica\u00e7\u00e3o","link":"https:\/\/jornalrol.com.br\/?cat=7"},"img":{"alt_text":"","src":"https:\/\/i0.wp.com\/www.jornalrol.com.br\/wp-content\/uploads\/2020\/09\/113545633_1612205885611817_276299013388565688_o-1-217x300.jpg?resize=350%2C200","width":350,"height":200},"classes":[]},{"id":41234,"url":"https:\/\/jornalrol.com.br\/?p=41234","url_meta":{"origin":79107,"position":3},"title":"Diamantino Louren\u00e7o Rodrigues de B\u00e1rtolo: &#039;Filosofia: \u00c1rvore da Sabedoria&#039;?","author":"Diamantino Bartolo","date":"1 de junho de 2021","format":false,"excerpt":"Filosofia: \u00c1rvore da Sabedoria? Abordar a Filosofia como uma \u201cci\u00eancia\u201d estruturada, sistematizada, sincr\u00f3nica ou diacronicamente considerada, nos dias de hoje, \u00e9 uma tarefa praticamente imposs\u00edvel. Ao longo dos s\u00e9culos e dos mil\u00e9nios, a \u201cm\u00e3e de todas as ci\u00eancias\u201d, o \u201cref\u00fagio da sabedoria\u201d ou quaisquer outros qualificativos que se lhe queira\u2026","rel":"","context":"Em &quot;Comunica\u00e7\u00e3o&quot;","block_context":{"text":"Comunica\u00e7\u00e3o","link":"https:\/\/jornalrol.com.br\/?cat=7"},"img":{"alt_text":"","src":"https:\/\/i0.wp.com\/jornalrol.com.br\/wp-content\/uploads\/2021\/06\/Solidariedade_TodosMaos.jpg?resize=350%2C200&ssl=1","width":350,"height":200},"classes":[]},{"id":60038,"url":"https:\/\/jornalrol.com.br\/?p=60038","url_meta":{"origin":79107,"position":4},"title":"O sentido de filosofar","author":"Diamantino Bartolo","date":"14 de agosto de 2023","format":false,"excerpt":"O preconceito antifilos\u00f3fico existe, precisamente por muitos daqueles que, na sua forma\u00e7\u00e3o superior, tiveram de estudar alguma variante da filosofia...","rel":"","context":"Em &quot;artigos&quot;","block_context":{"text":"artigos","link":"https:\/\/jornalrol.com.br\/?cat=9398"},"img":{"alt_text":"Foto do autor do texto, o colunista Diamantino B\u00e1rtolo","src":"https:\/\/i0.wp.com\/www.jornalrol.com.br\/wp-content\/uploads\/2023\/05\/Diamantino-Lourenco-R-de-Bartolo.jpg?resize=350%2C200&ssl=1","width":350,"height":200},"classes":[]},{"id":61665,"url":"https:\/\/jornalrol.com.br\/?p=61665","url_meta":{"origin":79107,"position":5},"title":"\u00c9tica. Ci\u00eancia do que se deve fazer","author":"Sergio Diniz da Costa","date":"2 de outubro de 2023","format":false,"excerpt":"\u00c9tica \u00e9 a ci\u00eancia do que o homem deve fazer para viver como ele deve viver; para ser o que ele deve vir a ser; para que ele atinja o seu valor supremo...","rel":"","context":"Em &quot;artigos&quot;","block_context":{"text":"artigos","link":"https:\/\/jornalrol.com.br\/?cat=9398"},"img":{"alt_text":"Diamantino B\u00e1rtolo","src":"https:\/\/i0.wp.com\/www.jornalrol.com.br\/wp-content\/uploads\/2023\/05\/Diamantino-Lourenco-R-de-Bartolo.jpg?resize=350%2C200&ssl=1","width":350,"height":200},"classes":[]}],"_links":{"self":[{"href":"https:\/\/jornalrol.com.br\/index.php?rest_route=\/wp\/v2\/posts\/79107","targetHints":{"allow":["GET"]}}],"collection":[{"href":"https:\/\/jornalrol.com.br\/index.php?rest_route=\/wp\/v2\/posts"}],"about":[{"href":"https:\/\/jornalrol.com.br\/index.php?rest_route=\/wp\/v2\/types\/post"}],"author":[{"embeddable":true,"href":"https:\/\/jornalrol.com.br\/index.php?rest_route=\/wp\/v2\/users\/16"}],"replies":[{"embeddable":true,"href":"https:\/\/jornalrol.com.br\/index.php?rest_route=%2Fwp%2Fv2%2Fcomments&post=79107"}],"version-history":[{"count":2,"href":"https:\/\/jornalrol.com.br\/index.php?rest_route=\/wp\/v2\/posts\/79107\/revisions"}],"predecessor-version":[{"id":79110,"href":"https:\/\/jornalrol.com.br\/index.php?rest_route=\/wp\/v2\/posts\/79107\/revisions\/79110"}],"wp:featuredmedia":[{"embeddable":true,"href":"https:\/\/jornalrol.com.br\/index.php?rest_route=\/wp\/v2\/media\/79108"}],"wp:attachment":[{"href":"https:\/\/jornalrol.com.br\/index.php?rest_route=%2Fwp%2Fv2%2Fmedia&parent=79107"}],"wp:term":[{"taxonomy":"category","embeddable":true,"href":"https:\/\/jornalrol.com.br\/index.php?rest_route=%2Fwp%2Fv2%2Fcategories&post=79107"},{"taxonomy":"post_tag","embeddable":true,"href":"https:\/\/jornalrol.com.br\/index.php?rest_route=%2Fwp%2Fv2%2Ftags&post=79107"}],"curies":[{"name":"wp","href":"https:\/\/api.w.org\/{rel}","templated":true}]}}