{"id":79143,"date":"2026-03-13T18:47:57","date_gmt":"2026-03-13T21:47:57","guid":{"rendered":"https:\/\/jornalrol.com.br\/?p=79143"},"modified":"2026-03-14T09:01:10","modified_gmt":"2026-03-14T12:01:10","slug":"entrevista-com-o-escritor-kosovar-vilson-culaj","status":"publish","type":"post","link":"https:\/\/jornalrol.com.br\/?p=79143","title":{"rendered":"Entrevista com o escritor Kosovar Vilson Culaj"},"content":{"rendered":"<div class=\"pdfprnt-buttons pdfprnt-buttons-post pdfprnt-top-right\"><a href=\"https:\/\/jornalrol.com.br\/index.php?rest_route=%2Fwp%2Fv2%2Fposts%2F79143&print=pdf\" class=\"pdfprnt-button pdfprnt-button-pdf\" target=\"_blank\" ><\/a><a href=\"https:\/\/jornalrol.com.br\/index.php?rest_route=%2Fwp%2Fv2%2Fposts%2F79143&print=print\" class=\"pdfprnt-button pdfprnt-button-print\" target=\"_blank\" ><img decoding=\"async\" src=\"https:\/\/jornalrol.com.br\/wp-content\/plugins\/pdf-print\/images\/print.png\" alt=\"image_print\" title=\"Conte\u00fado de impress\u00e3o\" \/><\/a><\/div>\n<h2 class=\"wp-block-heading has-text-align-center\">Magna Asp\u00e1sia Fontenelle<br><br> &#8216;Entrevista com o escritor Kosovar Vilson Culaj&#8217;<br><br><\/h2>\n\n\n<div class=\"wp-block-image\">\n<figure class=\"aligncenter size-full is-resized\"><img loading=\"lazy\" decoding=\"async\" width=\"1175\" height=\"1305\" data-attachment-id=\"79091\" data-permalink=\"https:\/\/jornalrol.com.br\/?attachment_id=79091\" data-orig-file=\"https:\/\/jornalrol.com.br\/wp-content\/uploads\/2026\/03\/Entrevistas-Rol-1.jpg\" data-orig-size=\"1175,1305\" data-comments-opened=\"1\" data-image-meta=\"{&quot;aperture&quot;:&quot;0&quot;,&quot;credit&quot;:&quot;&quot;,&quot;camera&quot;:&quot;&quot;,&quot;caption&quot;:&quot;&quot;,&quot;created_timestamp&quot;:&quot;1684312287&quot;,&quot;copyright&quot;:&quot;&quot;,&quot;focal_length&quot;:&quot;0&quot;,&quot;iso&quot;:&quot;0&quot;,&quot;shutter_speed&quot;:&quot;0&quot;,&quot;title&quot;:&quot;&quot;,&quot;orientation&quot;:&quot;1&quot;}\" data-image-title=\"Entrevistas-Rol\" data-image-description=\"\" data-image-caption=\"\" data-large-file=\"https:\/\/jornalrol.com.br\/wp-content\/uploads\/2026\/03\/Entrevistas-Rol-1.jpg\" src=\"http:\/\/jornalrol.com.br\/wp-content\/uploads\/2026\/03\/Entrevistas-Rol-1.jpg\" alt=\"Logo da se\u00e7\u00e3o Entrevistas ROLianas\" class=\"wp-image-79091\" style=\"aspect-ratio:0.9003969383824342;width:336px;height:auto\" srcset=\"https:\/\/jornalrol.com.br\/wp-content\/uploads\/2026\/03\/Entrevistas-Rol-1.jpg 1175w, https:\/\/jornalrol.com.br\/wp-content\/uploads\/2026\/03\/Entrevistas-Rol-1-1080x1200.jpg 1080w, https:\/\/jornalrol.com.br\/wp-content\/uploads\/2026\/03\/Entrevistas-Rol-1-768x853.jpg 768w\" sizes=\"auto, (max-width: 1175px) 100vw, 1175px\" \/><figcaption class=\"wp-element-caption\"><em>Logo da se\u00e7\u00e3o Entrevistas ROLianas<\/em><\/figcaption><\/figure>\n<\/div>\n\n<div class=\"wp-block-image\">\n<figure class=\"alignright size-full is-resized\"><img loading=\"lazy\" decoding=\"async\" width=\"750\" height=\"1334\" data-attachment-id=\"79146\" data-permalink=\"https:\/\/jornalrol.com.br\/?attachment_id=79146\" data-orig-file=\"https:\/\/jornalrol.com.br\/wp-content\/uploads\/2026\/03\/620674851_1638824024112411_2828699731223693469_n.jpg\" data-orig-size=\"750,1334\" data-comments-opened=\"1\" data-image-meta=\"{&quot;aperture&quot;:&quot;0&quot;,&quot;credit&quot;:&quot;&quot;,&quot;camera&quot;:&quot;&quot;,&quot;caption&quot;:&quot;&quot;,&quot;created_timestamp&quot;:&quot;0&quot;,&quot;copyright&quot;:&quot;&quot;,&quot;focal_length&quot;:&quot;0&quot;,&quot;iso&quot;:&quot;0&quot;,&quot;shutter_speed&quot;:&quot;0&quot;,&quot;title&quot;:&quot;&quot;,&quot;orientation&quot;:&quot;0&quot;}\" data-image-title=\"620674851_1638824024112411_2828699731223693469_n\" data-image-description=\"\" data-image-caption=\"\" data-large-file=\"https:\/\/jornalrol.com.br\/wp-content\/uploads\/2026\/03\/620674851_1638824024112411_2828699731223693469_n.jpg\" src=\"https:\/\/jornalrol.com.br\/wp-content\/uploads\/2026\/03\/620674851_1638824024112411_2828699731223693469_n.jpg\" alt=\"Kosovar Vilson Culaj\" class=\"wp-image-79146\" style=\"aspect-ratio:0.5622254758418741;width:330px;height:auto\" srcset=\"https:\/\/jornalrol.com.br\/wp-content\/uploads\/2026\/03\/620674851_1638824024112411_2828699731223693469_n.jpg 750w, https:\/\/jornalrol.com.br\/wp-content\/uploads\/2026\/03\/620674851_1638824024112411_2828699731223693469_n-675x1200.jpg 675w\" sizes=\"auto, (max-width: 750px) 100vw, 750px\" \/><figcaption class=\"wp-element-caption\"><em>Kosovar Vilson Culaj<\/em> <em>&#8211; Arquivo pessoal<\/em><\/figcaption><\/figure>\n<\/div>\n\n\n<p class=\"has-drop-cap\">Entre mem\u00f3ria e esperan\u00e7a, a literatura ergue sua voz como ponte entre povos e tempos. Vilson Culaj, escritor kosovar, constr\u00f3i sua obra a partir das brasas da experi\u00eancia humana, tecendo narrativas que dialogam com a hist\u00f3ria, a identidade do seu povo.<\/p>\n\n\n\n<p>Em \u201c<em>A Fornalha de Nabucodonosor\u201d<\/em>, o autor transforma o fogo em met\u00e1fora do sofrimento, da purifica\u00e7\u00e3o e da reinven\u00e7\u00e3o, convidando o leitor a uma travessia sens\u00edvel pelos caminhos da palavra, da resist\u00eancia e da esperan\u00e7a.<\/p>\n\n\n\n<p>A literatura tornou-se elo entre fronteiras, unindo passado, presente e futuro numa linguagem universal que o escritor kosovar Vilson Culaj se posiciona por meio de seus escritos, evidenciando seu estilo singular entre hist\u00f3ria, seu pa\u00eds e suas experi\u00eancias pessoais.Mantendo suas obras atuais e atemporais, respeitando a hist\u00f3ria inserida na sua viv\u00eancia pessoal e laboral.<\/p>\n\n\n\n<p><strong>1 &#8211; Conte-nos sobre sua trajet\u00f3ria de vida. Fam\u00edlia, labor, sonhos.<\/strong><\/p>\n\n\n\n<p><strong>VC &#8211;<\/strong> Eu nasci em 06 agosto de 1973 em uma cidade chamada Klin\u00eb, localizada no noroeste do Kosovo. Sou casado com Liza Radi Culaj, a mulher que completa minha vida em todas as dimens\u00f5es espirituais, intelectuais e meu espa\u00e7o liter\u00e1rio e de socializa\u00e7\u00e3o.&nbsp;<\/p>\n\n\n\n<p>Do fruto do nosso amor, temos tr\u00eas filhos Beatrice, Eliente e Nikolla, todos os tr\u00eas conclu\u00edram os estudos e trabalham em Pristina em suas respectivas profiss\u00f5es. Beatrice \u2013 jornalista de TV, Elienta designer profissional e Nikolla trabalha em uma empresa americana de Ci\u00eancia da Computa\u00e7\u00e3o.&nbsp;<\/p>\n\n\n\n<p>Atualmente trabalho como secret\u00e1rio em uma escola prim\u00e1ria com 1.500 alunos e 75 professores, exigindo um trabalho administrativo dedicado e um tato e cortesia sublimes.&nbsp;<\/p>\n\n\n\n<p>Quanto aos sonhos, tenho apenas um sonho: acordar do sonho e realizar minha vida profissional, liter\u00e1ria, familiar, e ser uma luz para as gera\u00e7\u00f5es mais jovens gra\u00e7as \u00e0s capacidades que possuo.<\/p>\n\n\n<div class=\"wp-block-image\">\n<figure class=\"alignleft size-full is-resized\"><img loading=\"lazy\" decoding=\"async\" width=\"720\" height=\"960\" data-attachment-id=\"79152\" data-permalink=\"https:\/\/jornalrol.com.br\/?attachment_id=79152\" data-orig-file=\"https:\/\/jornalrol.com.br\/wp-content\/uploads\/2026\/03\/vilson04.jpg\" data-orig-size=\"720,960\" data-comments-opened=\"1\" data-image-meta=\"{&quot;aperture&quot;:&quot;0&quot;,&quot;credit&quot;:&quot;&quot;,&quot;camera&quot;:&quot;&quot;,&quot;caption&quot;:&quot;&quot;,&quot;created_timestamp&quot;:&quot;0&quot;,&quot;copyright&quot;:&quot;&quot;,&quot;focal_length&quot;:&quot;0&quot;,&quot;iso&quot;:&quot;0&quot;,&quot;shutter_speed&quot;:&quot;0&quot;,&quot;title&quot;:&quot;&quot;,&quot;orientation&quot;:&quot;0&quot;}\" data-image-title=\"vilson04\" data-image-description=\"\" data-image-caption=\"\" data-large-file=\"https:\/\/jornalrol.com.br\/wp-content\/uploads\/2026\/03\/vilson04.jpg\" src=\"https:\/\/jornalrol.com.br\/wp-content\/uploads\/2026\/03\/vilson04.jpg\" alt=\"\" class=\"wp-image-79152\" style=\"aspect-ratio:0.750016694490818;width:337px;height:auto\"\/><figcaption class=\"wp-element-caption\"><em>Vilson Culaj &#8211; N\u00eb Parajs\u00ebn (PO)etike t\u00eb Zejnulla Halilit<\/em><\/figcaption><\/figure>\n<\/div>\n\n\n<p><strong>2 &#8211; Como surgiu sua voca\u00e7\u00e3o liter\u00e1ria e quais influ\u00eancias marcaram sua trajet\u00f3ria?<\/strong><\/p>\n\n\n\n<p><strong>VC &#8211;<\/strong> Certa vez, em um verso meu, expressei risos, a vida \u00e9 um chamado como um sino. Nesta disputa, quero dizer que as crian\u00e7as que crescem com um dos pais longe, mas n\u00e3o separados, t\u00eam uma sede m\u00edstica pela causa da vida e dos vazios emocionais (o meu pai permaneceu na Alemanha por raz\u00f5es econ\u00f4micas durante 35 anos).&nbsp;<\/p>\n\n\n\n<p>A partir da\u00ed iniciei a busca pela minha vida espiritual, indagando o <strong>\u201cporque existencial<\/strong>\u201d num mergulho em dimens\u00f5es espirituais, por vezes m\u00edsticas.<\/p>\n\n\n\n<p>Quando acrescentamos essas coisas \u00e0 cultura maratonista da leitura, acredito estar no caminho correto para cumprir minha miss\u00e3o liter\u00e1ria na constru\u00e7\u00e3o e realiza\u00e7\u00e3o de minha hist\u00f3ria pessoal.<\/p>\n\n\n\n<p>Meu chamado liter\u00e1rio n\u00e3o tem a g\u00eanese do romantismo, do Eros ou do Thanatos, mas do Biofil, da harmonia, da paz (amor, exist\u00eancia e filantropia), contudo nas travessias das prova\u00e7\u00f5es para que o homem vision\u00e1rio, conhecedor e valioso possa ser posto em a\u00e7\u00e3o como guia e se tornar o guardi\u00e3o das orienta\u00e7\u00f5es do novo para as na\u00e7\u00f5es e para o mundo.<\/p>\n\n\n\n<p>&nbsp;A vida me ensinou que, o ignorante \u00e9 o travesseiro do diabo.&nbsp;<\/p>\n\n\n\n<p>Ent\u00e3o vamos pedir um outro tipo de homem no mundo iluminado que n\u00e3o ande nas trevas.<\/p>\n\n\n\n<p><strong>3 &#8211; O que o inspirou a escrever <em>A Fornalha de Nabucodonosor<\/em>?<\/strong><\/p>\n\n\n\n<p><strong>VC &#8211;  <\/strong>Na vida, o evento deve acontecer, caso contr\u00e1rio, como poder\u00edamos entender a lei da quebra no mar \u2018\u2019 Certa vez refleti em um vers\u00edculo meu. E como a vida \u00e9 paz e tempestade, aos 25 anos, vivi a \u00faltima guerra no Kosovo, tal como os meus antepassados viveram.&nbsp;<\/p>\n\n\n\n<p>Na vida, o acontecimento precisa ocorrer; caso contr\u00e1rio, como poder\u00edamos compreender a lei da ruptura no mar, refletida outrora em um de meus versos. Observei &nbsp; que a vida \u00e9 feita de paz e tempestade, aos 25 anos vivi a \u00faltima guerra no Kosovo, assim como a viveram meus antepassados diante do mesmo inimigo antigo.<\/p>\n\n\n\n<p>Negar a um povo 2.000 anos de hist\u00f3ria, exist\u00eancia e direito natural e expulsar o povo de Israel para al\u00e9m das suas fronteiras naturais, tal como fez outrora o Rei Nabucodonosor, n\u00e3o havia outra forma de acontecer nem outra maneira para que eu come\u00e7asse um romance e colocasse esses dramas coletivos e nacionais no papel.<\/p>\n\n\n\n<p>&nbsp;\u00c9 o fogo e o forno que queimam, mas n\u00e3o extinguem o ser descrito neste romance, como Ester de \u00e9poca, aqui se realiza o sacrif\u00edcio da mulher albanesa, que a partir da trag\u00e9dia se transformou em uma mensagem hist\u00f3rica da sobreviv\u00eancia de um povo esquecido pelos mapas antigos.&nbsp;&nbsp;<\/p>\n\n\n<div class=\"wp-block-image\">\n<figure class=\"alignright size-full is-resized\"><img loading=\"lazy\" decoding=\"async\" width=\"720\" height=\"960\" data-attachment-id=\"79153\" data-permalink=\"https:\/\/jornalrol.com.br\/?attachment_id=79153\" data-orig-file=\"https:\/\/jornalrol.com.br\/wp-content\/uploads\/2026\/03\/Photo3-1.jpg\" data-orig-size=\"720,960\" data-comments-opened=\"1\" data-image-meta=\"{&quot;aperture&quot;:&quot;0&quot;,&quot;credit&quot;:&quot;&quot;,&quot;camera&quot;:&quot;&quot;,&quot;caption&quot;:&quot;&quot;,&quot;created_timestamp&quot;:&quot;0&quot;,&quot;copyright&quot;:&quot;&quot;,&quot;focal_length&quot;:&quot;0&quot;,&quot;iso&quot;:&quot;0&quot;,&quot;shutter_speed&quot;:&quot;0&quot;,&quot;title&quot;:&quot;&quot;,&quot;orientation&quot;:&quot;0&quot;}\" data-image-title=\"Photo3\" data-image-description=\"\" data-image-caption=\"\" data-large-file=\"https:\/\/jornalrol.com.br\/wp-content\/uploads\/2026\/03\/Photo3-1.jpg\" src=\"https:\/\/jornalrol.com.br\/wp-content\/uploads\/2026\/03\/Photo3-1.jpg\" alt=\"\" class=\"wp-image-79153\" style=\"aspect-ratio:0.7500140520487887;width:333px;height:auto\"\/><figcaption class=\"wp-element-caption\"><em>Capa do livro Furra e Nakukodonozorit<\/em><\/figcaption><\/figure>\n<\/div>\n\n\n<p><strong>4 &#8211; Por que escolheu Nabucodonosor como s\u00edmbolo central da obra?<\/strong><\/p>\n\n\n\n<p>VC &#8211; Deve haver um tirano para falar sobre os dramas de uma na\u00e7\u00e3o inocente como o povo alban\u00eas. Nabucodonosor foi a met\u00e1fora liter\u00e1ria e o prot\u00f3tipo do l\u00edder s\u00e9rvio Milosevic, que, alimentado pelo \u00f3dio nacional e ideol\u00f3gico e pela s\u00edndrome do colapso, negou tudo o que era alban\u00eas, at\u00e9 atos genocidas, homic\u00eddio cultural, religioso, \u00e9tnico e exist\u00eancia.&nbsp;<\/p>\n\n\n\n<p>A \u00faltima mensagem deste romance \u00e9 a met\u00e1fora de que, se um povo n\u00e3o repetir sua tr\u00e1gica hist\u00f3ria, ele deve primeiro estar ciente de sua origem, da liberdade conquistada, do sacrif\u00edcio ao longo dos s\u00e9culos e do sangramento para se integrar aos povos livres do mundo.&nbsp;<\/p>\n\n\n\n<p>E a mensagem aos tiranos \u00e9 que na hist\u00f3ria do mundo eles n\u00e3o o ditam, mas sim, o plano Divino de Deus e o direito natural de existir.&nbsp;&nbsp;<\/p>\n\n\n\n<p><strong>5 &#8211; Conte-nos sobre suas obras liter\u00e1rias, po\u00e9tica.<\/strong><\/p>\n\n\n\n<p><strong>VC &#8211;<\/strong> Como qualquer jovem, comecei com poesia ou com a primeira obra, \u201cSons In\u00e9ditos\u201d que foi extremamente bem recebida pelos leitores. Foi um bom sinal de que eu tinha um sistema organizado de ideias e grandes inspira\u00e7\u00f5es para continuar a maratona liter\u00e1ria ap\u00f3s essa publica\u00e7\u00e3o.&nbsp;<\/p>\n\n\n\n<p>Os acontecimentos recentes da guerra me impulsionaram para novas inspira\u00e7\u00f5es e publiquei o romance, \u201cForno de Nabucodonosor\u201d, para chegar ao livro de poemas, DAHO &amp; VE \u2018\u2019 que na quebra simb\u00f3lica da mensagem exp\u00f5e o amor horizontal e pessoal.&nbsp;<\/p>\n\n\n\n<p>Portanto, o amor a Deus e ao homem, onde ambos juntos d\u00e3o o sinal de salva\u00e7\u00e3o e felicidade interpessoal. O quarto livro \u00e9 uma antologia po\u00e9tica, \u201cPartida Desfeita\u201d, dedicada ao conhecido escritor infantil Rifat Kukaj, que foi extremamente bem recebida pelos leitores.&nbsp;<\/p>\n\n\n\n<p>O quinto livro \u00e9 uma curta prosa psicol\u00f3gica, \u201cTempestade Adormecida\u201d, sobre a qual dezenas de cr\u00edticas e an\u00e1lises liter\u00e1rias foram escritas.&nbsp;<\/p>\n\n\n\n<p>Estou convencido de que o romance, \u201cOs Exclu\u00eddos\u201d\u2019, no qual trabalhei por&nbsp; 14 anos, \u00e9 meu auge liter\u00e1rio porque cerca de 25 cr\u00edticas liter\u00e1rias foram escritas sobre ele e grandes promo\u00e7\u00f5es foram feitas, incluindo Pristina, Shkodra e Tirana, onde este romance ganhou em 2015 o pr\u00eamio liter\u00e1rio de romance do ano.&nbsp;<\/p>\n\n\n\n<p>O livro po\u00e9tico, \u201cDuas Vezes\u201d segundo a cr\u00edtica liter\u00e1ria \u00e9 um hino liter\u00e1rio e po\u00e9tico e ainda circulam opini\u00f5es e debates sobre os valores art\u00edsticos deste livro.<\/p>\n\n\n\n<p>&nbsp;Depois publiquei o romance, \u201cAmor Intoc\u00e1vel\u201d, ganhador de dois pr\u00eamios liter\u00e1rios, incluindo um prestigioso pr\u00eamio, \u201cDom Ndre Mjeda\u201d em Tirana, compartilhado pela Academia Liter\u00e1ria em Mirdita, publiquei o livro po\u00e9tico \u201cO Muro da Mem\u00f3ria\u201d, que foi comtemplado com muitas avalia\u00e7\u00f5es e cr\u00edticas liter\u00e1rias.&nbsp;<\/p>\n\n\n\n<p>Minha maratona liter\u00e1ria foi precedida pela antologia e livro de estudos,\u201d No Reino Po\u00e9tico de \u00b4 ZEJNULLAH&nbsp; HALIL \u2018\u2019, livro que conquistou a opini\u00e3o e a m\u00eddia por seus valores liter\u00e1rios, seguido por dois livros com cr\u00edticas liter\u00e1rias: volume 1- A Luz do Conhecimento\u201d, que inclui 63 an\u00e1lises liter\u00e1rias de minha parte para nomes eminentes da literatura albanesa, volume 2: A Luz do conhecimento composto de 50 cr\u00edticas liter\u00e1rias de outros cr\u00edticos e da minha literatura pessoal.&nbsp;<\/p>\n\n\n\n<p>Em 10 de janeiro de 2026 foi publicado o romance hist\u00f3rico, 7 DIAS \u00c0 MESA COM MONSENHOR. MARK SOPIN \u2018\u2019 uma figura clerical emblem\u00e1tica, abordagem humana e diplom\u00e1tica.&nbsp;<\/p>\n\n\n\n<p>Amigo pr\u00f3ximo do presidente Ibrahim Rugova e filantropo sem excel\u00eancia. Este romance foi promovido no sal\u00e3o cultural Pogdani Polis, localizado no edif\u00edcio da Catedral de Madre Teresa, em Pristina, na presen\u00e7a de um n\u00famero extremamente grande de participantes e intelectuais proeminentes do Kosovo e da Alb\u00e2nia.&nbsp;&nbsp;<\/p>\n\n\n<div class=\"wp-block-image\">\n<figure class=\"alignleft size-full is-resized\"><img loading=\"lazy\" decoding=\"async\" width=\"720\" height=\"960\" data-attachment-id=\"79154\" data-permalink=\"https:\/\/jornalrol.com.br\/?attachment_id=79154\" data-orig-file=\"https:\/\/jornalrol.com.br\/wp-content\/uploads\/2026\/03\/vilson01.jpg\" data-orig-size=\"720,960\" data-comments-opened=\"1\" data-image-meta=\"{&quot;aperture&quot;:&quot;0&quot;,&quot;credit&quot;:&quot;&quot;,&quot;camera&quot;:&quot;&quot;,&quot;caption&quot;:&quot;&quot;,&quot;created_timestamp&quot;:&quot;0&quot;,&quot;copyright&quot;:&quot;&quot;,&quot;focal_length&quot;:&quot;0&quot;,&quot;iso&quot;:&quot;0&quot;,&quot;shutter_speed&quot;:&quot;0&quot;,&quot;title&quot;:&quot;&quot;,&quot;orientation&quot;:&quot;0&quot;}\" data-image-title=\"vilson01\" data-image-description=\"\" data-image-caption=\"\" data-large-file=\"https:\/\/jornalrol.com.br\/wp-content\/uploads\/2026\/03\/vilson01.jpg\" src=\"https:\/\/jornalrol.com.br\/wp-content\/uploads\/2026\/03\/vilson01.jpg\" alt=\"\" class=\"wp-image-79154\" style=\"aspect-ratio:0.7499828166884321;width:334px;height:auto\"\/><figcaption class=\"wp-element-caption\"><em>Capa do livro Muri I Kujt\u00ebs\u00ebs<\/em><\/figcaption><\/figure>\n<\/div>\n\n\n<p><strong>6 &#8211; Como a hist\u00f3ria e a identidade kosovar atravessam sua narrativa?<\/strong><\/p>\n\n\n\n<p><strong>VC &#8211; <\/strong>Penso, logo, existo, segundo Descartes, mas n\u00e3o pretendo atingir as alturas liter\u00e1rias apenas mediante emo\u00e7\u00f5es, experi\u00eancias pessoais e sociais, racionalismo etc., mas por meio de um espiritismo expresso e de uma intui\u00e7\u00e3o sociol\u00f3gica e hist\u00f3rica que me chama de segunda voz no deserto.&nbsp;<\/p>\n\n\n\n<p>O universal e o local para mim s\u00e3o duas faces da moeda, sem a qual um talento ou valor monet\u00e1rio n\u00e3o pode chegar ao seu mercado, ou miss\u00e3o. O universal torna voc\u00ea livre, enquanto o local \u00e0s vezes endurece suas vis\u00f5es.&nbsp;<\/p>\n\n\n\n<p>Entretanto, compartilho da opini\u00e3o de que a troca de culturas e realidades hist\u00f3ricas \u00e9 a riqueza e a necessidade da humanidade. Voc\u00ea n\u00e3o pode simplesmente terminar de fumar um cigarro e nem morrer, disse uma vez um ganhador do Nobel russo.&nbsp;<\/p>\n\n\n\n<p>Quanto \u00e0 minha identidade liter\u00e1ria e albanesa nacional, est\u00e1 se tornou uma tradi\u00e7\u00e3o liter\u00e1ria e uma consci\u00eancia elevada, mas na verdade gosto de ser um \u201cpeixe\u2019\u2019 do mar e n\u00e3o do p\u00e2ntano, n\u00e3o de nenhum superego expresso e sinto que a luz quando \u00e9 chamada assim, n\u00e3o deve interromper a jornada em dire\u00e7\u00e3o \u00e0queles espa\u00e7os celestiais.&nbsp;<\/p>\n\n\n\n<p>O sacrif\u00edcio pelo gueto \u00e0s vezes alimenta apenas mitos e sombras de valores, enquanto servir significa reinar em outros espa\u00e7os espirituais, culturais e liter\u00e1rios&#8230;<\/p>\n\n\n\n<p>N\u00e3o estou dizendo que sou um detector de eventos e hist\u00f3rias dentro da minha na\u00e7\u00e3o, mas meus escritos se assemelham a uma grande verdade, onde revelam realidades hist\u00f3ricas vivenciadas pelos olhos e cora\u00e7\u00f5es de muitas pessoas e do mundo exterior. N\u00e3o h\u00e1 glorifica\u00e7\u00f5es de \u201cmelodias enganosas\u201d, mas drama e emo\u00e7\u00e3o no in\u00edcio do novo mil\u00eanio.&nbsp;&nbsp;<\/p>\n\n\n\n<p><strong>7- Qual a simbologia da \u201cfornalha\u201d no contexto humano e social?<\/strong><\/p>\n\n\n\n<p><strong>VC-<\/strong>Esse simbolismo liter\u00e1rio tem muitas vis\u00f5es, mas a mensagem principal \u00e9 o fogo cat\u00e1rtico para uma na\u00e7\u00e3o desprezada h\u00e1 s\u00e9culos. \u00c9 a guerra de Davi com Golias e o esp\u00edrito, assim como, os altos ideais de uma pequena na\u00e7\u00e3o que nunca se rende ao mal.<\/p>\n\n\n\n<p>&nbsp;O forno \u00e9 o estado em que o fogo queima e tenta sem poder extinguir o ser e as vis\u00f5es de uma na\u00e7\u00e3o e do indiv\u00edduo.&nbsp;<\/p>\n\n\n\n<p>Este forno de mart\u00edrio babil\u00f4nico e b\u00edblico, \u00e9 um sino para os ouvidos dos outros de que as na\u00e7\u00f5es n\u00e3o devem ser pisoteadas, mas devem ter uma grande chance de liberdade e integra\u00e7\u00e3o.<\/p>\n\n\n\n<p>Nenhuma dan\u00e7a mortal serve ao mundo sem a melodia da paz. Se voltarmos ao passado em nossa mem\u00f3ria, entenderemos que o mundo inteiro \u00e9 irm\u00e3o e irm\u00e3 no Jardim do \u00c9den.&nbsp;<\/p>\n\n\n\n<p>N\u00f3s, como criaturas, n\u00e3o devemos nos tornar uma fornalha do Holocausto que destr\u00f3i, mas, um caminho que se abre para a liberdade e a humanidade, como os rios que unem as margens. Quem tem cora\u00e7\u00e3o pode experimentar ambos&#8230;&nbsp;&nbsp;&nbsp;&nbsp;<\/p>\n\n\n<div class=\"wp-block-image\">\n<figure class=\"alignright size-full is-resized\"><img loading=\"lazy\" decoding=\"async\" width=\"720\" height=\"960\" data-attachment-id=\"79155\" data-permalink=\"https:\/\/jornalrol.com.br\/?attachment_id=79155\" data-orig-file=\"https:\/\/jornalrol.com.br\/wp-content\/uploads\/2026\/03\/vilson02.jpg\" data-orig-size=\"720,960\" data-comments-opened=\"1\" data-image-meta=\"{&quot;aperture&quot;:&quot;0&quot;,&quot;credit&quot;:&quot;&quot;,&quot;camera&quot;:&quot;&quot;,&quot;caption&quot;:&quot;&quot;,&quot;created_timestamp&quot;:&quot;0&quot;,&quot;copyright&quot;:&quot;&quot;,&quot;focal_length&quot;:&quot;0&quot;,&quot;iso&quot;:&quot;0&quot;,&quot;shutter_speed&quot;:&quot;0&quot;,&quot;title&quot;:&quot;&quot;,&quot;orientation&quot;:&quot;0&quot;}\" data-image-title=\"vilson02\" data-image-description=\"\" data-image-caption=\"\" data-large-file=\"https:\/\/jornalrol.com.br\/wp-content\/uploads\/2026\/03\/vilson02.jpg\" src=\"https:\/\/jornalrol.com.br\/wp-content\/uploads\/2026\/03\/vilson02.jpg\" alt=\"\" class=\"wp-image-79155\" style=\"aspect-ratio:0.7500164138927188;width:328px;height:auto\"\/><figcaption class=\"wp-element-caption\"><em>Capa do livro Stuhi E Fjetur<\/em><\/figcaption><\/figure>\n<\/div>\n\n\n<p><strong>8 &#8211; Qual \u00e9, hoje, o papel da literatura kosovar diante das crises do mundo?<\/strong><\/p>\n\n\n\n<p><strong>VC &#8211;<\/strong> Na minha opini\u00e3o, a literatura do Kosovo \u00e9 substancial porque nasce de dramas, eventos dolorosos, grandes inspira\u00e7\u00f5es e do desejo de uma vida integrada, bem como da sede de transcender sua cultura ancestral, ou melhor, europeia.&nbsp;<\/p>\n\n\n\n<p>A literatura albanesa do Kosovo precisa de abertura, de contato com a literatura mundial como uma esp\u00e9cie de catapulta cultural, para projetar novos valores al\u00e9m das fronteiras nacionais.<\/p>\n\n\n\n<p>A guetiza\u00e7\u00e3o da literatura \u00e9 inimiga dos escritores. Os apelos po\u00e9ticos e liter\u00e1rios n\u00e3o devem ser limitados, assim como o esp\u00edrito e a liberdade.&nbsp;<\/p>\n\n\n\n<p>A grande oportunidade de abertura liter\u00e1ria e a influ\u00eancia dessa literatura no mundo est\u00e3o batendo \u00e0 nossa porta. Traduzir essa literatura para outros idiomas abriria novos caminhos para uma parceria liter\u00e1ria.<\/p>\n\n\n\n<p>A barreira lingu\u00edstica deve ser eliminada por outros meios para que se alcancem os prazeres da ascens\u00e3o, como diria M\u00e1rquez.<\/p>\n\n\n\n<p><strong>9 &#8211; Que impacto espera causar nos leitores?<\/strong><\/p>\n\n\n\n<p>VC-<strong> <\/strong>O bom semeador n\u00e3o reclama nem na terra nem no c\u00e9u. Seu objetivo \u00e9 plantar sementes liter\u00e1rias. Quanto ao n\u00edvel nacional, acredito que criei um nome na literatura, mas ficaria feliz se a literatura brasileira e a de outras na\u00e7\u00f5es me acolhessem como um filho perdido no tempo.&nbsp;<\/p>\n\n\n\n<p>Somente a alma que sente e a luz n\u00e3o pedem permiss\u00e3o para suas viagens. Eles n\u00e3o t\u00eam come\u00e7o nem fim. Tal catapulta me ajudaria a expressar meus valores liter\u00e1rios que ficam sentados e esperam sedentos no port\u00e3o do c\u00e9u.&nbsp;&nbsp;&nbsp;<\/p>\n\n\n\n<p>10 &#8211; Deixe uma mensagem para os escritores brasileiro.<\/p>\n\n\n\n<p><strong>VC<\/strong>-O Brasil \u00e9 uma grande na\u00e7\u00e3o e possui heran\u00e7a liter\u00e1ria ao n\u00edvel mundial. Seu modelo liter\u00e1rio tem em si espiritismo, drama, valor e progresso. Este grande atlas da cultura mundial servir-nos-ia como pequenos povos para nos elevar a dimens\u00f5es superiores.&nbsp;<\/p>\n\n\n\n<p>O universal \u00e9 o meu sangramento cultural, embora o nacional muitas vezes saiba como nos endurecer.&nbsp;<\/p>\n\n\n\n<p>Desejo que esta minha entrevista seja uma janela para mim e uma ponte liter\u00e1ria entre estes dois povos. Um sorriso cheio de gra\u00e7a da alma pode mudar a vida de uma pessoa, disse Madre Teresa certa vez.&nbsp;&nbsp;&nbsp;<\/p>\n\n\n\n<p>&nbsp;Muito obrigada pela sua participa\u00e7\u00e3o!<\/p>\n\n\n\n<p>Abra\u00e7os po\u00e9ticos!<\/p>\n\n\n\n<h2 class=\"wp-block-heading has-text-align-center\">Sobre o entrevistado<\/h2>\n\n\n<div class=\"wp-block-image\">\n<figure class=\"alignleft size-full is-resized\"><img loading=\"lazy\" decoding=\"async\" width=\"750\" height=\"1334\" data-attachment-id=\"79150\" data-permalink=\"https:\/\/jornalrol.com.br\/?attachment_id=79150\" data-orig-file=\"https:\/\/jornalrol.com.br\/wp-content\/uploads\/2026\/03\/619604759_1306764127945355_4028127891117605353_n.jpg\" data-orig-size=\"750,1334\" data-comments-opened=\"1\" data-image-meta=\"{&quot;aperture&quot;:&quot;0&quot;,&quot;credit&quot;:&quot;&quot;,&quot;camera&quot;:&quot;&quot;,&quot;caption&quot;:&quot;&quot;,&quot;created_timestamp&quot;:&quot;0&quot;,&quot;copyright&quot;:&quot;&quot;,&quot;focal_length&quot;:&quot;0&quot;,&quot;iso&quot;:&quot;0&quot;,&quot;shutter_speed&quot;:&quot;0&quot;,&quot;title&quot;:&quot;&quot;,&quot;orientation&quot;:&quot;0&quot;}\" data-image-title=\"619604759_1306764127945355_4028127891117605353_n\" data-image-description=\"\" data-image-caption=\"\" data-large-file=\"https:\/\/jornalrol.com.br\/wp-content\/uploads\/2026\/03\/619604759_1306764127945355_4028127891117605353_n.jpg\" src=\"https:\/\/jornalrol.com.br\/wp-content\/uploads\/2026\/03\/619604759_1306764127945355_4028127891117605353_n.jpg\" alt=\"\" class=\"wp-image-79150\" style=\"aspect-ratio:0.5622254758418741;width:330px;height:auto\" srcset=\"https:\/\/jornalrol.com.br\/wp-content\/uploads\/2026\/03\/619604759_1306764127945355_4028127891117605353_n.jpg 750w, https:\/\/jornalrol.com.br\/wp-content\/uploads\/2026\/03\/619604759_1306764127945355_4028127891117605353_n-675x1200.jpg 675w\" sizes=\"auto, (max-width: 750px) 100vw, 750px\" \/><figcaption class=\"wp-element-caption\"><em><em>Kosovar Vilson Culaj<\/em> <em>&#8211; Arquivo pessoal<\/em><\/em><\/figcaption><\/figure>\n<\/div>\n\n\n<p>Vilson Culaj nasceu em 6 de agosto de 1973, em Klin\u00eb, Kosovo. Concluiu o ensino fundamental e m\u00e9dio em sua cidade natal e graduou-se em Direito pela Universidade de Pristina, onde tamb\u00e9m realizou estudos de p\u00f3s-gradua\u00e7\u00e3o em Rela\u00e7\u00f5es Internacionais e Diplomacia.<\/p>\n\n\n\n<p>Iniciou sua trajet\u00f3ria liter\u00e1ria ainda no ensino m\u00e9dio, colaborando com diversos jornais e revistas culturais e liter\u00e1rias do Kosovo, do Montenegro e da Alb\u00e2nia. Atua nos g\u00eaneros de ensaio, poesia, prosa e cr\u00edtica liter\u00e1ria, destacando-se pela profundidade filos\u00f3fica e psicol\u00f3gica de seus textos.<\/p>\n\n\n\n<p>Desde a d\u00e9cada de 1990, participa ativamente da vida cultural e liter\u00e1ria em Kosovo e em outros pa\u00edses, integrando in\u00fameros encontros, festivais e manifesta\u00e7\u00f5es liter\u00e1rias, nos quais recebeu importantes pr\u00eamios e reconhecimentos, incluindo distin\u00e7\u00f5es por prosa e poesia. Entre os principais pr\u00eamios, destacam-se: <strong>Prozador do Ano (2016)<\/strong>, <strong>Pr\u00eamio de Carreira (2019)<\/strong>, <strong>1\u00ba Pr\u00eamio de Poesia do Albanian Talent Show (2021)<\/strong>, <strong>1\u00ba lugar no concurso \u201cOra e Tahir Deskut\u201d (2021)<\/strong> pelo romance Amor Intocado, e o <strong>Pr\u00eamio NDRE MJEDA (2023)<\/strong>, em Tirana, pela melhor prosa.<\/p>\n\n\n\n<p>Profissionalmente, atuou como jornalista no Tribunal Municipal de Klin\u00eb, foi professor do ensino fundamental e atualmente exerce a fun\u00e7\u00e3o de secret\u00e1rio escolar. \u00c9 colaborador ativo da revista liter\u00e1ria <em>Mirdita<\/em> e suas obras constam em antologias e diversas publica\u00e7\u00f5es. Seus livros t\u00eam sido amplamente estudados e analisados por cr\u00edticos liter\u00e1rios de renome.<\/p>\n\n\n\n<p><strong>At\u00e9 o momento, ele publicou os seguintes livros:<\/strong><\/p>\n\n\n\n<ol class=\"wp-block-list\">\n<li><strong>\u201cTinguj t\u00eb pad\u00ebgjuesh\u00ebm\u201d<\/strong> <em>(Sons Inaud\u00edveis)<\/em>, poesia, Clube dos Escritores \u201cVorea Ukjo\u201d, Klin\u00eb, 1998.<br><\/li>\n\n\n\n<li><strong>\u201cFur\u00ebza e Nebukadnetsarit\u201d<\/strong> <em>(A Fornalha de Nabucodonosor)<\/em>, romance, Clube dos Escritores \u201cVorea Ujko\u201d, Klin\u00eb, 2001.<br><\/li>\n\n\n\n<li><strong>\u201cDAHO &amp; VE\u201d<\/strong>, poesia, Editoras \u201cShpresa\u201d e \u201cFaik Konica\u201d, Pristina, 2003.<br><\/li>\n\n\n\n<li><strong>Organizador da colet\u00e2nea antol\u00f3gica \u201cZhb\u00ebrja e Ikjes\u201d<\/strong> <em>(Partida Desfeita))<\/em>, poesias dedicat\u00f3rias de 101 poetas ao escritor Rifat Kukaj, publicada pela SHKK \u201cAnton Pashku\u201d, Pristina, 2006.<br><\/li>\n\n\n\n<li><strong>\u201cSleeping Storm\u201d<\/strong> <em>(Tempestade Adormecida)<\/em>, prosa, SHKK \u201cAnton Pashku\u201d, Pristina, 2009.<br><\/li>\n\n\n\n<li><strong>\u201cDy her\u00eb\u201d<\/strong> <em>(Duas Vezes)<\/em>, poesia, SHKK \u201cAnton Pashku\u201d, Pristina, 2013.<\/li>\n<\/ol>\n\n\n\n<p>&nbsp;&nbsp;&nbsp;&nbsp;&nbsp;&nbsp;&nbsp;&nbsp;&nbsp;&nbsp;&nbsp;&nbsp;&nbsp;\u00c9 membro da <strong>Liga dos Escritores do Kosovo<\/strong> desde 2002.<\/p>\n\n\n\n<ol start=\"7\" class=\"wp-block-list\">\n<li><strong>\u201cT\u00eb D\u00ebbuarit\u201d<\/strong> <em>(Os Exilados)<\/em>, romance, 2015 \u2014 seu s\u00e9timo livro consecutivo, ultrapassando fronteiras nacionais pelo valor art\u00edstico, ideol\u00f3gico e pela for\u00e7a de sua mensagem.<br><\/li>\n\n\n\n<li><strong>\u201cDashuri e Paprekur\u201d<\/strong> <em>(Amor Intoc\u00e1vel)<\/em>, romance, Editora Jakup Ceraja, Pristina, 2021.<br><\/li>\n\n\n\n<li><strong>\u201cMuri i Kujtes\u00ebs\u201d<\/strong> <em>(O Muro da Mem\u00f3ria)<\/em>, poesia, Editora Jakup Ceraja, Pristina, 2021 \u2014 seu nono livro consecutivo.<br><\/li>\n\n\n\n<li><strong>\u201cN\u00eb Parajs\u00eb (po) Etika nga Zejnullah Halil\u201d<\/strong> <em>(No Para\u00edso, a (po)\u00e9tica, de Zejnullah Halil)<\/em> \u2014 seu d\u00e9cimo primeiro livro consecutivo.<br><\/li>\n\n\n\n<li><strong>\u201cN\u00eb drit\u00ebn e dijes 1\u201d<\/strong> <em>(\u00c0 Luz do Saber 1)<\/em>, cr\u00edtica liter\u00e1ria \u2014 d\u00e9cimo primeiro livro.<br><\/li>\n\n\n\n<li><strong>\u201cN\u00eb drit\u00ebn e dijes 2\u201d<\/strong> <em>(\u00c0 Luz do Saber 2)<\/em>, cr\u00edtica liter\u00e1ria \u2014 d\u00e9cimo segundo livro consecutivo.<br><\/li>\n\n\n\n<li><strong>\u201cShtat\u00eb dit\u00eb n\u00eb tryez\u00eb me Imzot Mark Sopi\u201d<\/strong> <em>(Sete Dias \u00e0 Mesa com Dom Mark Sopi)<\/em>, romance \u2014 obra subsequente.<\/li>\n<\/ol>\n\n\n\n<h3 class=\"wp-block-heading has-text-align-center\">Magna Asp\u00e1sia Fontenelle<\/h3>\n\n\n\n<h3 class=\"wp-block-heading has-text-align-center\">Esta entrevista \u00e9 parte da parceria entre ALB\/ Uberaba- AAP-BRASIL e AAP-Albania<\/h3>\n\n\n\n<div class=\"wp-block-columns is-layout-flex wp-container-core-columns-is-layout-9d6595d7 wp-block-columns-is-layout-flex\">\n<div class=\"wp-block-column is-layout-flow wp-block-column-is-layout-flow\">\n<h3 class=\"wp-block-heading has-text-align-center has-electric-grass-gradient-background has-background\"><a href=\"https:\/\/www.instagram.com\/fontenellemagna\/\" target=\"_blank\" rel=\"noopener\" title=\"Instagram\">Instagram<\/a><\/h3>\n<\/div>\n\n\n\n<div class=\"wp-block-column is-layout-flow wp-block-column-is-layout-flow\">\n<h3 class=\"wp-block-heading has-text-align-center has-electric-grass-gradient-background has-background\"><a href=\"https:\/\/www.facebook.com\/magna.fontenelle\" title=\"Facebook\">Facebook<\/a><\/h3>\n<\/div>\n<\/div>\n\n\n\n<p><a href=\"http:\/\/www.jornalrol.com.br\/\" title=\"Voltar\">Voltar<\/a><\/p>\n\n\n\n<p><a href=\"https:\/\/www.facebook.com\/JCulturalrol\/\" title=\"Facebook\">Facebook<\/a><\/p>\n","protected":false},"excerpt":{"rendered":"<p>Entre mem\u00f3ria e esperan\u00e7a, a literatura ergue sua voz como ponte entre povos e tempos. Vilson Culaj, escritor kosovar, constr\u00f3i sua obra a partir das brasas&#8230; <\/p>\n","protected":false},"author":14,"featured_media":79146,"comment_status":"open","ping_status":"closed","sticky":false,"template":"","format":"standard","meta":{"_jetpack_newsletter_access":"","_jetpack_dont_email_post_to_subs":false,"_jetpack_newsletter_tier_id":0,"_jetpack_memberships_contains_paywalled_content":false,"_jetpack_memberships_contains_paid_content":false,"footnotes":""},"categories":[10024,9285],"tags":[16394],"class_list":["post-79143","post","type-post","status-publish","format-standard","has-post-thumbnail","hentry","category-entrevistas-rolianas","category-literatura","tag-kosovar-vilson-culaj"],"aioseo_notices":[],"views":560,"jetpack_featured_media_url":"https:\/\/jornalrol.com.br\/wp-content\/uploads\/2026\/03\/620674851_1638824024112411_2828699731223693469_n.jpg","jetpack_sharing_enabled":true,"jetpack_likes_enabled":true,"jetpack-related-posts":[{"id":77205,"url":"https:\/\/jornalrol.com.br\/?p=77205","url_meta":{"origin":79143,"position":0},"title":"Solenidade da AAP-Brasil","author":"Magna Aspasia Fontenelle","date":"8 de dezembro de 2025","format":false,"excerpt":"A Akademia Alternativa Pegasiane Brasil realizou, no dia 28 de novembro de 2025 \u00e1s 19h, uma de suas mais significativas e concorridas solenidades desde sua...","rel":"","context":"Em &quot;Academias e Federa\u00e7\u00f5es de Artes&quot;","block_context":{"text":"Academias e Federa\u00e7\u00f5es de Artes","link":"https:\/\/jornalrol.com.br\/?cat=9391"},"img":{"alt_text":"","src":"https:\/\/i0.wp.com\/jornalrol.com.br\/wp-content\/uploads\/2025\/12\/composta01FTP_10067-1-1-1-scaled.jpg?resize=350%2C200&ssl=1","width":350,"height":200,"srcset":"https:\/\/i0.wp.com\/jornalrol.com.br\/wp-content\/uploads\/2025\/12\/composta01FTP_10067-1-1-1-scaled.jpg?resize=350%2C200&ssl=1 1x, https:\/\/i0.wp.com\/jornalrol.com.br\/wp-content\/uploads\/2025\/12\/composta01FTP_10067-1-1-1-scaled.jpg?resize=525%2C300&ssl=1 1.5x, https:\/\/i0.wp.com\/jornalrol.com.br\/wp-content\/uploads\/2025\/12\/composta01FTP_10067-1-1-1-scaled.jpg?resize=700%2C400&ssl=1 2x, https:\/\/i0.wp.com\/jornalrol.com.br\/wp-content\/uploads\/2025\/12\/composta01FTP_10067-1-1-1-scaled.jpg?resize=1050%2C600&ssl=1 3x, https:\/\/i0.wp.com\/jornalrol.com.br\/wp-content\/uploads\/2025\/12\/composta01FTP_10067-1-1-1-scaled.jpg?resize=1400%2C800&ssl=1 4x"},"classes":[]},{"id":46840,"url":"https:\/\/jornalrol.com.br\/?p=46840","url_meta":{"origin":79143,"position":1},"title":"Antologia Internacional &#039;Pegasi&#039; em Prosa e Verso Open Lane 5 ser\u00e1 lan\u00e7ada na Bienal Internacional do Livro do Rio de Janeiro 2021","author":"Sergio Diniz da Costa","date":"29 de novembro de 2021","format":false,"excerpt":"Com lan\u00e7amento no dia 5 de dezembro, \u00e0s 16h, a colet\u00e2nea re\u00fane 70 coautores de v\u00e1rios estados brasileiros e da Alb\u00e2nia, Alemanha, Gr\u00e9cia, Inglaterra, It\u00e1lia, Kosovo, Portugal e USA A Bienal Internacional do Livro do Rio de Janeiro 2021, que ser\u00e1 realizada do dia 3 a 12 de dezembro, na\u2026","rel":"","context":"Em &quot;Comunica\u00e7\u00e3o&quot;","block_context":{"text":"Comunica\u00e7\u00e3o","link":"https:\/\/jornalrol.com.br\/?cat=7"},"img":{"alt_text":"","src":"https:\/\/i0.wp.com\/www.jornalrol.com.br\/wp-content\/uploads\/2021\/11\/8c997ee7-be48-4dbe-bf30-99656ef993ac-240x300.jpg?resize=350%2C200","width":350,"height":200},"classes":[]},{"id":49766,"url":"https:\/\/jornalrol.com.br\/?p=49766","url_meta":{"origin":79143,"position":2},"title":"Na se\u00e7\u00e3o Entrevistas ROLianas, uma conversa descontra\u00edda entre a colunista Magna Asp\u00e1sia Fontenelle e a editora e ativista cultural Shirley Cavalcante&#039;","author":"Magna Aspasia Fontenelle","date":"19 de abril de 2022","format":false,"excerpt":"\u00a0 Ativista cultural, editora, jornalista e radialista, Shirley Cavalcante\u00a0utiliza a comunica\u00e7\u00e3o como ferramenta estrat\u00e9gica para a solu\u00e7\u00e3o dos conflitos existentes nas rela\u00e7\u00f5es humanas \u2022 Quem \u00e9 Shirley Cavalcante? Shirley M. Cavalcante\u00a0 \u00e9 ativista cultural, administradora do projeto Divulga Escritor, Editora da Revista Acad\u00eamica Online, Divulga Escritor: Revista Liter\u00e1ria da Lusofonia,\u2026","rel":"","context":"Em &quot;Comunica\u00e7\u00e3o&quot;","block_context":{"text":"Comunica\u00e7\u00e3o","link":"https:\/\/jornalrol.com.br\/?cat=7"},"img":{"alt_text":"","src":"https:\/\/i0.wp.com\/jornalrol.com.br\/wp-content\/uploads\/2022\/04\/Screenshot_20220415-090719_Chrome.jpg?resize=350%2C200","width":350,"height":200},"classes":[]},{"id":62684,"url":"https:\/\/jornalrol.com.br\/?p=62684","url_meta":{"origin":79143,"position":3},"title":"Nas Entrevistas ROLianas um &#8216;SaibaMais&#8217; sobre o escritor L. F. Magellan","author":"Sergio Diniz da Costa","date":"1 de novembro de 2023","format":false,"excerpt":"L. F. Magellan, um executivo bem sucedido e professor universit\u00e1rio, deixa a mesa do escrit\u00f3rio e a sala de aula para enveredar no universo da literatura.","rel":"","context":"Em &quot;Entrevistas ROLianas&quot;","block_context":{"text":"Entrevistas ROLianas","link":"https:\/\/jornalrol.com.br\/?cat=10024"},"img":{"alt_text":"Logo das Entrevistas ROLianas","src":"https:\/\/i0.wp.com\/jornalrol.com.br\/wp-content\/uploads\/2023\/07\/Entrevistas-Rol.jpg?resize=350%2C200&ssl=1","width":350,"height":200,"srcset":"https:\/\/i0.wp.com\/jornalrol.com.br\/wp-content\/uploads\/2023\/07\/Entrevistas-Rol.jpg?resize=350%2C200&ssl=1 1x, https:\/\/i0.wp.com\/jornalrol.com.br\/wp-content\/uploads\/2023\/07\/Entrevistas-Rol.jpg?resize=525%2C300&ssl=1 1.5x, https:\/\/i0.wp.com\/jornalrol.com.br\/wp-content\/uploads\/2023\/07\/Entrevistas-Rol.jpg?resize=700%2C400&ssl=1 2x, https:\/\/i0.wp.com\/jornalrol.com.br\/wp-content\/uploads\/2023\/07\/Entrevistas-Rol.jpg?resize=1050%2C600&ssl=1 3x"},"classes":[]},{"id":77878,"url":"https:\/\/jornalrol.com.br\/?p=77878","url_meta":{"origin":79143,"position":4},"title":"Nas Entrevistas ROLianas, Jessemusse Cacinda!","author":"Bruno Marques Areno","date":"16 de janeiro de 2026","format":false,"excerpt":"\"A minha frustra\u00e7\u00e3o \u00e9 n\u00e3o conseguir ler todos os livros. Os livros funcionam como um veneno, mas tamb\u00e9m como ant\u00eddoto para alma.\" (Jessemusse Cacinda) Logo da se\u00e7\u00e3o Entrevistas ROLianas Jessemusse Cacinda - Foto enviada pelo entrevistado Mano Jessemusse, as minhas entrevistas n\u00e3o s\u00e3o um arquivo bibliogr\u00e1fico. Se por acaso jorrar\u2026","rel":"","context":"Em &quot;Entrevistas ROLianas&quot;","block_context":{"text":"Entrevistas ROLianas","link":"https:\/\/jornalrol.com.br\/?cat=10024"},"img":{"alt_text":"Jessemusse Cacinda - Foto enviada pelo entrevistado","src":"https:\/\/i0.wp.com\/jornalrol.com.br\/wp-content\/uploads\/2026\/01\/583592865_25386226524369258_9161754258635144836_n.jpg?resize=350%2C200&ssl=1","width":350,"height":200,"srcset":"https:\/\/i0.wp.com\/jornalrol.com.br\/wp-content\/uploads\/2026\/01\/583592865_25386226524369258_9161754258635144836_n.jpg?resize=350%2C200&ssl=1 1x, https:\/\/i0.wp.com\/jornalrol.com.br\/wp-content\/uploads\/2026\/01\/583592865_25386226524369258_9161754258635144836_n.jpg?resize=525%2C300&ssl=1 1.5x, https:\/\/i0.wp.com\/jornalrol.com.br\/wp-content\/uploads\/2026\/01\/583592865_25386226524369258_9161754258635144836_n.jpg?resize=700%2C400&ssl=1 2x, https:\/\/i0.wp.com\/jornalrol.com.br\/wp-content\/uploads\/2026\/01\/583592865_25386226524369258_9161754258635144836_n.jpg?resize=1050%2C600&ssl=1 3x"},"classes":[]},{"id":42960,"url":"https:\/\/jornalrol.com.br\/?p=42960","url_meta":{"origin":79143,"position":5},"title":"Celso Ricardo de Almeida entrevista a escritora e palestrante Let\u00edcia Mariana","author":"Celso Ricardo Almeida","date":"16 de julho de 2021","format":false,"excerpt":"\"Let\u00edcia Mariana \u00e9 luta, amor e sofrimento. \u00c9 assim que eu me sinto diariamente. Um misto de emo\u00e7\u00f5es!\" Entrevistas ROLianas desta vez traz uma conversa com a escritora e palestrante Let\u00edcia Mariana. Durante esse bate papo foram abordados v\u00e1rios temas do cotidiano da entrevistada como o autismo, literatura, academias liter\u00e1rias\u2026","rel":"","context":"Em &quot;Comunica\u00e7\u00e3o&quot;","block_context":{"text":"Comunica\u00e7\u00e3o","link":"https:\/\/jornalrol.com.br\/?cat=7"},"img":{"alt_text":"","src":"https:\/\/i0.wp.com\/jornalrol.com.br\/wp-content\/uploads\/2021\/07\/WhatsApp-Image-2021-07-13-at-19.33.47-1.jpeg?resize=350%2C200&ssl=1","width":350,"height":200,"srcset":"https:\/\/i0.wp.com\/jornalrol.com.br\/wp-content\/uploads\/2021\/07\/WhatsApp-Image-2021-07-13-at-19.33.47-1.jpeg?resize=350%2C200&ssl=1 1x, https:\/\/i0.wp.com\/jornalrol.com.br\/wp-content\/uploads\/2021\/07\/WhatsApp-Image-2021-07-13-at-19.33.47-1.jpeg?resize=525%2C300&ssl=1 1.5x, https:\/\/i0.wp.com\/jornalrol.com.br\/wp-content\/uploads\/2021\/07\/WhatsApp-Image-2021-07-13-at-19.33.47-1.jpeg?resize=700%2C400&ssl=1 2x"},"classes":[]}],"_links":{"self":[{"href":"https:\/\/jornalrol.com.br\/index.php?rest_route=\/wp\/v2\/posts\/79143","targetHints":{"allow":["GET"]}}],"collection":[{"href":"https:\/\/jornalrol.com.br\/index.php?rest_route=\/wp\/v2\/posts"}],"about":[{"href":"https:\/\/jornalrol.com.br\/index.php?rest_route=\/wp\/v2\/types\/post"}],"author":[{"embeddable":true,"href":"https:\/\/jornalrol.com.br\/index.php?rest_route=\/wp\/v2\/users\/14"}],"replies":[{"embeddable":true,"href":"https:\/\/jornalrol.com.br\/index.php?rest_route=%2Fwp%2Fv2%2Fcomments&post=79143"}],"version-history":[{"count":3,"href":"https:\/\/jornalrol.com.br\/index.php?rest_route=\/wp\/v2\/posts\/79143\/revisions"}],"predecessor-version":[{"id":79164,"href":"https:\/\/jornalrol.com.br\/index.php?rest_route=\/wp\/v2\/posts\/79143\/revisions\/79164"}],"wp:featuredmedia":[{"embeddable":true,"href":"https:\/\/jornalrol.com.br\/index.php?rest_route=\/wp\/v2\/media\/79146"}],"wp:attachment":[{"href":"https:\/\/jornalrol.com.br\/index.php?rest_route=%2Fwp%2Fv2%2Fmedia&parent=79143"}],"wp:term":[{"taxonomy":"category","embeddable":true,"href":"https:\/\/jornalrol.com.br\/index.php?rest_route=%2Fwp%2Fv2%2Fcategories&post=79143"},{"taxonomy":"post_tag","embeddable":true,"href":"https:\/\/jornalrol.com.br\/index.php?rest_route=%2Fwp%2Fv2%2Ftags&post=79143"}],"curies":[{"name":"wp","href":"https:\/\/api.w.org\/{rel}","templated":true}]}}