{"id":79162,"date":"2026-03-14T09:37:37","date_gmt":"2026-03-14T12:37:37","guid":{"rendered":"https:\/\/jornalrol.com.br\/?p=79162"},"modified":"2026-03-14T09:38:10","modified_gmt":"2026-03-14T12:38:10","slug":"ordem-dos-comendadores-do-brasil","status":"publish","type":"post","link":"https:\/\/jornalrol.com.br\/?p=79162","title":{"rendered":"Ordem dos Comendadores do Brasil"},"content":{"rendered":"<div class=\"pdfprnt-buttons pdfprnt-buttons-post pdfprnt-top-right\"><a href=\"https:\/\/jornalrol.com.br\/index.php?rest_route=%2Fwp%2Fv2%2Fposts%2F79162&print=pdf\" class=\"pdfprnt-button pdfprnt-button-pdf\" target=\"_blank\" ><\/a><a href=\"https:\/\/jornalrol.com.br\/index.php?rest_route=%2Fwp%2Fv2%2Fposts%2F79162&print=print\" class=\"pdfprnt-button pdfprnt-button-print\" target=\"_blank\" ><img decoding=\"async\" src=\"https:\/\/jornalrol.com.br\/wp-content\/plugins\/pdf-print\/images\/print.png\" alt=\"image_print\" title=\"Conte\u00fado de impress\u00e3o\" \/><\/a><\/div>\n<h2 class=\"wp-block-heading has-text-align-center\">Solenidade de nomea\u00e7\u00e3o e outorga de t\u00edtulos honor\u00edficos da Ordem dos Comendadores do Brasil<br><br><\/h2>\n\n\n<div class=\"wp-block-image\">\n<figure class=\"aligncenter size-full is-resized\"><img loading=\"lazy\" decoding=\"async\" width=\"505\" height=\"494\" data-attachment-id=\"79173\" data-permalink=\"https:\/\/jornalrol.com.br\/?attachment_id=79173\" data-orig-file=\"https:\/\/jornalrol.com.br\/wp-content\/uploads\/2026\/03\/10bfb47a-cdb3-4356-9dc4-3d5853f12f08.jpg\" data-orig-size=\"505,494\" data-comments-opened=\"1\" data-image-meta=\"{&quot;aperture&quot;:&quot;0&quot;,&quot;credit&quot;:&quot;&quot;,&quot;camera&quot;:&quot;&quot;,&quot;caption&quot;:&quot;&quot;,&quot;created_timestamp&quot;:&quot;0&quot;,&quot;copyright&quot;:&quot;&quot;,&quot;focal_length&quot;:&quot;0&quot;,&quot;iso&quot;:&quot;0&quot;,&quot;shutter_speed&quot;:&quot;0&quot;,&quot;title&quot;:&quot;&quot;,&quot;orientation&quot;:&quot;0&quot;}\" data-image-title=\"10bfb47a-cdb3-4356-9dc4-3d5853f12f08\" data-image-description=\"\" data-image-caption=\"\" data-large-file=\"https:\/\/jornalrol.com.br\/wp-content\/uploads\/2026\/03\/10bfb47a-cdb3-4356-9dc4-3d5853f12f08.jpg\" src=\"https:\/\/jornalrol.com.br\/wp-content\/uploads\/2026\/03\/10bfb47a-cdb3-4356-9dc4-3d5853f12f08.jpg\" alt=\"Ordem Comendador Belmonte\" class=\"wp-image-79173\" style=\"aspect-ratio:1.2500290650359245;width:576px;height:auto\"\/><figcaption class=\"wp-element-caption\"><em>Ordem Comendador Belmonte<\/em><\/figcaption><\/figure>\n<\/div>\n\n\n<p class=\"has-drop-cap\">A <strong>Ordem dos Comendadores do Brasil (OCB)<\/strong> , institui\u00e7\u00e3o soberana, benem\u00e9rita e de car\u00e1ter honor\u00edfico, sob a prote\u00e7\u00e3o de Yahweh, o Grande e \u00danico, e em estrita conformidade com seus princ\u00edpios fundamentais e Regimento Interno, tem a honra de convidar para a Tarde de Homenagens e Mo\u00e7\u00f5es de Nomea\u00e7\u00e3o da Guarda Ambiental Elite Florestal do Rio de Janeiro (G.A.E.F.R.J.) , a realizar-se no dia 20 de mar\u00e7o de 2026, \u00e0s 14 horas, no Espa\u00e7o Cultural de Angola, localizado na Av. Pres. Wilson, 113 \u2013 Centro \u2013 Rio de Janeiro (RJ).<\/p>\n\n\n\n<p><br>A solenidade ser\u00e1 presidida pelo Comendador Belmonte, Baluarte e Diretor Executivo da OCB, e reunir\u00e1 autoridades honor\u00e1rias, representantes institucionais, membros da guarda de honra e personalidades que se destacam por sua conduta ilibada, lealdade aos ideais da Ordem e dedica\u00e7\u00e3o \u00e0 causa ambiental e social.<\/p>\n\n\n\n<p><br>Durante a cerim\u00f4nia, ser\u00e1 outorgado o T\u00edtulo Honor\u00edfico de &#8220;Grand Lord&#8221; a G.A. Nascimento, que, por seus m\u00e9ritos reconhecidos por seus pares, passa a exercer a fun\u00e7\u00e3o honor\u00e1ria de Guardi\u00e3o Real da Guarda de Honra, Especial e Separada, em \u00e2mbito nacional. A nomea\u00e7\u00e3o, formalizada por meio do ATO N\u00ba 0130A\/2026, confere ao homenageado a prerrogativa institucional de representar os valores, tradi\u00e7\u00f5es e compromissos estatut\u00e1rios da G.A.E.F.R.J., simbolizando a continuidade de uma linhagem de honra e compromisso com os ideais soberanos da Ordem.<\/p>\n\n\n\n<p><br>A distin\u00e7\u00e3o concedida \u00e9 de natureza exclusivamente honor\u00edfica, simb\u00f3lica e associativa, n\u00e3o implicando autoridade p\u00fablica, cargo p\u00fablico, v\u00ednculo empregat\u00edcio ou prerrogativas da administra\u00e7\u00e3o p\u00fablica. Trata-se do reconhecimento institucional m\u00e1ximo no \u00e2mbito da OCB, conferido \u00e0queles que caminham com retid\u00e3o e se dedicam ao bem comum, em conformidade com os princ\u00edpios que regem a Ordem desde sua funda\u00e7\u00e3o.<\/p>\n\n\n\n<p><br>O evento reafirma o compromisso da OCB com a preserva\u00e7\u00e3o da mem\u00f3ria, da \u00e9tica, da espiritualidade e da prote\u00e7\u00e3o ambiental, pilares que sustentam sua trajet\u00f3ria desde 24 de setembro de 2019, data de sua funda\u00e7\u00e3o.<\/p>\n\n\n\n<p><br>Ao final da cerim\u00f4nia, ser\u00e1 entronizado o esp\u00edrito de fraternidade e continuidade, ecoando as palavras do Comendador Belmonte: &#8220;Quando eu morrer, n\u00e3o quero ser lembrado como mais um. Mas sim, como o Homem temente a DEUS que ajudou os necessitados e caminhou na Terra com os Gigantes\u2026&#8221;<\/p>\n\n\n\n<h3 class=\"wp-block-heading\">Servi\u00e7o<\/h3>\n\n\n\n<p>\ud83d\udcc5 Data: 20 de mar\u00e7o de 2026 \u2013 a partir das 14 horas<br><br>\ud83d\udccd Local: Espa\u00e7o Cultural de Angola \u2013 Av. Pres. Wilson, 113 \u2013 Centro \u2013 Rio de Janeiro (RJ)<br><br>\ud83d\udcde Contato: (21) 96665-5951<br><br>\ud83c\udf10 Site:<a href=\"http:\/\/www.soberanaordem.com.br\" title=\" www.soberanaordem.com.br\"> www.soberanaordem.com.br<\/a><\/p>\n\n\n\n<p><a href=\"https:\/\/jornalrol.com.br\/\" title=\"Voltar\">Voltar<\/a><\/p>\n\n\n\n<p><a href=\"https:\/\/www.facebook.com\/JCulturalrol\/\" title=\"Facebook\">Facebook<\/a><\/p>\n\n\n\n<h3 class=\"wp-block-heading\"><br><br><\/h3>\n","protected":false},"excerpt":{"rendered":"<p>A Ordem dos Comendadores do Brasil (OCB) tem a honra de convidar para a Tarde de Homenagens e Mo\u00e7\u00f5es de Nomea\u00e7\u00e3o da Guarda Ambiental Elite Florestal do&#8230; <\/p>\n","protected":false},"author":4,"featured_media":79173,"comment_status":"open","ping_status":"closed","sticky":false,"template":"","format":"standard","meta":{"_jetpack_newsletter_access":"","_jetpack_dont_email_post_to_subs":false,"_jetpack_newsletter_tier_id":0,"_jetpack_memberships_contains_paywalled_content":false,"_jetpack_memberships_contains_paid_content":false,"footnotes":""},"categories":[16396],"tags":[16403,16404,16402,4423,16401],"class_list":["post-79162","post","type-post","status-publish","format-standard","has-post-thumbnail","hentry","category-ordem-honorifica","tag-comendador-belmonte","tag-g-a-nascimento","tag-guarda-ambiental-elite-florestal-do-rio-de-janeiro","tag-homenagens","tag-ordem-dos-comendadores-do-brasil"],"aioseo_notices":[],"views":213,"jetpack_featured_media_url":"https:\/\/jornalrol.com.br\/wp-content\/uploads\/2026\/03\/10bfb47a-cdb3-4356-9dc4-3d5853f12f08.jpg","jetpack_sharing_enabled":true,"jetpack_likes_enabled":true,"jetpack-related-posts":[{"id":68272,"url":"https:\/\/jornalrol.com.br\/?p=68272","url_meta":{"origin":79162,"position":0},"title":"Ordem Comendador Belmonte realiza tarde de homenagens","author":"Sergio Diniz da Costa","date":"24 de julho de 2024","format":false,"excerpt":"A OCB \u00e9 uma organiza\u00e7\u00e3o de honrarias ao m\u00e9rito, criada para cadastrar, credenciar e valorizar as personalidades que possuem o status honor\u00e1rio de Comendador","rel":"","context":"Em &quot;Homenagem&quot;","block_context":{"text":"Homenagem","link":"https:\/\/jornalrol.com.br\/?cat=9938"},"img":{"alt_text":"Card do Dia Internacional da Mulher Negra Latino-Americana e Caribenha","src":"https:\/\/i0.wp.com\/jornalrol.com.br\/wp-content\/uploads\/2024\/07\/2bcceca6-c5df-444a-b69c-603e60bb214d.jpeg?resize=350%2C200&ssl=1","width":350,"height":200,"srcset":"https:\/\/i0.wp.com\/jornalrol.com.br\/wp-content\/uploads\/2024\/07\/2bcceca6-c5df-444a-b69c-603e60bb214d.jpeg?resize=350%2C200&ssl=1 1x, https:\/\/i0.wp.com\/jornalrol.com.br\/wp-content\/uploads\/2024\/07\/2bcceca6-c5df-444a-b69c-603e60bb214d.jpeg?resize=525%2C300&ssl=1 1.5x"},"classes":[]},{"id":59459,"url":"https:\/\/jornalrol.com.br\/?p=59459","url_meta":{"origin":79162,"position":1},"title":"OCB realiza novas homenagens","author":"Sergio Diniz da Costa","date":"28 de julho de 2023","format":false,"excerpt":"Cumprindo o seu objetivo de conceder honrarias, a OCB \u2013 Ordem Comendador Belmonte -, realiza hoje (28) uma tarde solene de entregas de homenagens...","rel":"","context":"Em &quot;Comunica\u00e7\u00e3o&quot;","block_context":{"text":"Comunica\u00e7\u00e3o","link":"https:\/\/jornalrol.com.br\/?cat=7"},"img":{"alt_text":"","src":"https:\/\/i0.wp.com\/jornalrol.com.br\/wp-content\/uploads\/2023\/07\/IMG-20230728-WA0042-2.jpg?resize=350%2C200&ssl=1","width":350,"height":200,"srcset":"https:\/\/i0.wp.com\/jornalrol.com.br\/wp-content\/uploads\/2023\/07\/IMG-20230728-WA0042-2.jpg?resize=350%2C200&ssl=1 1x, https:\/\/i0.wp.com\/jornalrol.com.br\/wp-content\/uploads\/2023\/07\/IMG-20230728-WA0042-2.jpg?resize=525%2C300&ssl=1 1.5x, https:\/\/i0.wp.com\/jornalrol.com.br\/wp-content\/uploads\/2023\/07\/IMG-20230728-WA0042-2.jpg?resize=700%2C400&ssl=1 2x"},"classes":[]},{"id":74687,"url":"https:\/\/jornalrol.com.br\/?p=74687","url_meta":{"origin":79162,"position":2},"title":"OCB realiza tarde cultural com homenagens","author":"Sergio Diniz da Costa","date":"6 de agosto de 2025","format":false,"excerpt":"A OCB realiza no pr\u00f3ximo dia 30, quarta-feira, \u00e0s 14h, uma solenidade de entrega de honrarias no Espa\u00e7o Cultural do Consulado da Rep\u00fablica de Angola...","rel":"","context":"Em &quot;Sem categoria&quot;","block_context":{"text":"Sem categoria","link":"https:\/\/jornalrol.com.br\/?cat=1"},"img":{"alt_text":"Card referente ao M\u00eas Internacional da Mulher Negra Latino-Americana e Caribenha","src":"https:\/\/i0.wp.com\/jornalrol.com.br\/wp-content\/uploads\/2025\/08\/6c513705-66b6-4926-a8d4-d1509e733d23.jpeg?resize=350%2C200&ssl=1","width":350,"height":200,"srcset":"https:\/\/i0.wp.com\/jornalrol.com.br\/wp-content\/uploads\/2025\/08\/6c513705-66b6-4926-a8d4-d1509e733d23.jpeg?resize=350%2C200&ssl=1 1x, https:\/\/i0.wp.com\/jornalrol.com.br\/wp-content\/uploads\/2025\/08\/6c513705-66b6-4926-a8d4-d1509e733d23.jpeg?resize=525%2C300&ssl=1 1.5x, https:\/\/i0.wp.com\/jornalrol.com.br\/wp-content\/uploads\/2025\/08\/6c513705-66b6-4926-a8d4-d1509e733d23.jpeg?resize=700%2C400&ssl=1 2x"},"classes":[]},{"id":78516,"url":"https:\/\/jornalrol.com.br\/?p=78516","url_meta":{"origin":79162,"position":3},"title":"O T\u00edtulo de Comendador","author":"Dom Alexandre da Silva Cam\u00ealo Rurikovich Carvalho","date":"16 de fevereiro de 2026","format":false,"excerpt":"O presente artigo analisa o t\u00edtulo de Comendador enquanto distin\u00e7\u00e3o honor\u00edfica de car\u00e1ter hist\u00f3rico, institucional e simb\u00f3lico, examinando sua origem...","rel":"","context":"Em &quot;artigos&quot;","block_context":{"text":"artigos","link":"https:\/\/jornalrol.com.br\/?cat=9398"},"img":{"alt_text":"Uma composi\u00e7\u00e3o solene que une s\u00edmbolos da tradi\u00e7\u00e3o medieval e do Estado moderno, tendo ao centro uma comenda repousando sobre almofada cerimonial. A imagem traduz visualmente o valor hist\u00f3rico, simb\u00f3lico e contempor\u00e2neo do t\u00edtulo de Comendador. Imagem criada por IA do ChatGPT","src":"https:\/\/i0.wp.com\/jornalrol.com.br\/wp-content\/uploads\/2026\/02\/Titulo-de-Comendador.jpg?resize=350%2C200&ssl=1","width":350,"height":200,"srcset":"https:\/\/i0.wp.com\/jornalrol.com.br\/wp-content\/uploads\/2026\/02\/Titulo-de-Comendador.jpg?resize=350%2C200&ssl=1 1x, https:\/\/i0.wp.com\/jornalrol.com.br\/wp-content\/uploads\/2026\/02\/Titulo-de-Comendador.jpg?resize=525%2C300&ssl=1 1.5x, https:\/\/i0.wp.com\/jornalrol.com.br\/wp-content\/uploads\/2026\/02\/Titulo-de-Comendador.jpg?resize=700%2C400&ssl=1 2x, https:\/\/i0.wp.com\/jornalrol.com.br\/wp-content\/uploads\/2026\/02\/Titulo-de-Comendador.jpg?resize=1050%2C600&ssl=1 3x, https:\/\/i0.wp.com\/jornalrol.com.br\/wp-content\/uploads\/2026\/02\/Titulo-de-Comendador.jpg?resize=1400%2C800&ssl=1 4x"},"classes":[]},{"id":30288,"url":"https:\/\/jornalrol.com.br\/?p=30288","url_meta":{"origin":79162,"position":4},"title":"Est\u00e3o abertas inscri\u00e7\u00f5es para quem se interessar em pleitear um T\u00edtulo de Cavaleiro Comendador ou Dama Comendadora da Soberana Ordem da Coroa de Gotland","author":"Sergio Diniz da Costa","date":"9 de janeiro de 2020","format":false,"excerpt":"A SOBERANA ORDEM DA COROA DE GOTLAND \u00e9 Patrim\u00f4nio Hist\u00f3rico e Cultural da August\u00edssima e Soberana Casa Real e Imperial dos Godos de Oriente Est\u00e3o abertas inscri\u00e7\u00f5es para quem se interessar em pleitear um T\u00edtulo de CAVALEIRO COMENDADOR ou DAMA COMENDADORA da Soberana Ordem da Coroa de Gotland Para tanto,\u2026","rel":"","context":"Em &quot;Comunica\u00e7\u00e3o&quot;","block_context":{"text":"Comunica\u00e7\u00e3o","link":"https:\/\/jornalrol.com.br\/?cat=7"},"img":{"alt_text":"","src":"https:\/\/i0.wp.com\/www.jornalrol.com.br\/wp-content\/uploads\/2020\/01\/83044422_591286831446737_3367256348633858048_n-246x300.jpg?resize=350%2C200","width":350,"height":200},"classes":[]},{"id":41312,"url":"https:\/\/jornalrol.com.br\/?p=41312","url_meta":{"origin":79162,"position":5},"title":"Dom Alexandre da Silva Cam\u00ealo Rurikovich Carvalho: &#039;O que \u00e9 um Comendador?&#039;","author":"Dom Alexandre da Silva Cam\u00ealo Rurikovich Carvalho","date":"2 de junho de 2021","format":false,"excerpt":"O que \u00e9 um Comendador? Comendador \u00e9 o nome dado ao indiv\u00edduo que recebe uma condecora\u00e7\u00e3o honor\u00edfica de ordem militar, real, acad\u00eamica, pol\u00edtica ou eclesi\u00e1stica; algu\u00e9m que \u00e9 agraciado com uma comenda, ou seja, um benef\u00edcio. \u00a0Atualmente, o termo Comendador \u00e9 utilizado apenas como um t\u00edtulo distintivo de honra, oferecido\u2026","rel":"","context":"Em &quot;Comunica\u00e7\u00e3o&quot;","block_context":{"text":"Comunica\u00e7\u00e3o","link":"https:\/\/jornalrol.com.br\/?cat=7"},"img":{"alt_text":"","src":"https:\/\/i0.wp.com\/www.jornalrol.com.br\/wp-content\/uploads\/2021\/01\/Foto-D.-Alexandre-250x300.jpg?resize=350%2C200","width":350,"height":200},"classes":[]}],"_links":{"self":[{"href":"https:\/\/jornalrol.com.br\/index.php?rest_route=\/wp\/v2\/posts\/79162","targetHints":{"allow":["GET"]}}],"collection":[{"href":"https:\/\/jornalrol.com.br\/index.php?rest_route=\/wp\/v2\/posts"}],"about":[{"href":"https:\/\/jornalrol.com.br\/index.php?rest_route=\/wp\/v2\/types\/post"}],"author":[{"embeddable":true,"href":"https:\/\/jornalrol.com.br\/index.php?rest_route=\/wp\/v2\/users\/4"}],"replies":[{"embeddable":true,"href":"https:\/\/jornalrol.com.br\/index.php?rest_route=%2Fwp%2Fv2%2Fcomments&post=79162"}],"version-history":[{"count":2,"href":"https:\/\/jornalrol.com.br\/index.php?rest_route=\/wp\/v2\/posts\/79162\/revisions"}],"predecessor-version":[{"id":79175,"href":"https:\/\/jornalrol.com.br\/index.php?rest_route=\/wp\/v2\/posts\/79162\/revisions\/79175"}],"wp:featuredmedia":[{"embeddable":true,"href":"https:\/\/jornalrol.com.br\/index.php?rest_route=\/wp\/v2\/media\/79173"}],"wp:attachment":[{"href":"https:\/\/jornalrol.com.br\/index.php?rest_route=%2Fwp%2Fv2%2Fmedia&parent=79162"}],"wp:term":[{"taxonomy":"category","embeddable":true,"href":"https:\/\/jornalrol.com.br\/index.php?rest_route=%2Fwp%2Fv2%2Fcategories&post=79162"},{"taxonomy":"post_tag","embeddable":true,"href":"https:\/\/jornalrol.com.br\/index.php?rest_route=%2Fwp%2Fv2%2Ftags&post=79162"}],"curies":[{"name":"wp","href":"https:\/\/api.w.org\/{rel}","templated":true}]}}