{"id":79214,"date":"2026-03-16T10:55:20","date_gmt":"2026-03-16T13:55:20","guid":{"rendered":"https:\/\/jornalrol.com.br\/?p=79214"},"modified":"2026-03-16T12:12:14","modified_gmt":"2026-03-16T15:12:14","slug":"sketch-art-regional","status":"publish","type":"post","link":"https:\/\/jornalrol.com.br\/?p=79214","title":{"rendered":"Sketch Art Regional"},"content":{"rendered":"<div class=\"pdfprnt-buttons pdfprnt-buttons-post pdfprnt-top-right\"><a href=\"https:\/\/jornalrol.com.br\/index.php?rest_route=%2Fwp%2Fv2%2Fposts%2F79214&print=pdf\" class=\"pdfprnt-button pdfprnt-button-pdf\" target=\"_blank\" ><\/a><a href=\"https:\/\/jornalrol.com.br\/index.php?rest_route=%2Fwp%2Fv2%2Fposts%2F79214&print=print\" class=\"pdfprnt-button pdfprnt-button-print\" target=\"_blank\" ><img decoding=\"async\" src=\"https:\/\/jornalrol.com.br\/wp-content\/plugins\/pdf-print\/images\/print.png\" alt=\"image_print\" title=\"Conte\u00fado de impress\u00e3o\" \/><\/a><\/div>\n<h2 class=\"wp-block-heading has-text-align-center\">Instituto Gotland apresenta 1\u00ba Concurso de Desenhos<br> Sketch Art Regional<br><br><\/h2>\n\n\n<div class=\"wp-block-image\">\n<figure class=\"aligncenter size-full is-resized\"><img loading=\"lazy\" decoding=\"async\" width=\"848\" height=\"1264\" data-attachment-id=\"79215\" data-permalink=\"https:\/\/jornalrol.com.br\/?attachment_id=79215\" data-orig-file=\"https:\/\/jornalrol.com.br\/wp-content\/uploads\/2026\/03\/ed9df744-d97b-4e96-b55b-5ba3aa7aeb90.jpg\" data-orig-size=\"848,1264\" data-comments-opened=\"1\" data-image-meta=\"{&quot;aperture&quot;:&quot;0&quot;,&quot;credit&quot;:&quot;&quot;,&quot;camera&quot;:&quot;&quot;,&quot;caption&quot;:&quot;&quot;,&quot;created_timestamp&quot;:&quot;0&quot;,&quot;copyright&quot;:&quot;&quot;,&quot;focal_length&quot;:&quot;0&quot;,&quot;iso&quot;:&quot;0&quot;,&quot;shutter_speed&quot;:&quot;0&quot;,&quot;title&quot;:&quot;&quot;,&quot;orientation&quot;:&quot;0&quot;}\" data-image-title=\"ed9df744-d97b-4e96-b55b-5ba3aa7aeb90\" data-image-description=\"\" data-image-caption=\"\" data-large-file=\"https:\/\/jornalrol.com.br\/wp-content\/uploads\/2026\/03\/ed9df744-d97b-4e96-b55b-5ba3aa7aeb90.jpg\" src=\"https:\/\/jornalrol.com.br\/wp-content\/uploads\/2026\/03\/ed9df744-d97b-4e96-b55b-5ba3aa7aeb90.jpg\" alt=\"Card do 1\u00ba Concurso de Desenhos \u2013 Sketch Art Regional\" class=\"wp-image-79215\" style=\"aspect-ratio:0.6708930265062647;width:308px;height:auto\" srcset=\"https:\/\/jornalrol.com.br\/wp-content\/uploads\/2026\/03\/ed9df744-d97b-4e96-b55b-5ba3aa7aeb90.jpg 848w, https:\/\/jornalrol.com.br\/wp-content\/uploads\/2026\/03\/ed9df744-d97b-4e96-b55b-5ba3aa7aeb90-805x1200.jpg 805w, https:\/\/jornalrol.com.br\/wp-content\/uploads\/2026\/03\/ed9df744-d97b-4e96-b55b-5ba3aa7aeb90-768x1145.jpg 768w\" sizes=\"auto, (max-width: 848px) 100vw, 848px\" \/><figcaption class=\"wp-element-caption\"><em>Card do 1\u00ba Concurso de Desenhos <\/em><br><em> Sketch Art Regional<\/em><\/figcaption><\/figure>\n<\/div>\n\n<div class=\"wp-block-image\">\n<figure class=\"alignright size-full is-resized\"><img loading=\"lazy\" decoding=\"async\" width=\"1023\" height=\"1023\" data-attachment-id=\"79226\" data-permalink=\"https:\/\/jornalrol.com.br\/?attachment_id=79226\" data-orig-file=\"https:\/\/jornalrol.com.br\/wp-content\/uploads\/2026\/03\/20346e51-a54e-4d0e-a546-fda2f96cd40b.jpg\" data-orig-size=\"1023,1023\" data-comments-opened=\"1\" data-image-meta=\"{&quot;aperture&quot;:&quot;0&quot;,&quot;credit&quot;:&quot;&quot;,&quot;camera&quot;:&quot;&quot;,&quot;caption&quot;:&quot;&quot;,&quot;created_timestamp&quot;:&quot;0&quot;,&quot;copyright&quot;:&quot;&quot;,&quot;focal_length&quot;:&quot;0&quot;,&quot;iso&quot;:&quot;0&quot;,&quot;shutter_speed&quot;:&quot;0&quot;,&quot;title&quot;:&quot;&quot;,&quot;orientation&quot;:&quot;0&quot;}\" data-image-title=\"20346e51-a54e-4d0e-a546-fda2f96cd40b\" data-image-description=\"\" data-image-caption=\"\" data-large-file=\"https:\/\/jornalrol.com.br\/wp-content\/uploads\/2026\/03\/20346e51-a54e-4d0e-a546-fda2f96cd40b.jpg\" src=\"https:\/\/jornalrol.com.br\/wp-content\/uploads\/2026\/03\/20346e51-a54e-4d0e-a546-fda2f96cd40b.jpg\" alt=\"1\u00ba Concurso de Desenhos \u2013 Sketch Art Regional\" class=\"wp-image-79226\" style=\"width:334px;height:auto\" srcset=\"https:\/\/jornalrol.com.br\/wp-content\/uploads\/2026\/03\/20346e51-a54e-4d0e-a546-fda2f96cd40b.jpg 1023w, https:\/\/jornalrol.com.br\/wp-content\/uploads\/2026\/03\/20346e51-a54e-4d0e-a546-fda2f96cd40b-600x600.jpg 600w, https:\/\/jornalrol.com.br\/wp-content\/uploads\/2026\/03\/20346e51-a54e-4d0e-a546-fda2f96cd40b-768x768.jpg 768w\" sizes=\"auto, (max-width: 1023px) 100vw, 1023px\" \/><figcaption class=\"wp-element-caption\"><em>1\u00ba Concurso de Desenhos \u2013 Sketch Art Regional<\/em><\/figcaption><\/figure>\n<\/div>\n\n\n<p class=\"has-drop-cap\">O Instituto Gotland apresenta o <strong>1\u00ba Concurso de Desenhos \u2013 Sketch Art Regional<\/strong>. Descobrindo talentos e transformando futuros.<\/p>\n\n\n\n<p>\ud83d\udcc5 <strong>Inscri\u00e7\u00f5es: <\/strong>15\/03 a 15\/04 &#8211; link do Google Forms: <a href=\"https:\/\/forms.gle\/gKS59LJFBG5UqD1KA\">https:\/\/forms.gle\/gKS59LJFBG5UqD1KA<\/a><\/p>\n\n\n\n<p>\ud83d\udcb0 <strong>Taxa de Inscri\u00e7\u00e3o:<\/strong> R$ 10,00 para categoria amador e R$ 30,00 categoria profissional.<\/p>\n\n\n\n<p>\ud83d\udccd Local: Manhua\u00e7u Shopping \u2013 Rua Amaral Franco, 20 \u2013 Centro &#8211; Manhua\u00e7u (MG).<\/p>\n\n\n\n<p>\ud83d\udc69\u200d\ud83c\udfa8 Categorias: Amador e Profissional.<\/p>\n\n\n\n<p>\ud83c\udfad <strong>Estilos:<\/strong> RETRATO, CARICATURA, CARTOON\/HQ, ANIME\/MANG\u00c1.<\/p>\n\n\n\n<p>*Os desenhos dos participantes ser\u00e3o expostos no 1\u00ba SAL\u00c3O REGIONAL DE SKETCH ART DE MANHUA\u00c7U no dia 04 de julho de 2026 no Manhua\u00e7u Shopping, organizado pelo Instituto Gotland e coordenado pelo Desenhista Recordista Brasileiro Comendador Fabr\u00edcio Santos \u2013 Recorde Brasileiro de Maior Quantidade de Caricaturas (401) feitas ao vivo em um evento.<\/p>\n\n\n\n<p><strong>\ud83c\udfc6 PREMIA\u00c7\u00c3O PARA CATEGORIA PROFISSIONAL (acima de 18 anos):<\/strong><\/p>\n\n\n\n<p>\ud83e\udd47 <strong>1\u00ba lugar:<\/strong> Trof\u00e9u Dourado + Certificado + Bolsa de estudo (12 meses) curso de Desenho Avan\u00e7ado<\/p>\n\n\n\n<p>\ud83e\udd48 <strong>2\u00ba lugar:<\/strong> Trof\u00e9u Prateado + Certificado + Bolsa de estudo (06 meses) curso de Desenho Avan\u00e7ado<\/p>\n\n\n\n<p>\ud83e\udd49 <strong>3\u00ba lugar:<\/strong> Trof\u00e9u Rosado + Certificado + Bolsa de estudo (03 meses) curso de Desenho Avan\u00e7ado.<\/p>\n\n\n\n<p>\ud83c\udfc6 <strong>PREMIA\u00c7\u00c3O PARA CATEGORIA AMADOR (11 a 17 anos):<\/strong><\/p>\n\n\n\n<p>\ud83e\udd47 <strong>1\u00ba lugar:<\/strong> Medalha de Ouro + Certificado + Bolsa de estudo (12 meses) curso de Desenho Intermedi\u00e1rio.<\/p>\n\n\n\n<p>\ud83e\udd48 <strong>2\u00ba lugar:<\/strong> Medalha de Prata + Certificado + Bolsa de estudo (06 meses) curso de Desenho Intermedi\u00e1rio.<\/p>\n\n\n\n<p>\ud83e\udd49 <strong>3\u00ba lugar:<\/strong> Medalha de Bronze + Certificado + Bolsa de estudo (03 meses) curso de Desenho Intermedi\u00e1rio.<\/p>\n\n\n\n<p>\ud83d\udcde <strong>Informa\u00e7\u00f5es:<\/strong> (33) 98437-3431 \u2013 Comendador Fabr\u00edcio Santos<\/p>\n\n\n\n<p>\ud83d\udc49 Garanta sua vaga e mostre seu talento!<\/p>\n\n\n\n<p>Inscreva-se j\u00e1 e fa\u00e7a parte dessa transforma\u00e7\u00e3o!<\/p>\n\n\n\n<p><a href=\"http:\/\/jornalrol.com.br\/\" title=\"Voltar\">Voltar<\/a><\/p>\n\n\n\n<p><a href=\"https:\/www.facebook.com\/JCulturalrol\/\" title=\"Facebook\">Facebook<\/a><\/p>\n","protected":false},"excerpt":{"rendered":"<p>O Instituto Gotland apresenta o 1\u00ba Concurso de Desenhos \u2013 Sketch Art Regional. Descobrindo talentos e transformando futuros.<\/p>\n","protected":false},"author":6,"featured_media":79215,"comment_status":"open","ping_status":"closed","sticky":false,"template":"","format":"standard","meta":{"_jetpack_newsletter_access":"","_jetpack_dont_email_post_to_subs":false,"_jetpack_newsletter_tier_id":0,"_jetpack_memberships_contains_paywalled_content":false,"_jetpack_memberships_contains_paid_content":false,"footnotes":""},"categories":[9286,16416,16418],"tags":[16423,3656,4594,5312,16422],"class_list":["post-79214","post","type-post","status-publish","format-standard","has-post-thumbnail","hentry","category-arte","category-desenho","category-inscricoes","tag-concurso-de-desenho","tag-fabricio-santos","tag-inscricoes","tag-manhuacu","tag-sketch-art-regional"],"aioseo_notices":[],"views":243,"jetpack_featured_media_url":"https:\/\/jornalrol.com.br\/wp-content\/uploads\/2026\/03\/ed9df744-d97b-4e96-b55b-5ba3aa7aeb90.jpg","jetpack_sharing_enabled":true,"jetpack_likes_enabled":true,"jetpack-related-posts":[{"id":65137,"url":"https:\/\/jornalrol.com.br\/?p=65137","url_meta":{"origin":79214,"position":0},"title":"Movimento Criar Arte: Concursos para artistas sorocabanos","author":"Sergio Diniz da Costa","date":"16 de mar\u00e7o de 2024","format":false,"excerpt":"O Movimento Criar Arte anuncia o lan\u00e7amento do I Concurso Cultural de Poesia, Desenho e Pintura, para a express\u00e3o do talento dos artistas de Sorocaba\/SP.","rel":"","context":"Em &quot;Arte&quot;","block_context":{"text":"Arte","link":"https:\/\/jornalrol.com.br\/?cat=9286"},"img":{"alt_text":"Logo do Movimento Criar Arte","src":"https:\/\/i0.wp.com\/jornalrol.com.br\/wp-content\/uploads\/2024\/03\/727b0c07-3fec-45b6-a76d-eb1edf887b2e.jpg?resize=350%2C200&ssl=1","width":350,"height":200,"srcset":"https:\/\/i0.wp.com\/jornalrol.com.br\/wp-content\/uploads\/2024\/03\/727b0c07-3fec-45b6-a76d-eb1edf887b2e.jpg?resize=350%2C200&ssl=1 1x, https:\/\/i0.wp.com\/jornalrol.com.br\/wp-content\/uploads\/2024\/03\/727b0c07-3fec-45b6-a76d-eb1edf887b2e.jpg?resize=525%2C300&ssl=1 1.5x, https:\/\/i0.wp.com\/jornalrol.com.br\/wp-content\/uploads\/2024\/03\/727b0c07-3fec-45b6-a76d-eb1edf887b2e.jpg?resize=700%2C400&ssl=1 2x, https:\/\/i0.wp.com\/jornalrol.com.br\/wp-content\/uploads\/2024\/03\/727b0c07-3fec-45b6-a76d-eb1edf887b2e.jpg?resize=1050%2C600&ssl=1 3x"},"classes":[]},{"id":76537,"url":"https:\/\/jornalrol.com.br\/?p=76537","url_meta":{"origin":79214,"position":1},"title":"Gotland Instituto","author":"Fabricio Santos","date":"4 de novembro de 2025","format":false,"excerpt":"No m\u00eas de novembro de 2025, a cidade de Manhua\u00e7u-MG celebra uma d\u00e9cada de hist\u00f3ria, arte e transforma\u00e7\u00e3o social com o Gotland Instituto Cultural de Educa\u00e7\u00e3o.","rel":"","context":"Em &quot;artigos&quot;","block_context":{"text":"artigos","link":"https:\/\/jornalrol.com.br\/?cat=9398"},"img":{"alt_text":"","src":"https:\/\/i0.wp.com\/jornalrol.com.br\/wp-content\/uploads\/2025\/11\/c9669697-f277-406f-a5e1-8344819e8585.jpeg?resize=350%2C200&ssl=1","width":350,"height":200,"srcset":"https:\/\/i0.wp.com\/jornalrol.com.br\/wp-content\/uploads\/2025\/11\/c9669697-f277-406f-a5e1-8344819e8585.jpeg?resize=350%2C200&ssl=1 1x, https:\/\/i0.wp.com\/jornalrol.com.br\/wp-content\/uploads\/2025\/11\/c9669697-f277-406f-a5e1-8344819e8585.jpeg?resize=525%2C300&ssl=1 1.5x, https:\/\/i0.wp.com\/jornalrol.com.br\/wp-content\/uploads\/2025\/11\/c9669697-f277-406f-a5e1-8344819e8585.jpeg?resize=700%2C400&ssl=1 2x, https:\/\/i0.wp.com\/jornalrol.com.br\/wp-content\/uploads\/2025\/11\/c9669697-f277-406f-a5e1-8344819e8585.jpeg?resize=1050%2C600&ssl=1 3x, https:\/\/i0.wp.com\/jornalrol.com.br\/wp-content\/uploads\/2025\/11\/c9669697-f277-406f-a5e1-8344819e8585.jpeg?resize=1400%2C800&ssl=1 4x"},"classes":[]},{"id":66166,"url":"https:\/\/jornalrol.com.br\/?p=66166","url_meta":{"origin":79214,"position":2},"title":"Premia\u00e7\u00e3o do I Concurso de Poesia, Desenho e Pintura","author":"Sergio Diniz da Costa","date":"4 de maio de 2024","format":false,"excerpt":"O Movimento Criar Arte, projeto literocultural idealizado e coordenado pela escritora Laude K\u00e4mpos, tem como objetivo incentivar a cria\u00e7\u00e3o art\u00edstica, revelar","rel":"","context":"Em &quot;Arte&quot;","block_context":{"text":"Arte","link":"https:\/\/jornalrol.com.br\/?cat=9286"},"img":{"alt_text":"Logo do Movimento Criar Arte","src":"https:\/\/i0.wp.com\/jornalrol.com.br\/wp-content\/uploads\/2024\/05\/727b0c07-3fec-45b6-a76d-eb1edf887b2e-1.jpg?resize=350%2C200&ssl=1","width":350,"height":200,"srcset":"https:\/\/i0.wp.com\/jornalrol.com.br\/wp-content\/uploads\/2024\/05\/727b0c07-3fec-45b6-a76d-eb1edf887b2e-1.jpg?resize=350%2C200&ssl=1 1x, https:\/\/i0.wp.com\/jornalrol.com.br\/wp-content\/uploads\/2024\/05\/727b0c07-3fec-45b6-a76d-eb1edf887b2e-1.jpg?resize=525%2C300&ssl=1 1.5x, https:\/\/i0.wp.com\/jornalrol.com.br\/wp-content\/uploads\/2024\/05\/727b0c07-3fec-45b6-a76d-eb1edf887b2e-1.jpg?resize=700%2C400&ssl=1 2x, https:\/\/i0.wp.com\/jornalrol.com.br\/wp-content\/uploads\/2024\/05\/727b0c07-3fec-45b6-a76d-eb1edf887b2e-1.jpg?resize=1050%2C600&ssl=1 3x"},"classes":[]},{"id":9867,"url":"https:\/\/jornalrol.com.br\/?p=9867","url_meta":{"origin":79214,"position":3},"title":"Abertura do Concurso Liter\u00e1rio Paulo Set\u00fabal ser\u00e1 dia 4","author":"Helio Rubens","date":"28 de abril de 2017","format":false,"excerpt":"ABERTURA DO CONCURSO LITER\u00c1RIO PAULO SET\u00daBAL SER\u00c1 NO DIA 4 DE MAIO \u00a0 A Prefeitura de Tatu\u00ed, atrav\u00e9s da Secretaria de Esporte, Cultura, Turismo, Lazer e Juventude, realizar\u00e1 no dia 4 de maio, quinta-feira, \u00e0s 19h, no Museu Hist\u00f3rico \u201cPaulo Set\u00fabal\u201d, com gestores, coordenadores e respons\u00e1veis por unidades escolares, a\u2026","rel":"","context":"Em &quot;Comunica\u00e7\u00e3o&quot;","block_context":{"text":"Comunica\u00e7\u00e3o","link":"https:\/\/jornalrol.com.br\/?cat=7"},"img":{"alt_text":"","src":"https:\/\/ci6.googleusercontent.com\/proxy\/nIv2z09dHg6rpMjBfQHWEsWRkJWbFlsENcfbWcIrnqaTqe73Twl5VNWzQOdb5M408_HsFpRfMID9rWZEkc7hP3nJVnv5iOi_SjLrlbStgPwA5aHmctXBXjBJyo4wRlog4Js_B3bZM3KXNtkG4dyp-9Ix7NAd=s0-d-e1-ft#http:\/\/assets.mktnaweb.com\/accounts\/2013\/06\/13\/17128\/pictures\/146\/original_MUSEU.JPG?1493378708","width":350,"height":200},"classes":[]},{"id":78704,"url":"https:\/\/jornalrol.com.br\/?p=78704","url_meta":{"origin":79214,"position":4},"title":"Caf\u00e9.com","author":"Sergio Diniz da Costa","date":"25 de fevereiro de 2026","format":false,"excerpt":"\ud83c\udf1f\u2615\ud83c\udfb6 Vem a\u00ed um novo espa\u00e7o de cultura, sabor e inspira\u00e7\u00e3o em Manhua\u00e7u! \ud83c\udfb6\u2615 Arte criada pelo artista pl\u00e1stico Fabr\u00edcio Santos O Instituto Gotland Group tem a alegria de anunciar a inaugura\u00e7\u00e3o do\u2728 Caf\u00e9.com \u2013 Arte, M\u00fasica e Poesia\u2728 Galeria de Artes Comendador Fabr\u00edcio Santos\u2728 Editora Gotland\u2728#aquitemfuturo\/Espa\u00e7o Conveniado com a\u2026","rel":"","context":"Em &quot;Sem categoria&quot;","block_context":{"text":"Sem categoria","link":"https:\/\/jornalrol.com.br\/?cat=1"},"img":{"alt_text":"Caf\u00e9.com - Imagem criada pelo artista pl\u00e1stico Fabr\u00edcio Santos","src":"https:\/\/i0.wp.com\/jornalrol.com.br\/wp-content\/uploads\/2026\/02\/339254c2-a331-465f-ad51-fb4e462ec8a8.jpg?resize=350%2C200&ssl=1","width":350,"height":200,"srcset":"https:\/\/i0.wp.com\/jornalrol.com.br\/wp-content\/uploads\/2026\/02\/339254c2-a331-465f-ad51-fb4e462ec8a8.jpg?resize=350%2C200&ssl=1 1x, https:\/\/i0.wp.com\/jornalrol.com.br\/wp-content\/uploads\/2026\/02\/339254c2-a331-465f-ad51-fb4e462ec8a8.jpg?resize=525%2C300&ssl=1 1.5x, https:\/\/i0.wp.com\/jornalrol.com.br\/wp-content\/uploads\/2026\/02\/339254c2-a331-465f-ad51-fb4e462ec8a8.jpg?resize=700%2C400&ssl=1 2x, https:\/\/i0.wp.com\/jornalrol.com.br\/wp-content\/uploads\/2026\/02\/339254c2-a331-465f-ad51-fb4e462ec8a8.jpg?resize=1050%2C600&ssl=1 3x, https:\/\/i0.wp.com\/jornalrol.com.br\/wp-content\/uploads\/2026\/02\/339254c2-a331-465f-ad51-fb4e462ec8a8.jpg?resize=1400%2C800&ssl=1 4x"},"classes":[]},{"id":19222,"url":"https:\/\/jornalrol.com.br\/?p=19222","url_meta":{"origin":79214,"position":5},"title":"10\u00ba Concurso Liter\u00e1rio e Ilustrativo de Cerquilho est\u00e1 com inscri\u00e7\u00f5es abertas","author":"Helio Rubens","date":"20 de junho de 2018","format":false,"excerpt":"Est\u00e3o abertas as inscri\u00e7\u00f5es para o 10\u00ba Concurso Liter\u00e1rio e Ilustrativo Infantojuvenil de Cerquilho \u2013 o COLIJUC O Concurso tem por objetivo descobrir novos talentos nas artes liter\u00e1rias e ilustrativas, incentivando a arte dos desenhos e da composi\u00e7\u00e3o de poesias. O tema do concurso, este ano, ser\u00e1 livre. \u00a0 Categorias\u2026","rel":"","context":"Em &quot;Comunica\u00e7\u00e3o&quot;","block_context":{"text":"Comunica\u00e7\u00e3o","link":"https:\/\/jornalrol.com.br\/?cat=7"},"img":{"alt_text":"","src":"https:\/\/i0.wp.com\/www.jornalrol.com.br\/wp-content\/uploads\/2018\/06\/colijuc-212x300.jpeg?resize=350%2C200","width":350,"height":200},"classes":[]}],"_links":{"self":[{"href":"https:\/\/jornalrol.com.br\/index.php?rest_route=\/wp\/v2\/posts\/79214","targetHints":{"allow":["GET"]}}],"collection":[{"href":"https:\/\/jornalrol.com.br\/index.php?rest_route=\/wp\/v2\/posts"}],"about":[{"href":"https:\/\/jornalrol.com.br\/index.php?rest_route=\/wp\/v2\/types\/post"}],"author":[{"embeddable":true,"href":"https:\/\/jornalrol.com.br\/index.php?rest_route=\/wp\/v2\/users\/6"}],"replies":[{"embeddable":true,"href":"https:\/\/jornalrol.com.br\/index.php?rest_route=%2Fwp%2Fv2%2Fcomments&post=79214"}],"version-history":[{"count":10,"href":"https:\/\/jornalrol.com.br\/index.php?rest_route=\/wp\/v2\/posts\/79214\/revisions"}],"predecessor-version":[{"id":79229,"href":"https:\/\/jornalrol.com.br\/index.php?rest_route=\/wp\/v2\/posts\/79214\/revisions\/79229"}],"wp:featuredmedia":[{"embeddable":true,"href":"https:\/\/jornalrol.com.br\/index.php?rest_route=\/wp\/v2\/media\/79215"}],"wp:attachment":[{"href":"https:\/\/jornalrol.com.br\/index.php?rest_route=%2Fwp%2Fv2%2Fmedia&parent=79214"}],"wp:term":[{"taxonomy":"category","embeddable":true,"href":"https:\/\/jornalrol.com.br\/index.php?rest_route=%2Fwp%2Fv2%2Fcategories&post=79214"},{"taxonomy":"post_tag","embeddable":true,"href":"https:\/\/jornalrol.com.br\/index.php?rest_route=%2Fwp%2Fv2%2Ftags&post=79214"}],"curies":[{"name":"wp","href":"https:\/\/api.w.org\/{rel}","templated":true}]}}