{"id":80400,"date":"2026-04-29T08:15:00","date_gmt":"2026-04-29T11:15:00","guid":{"rendered":"https:\/\/jornalrol.com.br\/?p=80400"},"modified":"2026-04-28T23:28:56","modified_gmt":"2026-04-29T02:28:56","slug":"mostra-companheiros-de-cinema","status":"publish","type":"post","link":"https:\/\/jornalrol.com.br\/?p=80400","title":{"rendered":"Mostra Companheiros de Cinema"},"content":{"rendered":"<div class=\"pdfprnt-buttons pdfprnt-buttons-post pdfprnt-top-right\"><a href=\"https:\/\/jornalrol.com.br\/index.php?rest_route=%2Fwp%2Fv2%2Fposts%2F80400&print=pdf\" class=\"pdfprnt-button pdfprnt-button-pdf\" target=\"_blank\" ><\/a><a href=\"https:\/\/jornalrol.com.br\/index.php?rest_route=%2Fwp%2Fv2%2Fposts%2F80400&print=print\" class=\"pdfprnt-button pdfprnt-button-print\" target=\"_blank\" ><img decoding=\"async\" src=\"https:\/\/jornalrol.com.br\/wp-content\/plugins\/pdf-print\/images\/print.png\" alt=\"image_print\" title=\"Conte\u00fado de impress\u00e3o\" \/><\/a><\/div>\n<h2 class=\"wp-block-heading has-text-align-center\"><strong><br><\/strong>Mostra Companheiros de Cinema chega \u00e0 2\u00aa edi\u00e7\u00e3o e fortalece o audiovisual regional em Sorocaba<br><br><\/h2>\n\n\n<div class=\"wp-block-image\">\n<figure class=\"aligncenter size-full is-resized\"><img loading=\"lazy\" decoding=\"async\" width=\"1123\" height=\"874\" data-attachment-id=\"80401\" data-permalink=\"https:\/\/jornalrol.com.br\/?attachment_id=80401\" data-orig-file=\"https:\/\/jornalrol.com.br\/wp-content\/uploads\/2026\/04\/curta-metragem-do-grupo-3-1.jpeg\" data-orig-size=\"1123,874\" data-comments-opened=\"1\" data-image-meta=\"{&quot;aperture&quot;:&quot;0&quot;,&quot;credit&quot;:&quot;&quot;,&quot;camera&quot;:&quot;&quot;,&quot;caption&quot;:&quot;&quot;,&quot;created_timestamp&quot;:&quot;0&quot;,&quot;copyright&quot;:&quot;&quot;,&quot;focal_length&quot;:&quot;0&quot;,&quot;iso&quot;:&quot;0&quot;,&quot;shutter_speed&quot;:&quot;0&quot;,&quot;title&quot;:&quot;&quot;,&quot;orientation&quot;:&quot;0&quot;}\" data-image-title=\"curta metragem do grupo 3\" data-image-description=\"\" data-image-caption=\"\" data-large-file=\"https:\/\/jornalrol.com.br\/wp-content\/uploads\/2026\/04\/curta-metragem-do-grupo-3-1.jpeg\" src=\"http:\/\/jornalrol.com.br\/wp-content\/uploads\/2026\/04\/curta-metragem-do-grupo-3-1.jpeg\" alt=\"Curta-metragem do grupo\" class=\"wp-image-80401\" style=\"aspect-ratio:1.284925547933746;width:484px;height:auto\" srcset=\"https:\/\/jornalrol.com.br\/wp-content\/uploads\/2026\/04\/curta-metragem-do-grupo-3-1.jpeg 1123w, https:\/\/jornalrol.com.br\/wp-content\/uploads\/2026\/04\/curta-metragem-do-grupo-3-1-768x598.jpeg 768w\" sizes=\"auto, (max-width: 1123px) 100vw, 1123px\" \/><figcaption class=\"wp-element-caption\"><em>Curta-Metragem do Grupo<\/em><\/figcaption><\/figure>\n<\/div>\n\n\n<p class=\"has-drop-cap\">O Grupo <strong>Os Companheiros<\/strong> em parceria com <strong>Ana Duarte<\/strong> realiza sua <strong>Segunda Mostra de Cinema<\/strong>. O evento \u00e9 gratuito e acontece no dia 02 de maio, \u00e0s 19h, no Espa\u00e7o Cultural Du\u2019Artes, em Sorocaba.<\/p>\n\n\n\n<p>Criada para valorizar e impulsionar o audiovisual local, a segunda <strong>Mostra <\/strong> <strong>Companheiros de Cinema<\/strong> se consolida como um espa\u00e7o de encontro entre realizadores, artistas e p\u00fablico, promovendo visibilidade \u00e0s produ\u00e7\u00f5es da regi\u00e3o, estimulando conex\u00f5es no setor e fomentando oportunidades concretas no mercado audiovisual. A primeira edi\u00e7\u00e3o j\u00e1 mostrou o impacto disso. Surgiram contatos, parcerias e oportunidades reais.<\/p>\n\n\n\n<p><em>\u201cFui convidado a integrar a dire\u00e7\u00e3o de arte de um curta-metragem da cidade depois que conheceram meu trabalho na mostra, isso evidencia que o evento n\u00e3o termina na exibi\u00e7\u00e3o, ele segue tecendo conex\u00f5es, fortalecendo parcerias e expandindo horizontes dentro da cena cultural\u201d,<\/em> relata <strong>Fabiano Am\u00e2ncio<\/strong>, ator, diretor de arte e cen\u00f3grafo.<\/p>\n\n\n\n<p>A primeira mostra, realizada em setembro de 2025, recebeu 21 inscri\u00e7\u00f5es e selecionou 8 filmes para exibi\u00e7\u00e3o, reunindo cerca de 70 pessoas, alcan\u00e7ando lota\u00e7\u00e3o m\u00e1xima no dia da exibi\u00e7\u00e3o. Nesta segunda edi\u00e7\u00e3o, foram contabilizadas 53 inscri\u00e7\u00f5es, incluindo trabalhos de outros estados, evidenciando o crescimento e o alcance da iniciativa.<\/p>\n\n\n\n<p>Mesmo diante do aumento do interesse, a curadoria preservou o compromisso com a valoriza\u00e7\u00e3o da produ\u00e7\u00e3o regional, priorizando obras de Sorocaba e regi\u00e3o, em conson\u00e2ncia com a proposta do evento.<\/p>\n\n\n\n<p><em>\u201cTemos um cinema muito potente na nossa cidade e regi\u00e3o. Muitas vezes, vemos produ\u00e7\u00f5es locais buscando profissionais de fora, quando na verdade existe uma rede qualificada aqui. Nosso objetivo \u00e9 justamente fortalecer esses la\u00e7os e colocar esses artistas em evid\u00eancia\u201d, <\/em>afirma <strong>Maria Helena Barbosa<\/strong>.<\/p>\n\n\n\n<h3 class=\"wp-block-heading has-text-align-center\"><strong>Os filmes selecionados para esta segunda mostra s\u00e3o:<\/strong><br><br><\/h3>\n\n\n\n<figure class=\"wp-block-image size-full\"><img loading=\"lazy\" decoding=\"async\" width=\"1600\" height=\"1043\" data-attachment-id=\"80404\" data-permalink=\"https:\/\/jornalrol.com.br\/?attachment_id=80404\" data-orig-file=\"https:\/\/jornalrol.com.br\/wp-content\/uploads\/2026\/04\/O-cisne-minha-mae-e-eu-direcao-Guilherme-Telli-e-Andreia-Nhur.jpeg\" data-orig-size=\"1600,1043\" data-comments-opened=\"1\" data-image-meta=\"{&quot;aperture&quot;:&quot;0&quot;,&quot;credit&quot;:&quot;&quot;,&quot;camera&quot;:&quot;&quot;,&quot;caption&quot;:&quot;&quot;,&quot;created_timestamp&quot;:&quot;0&quot;,&quot;copyright&quot;:&quot;&quot;,&quot;focal_length&quot;:&quot;0&quot;,&quot;iso&quot;:&quot;0&quot;,&quot;shutter_speed&quot;:&quot;0&quot;,&quot;title&quot;:&quot;&quot;,&quot;orientation&quot;:&quot;0&quot;}\" data-image-title=\"O cisne, minha m\u00e3e e eu &amp;#8211; dire\u00e7\u00e3o Guilherme Telli e Andr\u00e9ia Nhur\" data-image-description=\"\" data-image-caption=\"\" data-large-file=\"https:\/\/jornalrol.com.br\/wp-content\/uploads\/2026\/04\/O-cisne-minha-mae-e-eu-direcao-Guilherme-Telli-e-Andreia-Nhur.jpeg\" src=\"https:\/\/jornalrol.com.br\/wp-content\/uploads\/2026\/04\/O-cisne-minha-mae-e-eu-direcao-Guilherme-Telli-e-Andreia-Nhur.jpeg\" alt=\" Cisne, Minha M\u00e3e e Eu - dire\u00e7\u00e3o de Guilherme Telli e Andr\u00e9ia Nhur\" class=\"wp-image-80404\" srcset=\"https:\/\/jornalrol.com.br\/wp-content\/uploads\/2026\/04\/O-cisne-minha-mae-e-eu-direcao-Guilherme-Telli-e-Andreia-Nhur.jpeg 1600w, https:\/\/jornalrol.com.br\/wp-content\/uploads\/2026\/04\/O-cisne-minha-mae-e-eu-direcao-Guilherme-Telli-e-Andreia-Nhur-1200x782.jpeg 1200w, https:\/\/jornalrol.com.br\/wp-content\/uploads\/2026\/04\/O-cisne-minha-mae-e-eu-direcao-Guilherme-Telli-e-Andreia-Nhur-768x501.jpeg 768w, https:\/\/jornalrol.com.br\/wp-content\/uploads\/2026\/04\/O-cisne-minha-mae-e-eu-direcao-Guilherme-Telli-e-Andreia-Nhur-1536x1001.jpeg 1536w\" sizes=\"auto, (max-width: 1600px) 100vw, 1600px\" \/><figcaption class=\"wp-element-caption\"><em>  Cisne, Minha M\u00e3e e Eu &#8211; dire\u00e7\u00e3o de Guilherme Telli e Andr\u00e9ia Nhur<\/em><\/figcaption><\/figure>\n\n\n\n<ul class=\"wp-block-list\">\n<li>O Cisne, Minha M\u00e3e e Eu &#8211; dire\u00e7\u00e3o de Guilherme Telli e Andr\u00e9ia Nhur<br><\/li>\n<\/ul>\n\n\n\n<ul class=\"wp-block-list\">\n<li><strong>Ecos de Sorocaba<\/strong> &#8211; dire\u00e7\u00e3o de Maria Eduarda Favetta, Lorena Terra e Kellynn Julietta<br><br><br><\/li>\n<\/ul>\n\n\n\n<figure class=\"wp-block-image size-full\"><img loading=\"lazy\" decoding=\"async\" width=\"2560\" height=\"1440\" data-attachment-id=\"80405\" data-permalink=\"https:\/\/jornalrol.com.br\/?attachment_id=80405\" data-orig-file=\"https:\/\/jornalrol.com.br\/wp-content\/uploads\/2026\/04\/curta-metragem-INTERUNDIO-direcao-Pietro-Godinho-scaled.jpg\" data-orig-size=\"2560,1440\" data-comments-opened=\"1\" data-image-meta=\"{&quot;aperture&quot;:&quot;0&quot;,&quot;credit&quot;:&quot;&quot;,&quot;camera&quot;:&quot;&quot;,&quot;caption&quot;:&quot;&quot;,&quot;created_timestamp&quot;:&quot;0&quot;,&quot;copyright&quot;:&quot;&quot;,&quot;focal_length&quot;:&quot;0&quot;,&quot;iso&quot;:&quot;0&quot;,&quot;shutter_speed&quot;:&quot;0&quot;,&quot;title&quot;:&quot;&quot;,&quot;orientation&quot;:&quot;0&quot;}\" data-image-title=\"curta-metragem INTER\u00daNDIO &amp;#8211; dire\u00e7\u00e3o Pietro Godinho\" data-image-description=\"\" data-image-caption=\"\" data-large-file=\"https:\/\/jornalrol.com.br\/wp-content\/uploads\/2026\/04\/curta-metragem-INTERUNDIO-direcao-Pietro-Godinho-scaled.jpg\" src=\"https:\/\/jornalrol.com.br\/wp-content\/uploads\/2026\/04\/curta-metragem-INTERUNDIO-direcao-Pietro-Godinho-scaled.jpg\" alt=\"Interm\u00fandio - dire\u00e7\u00e3o de Pietro Godinho\" class=\"wp-image-80405\" srcset=\"https:\/\/jornalrol.com.br\/wp-content\/uploads\/2026\/04\/curta-metragem-INTERUNDIO-direcao-Pietro-Godinho-scaled.jpg 2560w, https:\/\/jornalrol.com.br\/wp-content\/uploads\/2026\/04\/curta-metragem-INTERUNDIO-direcao-Pietro-Godinho-1200x675.jpg 1200w, https:\/\/jornalrol.com.br\/wp-content\/uploads\/2026\/04\/curta-metragem-INTERUNDIO-direcao-Pietro-Godinho-768x432.jpg 768w, https:\/\/jornalrol.com.br\/wp-content\/uploads\/2026\/04\/curta-metragem-INTERUNDIO-direcao-Pietro-Godinho-1536x864.jpg 1536w, https:\/\/jornalrol.com.br\/wp-content\/uploads\/2026\/04\/curta-metragem-INTERUNDIO-direcao-Pietro-Godinho-2048x1152.jpg 2048w\" sizes=\"auto, (max-width: 2560px) 100vw, 2560px\" \/><figcaption class=\"wp-element-caption\"><em>Interm\u00fandio &#8211; dire\u00e7\u00e3o de Pietro Godinho<\/em><\/figcaption><\/figure>\n\n\n\n<ul class=\"wp-block-list\">\n<li><strong>Interm\u00fandio<\/strong> &#8211; dire\u00e7\u00e3o de Pietro Godinho<br><br><br><\/li>\n<\/ul>\n\n\n\n<figure class=\"wp-block-image size-full\"><img loading=\"lazy\" decoding=\"async\" width=\"1920\" height=\"1080\" data-attachment-id=\"80403\" data-permalink=\"https:\/\/jornalrol.com.br\/?attachment_id=80403\" data-orig-file=\"https:\/\/jornalrol.com.br\/wp-content\/uploads\/2026\/04\/curta-metragem-ERVA-DANINHA-direcao-Fabio-Salvador.jpg\" data-orig-size=\"1920,1080\" data-comments-opened=\"1\" data-image-meta=\"{&quot;aperture&quot;:&quot;0&quot;,&quot;credit&quot;:&quot;&quot;,&quot;camera&quot;:&quot;&quot;,&quot;caption&quot;:&quot;&quot;,&quot;created_timestamp&quot;:&quot;1737668178&quot;,&quot;copyright&quot;:&quot;&quot;,&quot;focal_length&quot;:&quot;0&quot;,&quot;iso&quot;:&quot;0&quot;,&quot;shutter_speed&quot;:&quot;0&quot;,&quot;title&quot;:&quot;&quot;,&quot;orientation&quot;:&quot;0&quot;}\" data-image-title=\"curta-metragem ERVA DANINHA &amp;#8211; dire\u00e7\u00e3o F\u00e1bio Salvador\" data-image-description=\"\" data-image-caption=\"\" data-large-file=\"https:\/\/jornalrol.com.br\/wp-content\/uploads\/2026\/04\/curta-metragem-ERVA-DANINHA-direcao-Fabio-Salvador.jpg\" src=\"https:\/\/jornalrol.com.br\/wp-content\/uploads\/2026\/04\/curta-metragem-ERVA-DANINHA-direcao-Fabio-Salvador.jpg\" alt=\"Curta-metragem Erva Daninha - Dire\u00e7\u00e3o de F\u00e1bio Salvado\" class=\"wp-image-80403\" srcset=\"https:\/\/jornalrol.com.br\/wp-content\/uploads\/2026\/04\/curta-metragem-ERVA-DANINHA-direcao-Fabio-Salvador.jpg 1920w, https:\/\/jornalrol.com.br\/wp-content\/uploads\/2026\/04\/curta-metragem-ERVA-DANINHA-direcao-Fabio-Salvador-1200x675.jpg 1200w, https:\/\/jornalrol.com.br\/wp-content\/uploads\/2026\/04\/curta-metragem-ERVA-DANINHA-direcao-Fabio-Salvador-768x432.jpg 768w, https:\/\/jornalrol.com.br\/wp-content\/uploads\/2026\/04\/curta-metragem-ERVA-DANINHA-direcao-Fabio-Salvador-1536x864.jpg 1536w\" sizes=\"auto, (max-width: 1920px) 100vw, 1920px\" \/><figcaption class=\"wp-element-caption\"><em>Curta-metragem Erva Daninha &#8211; Dire\u00e7\u00e3o de F\u00e1bio Salvador<\/em><\/figcaption><\/figure>\n\n\n\n<ul class=\"wp-block-list\">\n<li><strong>Erva Daninha<\/strong> &#8211; dire\u00e7\u00e3o de F\u00e1bio Salvador<br><\/li>\n<\/ul>\n\n\n\n<ul class=\"wp-block-list\">\n<li><strong>Marreta<\/strong> &#8211; dire\u00e7\u00e3o de Andr\u00e9 Fidalgo.<br><br><\/li>\n<\/ul>\n\n\n<div class=\"wp-block-image\">\n<figure class=\"aligncenter size-full\"><img loading=\"lazy\" decoding=\"async\" width=\"1600\" height=\"942\" data-attachment-id=\"80402\" data-permalink=\"https:\/\/jornalrol.com.br\/?attachment_id=80402\" data-orig-file=\"https:\/\/jornalrol.com.br\/wp-content\/uploads\/2026\/04\/Protocolo-Zero-curta-metragem-do-grupo-Os-Companheiros.jpeg\" data-orig-size=\"1600,942\" data-comments-opened=\"1\" data-image-meta=\"{&quot;aperture&quot;:&quot;0&quot;,&quot;credit&quot;:&quot;&quot;,&quot;camera&quot;:&quot;&quot;,&quot;caption&quot;:&quot;&quot;,&quot;created_timestamp&quot;:&quot;0&quot;,&quot;copyright&quot;:&quot;&quot;,&quot;focal_length&quot;:&quot;0&quot;,&quot;iso&quot;:&quot;0&quot;,&quot;shutter_speed&quot;:&quot;0&quot;,&quot;title&quot;:&quot;&quot;,&quot;orientation&quot;:&quot;0&quot;}\" data-image-title=\"Protocolo Zero curta metragem do grupo Os Companheiros\" data-image-description=\"\" data-image-caption=\"\" data-large-file=\"https:\/\/jornalrol.com.br\/wp-content\/uploads\/2026\/04\/Protocolo-Zero-curta-metragem-do-grupo-Os-Companheiros.jpeg\" src=\"http:\/\/jornalrol.com.br\/wp-content\/uploads\/2026\/04\/Protocolo-Zero-curta-metragem-do-grupo-Os-Companheiros.jpeg\" alt=\"Protocolo-Zero-curta-metragem-do-grupo-Os-Companheiros.\" class=\"wp-image-80402\" srcset=\"https:\/\/jornalrol.com.br\/wp-content\/uploads\/2026\/04\/Protocolo-Zero-curta-metragem-do-grupo-Os-Companheiros.jpeg 1600w, https:\/\/jornalrol.com.br\/wp-content\/uploads\/2026\/04\/Protocolo-Zero-curta-metragem-do-grupo-Os-Companheiros-1200x707.jpeg 1200w, https:\/\/jornalrol.com.br\/wp-content\/uploads\/2026\/04\/Protocolo-Zero-curta-metragem-do-grupo-Os-Companheiros-768x452.jpeg 768w, https:\/\/jornalrol.com.br\/wp-content\/uploads\/2026\/04\/Protocolo-Zero-curta-metragem-do-grupo-Os-Companheiros-1536x904.jpeg 1536w\" sizes=\"auto, (max-width: 1600px) 100vw, 1600px\" \/><figcaption class=\"wp-element-caption\"><em>Protocolo Zero, dirigido por Alexandre Valentim e produzido pelo grupo Os Companheiros<\/em><\/figcaption><\/figure>\n<\/div>\n\n\n<p>A exibi\u00e7\u00e3o inclui o curta da casa <strong>Protocolo Zero,<\/strong> dirigido por <strong>Alexandre Valentim<\/strong> e produzido pelo grupo <strong>Os Companheiros.<\/strong>\u00a0 Esta segunda Mostra recebe como convidado especial o diretor <strong>Mauro Baptistella<\/strong>, que apresenta o curta <strong>Prazer, Estela <\/strong>e participa de um bate-papo ao final da sess\u00e3o sobre os desafios e caminhos da produ\u00e7\u00e3o audiovisual local.<\/p>\n\n\n\n<h2 class=\"wp-block-heading\"><strong>Servi\u00e7o<\/strong><\/h2>\n\n\n\n<p><strong><br>2\u00aa Mostra Companheiros de Cinema<\/strong><br><br><br>\ud83d\udcc5 <strong>Data:<\/strong> 02 de maio de 2026<br><br><br>\ud83d\udd56 <strong>Hor\u00e1rio:<\/strong> 19h (pontualmente)<br><br><br>\ud83d\udccd<strong> Local: <\/strong>Espa\u00e7o Cultural Du\u2019Artes- Rua Antonio S\u00e3o Leandro, 76 \u2013 Sorocaba\/SP<br><br><br>\ud83c\udf9f\ufe0f Entrada gratuita<br><br><br>Sujeito a lota\u00e7\u00e3o, 70 lugares \u2013 chegar com anteced\u00eancia<br><br><br>\ud83d\udd1e <strong>Classifica\u00e7\u00e3o indicativa:<\/strong> 16 anos<br><br><br>\u26a0\ufe0f N\u00e3o ser\u00e1 permitida a entrada ap\u00f3s o in\u00edcio da sess\u00e3o<\/p>\n","protected":false},"excerpt":{"rendered":"<p>O Grupo Os Companheiros, em parceria com Ana Duarte, realiza sua Segunda Mostra de Cinema. O evento \u00e9 gratuito e acontece no dia 02 de maio, \u00e0s 19h, no&#8230; <\/p>\n","protected":false},"author":6,"featured_media":80402,"comment_status":"open","ping_status":"closed","sticky":false,"template":"","format":"standard","meta":{"_jetpack_newsletter_access":"","_jetpack_dont_email_post_to_subs":false,"_jetpack_newsletter_tier_id":0,"_jetpack_memberships_contains_paywalled_content":false,"_jetpack_memberships_contains_paid_content":false,"footnotes":""},"categories":[9286,11488],"tags":[16617,16771,1218,16772,15044,8108],"class_list":["post-80400","post","type-post","status-publish","format-standard","has-post-thumbnail","hentry","category-arte","category-cinema","tag-2a-mostra-companheiros-de-cinema","tag-ana-duarte","tag-audiovisual","tag-fabiano-amancio","tag-maria-helena-barbosa","tag-sorocaba"],"aioseo_notices":[],"views":102,"jetpack_featured_media_url":"https:\/\/jornalrol.com.br\/wp-content\/uploads\/2026\/04\/Protocolo-Zero-curta-metragem-do-grupo-Os-Companheiros.jpeg","jetpack_sharing_enabled":true,"jetpack_likes_enabled":true,"jetpack-related-posts":[{"id":75640,"url":"https:\/\/jornalrol.com.br\/?p=75640","url_meta":{"origin":80400,"position":0},"title":"1\u00aa Mostra Companheiros de Cinema","author":"Sergio Diniz da Costa","date":"17 de setembro de 2025","format":false,"excerpt":"No dia 21 de setembro, \u00e0s 19h, o Espa\u00e7o Cultural Du Artes recebe a 1\u00aa Mostra Companheiros de Cinema, uma iniciativa do grupo Os Companheiros em parceria...","rel":"","context":"Em &quot;Arte&quot;","block_context":{"text":"Arte","link":"https:\/\/jornalrol.com.br\/?cat=9286"},"img":{"alt_text":"1\u00aa Mostra Companheiros de Cinema - 40 Dias no Deserto - Dire\u00e7\u00e3o Mauro Baptistella","src":"https:\/\/i0.wp.com\/jornalrol.com.br\/wp-content\/uploads\/2025\/09\/3-40-DIAS-NO-DESERTO-Direcao-de-Mauro-Baptistella-scaled.jpg?resize=350%2C200&ssl=1","width":350,"height":200,"srcset":"https:\/\/i0.wp.com\/jornalrol.com.br\/wp-content\/uploads\/2025\/09\/3-40-DIAS-NO-DESERTO-Direcao-de-Mauro-Baptistella-scaled.jpg?resize=350%2C200&ssl=1 1x, https:\/\/i0.wp.com\/jornalrol.com.br\/wp-content\/uploads\/2025\/09\/3-40-DIAS-NO-DESERTO-Direcao-de-Mauro-Baptistella-scaled.jpg?resize=525%2C300&ssl=1 1.5x, https:\/\/i0.wp.com\/jornalrol.com.br\/wp-content\/uploads\/2025\/09\/3-40-DIAS-NO-DESERTO-Direcao-de-Mauro-Baptistella-scaled.jpg?resize=700%2C400&ssl=1 2x, https:\/\/i0.wp.com\/jornalrol.com.br\/wp-content\/uploads\/2025\/09\/3-40-DIAS-NO-DESERTO-Direcao-de-Mauro-Baptistella-scaled.jpg?resize=1050%2C600&ssl=1 3x, https:\/\/i0.wp.com\/jornalrol.com.br\/wp-content\/uploads\/2025\/09\/3-40-DIAS-NO-DESERTO-Direcao-de-Mauro-Baptistella-scaled.jpg?resize=1400%2C800&ssl=1 4x"},"classes":[]},{"id":79834,"url":"https:\/\/jornalrol.com.br\/?p=79834","url_meta":{"origin":80400,"position":1},"title":"2\u00aa Mostra Companheiros de Cinema","author":"Sergio Diniz da Costa","date":"6 de abril de 2026","format":false,"excerpt":"O grupo Os Companheiros abre inscri\u00e7\u00f5es para a 2\u00aa Mostra Companheiros de Cinema, iniciativa que busca valorizar e dar visibilidade a produ\u00e7\u00f5es audiovisuais...","rel":"","context":"Em &quot;Arte&quot;","block_context":{"text":"Arte","link":"https:\/\/jornalrol.com.br\/?cat=9286"},"img":{"alt_text":"Card da 2\u00aa Mostra Companheiros de Cinema em Sorocaba","src":"https:\/\/i0.wp.com\/jornalrol.com.br\/wp-content\/uploads\/2026\/04\/mostra-cinema-feed.jpeg?resize=350%2C200&ssl=1","width":350,"height":200,"srcset":"https:\/\/i0.wp.com\/jornalrol.com.br\/wp-content\/uploads\/2026\/04\/mostra-cinema-feed.jpeg?resize=350%2C200&ssl=1 1x, https:\/\/i0.wp.com\/jornalrol.com.br\/wp-content\/uploads\/2026\/04\/mostra-cinema-feed.jpeg?resize=525%2C300&ssl=1 1.5x, https:\/\/i0.wp.com\/jornalrol.com.br\/wp-content\/uploads\/2026\/04\/mostra-cinema-feed.jpeg?resize=700%2C400&ssl=1 2x, https:\/\/i0.wp.com\/jornalrol.com.br\/wp-content\/uploads\/2026\/04\/mostra-cinema-feed.jpeg?resize=1050%2C600&ssl=1 3x"},"classes":[]},{"id":61450,"url":"https:\/\/jornalrol.com.br\/?p=61450","url_meta":{"origin":80400,"position":2},"title":"Lorena recebe a Mostra Ecofalante de Cinema at\u00e9 o dia 27\/09","author":"Sergio Diniz da Costa","date":"23 de setembro de 2023","format":false,"excerpt":"At\u00e9 27\/09, Lorena receber\u00e1 a 12\u00aa edi\u00e7\u00e3o da Mostra Ecofalante de Cinema, importante evento audiovisual da Am\u00e9rica do Sul dedicado \u00e0s tem\u00e1ticas socioambientais.","rel":"","context":"Em &quot;Arte&quot;","block_context":{"text":"Arte","link":"https:\/\/jornalrol.com.br\/?cat=9286"},"img":{"alt_text":"12\u00aa Mostra Ecofalante de Cinema","src":"https:\/\/i0.wp.com\/jornalrol.com.br\/wp-content\/uploads\/2023\/09\/asformigaseogafanhoto-1.jpg?resize=350%2C200&ssl=1","width":350,"height":200,"srcset":"https:\/\/i0.wp.com\/jornalrol.com.br\/wp-content\/uploads\/2023\/09\/asformigaseogafanhoto-1.jpg?resize=350%2C200&ssl=1 1x, https:\/\/i0.wp.com\/jornalrol.com.br\/wp-content\/uploads\/2023\/09\/asformigaseogafanhoto-1.jpg?resize=525%2C300&ssl=1 1.5x, https:\/\/i0.wp.com\/jornalrol.com.br\/wp-content\/uploads\/2023\/09\/asformigaseogafanhoto-1.jpg?resize=700%2C400&ssl=1 2x"},"classes":[]},{"id":30639,"url":"https:\/\/jornalrol.com.br\/?p=30639","url_meta":{"origin":80400,"position":3},"title":"Museu Mazzaropi realiza 2\u00aa edi\u00e7\u00e3o do Festival Mazzaropi de curtas-metragens de 10 a 12 de abril","author":"Sergio Diniz da Costa","date":"11 de mar\u00e7o de 2020","format":false,"excerpt":"Evento acontece durante a Semana Mazzaropi em Taubat\u00e9 e busca valorizar o cinema nacional Entre os dias 10 e 12 de abril acontece o 2\u00ba Festival Mazzaropi de curtas-metragens, no Museu Mazzaropi, em Taubat\u00e9 (SP). Trata-se de um dos eventos cinematogr\u00e1ficos que marcam a 27\u00aa Semana Mazzaropi, bem como os\u2026","rel":"","context":"Em &quot;Comunica\u00e7\u00e3o&quot;","block_context":{"text":"Comunica\u00e7\u00e3o","link":"https:\/\/jornalrol.com.br\/?cat=7"},"img":{"alt_text":"","src":"https:\/\/i0.wp.com\/www.jornalrol.com.br\/wp-content\/uploads\/2020\/03\/o-embrolho-002-240x300.jpg?resize=350%2C200","width":350,"height":200},"classes":[]},{"id":51263,"url":"https:\/\/jornalrol.com.br\/?p=51263","url_meta":{"origin":80400,"position":4},"title":"16\u00aa CineBH recebe inscri\u00e7\u00f5es de longas-metragens latino-americanos","author":"Veronica Moreira","date":"25 de julho de 2022","format":false,"excerpt":"Am\u00e9rica Latina estar\u00e1 em destaque nesta edi\u00e7\u00e3o do evento internacional que acontece de 20 a 25 de setembro, presencial em Belo Horizonte e online. Inscri\u00e7\u00f5es gratuitas podem ser realizadas at\u00e9 22 de julho pelo site\u00a0cinebh.com.br A\u00a0CineBH - Mostra Internacional de Cinema de Belo Horizonte\u00a0chega, de\u00a020 a 25 de setembro\u00a0de 2022\u00a0a\u2026","rel":"","context":"Em &quot;Comunica\u00e7\u00e3o&quot;","block_context":{"text":"Comunica\u00e7\u00e3o","link":"https:\/\/jornalrol.com.br\/?cat=7"},"img":{"alt_text":"","src":"https:\/\/i0.wp.com\/jornalrol.com.br\/wp-content\/uploads\/2022\/07\/bienal.jpg?resize=350%2C200","width":350,"height":200},"classes":[]},{"id":13600,"url":"https:\/\/jornalrol.com.br\/?p=13600","url_meta":{"origin":80400,"position":5},"title":"Canal Brasil &#124; Produ\u00e7\u00f5es da semana na &#039;Mostra Melhores Document\u00e1rios da Cr\u00edtica&#039;","author":"Sergio Diniz da Costa","date":"7 de outubro de 2017","format":false,"excerpt":"\u00a0'LIXO EXTRAORDIN\u00c1RIO', 'DOM\u00c9STICA' E 'CINEMA NOVO' NESTA SEMANA NA MOSTRA 'MELHORES DOCUMENT\u00c1RIOS DA CR\u00cdTICA' \u00a0 O Canal Brasil continua com a \u201cMostra Melhores Document\u00e1rios da Cr\u00edtica\u201d, que estreou na \u00faltima segunda-feira,\u00a0dia 02 de outubro\u00a0 A sele\u00e7\u00e3o re\u00fane 18 das 100 produ\u00e7\u00f5es eleitas pela Associa\u00e7\u00e3o Brasileira de Cr\u00edticos de Cinema (Abraccine)\u2026","rel":"","context":"Em &quot;Comunica\u00e7\u00e3o&quot;","block_context":{"text":"Comunica\u00e7\u00e3o","link":"https:\/\/jornalrol.com.br\/?cat=7"},"img":{"alt_text":"","src":"https:\/\/i0.wp.com\/www.jornalrol.com.br\/wp-content\/uploads\/2017\/10\/unnamed-23-300x229.jpg?resize=350%2C200","width":350,"height":200},"classes":[]}],"_links":{"self":[{"href":"https:\/\/jornalrol.com.br\/index.php?rest_route=\/wp\/v2\/posts\/80400","targetHints":{"allow":["GET"]}}],"collection":[{"href":"https:\/\/jornalrol.com.br\/index.php?rest_route=\/wp\/v2\/posts"}],"about":[{"href":"https:\/\/jornalrol.com.br\/index.php?rest_route=\/wp\/v2\/types\/post"}],"author":[{"embeddable":true,"href":"https:\/\/jornalrol.com.br\/index.php?rest_route=\/wp\/v2\/users\/6"}],"replies":[{"embeddable":true,"href":"https:\/\/jornalrol.com.br\/index.php?rest_route=%2Fwp%2Fv2%2Fcomments&post=80400"}],"version-history":[{"count":4,"href":"https:\/\/jornalrol.com.br\/index.php?rest_route=\/wp\/v2\/posts\/80400\/revisions"}],"predecessor-version":[{"id":80409,"href":"https:\/\/jornalrol.com.br\/index.php?rest_route=\/wp\/v2\/posts\/80400\/revisions\/80409"}],"wp:featuredmedia":[{"embeddable":true,"href":"https:\/\/jornalrol.com.br\/index.php?rest_route=\/wp\/v2\/media\/80402"}],"wp:attachment":[{"href":"https:\/\/jornalrol.com.br\/index.php?rest_route=%2Fwp%2Fv2%2Fmedia&parent=80400"}],"wp:term":[{"taxonomy":"category","embeddable":true,"href":"https:\/\/jornalrol.com.br\/index.php?rest_route=%2Fwp%2Fv2%2Fcategories&post=80400"},{"taxonomy":"post_tag","embeddable":true,"href":"https:\/\/jornalrol.com.br\/index.php?rest_route=%2Fwp%2Fv2%2Ftags&post=80400"}],"curies":[{"name":"wp","href":"https:\/\/api.w.org\/{rel}","templated":true}]}}