{"id":80416,"date":"2026-04-29T09:59:57","date_gmt":"2026-04-29T12:59:57","guid":{"rendered":"https:\/\/jornalrol.com.br\/?p=80416"},"modified":"2026-04-29T10:00:08","modified_gmt":"2026-04-29T13:00:08","slug":"luis-arias-manzo","status":"publish","type":"post","link":"https:\/\/jornalrol.com.br\/?p=80416","title":{"rendered":"Luis Arias Manzo"},"content":{"rendered":"<div class=\"pdfprnt-buttons pdfprnt-buttons-post pdfprnt-top-right\"><a href=\"https:\/\/jornalrol.com.br\/index.php?rest_route=%2Fwp%2Fv2%2Fposts%2F80416&print=pdf\" class=\"pdfprnt-button pdfprnt-button-pdf\" target=\"_blank\" ><\/a><a href=\"https:\/\/jornalrol.com.br\/index.php?rest_route=%2Fwp%2Fv2%2Fposts%2F80416&print=print\" class=\"pdfprnt-button pdfprnt-button-print\" target=\"_blank\" ><img decoding=\"async\" src=\"https:\/\/jornalrol.com.br\/wp-content\/plugins\/pdf-print\/images\/print.png\" alt=\"image_print\" title=\"Conte\u00fado de impress\u00e3o\" \/><\/a><\/div>\n<h2 class=\"wp-block-heading has-text-align-center\">&#8216;Luis Arias Manzo: uniendo al mundo a trav\u00e9s de <br>Poetas del Mundo&#8217;\u00a0<br><br><\/h2>\n\n\n<div class=\"wp-block-image\">\n<figure class=\"aligncenter size-full is-resized\"><img loading=\"lazy\" decoding=\"async\" width=\"1175\" height=\"1305\" data-attachment-id=\"80417\" data-permalink=\"https:\/\/jornalrol.com.br\/?attachment_id=80417\" data-orig-file=\"https:\/\/jornalrol.com.br\/wp-content\/uploads\/2026\/04\/Entrevistas-Rol-3-2.jpg\" data-orig-size=\"1175,1305\" data-comments-opened=\"1\" data-image-meta=\"{&quot;aperture&quot;:&quot;0&quot;,&quot;credit&quot;:&quot;&quot;,&quot;camera&quot;:&quot;&quot;,&quot;caption&quot;:&quot;&quot;,&quot;created_timestamp&quot;:&quot;1684312287&quot;,&quot;copyright&quot;:&quot;&quot;,&quot;focal_length&quot;:&quot;0&quot;,&quot;iso&quot;:&quot;0&quot;,&quot;shutter_speed&quot;:&quot;0&quot;,&quot;title&quot;:&quot;&quot;,&quot;orientation&quot;:&quot;1&quot;}\" data-image-title=\"Entrevistas-Rol-3\" data-image-description=\"\" data-image-caption=\"\" data-large-file=\"https:\/\/jornalrol.com.br\/wp-content\/uploads\/2026\/04\/Entrevistas-Rol-3-2.jpg\" src=\"https:\/\/jornalrol.com.br\/wp-content\/uploads\/2026\/04\/Entrevistas-Rol-3-2.jpg\" alt=\"Logo da se\u00e7\u00e3o Entrevistas ROLianas\" class=\"wp-image-80417\" style=\"aspect-ratio:0.9003969383824342;width:324px;height:auto\" srcset=\"https:\/\/jornalrol.com.br\/wp-content\/uploads\/2026\/04\/Entrevistas-Rol-3-2.jpg 1175w, https:\/\/jornalrol.com.br\/wp-content\/uploads\/2026\/04\/Entrevistas-Rol-3-2-1080x1200.jpg 1080w, https:\/\/jornalrol.com.br\/wp-content\/uploads\/2026\/04\/Entrevistas-Rol-3-2-768x853.jpg 768w\" sizes=\"auto, (max-width: 1175px) 100vw, 1175px\" \/><figcaption class=\"wp-element-caption\"><em>Logo da se\u00e7\u00e3o Entrevistas ROlianas<\/em><\/figcaption><\/figure>\n<\/div>\n\n<div class=\"wp-block-image\">\n<figure class=\"alignleft size-full is-resized\"><img loading=\"lazy\" decoding=\"async\" width=\"250\" height=\"304\" data-attachment-id=\"80418\" data-permalink=\"https:\/\/jornalrol.com.br\/?attachment_id=80418\" data-orig-file=\"https:\/\/jornalrol.com.br\/wp-content\/uploads\/2026\/04\/FB_IMG_1777460215185.jpg\" data-orig-size=\"250,304\" data-comments-opened=\"1\" data-image-meta=\"{&quot;aperture&quot;:&quot;0&quot;,&quot;credit&quot;:&quot;&quot;,&quot;camera&quot;:&quot;&quot;,&quot;caption&quot;:&quot;&quot;,&quot;created_timestamp&quot;:&quot;0&quot;,&quot;copyright&quot;:&quot;&quot;,&quot;focal_length&quot;:&quot;0&quot;,&quot;iso&quot;:&quot;0&quot;,&quot;shutter_speed&quot;:&quot;0&quot;,&quot;title&quot;:&quot;&quot;,&quot;orientation&quot;:&quot;0&quot;}\" data-image-title=\"FB_IMG_1777460215185\" data-image-description=\"\" data-image-caption=\"\" data-large-file=\"https:\/\/jornalrol.com.br\/wp-content\/uploads\/2026\/04\/FB_IMG_1777460215185.jpg\" src=\"http:\/\/jornalrol.com.br\/wp-content\/uploads\/2026\/04\/FB_IMG_1777460215185.jpg\" alt=\"Luis Arias Manzo fue el prologuista de la antolog\u00eda multiling\u00fce CANTO PLANETARIO (H.C. EDITORES, 2023). \" class=\"wp-image-80418\" style=\"aspect-ratio:0.8224106913389874;width:330px;height:auto\"\/><figcaption class=\"wp-element-caption\"><em>Luis Arias Manzo<\/em><\/figcaption><\/figure>\n<\/div>\n\n\n<p>Queridos amigos planet\u00e1rios!<\/p>\n\n\n\n<p>En esta charla, Luis comparte el origen de su proyecto, nacido en octubre de 2005, y qu\u00e9 lo motiv\u00f3 a emprender este viaje literario tan ambicioso. Nos habla de los objetivos del movimiento, as\u00ed como de los retos que ha enfrentado en 2024: hackearon su p\u00e1gina de Facebook con m\u00e1s de 40.000 seguidores y, hace algunos a\u00f1os, personas sin escr\u00fapulos intentaron hackear el sitio web de Poetas del Mundo. <\/p>\n\n\n\n<p>Gracias a la incansable labor de Arias Manzo, en los \u00faltimos meses el movimiento ha renacido con una plataforma a la vanguardia. El pasado 21 de marzo, D\u00eda Mundial de la Poes\u00eda, se relanz\u00f3 esta incre\u00edble vitrina digital que re\u00fane a poetas contempor\u00e1neos de todos los rincones del mundo.<\/p>\n\n\n\n<p>Luis ha sido un viajero incansable gracias a la poes\u00eda; por ende, tiene amistades en todas partes. En esta entrevista nos narra una an\u00e9cdota curiosa que vivi\u00f3 en uno de sus viajes en Medio Oriente. Adem\u00e1s, habla de su libro <strong><em>Agualuna<\/em><\/strong>, relanzado en 2025 en formato digital tras 25 a\u00f1os de haber sido publicado.\u00a0<br><\/p>\n\n\n\n<p>Poetas del Mundo es una plataforma donde se re\u00fanen poetas contempor\u00e1neos de muchos pa\u00edses, que no conoce fronteras. Su compromiso y objetivo principal es promover la paz y la hermandad a nivel global, es un medio que permite compartir desde un clic sin importar la distancia; es esa mesa virtual en la cual, sin importar la hora, puedes deleitarte leyendo buena poes\u00eda; es ese medio donde el di\u00e1logo est\u00e1 abierto; es ese lugar donde nos olvidamos de que existen fronteras y vivimos en un mundo sin divisiones.<br><br><\/p>\n\n\n\n<figure class=\"wp-block-image size-full\"><img loading=\"lazy\" decoding=\"async\" width=\"1080\" height=\"897\" data-attachment-id=\"80419\" data-permalink=\"https:\/\/jornalrol.com.br\/?attachment_id=80419\" data-orig-file=\"https:\/\/jornalrol.com.br\/wp-content\/uploads\/2026\/04\/Screenshot_20260429_034925_Word.jpg\" data-orig-size=\"1080,897\" data-comments-opened=\"1\" data-image-meta=\"{&quot;aperture&quot;:&quot;0&quot;,&quot;credit&quot;:&quot;&quot;,&quot;camera&quot;:&quot;&quot;,&quot;caption&quot;:&quot;&quot;,&quot;created_timestamp&quot;:&quot;0&quot;,&quot;copyright&quot;:&quot;&quot;,&quot;focal_length&quot;:&quot;0&quot;,&quot;iso&quot;:&quot;0&quot;,&quot;shutter_speed&quot;:&quot;0&quot;,&quot;title&quot;:&quot;&quot;,&quot;orientation&quot;:&quot;1&quot;}\" data-image-title=\"Screenshot_20260429_034925_Word\" data-image-description=\"\" data-image-caption=\"\" data-large-file=\"https:\/\/jornalrol.com.br\/wp-content\/uploads\/2026\/04\/Screenshot_20260429_034925_Word.jpg\" src=\"http:\/\/jornalrol.com.br\/wp-content\/uploads\/2026\/04\/Screenshot_20260429_034925_Word.jpg\" alt=\"\" class=\"wp-image-80419\" srcset=\"https:\/\/jornalrol.com.br\/wp-content\/uploads\/2026\/04\/Screenshot_20260429_034925_Word.jpg 1080w, https:\/\/jornalrol.com.br\/wp-content\/uploads\/2026\/04\/Screenshot_20260429_034925_Word-768x638.jpg 768w\" sizes=\"auto, (max-width: 1080px) 100vw, 1080px\" \/><\/figure>\n\n\n\n<p>Insto a todos los poetas a sumarse a esta iniciativa, pero tambi\u00e9n, amigo lector, hay espacio para ti: s\u00famate a esta red planetaria a la cual eres bienvenido. En s\u00ed, todos est\u00e1n cordialmente invitados a formar parte de esta familia planetaria, a compartir este proyecto que crece cada d\u00eda y a los miembros que han confiado en Luis para decorar este legado literario internacional.<\/p>\n\n\n\n<p class=\"has-text-align-center\">Felicito a Luis y a su equipo por mantener viva esta iniciativa por m\u00e1s de 20 a\u00f1os, promoviendo la poes\u00eda contempor\u00e1nea de manera excepcional, formal, profesional y confiable, sin fines lucrativos, a diferencia de otras organizaciones de esta \u00edndole.<br><br><\/p>\n\n\n\n<figure class=\"wp-block-image size-full\"><img loading=\"lazy\" decoding=\"async\" width=\"1040\" height=\"1097\" data-attachment-id=\"80420\" data-permalink=\"https:\/\/jornalrol.com.br\/?attachment_id=80420\" data-orig-file=\"https:\/\/jornalrol.com.br\/wp-content\/uploads\/2026\/04\/Screenshot_20260429_045207_Word.jpg\" data-orig-size=\"1040,1097\" data-comments-opened=\"1\" data-image-meta=\"{&quot;aperture&quot;:&quot;0&quot;,&quot;credit&quot;:&quot;&quot;,&quot;camera&quot;:&quot;&quot;,&quot;caption&quot;:&quot;&quot;,&quot;created_timestamp&quot;:&quot;0&quot;,&quot;copyright&quot;:&quot;&quot;,&quot;focal_length&quot;:&quot;0&quot;,&quot;iso&quot;:&quot;0&quot;,&quot;shutter_speed&quot;:&quot;0&quot;,&quot;title&quot;:&quot;&quot;,&quot;orientation&quot;:&quot;1&quot;}\" data-image-title=\"Screenshot_20260429_045207_Word\" data-image-description=\"\" data-image-caption=\"\" data-large-file=\"https:\/\/jornalrol.com.br\/wp-content\/uploads\/2026\/04\/Screenshot_20260429_045207_Word.jpg\" src=\"https:\/\/jornalrol.com.br\/wp-content\/uploads\/2026\/04\/Screenshot_20260429_045207_Word.jpg\" alt=\"\" class=\"wp-image-80420\" srcset=\"https:\/\/jornalrol.com.br\/wp-content\/uploads\/2026\/04\/Screenshot_20260429_045207_Word.jpg 1040w, https:\/\/jornalrol.com.br\/wp-content\/uploads\/2026\/04\/Screenshot_20260429_045207_Word-768x810.jpg 768w\" sizes=\"auto, (max-width: 1040px) 100vw, 1040px\" \/><\/figure>\n\n\n\n<p>Luis Arias Manzo fue el prologuista de la antolog\u00eda multiling\u00fce CANTO PLANETARIO (H.C. Editores, 2023). En el cierre de esta charla, \u00e9l nos coment\u00f3 lo que signific\u00f3 haber sido el prologuista de estos vol\u00famenes de poes\u00eda planetaria. Gracias, querido Luis, por tu complicidad en esta aventura literaria.<\/p>\n\n\n\n<p>Queridos amigos, que disfruten mucho de esta charla con Luis Arias Manzo.<\/p>\n\n\n\n<p><strong>\u00bfQu\u00e9 te inspir\u00f3 a crear el Movimiento Poetas del Mundo?<\/strong><\/p>\n\n\n\n<p><em>A comienzos del siglo XXI, en un contexto de profundas transformaciones pol\u00edticas, sociales y tecnol\u00f3gicas, naci\u00f3 una idea que podr\u00eda parecer simple, pero que era profundamente audaz: reunir a los poetas del mundo en un solo movimiento o gremio, como queramos llamarle.<\/em><\/p>\n\n\n\n<p><em>Esta iniciativa surgi\u00f3 de una reflexi\u00f3n sobre el papel de la poes\u00eda en el mundo contempor\u00e1neo. La humanidad atravesaba tiempos complejos, marcados por guerras persistentes, crecientes desigualdades sociales y un evidente deterioro del medio ambiente. Frente a ese escenario, surg\u00eda una pregunta fundamental: \u00bftiene a\u00fan la poes\u00eda un papel en el destino de la humanidad?<\/em><\/p>\n\n\n\n<p><em>Para algunos, la poes\u00eda parec\u00eda haber quedado relegada, como una voz d\u00e9bil en medio del ruido del mundo moderno. Sin embargo, para otros \u2014y me incluyo\u2014 sigue siendo una de las expresiones m\u00e1s profundas de la conciencia humana. A lo largo de la historia, los poetas no solo han creado belleza, sino que tambi\u00e9n han sido cronistas de su tiempo, guardianes de la memoria y voces cr\u00edticas frente a la injusticia.<\/em><\/p>\n\n\n\n<p><em>Esa tradici\u00f3n sigue viva. En todos los rincones del mundo existen poetas que escriben, muchas veces en silencio, desde contextos muy diversos: ciudades, pueblos, comunidades ind\u00edgenas, espacios acad\u00e9micos o c\u00edrculos independientes. Son voces dispersas, pero profundamente conectadas por una misma sensibilidad.<\/em><\/p>\n\n\n\n<p><em>Entonces surgi\u00f3 una idea clave: \u00bfqu\u00e9 pasar\u00eda si todas esas voces pudieran encontrarse?<\/em><\/p>\n\n\n\n<p><em>As\u00ed comenz\u00f3 a tomar forma Poetas del Mundo, como una red internacional de poetas unidos por una visi\u00f3n humanista, convencidos de que la palabra puede ser una herramienta real de conciencia, encuentro y transformaci\u00f3n.<\/em><\/p>\n\n\n\n<p><strong>El Movimiento Poetas del Mundo ya cumpli\u00f3 20 a\u00f1os. \u00bfC\u00f3mo han sido los resultados en este tiempo?<\/strong><\/p>\n\n\n\n<p><em>Cuando Poetas del Mundo naci\u00f3 en Valpara\u00edso en 2005, era m\u00e1s bien una intuici\u00f3n: el deseo de reunir a los poetas del planeta en una comunidad basada en el di\u00e1logo, la conciencia y la fraternidad humana.<\/em><\/p>\n\n\n\n<p><em>Perm\u00edtame un breve contexto. El 14 de octubre de 2005 marcaba para m\u00ed el cierre de una etapa significativa. Ven\u00eda de participar como invitado en el X\u00b0 Festival de Poes\u00eda de Cuenca, Ecuador, organizado por la Asociaci\u00f3n Latinoamericana de Poes\u00eda (ASOLAPO), donde se me encomend\u00f3 organizar en Chile la siguiente versi\u00f3n. Durante ese proceso advert\u00ed una carencia profunda: muchas organizaciones literarias hab\u00edan perdido el sentido de un ideal com\u00fan; cada cual avanzaba de forma individual, priorizando el posicionamiento personal por sobre lo esencial.<\/em><\/p>\n\n\n\n<p><em>Con el paso del tiempo, esa intuici\u00f3n se transform\u00f3 en una red cultural internacional que ha logrado convocar a miles de poetas en distintos pa\u00edses y continentes. Voces provenientes de diversas lenguas, religiones y tradiciones encontraron en este movimiento un espacio com\u00fan donde la palabra puede trascender fronteras y tender puentes entre los pueblos.<\/em><\/p>\n\n\n\n<p><em>Durante estos veinte a\u00f1os, Poetas del Mundo ha impulsado encuentros internacionales, recorridos culturales, lecturas p\u00fablicas y m\u00faltiples iniciativas colectivas, llevando la poes\u00eda a escuelas, comunidades, universidades y espacios sociales donde muchas veces la palabra po\u00e9tica no estaba presente.<\/em><\/p>\n\n\n\n<p><em>Uno de los aspectos m\u00e1s singulares del movimiento ha sido la creaci\u00f3n del Cuerpo Diplom\u00e1tico Po\u00e9tico, integrado por embajadores y c\u00f3nsules de la poes\u00eda, quienes han contribuido activamente a expandir este esp\u00edritu en distintos pa\u00edses.<\/em><\/p>\n\n\n\n<p><em>Como todo proceso vivo, tambi\u00e9n hemos enfrentado desaf\u00edos importantes, como la p\u00e9rdida de nuestra plataforma digital y ataques cibern\u00e9ticos que pusieron a prueba la continuidad del proyecto. Sin embargo, estas dificultades demostraron que lo esencial no era la tecnolog\u00eda, sino la red humana construida a lo largo de los a\u00f1os.<\/em><\/p>\n\n\n\n<p><em>Hoy, tras dos d\u00e9cadas de existencia, Poetas del Mundo es reconocido como un referente cultural a nivel internacional. Su permanencia en el tiempo \u2014sin depender de subvenciones\u2014 y su capacidad de seguir convocando voluntades en torno a la poes\u00eda y la conciencia humana, son quiz\u00e1s la mejor evidencia de la solidez y el sentido de este proyecto.<\/em><\/p>\n\n\n\n<p><strong>Este movimiento tiene un manifiesto universal. \u00bfPuedes resumirnos en qu\u00e9 consiste?<\/strong><\/p>\n\n\n\n<p><em>El Manifiesto Universal de Poetas del Mundo es, en esencia, la expresi\u00f3n de la visi\u00f3n humanista que da sentido al movimiento. No es un texto acad\u00e9mico, sino una declaraci\u00f3n de principios que entiende la poes\u00eda no solo como un ejercicio literario, sino como una forma de conciencia.<\/em><\/p>\n\n\n\n<p><em>El manifiesto plantea que los poetas no pueden ser indiferentes frente a los grandes desaf\u00edos de la humanidad \u2014como la guerra, la desigualdad o la destrucci\u00f3n de la naturaleza\u2014, sino que, desde su libertad creadora, pueden contribuir a generar reflexi\u00f3n y despertar conciencia.<\/em><\/p>\n\n\n\n<p><em>Tambi\u00e9n propone que la poes\u00eda debe salir de los espacios cerrados y volver a encontrarse con la sociedad, llegando a comunidades, escuelas y pueblos, recuperando su dimensi\u00f3n viva y colectiva.<\/em><\/p>\n\n\n\n<p><em>En ese sentido, Poetas del Mundo busca unir voces diversas \u2014de distintas culturas, lenguas y tradiciones\u2014 en torno a valores universales como la paz, la dignidad humana y la hermandad entre los pueblos.<\/em><\/p>\n\n\n\n<p><strong>\u00bfQu\u00e9 pas\u00f3 con la p\u00e1gina web de Poetas del Mundo, que estuvo varios a\u00f1os inactiva, y con la p\u00e1gina de Facebook, que publica contenido que no est\u00e1 relacionado con Poetas del Mundo?<\/strong><\/p>\n\n\n\n<p><em>A lo largo de su historia, Poetas del Mundo no solo ha sido un espacio cultural, sino tambi\u00e9n un movimiento que ha tocado temas sensibles a nivel global. Y eso, inevitablemente, ha tenido consecuencias.<\/em><\/p>\n\n\n\n<p><em>Desde sus primeros a\u00f1os, nuestra plataforma digital comenz\u00f3 a ser objeto de ataques cibern\u00e9ticos e intentos de intervenci\u00f3n. No fueron hechos aislados, sino episodios reiterados que afectaron el funcionamiento de nuestra p\u00e1gina web y, posteriormente, nuestras redes sociales.<\/em><\/p>\n\n\n\n<p><em>Pero m\u00e1s all\u00e1 de lo tecnol\u00f3gico, hubo situaciones a\u00fan m\u00e1s preocupantes. En los primeros a\u00f1os del movimiento, varios poetas miembros \u2014de origen jud\u00edo\u2014 se vieron obligados a renunciar tras haber recibido amenazas. Nunca se logr\u00f3 identificar con certeza a los responsables, pero no tengo dudas de que estas acciones provinieron de sectores interesados en generar divisi\u00f3n y debilitar un espacio que promov\u00eda el di\u00e1logo entre culturas.<\/em><\/p>\n\n\n\n<p><em>El episodio m\u00e1s grave ocurri\u00f3 en 2024, cuando nuestra p\u00e1gina oficial de Facebook fue hackeada. Ese espacio, que reun\u00eda a m\u00e1s de cuarenta mil seguidores, fue tomado por terceros que comenzaron a publicar contenidos completamente ajenos y contrarios al esp\u00edritu de Poetas del Mundo. A pesar de m\u00faltiples gestiones, no ha sido posible recuperarla hasta hoy.<\/em><\/p>\n\n\n\n<p><em>Estos hechos no pueden entenderse como simples incidentes t\u00e9cnicos. Reflejan que, incluso un movimiento cultural y po\u00e9tico, cuando promueve la conciencia, la paz y la fraternidad entre los pueblos, puede incomodar intereses y provocar reacciones.<\/em><\/p>\n\n\n\n<p><em>Sin embargo, hay algo que no pudieron ni podr\u00e1n intervenir: la red humana construida durante a\u00f1os. Poetas de todo el mundo han seguido activos, organizando encuentros, escribiendo y manteniendo vivo el esp\u00edritu del movimiento.<\/em><\/p>\n\n\n\n<p><em>Porque la poes\u00eda, cuando nace de la conciencia, no puede ser silenciada.<\/em><\/p>\n\n\n\n<p><strong>Este pasado 21 de marzo se hizo oficial el relanzamiento de la plataforma de Poetas del Mundo. \u00bfQu\u00e9 novedades trae este movimiento en esta nueva etapa?<\/strong><\/p>\n\n\n\n<p><em>El relanzamiento de Poetas del Mundo marca, m\u00e1s que una continuidad, un verdadero renacimiento del movimiento.<\/em><\/p>\n\n\n\n<p><em>Despu\u00e9s de a\u00f1os dif\u00edciles \u2014marcados por ataques cibern\u00e9ticos, la p\u00e9rdida de nuestra plataforma digital y la desconexi\u00f3n parcial de nuestra red\u2014 asumimos el desaf\u00edo de reconstruir no solo una p\u00e1gina web, sino tambi\u00e9n la memoria y la proyecci\u00f3n del movimiento.<\/em><\/p>\n\n\n\n<p><em>Uno de los hitos m\u00e1s significativos fue la recuperaci\u00f3n inesperada de los archivos hist\u00f3ricos de la antigua plataforma, que durante mucho tiempo se cre\u00edan perdidos. Esto nos permiti\u00f3 no solo rescatar parte de nuestra historia, sino tambi\u00e9n proyectarla hacia el futuro.<\/em><\/p>\n\n\n\n<p><em>La nueva plataforma, lanzada el 21 de marzo de 2026 en el D\u00eda Mundial de la Poes\u00eda, incorpora herramientas actualizadas que facilitan la publicaci\u00f3n de contenidos, la visibilidad de los poetas y la conexi\u00f3n entre miembros a nivel global. Adem\u00e1s, introduce nuevas din\u00e1micas que incentivan la participaci\u00f3n dentro de la comunidad.<\/em><\/p>\n\n\n\n<p><em>Pero esta nueva etapa no es solo tecnol\u00f3gica. Tambi\u00e9n hemos impulsado una reestructuraci\u00f3n organizativa, fortaleciendo la coordinaci\u00f3n internacional y abriendo espacio a nuevas generaciones de poetas, sin perder la experiencia acumulada en estos veinte a\u00f1os.<\/em><\/p>\n\n\n\n<p><em>Hoy, Poetas del Mundo vuelve a abrir sus puertas al planeta con m\u00e1s fuerza, m\u00e1s claridad y una convicci\u00f3n renovada: que la poes\u00eda sigue siendo una herramienta viva para la conciencia, el encuentro y la transformaci\u00f3n humana.<\/em><\/p>\n\n\n\n<p><strong>Poetas del Mundo cumpli\u00f3 20 a\u00f1os, t\u00fa est\u00e1s cumpliendo 70 \u00bfC\u00f3mo percibes el futuro de este movimiento?<\/strong><\/p>\n\n\n\n<p><em>Buena pregunta, y te la agradezco profundamente. Yo no he construido este movimiento para m\u00ed, ni por ego, ni por ambici\u00f3n personal; lo he impulsado con la convicci\u00f3n de que la poes\u00eda debe recuperar el lugar que merece en estos tiempos de caos, fragmentaci\u00f3n y profunda crisis de sentido que vive la humanidad.<\/em><\/p>\n\n\n\n<p><em>Creo firmemente que el proyecto humano solo podr\u00e1 sobrevivir si la inteligencia logra imponerse sobre la bestialidad, si la conciencia colectiva supera la avaricia de quienes hoy concentran poder sin visi\u00f3n humanista. En ese escenario, tanto la filosof\u00eda como la poes\u00eda est\u00e1n llamadas a desempe\u00f1ar un papel esencial en las pr\u00f3ximas d\u00e9cadas, porque no basta con el desarrollo tecnol\u00f3gico si no existe una evoluci\u00f3n \u00e9tica y espiritual que lo acompa\u00f1e.<\/em><\/p>\n\n\n\n<p><em>Por eso considero que los poetas no pueden seguir dispersos, como tampoco los pensadores comprometidos con el destino humano. Es tiempo de unificar energ\u00edas, de construir una conciencia com\u00fan capaz de aportar reflexi\u00f3n, sensibilidad y sentido frente a los grandes desaf\u00edos de nuestra era.<\/em><\/p>\n\n\n\n<p><em>Ahora bien, cuando uno llega a cierta etapa de la vida, comprende con mayor claridad que toda obra verdadera debe trascender a su fundador. Mi mayor preocupaci\u00f3n no es mi permanencia personal, sino c\u00f3mo se articular\u00e1 y proyectar\u00e1 este proceso que hemos construido con tanto esfuerzo colectivo. Miro hacia las nuevas generaciones con esperanza, pero tambi\u00e9n con atenci\u00f3n, buscando se\u00f1ales de quienes puedan asumir esta responsabilidad no como una plataforma de beneficio individual, sino como una misi\u00f3n profundamente \u00e9tica.<\/em><\/p>\n\n\n\n<p><em>Porque llegar\u00e1 el momento en que habr\u00e1 que ceder el lugar. Y cuando eso ocurra, Poetas del Mundo deber\u00e1 quedar en manos de alguien \u2014o de una generaci\u00f3n\u2014 que haya comprendido que este movimiento no pertenece a una persona, sino a una visi\u00f3n: la de poner la poes\u00eda al servicio de la vida, del planeta y de la humanidad.<\/em><\/p>\n\n\n\n<p><em>Si algo deseo para el futuro, es que Poetas del Mundo siga creciendo m\u00e1s all\u00e1 de nombres y tiempos, como una fuerza de conciencia planetaria, capaz de reunir voces diversas en defensa de lo esencial.<\/em><\/p>\n\n\n\n<p><em>Porque mientras exista un ser humano dispuesto a transformar el mundo desde la palabra, este movimiento tendr\u00e1 futuro. Y quiz\u00e1s entonces, m\u00e1s que un movimiento, Poetas del Mundo llegar\u00e1 a ser parte de una nueva conciencia para la humanidad.<\/em><\/p>\n\n\n\n<p><strong>\u00bfEn cu\u00e1ntos pa\u00edses tiene presencia el Movimiento Poetas del Mundo?<\/strong><\/p>\n\n\n\n<p><em>Hoy, Poetas del Mundo tiene presencia en 143 pa\u00edses, extendiendo su voz a trav\u00e9s de continentes, culturas y lenguas diversas. Es una red viva que late en distintos rincones del planeta, uniendo sensibilidades que, aunque distantes geogr\u00e1ficamente, comparten una misma conciencia humana.<\/em><\/p>\n\n\n\n<p><em>Pero m\u00e1s que una cifra, esto representa un proceso en movimiento. Nuestro horizonte no tiene fronteras: aspiramos a llegar a todos los territorios donde exista un ser humano dispuesto a transformar la realidad a trav\u00e9s de la palabra.<\/em><\/p>\n\n\n\n<p><em>El verdadero destino de Poetas del Mundo no est\u00e1 solo en su expansi\u00f3n geogr\u00e1fica, sino en la fuerza de las nuevas generaciones, que emergen en un tiempo de crisis global, pero tambi\u00e9n de despertar.<\/em><\/p>\n\n\n\n<p><em>Son ellas las que dar\u00e1n continuidad a este movimiento, haciendo de la poes\u00eda no solo un arte, sino una herramienta de conciencia, de encuentro y de transformaci\u00f3n para la humanidad.<\/em><\/p>\n\n\n\n<p><em>Porque mientras exista un poeta en cualquier lugar del mundo, Poetas del Mundo seguir\u00e1 creciendo.<\/em><\/p>\n\n\n\n<p><strong>\u00bfPuedes compartir los principales detalles de la convocatoria global para poemas en videos?<\/strong><\/p>\n\n\n\n<p><em>Vivimos en una paradoja: las principales plataformas de difusi\u00f3n \u2014como Facebook o YouTube\u2014 est\u00e1n en manos de grandes corporaciones que muchas veces influyen en la forma en que circula la informaci\u00f3n a nivel global. Sin embargo, hoy por hoy, tambi\u00e9n son las herramientas m\u00e1s eficaces para difundir el arte y llegar a p\u00fablicos amplios.<\/em><\/p>\n\n\n\n<p><em>Desde Poetas del Mundo creemos que, m\u00e1s que rechazarlas, debemos utilizarlas de manera consciente y estrat\u00e9gica, poniendo estos espacios al servicio de la poes\u00eda y de los valores humanos que promovemos.<\/em><\/p>\n\n\n\n<p><em>En ese contexto, hemos lanzado una convocatoria global para la creaci\u00f3n de poemas en formato video, buscando adaptarnos a los nuevos lenguajes digitales y ampliar el alcance de la palabra po\u00e9tica.<\/em><\/p>\n\n\n\n<p><em>Invitamos a poetas de todo el mundo a enviar videos breves, en formato vertical, de entre 10 y 30 segundos, grabados preferentemente con dispositivos m\u00f3viles en plano fijo, para facilitar su visualizaci\u00f3n.<\/em><\/p>\n\n\n\n<p><em>Los contenidos deben abordar tem\u00e1ticas como la paz, la humanidad, la conciencia global, el sufrimiento de los pueblos, la infancia en contextos de guerra y el despertar de la conciencia colectiva.<\/em><\/p>\n\n\n\n<p><em>Todos los videos ser\u00e1n editados y difundidos a trav\u00e9s de nuestros canales oficiales, siempre con el debido cr\u00e9dito a sus autores.<\/em><\/p>\n\n\n\n<p><em>Las postulaciones pueden enviarse v\u00eda WhatsApp o correo electr\u00f3nico, como una forma directa y accesible de participaci\u00f3n global.<\/em><\/p>\n\n\n\n<p><em>Esta iniciativa busca no solo difundir la poes\u00eda, sino tambi\u00e9n construir un lenguaje contempor\u00e1neo capaz de dialogar con las nuevas generaciones, sin perder la profundidad ni el compromiso que caracteriza a nuestro movimiento.<\/em><\/p>\n\n\n\n<p><strong>Has recorrido incontables pa\u00edses. \u00bfQu\u00e9 an\u00e9cdota curiosa que hayas vivido nos puedes compartir?<\/strong><\/p>\n\n\n\n<p><em>Imaginar\u00e1s que, despu\u00e9s de tantos a\u00f1os recorriendo el mundo, participando en encuentros con poetas, reuni\u00e9ndome con dirigentes sociales, parlamentarios e incluso presidentes, las an\u00e9cdotas son innumerables. Muchas de ellas, por respeto, deben quedar en la intimidad: experiencias vividas en contextos complejos, como en Colombia antes del proceso de paz, en territorios de Chiapas o en encuentros con poetas palestinos en Jordania, donde la poes\u00eda se entrelaza inevitablemente con la realidad pol\u00edtica.<\/em><\/p>\n\n\n\n<p><em>Porque cuando la paz es uno de los pilares de nuestro movimiento, uno no puede evitar situarse en medio de esas tensiones.<\/em><\/p>\n\n\n\n<p><em>Pero si debo compartir una an\u00e9cdota curiosa, hay una que siempre regresa a mi memoria.<\/em><\/p>\n\n\n\n<p><em>Me encontraba en Rabat, reunido con poetas \u00e1rabes y amaziges, cuando lleg\u00f3 la poeta marroqu\u00ed Fatima Bouhraka, quien hab\u00eda viajado desde Fez para invitarme a conocer su ciudad. Acept\u00e9, y viv\u00ed all\u00ed tres d\u00edas inolvidables. Luego deb\u00eda continuar mi viaje hacia una ciudad cercana a Melilla, en un trayecto de catorce horas en bus, en condiciones bastante precarias.<\/em><\/p>\n\n\n\n<p><em>Fatima me acompa\u00f1\u00f3 hasta el terminal y se asegur\u00f3 de dejarme instalado en el bus. Aunque insist\u00ed en que se marchara tranquila, esper\u00f3 hasta el \u00faltimo momento. Finalmente se fue, y yo pens\u00e9 que todo estaba en orden.<\/em><\/p>\n\n\n\n<p><em>Pero poco despu\u00e9s, subi\u00f3 un hombre al bus y comenz\u00f3 a hablar en \u00e1rabe. No entend\u00eda absolutamente nada. De pronto, aproximadamente la mitad de los pasajeros se levant\u00f3 y baj\u00f3 apresuradamente para abordar otro bus. La otra mitad permaneci\u00f3 inm\u00f3vil. Yo, sin comprender la situaci\u00f3n, solo repet\u00eda el nombre de mi destino esperando alguna se\u00f1al.<\/em><\/p>\n\n\n\n<p><em>Pasaron unos minutos hasta que alguien, con un gesto amable, me indic\u00f3 que deb\u00eda cambiar de bus. Me dirig\u00ed hacia el otro veh\u00edculo: estaba completamente lleno, con personas de pie, cargadas de bultos y paquetes.<\/em><\/p>\n\n\n\n<p><em>Sub\u00ed como pude. Y entonces ocurri\u00f3 algo que hasta hoy no logro explicar: en la primera fila hab\u00eda un asiento vac\u00edo. Entre se\u00f1as y sonrisas, me hicieron entender que ese lugar estaba reservado para m\u00ed.<\/em><\/p>\n\n\n\n<p><em>Nunca supe por qu\u00e9.<\/em><\/p>\n\n\n\n<p><em>Pero en medio del caos, del idioma desconocido y de la incertidumbre, alguien \u2014sin palabras\u2014 hab\u00eda decidido hacerme un espacio.<\/em><\/p>\n\n\n\n<p><em>Y quiz\u00e1s esa es tambi\u00e9n una forma de la poes\u00eda<\/em>.<\/p>\n\n\n\n<p><strong>H\u00e1blanos de tu libro que has publicado recientemente.<\/strong><\/p>\n\n\n\n<p><em>Hablar de Agualuna es, en cierto modo, hablar de un momento de ruptura en mi propia vida. Aunque fue publicado hace veinticinco a\u00f1os, hoy renace en su primera edici\u00f3n digital, como si el tiempo \u2014lejos de cerrarlo\u2014 lo hubiese estado preparando para este nuevo encuentro con los lectores.<\/em><\/p>\n\n\n\n<p><em>Agualuna no es simplemente un libro; es una experiencia. Es el testimonio de un instante en que la vida irrumpe con fuerza y desordena todas nuestras certezas. Yo ven\u00eda de una formaci\u00f3n profundamente racional, estructurada, incluso materialista, y de pronto me veo enfrentado a un acontecimiento que no pod\u00eda explicar desde esa l\u00f3gica.&nbsp;<\/em><\/p>\n\n\n\n<p><em>Lo que all\u00ed ocurre es, en esencia, un tr\u00e1nsito: el paso desde una comprensi\u00f3n del mundo basada en la raz\u00f3n hacia otra donde el misterio, la intuici\u00f3n y lo invisible comienzan a tener un lugar. Y ese tr\u00e1nsito no es c\u00f3modo. Es doloroso, contradictorio, profundamente humano.<\/em><\/p>\n\n\n\n<p><em>Agualuna \u2014m\u00e1s que un personaje\u2014 es un s\u00edmbolo. Es la irrupci\u00f3n de lo inexplicable en la vida cotidiana. Es esa fuerza que llega sin pedir permiso, que transforma, que desarma, y que muchas veces se va sin ofrecer respuestas. Y, sin embargo, deja una huella irreversible.<\/em><\/p>\n\n\n\n<p><em>El libro est\u00e1 construido como un di\u00e1logo entre la prosa y la poes\u00eda, porque hay experiencias que no pueden ser contenidas solo en el lenguaje racional. La poes\u00eda aparece all\u00ed como una necesidad, como una forma de decir lo que no se puede explicar, de tocar aquello que escapa a la l\u00f3gica.<\/em><\/p>\n\n\n\n<p><em>En el fondo, Agualuna plantea una pregunta que sigue vigente: \u00bfqu\u00e9 es lo que verdaderamente nos transforma? \u00bfEs la raz\u00f3n, o es el amor? \u00bfEs la certeza, o es el misterio?<\/em><\/p>\n\n\n\n<p><em>Hoy, al verlo circular en formato digital, siento que el libro encuentra un nuevo tiempo. Porque quiz\u00e1s la humanidad est\u00e1 comenzando a hacerse esas mismas preguntas con mayor urgencia.<\/em><\/p>\n\n\n\n<p><em>Y tal vez, solo tal vez, la verdadera revoluci\u00f3n \u2014como lo intu\u00eda entonces y lo sigo creyendo ahora\u2014 no est\u00e1 en las estructuras externas, sino en el despertar del coraz\u00f3n.<\/em><\/p>\n\n\n\n<p><strong>\u00bfQue represent\u00f3 para ti haber sido el prologuista de CANTO PLANETARIO?<\/strong><\/p>\n\n\n\n<p><em>Represent\u00f3, ante todo, un honor profundo, pero tambi\u00e9n una responsabilidad que, en un primer momento, sent\u00ed casi imposible de asumir. Prologar una obra como Canto Planetario, en la que convergen poetas de pr\u00e1cticamente todo el mundo \u2014en decenas de lenguas, si no recuerdo mal, alrededor de 77 idiomas\u2014, es enfrentarse a una expresi\u00f3n colectiva de la humanidad que trasciende lo literario para convertirse en un verdadero testimonio de nuestro tiempo.<\/em><\/p>\n\n\n\n<p><em>Al inicio, debo confesar que no comprend\u00eda por qu\u00e9 me otorgabas ese lugar. No soy un acad\u00e9mico ni un especialista formado en las aulas de la literatura; soy, m\u00e1s bien, un autodidacta que ha aprendido desde la experiencia, desde la vida y desde la poes\u00eda misma. As\u00ed te lo manifest\u00e9 en su momento.<\/em><\/p>\n\n\n\n<p><em>Sin embargo, tu insistencia no apuntaba a los t\u00edtulos ni a las credenciales, sino a algo m\u00e1s esencial: a la vivencia, al compromiso y a la visi\u00f3n de la poes\u00eda como un lenguaje universal capaz de reunir a los pueblos.<\/em><\/p>\n\n\n\n<p><em>Con el paso del proceso, comprend\u00ed que ese pr\u00f3logo no deb\u00eda ser un an\u00e1lisis t\u00e9cnico ni una lectura cr\u00edtica convencional, sino una apertura de conciencia. Una invitaci\u00f3n a entender que est\u00e1bamos frente a una obra \u00fanica: un canto m\u00faltiple, diverso, profundamente humano, donde cada voz, desde su geograf\u00eda y su cultura, aporta a una sola respiraci\u00f3n planetaria.<\/em><\/p>\n\n\n\n<p><em>Ser prologuista de Canto Planetario fue, en definitiva, asumir el desaf\u00edo de poner palabras al esp\u00edritu de una obra que, en s\u00ed misma, ya las trasciende.<\/em><\/p>\n\n\n\n<p>En el siguiente enlace, Luis Arias, habla del Movimiento Poetas del Mundo: <a href=\"https:\/\/youtu.be\/a-zrDL_-zc8?si=mNO920DQRknKxuBZ\">https:\/\/youtu.be\/a-zrDL_-zc8?si=mNO920DQRknKxuBZ<\/a><\/p>\n\n\n\n<h3 class=\"wp-block-heading has-text-align-center\"><br>Carlos Javier Jarqu\u00edn<\/h3>\n\n\n\n<div class=\"wp-block-columns is-layout-flex wp-container-core-columns-is-layout-9d6595d7 wp-block-columns-is-layout-flex\">\n<div class=\"wp-block-column is-layout-flow wp-block-column-is-layout-flow\">\n<h3 class=\"wp-block-heading has-text-align-center has-electric-grass-gradient-background has-background\"><a href=\"https:\/\/www.youtube.com\/channel\/UC5u_MmMI3VR8ZFuCfCav5sg\" title=\"YouTube\">YouTube<\/a><\/h3>\n<\/div>\n\n\n\n<div class=\"wp-block-column is-layout-flow wp-block-column-is-layout-flow\">\n<h3 class=\"wp-block-heading has-text-align-center has-electric-grass-gradient-background has-background\"><a href=\"https:\/\/www.facebook.com\/carlos.jarquin.568\" target=\"_blank\" rel=\"noopener\" title=\"Facebook\">Facebook<\/a><\/h3>\n<\/div>\n\n\n\n<div class=\"wp-block-column is-layout-flow wp-block-column-is-layout-flow\">\n<h3 class=\"wp-block-heading has-text-align-center has-electric-grass-gradient-background has-background\"><a href=\"https:\/\/www.instagram.com\/el_chicopoeta\/\" title=\"Instagram\">Instagram<\/a><\/h3>\n<\/div>\n<\/div>\n\n\n\n<p><a href=\"http:\/\/jornalrol.com.br\/\" title=\"Voltar\">Voltar<\/a><\/p>\n\n\n\n<p><a href=\"https:\/\/www.facebook.com\/JCulturalrol\/\" title=\"Facebook\">Facebook<\/a><\/p>\n\n\n\n<h3 class=\"wp-block-heading has-text-align-center\"><\/h3>\n\n\n\n<p class=\"has-text-align-center\"><br><\/p>\n","protected":false},"excerpt":{"rendered":"<p>Hoy tengo el privilegio de presentarles a un poeta que ha recorrido el mundo gracias a su arte po\u00e9tico: hablo del poeta chileno Luis Arias Manzo, Secretario\u2026 <\/p>\n","protected":false},"author":126,"featured_media":80418,"comment_status":"open","ping_status":"closed","sticky":false,"template":"","format":"standard","meta":{"_jetpack_newsletter_access":"","_jetpack_dont_email_post_to_subs":false,"_jetpack_newsletter_tier_id":0,"_jetpack_memberships_contains_paywalled_content":false,"_jetpack_memberships_contains_paid_content":false,"footnotes":""},"categories":[15034,9285],"tags":[16778,16387,16777,16779],"class_list":["post-80416","post","type-post","status-publish","format-standard","has-post-thumbnail","hentry","category-entrevistas-rolianas-literatura","category-literatura","tag-athanase-vantchev-de-tracy","tag-luis-arias-manzo","tag-maggy-gomez-sepulveda","tag-marc-galan"],"aioseo_notices":[],"views":130,"jetpack_featured_media_url":"https:\/\/jornalrol.com.br\/wp-content\/uploads\/2026\/04\/FB_IMG_1777460215185.jpg","jetpack_sharing_enabled":true,"jetpack_likes_enabled":true,"jetpack-related-posts":[{"id":79090,"url":"https:\/\/jornalrol.com.br\/?p=79090","url_meta":{"origin":80416,"position":0},"title":"Parvej Husen Talukder","author":"Carlos Javier Jarquin","date":"20 de mar\u00e7o de 2026","format":false,"excerpt":"Hoy les traigo una charla inspiradora con un gran amigo que me ha dejado asombrado por sus logros a sus apenas 20 a\u00f1os. Les presento a Parvej Husen Talukder\u2026","rel":"","context":"Em &quot;Entrevistas ROLianas&quot;","block_context":{"text":"Entrevistas ROLianas","link":"https:\/\/jornalrol.com.br\/?cat=10024"},"img":{"alt_text":"Parvej Husen Talukder, poeta, escritor, emprendedor y aspirante a ingeniero en computaci\u00f3n. Naci\u00f3 el 23 de agosto de 2005 en Derai Upazila, Bangladesh. Su padre es m\u00e9dico de aldea y su madre, ama de casa; \u00e9l es el mayor de cinco hermanos.","src":"https:\/\/i0.wp.com\/jornalrol.com.br\/wp-content\/uploads\/2026\/03\/parvej.jpg?resize=350%2C200&ssl=1","width":350,"height":200,"srcset":"https:\/\/i0.wp.com\/jornalrol.com.br\/wp-content\/uploads\/2026\/03\/parvej.jpg?resize=350%2C200&ssl=1 1x, https:\/\/i0.wp.com\/jornalrol.com.br\/wp-content\/uploads\/2026\/03\/parvej.jpg?resize=525%2C300&ssl=1 1.5x, https:\/\/i0.wp.com\/jornalrol.com.br\/wp-content\/uploads\/2026\/03\/parvej.jpg?resize=700%2C400&ssl=1 2x"},"classes":[]},{"id":78253,"url":"https:\/\/jornalrol.com.br\/?p=78253","url_meta":{"origin":80416,"position":1},"title":"Movimento Cultivista Caf\u00e9 com Poemas Sorocaba","author":"Sergio Diniz da Costa","date":"4 de fevereiro de 2026","format":false,"excerpt":"A literatura brasileira atravessou fronteiras para dialogar com uma das tradi\u00e7\u00f5es liter\u00e1rias mais influentes do mundo, participando da Feira Internacional...","rel":"","context":"Em &quot;Literatura&quot;","block_context":{"text":"Literatura","link":"https:\/\/jornalrol.com.br\/?cat=9285"},"img":{"alt_text":"Logo do Movimento Cultivista Caf\u00e9 com Poemas","src":"https:\/\/i0.wp.com\/jornalrol.com.br\/wp-content\/uploads\/2026\/02\/40d5a154-4294-435f-b50d-ad56ec9156f9.jpg?resize=350%2C200&ssl=1","width":350,"height":200},"classes":[]},{"id":42897,"url":"https:\/\/jornalrol.com.br\/?p=42897","url_meta":{"origin":80416,"position":2},"title":"Pietro Costa: &#039;O aceno do poeta&#039;","author":"Pietro Costa","date":"14 de julho de 2021","format":false,"excerpt":"O aceno do poeta N\u00e3o me importa se passou mais um ano N\u00e3o me importa o rel\u00e2mpago cantando N\u00e3o me importam insetos conspirando Ou mesmo se h\u00e1 corvos se digladiando \u00a0 N\u00e3o me importa o sol, se est\u00e1 se extenuando N\u00e3o me importam os orvalhos se est\u00e3o se esgotando N\u00e3o\u2026","rel":"","context":"Em &quot;Comunica\u00e7\u00e3o&quot;","block_context":{"text":"Comunica\u00e7\u00e3o","link":"https:\/\/jornalrol.com.br\/?cat=7"},"img":{"alt_text":"","src":"https:\/\/i0.wp.com\/www.jornalrol.com.br\/wp-content\/uploads\/2020\/11\/foto-Pietro-Costa-150x150.jpg?resize=350%2C200","width":350,"height":200},"classes":[]},{"id":73673,"url":"https:\/\/jornalrol.com.br\/?p=73673","url_meta":{"origin":80416,"position":3},"title":"De poeta para poeta","author":"Marta Oliveri","date":"16 de junho de 2025","format":false,"excerpt":"No vasto mapa po\u00e9tico universal, existem diferentes esp\u00e9cies de poetas. H\u00e1 poetas do decoro, poetas da formalidade e do preciosismo. H\u00e1 poetas da emo\u00e7\u00e3o pura...","rel":"","context":"Em &quot;artigos&quot;","block_context":{"text":"artigos","link":"https:\/\/jornalrol.com.br\/?cat=9398"},"img":{"alt_text":"Humberto Napole\u00f3n Varela Robalino","src":"https:\/\/i0.wp.com\/jornalrol.com.br\/wp-content\/uploads\/2025\/06\/281805674_1570723076655147_6641313955898417498_n.jpg?resize=350%2C200&ssl=1","width":350,"height":200,"srcset":"https:\/\/i0.wp.com\/jornalrol.com.br\/wp-content\/uploads\/2025\/06\/281805674_1570723076655147_6641313955898417498_n.jpg?resize=350%2C200&ssl=1 1x, https:\/\/i0.wp.com\/jornalrol.com.br\/wp-content\/uploads\/2025\/06\/281805674_1570723076655147_6641313955898417498_n.jpg?resize=525%2C300&ssl=1 1.5x, https:\/\/i0.wp.com\/jornalrol.com.br\/wp-content\/uploads\/2025\/06\/281805674_1570723076655147_6641313955898417498_n.jpg?resize=700%2C400&ssl=1 2x, https:\/\/i0.wp.com\/jornalrol.com.br\/wp-content\/uploads\/2025\/06\/281805674_1570723076655147_6641313955898417498_n.jpg?resize=1050%2C600&ssl=1 3x"},"classes":[]},{"id":79864,"url":"https:\/\/jornalrol.com.br\/?p=79864","url_meta":{"origin":80416,"position":4},"title":"Jerusha Kananu Marete","author":"Carlos Javier Jarquin","date":"7 de abril de 2026","format":false,"excerpt":"Hoy tengo el grato placer de presentarles a una gran poeta, promotora y gestora cultural, y por supuesto, profesora: Jerusha Kananu Marete. Naci\u00f3 en 1984...","rel":"","context":"Em &quot;Entrevistas ROLianas&quot;","block_context":{"text":"Entrevistas ROLianas","link":"https:\/\/jornalrol.com.br\/?cat=15034"},"img":{"alt_text":"Jerusha Kananu, habla tres idiomas: kimeru, suajili e ingl\u00e9s. Es una mujer profundamente comprometida con el arte, su cultura y su lengua materna, el kimeru. Actualmente reside en Columbus, Ohio, Estados Unidos. Foto\/ Cortes\u00eda de Jerusha Kananu","src":"https:\/\/i0.wp.com\/jornalrol.com.br\/wp-content\/uploads\/2026\/04\/IMG-20260314-WA0031.jpg?resize=350%2C200&ssl=1","width":350,"height":200,"srcset":"https:\/\/i0.wp.com\/jornalrol.com.br\/wp-content\/uploads\/2026\/04\/IMG-20260314-WA0031.jpg?resize=350%2C200&ssl=1 1x, https:\/\/i0.wp.com\/jornalrol.com.br\/wp-content\/uploads\/2026\/04\/IMG-20260314-WA0031.jpg?resize=525%2C300&ssl=1 1.5x"},"classes":[]},{"id":45280,"url":"https:\/\/jornalrol.com.br\/?p=45280","url_meta":{"origin":80416,"position":5},"title":"De Quito, Equador, o grande poeta latinoamericano Humberto Napole\u00f3n \u00e9 o novo colaborador do ROL!","author":"Sergio Diniz da Costa","date":"4 de outubro de 2021","format":false,"excerpt":"Considerado O Poeta do S\u00e9culo XX da Am\u00e9rica Latina pela Revista ACERVUM, suplemento da Revista Po\u00e9tica Brasileira, Humberto Napole\u00f3n abrilhanta ainda mais o quadro de colaboradores do ROL! Considerado El Poeta Latinoamericano del Siglo XX por la Revista ACERVUM, suplemente de Revista Po\u00e9tica Brasileira, \u00a1Humberto Napole\u00f3n mejora a\u00fan m\u00e1s el\u2026","rel":"","context":"Em &quot;Comunica\u00e7\u00e3o&quot;","block_context":{"text":"Comunica\u00e7\u00e3o","link":"https:\/\/jornalrol.com.br\/?cat=7"},"img":{"alt_text":"","src":"https:\/\/i0.wp.com\/jornalrol.com.br\/wp-content\/uploads\/2021\/10\/399046f4-3f8f-41ee-a10d-2b5310df5b03-230x300.jpg?resize=350%2C200","width":350,"height":200},"classes":[]}],"_links":{"self":[{"href":"https:\/\/jornalrol.com.br\/index.php?rest_route=\/wp\/v2\/posts\/80416","targetHints":{"allow":["GET"]}}],"collection":[{"href":"https:\/\/jornalrol.com.br\/index.php?rest_route=\/wp\/v2\/posts"}],"about":[{"href":"https:\/\/jornalrol.com.br\/index.php?rest_route=\/wp\/v2\/types\/post"}],"author":[{"embeddable":true,"href":"https:\/\/jornalrol.com.br\/index.php?rest_route=\/wp\/v2\/users\/126"}],"replies":[{"embeddable":true,"href":"https:\/\/jornalrol.com.br\/index.php?rest_route=%2Fwp%2Fv2%2Fcomments&post=80416"}],"version-history":[{"count":1,"href":"https:\/\/jornalrol.com.br\/index.php?rest_route=\/wp\/v2\/posts\/80416\/revisions"}],"predecessor-version":[{"id":80421,"href":"https:\/\/jornalrol.com.br\/index.php?rest_route=\/wp\/v2\/posts\/80416\/revisions\/80421"}],"wp:featuredmedia":[{"embeddable":true,"href":"https:\/\/jornalrol.com.br\/index.php?rest_route=\/wp\/v2\/media\/80418"}],"wp:attachment":[{"href":"https:\/\/jornalrol.com.br\/index.php?rest_route=%2Fwp%2Fv2%2Fmedia&parent=80416"}],"wp:term":[{"taxonomy":"category","embeddable":true,"href":"https:\/\/jornalrol.com.br\/index.php?rest_route=%2Fwp%2Fv2%2Fcategories&post=80416"},{"taxonomy":"post_tag","embeddable":true,"href":"https:\/\/jornalrol.com.br\/index.php?rest_route=%2Fwp%2Fv2%2Ftags&post=80416"}],"curies":[{"name":"wp","href":"https:\/\/api.w.org\/{rel}","templated":true}]}}