{"id":80426,"date":"2026-04-29T10:48:23","date_gmt":"2026-04-29T13:48:23","guid":{"rendered":"https:\/\/jornalrol.com.br\/?p=80426"},"modified":"2026-04-29T10:51:16","modified_gmt":"2026-04-29T13:51:16","slug":"tudo-por-conta-de-uma-anagua","status":"publish","type":"post","link":"https:\/\/jornalrol.com.br\/?p=80426","title":{"rendered":"Tudo por conta de uma an\u00e1gua"},"content":{"rendered":"<div class=\"pdfprnt-buttons pdfprnt-buttons-post pdfprnt-top-right\"><a href=\"https:\/\/jornalrol.com.br\/index.php?rest_route=%2Fwp%2Fv2%2Fposts%2F80426&print=pdf\" class=\"pdfprnt-button pdfprnt-button-pdf\" target=\"_blank\" ><\/a><a href=\"https:\/\/jornalrol.com.br\/index.php?rest_route=%2Fwp%2Fv2%2Fposts%2F80426&print=print\" class=\"pdfprnt-button pdfprnt-button-print\" target=\"_blank\" ><img decoding=\"async\" src=\"https:\/\/jornalrol.com.br\/wp-content\/plugins\/pdf-print\/images\/print.png\" alt=\"image_print\" title=\"Conte\u00fado de impress\u00e3o\" \/><\/a><\/div>\n<h2 class=\"wp-block-heading has-text-align-center\">Eduardo Cesario-Mart\u00ednez<br><br> Conto &#8216;Tudo por conta de uma an\u00e1gua&#8217;<br><br><\/h2>\n\n\n<div class=\"wp-block-image\">\n<figure class=\"aligncenter size-full is-resized\"><img loading=\"lazy\" decoding=\"async\" width=\"1441\" height=\"2560\" data-attachment-id=\"77180\" data-permalink=\"https:\/\/jornalrol.com.br\/?attachment_id=77180\" data-orig-file=\"https:\/\/jornalrol.com.br\/wp-content\/uploads\/2025\/12\/7EB822FD-90B1-44D4-A567-7E7490FD3E6E-1-2-scaled-1.jpg\" data-orig-size=\"1441,2560\" data-comments-opened=\"1\" data-image-meta=\"{&quot;aperture&quot;:&quot;0&quot;,&quot;credit&quot;:&quot;&quot;,&quot;camera&quot;:&quot;&quot;,&quot;caption&quot;:&quot;&quot;,&quot;created_timestamp&quot;:&quot;0&quot;,&quot;copyright&quot;:&quot;&quot;,&quot;focal_length&quot;:&quot;0&quot;,&quot;iso&quot;:&quot;0&quot;,&quot;shutter_speed&quot;:&quot;0&quot;,&quot;title&quot;:&quot;&quot;,&quot;orientation&quot;:&quot;0&quot;}\" data-image-title=\"7EB822FD-90B1-44D4-A567-7E7490FD3E6E-1-2-scaled\" data-image-description=\"&lt;p&gt;Eduardo Mart\u00ednez &amp;#8211; Foto por Irene Oliveira&lt;\/p&gt;\n\" data-image-caption=\"&lt;p&gt;Eduardo Mart\u00ednez &amp;#8211; Foto por Irene Oliveira&lt;\/p&gt;\n\" data-large-file=\"https:\/\/jornalrol.com.br\/wp-content\/uploads\/2025\/12\/7EB822FD-90B1-44D4-A567-7E7490FD3E6E-1-2-scaled-1.jpg\" src=\"http:\/\/jornalrol.com.br\/wp-content\/uploads\/2025\/12\/7EB822FD-90B1-44D4-A567-7E7490FD3E6E-1-2-scaled-1.jpg\" alt=\"Eduardo Cesario-Mart\u00ednez. Foto por Irene Oliveira\" class=\"wp-image-77180\" style=\"aspect-ratio:0.562896571943124;width:188px;height:auto\" srcset=\"https:\/\/jornalrol.com.br\/wp-content\/uploads\/2025\/12\/7EB822FD-90B1-44D4-A567-7E7490FD3E6E-1-2-scaled-1.jpg 1441w, https:\/\/jornalrol.com.br\/wp-content\/uploads\/2025\/12\/7EB822FD-90B1-44D4-A567-7E7490FD3E6E-1-2-scaled-1-675x1200.jpg 675w, https:\/\/jornalrol.com.br\/wp-content\/uploads\/2025\/12\/7EB822FD-90B1-44D4-A567-7E7490FD3E6E-1-2-scaled-1-768x1364.jpg 768w, https:\/\/jornalrol.com.br\/wp-content\/uploads\/2025\/12\/7EB822FD-90B1-44D4-A567-7E7490FD3E6E-1-2-scaled-1-865x1536.jpg 865w, https:\/\/jornalrol.com.br\/wp-content\/uploads\/2025\/12\/7EB822FD-90B1-44D4-A567-7E7490FD3E6E-1-2-scaled-1-1153x2048.jpg 1153w\" sizes=\"auto, (max-width: 1441px) 100vw, 1441px\" \/><figcaption class=\"wp-element-caption\">Eduardo Cesario-Mart\u00ednez  <br>Foto por Irene Oliveira<\/figcaption><\/figure>\n<\/div>\n\n<div class=\"wp-block-image\">\n<figure class=\"aligncenter size-full\"><img loading=\"lazy\" decoding=\"async\" width=\"1280\" height=\"738\" data-attachment-id=\"80427\" data-permalink=\"https:\/\/jornalrol.com.br\/?attachment_id=80427\" data-orig-file=\"https:\/\/jornalrol.com.br\/wp-content\/uploads\/2026\/04\/31a257bb-2cae-4bd3-b707-349ec5800d44.jpg\" data-orig-size=\"1280,738\" data-comments-opened=\"1\" data-image-meta=\"{&quot;aperture&quot;:&quot;0&quot;,&quot;credit&quot;:&quot;&quot;,&quot;camera&quot;:&quot;&quot;,&quot;caption&quot;:&quot;&quot;,&quot;created_timestamp&quot;:&quot;0&quot;,&quot;copyright&quot;:&quot;&quot;,&quot;focal_length&quot;:&quot;0&quot;,&quot;iso&quot;:&quot;0&quot;,&quot;shutter_speed&quot;:&quot;0&quot;,&quot;title&quot;:&quot;&quot;,&quot;orientation&quot;:&quot;0&quot;}\" data-image-title=\"31a257bb-2cae-4bd3-b707-349ec5800d44\" data-image-description=\"\" data-image-caption=\"\" data-large-file=\"https:\/\/jornalrol.com.br\/wp-content\/uploads\/2026\/04\/31a257bb-2cae-4bd3-b707-349ec5800d44.jpg\" src=\"https:\/\/jornalrol.com.br\/wp-content\/uploads\/2026\/04\/31a257bb-2cae-4bd3-b707-349ec5800d44.jpg\" alt=\"Imagem criada pela IA do Gemini\" class=\"wp-image-80427\" srcset=\"https:\/\/jornalrol.com.br\/wp-content\/uploads\/2026\/04\/31a257bb-2cae-4bd3-b707-349ec5800d44.jpg 1280w, https:\/\/jornalrol.com.br\/wp-content\/uploads\/2026\/04\/31a257bb-2cae-4bd3-b707-349ec5800d44-1200x692.jpg 1200w, https:\/\/jornalrol.com.br\/wp-content\/uploads\/2026\/04\/31a257bb-2cae-4bd3-b707-349ec5800d44-768x443.jpg 768w\" sizes=\"auto, (max-width: 1280px) 100vw, 1280px\" \/><figcaption class=\"wp-element-caption\"><em>Imagem criada pela IA do Gemini<\/em><\/figcaption><\/figure>\n<\/div>\n\n\n<p class=\"has-drop-cap\">N\u00e3o foi muito antes de contemplar meus primeiros pelos debaixo do nariz. Talvez, pelo longo espa\u00e7o temporal, eu esteja cometendo uma pequena falha de meses ou, pode at\u00e9 ser, alguns anos. Na verdade, tais detalhes s\u00e3o irrelevantes. Certamente, n\u00e3o havia chegado aos 20. Ou n\u00e3o.<\/p>\n\n\n\n<p>&nbsp; &nbsp; &nbsp;&nbsp;&nbsp;&nbsp;&nbsp; L\u00e1 estava diante da porta da casa da Matilda, j\u00e1 uma velha naquela \u00e9poca. Hoje, bem sei, ela est\u00e1 h\u00e1 pelo menos 30 anos deitada no S\u00e3o Jo\u00e3o Batista, endere\u00e7o eterno de tantos famosos, al\u00e9m de um n\u00famero infinito de meros mortais. Seja como for, a soberba de alguns parece ter sido em v\u00e3o, j\u00e1 que todos, no final, se igualaram.&nbsp;<\/p>\n\n\n\n<p>&nbsp; &nbsp; &nbsp;&nbsp;&nbsp;&nbsp;&nbsp; Provavelmente, voc\u00ea, que aqui me l\u00ea, deve estar agoniado diante de tanta enrola\u00e7\u00e3o. Que seja! Vou desembuchar, antes que perca mais um leitor, que, at\u00e9 onde consta, n\u00e3o s\u00e3o muitos. Estava ali por conta de uma encomenda. Digo, uma an\u00e1gua.&nbsp;<\/p>\n\n\n\n<p>&nbsp; &nbsp; &nbsp;&nbsp;&nbsp;&nbsp;&nbsp; Dei dois toques sutis na carcomida porta de madeira, o suficiente para me fazer anunciado. N\u00e3o demorou, Matilda veio me atender. Fui recebido com um largo sorriso. A idosa, que h\u00e1 pouco havia trocado a dentadura, andava sorridente. Motivo outro, diziam \u00e0 boca pequena, era por causa de um primo do falecido marido. Como n\u00e3o entendia dessas coisas naqueles idos ou, ent\u00e3o, meu olhar estava mais preocupado com as pernas torneadas da Sandrinha, n\u00e3o posso dizer que sim ou que n\u00e3o.&nbsp;<\/p>\n\n\n\n<p>&nbsp; &nbsp; &nbsp;&nbsp;&nbsp;&nbsp;&nbsp; A velha me convidou para entrar. Havia duas outras senhoras na ampla sala. A gordinha, eu conhecia. N\u00e3o me recordo do seu nome. Elaine ou Eliane ou algo assim. Elisa? Pode ser. N\u00e3o importa. A outra, uma mulher de apar\u00eancia elegante, nunca havia visto. Bem que poderia ser capa de alguma revista de artistas. Exagero ou realidade, n\u00e3o posso afirmar, mas \u00e9 como me recordo dos seus tra\u00e7os.&nbsp;<\/p>\n\n\n\n<p>&nbsp; &nbsp; &nbsp;&nbsp;&nbsp;&nbsp;&nbsp; \u2014 Um instante, Betinho.&nbsp;<\/p>\n\n\n\n<p>&nbsp; &nbsp; &nbsp;&nbsp;&nbsp;&nbsp;&nbsp; Matilda foi at\u00e9 um c\u00f4modo da casa, enquanto a fiquei aguardando em p\u00e9. A gorda e a artista me fitavam de cima a baixo, como se estivessem escolhendo o pr\u00f3ximo modelito. Meu rosto come\u00e7ou a pegar fogo, com certeza completamente vermelho, como ainda acontece sempre que fico envergonhado por algo.&nbsp;<\/p>\n\n\n\n<p>&nbsp; &nbsp; &nbsp;&nbsp;&nbsp;&nbsp;&nbsp; N\u00e3o sei quanto tempo depois a velha voltou com um pacote. No entanto, pareceu-me uma eternidade. A minha vontade era sair correndo dali. Mas a bonitona, que continuava me encarando com aqueles olhos enormes, quis saber quem eu era.<\/p>\n\n\n\n<p>&nbsp; &nbsp; &nbsp;&nbsp;&nbsp;&nbsp;&nbsp; \u2014 \u00c9 o Betinho, filho da Mariana, que mora no final da rua.&nbsp;<\/p>\n\n\n\n<p>&nbsp; &nbsp; &nbsp;&nbsp;&nbsp;&nbsp;&nbsp; Se eu disse alguma coisa, n\u00e3o me lembro, mas bem sei que ela n\u00e3o tirava aqueles olhos de mim. O rosto, frio como o de uma loira platinada de Hitchcock, come\u00e7ou a me provocar calafrios. E, antes que eu pudesse fazer algo, eis que algu\u00e9m deu dois toques na porta, o suficiente para que Matilda fosse ver quem era.&nbsp;<\/p>\n\n\n\n<p>&nbsp; &nbsp; &nbsp;&nbsp;&nbsp;&nbsp;&nbsp; Solange, antiga moradora do bairro, entrou toda sorridente. Matilda me entregou o pacote com a an\u00e1gua da minha m\u00e3e, enquanto aproveitei a porta aberta e sa\u00ed, mas n\u00e3o antes de escutar o seguinte interl\u00fadio, que ainda hoje me corr\u00f3i de curiosidade.<\/p>\n\n\n\n<p>&nbsp; &nbsp; &nbsp;&nbsp;&nbsp;&nbsp;&nbsp; \u2014 Solange, vou passar um cafezinho.&nbsp;<\/p>\n\n\n\n<p>&nbsp; &nbsp; &nbsp;&nbsp;&nbsp;&nbsp;&nbsp; \u2014 N\u00e3o precisa, Matilda. Vim aqui apenas para lhe deixar esse vestido para ajustar.<\/p>\n\n\n\n<p>&nbsp; &nbsp; &nbsp;&nbsp;&nbsp;&nbsp;&nbsp; \u2014 Mas voc\u00ea aceita uma fofoca?<\/p>\n\n\n\n<h3 class=\"wp-block-heading has-text-align-center\">Eduardo Cesario-Mart\u00ednez<\/h3>\n\n\n\n<div class=\"wp-block-columns is-layout-flex wp-container-core-columns-is-layout-9d6595d7 wp-block-columns-is-layout-flex\">\n<div class=\"wp-block-column is-layout-flow wp-block-column-is-layout-flow\">\n<h3 class=\"wp-block-heading has-text-align-center has-electric-grass-gradient-background has-background\"><a href=\"https:\/\/www.facebook.com\/eduardo.martinez.100302?locale=pt_BR\" target=\"_blank\" rel=\"noopener\" title=\"Facebook\">Facebook<\/a><\/h3>\n<\/div>\n\n\n\n<div class=\"wp-block-column is-layout-flow wp-block-column-is-layout-flow\">\n<h3 class=\"wp-block-heading has-text-align-center has-electric-grass-gradient-background has-background\"><a href=\"https:\/\/www.instagram.com\/escritoreduardomartinez\/\" title=\"Instagram\">Instagram<\/a><\/h3>\n<\/div>\n<\/div>\n\n\n\n<p><a href=\"https:\/\/jornalrol.com.br\/\" title=\"Voltar\">Voltar<\/a><\/p>\n\n\n\n<p><a href=\"https:\/\/www.facebook.com\/JCulturalrol\/\" title=\"Facebook\">Facebook<\/a><\/p>\n","protected":false},"excerpt":{"rendered":"<p>N\u00e3o foi muito antes de contemplar meus primeiros pelos debaixo do nariz. Talvez, pelo longo espa\u00e7o temporal, eu esteja cometendo uma pequena falha de meses&#8230;<\/p>\n","protected":false},"author":6,"featured_media":80427,"comment_status":"open","ping_status":"closed","sticky":false,"template":"","format":"standard","meta":{"_jetpack_newsletter_access":"","_jetpack_dont_email_post_to_subs":false,"_jetpack_newsletter_tier_id":0,"_jetpack_memberships_contains_paywalled_content":false,"_jetpack_memberships_contains_paid_content":false,"footnotes":""},"categories":[9607,9285],"tags":[16782,16784,16783],"class_list":["post-80426","post","type-post","status-publish","format-standard","has-post-thumbnail","hentry","category-contos","category-literatura","tag-anagua","tag-embaraco","tag-fofoca"],"aioseo_notices":[],"views":153,"jetpack_featured_media_url":"https:\/\/jornalrol.com.br\/wp-content\/uploads\/2026\/04\/31a257bb-2cae-4bd3-b707-349ec5800d44.jpg","jetpack_sharing_enabled":true,"jetpack_likes_enabled":true,"jetpack-related-posts":[{"id":77844,"url":"https:\/\/jornalrol.com.br\/?p=77844","url_meta":{"origin":80426,"position":0},"title":"II Pr\u00eamio Personalidades Liter\u00e1rias e Culturais 2025","author":"Sergio Diniz da Costa","date":"14 de janeiro de 2026","format":false,"excerpt":"O escritor e colunista carioca Eduardo Mart\u00ednez foi anunciado como um dos vencedores do II Pr\u00eamio Personalidades Liter\u00e1rias e Culturais 2025. A premia\u00e7\u00e3o...","rel":"","context":"Em &quot;Literatura&quot;","block_context":{"text":"Literatura","link":"https:\/\/jornalrol.com.br\/?cat=9285"},"img":{"alt_text":"II Pr\u00eamio Personalidades Liter\u00e1rias e Culturais 2025","src":"https:\/\/i0.wp.com\/jornalrol.com.br\/wp-content\/uploads\/2026\/01\/5f7a8a19-7f53-4b7f-b4a3-735eaaa93751.jpg?resize=350%2C200&ssl=1","width":350,"height":200,"srcset":"https:\/\/i0.wp.com\/jornalrol.com.br\/wp-content\/uploads\/2026\/01\/5f7a8a19-7f53-4b7f-b4a3-735eaaa93751.jpg?resize=350%2C200&ssl=1 1x, https:\/\/i0.wp.com\/jornalrol.com.br\/wp-content\/uploads\/2026\/01\/5f7a8a19-7f53-4b7f-b4a3-735eaaa93751.jpg?resize=525%2C300&ssl=1 1.5x, https:\/\/i0.wp.com\/jornalrol.com.br\/wp-content\/uploads\/2026\/01\/5f7a8a19-7f53-4b7f-b4a3-735eaaa93751.jpg?resize=700%2C400&ssl=1 2x"},"classes":[]},{"id":79539,"url":"https:\/\/jornalrol.com.br\/?p=79539","url_meta":{"origin":80426,"position":1},"title":"Caio Fernando Abreu e o Van Gogh da minha mulher","author":"Eduardo Mart\u00ednez","date":"25 de mar\u00e7o de 2026","format":false,"excerpt":"Eis que estava aqui no aconchego da sala admirando a r\u00e9plica quase original de 'Os L\u00edrios', famoso quadro de Van Gogh, quando a minha esposa, a Dona Irene...","rel":"","context":"Em &quot;Cr\u00f4nicas&quot;","block_context":{"text":"Cr\u00f4nicas","link":"https:\/\/jornalrol.com.br\/?cat=9392"},"img":{"alt_text":"Eduardo Cesario-Mart\u00ednez. Foto por Irene Oliveira","src":"https:\/\/i0.wp.com\/jornalrol.com.br\/wp-content\/uploads\/2025\/12\/7EB822FD-90B1-44D4-A567-7E7490FD3E6E-1-2-scaled-1.jpg?resize=350%2C200&ssl=1","width":350,"height":200,"srcset":"https:\/\/i0.wp.com\/jornalrol.com.br\/wp-content\/uploads\/2025\/12\/7EB822FD-90B1-44D4-A567-7E7490FD3E6E-1-2-scaled-1.jpg?resize=350%2C200&ssl=1 1x, https:\/\/i0.wp.com\/jornalrol.com.br\/wp-content\/uploads\/2025\/12\/7EB822FD-90B1-44D4-A567-7E7490FD3E6E-1-2-scaled-1.jpg?resize=525%2C300&ssl=1 1.5x, https:\/\/i0.wp.com\/jornalrol.com.br\/wp-content\/uploads\/2025\/12\/7EB822FD-90B1-44D4-A567-7E7490FD3E6E-1-2-scaled-1.jpg?resize=700%2C400&ssl=1 2x, https:\/\/i0.wp.com\/jornalrol.com.br\/wp-content\/uploads\/2025\/12\/7EB822FD-90B1-44D4-A567-7E7490FD3E6E-1-2-scaled-1.jpg?resize=1050%2C600&ssl=1 3x, https:\/\/i0.wp.com\/jornalrol.com.br\/wp-content\/uploads\/2025\/12\/7EB822FD-90B1-44D4-A567-7E7490FD3E6E-1-2-scaled-1.jpg?resize=1400%2C800&ssl=1 4x"},"classes":[]},{"id":79662,"url":"https:\/\/jornalrol.com.br\/?p=79662","url_meta":{"origin":80426,"position":2},"title":"O velho e o devaneio","author":"Eduardo Mart\u00ednez","date":"30 de mar\u00e7o de 2026","format":false,"excerpt":"Acabei de voltar da rua. Fui comprar meio quilo de cebola, um de tomate, al\u00e9m de algumas batatas. Demorei mais do que de costume, mas Arlete, minha esposa...","rel":"","context":"Em &quot;Contos&quot;","block_context":{"text":"Contos","link":"https:\/\/jornalrol.com.br\/?cat=9607"},"img":{"alt_text":"Imagem gerada pelo ChatGPT - https:\/\/chatgpt.com\/c\/69ca692f-f6b0-83e9-a096-54d7d9bdf73a","src":"https:\/\/i0.wp.com\/jornalrol.com.br\/wp-content\/uploads\/2026\/03\/a3c97d1e-66cf-4d7a-a6e9-9c2538d68ca4-1.jpg?resize=350%2C200&ssl=1","width":350,"height":200,"srcset":"https:\/\/i0.wp.com\/jornalrol.com.br\/wp-content\/uploads\/2026\/03\/a3c97d1e-66cf-4d7a-a6e9-9c2538d68ca4-1.jpg?resize=350%2C200&ssl=1 1x, https:\/\/i0.wp.com\/jornalrol.com.br\/wp-content\/uploads\/2026\/03\/a3c97d1e-66cf-4d7a-a6e9-9c2538d68ca4-1.jpg?resize=525%2C300&ssl=1 1.5x, https:\/\/i0.wp.com\/jornalrol.com.br\/wp-content\/uploads\/2026\/03\/a3c97d1e-66cf-4d7a-a6e9-9c2538d68ca4-1.jpg?resize=700%2C400&ssl=1 2x"},"classes":[]},{"id":77179,"url":"https:\/\/jornalrol.com.br\/?p=77179","url_meta":{"origin":80426,"position":3},"title":"No Quadro do Jornal ROL, Eduardo Cesario-Mart\u00ednez!","author":"Sergio Diniz da Costa","date":"8 de dezembro de 2025","format":false,"excerpt":"Eduardo Mart\u00ednez, \u201ccom um sorriso permanente nos l\u00e1bios\u201d, \u00e9 um premiado escritor carioca, atualmente radicado em Porto alegre, cidade pela qual \u00e9 apaixonado","rel":"","context":"Em &quot;Apresenta\u00e7\u00e3o de colunista&quot;","block_context":{"text":"Apresenta\u00e7\u00e3o de colunista","link":"https:\/\/jornalrol.com.br\/?cat=10981"},"img":{"alt_text":"Eduardo Cesario-Mart\u00ednez. Foto por Irene Oliveira","src":"https:\/\/i0.wp.com\/jornalrol.com.br\/wp-content\/uploads\/2025\/12\/7EB822FD-90B1-44D4-A567-7E7490FD3E6E-1-2-scaled-1.jpg?resize=350%2C200&ssl=1","width":350,"height":200,"srcset":"https:\/\/i0.wp.com\/jornalrol.com.br\/wp-content\/uploads\/2025\/12\/7EB822FD-90B1-44D4-A567-7E7490FD3E6E-1-2-scaled-1.jpg?resize=350%2C200&ssl=1 1x, https:\/\/i0.wp.com\/jornalrol.com.br\/wp-content\/uploads\/2025\/12\/7EB822FD-90B1-44D4-A567-7E7490FD3E6E-1-2-scaled-1.jpg?resize=525%2C300&ssl=1 1.5x, https:\/\/i0.wp.com\/jornalrol.com.br\/wp-content\/uploads\/2025\/12\/7EB822FD-90B1-44D4-A567-7E7490FD3E6E-1-2-scaled-1.jpg?resize=700%2C400&ssl=1 2x, https:\/\/i0.wp.com\/jornalrol.com.br\/wp-content\/uploads\/2025\/12\/7EB822FD-90B1-44D4-A567-7E7490FD3E6E-1-2-scaled-1.jpg?resize=1050%2C600&ssl=1 3x, https:\/\/i0.wp.com\/jornalrol.com.br\/wp-content\/uploads\/2025\/12\/7EB822FD-90B1-44D4-A567-7E7490FD3E6E-1-2-scaled-1.jpg?resize=1400%2C800&ssl=1 4x"},"classes":[]},{"id":78316,"url":"https:\/\/jornalrol.com.br\/?p=78316","url_meta":{"origin":80426,"position":4},"title":"Tertuliano e as bergamotas","author":"Eduardo Mart\u00ednez","date":"7 de fevereiro de 2026","format":false,"excerpt":"Tertuliano tinha compuls\u00e3o por tangerina, que conhecia por bergamota, mas preferia chamar de berga. De tantas que devorava, a m\u00e3e profetizou: \"Daqui a pouco...","rel":"","context":"Em &quot;Contos&quot;","block_context":{"text":"Contos","link":"https:\/\/jornalrol.com.br\/?cat=9607"},"img":{"alt_text":"Imagem criada por IA da Gemini - 07 de fevereiro de 2026, `s 1:38 AM","src":"https:\/\/i0.wp.com\/jornalrol.com.br\/wp-content\/uploads\/2026\/02\/IMG_0963.jpg?resize=350%2C200&ssl=1","width":350,"height":200,"srcset":"https:\/\/i0.wp.com\/jornalrol.com.br\/wp-content\/uploads\/2026\/02\/IMG_0963.jpg?resize=350%2C200&ssl=1 1x, https:\/\/i0.wp.com\/jornalrol.com.br\/wp-content\/uploads\/2026\/02\/IMG_0963.jpg?resize=525%2C300&ssl=1 1.5x, https:\/\/i0.wp.com\/jornalrol.com.br\/wp-content\/uploads\/2026\/02\/IMG_0963.jpg?resize=700%2C400&ssl=1 2x"},"classes":[]},{"id":78734,"url":"https:\/\/jornalrol.com.br\/?p=78734","url_meta":{"origin":80426,"position":5},"title":"Eduardo Cesario-Mart\u00ednez","author":"Sergio Diniz da Costa","date":"26 de fevereiro de 2026","format":false,"excerpt":"O cen\u00e1rio intelectual brasileiro testemunha o surgimento de figuras que desafiam a especializa\u00e7\u00e3o r\u00edgida, e Eduardo Mart\u00ednez destaca-se como um exemplo...","rel":"","context":"Em &quot;Literatura&quot;","block_context":{"text":"Literatura","link":"https:\/\/jornalrol.com.br\/?cat=9285"},"img":{"alt_text":"Autor\/Imagem: Carolina Paiva - Foto Acervo Pessoal","src":"https:\/\/i0.wp.com\/jornalrol.com.br\/wp-content\/uploads\/2026\/02\/IMG_1287-1.jpg?resize=350%2C200&ssl=1","width":350,"height":200,"srcset":"https:\/\/i0.wp.com\/jornalrol.com.br\/wp-content\/uploads\/2026\/02\/IMG_1287-1.jpg?resize=350%2C200&ssl=1 1x, https:\/\/i0.wp.com\/jornalrol.com.br\/wp-content\/uploads\/2026\/02\/IMG_1287-1.jpg?resize=525%2C300&ssl=1 1.5x, https:\/\/i0.wp.com\/jornalrol.com.br\/wp-content\/uploads\/2026\/02\/IMG_1287-1.jpg?resize=700%2C400&ssl=1 2x, https:\/\/i0.wp.com\/jornalrol.com.br\/wp-content\/uploads\/2026\/02\/IMG_1287-1.jpg?resize=1050%2C600&ssl=1 3x"},"classes":[]}],"_links":{"self":[{"href":"https:\/\/jornalrol.com.br\/index.php?rest_route=\/wp\/v2\/posts\/80426","targetHints":{"allow":["GET"]}}],"collection":[{"href":"https:\/\/jornalrol.com.br\/index.php?rest_route=\/wp\/v2\/posts"}],"about":[{"href":"https:\/\/jornalrol.com.br\/index.php?rest_route=\/wp\/v2\/types\/post"}],"author":[{"embeddable":true,"href":"https:\/\/jornalrol.com.br\/index.php?rest_route=\/wp\/v2\/users\/6"}],"replies":[{"embeddable":true,"href":"https:\/\/jornalrol.com.br\/index.php?rest_route=%2Fwp%2Fv2%2Fcomments&post=80426"}],"version-history":[{"count":3,"href":"https:\/\/jornalrol.com.br\/index.php?rest_route=\/wp\/v2\/posts\/80426\/revisions"}],"predecessor-version":[{"id":80430,"href":"https:\/\/jornalrol.com.br\/index.php?rest_route=\/wp\/v2\/posts\/80426\/revisions\/80430"}],"wp:featuredmedia":[{"embeddable":true,"href":"https:\/\/jornalrol.com.br\/index.php?rest_route=\/wp\/v2\/media\/80427"}],"wp:attachment":[{"href":"https:\/\/jornalrol.com.br\/index.php?rest_route=%2Fwp%2Fv2%2Fmedia&parent=80426"}],"wp:term":[{"taxonomy":"category","embeddable":true,"href":"https:\/\/jornalrol.com.br\/index.php?rest_route=%2Fwp%2Fv2%2Fcategories&post=80426"},{"taxonomy":"post_tag","embeddable":true,"href":"https:\/\/jornalrol.com.br\/index.php?rest_route=%2Fwp%2Fv2%2Ftags&post=80426"}],"curies":[{"name":"wp","href":"https:\/\/api.w.org\/{rel}","templated":true}]}}